{"id":786817,"date":"2019-01-10T08:34:50","date_gmt":"2019-01-10T08:34:50","guid":{"rendered":"https:\/\/www.pressenza.com\/?p=786817"},"modified":"2019-04-19T09:20:39","modified_gmt":"2019-04-19T08:20:39","slug":"dalle-dimostrazioni-alla-rivoluzione","status":"publish","type":"post","link":"https:\/\/www.pressenza.com\/it\/2019\/01\/dalle-dimostrazioni-alla-rivoluzione\/","title":{"rendered":"Dall&#8217;effetto dimostrazione alla rivoluzione?"},"content":{"rendered":"<p>Da 8 settimane, ogni sabato nelle piccole e grandi citt\u00e0 di tutta la Francia la gente si \u00e8 mobilitata in manifestazioni, o in piccoli gruppi alle rotatorie e ai caselli autostradali, dove vogliono far conoscere le loro lamentele e le loro rivendicazioni, e iniziare a sviluppare diversi tipi di azioni.<\/p>\n<p>Ci\u00f2 che era stato preso come una manifestazione senza futuro si sta gradualmente trasformando in un movimento che lotta per la Democrazia reale.<\/p>\n<p>Ma oggi che coltiviamo solo il culto del momento e l&#8217;assenza di prospettiva, gli aneddoti sostituiscono l&#8217;analisi di fondo, le visioni politicizzate sostituiscono il punto di vista sociologico, il sensazionale maschera le ragioni profonde. E quando si sospetta la portata e la forza del fenomeno, allora l&#8217;informazione viene manipolata, diventa falsa e grossolana fino ai pi\u00f9 alti livelli dello stato. E pubblicamente, in occasione dei suoi &#8220;auguri&#8221; al popolo, il presidente della Repubblica apostrofa come &#8220;folle odiose&#8221; i giubbotti gialli mobilitati in gran numero. Cecit\u00e0 totale o calunnia comprovata?<\/p>\n<p>Ci proponiamo qui di dare uno sguardo ai contesti pi\u00f9 ampi e sviluppare una visione pi\u00f9 globale e in progresso. Forse da ci\u00f2 potremmo delineare le prospettive future di questo movimento senza precedenti.<\/p>\n<p><b>Il contesto<\/b><\/p>\n<p>Non ricorderemo qui il contesto pi\u00f9 ampio della caduta delle ideologie, l&#8217;assenza di progetti sociali, l&#8217;antiumanesimo crescente da tutte le parti, la finanza che governa il mondo diffondendo la povert\u00e0, la violenza in tutte le sue forme e l&#8217;odio.<\/p>\n<p>Vogliamo solo osservare un contesto pi\u00f9 recente e specifico della Francia:<\/p>\n<p><b>La sera del 29 maggio 2005, la maggioranza dei francesi respinse il trattato che istituiva una Costituzione per l&#8217;Europa, dicendo: &#8220;No, non continueremo su questa strada&#8221;.<\/b> I francesi, come altri cittadini europei, lanciano un avvertimento senza precedenti alle istituzioni di Bruxelles e ai partiti politici.<\/p>\n<p>Tuttavia, questa costituzione doveva essere solo una formalit\u00e0. Nella primavera del 2004, i pronostici erano molto favorevoli per il &#8220;s\u00ec&#8221;. I due principali partiti politici, l&#8217;UMP [Union pour un Mouvement Populaire &#8211; classificato a destra e centro-destra] e il PS [Parti Socialiste &#8211; di sinistra e centro-sinistra], sono a favore in maggioranza. Quel testo, tutto fatto di compromessi e bizantinismi istituzionali, doveva passare come una lettera all&#8217;ufficio postale. Almeno, questo \u00e8 quello che tutti immaginavano: politici, osservatori, giornalisti, agenzie demoscopiche&#8230; Ma i francesi hanno preso in mano il dibattito che ha permesso loro di porre domande fondamentali sull&#8217;economia, la democrazia e le istituzioni. Questa agor\u00e0 \u00e8 durata un anno, dall&#8217;annuncio del referendum al giorno del voto. Una sequenza politica memorabile durante la quale sono stati espressi i timori di una Francia gi\u00e0 immersa nella crisi economica e sociale.<\/p>\n<p>Quel &#8220;no&#8221; le istituzioni europee lo accetteranno per un certo tempo e lo dimenticheranno rapidamente con trattati sostitutivi, contro la volont\u00e0 popolare. Questa negazione di democrazia segner\u00e0 le istituzioni europee con un ferro rovente. E&#8217; a quell&#8217;Europa, tecnocratica e liberista, anzi ultra-liberista, che i francesi hanno detto no nel maggio 2005. [1]<\/p>\n<p>Da allora, in Francia prevalgono due tendenze:<\/p>\n<ul>\n<li>che senso ha votare se il nostro voto non viene rispettato? Che senso ha protestare se non ci ascoltano su niente?<\/li>\n<li>lotta continua per proteggere i diritti e ripristinare la democrazia.<\/li>\n<\/ul>\n<p>La prima tendenza, alimentata da una stampa falsa e manipolativa, pompata quotidianamente da uno sfrenato incitamento al consumo, dall&#8217;ipnosi delle folle, prevale per 15 anni.<\/p>\n<p>Ma i francesi hanno la Rivoluzione Francese nella loro storia, nelle profondit\u00e0 del loro paesaggio di formazione. Molti hanno dimenticato i dettagli della storia e gli eventi specifici. Ma tutti hanno tenuto a mente: il popolo ribelle pu\u00f2 rovesciare la monarchia. \u00c8<em> il potere del popolo<\/em> che resta nella memoria collettiva.<\/p>\n<p>In quella memoria c&#8217;\u00e8 anche la &#8220;resistenza&#8221; organizzata per 4 lunghi anni durante l&#8217;occupazione tedesca, resistenza al rischio della vita e di quella dei propri cari.<\/p>\n<p>Molti dei precedenti pi\u00f9 recenti di mobilitazione popolare sono stati sottovalutati: il movimento degli Indignati in Spagna, o 15M (15 maggio 2011) \u00e8 conosciuto in Francia, in particolare durante il primo raduno mondiale del 15 ottobre, ma i gruppi saranno dispersi dalla polizia e la stampa far\u00e0 il suo lavoro manipolativo di discredito. Nel 2012 questa ondata sociale sembra essere scomparsa. \u00c8 riapparsa qualche anno dopo, nel 2015 e nel 2016, con manifestazioni e scioperi, sotto la forma delle <i><b>Nuits Debout <\/b><\/i>[Una serie di manifestazioni nelle piazze pubbliche, che ha avuto inizio il 31 marzo 2016 a seguito di una manifestazione per rigettare la Legge-Lavoro (simile al Jobs-Act italiano &#8211; NdT). Quella dinamica si estese a una pi\u00f9 globale contestazione delle istituzioni politiche e del sistema economico], le cui manifestazioni saranno pure disperse dalla forze dell&#8217;ordine.<br \/>\nNel 2016 e 2017, gruppi ancora pi\u00f9 screditati o ignorati sono comunque notevoli: gli incontri di Jean-Luc M\u00e9lenchon e la nascente France Insoumise (Francia indomita) riuniscono decine e decine di migliaia di persone, andando oltre le 100.000 in alcune citt\u00e0 francesi&#8230;<\/p>\n<p>Quello che covava l\u00ec, nelle case, nelle citt\u00e0 e nelle campagne, era davvero un braciere&#8230; e venti violenti hanno soffiato sulla brace: il presidente appena eletto mostrava in modo ostentato, da un lato il suo disprezzo per il popolo (segnato da molte battute odiose verso la &#8220;gente piccola&#8221;) e, dall&#8217;altro la sua ferma determinazione a porre fine alle conquiste sociali &#8220;<i>che costano una cifra pazzesca&#8221;!<\/i> \u00bb. Le misure prese a tutta velocit\u00e0 attaccano direttamente le persone: disabili, pensionati, studenti, disoccupati, lavoratori&#8230; Le dimostrazioni e le mobilitazioni riprendono sul serio: per difendere il diritto al lavoro, per proteggere i trasporti pubblici, per salvare ci\u00f2 che resta del servizio pubblico (ospedali, scuole, universit\u00e0). Migliaia di persone per le strade. La risposta politica: arroganza e disprezzo mostrati pubblicamente, fino ai microfoni della stampa estera.<\/p>\n<p>Cos\u00ec l&#8217;aumento delle tasse sui carburanti non ha agito che come una scintilla su braciere gi\u00e0 acceso di rabbia accumulata, di disperazione ignorata, di sofferenza negata.<\/p>\n<p>Dalla prima mobilitazione in novembre, l&#8217;effetto dimostrativo si compie nella misura in cui conferma:<\/p>\n<ul>\n<li>La capacit\u00e0 dei francesi di mobilitarsi, quando sopraffatti da tanta ingiustizia sociale,<\/li>\n<li>Che Parigi non \u00e8 la Francia e che la forza \u00e8 nelle sue citt\u00e0 di provincia!<\/li>\n<li>Che i media mentono senza ritegno per proteggere la nuova monarchia.<\/li>\n<\/ul>\n<p>L&#8217;ondata avrebbe forse potuto essere contenuta in quel momento se il governo avesse risposto favorevolmente alla richiesta specifica dei cittadini (eliminazione delle tasse sul carburante). Invece la derisione e la manipolazione hanno moltiplicato la rabbia, ma anche e soprattutto la consapevolezza.<\/p>\n<p><b>Movimento di presa di coscienza<\/b><\/p>\n<p>Indossando un giubbotto giallo che non rientra in nessuna etichetta ma ha il grande vantaggio di dare molta visibilit\u00e0, la gente comincia a radunarsi intorno allo scontento e, presto, intorno all&#8217;identit\u00e0 di un popolo che il Presidente, il suo governo e in definitiva &#8220;i potenti&#8221; prendono in giro. Anche molto rapidamente questo movimento vuole essere senza forma, senza rappresentanti, senza verticalit\u00e0 di sorta, acefalo e polimorfo. Ilcittadino comune si ritrova alle rotatorie delle citt\u00e0 dove vive, blocca il traffico, e l\u00ec si fa megafono e vetrina della miseria in Francia: povert\u00e0 con o senza lavoro, pensioni insufficienti, oneri eccessivi, tasse ingiuste. Le persone si parlano, si scoprono, si riconoscono e imparano a stare insieme al di l\u00e0 delle loro divergenze di opinione.<\/p>\n<p>Durante le prime settimane, c&#8217;\u00e8 ancora un senso di appartenenza corporativa e si vedono tassisti, studenti, infermieri e persino avvocati che indossano il giubbotto giallo e &#8220;sostengono&#8221; il movimento.<\/p>\n<p>Ma molto rapidamente si organizzano anche assemblee popolari: si discute, si raccolgono informazioni, si cerca, si chiede, si impara&#8230; SI DIVIENE CONSAPEVOLI!<\/p>\n<p>Cos\u00ec ci mettiamo il GJ [Gilet Giallo] e diciamo: &#8220;noi&#8221; siamo il popolo, &#8220;noi&#8221; vogliamo riconquistare il controllo sulle nostre vite.<\/p>\n<p><img loading=\"lazy\" decoding=\"async\" class=\"alignnone wp-image-786820 aligncenter\" src=\"https:\/\/www.pressenza.com\/wp-content\/uploads\/2019\/01\/GJ1-229x300.png\" alt=\"\" width=\"703\" height=\"922\" srcset=\"https:\/\/www.pressenza.com\/wp-content\/uploads\/2019\/01\/GJ1-229x300.png 229w, https:\/\/www.pressenza.com\/wp-content\/uploads\/2019\/01\/GJ1.png 549w\" sizes=\"auto, (max-width: 703px) 100vw, 703px\" \/><\/p>\n<p style=\"text-align: center;\">\u00a0Mobilitazione del 5 gennaio in alcune citt\u00e0 francesi.<\/p>\n<p><b>Il ruolo della stampa mainstream<\/b><\/p>\n<p>Svolger\u00e0 un ruolo importante nell&#8217;amplificare l&#8217;onda. Ma qui non agisce come il contropotere che pretende di essere. E&#8217; al servizio di questo potere, fornendo solo informazioni parziali e partigiane, e molto spesso false: le cifre della mobilitazione sono ridotte in modo ridicolo (da diverse centinaia di migliaia di persone per le strade a poche decine di migliaia annunciate dai media mainstream), le immagini trasmesse a ripetizione mostrano solo &#8220;teppisti in giallo&#8221;, vanno in onda a degradare e insultare le persone di questo movimento. Questa estrema manipolazione delle informazioni aumenter\u00e0 la rabbia. Inoltre si comincia a sospettare una manipolazione orchestrata da molto pi\u00f9 in alto durante il raduno del 2 dicembre dove alcuni individui (chi sono?) attaccano l&#8217;Arco di Trionfo. La demonizzazione diviene grottesca. Ma nessuna strategia funzioner\u00e0: n\u00e9 la diffamazione (movimento di estrema destra), n\u00e9 la manipolazione dell&#8217;immagine (folla odiosa e violenta), n\u00e9 il riferimento a figure discutibili e contestate come leader del movimento, n\u00e9 i presunti tentativi di recupero politico e sindacale, n\u00e9 la paura (repressione poliziesca) soffocheranno il popolo. Tuttavia, crederanno di farcela con uno scenario di opposizione molto chiaro: &#8220;Cittadino, non andarci: \u00e8 ad alto rischio, \u00e8 pericoloso&#8230;&#8221;<\/p>\n<p>Queste esagerazioni porteranno la gente ad un&#8217;altra consapevolezza: chi ancora credeva che &#8220;quello che vediamo in TV pu\u00f2 solo essere vero&#8221;, eccoli qui a migliaia a rendersi conto che tutto \u00e8 menzogna e manipolazione! L&#8217;esasperazione \u00e8 al suo apice.<\/p>\n<p>La stampa, da parte sua, continua a fingere di ignorare il fatto che una grande maggioranza della popolazione, anche quando non si mobilita per strada, sostiene questo movimento, perch\u00e9 una grande maggioranza si riconosce nelle sue rivendicazioni e richieste&#8230; che la stampa non trasmette, naturalmente.<\/p>\n<p><b>Le rivendicazioni dei GJ [Gilet gialli]<\/b><\/p>\n<p>Erano inizialmente spontanei e gli slogan in strada catartici. Oggi, come risultato di molti incontri e assemblee di cittadini, vengono consolidate, rafforzate e ampliate, e chiarite fino al punto di essere scritte.<\/p>\n<p>Ecco un esempio, ampiamente distribuito nelle reti sociali (che \u00e8 la principale fonte di informazione e organizzazione), in 21 punti, che mostrano soprattutto il feroce desiderio di maggiore giustizia: giustizia democratica, fiscale, economica e sociale e un &#8220;potere d&#8217;acquisto&#8221; che permetta di passare dalla sopravvivenza alla vita[2].<\/p>\n<p align=\"CENTER\">LE PRIME RIVENDICAZIONI DEI GILET GIALLI<\/p>\n<p>POTERE D&#8217;ACQUISTO<\/p>\n<p>1 &#8211; SMIC (salario minimo) a 1300 euro netti.<br \/>\n&#8211; Nessun pensionamento al di sotto dei 1200 euro.<\/p>\n<p>2 Gli stipendi, le pensioni e le indennit\u00e0 devono essere indicizzati all&#8217;inflazione.<\/p>\n<p>3 &#8211; Stipendio massimo fissato a 15.000 euro.<\/p>\n<p>&#8211; Limitare il divario salariale a 1 a 20 nelle aziende.<\/p>\n<p>4 &#8211; Aumento dei sussidi di invalidit\u00e0 e di disoccupazione.<\/p>\n<p>&#8211; Ritiro della CSG sulle pensioni. (CSG, contributo sociale generalizzato, \u00e8 un prelievo<\/p>\n<p>obbligatorio, che partecipa al finanziamento della sicurezza sociale e, dal 2018,<\/p>\n<p>dell&#8217;assicurazione contro la disoccupazione, in luogo dei contributi dedotti dai salari).<\/p>\n<p>GIUSTIZIA FISCALE<\/p>\n<p>5 Imposta sul reddito pi\u00f9 progressiva (pi\u00f9 fasce per i pi\u00f9 ricchi).<\/p>\n<p>6 &#8211; Ripristino dell&#8217;ISF. (ISF, imposta patrimoniale, pagata da persone fisiche e coppie che<\/p>\n<p>detengono un patrimonio superiore a 1,3 milioni di euro. L&#8217;ISF diminuir\u00e0 nel 2019, il che<\/p>\n<p>comporta un deficit di bilancio di 4 miliardi di euro).<br \/>\n&#8211; Fine del CICE per finanziare il potere d&#8217;acquisto. (Dal 2013 sono stati concessi 20 miliardi<\/p>\n<p>di euro all&#8217;anno alle imprese, nell&#8217;ambito di un sostegno chiamato CICE. Sar\u00e0 abolito nel<\/p>\n<p>2019 e sostituito da una riduzione dei contributi sociali a carico delle imprese. Ci\u00f2 comporta<\/p>\n<p>un deficit di 20 miliardi di euro nel bilancio 2019).<\/p>\n<p>7 &#8211; Stipendio massimo fissato a 15.000 euro.<\/p>\n<p>&#8211; Limitare il divario salariale a 1 a 20 nelle aziende.<\/p>\n<p>8 &#8211; Recuperare 80 miliardi di evasione fiscale\/frode.<\/p>\n<p>&#8211; Imposta sull&#8217;olio combustibile per uso marittimo e sul cherosene.<\/p>\n<p>GIUSTIZIA DEMOCRATICA<\/p>\n<p>9 Referendum propositivo dei cittadini.<\/p>\n<p>10 Referendum revocativo dei rappresentanti eletti che non hanno rispettato i loro impegni.<\/p>\n<p>11 Fine delle indennit\u00e0 presidenziali a vita.<\/p>\n<p>12 &#8211; Ripristinare la proporzionalit\u00e0 nelle elezioni legislative e comunali.<\/p>\n<p>&#8211; Referendum abrogativo se gli impegni non sono rispettati.<\/p>\n<p>GIUSTIZIA ECONOMICA<\/p>\n<p>13 Elettricit\u00e0, acqua e gas sono beni di prima necessit\u00e0. Essi devono tornare ad essere pubblici.<\/p>\n<p>14 Divieto di vendita di beni immobili appartenenti alla Francia (dighe, aeroporti&#8230;)<\/p>\n<p>15 Proteggere l&#8217;industria francese, proibire le delocalizzazioni. Proteggere la nostra industria.<\/p>\n<p>16 Ampio piano di coibentazione degli alloggi. (Misura ecologica che fa risparmiare denaro<\/p>\n<p>alle famiglie).<\/p>\n<p>GIUSTIZIA SOCIALE<\/p>\n<p>18 &#8211; Zero SDF (Senzatetto): URGENTE.<\/p>\n<p>&#8211; Ripristinare la pensione a 60 anni a rendita piena.<\/p>\n<p>19 Il sistema pensionistico deve rimanere unitario, quindi socializzato. (No pensione a punti).<\/p>\n<p>20 Stesso sistema di sicurezza sociale per tutti (compresi gli artigiani e gli imprenditori autonomi).<\/p>\n<p>21 Limitazione dei canoni di affitto. Alloggi pi\u00f9 accessibili (soprattutto per studenti e lavoratori precari).<\/p>\n<p>&nbsp;<\/p>\n<p>Comunque, in strada e alle rotonde, lo slogan pi\u00f9 urlato dall&#8217;inizio del movimento rimane: <b>Macron dimission<\/b>.<\/p>\n<p>E sulla segnaletica e sulle mura cittadine: <b>RIC: Referendum d&#8217;Iniziativa dei Cittadini<\/b> (punto 9 della tabella).<\/p>\n<p>Pi\u00f9 chiare sono le richieste, maggiore \u00e8 la mobilitazione, pi\u00f9 viene in aiuto la simpatia del resto della popolazione: in un recente sondaggio, il 77% dei francesi sarebbe a favore del ritorno dell&#8217;ISF (Imposta sui Grandi Capitali) e l&#8217;80% a favore del RIC&#8230;<\/p>\n<p>Questo \u00e8 motivo di seria preoccupazione per il governo&#8230; che, costretto a notare la portata dell&#8217;insurrezione, sta perdendo terreno e sta rispondendo con la forza repressiva pi\u00f9 incontrollata che abbiamo mai sperimentato nella storia francese moderna.<\/p>\n<p><b>Violenza repressiva<\/b><\/p>\n<p>Attribuendosi la legittimit\u00e0 di una &#8220;ferma repressione&#8221; con il pretesto di rispondere alle violenze (danni materiali) prodotte da alcuni &#8220;guastatori&#8221;, la forza armata inviata sul campo \u00e8 senza precedenti. Non solo per numero di uomini dispiegati, ma soprattutto per attrezzature e metodi impiegati.<\/p>\n<p>Eppure il &#8220;Difensore dei diritti&#8221;[3], Jacques Toubon, certamente non &#8220;di sinistra&#8221;, lancia ripetuti allarmi. Ha appena pubblicato un rapporto &#8220;<i>il mantenimento dell&#8217;ordine con riguardo alle regole deontologiche<\/i>&#8220;[4], in cui si descrive molto chiaramente la pericolosit\u00e0 delle ULBDs (Flashball \u00e8 un&#8217;arma da fuoco subletale, che utilizza proiettili di gomma, progettati non per uccidere ma che possono causare gravi lesioni), il divieto deontologico di usare la forza quando non \u00e8 necessaria, l&#8217;accerchiamento di dimostranti non pericolosi, il pestaggio di dimostranti a terra, e gli arresti arbitrari di cittadini che non costituiscono un pericolo.<\/p>\n<p>Tuttavia, esempi contrari si moltiplicano, illustrati da decine di video, ampiamente diffusi sui social network.<\/p>\n<p>Ad oggi, 10 persone sono morte durante queste manifestazioni (per incidenti e una direttamente per repressione della polizia), ci sono pi\u00f9 di 4000 feriti gravi, tra cui decine di persone mutilate a vita: perdita di un occhio, fratture multiple della mascella, occhi irreversibilmente bruciati&#8230; Inoltre, 4570 arresti, per lo pi\u00f9 arbitrari.<\/p>\n<p>Le scene di violenza sono inaudite, a volte provenienti da agenti senza matricola, a volte da pi\u00f9 alti gradi (di comando): colpi multipli su una persona non armata e non protetta, scene di umiliazioni (con minorenni), tiro alla cieca (una vecchia signora uccisa mentre chiudeva le imposte) o tiro mirato (preferibilmente alla testa), reti di accerchiamento e lancio sistematico di gas, lanci di &#8220;acqua&#8221; con prodotti altamente tossici su donne, bambini, disabili, anziani&#8230;<\/p>\n<p>Alcuni osservatori stranieri sono allarmati. Amnesty International il 17 dicembre aveva gi\u00e0 redatto un rapporto esaustivo sull'&#8221;eccessivo uso della forza durante le dimostrazioni dei Gilet Gialli&#8221;[5], rilevando sia una sproporzione indescrivibile sia l&#8217;uso illegale di alcune &#8220;armi di deterrenza&#8221;. Da allora, tuttavia, la violenza illegittima e illegale della polizia \u00e8 ulteriormente aumentata.<\/p>\n<p>Il giornalista David Dufresne, sul suo account Twitter[6], organizza un&#8217;intera raccolta di segnalazioni e testimonia la divisione che sta avvenendo all&#8217;interno delle forze di polizia. Perch\u00e9 l\u00ec, come nei Gilet Gialli, si sta aprendo una profonda linea di demarcazione.<\/p>\n<p><b>La linea di demarcazione: violenza\/nonviolenza<\/b><\/p>\n<p>Alcuni membri delle Forze di polizia hanno a mente il motto della loro professione: <i>&#8220;pro patria vigilant&#8221;<\/i> (vigilare per la Patria) e la loro missione nel profondo della coscienza: \u201cLa missione delle forze di polizia \u00e8 la garanzia delle <a href=\"https:\/\/fr.wikipedia.org\/wiki\/Libert%C3%A9s_fondamentales\">libert\u00e0 individuali<\/a> e <a href=\"https:\/\/fr.wikipedia.org\/wiki\/Libert%C3%A9\">collettive<\/a>, la difesa delle <a href=\"https:\/\/fr.wikipedia.org\/wiki\/Institution_(sociologie)\">istituzioni della Repubblica<\/a>, il mantenimento della pace e dell&#8217;ordine pubblico e la protezione delle persone e dei beni\u201d.<\/p>\n<p>Vediamo la comparsa di video di denunce, obiezioni degli agenti sulla legittimit\u00e0 degli ordini che ricevono, le assenze per malattia in aumento come unica risposta legale possibile da parte loro, e in casi pi\u00f9 rari, rifiuti di obbedire. Abbiamo visto tentativi di dialogo e di fraternizzazione tra il GJ e la polizia. Alcuni iniziano a chiedere una salutare disobbedienza.<\/p>\n<p>Abbiamo soffocato (o pensato di soffocare?) questo piccolo soprassalto di consapevolezza con un bonus di 300 euro alla fine dell&#8217;anno per ogni agente, e per evitare possibili risvegli di coscienza, mandiamo le truppe all&#8217;assalto lontano dai luoghi in cui vivono. Misure insignificanti&#8230; e comunque inutili per rispondere alla fatica delle forze di polizia che per la prima volta si trovano ad affrontare &#8220;persone come loro&#8221;, che si lamentano della precariet\u00e0 alla quale il sistema attuale li conduce.<\/p>\n<p>Alcuni comandanti, ancora anonimi per il momento, testimoniano che non sanno pi\u00f9 cosa fare per preservare il &#8220;modello francese&#8221; di mantenimento dell&#8217;ordine pubblico. Questo &#8220;modello&#8221; si riferiva infatti all&#8217;etica internazionale: &#8220;il minor contatto possibile, nessun ricorso alla violenza senza necessit\u00e0 assoluta, promuovere la dis-tensione, nessun uso sproporzionato di armi di deterrenza, garantire la dis-tensione e il ritorno alla calma&#8221;.<\/p>\n<p>Ma di fronte a questa coscienza civica, stiamo anche assistendo allo scatenarsi di una polizia che \u00e8 andata fuori controllo. E l&#8217;aumento di repressione senza precedenti a cui stiamo assistendo sembra essere legittimata dai capi: i prefetti regionali e, al di sopra, il ministro degli Interni Castaner.<\/p>\n<p>Cos\u00ec, da una citt\u00e0 all&#8217;altra, i raduni assumono un aspetto completamente diverso: dove la polizia \u00e8 moderata e poco presente (per esempio Tarbes, Digione, ecc.), n\u00e9 danni n\u00e9 violenza. L\u00e0 dove arriva l&#8217;ordine di caricare, la fine dei raduni \u00e8 tragica.<\/p>\n<p>Lo stesso vale per i Gilet Gialli.<\/p>\n<p>La maggior parte di loro si riconosce e si afferma come un <b>movimento pacifico, nonviolento e benevolo<\/b>. Del resto, si moltiplicano i fatti e i gesti che lo attestano: organizzazione di incontri popolari e festosi, gesti di assistenza solidale, tentativi di dialogo con la polizia. Sono organizzati in piccoli gruppi chiamati &#8220;di serenit\u00e0&#8221;, composti da donne e persone di una certa et\u00e0, per regolare i cortei e calmare l&#8217;esasperazione. Essi mostrano la loro identit\u00e0 e i loro valori su tutti i cartelli.<\/p>\n<p><img loading=\"lazy\" decoding=\"async\" class=\" wp-image-786829 aligncenter\" src=\"https:\/\/www.pressenza.com\/wp-content\/uploads\/2019\/01\/Gj2-300x211.png\" alt=\"\" width=\"745\" height=\"524\" srcset=\"https:\/\/www.pressenza.com\/wp-content\/uploads\/2019\/01\/Gj2-300x211.png 300w, https:\/\/www.pressenza.com\/wp-content\/uploads\/2019\/01\/Gj2-768x541.png 768w, https:\/\/www.pressenza.com\/wp-content\/uploads\/2019\/01\/Gj2-720x507.png 720w, https:\/\/www.pressenza.com\/wp-content\/uploads\/2019\/01\/Gj2.png 828w\" sizes=\"auto, (max-width: 745px) 100vw, 745px\" \/><\/p>\n<p>Ma la sofferenza si esprime in modi diversi e per molte persone la rabbia ruggisce&#8230; e la negazione del governo, la sua insistenza nell&#8217;insultare la gente, \u00e8 un incitamento alla violenza. Come pu\u00f2 un Presidente della Repubblica parlare di un raduno di centinaia di migliaia di persone che chiedono un referendum d&#8217;iniziativa popolare in questi termini: &#8220;una folla odiosa, attaccano funzionari eletti, forze di polizia, giornalisti, ebrei, stranieri, omosessuali, \u00e8 semplicemente la negazione della Francia&#8230;&#8221;.<\/p>\n<p>Questo tipo di commento, proprio quando il nostro paese sta vivendo una delle situazioni sociali pi\u00f9 gravi che abbia mai vissuto, proprio quando sono le sue forze di polizia ad attaccare i pi\u00f9 deboli, rischia di scatenare la rabbia e la sua espressione violenta.<\/p>\n<p>Oggi, non sono pi\u00f9 solo i &#8220;guastatori&#8221; che rivendicano il diritto alla violenza, ma anche persone arrabbiate, esasperate, umiliate, che vogliono giustizia e risarcimento dei torti. La &#8220;violenza&#8221; dei GJ \u00e8 stigmatizzata dai media, i &#8220;colpevoli&#8221; immediatamente arrestati, processati, condannati, a volte arbitrariamente e senza fondamento, &#8220;come esempio&#8221;, mentre la violenza della polizia non \u00e8 affatto trasmessa, e se lo \u00e8, \u00e8 legittimata o banalizzata. Questa ingiustizia dittatoriale decuplica la rabbia dei manifestanti e gli appelli alla risposta violenta sono in aumento. Siamo entrati nel circolo vizioso della violenza.<\/p>\n<p><b>Dalla rivoluzione all&#8217;evoluzione<\/b><\/p>\n<p>E&#8217; proprio un posizionamento chiaro e fermo a favore della nonviolenza attiva che potr\u00e0 portare le caratteristiche di evoluzione a questo movimento di rivoluzione.<\/p>\n<p>Infatti \u00e8 gi\u00e0 molto pi\u00f9 che un&#8217;ondata di insurrezione. Le azioni lo testimoniano: le assemblee popolari dei cittadini, i sindaci che aprono i loro uffici per redigere le liste di lamentele, la redazione di richieste sempre pi\u00f9 chiare, il desiderio di referendum di iniziativa popolare, la necessit\u00e0 di una nuova Costituzione&#8230;. Sembra che la Francia voglia andare verso la nascita di una sesta Repubblica.<\/p>\n<p>Interi gruppi e associazioni vogliono vedere rinascere (nascere di nuovo e non ancora menomati) i loro valori &#8211; libert\u00e0, uguaglianza, fraternit\u00e0.<\/p>\n<p>La stampa alternativa[7] e le piccole case editrici indipendenti[8] fungono da tramite per la libert\u00e0 di espressione; i social network, nonostante la censura che finora si \u00e8 dimostrata impotente, sono lo strumento di distribuzione pi\u00f9 massiccio. Avvocati assistono, sia dal punto di vista amministrativo che sul campo, le persone ferite durante le manifestazioni o arrestate arbitrariamente. Alcuni giudici si oppongono all&#8217;impotenza alla quale la Giustizia \u00e8 relegata.<\/p>\n<p>I deputati di France Insoumise, affiancati da molti deputati della &#8220;vera&#8221; sinistra e da altri democratici, si fanno portavoce al Parlamento e con tutti i mezzi a loro disposizione per legiferare sulla questione del referendum&#8230;<\/p>\n<p>Parallelamente e allo stesso tempo, soprattutto nelle rotatorie, si sta riformando il tessuto sociale: qui si vive la solidariet\u00e0, nasce una nuova fraternit\u00e0, alimentata dalla speranza che il popolo unito non possa essere sconfitto. Durante le festivit\u00e0 natalizie, e nonostante il freddo, in centinaia di rifugi di fortuna, la gente si \u00e8 riunita per celebrare insieme questa nuova speranza, accogliendo anche persone sole o senza tetto, o di solito rifiutate, e centinaia di persone che hanno portato cibo, regali, legna da ardere. Nasceva una forza sempre maggiore: quella fornita dal gesto efficace, quella che fa crescere le persone, che si vede ripetere e di cui non ci si pente mai.<\/p>\n<p>Sulla base di questa Forza profonda, individuale e collettiva, tre elementi potrebbero assicurare la transizione:<\/p>\n<ul>\n<li><b>Lo schieramento delle forze armate con il popolo<\/b>: &#8220;nel caso estremo in cui il popolo decidesse di cambiare il tipo di stato e il tipo di leggi, spetterebbe al popolo (&#8230;) e sarebbe dovere dell&#8217;esercito sostenere questo desiderio di cambiamento, creando le condizioni che consentano al popolo di mettere in moto un nuovo tipo di organizzazione e un nuovo regime giuridico\u00bb[9].<\/li>\n<li><b>L&#8217;apporto massiccio dei giovani<\/b>: &#8221; vale la pena se i giovani vengono a gonfiare il flusso di questa forza morale, come una variante della Storia, se il suo flusso \u00e8 incontenibile e se sentiamo il suo rombo in tutte le lingue della terra\u00bb[10].<\/li>\n<li><b>Il contagio al di l\u00e0 delle frontiere, a tutta l&#8217;Europa e oltre<\/b>[11]. Iscrivere questo desiderio di una nuova costituzione nel contesto di un pi\u00f9 ampio disegno: la Nazione Umana Universale, che vuole porre fine alla violenza e all&#8217;ingiustizia.<\/li>\n<\/ul>\n<p>La rivoluzione \u00e8 possibile perch\u00e9 non si torna indietro dalla presa di coscienza. I francesi lo sanno e lo sentono, si stanno gi\u00e0 organizzando in un &#8220;grande dibattito&#8221;[12], contano gi\u00e0 su una forza di proposte (giustizia fiscale, esercizio del potere democratico, ricostruzione delle istituzioni).<\/p>\n<p>Ma perch\u00e9 questa sia un&#8217;evoluzione, deve emergere una nuova consapevolezza: la necessit\u00e0 di prendere il controllo del proprio destino sociale ma anche di evolvere come specie. Una specie che sceglie la non violenza, e quella del gesto efficace, che rivendica il diritto di crescere e di trovare il Senso.<\/p>\n<p><i>&#8220;Siamo alla fine di un periodo storico oscuro e nulla sar\u00e0 pi\u00f9 come prima. A poco a poco, l&#8217;alba di un nuovo giorno comincer\u00e0 a sorgere, le culture cominceranno a capirsi, i popoli sperimenteranno una crescente sete di progresso per tutti, comprendendo che il progresso limitato a pochi finisce senza progresso per nessuno. S\u00ec, ci sar\u00e0 la pace e si capir\u00e0 per necessit\u00e0 che inizia a prendere forma una <b>nazione umana universale<\/b>. Nel frattempo, noi che non siamo ascoltati lavoreremo d&#8217;ora in avanti in tutto il mondo per esercitare pressione su chi decide, per diffondere gli ideali di pace, <b>con la metodologia della non violenza, per preparare la strada ai tempi nuovi<\/b>.<\/i><\/p>\n<p>(\u2026)<\/p>\n<p><i>Credo che qualcosa di molto buono accadr\u00e0 quando gli esseri umani troveranno il Senso, tante volte perso e tante volte trovato nei punti di svolta della Storia&#8221;[13].<\/i><\/p>\n<p><b>Note<\/b><\/p>\n<p>1] Fonte: France Inter, 2015.<\/p>\n<p>2] La votazione su altre rivendicazioni, che non sono unanimi, pu\u00f2 essere fatta anche su <a href=\"https:\/\/revendicationsgiletsjaunes.fr\/?fbclid=IwAR3RSXoAXoAXsjZ8-xhJCW3lPxa_J0dA0TxRLsQshKoeVz7QPhn2X-sVLDlXGI\">https:\/\/revendicationsgiletsjaunes.fr\/?fbclid=IwAR3RSXoAXoAXsjZ8-xhJCW3lPxa_J0dA0TxRLsQshKoeVz7QPhn2X-sVLDlXGI<\/a>.<\/p>\n<p>3] In Francia, il D\u00e9fenseur des droits \u00e8 un&#8217;autorit\u00e0 amministrativa indipendente, creata dalla modifica costituzionale del 23 luglio 2008 e istituita dalla legge organica del 29 marzo 2011. La sua amministrazione assume la forma di un&#8217;autorit\u00e0 amministrativa la cui indipendenza \u00e8 garantita dalla Costituzione.<\/p>\n<p>4] Rapporto disponibile nella sua interezza sul sito web dell&#8217;Assemblea nazionale.<\/p>\n<p>[5] <a href=\"https:\/\/www.amnesty.fr\/liberte-d-expression\/actualites\/usage-excessif-de-la-force-lors-des-manifestations\">https:\/\/www.amnesty.fr\/liberte-d-expression\/actualites\/usage-excessif-de-la-force-lors-des-manifestations<\/a><\/p>\n<p>[6] <a href=\"https:\/\/twitter.com\/davduf\">https:\/\/twitter.com\/davduf<\/a><\/p>\n<p>7] Si vedano servizi e interviste dei media, <a href=\"https:\/\/www.lemediatv.fr\">https:\/\/www.lemediatv.fr<\/a> e gli articoli su Le vent se l\u00e8ve <a href=\"https:\/\/lvsl.fr\">https:\/\/lvsl.fr<\/a><\/p>\n<p>8] Chiavi per capire i Gilet Gialli, edizioni Syllepse, vedi il nostro articolo del 26 dicembre 2018.<\/p>\n<p>9] Silo, <i>Lettere ai miei amici, Lettera 8: Posizione dei militari nel processo rivoluzionario. <\/i>Si notano anche molti veterani che indossano il GJ, e sempre pi\u00f9 soldati con i loro volti esposti si oppongono agli abusi della polizia. Promemoria: i militari dipendono dal Ministero delle Forze Armate, la polizia dal Ministero dell&#8217;Interno.<\/p>\n<p>10] Silo, <i>Prima celebrazione annuale del messaggio<\/i>, Punta de Vacas, 4 maggio 2004, <a href=\"http:\/\/silo.net\/\">silo.net<\/a><\/p>\n<p>11] Su questo punto, gli incontri che hanno gi\u00e0 avuto luogo in pi\u00f9 di 20 paesi europei sono tenuti sotto silenzio. Se questi movimenti dovessero aumentare, l&#8217;Europa stessa sarebbe minacciata nelle sue istituzioni e nel suo funzionamento. Alla vigilia delle elezioni europee, le informazioni su un possibile movimento crescente di protesta saranno quindi ignorate il pi\u00f9 possibile.<\/p>\n<p>12] La recente proposta della presidenza, accolta dai GJ come ulteriore negazione di ci\u00f2 che stanno facendo, come rifiuto della loro richiesta referendaria e come ulteriore &#8220;fumo mediatico&#8221;.<\/p>\n<p>13] Silo, <i>Prima celebrazione annuale del Messaggio<\/i>, Punta de Vacas, 4 maggio 2004, <a href=\"http:\/\/silo.net\/\">silo.net<\/a><\/p>\n<p><b>Vedere anche:<\/b><\/p>\n<p>25\/11 Gilet Gialli a Parigi: rabbia (Gabriela Bravo e Pressenza France Editorial Team)<\/p>\n<p>30\/11 <a href=\"https:\/\/www.pressenza.com\/fr\/2018\/11\/gilets-jaunes-risque-ou-opportunite\/\">https:\/\/www.pressenza.com\/fr\/2018\/11\/gilets-jaunes-risque-ou-opportunite<\/a>\/ (Editoriale Pressenza Francia)<\/p>\n<p>06\/12 <a href=\"https:\/\/www.pressenza.com\/fr\/2018\/12\/gilets-jaunes-ou-la-democratie-en-marche-1-2\/\">https:\/\/www.pressenza.com\/fr\/2018\/12\/gilets-jaunes-ou-la-democratie-en-marche-1-2<\/a>\/ (Editoriale Pressenza Francia)<\/p>\n<p>07\/12 <a href=\"https:\/\/www.pressenza.com\/fr\/2018\/12\/gilets-jaunes-ou-la-democratie-en-marche-2-2\/\">https:\/\/www.pressenza.com\/fr\/2018\/12\/gilets-jaunes-ou-la-democratie-en-marche-2-2<\/a>\/ (Editore Pressenza Francia)<\/p>\n<p>09\/12 <a href=\"https:\/\/www.pressenza.com\/fr\/2018\/12\/gilets-verts-et-gilets-jaunes-ensemble-pour-un-monde-meilleur\/\">https:\/\/www.pressenza.com\/fr\/2018\/12\/gilets-verts-et-gilets-jaunes-ensemble-pour-un-monde-meilleur<\/a>\/ (Brigitte Cano e Mauricio Alvarez, Editore Pressenza Francia)<\/p>\n<p>10\/12 <a href=\"https:\/\/www.pressenza.com\/fr\/2018\/12\/les-gilets-jaunes-ne-pas-seulement-marcher-aller-au-dela-des-manifestations\/\">https:\/\/www.pressenza.com\/fr\/2018\/12\/les-gilets-jaunes-ne-pas-seulement-marcher-aller-au-dela-des-manifestations<\/a>\/ (Mathieu D\u00e9g\u00e9, testimonianza)<\/p>\n<p>11\/12 <a href=\"https:\/\/www.pressenza.com\/fr\/2018\/12\/gilets-jaunes-annonces-de-macron-un-enfumage-pour-preserver-linjustice-fiscale-et-les-cadeaux-faits-aux-riches\/\">https:\/\/www.pressenza.com\/fr\/2018\/12\/gilets-jaunes-annonces-de-macron-un-enfumage-pour-preserver-linjustice-fiscale-et-les-cadeaux-faits-aux-riches<\/a>\/ (ATTAC Francia)<\/p>\n<p>12\/12 <a href=\"https:\/\/www.pressenza.com\/fr\/2018\/12\/le-mouvement-des-gilets-jaunes\/\">https:\/\/www.pressenza.com\/fr\/2018\/12\/le-mouvement-des-gilets-jaunes<\/a>\/ (Ginette Baudelet, Editore Pressenza Francia)<\/p>\n<p>15\/12 <a href=\"https:\/\/www.pressenza.com\/fr\/2018\/12\/gilets-jaunes-temoignage-on-nous-parle-de-violence\/\">https:\/\/www.pressenza.com\/fr\/2018\/12\/gilets-jaunes-temoignage-on-nous-parle-de-violence<\/a>\/ (Tolosa, testimonianza)<\/p>\n<p>18\/12 <a href=\"https:\/\/www.pressenza.com\/fr\/2018\/12\/retentions-repression-et-violence-les-methodes-du-gouvernement-pour-en-finir-avec-les-gilets-jaunes\/\">https:\/\/www.pressenza.com\/fr\/2018\/12\/retentions-repression-et-violence-les-methodes-du-gouvernement-pour-en-finir-avec-les-gilets-jaunes<\/a>\/ (Josefina Dowbor)<\/p>\n<p>25\/12 <a href=\"https:\/\/www.pressenza.com\/fr\/2018\/12\/video-merci-aux-gilets-jaunes\/\">https:\/\/www.pressenza.com\/fr\/2018\/12\/video-merci-aux-gilets-jaunes<\/a>\/ (Brigitte Cano, comitato di redazione di Pressenza France)<\/p>\n<p>26\/12 <a href=\"https:\/\/www.pressenza.com\/fr\/2018\/12\/gilets-jaunes-des-clefs-pour-comprendre\/\">https:\/\/www.pressenza.com\/fr\/2018\/12\/gilets-jaunes-des-clefs-pour-comprendre<\/a>\/ (chiavi di comprensione, Syllepse Publishing)<\/p>\n<p>06\/01 <a href=\"https:\/\/www.pressenza.com\/fr\/2019\/01\/lettre-ouverte-au-president-macron-changez-nos-institutions-et-demissionnez\/\">https:\/\/www.pressenza.com\/fr\/2019\/01\/lettre-ouverte-au-president-macron-changez-nos-institutions-et-demissionnez<\/a>\/ (Pascal Maillard per il suo blog Polared).<\/p>\n<p>&nbsp;<\/p>\n<p>Traduzione dal francese di Leopoldo Salmaso<\/p>\n<p>&nbsp;<\/p>\n","protected":false},"excerpt":{"rendered":"<p>Da 8 settimane, ogni sabato nelle piccole e grandi citt\u00e0 di tutta la Francia la gente si \u00e8 mobilitata in manifestazioni, o in piccoli gruppi alle rotatorie e ai caselli autostradali, dove vogliono far conoscere le loro lamentele e le&hellip;<\/p>\n","protected":false},"author":1268,"featured_media":786336,"comment_status":"closed","ping_status":"closed","sticky":false,"template":"","format":"standard","meta":{"footnotes":""},"categories":[11388,56,47,162,55],"tags":[57425,3208,52692,51993,36842,26390,460,53522,53521],"class_list":["post-786817","post","type-post","status-publish","format-standard","has-post-thumbnail","hentry","category-contenuti-originali","category-cultura","category-europa","category-opinioni","category-politica","tag-europe-netting-it","tag-francia-it","tag-gilet-gialli","tag-gilets-jaunes","tag-macron","tag-non-violenza","tag-nonviolenza","tag-seconda-rivoluzione-francese","tag-sesta-repubblica"],"yoast_head":"<!-- This site is optimized with the Yoast SEO plugin v27.1.1 - https:\/\/yoast.com\/product\/yoast-seo-wordpress\/ -->\n<title>Dall&#039;effetto dimostrazione alla rivoluzione?<\/title>\n<meta name=\"description\" content=\"Da 8 settimane, ogni sabato nelle piccole e grandi citt\u00e0 di tutta la Francia la gente si \u00e8 mobilitata in manifestazioni, o in piccoli gruppi alle\" \/>\n<meta name=\"robots\" content=\"index, follow, max-snippet:-1, max-image-preview:large, max-video-preview:-1\" \/>\n<link rel=\"canonical\" href=\"https:\/\/www.pressenza.com\/it\/2019\/01\/dalle-dimostrazioni-alla-rivoluzione\/\" \/>\n<meta property=\"og:locale\" content=\"it_IT\" \/>\n<meta property=\"og:type\" content=\"article\" \/>\n<meta property=\"og:title\" content=\"Dall&#039;effetto dimostrazione alla rivoluzione?\" \/>\n<meta property=\"og:description\" content=\"Da 8 settimane, ogni sabato nelle piccole e grandi citt\u00e0 di tutta la Francia la gente si \u00e8 mobilitata in manifestazioni, o in piccoli gruppi alle\" \/>\n<meta property=\"og:url\" content=\"https:\/\/www.pressenza.com\/it\/2019\/01\/dalle-dimostrazioni-alla-rivoluzione\/\" \/>\n<meta property=\"og:site_name\" content=\"Pressenza\" \/>\n<meta property=\"article:publisher\" content=\"https:\/\/www.facebook.com\/PressenzaItalia\" \/>\n<meta property=\"article:published_time\" content=\"2019-01-10T08:34:50+00:00\" \/>\n<meta property=\"article:modified_time\" content=\"2019-04-19T08:20:39+00:00\" \/>\n<meta property=\"og:image\" content=\"https:\/\/www.pressenza.com\/wp-content\/uploads\/2019\/01\/De-l---effet-d--monstratif----la-r--volution.jpeg\" \/>\n\t<meta property=\"og:image:width\" content=\"750\" \/>\n\t<meta property=\"og:image:height\" content=\"585\" \/>\n\t<meta property=\"og:image:type\" content=\"image\/jpeg\" \/>\n<meta name=\"author\" content=\"Claudie Baudoin\" \/>\n<meta name=\"twitter:card\" content=\"summary_large_image\" \/>\n<meta name=\"twitter:creator\" content=\"@PressenzaIPA\" \/>\n<meta name=\"twitter:site\" content=\"@PressenzaIPA\" \/>\n<meta name=\"twitter:label1\" content=\"Scritto da\" \/>\n\t<meta name=\"twitter:data1\" content=\"Claudie Baudoin\" \/>\n\t<meta name=\"twitter:label2\" content=\"Tempo di lettura stimato\" \/>\n\t<meta name=\"twitter:data2\" content=\"21 minuti\" \/>\n<script type=\"application\/ld+json\" class=\"yoast-schema-graph\">{\"@context\":\"https:\/\/schema.org\",\"@graph\":[{\"@type\":\"Article\",\"@id\":\"https:\/\/www.pressenza.com\/it\/2019\/01\/dalle-dimostrazioni-alla-rivoluzione\/#article\",\"isPartOf\":{\"@id\":\"https:\/\/www.pressenza.com\/it\/2019\/01\/dalle-dimostrazioni-alla-rivoluzione\/\"},\"author\":{\"name\":\"Claudie Baudoin\",\"@id\":\"https:\/\/www.pressenza.com\/it\/#\/schema\/person\/bbaae794a1d299c528a0f7cc8bd9a1a7\"},\"headline\":\"Dall&#8217;effetto dimostrazione alla rivoluzione?\",\"datePublished\":\"2019-01-10T08:34:50+00:00\",\"dateModified\":\"2019-04-19T08:20:39+00:00\",\"mainEntityOfPage\":{\"@id\":\"https:\/\/www.pressenza.com\/it\/2019\/01\/dalle-dimostrazioni-alla-rivoluzione\/\"},\"wordCount\":4278,\"publisher\":{\"@id\":\"https:\/\/www.pressenza.com\/it\/#organization\"},\"image\":{\"@id\":\"https:\/\/www.pressenza.com\/it\/2019\/01\/dalle-dimostrazioni-alla-rivoluzione\/#primaryimage\"},\"thumbnailUrl\":\"https:\/\/www.pressenza.com\/wp-content\/uploads\/2019\/01\/De-l---effet-d--monstratif----la-r--volution.jpeg\",\"keywords\":[\"Europe.Netting\",\"Francia\",\"gilet gialli\",\"Gilets Jaunes\",\"Macron\",\"non violenza\",\"nonviolenza\",\"Seconda Rivoluzione Francese\",\"Sesta Repubblica\"],\"articleSection\":[\"contenuti originali\",\"Cultura e Media\",\"Europa\",\"Opinioni\",\"Politica\"],\"inLanguage\":\"it-IT\"},{\"@type\":\"WebPage\",\"@id\":\"https:\/\/www.pressenza.com\/it\/2019\/01\/dalle-dimostrazioni-alla-rivoluzione\/\",\"url\":\"https:\/\/www.pressenza.com\/it\/2019\/01\/dalle-dimostrazioni-alla-rivoluzione\/\",\"name\":\"Dall'effetto dimostrazione alla rivoluzione?\",\"isPartOf\":{\"@id\":\"https:\/\/www.pressenza.com\/it\/#website\"},\"primaryImageOfPage\":{\"@id\":\"https:\/\/www.pressenza.com\/it\/2019\/01\/dalle-dimostrazioni-alla-rivoluzione\/#primaryimage\"},\"image\":{\"@id\":\"https:\/\/www.pressenza.com\/it\/2019\/01\/dalle-dimostrazioni-alla-rivoluzione\/#primaryimage\"},\"thumbnailUrl\":\"https:\/\/www.pressenza.com\/wp-content\/uploads\/2019\/01\/De-l---effet-d--monstratif----la-r--volution.jpeg\",\"datePublished\":\"2019-01-10T08:34:50+00:00\",\"dateModified\":\"2019-04-19T08:20:39+00:00\",\"description\":\"Da 8 settimane, ogni sabato nelle piccole e grandi citt\u00e0 di tutta la Francia la gente si \u00e8 mobilitata in manifestazioni, o in piccoli gruppi alle\",\"breadcrumb\":{\"@id\":\"https:\/\/www.pressenza.com\/it\/2019\/01\/dalle-dimostrazioni-alla-rivoluzione\/#breadcrumb\"},\"inLanguage\":\"it-IT\",\"potentialAction\":[{\"@type\":\"ReadAction\",\"target\":[\"https:\/\/www.pressenza.com\/it\/2019\/01\/dalle-dimostrazioni-alla-rivoluzione\/\"]}]},{\"@type\":\"ImageObject\",\"inLanguage\":\"it-IT\",\"@id\":\"https:\/\/www.pressenza.com\/it\/2019\/01\/dalle-dimostrazioni-alla-rivoluzione\/#primaryimage\",\"url\":\"https:\/\/www.pressenza.com\/wp-content\/uploads\/2019\/01\/De-l---effet-d--monstratif----la-r--volution.jpeg\",\"contentUrl\":\"https:\/\/www.pressenza.com\/wp-content\/uploads\/2019\/01\/De-l---effet-d--monstratif----la-r--volution.jpeg\",\"width\":750,\"height\":585},{\"@type\":\"BreadcrumbList\",\"@id\":\"https:\/\/www.pressenza.com\/it\/2019\/01\/dalle-dimostrazioni-alla-rivoluzione\/#breadcrumb\",\"itemListElement\":[{\"@type\":\"ListItem\",\"position\":1,\"name\":\"Accueil\",\"item\":\"https:\/\/www.pressenza.com\/it\/\"},{\"@type\":\"ListItem\",\"position\":2,\"name\":\"Dall&#8217;effetto dimostrazione alla rivoluzione?\"}]},{\"@type\":\"WebSite\",\"@id\":\"https:\/\/www.pressenza.com\/it\/#website\",\"url\":\"https:\/\/www.pressenza.com\/it\/\",\"name\":\"Pressenza\",\"description\":\"Agenzia di Stampa Internazionale\",\"publisher\":{\"@id\":\"https:\/\/www.pressenza.com\/it\/#organization\"},\"potentialAction\":[{\"@type\":\"SearchAction\",\"target\":{\"@type\":\"EntryPoint\",\"urlTemplate\":\"https:\/\/www.pressenza.com\/it\/?s={search_term_string}\"},\"query-input\":{\"@type\":\"PropertyValueSpecification\",\"valueRequired\":true,\"valueName\":\"search_term_string\"}}],\"inLanguage\":\"it-IT\"},{\"@type\":\"Organization\",\"@id\":\"https:\/\/www.pressenza.com\/it\/#organization\",\"name\":\"Pressenza\",\"url\":\"https:\/\/www.pressenza.com\/it\/\",\"logo\":{\"@type\":\"ImageObject\",\"inLanguage\":\"it-IT\",\"@id\":\"https:\/\/www.pressenza.com\/it\/#\/schema\/logo\/image\/\",\"url\":\"https:\/\/www.pressenza.com\/wp-content\/uploads\/2022\/10\/pressenza_logo_200x200.jpg\",\"contentUrl\":\"https:\/\/www.pressenza.com\/wp-content\/uploads\/2022\/10\/pressenza_logo_200x200.jpg\",\"width\":200,\"height\":200,\"caption\":\"Pressenza\"},\"image\":{\"@id\":\"https:\/\/www.pressenza.com\/it\/#\/schema\/logo\/image\/\"},\"sameAs\":[\"https:\/\/www.facebook.com\/PressenzaItalia\",\"https:\/\/x.com\/PressenzaIPA\"]},{\"@type\":\"Person\",\"@id\":\"https:\/\/www.pressenza.com\/it\/#\/schema\/person\/bbaae794a1d299c528a0f7cc8bd9a1a7\",\"name\":\"Claudie Baudoin\",\"description\":\"Psycho-sociologue de m\u00e9tier, l\u2019auteur est formatrice en d\u00e9veloppement personnel et ressources humaines dans le monde hospitalier o\u00f9 elle transmet au personnel soignant des outils de communication et de mieux-\u00eatre (pr\u00e9vention du burn-out, gestion de stress, de l\u2019agressivit\u00e9, des conflits et du temps). Elle accompagne \u00e9galement les particuliers dans les moments de transition ou des difficult\u00e9s, par la psychologie descriptive de l'image et du sens. claudie-baudoin.com\",\"url\":\"https:\/\/www.pressenza.com\/it\/author\/claudie-baudoin\/\"}]}<\/script>\n<!-- \/ Yoast SEO plugin. -->","yoast_head_json":{"title":"Dall'effetto dimostrazione alla rivoluzione?","description":"Da 8 settimane, ogni sabato nelle piccole e grandi citt\u00e0 di tutta la Francia la gente si \u00e8 mobilitata in manifestazioni, o in piccoli gruppi alle","robots":{"index":"index","follow":"follow","max-snippet":"max-snippet:-1","max-image-preview":"max-image-preview:large","max-video-preview":"max-video-preview:-1"},"canonical":"https:\/\/www.pressenza.com\/it\/2019\/01\/dalle-dimostrazioni-alla-rivoluzione\/","og_locale":"it_IT","og_type":"article","og_title":"Dall'effetto dimostrazione alla rivoluzione?","og_description":"Da 8 settimane, ogni sabato nelle piccole e grandi citt\u00e0 di tutta la Francia la gente si \u00e8 mobilitata in manifestazioni, o in piccoli gruppi alle","og_url":"https:\/\/www.pressenza.com\/it\/2019\/01\/dalle-dimostrazioni-alla-rivoluzione\/","og_site_name":"Pressenza","article_publisher":"https:\/\/www.facebook.com\/PressenzaItalia","article_published_time":"2019-01-10T08:34:50+00:00","article_modified_time":"2019-04-19T08:20:39+00:00","og_image":[{"width":750,"height":585,"url":"https:\/\/www.pressenza.com\/wp-content\/uploads\/2019\/01\/De-l---effet-d--monstratif----la-r--volution.jpeg","type":"image\/jpeg"}],"author":"Claudie Baudoin","twitter_card":"summary_large_image","twitter_creator":"@PressenzaIPA","twitter_site":"@PressenzaIPA","twitter_misc":{"Scritto da":"Claudie Baudoin","Tempo di lettura stimato":"21 minuti"},"schema":{"@context":"https:\/\/schema.org","@graph":[{"@type":"Article","@id":"https:\/\/www.pressenza.com\/it\/2019\/01\/dalle-dimostrazioni-alla-rivoluzione\/#article","isPartOf":{"@id":"https:\/\/www.pressenza.com\/it\/2019\/01\/dalle-dimostrazioni-alla-rivoluzione\/"},"author":{"name":"Claudie Baudoin","@id":"https:\/\/www.pressenza.com\/it\/#\/schema\/person\/bbaae794a1d299c528a0f7cc8bd9a1a7"},"headline":"Dall&#8217;effetto dimostrazione alla rivoluzione?","datePublished":"2019-01-10T08:34:50+00:00","dateModified":"2019-04-19T08:20:39+00:00","mainEntityOfPage":{"@id":"https:\/\/www.pressenza.com\/it\/2019\/01\/dalle-dimostrazioni-alla-rivoluzione\/"},"wordCount":4278,"publisher":{"@id":"https:\/\/www.pressenza.com\/it\/#organization"},"image":{"@id":"https:\/\/www.pressenza.com\/it\/2019\/01\/dalle-dimostrazioni-alla-rivoluzione\/#primaryimage"},"thumbnailUrl":"https:\/\/www.pressenza.com\/wp-content\/uploads\/2019\/01\/De-l---effet-d--monstratif----la-r--volution.jpeg","keywords":["Europe.Netting","Francia","gilet gialli","Gilets Jaunes","Macron","non violenza","nonviolenza","Seconda Rivoluzione Francese","Sesta Repubblica"],"articleSection":["contenuti originali","Cultura e Media","Europa","Opinioni","Politica"],"inLanguage":"it-IT"},{"@type":"WebPage","@id":"https:\/\/www.pressenza.com\/it\/2019\/01\/dalle-dimostrazioni-alla-rivoluzione\/","url":"https:\/\/www.pressenza.com\/it\/2019\/01\/dalle-dimostrazioni-alla-rivoluzione\/","name":"Dall'effetto dimostrazione alla rivoluzione?","isPartOf":{"@id":"https:\/\/www.pressenza.com\/it\/#website"},"primaryImageOfPage":{"@id":"https:\/\/www.pressenza.com\/it\/2019\/01\/dalle-dimostrazioni-alla-rivoluzione\/#primaryimage"},"image":{"@id":"https:\/\/www.pressenza.com\/it\/2019\/01\/dalle-dimostrazioni-alla-rivoluzione\/#primaryimage"},"thumbnailUrl":"https:\/\/www.pressenza.com\/wp-content\/uploads\/2019\/01\/De-l---effet-d--monstratif----la-r--volution.jpeg","datePublished":"2019-01-10T08:34:50+00:00","dateModified":"2019-04-19T08:20:39+00:00","description":"Da 8 settimane, ogni sabato nelle piccole e grandi citt\u00e0 di tutta la Francia la gente si \u00e8 mobilitata in manifestazioni, o in piccoli gruppi alle","breadcrumb":{"@id":"https:\/\/www.pressenza.com\/it\/2019\/01\/dalle-dimostrazioni-alla-rivoluzione\/#breadcrumb"},"inLanguage":"it-IT","potentialAction":[{"@type":"ReadAction","target":["https:\/\/www.pressenza.com\/it\/2019\/01\/dalle-dimostrazioni-alla-rivoluzione\/"]}]},{"@type":"ImageObject","inLanguage":"it-IT","@id":"https:\/\/www.pressenza.com\/it\/2019\/01\/dalle-dimostrazioni-alla-rivoluzione\/#primaryimage","url":"https:\/\/www.pressenza.com\/wp-content\/uploads\/2019\/01\/De-l---effet-d--monstratif----la-r--volution.jpeg","contentUrl":"https:\/\/www.pressenza.com\/wp-content\/uploads\/2019\/01\/De-l---effet-d--monstratif----la-r--volution.jpeg","width":750,"height":585},{"@type":"BreadcrumbList","@id":"https:\/\/www.pressenza.com\/it\/2019\/01\/dalle-dimostrazioni-alla-rivoluzione\/#breadcrumb","itemListElement":[{"@type":"ListItem","position":1,"name":"Accueil","item":"https:\/\/www.pressenza.com\/it\/"},{"@type":"ListItem","position":2,"name":"Dall&#8217;effetto dimostrazione alla rivoluzione?"}]},{"@type":"WebSite","@id":"https:\/\/www.pressenza.com\/it\/#website","url":"https:\/\/www.pressenza.com\/it\/","name":"Pressenza","description":"Agenzia di Stampa Internazionale","publisher":{"@id":"https:\/\/www.pressenza.com\/it\/#organization"},"potentialAction":[{"@type":"SearchAction","target":{"@type":"EntryPoint","urlTemplate":"https:\/\/www.pressenza.com\/it\/?s={search_term_string}"},"query-input":{"@type":"PropertyValueSpecification","valueRequired":true,"valueName":"search_term_string"}}],"inLanguage":"it-IT"},{"@type":"Organization","@id":"https:\/\/www.pressenza.com\/it\/#organization","name":"Pressenza","url":"https:\/\/www.pressenza.com\/it\/","logo":{"@type":"ImageObject","inLanguage":"it-IT","@id":"https:\/\/www.pressenza.com\/it\/#\/schema\/logo\/image\/","url":"https:\/\/www.pressenza.com\/wp-content\/uploads\/2022\/10\/pressenza_logo_200x200.jpg","contentUrl":"https:\/\/www.pressenza.com\/wp-content\/uploads\/2022\/10\/pressenza_logo_200x200.jpg","width":200,"height":200,"caption":"Pressenza"},"image":{"@id":"https:\/\/www.pressenza.com\/it\/#\/schema\/logo\/image\/"},"sameAs":["https:\/\/www.facebook.com\/PressenzaItalia","https:\/\/x.com\/PressenzaIPA"]},{"@type":"Person","@id":"https:\/\/www.pressenza.com\/it\/#\/schema\/person\/bbaae794a1d299c528a0f7cc8bd9a1a7","name":"Claudie Baudoin","description":"Psycho-sociologue de m\u00e9tier, l\u2019auteur est formatrice en d\u00e9veloppement personnel et ressources humaines dans le monde hospitalier o\u00f9 elle transmet au personnel soignant des outils de communication et de mieux-\u00eatre (pr\u00e9vention du burn-out, gestion de stress, de l\u2019agressivit\u00e9, des conflits et du temps). Elle accompagne \u00e9galement les particuliers dans les moments de transition ou des difficult\u00e9s, par la psychologie descriptive de l'image et du sens. claudie-baudoin.com","url":"https:\/\/www.pressenza.com\/it\/author\/claudie-baudoin\/"}]}},"place":"","original_article_url":"","_links":{"self":[{"href":"https:\/\/www.pressenza.com\/it\/wp-json\/wp\/v2\/posts\/786817","targetHints":{"allow":["GET"]}}],"collection":[{"href":"https:\/\/www.pressenza.com\/it\/wp-json\/wp\/v2\/posts"}],"about":[{"href":"https:\/\/www.pressenza.com\/it\/wp-json\/wp\/v2\/types\/post"}],"author":[{"embeddable":true,"href":"https:\/\/www.pressenza.com\/it\/wp-json\/wp\/v2\/users\/1268"}],"replies":[{"embeddable":true,"href":"https:\/\/www.pressenza.com\/it\/wp-json\/wp\/v2\/comments?post=786817"}],"version-history":[{"count":0,"href":"https:\/\/www.pressenza.com\/it\/wp-json\/wp\/v2\/posts\/786817\/revisions"}],"wp:featuredmedia":[{"embeddable":true,"href":"https:\/\/www.pressenza.com\/it\/wp-json\/wp\/v2\/media\/786336"}],"wp:attachment":[{"href":"https:\/\/www.pressenza.com\/it\/wp-json\/wp\/v2\/media?parent=786817"}],"wp:term":[{"taxonomy":"category","embeddable":true,"href":"https:\/\/www.pressenza.com\/it\/wp-json\/wp\/v2\/categories?post=786817"},{"taxonomy":"post_tag","embeddable":true,"href":"https:\/\/www.pressenza.com\/it\/wp-json\/wp\/v2\/tags?post=786817"}],"curies":[{"name":"wp","href":"https:\/\/api.w.org\/{rel}","templated":true}]}}