{"id":78502,"date":"2013-11-26T13:14:16","date_gmt":"2013-11-26T13:14:16","guid":{"rendered":"http:\/\/www.pressenza.com\/?p=78502"},"modified":"2013-11-26T13:27:08","modified_gmt":"2013-11-26T13:27:08","slug":"diamoci-credito-il-progetto-jak-bank-convegno","status":"publish","type":"post","link":"https:\/\/www.pressenza.com\/it\/2013\/11\/diamoci-credito-il-progetto-jak-bank-convegno\/","title":{"rendered":"Diamoci credito: il progetto Jak Bank a convegno"},"content":{"rendered":"<p><img loading=\"lazy\" decoding=\"async\" class=\"alignnone\" alt=\"\" src=\"https:\/\/www.pressenza.com\/wp-content\/uploads\/2013\/07\/logo-jak.png\" width=\"980\" height=\"130\" \/><\/p>\n<p>CONVEGNO GRATUITO:<\/p>\n<p>IL PROGETTO JAK ITALIA. DIAMOCI CREDITO! CONNETTERE LE PERSONE PER LIBERARE LE IMPRESE<\/p>\n<p>28 novembre 2011 \u2013 h 18.30, Teatro Sociale di Como (Sala Bianca), Via Bellini 1 &#8211; Como<\/p>\n<p>Il prossimo 28 novembre, a Como, presso la Sala Bianca del Teatro Sociale, in via Bellini 1, si terr\u00e0 il convegno gratuito \u201cIl Progetto Jak Italia &#8211; Diamoci Credito! Connettere le persone per liberare le imprese\u201d.<\/p>\n<p>Il convegno \u00e8 organizzato dal Comitato Promotore della Banca Popolare Jak Italia e dal Gruppo Giovani di Como. Saranno patrocinatori dell\u2019evento Jak Medlemsbank e Assoetica.<\/p>\n<p>Sar\u00e0 un momento di grande interesse. Un nuovo modello di banca, gi\u00e0 esistente in Svezia da quasi quarant\u2019anni: una banca libera da interessi e dalla speculazione finanziaria. La Banca Jak svedese, una banca dei soci, ufficialmente riconosciuta e operante nel rispetto degli accordi di Basilea, vede coinvolti ben 38.000 soci, 30 dipendenti, 500 volontari, e realizza una raccolta di 121 mln \u20ac e 100 mln \u20ac di impieghi (dati bilancio 2010). Insomma, un soggetto creditizio di tutto rispetto e con una lunga storia, che pu\u00f2 diventare un modello anche per l\u2019Italia.<\/p>\n<p>Il convegno sar\u00e0 l\u2019occasione per il Comitato Promotore per la costituzione della Banca Popolare Jak Italia di proporre il suo progetto alla presenza di un pubblico formato dai principali esponenti delle realt\u00e0 imprenditoriali e professionali del territorio.<\/p>\n<p>Sar\u00e0 un momento dedicato a spiegare e dimostrare la sostenibilit\u00e0 e la concreta possibilit\u00e0 di realizzare il modello svedese anche nel nostro Paese, grazie all\u2019intervento di relatori quali:<\/p>\n<p>\u2022 Daniele Valsecchi, Presidente del Gruppo Giovani di Como e Simone Majeli, socio fondatore dell\u2019Associazione Culturale Jak Bank Italia introdurranno e modereranno i lavori<\/p>\n<p>\u2022 Bruno Bonsignore, Presidente di Assoetica, che relazioner\u00e0 sull\u2019etica come ottica: un nuovo modello di riferimento per le imprese e per i professionisti.<\/p>\n<p>\u2022 Johannes Kreshmer, Membro del consiglio direttivo di JAK Medlemsbank, che esporr\u00e0 l\u2019esperienza della JAK bank svedese nei suoi 40 anni di reale emancipazione economica;<\/p>\n<p>\u2022 Luigino Bruni, Professore Ordinario di Economia Politica la LUMSA di Roma, che affronter\u00e0 della gratuit\u00e0 all\u2019interno dei nuovi paradigmi economici<\/p>\n<p>\u2022 Enrico Longo, Presidente del Comitato Promotore della Banca Popolare Jak Italia, che illustrer\u00e0 la sostenibilit\u00e0 di un innovativo sistema creditizio \u201cno-profit\u201d.<\/p>\n<p>Il Comitato Promotore della Banca Popolare Jak Italia e l\u2019Associazione culturale Jak Bank Italia hanno deciso di reinventare il modo di fare banca ed erogare prestiti nel nostro Paese. JAK \u00e8 un\u2019idea di business sociale, orientato alla sostenibilit\u00e0 economico-finanziaria e alla semplice copertura dei costi, invece che alla massimizzazione del profitto. La peculiarit\u00e0 della costituenda Banca sar\u00e0, infatti, l\u2019assenza di applicazione di interessi sui prestiti e sulle giacenze.<\/p>\n<p>Liberi dalle influenze dei mercati e dagli indici finanziari, i soci potranno far circolare il proprio denaro al sicuro da meccanismi speculativi. Prima ancora di un ritorno all\u2019economia reale si tratta di un ritorno alla vita delle persone e al lavoro. Alla base del progetto c\u2019\u00e8, dunque, l\u2019esigenza di superare l\u2019attuale sistema economico-finanziario, giungendo ad un nuovo paradigma in cui gli individui, le relazioni e la cultura occupino un ruolo di primo piano.<\/p>\n<p>In JAK dare credito significa ancor prima che far circolare denaro, creare opportunit\u00e0 per esprimere capacit\u00e0 personali, attraverso il lavoro e lo sviluppo individuale. L\u2019Associazione culturale Jak Bank Italia e il Comitato Promotore hanno gi\u00e0 costituito una rete che coinvolge sia persone che imprese su tutto il territorio nazionale, godendo del supporto, in termini di know-how, della Jak Medlemsbank svedese, che opera con questo spirito da oltre quarant\u2019anni.<\/p>\n<p>La partecipazione \u00e8 gratuita.<\/p>\n<p>Per info contattare alessandro.maderna@jakitalia.it<\/p>\n","protected":false},"excerpt":{"rendered":"<p>CONVEGNO GRATUITO: IL PROGETTO JAK ITALIA. DIAMOCI CREDITO! CONNETTERE LE PERSONE PER LIBERARE LE IMPRESE 28 novembre 2011 \u2013 h 18.30, Teatro Sociale di Como (Sala Bianca), Via Bellini 1 &#8211; Como Il prossimo 28 novembre, a Como, presso la&hellip;<\/p>\n","protected":false},"author":679,"featured_media":0,"comment_status":"closed","ping_status":"open","sticky":false,"template":"","format":"standard","meta":{"footnotes":""},"categories":[150,62,47],"tags":[3099,1800,786,1124,5736],"class_list":["post-78502","post","type-post","status-publish","format-standard","hentry","category-comunicati-stampa","category-economia","category-europa","tag-como","tag-convegno","tag-economia-it","tag-jak","tag-jak-bank-italia"],"yoast_head":"<!-- This site is optimized with the Yoast SEO plugin v27.1.1 - https:\/\/yoast.com\/product\/yoast-seo-wordpress\/ -->\n<title>Diamoci credito: il progetto Jak Bank a convegno<\/title>\n<meta name=\"description\" content=\"CONVEGNO GRATUITO: IL PROGETTO JAK ITALIA. DIAMOCI CREDITO! CONNETTERE LE PERSONE PER LIBERARE LE IMPRESE 28 novembre 2011 \u2013 h 18.30, Teatro Sociale di\" \/>\n<meta name=\"robots\" content=\"index, follow, max-snippet:-1, max-image-preview:large, max-video-preview:-1\" \/>\n<link rel=\"canonical\" href=\"https:\/\/www.pressenza.com\/it\/2013\/11\/diamoci-credito-il-progetto-jak-bank-convegno\/\" \/>\n<meta property=\"og:locale\" content=\"it_IT\" \/>\n<meta property=\"og:type\" content=\"article\" \/>\n<meta property=\"og:title\" content=\"Diamoci credito: il progetto Jak Bank a convegno\" \/>\n<meta property=\"og:description\" content=\"CONVEGNO GRATUITO: IL PROGETTO JAK ITALIA. DIAMOCI CREDITO! CONNETTERE LE PERSONE PER LIBERARE LE IMPRESE 28 novembre 2011 \u2013 h 18.30, Teatro Sociale di\" \/>\n<meta property=\"og:url\" content=\"https:\/\/www.pressenza.com\/it\/2013\/11\/diamoci-credito-il-progetto-jak-bank-convegno\/\" \/>\n<meta property=\"og:site_name\" content=\"Pressenza\" \/>\n<meta property=\"article:publisher\" content=\"https:\/\/www.facebook.com\/PressenzaItalia\" \/>\n<meta property=\"article:published_time\" content=\"2013-11-26T13:14:16+00:00\" \/>\n<meta property=\"article:modified_time\" content=\"2013-11-26T13:27:08+00:00\" \/>\n<meta property=\"og:image\" content=\"https:\/\/www.pressenza.com\/wp-content\/uploads\/2013\/07\/logo-jak.png\" \/>\n<meta name=\"author\" content=\"Comitato Promotore Banca Popolare Jak Italia\" \/>\n<meta name=\"twitter:card\" content=\"summary_large_image\" \/>\n<meta name=\"twitter:creator\" content=\"@PressenzaIPA\" \/>\n<meta name=\"twitter:site\" content=\"@PressenzaIPA\" \/>\n<meta name=\"twitter:label1\" content=\"Scritto da\" \/>\n\t<meta name=\"twitter:data1\" content=\"Comitato Promotore Banca Popolare Jak Italia\" \/>\n\t<meta name=\"twitter:label2\" content=\"Tempo di lettura stimato\" \/>\n\t<meta name=\"twitter:data2\" content=\"3 minuti\" \/>\n<script type=\"application\/ld+json\" class=\"yoast-schema-graph\">{\"@context\":\"https:\/\/schema.org\",\"@graph\":[{\"@type\":\"Article\",\"@id\":\"https:\/\/www.pressenza.com\/it\/2013\/11\/diamoci-credito-il-progetto-jak-bank-convegno\/#article\",\"isPartOf\":{\"@id\":\"https:\/\/www.pressenza.com\/it\/2013\/11\/diamoci-credito-il-progetto-jak-bank-convegno\/\"},\"author\":{\"name\":\"Comitato Promotore Banca Popolare Jak Italia\",\"@id\":\"https:\/\/www.pressenza.com\/it\/#\/schema\/person\/936766aa03b4e4a6de52e9ef408e9333\"},\"headline\":\"Diamoci credito: il progetto Jak Bank a convegno\",\"datePublished\":\"2013-11-26T13:14:16+00:00\",\"dateModified\":\"2013-11-26T13:27:08+00:00\",\"mainEntityOfPage\":{\"@id\":\"https:\/\/www.pressenza.com\/it\/2013\/11\/diamoci-credito-il-progetto-jak-bank-convegno\/\"},\"wordCount\":585,\"publisher\":{\"@id\":\"https:\/\/www.pressenza.com\/it\/#organization\"},\"image\":{\"@id\":\"https:\/\/www.pressenza.com\/it\/2013\/11\/diamoci-credito-il-progetto-jak-bank-convegno\/#primaryimage\"},\"thumbnailUrl\":\"https:\/\/www.pressenza.com\/wp-content\/uploads\/2013\/07\/logo-jak.png\",\"keywords\":[\"Como\",\"convegno\",\"economia\",\"Jak\",\"Jak Bank Italia\"],\"articleSection\":[\"Comunicati Stampa\",\"Economia\",\"Europa\"],\"inLanguage\":\"it-IT\"},{\"@type\":\"WebPage\",\"@id\":\"https:\/\/www.pressenza.com\/it\/2013\/11\/diamoci-credito-il-progetto-jak-bank-convegno\/\",\"url\":\"https:\/\/www.pressenza.com\/it\/2013\/11\/diamoci-credito-il-progetto-jak-bank-convegno\/\",\"name\":\"Diamoci credito: il progetto Jak Bank a convegno\",\"isPartOf\":{\"@id\":\"https:\/\/www.pressenza.com\/it\/#website\"},\"primaryImageOfPage\":{\"@id\":\"https:\/\/www.pressenza.com\/it\/2013\/11\/diamoci-credito-il-progetto-jak-bank-convegno\/#primaryimage\"},\"image\":{\"@id\":\"https:\/\/www.pressenza.com\/it\/2013\/11\/diamoci-credito-il-progetto-jak-bank-convegno\/#primaryimage\"},\"thumbnailUrl\":\"https:\/\/www.pressenza.com\/wp-content\/uploads\/2013\/07\/logo-jak.png\",\"datePublished\":\"2013-11-26T13:14:16+00:00\",\"dateModified\":\"2013-11-26T13:27:08+00:00\",\"description\":\"CONVEGNO GRATUITO: IL PROGETTO JAK ITALIA. DIAMOCI CREDITO! CONNETTERE LE PERSONE PER LIBERARE LE IMPRESE 28 novembre 2011 \u2013 h 18.30, Teatro Sociale di\",\"breadcrumb\":{\"@id\":\"https:\/\/www.pressenza.com\/it\/2013\/11\/diamoci-credito-il-progetto-jak-bank-convegno\/#breadcrumb\"},\"inLanguage\":\"it-IT\",\"potentialAction\":[{\"@type\":\"ReadAction\",\"target\":[\"https:\/\/www.pressenza.com\/it\/2013\/11\/diamoci-credito-il-progetto-jak-bank-convegno\/\"]}]},{\"@type\":\"ImageObject\",\"inLanguage\":\"it-IT\",\"@id\":\"https:\/\/www.pressenza.com\/it\/2013\/11\/diamoci-credito-il-progetto-jak-bank-convegno\/#primaryimage\",\"url\":\"https:\/\/www.pressenza.com\/wp-content\/uploads\/2013\/07\/logo-jak.png\",\"contentUrl\":\"https:\/\/www.pressenza.com\/wp-content\/uploads\/2013\/07\/logo-jak.png\"},{\"@type\":\"BreadcrumbList\",\"@id\":\"https:\/\/www.pressenza.com\/it\/2013\/11\/diamoci-credito-il-progetto-jak-bank-convegno\/#breadcrumb\",\"itemListElement\":[{\"@type\":\"ListItem\",\"position\":1,\"name\":\"Accueil\",\"item\":\"https:\/\/www.pressenza.com\/it\/\"},{\"@type\":\"ListItem\",\"position\":2,\"name\":\"Diamoci credito: il progetto Jak Bank a convegno\"}]},{\"@type\":\"WebSite\",\"@id\":\"https:\/\/www.pressenza.com\/it\/#website\",\"url\":\"https:\/\/www.pressenza.com\/it\/\",\"name\":\"Pressenza\",\"description\":\"Agenzia di Stampa Internazionale\",\"publisher\":{\"@id\":\"https:\/\/www.pressenza.com\/it\/#organization\"},\"potentialAction\":[{\"@type\":\"SearchAction\",\"target\":{\"@type\":\"EntryPoint\",\"urlTemplate\":\"https:\/\/www.pressenza.com\/it\/?s={search_term_string}\"},\"query-input\":{\"@type\":\"PropertyValueSpecification\",\"valueRequired\":true,\"valueName\":\"search_term_string\"}}],\"inLanguage\":\"it-IT\"},{\"@type\":\"Organization\",\"@id\":\"https:\/\/www.pressenza.com\/it\/#organization\",\"name\":\"Pressenza\",\"url\":\"https:\/\/www.pressenza.com\/it\/\",\"logo\":{\"@type\":\"ImageObject\",\"inLanguage\":\"it-IT\",\"@id\":\"https:\/\/www.pressenza.com\/it\/#\/schema\/logo\/image\/\",\"url\":\"https:\/\/www.pressenza.com\/wp-content\/uploads\/2022\/10\/pressenza_logo_200x200.jpg\",\"contentUrl\":\"https:\/\/www.pressenza.com\/wp-content\/uploads\/2022\/10\/pressenza_logo_200x200.jpg\",\"width\":200,\"height\":200,\"caption\":\"Pressenza\"},\"image\":{\"@id\":\"https:\/\/www.pressenza.com\/it\/#\/schema\/logo\/image\/\"},\"sameAs\":[\"https:\/\/www.facebook.com\/PressenzaItalia\",\"https:\/\/x.com\/PressenzaIPA\"]},{\"@type\":\"Person\",\"@id\":\"https:\/\/www.pressenza.com\/it\/#\/schema\/person\/936766aa03b4e4a6de52e9ef408e9333\",\"name\":\"Comitato Promotore Banca Popolare Jak Italia\",\"description\":\"www.jakitalia.it\",\"url\":\"https:\/\/www.pressenza.com\/it\/author\/jak-italia\/\"}]}<\/script>\n<!-- \/ Yoast SEO plugin. -->","yoast_head_json":{"title":"Diamoci credito: il progetto Jak Bank a convegno","description":"CONVEGNO GRATUITO: IL PROGETTO JAK ITALIA. DIAMOCI CREDITO! CONNETTERE LE PERSONE PER LIBERARE LE IMPRESE 28 novembre 2011 \u2013 h 18.30, Teatro Sociale di","robots":{"index":"index","follow":"follow","max-snippet":"max-snippet:-1","max-image-preview":"max-image-preview:large","max-video-preview":"max-video-preview:-1"},"canonical":"https:\/\/www.pressenza.com\/it\/2013\/11\/diamoci-credito-il-progetto-jak-bank-convegno\/","og_locale":"it_IT","og_type":"article","og_title":"Diamoci credito: il progetto Jak Bank a convegno","og_description":"CONVEGNO GRATUITO: IL PROGETTO JAK ITALIA. DIAMOCI CREDITO! CONNETTERE LE PERSONE PER LIBERARE LE IMPRESE 28 novembre 2011 \u2013 h 18.30, Teatro Sociale di","og_url":"https:\/\/www.pressenza.com\/it\/2013\/11\/diamoci-credito-il-progetto-jak-bank-convegno\/","og_site_name":"Pressenza","article_publisher":"https:\/\/www.facebook.com\/PressenzaItalia","article_published_time":"2013-11-26T13:14:16+00:00","article_modified_time":"2013-11-26T13:27:08+00:00","og_image":[{"url":"https:\/\/www.pressenza.com\/wp-content\/uploads\/2013\/07\/logo-jak.png","type":"","width":"","height":""}],"author":"Comitato Promotore Banca Popolare Jak Italia","twitter_card":"summary_large_image","twitter_creator":"@PressenzaIPA","twitter_site":"@PressenzaIPA","twitter_misc":{"Scritto da":"Comitato Promotore Banca Popolare Jak Italia","Tempo di lettura stimato":"3 minuti"},"schema":{"@context":"https:\/\/schema.org","@graph":[{"@type":"Article","@id":"https:\/\/www.pressenza.com\/it\/2013\/11\/diamoci-credito-il-progetto-jak-bank-convegno\/#article","isPartOf":{"@id":"https:\/\/www.pressenza.com\/it\/2013\/11\/diamoci-credito-il-progetto-jak-bank-convegno\/"},"author":{"name":"Comitato Promotore Banca Popolare Jak Italia","@id":"https:\/\/www.pressenza.com\/it\/#\/schema\/person\/936766aa03b4e4a6de52e9ef408e9333"},"headline":"Diamoci credito: il progetto Jak Bank a convegno","datePublished":"2013-11-26T13:14:16+00:00","dateModified":"2013-11-26T13:27:08+00:00","mainEntityOfPage":{"@id":"https:\/\/www.pressenza.com\/it\/2013\/11\/diamoci-credito-il-progetto-jak-bank-convegno\/"},"wordCount":585,"publisher":{"@id":"https:\/\/www.pressenza.com\/it\/#organization"},"image":{"@id":"https:\/\/www.pressenza.com\/it\/2013\/11\/diamoci-credito-il-progetto-jak-bank-convegno\/#primaryimage"},"thumbnailUrl":"https:\/\/www.pressenza.com\/wp-content\/uploads\/2013\/07\/logo-jak.png","keywords":["Como","convegno","economia","Jak","Jak Bank Italia"],"articleSection":["Comunicati Stampa","Economia","Europa"],"inLanguage":"it-IT"},{"@type":"WebPage","@id":"https:\/\/www.pressenza.com\/it\/2013\/11\/diamoci-credito-il-progetto-jak-bank-convegno\/","url":"https:\/\/www.pressenza.com\/it\/2013\/11\/diamoci-credito-il-progetto-jak-bank-convegno\/","name":"Diamoci credito: il progetto Jak Bank a convegno","isPartOf":{"@id":"https:\/\/www.pressenza.com\/it\/#website"},"primaryImageOfPage":{"@id":"https:\/\/www.pressenza.com\/it\/2013\/11\/diamoci-credito-il-progetto-jak-bank-convegno\/#primaryimage"},"image":{"@id":"https:\/\/www.pressenza.com\/it\/2013\/11\/diamoci-credito-il-progetto-jak-bank-convegno\/#primaryimage"},"thumbnailUrl":"https:\/\/www.pressenza.com\/wp-content\/uploads\/2013\/07\/logo-jak.png","datePublished":"2013-11-26T13:14:16+00:00","dateModified":"2013-11-26T13:27:08+00:00","description":"CONVEGNO GRATUITO: IL PROGETTO JAK ITALIA. DIAMOCI CREDITO! CONNETTERE LE PERSONE PER LIBERARE LE IMPRESE 28 novembre 2011 \u2013 h 18.30, Teatro Sociale di","breadcrumb":{"@id":"https:\/\/www.pressenza.com\/it\/2013\/11\/diamoci-credito-il-progetto-jak-bank-convegno\/#breadcrumb"},"inLanguage":"it-IT","potentialAction":[{"@type":"ReadAction","target":["https:\/\/www.pressenza.com\/it\/2013\/11\/diamoci-credito-il-progetto-jak-bank-convegno\/"]}]},{"@type":"ImageObject","inLanguage":"it-IT","@id":"https:\/\/www.pressenza.com\/it\/2013\/11\/diamoci-credito-il-progetto-jak-bank-convegno\/#primaryimage","url":"https:\/\/www.pressenza.com\/wp-content\/uploads\/2013\/07\/logo-jak.png","contentUrl":"https:\/\/www.pressenza.com\/wp-content\/uploads\/2013\/07\/logo-jak.png"},{"@type":"BreadcrumbList","@id":"https:\/\/www.pressenza.com\/it\/2013\/11\/diamoci-credito-il-progetto-jak-bank-convegno\/#breadcrumb","itemListElement":[{"@type":"ListItem","position":1,"name":"Accueil","item":"https:\/\/www.pressenza.com\/it\/"},{"@type":"ListItem","position":2,"name":"Diamoci credito: il progetto Jak Bank a convegno"}]},{"@type":"WebSite","@id":"https:\/\/www.pressenza.com\/it\/#website","url":"https:\/\/www.pressenza.com\/it\/","name":"Pressenza","description":"Agenzia di Stampa Internazionale","publisher":{"@id":"https:\/\/www.pressenza.com\/it\/#organization"},"potentialAction":[{"@type":"SearchAction","target":{"@type":"EntryPoint","urlTemplate":"https:\/\/www.pressenza.com\/it\/?s={search_term_string}"},"query-input":{"@type":"PropertyValueSpecification","valueRequired":true,"valueName":"search_term_string"}}],"inLanguage":"it-IT"},{"@type":"Organization","@id":"https:\/\/www.pressenza.com\/it\/#organization","name":"Pressenza","url":"https:\/\/www.pressenza.com\/it\/","logo":{"@type":"ImageObject","inLanguage":"it-IT","@id":"https:\/\/www.pressenza.com\/it\/#\/schema\/logo\/image\/","url":"https:\/\/www.pressenza.com\/wp-content\/uploads\/2022\/10\/pressenza_logo_200x200.jpg","contentUrl":"https:\/\/www.pressenza.com\/wp-content\/uploads\/2022\/10\/pressenza_logo_200x200.jpg","width":200,"height":200,"caption":"Pressenza"},"image":{"@id":"https:\/\/www.pressenza.com\/it\/#\/schema\/logo\/image\/"},"sameAs":["https:\/\/www.facebook.com\/PressenzaItalia","https:\/\/x.com\/PressenzaIPA"]},{"@type":"Person","@id":"https:\/\/www.pressenza.com\/it\/#\/schema\/person\/936766aa03b4e4a6de52e9ef408e9333","name":"Comitato Promotore Banca Popolare Jak Italia","description":"www.jakitalia.it","url":"https:\/\/www.pressenza.com\/it\/author\/jak-italia\/"}]}},"place":"","original_article_url":"","_links":{"self":[{"href":"https:\/\/www.pressenza.com\/it\/wp-json\/wp\/v2\/posts\/78502","targetHints":{"allow":["GET"]}}],"collection":[{"href":"https:\/\/www.pressenza.com\/it\/wp-json\/wp\/v2\/posts"}],"about":[{"href":"https:\/\/www.pressenza.com\/it\/wp-json\/wp\/v2\/types\/post"}],"author":[{"embeddable":true,"href":"https:\/\/www.pressenza.com\/it\/wp-json\/wp\/v2\/users\/679"}],"replies":[{"embeddable":true,"href":"https:\/\/www.pressenza.com\/it\/wp-json\/wp\/v2\/comments?post=78502"}],"version-history":[{"count":0,"href":"https:\/\/www.pressenza.com\/it\/wp-json\/wp\/v2\/posts\/78502\/revisions"}],"wp:attachment":[{"href":"https:\/\/www.pressenza.com\/it\/wp-json\/wp\/v2\/media?parent=78502"}],"wp:term":[{"taxonomy":"category","embeddable":true,"href":"https:\/\/www.pressenza.com\/it\/wp-json\/wp\/v2\/categories?post=78502"},{"taxonomy":"post_tag","embeddable":true,"href":"https:\/\/www.pressenza.com\/it\/wp-json\/wp\/v2\/tags?post=78502"}],"curies":[{"name":"wp","href":"https:\/\/api.w.org\/{rel}","templated":true}]}}