{"id":784712,"date":"2019-01-05T19:45:48","date_gmt":"2019-01-05T19:45:48","guid":{"rendered":"https:\/\/www.pressenza.com\/?p=784712"},"modified":"2019-01-05T19:45:48","modified_gmt":"2019-01-05T19:45:48","slug":"il-governo-tedesco-dichiara-che-sea-eye-ha-agito-nel-rispetto-della-legge","status":"publish","type":"post","link":"https:\/\/www.pressenza.com\/it\/2019\/01\/il-governo-tedesco-dichiara-che-sea-eye-ha-agito-nel-rispetto-della-legge\/","title":{"rendered":"Il governo tedesco dichiara che Sea-Eye ha agito \u201cnel rispetto della legge\u201d"},"content":{"rendered":"<p>Nella prime ore del mattino di sabato 29 dicembre, l\u2019equipaggio della nave \u201cProfessor Albrecht Penck\u201d di Sea-Eye ha avvistato un barchino con a bordo 17 persone a 28 miglia nautiche dalle coste libiche. Tra loro una donna e due minori non accompagnati.<\/p>\n<p>Il capitano della nave ha immediatamente informato i centri di coordinamento del soccorso marittimo di Roma e Brema. MRCC Roma ha assegnato la responsabilit\u00e0 dell\u2019evento alla Libia e allo stato di bandiera della \u201cProfessor\u201d. Il centro di coordinamento tedesco, durante una telefonata e successivamente via mail, ha raccomandato al capo missione Jan Ribbeck di seguire gli ordini delle autorit\u00e0 locali.<\/p>\n<p>La richiesta di consegnare le persone soccorse alla Guardia Costiera Libica non \u00e8 stata accettata dall\u2019equipaggio della \u201cProfessor\u201d in quanto ci\u00f2 avrebbe rappresentato una violazione della Convenzione di Ginevra. Alla nave \u00e8 stato successivamente chiesto, senza alcun fondamento legale, di allontanarsi dalla zona di Ricerca e Salvataggio libica.<\/p>\n<p>\u201c\u00c8 alquanto strano come la cosiddetta Guardia Costiera Libica si sia presentata sul luogo del salvataggio. Era una motovedetta senza una chiara identificazione, senza la bandiera nazionale, con a bordo diverse persone in abiti civili e senza uniformi e il cui capitano mi ha chiesto in un inglese poco comprensibile \u00abdammi tutte le persone\u00bb \u201d, afferma Klaus Merkle, capitano della \u201cProfessor Albrecht Penck\u201d.<\/p>\n<p>La \u201cProfessor\u201d si \u00e8 quindi diretta verso Malta. Nella mattinata di domenica 30 dicembre, per\u00f2, anche le autorit\u00e0 maltesi hanno vietato alla nave, senza alcun fondamento legale, di rimanere nella zona SAR maltese. Nonostante ci\u00f2, la sera dello stesso giorno, MRCC Malta ha chiesto supporto alla \u201cProfessor\u201d per la ricerca congiunta di un gommone mancante all\u2019appello. A causa delle condizioni meteo, da tre giorni, la \u201cProfessor\u201d \u00e8 stata autorizzata ad avvicinarsi alle coste maltesi per cercare rifugio dal maltempo con l\u2019ordine di rimanere a una distanza di almeno 3 miglia nautiche dalla costa.<\/p>\n<p>Durante la Conferenza Stampa del Governo Federale tedesco del 2 gennaio, il portavoce del Ministero Federale dei Trasporti ha confermato la corretta registrazione della \u201cProfessor\u201d. Prima della partenza della nave, un\u2019ispezione delle autorit\u00e0 portuali spagnole aveva gi\u00e0 confermato la validit\u00e0 di tutti i certificati della nave. Il portavoce del Ministero Federale degli Esteri ha dichiarato che il rifiuto dell\u2019equipaggio di consegnare le persone soccorse alla Guardia Costiera Libica \u00e8 stato un comportamento \u201crispettoso delle leggi\u201d.<\/p>\n<p>\u201cNonostante negli scorsi mesi i populisti di destra di tutta Europa abbiano cercato ripetutamente di screditarci e di mettere in cattiva luce le nostre operazioni, oggi \u00e8 chiaro a tutti che agiamo nel pieno rispetto delle leggi.\u201d afferma Gordon Isler, portavoce di Sea-Eye.<\/p>\n<p>Nella notte di gioved\u00ec 3 gennaio, una tempesta ha colpito l\u2019isola di Malta. Le persone soccorse hanno passato la notte sotto coperta. In molti, tra le persone salvate come tra i membri dell\u2019equipaggio, soffrono di mal di mare. Nel frattempo le riserve di cibo e di acqua della nave vengono razionate.<\/p>\n<p>Il Ministero degli Esteri Tedesco sta supportando Sea-Eye dal momento del salvataggio ed \u00e8 in contatto con la nave. Gioved\u00ec pomeriggio il Ministero ha informato l\u2019organizzazione che: \u201cIl Governo Federale \u00e8 disposto ad accogliere una parte delle persone soccorse da Sea-Eye e Sea-Watch all\u2019interno di una soluzione europea. Anche altri stati europei sono disposti a fare lo stesso. La Commissione Europea sta lavorando duramente per raggiungere ulteriori impegni di accoglienza per l\u2019esecuzione delle procedure d\u2019asilo.\u201d<\/p>\n<p>Oggi, per le persone soccorse dall\u2019equipaggio della \u201cProfessor Albrecht Penck\u201d \u00e8 il settimo giorno di attesa per una soluzione politica. Nel frattempo le persone a bordo della Sea-Watch 3 aspettano da ormai quattordici giorni.<\/p>\n<p><strong>Su Sea-Eye<\/strong><\/p>\n<p>L\u2019organizzazione Sea-Eye \u00e8 stata fondata nel 2015 a Ratisbona. In questi anni pi\u00f9 di 800 volontari hanno preso parte al salvataggio di 14\u2019378 persone a bordo delle due navi dell\u2019organizzazione, la \u201cSea-Eye\u201d e la \u201cSeefuchs\u201d. Nell\u2019estate del 2018 il consiglio della ONG ha scelto di iniziare una nuova missione con una nave battente bandiera tedesca: la \u201cProfessor Albrecht Penck\u201d.<\/p>\n","protected":false},"excerpt":{"rendered":"<p>Nella prime ore del mattino di sabato 29 dicembre, l\u2019equipaggio della nave \u201cProfessor Albrecht Penck\u201d di Sea-Eye ha avvistato un barchino con a bordo 17 persone a 28 miglia nautiche dalle coste libiche. Tra loro una donna e due minori&hellip;<\/p>\n","protected":false},"author":594,"featured_media":784713,"comment_status":"closed","ping_status":"closed","sticky":false,"template":"","format":"standard","meta":{"footnotes":""},"categories":[45,60,47],"tags":[53373,41700,2636,27000,53322],"class_list":["post-784712","post","type-post","status-publish","format-standard","has-post-thumbnail","hentry","category-africa-it","category-diritti-umani","category-europa","tag-governo-tedesco","tag-guardia-costiera-libica","tag-migranti","tag-salvataggio","tag-sea-eye"],"yoast_head":"<!-- This site is optimized with the Yoast SEO plugin v27.1.1 - https:\/\/yoast.com\/product\/yoast-seo-wordpress\/ -->\n<title>Il governo tedesco dichiara che Sea-Eye ha agito \u201cnel rispetto della legge\u201d<\/title>\n<meta name=\"description\" content=\"Nella prime ore del mattino di sabato 29 dicembre, l\u2019equipaggio della nave \u201cProfessor Albrecht Penck\u201d di Sea-Eye ha avvistato un barchino con a bordo 17\" \/>\n<meta name=\"robots\" content=\"index, follow, max-snippet:-1, max-image-preview:large, max-video-preview:-1\" \/>\n<link rel=\"canonical\" href=\"https:\/\/www.pressenza.com\/it\/2019\/01\/il-governo-tedesco-dichiara-che-sea-eye-ha-agito-nel-rispetto-della-legge\/\" \/>\n<meta property=\"og:locale\" content=\"it_IT\" \/>\n<meta property=\"og:type\" content=\"article\" \/>\n<meta property=\"og:title\" content=\"Il governo tedesco dichiara che Sea-Eye ha agito \u201cnel rispetto della legge\u201d\" \/>\n<meta property=\"og:description\" content=\"Nella prime ore del mattino di sabato 29 dicembre, l\u2019equipaggio della nave \u201cProfessor Albrecht Penck\u201d di Sea-Eye ha avvistato un barchino con a bordo 17\" \/>\n<meta property=\"og:url\" content=\"https:\/\/www.pressenza.com\/it\/2019\/01\/il-governo-tedesco-dichiara-che-sea-eye-ha-agito-nel-rispetto-della-legge\/\" \/>\n<meta property=\"og:site_name\" content=\"Pressenza\" \/>\n<meta property=\"article:publisher\" content=\"https:\/\/www.facebook.com\/PressenzaItalia\" \/>\n<meta property=\"article:author\" content=\"https:\/\/www.facebook.com\/PressenzaItalia\" \/>\n<meta property=\"article:published_time\" content=\"2019-01-05T19:45:48+00:00\" \/>\n<meta property=\"og:image\" content=\"https:\/\/www.pressenza.com\/wp-content\/uploads\/2019\/01\/sea-eye-salvataggio.jpeg\" \/>\n\t<meta property=\"og:image:width\" content=\"1600\" \/>\n\t<meta property=\"og:image:height\" content=\"1068\" \/>\n\t<meta property=\"og:image:type\" content=\"image\/jpeg\" \/>\n<meta name=\"author\" content=\"Redazione Italia\" \/>\n<meta name=\"twitter:card\" content=\"summary_large_image\" \/>\n<meta name=\"twitter:creator\" content=\"@pressenza_it\" \/>\n<meta name=\"twitter:site\" content=\"@PressenzaIPA\" \/>\n<meta name=\"twitter:label1\" content=\"Scritto da\" \/>\n\t<meta name=\"twitter:data1\" content=\"Redazione Italia\" \/>\n\t<meta name=\"twitter:label2\" content=\"Tempo di lettura stimato\" \/>\n\t<meta name=\"twitter:data2\" content=\"3 minuti\" \/>\n<script type=\"application\/ld+json\" class=\"yoast-schema-graph\">{\"@context\":\"https:\/\/schema.org\",\"@graph\":[{\"@type\":\"Article\",\"@id\":\"https:\/\/www.pressenza.com\/it\/2019\/01\/il-governo-tedesco-dichiara-che-sea-eye-ha-agito-nel-rispetto-della-legge\/#article\",\"isPartOf\":{\"@id\":\"https:\/\/www.pressenza.com\/it\/2019\/01\/il-governo-tedesco-dichiara-che-sea-eye-ha-agito-nel-rispetto-della-legge\/\"},\"author\":{\"name\":\"Redazione Italia\",\"@id\":\"https:\/\/www.pressenza.com\/it\/#\/schema\/person\/d983e81827ae24f2c7b1a2123d197f8d\"},\"headline\":\"Il governo tedesco dichiara che Sea-Eye ha agito \u201cnel rispetto della legge\u201d\",\"datePublished\":\"2019-01-05T19:45:48+00:00\",\"mainEntityOfPage\":{\"@id\":\"https:\/\/www.pressenza.com\/it\/2019\/01\/il-governo-tedesco-dichiara-che-sea-eye-ha-agito-nel-rispetto-della-legge\/\"},\"wordCount\":650,\"publisher\":{\"@id\":\"https:\/\/www.pressenza.com\/it\/#organization\"},\"image\":{\"@id\":\"https:\/\/www.pressenza.com\/it\/2019\/01\/il-governo-tedesco-dichiara-che-sea-eye-ha-agito-nel-rispetto-della-legge\/#primaryimage\"},\"thumbnailUrl\":\"https:\/\/www.pressenza.com\/wp-content\/uploads\/2019\/01\/sea-eye-salvataggio.jpeg\",\"keywords\":[\"governo tedesco\",\"Guardia Costiera libica\",\"migranti\",\"salvataggio\",\"Sea Eye\"],\"articleSection\":[\"Africa\",\"Diritti Umani\",\"Europa\"],\"inLanguage\":\"it-IT\"},{\"@type\":\"WebPage\",\"@id\":\"https:\/\/www.pressenza.com\/it\/2019\/01\/il-governo-tedesco-dichiara-che-sea-eye-ha-agito-nel-rispetto-della-legge\/\",\"url\":\"https:\/\/www.pressenza.com\/it\/2019\/01\/il-governo-tedesco-dichiara-che-sea-eye-ha-agito-nel-rispetto-della-legge\/\",\"name\":\"Il governo tedesco dichiara che Sea-Eye ha agito \u201cnel rispetto della legge\u201d\",\"isPartOf\":{\"@id\":\"https:\/\/www.pressenza.com\/it\/#website\"},\"primaryImageOfPage\":{\"@id\":\"https:\/\/www.pressenza.com\/it\/2019\/01\/il-governo-tedesco-dichiara-che-sea-eye-ha-agito-nel-rispetto-della-legge\/#primaryimage\"},\"image\":{\"@id\":\"https:\/\/www.pressenza.com\/it\/2019\/01\/il-governo-tedesco-dichiara-che-sea-eye-ha-agito-nel-rispetto-della-legge\/#primaryimage\"},\"thumbnailUrl\":\"https:\/\/www.pressenza.com\/wp-content\/uploads\/2019\/01\/sea-eye-salvataggio.jpeg\",\"datePublished\":\"2019-01-05T19:45:48+00:00\",\"description\":\"Nella prime ore del mattino di sabato 29 dicembre, l\u2019equipaggio della nave \u201cProfessor Albrecht Penck\u201d di Sea-Eye ha avvistato un barchino con a bordo 17\",\"breadcrumb\":{\"@id\":\"https:\/\/www.pressenza.com\/it\/2019\/01\/il-governo-tedesco-dichiara-che-sea-eye-ha-agito-nel-rispetto-della-legge\/#breadcrumb\"},\"inLanguage\":\"it-IT\",\"potentialAction\":[{\"@type\":\"ReadAction\",\"target\":[\"https:\/\/www.pressenza.com\/it\/2019\/01\/il-governo-tedesco-dichiara-che-sea-eye-ha-agito-nel-rispetto-della-legge\/\"]}]},{\"@type\":\"ImageObject\",\"inLanguage\":\"it-IT\",\"@id\":\"https:\/\/www.pressenza.com\/it\/2019\/01\/il-governo-tedesco-dichiara-che-sea-eye-ha-agito-nel-rispetto-della-legge\/#primaryimage\",\"url\":\"https:\/\/www.pressenza.com\/wp-content\/uploads\/2019\/01\/sea-eye-salvataggio.jpeg\",\"contentUrl\":\"https:\/\/www.pressenza.com\/wp-content\/uploads\/2019\/01\/sea-eye-salvataggio.jpeg\",\"width\":1600,\"height\":1068},{\"@type\":\"BreadcrumbList\",\"@id\":\"https:\/\/www.pressenza.com\/it\/2019\/01\/il-governo-tedesco-dichiara-che-sea-eye-ha-agito-nel-rispetto-della-legge\/#breadcrumb\",\"itemListElement\":[{\"@type\":\"ListItem\",\"position\":1,\"name\":\"Accueil\",\"item\":\"https:\/\/www.pressenza.com\/it\/\"},{\"@type\":\"ListItem\",\"position\":2,\"name\":\"Il governo tedesco dichiara che Sea-Eye ha agito \u201cnel rispetto della legge\u201d\"}]},{\"@type\":\"WebSite\",\"@id\":\"https:\/\/www.pressenza.com\/it\/#website\",\"url\":\"https:\/\/www.pressenza.com\/it\/\",\"name\":\"Pressenza\",\"description\":\"Agenzia di Stampa Internazionale\",\"publisher\":{\"@id\":\"https:\/\/www.pressenza.com\/it\/#organization\"},\"potentialAction\":[{\"@type\":\"SearchAction\",\"target\":{\"@type\":\"EntryPoint\",\"urlTemplate\":\"https:\/\/www.pressenza.com\/it\/?s={search_term_string}\"},\"query-input\":{\"@type\":\"PropertyValueSpecification\",\"valueRequired\":true,\"valueName\":\"search_term_string\"}}],\"inLanguage\":\"it-IT\"},{\"@type\":\"Organization\",\"@id\":\"https:\/\/www.pressenza.com\/it\/#organization\",\"name\":\"Pressenza\",\"url\":\"https:\/\/www.pressenza.com\/it\/\",\"logo\":{\"@type\":\"ImageObject\",\"inLanguage\":\"it-IT\",\"@id\":\"https:\/\/www.pressenza.com\/it\/#\/schema\/logo\/image\/\",\"url\":\"https:\/\/www.pressenza.com\/wp-content\/uploads\/2022\/10\/pressenza_logo_200x200.jpg\",\"contentUrl\":\"https:\/\/www.pressenza.com\/wp-content\/uploads\/2022\/10\/pressenza_logo_200x200.jpg\",\"width\":200,\"height\":200,\"caption\":\"Pressenza\"},\"image\":{\"@id\":\"https:\/\/www.pressenza.com\/it\/#\/schema\/logo\/image\/\"},\"sameAs\":[\"https:\/\/www.facebook.com\/PressenzaItalia\",\"https:\/\/x.com\/PressenzaIPA\"]},{\"@type\":\"Person\",\"@id\":\"https:\/\/www.pressenza.com\/it\/#\/schema\/person\/d983e81827ae24f2c7b1a2123d197f8d\",\"name\":\"Redazione Italia\",\"description\":\"News from the Pressenza Bureau in Italy\",\"sameAs\":[\"https:\/\/www.pressenza.com\/it\/author\/redazione-italia\/\",\"https:\/\/www.facebook.com\/PressenzaItalia\",\"https:\/\/www.instagram.com\/pressenza_italia\/\",\"https:\/\/x.com\/pressenza_it\",\"https:\/\/www.youtube.com\/channel\/UCSalEIWjE1RSxkwjfftFuqg\"],\"url\":\"https:\/\/www.pressenza.com\/it\/author\/redazione-italia\/\"}]}<\/script>\n<!-- \/ Yoast SEO plugin. -->","yoast_head_json":{"title":"Il governo tedesco dichiara che Sea-Eye ha agito \u201cnel rispetto della legge\u201d","description":"Nella prime ore del mattino di sabato 29 dicembre, l\u2019equipaggio della nave \u201cProfessor Albrecht Penck\u201d di Sea-Eye ha avvistato un barchino con a bordo 17","robots":{"index":"index","follow":"follow","max-snippet":"max-snippet:-1","max-image-preview":"max-image-preview:large","max-video-preview":"max-video-preview:-1"},"canonical":"https:\/\/www.pressenza.com\/it\/2019\/01\/il-governo-tedesco-dichiara-che-sea-eye-ha-agito-nel-rispetto-della-legge\/","og_locale":"it_IT","og_type":"article","og_title":"Il governo tedesco dichiara che Sea-Eye ha agito \u201cnel rispetto della legge\u201d","og_description":"Nella prime ore del mattino di sabato 29 dicembre, l\u2019equipaggio della nave \u201cProfessor Albrecht Penck\u201d di Sea-Eye ha avvistato un barchino con a bordo 17","og_url":"https:\/\/www.pressenza.com\/it\/2019\/01\/il-governo-tedesco-dichiara-che-sea-eye-ha-agito-nel-rispetto-della-legge\/","og_site_name":"Pressenza","article_publisher":"https:\/\/www.facebook.com\/PressenzaItalia","article_author":"https:\/\/www.facebook.com\/PressenzaItalia","article_published_time":"2019-01-05T19:45:48+00:00","og_image":[{"width":1600,"height":1068,"url":"https:\/\/www.pressenza.com\/wp-content\/uploads\/2019\/01\/sea-eye-salvataggio.jpeg","type":"image\/jpeg"}],"author":"Redazione Italia","twitter_card":"summary_large_image","twitter_creator":"@pressenza_it","twitter_site":"@PressenzaIPA","twitter_misc":{"Scritto da":"Redazione Italia","Tempo di lettura stimato":"3 minuti"},"schema":{"@context":"https:\/\/schema.org","@graph":[{"@type":"Article","@id":"https:\/\/www.pressenza.com\/it\/2019\/01\/il-governo-tedesco-dichiara-che-sea-eye-ha-agito-nel-rispetto-della-legge\/#article","isPartOf":{"@id":"https:\/\/www.pressenza.com\/it\/2019\/01\/il-governo-tedesco-dichiara-che-sea-eye-ha-agito-nel-rispetto-della-legge\/"},"author":{"name":"Redazione Italia","@id":"https:\/\/www.pressenza.com\/it\/#\/schema\/person\/d983e81827ae24f2c7b1a2123d197f8d"},"headline":"Il governo tedesco dichiara che Sea-Eye ha agito \u201cnel rispetto della legge\u201d","datePublished":"2019-01-05T19:45:48+00:00","mainEntityOfPage":{"@id":"https:\/\/www.pressenza.com\/it\/2019\/01\/il-governo-tedesco-dichiara-che-sea-eye-ha-agito-nel-rispetto-della-legge\/"},"wordCount":650,"publisher":{"@id":"https:\/\/www.pressenza.com\/it\/#organization"},"image":{"@id":"https:\/\/www.pressenza.com\/it\/2019\/01\/il-governo-tedesco-dichiara-che-sea-eye-ha-agito-nel-rispetto-della-legge\/#primaryimage"},"thumbnailUrl":"https:\/\/www.pressenza.com\/wp-content\/uploads\/2019\/01\/sea-eye-salvataggio.jpeg","keywords":["governo tedesco","Guardia Costiera libica","migranti","salvataggio","Sea Eye"],"articleSection":["Africa","Diritti Umani","Europa"],"inLanguage":"it-IT"},{"@type":"WebPage","@id":"https:\/\/www.pressenza.com\/it\/2019\/01\/il-governo-tedesco-dichiara-che-sea-eye-ha-agito-nel-rispetto-della-legge\/","url":"https:\/\/www.pressenza.com\/it\/2019\/01\/il-governo-tedesco-dichiara-che-sea-eye-ha-agito-nel-rispetto-della-legge\/","name":"Il governo tedesco dichiara che Sea-Eye ha agito \u201cnel rispetto della legge\u201d","isPartOf":{"@id":"https:\/\/www.pressenza.com\/it\/#website"},"primaryImageOfPage":{"@id":"https:\/\/www.pressenza.com\/it\/2019\/01\/il-governo-tedesco-dichiara-che-sea-eye-ha-agito-nel-rispetto-della-legge\/#primaryimage"},"image":{"@id":"https:\/\/www.pressenza.com\/it\/2019\/01\/il-governo-tedesco-dichiara-che-sea-eye-ha-agito-nel-rispetto-della-legge\/#primaryimage"},"thumbnailUrl":"https:\/\/www.pressenza.com\/wp-content\/uploads\/2019\/01\/sea-eye-salvataggio.jpeg","datePublished":"2019-01-05T19:45:48+00:00","description":"Nella prime ore del mattino di sabato 29 dicembre, l\u2019equipaggio della nave \u201cProfessor Albrecht Penck\u201d di Sea-Eye ha avvistato un barchino con a bordo 17","breadcrumb":{"@id":"https:\/\/www.pressenza.com\/it\/2019\/01\/il-governo-tedesco-dichiara-che-sea-eye-ha-agito-nel-rispetto-della-legge\/#breadcrumb"},"inLanguage":"it-IT","potentialAction":[{"@type":"ReadAction","target":["https:\/\/www.pressenza.com\/it\/2019\/01\/il-governo-tedesco-dichiara-che-sea-eye-ha-agito-nel-rispetto-della-legge\/"]}]},{"@type":"ImageObject","inLanguage":"it-IT","@id":"https:\/\/www.pressenza.com\/it\/2019\/01\/il-governo-tedesco-dichiara-che-sea-eye-ha-agito-nel-rispetto-della-legge\/#primaryimage","url":"https:\/\/www.pressenza.com\/wp-content\/uploads\/2019\/01\/sea-eye-salvataggio.jpeg","contentUrl":"https:\/\/www.pressenza.com\/wp-content\/uploads\/2019\/01\/sea-eye-salvataggio.jpeg","width":1600,"height":1068},{"@type":"BreadcrumbList","@id":"https:\/\/www.pressenza.com\/it\/2019\/01\/il-governo-tedesco-dichiara-che-sea-eye-ha-agito-nel-rispetto-della-legge\/#breadcrumb","itemListElement":[{"@type":"ListItem","position":1,"name":"Accueil","item":"https:\/\/www.pressenza.com\/it\/"},{"@type":"ListItem","position":2,"name":"Il governo tedesco dichiara che Sea-Eye ha agito \u201cnel rispetto della legge\u201d"}]},{"@type":"WebSite","@id":"https:\/\/www.pressenza.com\/it\/#website","url":"https:\/\/www.pressenza.com\/it\/","name":"Pressenza","description":"Agenzia di Stampa Internazionale","publisher":{"@id":"https:\/\/www.pressenza.com\/it\/#organization"},"potentialAction":[{"@type":"SearchAction","target":{"@type":"EntryPoint","urlTemplate":"https:\/\/www.pressenza.com\/it\/?s={search_term_string}"},"query-input":{"@type":"PropertyValueSpecification","valueRequired":true,"valueName":"search_term_string"}}],"inLanguage":"it-IT"},{"@type":"Organization","@id":"https:\/\/www.pressenza.com\/it\/#organization","name":"Pressenza","url":"https:\/\/www.pressenza.com\/it\/","logo":{"@type":"ImageObject","inLanguage":"it-IT","@id":"https:\/\/www.pressenza.com\/it\/#\/schema\/logo\/image\/","url":"https:\/\/www.pressenza.com\/wp-content\/uploads\/2022\/10\/pressenza_logo_200x200.jpg","contentUrl":"https:\/\/www.pressenza.com\/wp-content\/uploads\/2022\/10\/pressenza_logo_200x200.jpg","width":200,"height":200,"caption":"Pressenza"},"image":{"@id":"https:\/\/www.pressenza.com\/it\/#\/schema\/logo\/image\/"},"sameAs":["https:\/\/www.facebook.com\/PressenzaItalia","https:\/\/x.com\/PressenzaIPA"]},{"@type":"Person","@id":"https:\/\/www.pressenza.com\/it\/#\/schema\/person\/d983e81827ae24f2c7b1a2123d197f8d","name":"Redazione Italia","description":"News from the Pressenza Bureau in Italy","sameAs":["https:\/\/www.pressenza.com\/it\/author\/redazione-italia\/","https:\/\/www.facebook.com\/PressenzaItalia","https:\/\/www.instagram.com\/pressenza_italia\/","https:\/\/x.com\/pressenza_it","https:\/\/www.youtube.com\/channel\/UCSalEIWjE1RSxkwjfftFuqg"],"url":"https:\/\/www.pressenza.com\/it\/author\/redazione-italia\/"}]}},"place":"","original_article_url":"","_links":{"self":[{"href":"https:\/\/www.pressenza.com\/it\/wp-json\/wp\/v2\/posts\/784712","targetHints":{"allow":["GET"]}}],"collection":[{"href":"https:\/\/www.pressenza.com\/it\/wp-json\/wp\/v2\/posts"}],"about":[{"href":"https:\/\/www.pressenza.com\/it\/wp-json\/wp\/v2\/types\/post"}],"author":[{"embeddable":true,"href":"https:\/\/www.pressenza.com\/it\/wp-json\/wp\/v2\/users\/594"}],"replies":[{"embeddable":true,"href":"https:\/\/www.pressenza.com\/it\/wp-json\/wp\/v2\/comments?post=784712"}],"version-history":[{"count":0,"href":"https:\/\/www.pressenza.com\/it\/wp-json\/wp\/v2\/posts\/784712\/revisions"}],"wp:featuredmedia":[{"embeddable":true,"href":"https:\/\/www.pressenza.com\/it\/wp-json\/wp\/v2\/media\/784713"}],"wp:attachment":[{"href":"https:\/\/www.pressenza.com\/it\/wp-json\/wp\/v2\/media?parent=784712"}],"wp:term":[{"taxonomy":"category","embeddable":true,"href":"https:\/\/www.pressenza.com\/it\/wp-json\/wp\/v2\/categories?post=784712"},{"taxonomy":"post_tag","embeddable":true,"href":"https:\/\/www.pressenza.com\/it\/wp-json\/wp\/v2\/tags?post=784712"}],"curies":[{"name":"wp","href":"https:\/\/api.w.org\/{rel}","templated":true}]}}