{"id":781937,"date":"2018-12-29T15:18:07","date_gmt":"2018-12-29T15:18:07","guid":{"rendered":"https:\/\/www.pressenza.com\/?p=781937"},"modified":"2018-12-29T15:18:07","modified_gmt":"2018-12-29T15:18:07","slug":"saharawi-tra-pompidou-e-fortini","status":"publish","type":"post","link":"https:\/\/www.pressenza.com\/it\/2018\/12\/saharawi-tra-pompidou-e-fortini\/","title":{"rendered":"Saharawi: tra Pompidou e Fortini"},"content":{"rendered":"<p>Credo proprio che il vecchio Franco Fortini sia contento di ospitare nel &#8220;suo sito&#8221; questa denuncia. Questo frammento di una lotta che sembra non avere fine.<\/p>\n<div dir=\"auto\">I Saharawi, questo popolo ostinato, tenace, le prova tutte, non ne lascia passare una, non cede di un passo. Contro hanno le pi\u00f9 grandi potenze. Non basta il diritto, quello si \u00e8 gi\u00e0 espresso, per l&#8217;autodeterminazione, per un referendum. Stavolta e&#8217; un&#8217;istituzione francese che risponde alla chiamata del potere marocchino.<\/div>\n<div dir=\"auto\">La vicenda in breve: i Saharawi 20 anni fa raccolgono foto sulla guerra che vi fu tra esercito marocchino e Fronte Polisario.<\/div>\n<div dir=\"auto\">I volti dei soldati marocchini che morirono o furono fatti prigionieri, le foto che avevano con s\u00e9, le mogli, le fidanzate. La memoria dell&#8217;altra parte.<\/div>\n<div dir=\"auto\">Ne esce un librone. Con 483 foto stampato solo in 20 copie, &#8220;Necessit\u00e0 dei volti&#8221;, che viene esposto pi\u00f9 volte e dato a pochi eletti (Chomsky, Loach, altri&#8230;). Una copia nel 2012 va a Parigi alla biblioteca Kandinsky.<\/div>\n<div dir=\"auto\">Ottobre 2018 il celebre Centre Pompidou lo espone in una sala.<\/div>\n<div dir=\"auto\">Ci siamo.<\/div>\n<div dir=\"auto\">Arriva, puntuale, la lettera dal Marocco.<\/div>\n<div dir=\"auto\">Il libro \u00e8 ritirato.<\/div>\n<div dir=\"auto\">Dal direttore del Centre Pompidou: silenzio.<\/div>\n<div dir=\"auto\"><\/div>\n<div dir=\"auto\">Parte una raccolta firme.<\/div>\n<div dir=\"auto\">L&#8217;ennesima. Non va trascurata, non va trascurata questa lotta, questo come altri popoli oppressi.<\/div>\n<div dir=\"auto\">Trovate maggiori informazioni sul sito\u00a0<a href=\"http:\/\/www.ospiteingrato.unisi.it\/\" target=\"_blank\" rel=\"noopener noreferrer\" data-saferedirecturl=\"https:\/\/www.google.com\/url?q=http:\/\/www.ospiteingrato.unisi.it&amp;source=gmail&amp;ust=1546182530760000&amp;usg=AFQjCNHEV0cdAlFGvNoadDwDEnf_zoenMg\">http:\/\/www.ospiteingrato.<wbr \/>unisi.it<\/a><\/div>\n<div dir=\"auto\">Potete aderire scrivendo a\u00a0<a href=\"mailto:necessitadeivolti@gmail.com\" target=\"_blank\" rel=\"noopener\">necessitadeivolti@gmail.com<\/a>\u00a0indicando nome cognome professione e citta&#8217; di residenza.<\/div>\n<div dir=\"auto\">Il vecchio Fortini ci ricordava come dalla Spagna repubblicana arrivassero appelli via radio &#8220;recordad estos nombres&#8221; (ricordate questi nomi) E poi un lungo elenco di coloro che avevano spalleggiato il fascismo.<\/div>\n<div dir=\"auto\">Non dimentichiamo.<\/div>\n","protected":false},"excerpt":{"rendered":"<p>Credo proprio che il vecchio Franco Fortini sia contento di ospitare nel &#8220;suo sito&#8221; questa denuncia. Questo frammento di una lotta che sembra non avere fine. I Saharawi, questo popolo ostinato, tenace, le prova tutte, non ne lascia passare una,&hellip;<\/p>\n","protected":false},"author":1537,"featured_media":781939,"comment_status":"closed","ping_status":"closed","sticky":false,"template":"","format":"standard","meta":{"footnotes":""},"categories":[56,60],"tags":[53224,53225,992,4090,4400,991],"class_list":["post-781937","post","type-post","status-publish","format-standard","has-post-thumbnail","hentry","category-cultura","category-diritti-umani","tag-centre-pompidou","tag-franco-fortini","tag-fronte-polisario","tag-marocco","tag-sahara-occidentale","tag-saharawi"],"yoast_head":"<!-- This site is optimized with the Yoast SEO plugin v27.1.1 - https:\/\/yoast.com\/product\/yoast-seo-wordpress\/ -->\n<title>Saharawi: tra Pompidou e Fortini<\/title>\n<meta name=\"description\" content=\"Credo proprio che il vecchio Franco Fortini sia contento di ospitare nel &quot;suo sito&quot; questa denuncia. Questo frammento di una lotta che sembra non avere\" \/>\n<meta name=\"robots\" content=\"index, follow, max-snippet:-1, max-image-preview:large, max-video-preview:-1\" \/>\n<link rel=\"canonical\" href=\"https:\/\/www.pressenza.com\/it\/2018\/12\/saharawi-tra-pompidou-e-fortini\/\" \/>\n<meta property=\"og:locale\" content=\"it_IT\" \/>\n<meta property=\"og:type\" content=\"article\" \/>\n<meta property=\"og:title\" content=\"Saharawi: tra Pompidou e Fortini\" \/>\n<meta property=\"og:description\" content=\"Credo proprio che il vecchio Franco Fortini sia contento di ospitare nel &quot;suo sito&quot; questa denuncia. Questo frammento di una lotta che sembra non avere\" \/>\n<meta property=\"og:url\" content=\"https:\/\/www.pressenza.com\/it\/2018\/12\/saharawi-tra-pompidou-e-fortini\/\" \/>\n<meta property=\"og:site_name\" content=\"Pressenza\" \/>\n<meta property=\"article:publisher\" content=\"https:\/\/www.facebook.com\/PressenzaItalia\" \/>\n<meta property=\"article:published_time\" content=\"2018-12-29T15:18:07+00:00\" \/>\n<meta property=\"og:image\" content=\"https:\/\/www.pressenza.com\/wp-content\/uploads\/2018\/12\/Campo-profughi-di-Smara-web.jpg\" \/>\n\t<meta property=\"og:image:width\" content=\"640\" \/>\n\t<meta property=\"og:image:height\" content=\"514\" \/>\n\t<meta property=\"og:image:type\" content=\"image\/jpeg\" \/>\n<meta name=\"author\" content=\"Andrea De Lotto\" \/>\n<meta name=\"twitter:card\" content=\"summary_large_image\" \/>\n<meta name=\"twitter:creator\" content=\"@PressenzaIPA\" \/>\n<meta name=\"twitter:site\" content=\"@PressenzaIPA\" \/>\n<meta name=\"twitter:label1\" content=\"Scritto da\" \/>\n\t<meta name=\"twitter:data1\" content=\"Andrea De Lotto\" \/>\n\t<meta name=\"twitter:label2\" content=\"Tempo di lettura stimato\" \/>\n\t<meta name=\"twitter:data2\" content=\"1 minuto\" \/>\n<script type=\"application\/ld+json\" class=\"yoast-schema-graph\">{\"@context\":\"https:\/\/schema.org\",\"@graph\":[{\"@type\":\"Article\",\"@id\":\"https:\/\/www.pressenza.com\/it\/2018\/12\/saharawi-tra-pompidou-e-fortini\/#article\",\"isPartOf\":{\"@id\":\"https:\/\/www.pressenza.com\/it\/2018\/12\/saharawi-tra-pompidou-e-fortini\/\"},\"author\":{\"name\":\"Andrea De Lotto\",\"@id\":\"https:\/\/www.pressenza.com\/it\/#\/schema\/person\/6388dc0281afd7eeb72a1763aca696a4\"},\"headline\":\"Saharawi: tra Pompidou e Fortini\",\"datePublished\":\"2018-12-29T15:18:07+00:00\",\"mainEntityOfPage\":{\"@id\":\"https:\/\/www.pressenza.com\/it\/2018\/12\/saharawi-tra-pompidou-e-fortini\/\"},\"wordCount\":268,\"publisher\":{\"@id\":\"https:\/\/www.pressenza.com\/it\/#organization\"},\"image\":{\"@id\":\"https:\/\/www.pressenza.com\/it\/2018\/12\/saharawi-tra-pompidou-e-fortini\/#primaryimage\"},\"thumbnailUrl\":\"https:\/\/www.pressenza.com\/wp-content\/uploads\/2018\/12\/Campo-profughi-di-Smara-web.jpg\",\"keywords\":[\"Centre Pompidou\",\"Franco Fortini\",\"Fronte Polisario\",\"Marocco\",\"Sahara Occidentale\",\"saharawi\"],\"articleSection\":[\"Cultura e Media\",\"Diritti Umani\"],\"inLanguage\":\"it-IT\"},{\"@type\":\"WebPage\",\"@id\":\"https:\/\/www.pressenza.com\/it\/2018\/12\/saharawi-tra-pompidou-e-fortini\/\",\"url\":\"https:\/\/www.pressenza.com\/it\/2018\/12\/saharawi-tra-pompidou-e-fortini\/\",\"name\":\"Saharawi: tra Pompidou e Fortini\",\"isPartOf\":{\"@id\":\"https:\/\/www.pressenza.com\/it\/#website\"},\"primaryImageOfPage\":{\"@id\":\"https:\/\/www.pressenza.com\/it\/2018\/12\/saharawi-tra-pompidou-e-fortini\/#primaryimage\"},\"image\":{\"@id\":\"https:\/\/www.pressenza.com\/it\/2018\/12\/saharawi-tra-pompidou-e-fortini\/#primaryimage\"},\"thumbnailUrl\":\"https:\/\/www.pressenza.com\/wp-content\/uploads\/2018\/12\/Campo-profughi-di-Smara-web.jpg\",\"datePublished\":\"2018-12-29T15:18:07+00:00\",\"description\":\"Credo proprio che il vecchio Franco Fortini sia contento di ospitare nel \\\"suo sito\\\" questa denuncia. Questo frammento di una lotta che sembra non avere\",\"breadcrumb\":{\"@id\":\"https:\/\/www.pressenza.com\/it\/2018\/12\/saharawi-tra-pompidou-e-fortini\/#breadcrumb\"},\"inLanguage\":\"it-IT\",\"potentialAction\":[{\"@type\":\"ReadAction\",\"target\":[\"https:\/\/www.pressenza.com\/it\/2018\/12\/saharawi-tra-pompidou-e-fortini\/\"]}]},{\"@type\":\"ImageObject\",\"inLanguage\":\"it-IT\",\"@id\":\"https:\/\/www.pressenza.com\/it\/2018\/12\/saharawi-tra-pompidou-e-fortini\/#primaryimage\",\"url\":\"https:\/\/www.pressenza.com\/wp-content\/uploads\/2018\/12\/Campo-profughi-di-Smara-web.jpg\",\"contentUrl\":\"https:\/\/www.pressenza.com\/wp-content\/uploads\/2018\/12\/Campo-profughi-di-Smara-web.jpg\",\"width\":640,\"height\":514},{\"@type\":\"BreadcrumbList\",\"@id\":\"https:\/\/www.pressenza.com\/it\/2018\/12\/saharawi-tra-pompidou-e-fortini\/#breadcrumb\",\"itemListElement\":[{\"@type\":\"ListItem\",\"position\":1,\"name\":\"Accueil\",\"item\":\"https:\/\/www.pressenza.com\/it\/\"},{\"@type\":\"ListItem\",\"position\":2,\"name\":\"Saharawi: tra Pompidou e Fortini\"}]},{\"@type\":\"WebSite\",\"@id\":\"https:\/\/www.pressenza.com\/it\/#website\",\"url\":\"https:\/\/www.pressenza.com\/it\/\",\"name\":\"Pressenza\",\"description\":\"Agenzia di Stampa Internazionale\",\"publisher\":{\"@id\":\"https:\/\/www.pressenza.com\/it\/#organization\"},\"potentialAction\":[{\"@type\":\"SearchAction\",\"target\":{\"@type\":\"EntryPoint\",\"urlTemplate\":\"https:\/\/www.pressenza.com\/it\/?s={search_term_string}\"},\"query-input\":{\"@type\":\"PropertyValueSpecification\",\"valueRequired\":true,\"valueName\":\"search_term_string\"}}],\"inLanguage\":\"it-IT\"},{\"@type\":\"Organization\",\"@id\":\"https:\/\/www.pressenza.com\/it\/#organization\",\"name\":\"Pressenza\",\"url\":\"https:\/\/www.pressenza.com\/it\/\",\"logo\":{\"@type\":\"ImageObject\",\"inLanguage\":\"it-IT\",\"@id\":\"https:\/\/www.pressenza.com\/it\/#\/schema\/logo\/image\/\",\"url\":\"https:\/\/www.pressenza.com\/wp-content\/uploads\/2022\/10\/pressenza_logo_200x200.jpg\",\"contentUrl\":\"https:\/\/www.pressenza.com\/wp-content\/uploads\/2022\/10\/pressenza_logo_200x200.jpg\",\"width\":200,\"height\":200,\"caption\":\"Pressenza\"},\"image\":{\"@id\":\"https:\/\/www.pressenza.com\/it\/#\/schema\/logo\/image\/\"},\"sameAs\":[\"https:\/\/www.facebook.com\/PressenzaItalia\",\"https:\/\/x.com\/PressenzaIPA\"]},{\"@type\":\"Person\",\"@id\":\"https:\/\/www.pressenza.com\/it\/#\/schema\/person\/6388dc0281afd7eeb72a1763aca696a4\",\"name\":\"Andrea De Lotto\",\"url\":\"https:\/\/www.pressenza.com\/it\/author\/andrea-de-lotto\/\"}]}<\/script>\n<!-- \/ Yoast SEO plugin. -->","yoast_head_json":{"title":"Saharawi: tra Pompidou e Fortini","description":"Credo proprio che il vecchio Franco Fortini sia contento di ospitare nel \"suo sito\" questa denuncia. Questo frammento di una lotta che sembra non avere","robots":{"index":"index","follow":"follow","max-snippet":"max-snippet:-1","max-image-preview":"max-image-preview:large","max-video-preview":"max-video-preview:-1"},"canonical":"https:\/\/www.pressenza.com\/it\/2018\/12\/saharawi-tra-pompidou-e-fortini\/","og_locale":"it_IT","og_type":"article","og_title":"Saharawi: tra Pompidou e Fortini","og_description":"Credo proprio che il vecchio Franco Fortini sia contento di ospitare nel \"suo sito\" questa denuncia. Questo frammento di una lotta che sembra non avere","og_url":"https:\/\/www.pressenza.com\/it\/2018\/12\/saharawi-tra-pompidou-e-fortini\/","og_site_name":"Pressenza","article_publisher":"https:\/\/www.facebook.com\/PressenzaItalia","article_published_time":"2018-12-29T15:18:07+00:00","og_image":[{"width":640,"height":514,"url":"https:\/\/www.pressenza.com\/wp-content\/uploads\/2018\/12\/Campo-profughi-di-Smara-web.jpg","type":"image\/jpeg"}],"author":"Andrea De Lotto","twitter_card":"summary_large_image","twitter_creator":"@PressenzaIPA","twitter_site":"@PressenzaIPA","twitter_misc":{"Scritto da":"Andrea De Lotto","Tempo di lettura stimato":"1 minuto"},"schema":{"@context":"https:\/\/schema.org","@graph":[{"@type":"Article","@id":"https:\/\/www.pressenza.com\/it\/2018\/12\/saharawi-tra-pompidou-e-fortini\/#article","isPartOf":{"@id":"https:\/\/www.pressenza.com\/it\/2018\/12\/saharawi-tra-pompidou-e-fortini\/"},"author":{"name":"Andrea De Lotto","@id":"https:\/\/www.pressenza.com\/it\/#\/schema\/person\/6388dc0281afd7eeb72a1763aca696a4"},"headline":"Saharawi: tra Pompidou e Fortini","datePublished":"2018-12-29T15:18:07+00:00","mainEntityOfPage":{"@id":"https:\/\/www.pressenza.com\/it\/2018\/12\/saharawi-tra-pompidou-e-fortini\/"},"wordCount":268,"publisher":{"@id":"https:\/\/www.pressenza.com\/it\/#organization"},"image":{"@id":"https:\/\/www.pressenza.com\/it\/2018\/12\/saharawi-tra-pompidou-e-fortini\/#primaryimage"},"thumbnailUrl":"https:\/\/www.pressenza.com\/wp-content\/uploads\/2018\/12\/Campo-profughi-di-Smara-web.jpg","keywords":["Centre Pompidou","Franco Fortini","Fronte Polisario","Marocco","Sahara Occidentale","saharawi"],"articleSection":["Cultura e Media","Diritti Umani"],"inLanguage":"it-IT"},{"@type":"WebPage","@id":"https:\/\/www.pressenza.com\/it\/2018\/12\/saharawi-tra-pompidou-e-fortini\/","url":"https:\/\/www.pressenza.com\/it\/2018\/12\/saharawi-tra-pompidou-e-fortini\/","name":"Saharawi: tra Pompidou e Fortini","isPartOf":{"@id":"https:\/\/www.pressenza.com\/it\/#website"},"primaryImageOfPage":{"@id":"https:\/\/www.pressenza.com\/it\/2018\/12\/saharawi-tra-pompidou-e-fortini\/#primaryimage"},"image":{"@id":"https:\/\/www.pressenza.com\/it\/2018\/12\/saharawi-tra-pompidou-e-fortini\/#primaryimage"},"thumbnailUrl":"https:\/\/www.pressenza.com\/wp-content\/uploads\/2018\/12\/Campo-profughi-di-Smara-web.jpg","datePublished":"2018-12-29T15:18:07+00:00","description":"Credo proprio che il vecchio Franco Fortini sia contento di ospitare nel \"suo sito\" questa denuncia. Questo frammento di una lotta che sembra non avere","breadcrumb":{"@id":"https:\/\/www.pressenza.com\/it\/2018\/12\/saharawi-tra-pompidou-e-fortini\/#breadcrumb"},"inLanguage":"it-IT","potentialAction":[{"@type":"ReadAction","target":["https:\/\/www.pressenza.com\/it\/2018\/12\/saharawi-tra-pompidou-e-fortini\/"]}]},{"@type":"ImageObject","inLanguage":"it-IT","@id":"https:\/\/www.pressenza.com\/it\/2018\/12\/saharawi-tra-pompidou-e-fortini\/#primaryimage","url":"https:\/\/www.pressenza.com\/wp-content\/uploads\/2018\/12\/Campo-profughi-di-Smara-web.jpg","contentUrl":"https:\/\/www.pressenza.com\/wp-content\/uploads\/2018\/12\/Campo-profughi-di-Smara-web.jpg","width":640,"height":514},{"@type":"BreadcrumbList","@id":"https:\/\/www.pressenza.com\/it\/2018\/12\/saharawi-tra-pompidou-e-fortini\/#breadcrumb","itemListElement":[{"@type":"ListItem","position":1,"name":"Accueil","item":"https:\/\/www.pressenza.com\/it\/"},{"@type":"ListItem","position":2,"name":"Saharawi: tra Pompidou e Fortini"}]},{"@type":"WebSite","@id":"https:\/\/www.pressenza.com\/it\/#website","url":"https:\/\/www.pressenza.com\/it\/","name":"Pressenza","description":"Agenzia di Stampa Internazionale","publisher":{"@id":"https:\/\/www.pressenza.com\/it\/#organization"},"potentialAction":[{"@type":"SearchAction","target":{"@type":"EntryPoint","urlTemplate":"https:\/\/www.pressenza.com\/it\/?s={search_term_string}"},"query-input":{"@type":"PropertyValueSpecification","valueRequired":true,"valueName":"search_term_string"}}],"inLanguage":"it-IT"},{"@type":"Organization","@id":"https:\/\/www.pressenza.com\/it\/#organization","name":"Pressenza","url":"https:\/\/www.pressenza.com\/it\/","logo":{"@type":"ImageObject","inLanguage":"it-IT","@id":"https:\/\/www.pressenza.com\/it\/#\/schema\/logo\/image\/","url":"https:\/\/www.pressenza.com\/wp-content\/uploads\/2022\/10\/pressenza_logo_200x200.jpg","contentUrl":"https:\/\/www.pressenza.com\/wp-content\/uploads\/2022\/10\/pressenza_logo_200x200.jpg","width":200,"height":200,"caption":"Pressenza"},"image":{"@id":"https:\/\/www.pressenza.com\/it\/#\/schema\/logo\/image\/"},"sameAs":["https:\/\/www.facebook.com\/PressenzaItalia","https:\/\/x.com\/PressenzaIPA"]},{"@type":"Person","@id":"https:\/\/www.pressenza.com\/it\/#\/schema\/person\/6388dc0281afd7eeb72a1763aca696a4","name":"Andrea De Lotto","url":"https:\/\/www.pressenza.com\/it\/author\/andrea-de-lotto\/"}]}},"place":"","original_article_url":"","_links":{"self":[{"href":"https:\/\/www.pressenza.com\/it\/wp-json\/wp\/v2\/posts\/781937","targetHints":{"allow":["GET"]}}],"collection":[{"href":"https:\/\/www.pressenza.com\/it\/wp-json\/wp\/v2\/posts"}],"about":[{"href":"https:\/\/www.pressenza.com\/it\/wp-json\/wp\/v2\/types\/post"}],"author":[{"embeddable":true,"href":"https:\/\/www.pressenza.com\/it\/wp-json\/wp\/v2\/users\/1537"}],"replies":[{"embeddable":true,"href":"https:\/\/www.pressenza.com\/it\/wp-json\/wp\/v2\/comments?post=781937"}],"version-history":[{"count":0,"href":"https:\/\/www.pressenza.com\/it\/wp-json\/wp\/v2\/posts\/781937\/revisions"}],"wp:featuredmedia":[{"embeddable":true,"href":"https:\/\/www.pressenza.com\/it\/wp-json\/wp\/v2\/media\/781939"}],"wp:attachment":[{"href":"https:\/\/www.pressenza.com\/it\/wp-json\/wp\/v2\/media?parent=781937"}],"wp:term":[{"taxonomy":"category","embeddable":true,"href":"https:\/\/www.pressenza.com\/it\/wp-json\/wp\/v2\/categories?post=781937"},{"taxonomy":"post_tag","embeddable":true,"href":"https:\/\/www.pressenza.com\/it\/wp-json\/wp\/v2\/tags?post=781937"}],"curies":[{"name":"wp","href":"https:\/\/api.w.org\/{rel}","templated":true}]}}