{"id":780578,"date":"2018-12-25T20:26:48","date_gmt":"2018-12-25T20:26:48","guid":{"rendered":"https:\/\/www.pressenza.com\/?p=780578"},"modified":"2018-12-25T20:40:29","modified_gmt":"2018-12-25T20:40:29","slug":"a-mendoza-il-settimo-incontro-internazionale-verso-uneducazione-umanizzatrice","status":"publish","type":"post","link":"https:\/\/www.pressenza.com\/it\/2018\/12\/a-mendoza-il-settimo-incontro-internazionale-verso-uneducazione-umanizzatrice\/","title":{"rendered":"A Mendoza il Settimo Incontro Internazionale &#8220;Verso un&#8217;educazione umanizzatrice&#8221;"},"content":{"rendered":"<p>Il settimo incontro internazionale &#8220;Verso un&#8217;educazione umanizzatrice&#8221; con lo slogan &#8220;Imparare senza limiti, un modo di essere nel mondo&#8221; si svolger\u00e0 l&#8217;11, 12 e 13 gennaio 2019 nel Parco di Studio e Riflessione di Punta de Vacas (Route 7, 50 km a ovest di Uspallata, Mendoza, Argentina). Dai laboratori esperienziali, ai tavoli tematici, alle esperienze nella Sala di Meditazione e alle mostre, speriamo di contribuire dalla Corrente Pedagogica Umanista Universalista (Copehu) ad una rinnovata educazione di cui i nostri popoli hanno tanto bisogno.<\/p>\n<p>Il presidente dell&#8217;Associazione cilena degli insegnanti, Mario Aguilar, svolger\u00e0 la conferenza &#8220;Apprendimento e dialogo generazionale&#8221; sabato 12 gennaio, alle 19.00. Si terranno anche i workshop &#8220;Lo sguardo&#8221;, &#8220;Espressione corporea e mondo interno&#8221;, e si lavorer\u00e0 con l&#8217;uffizio del fuoco, per esplorare un nuovo tono affettivo nell&#8217;apprendimento. Nella Sala di Meditazione si terranno anche le cerimonie del Messaggio di Silo. \u00c8 prevista la presenza di educatori provenienti da Cile, Brasile, Bolivia, Per\u00f9, Argentina e da diverse province e comuni, che racconteranno le loro esperienze nel campo dell&#8217;educazione. Per iscrizioni e ulteriori informazioni: <a href=\"http:\/\/www.copehu.org\">www.copehu.org<\/a><\/p>\n<p>In un contesto sociale come quello attuale, in cui le istituzioni vengono smantellate, i sistemi politici si trasformano e le credenze consolidate cadono, il settore dell&#8217;istruzione non \u00e8 esente da questa situazione. Nei momenti di crisi la confusione aumenta, ma pu\u00f2 anche essere il momento per dare vita a dibattiti che rendono possibili trasformazioni reali. Cos\u00ec le forme di apprendimento, il senso dell&#8217;educazione, i temi affrontati (come l&#8217;urgente Educazione sessuale integrale), gli ambienti educativi da generare, sono temi indispensabili per un dialogo profondo e sincero tra l&#8217;intera comunit\u00e0 educativa.<\/p>\n<p>Attenta alla situazione sopra descritta Copehu genera ambiti di incontro, comunicazione e partecipazione tra coloro che ritengono necessario trasformare l&#8217;educazione in senso umanizzatore. In questa occasione ci incontreremo sotto il motto &#8220;Imparare senza limiti, un modo di essere nel mondo&#8221;: un elemento di trasformazione educativa, legato ai diversi apprendimenti, all&#8217;intenzionalit\u00e0 e che parte dal momento in cui siamo nati per esplorare questo piano materiale ed andare molto oltre.<\/p>\n<p>Gli educatori, pedagogisti, psicologi, comunicatori e studenti che compongono Copehu comprendono che \u00e8 urgente ridefinire l&#8217;educazione da un paradigma umanizzatore, trasformativo e liberatorio in direzione di una societ\u00e0 pi\u00f9 giusta, libera e veramente democratica. Invitiamo a partecipare tutti coloro che sentono l&#8217;impegno di costruire insieme in questa direzione.<\/p>\n<p> <a href=\"http:\/\/facebook.com\/Copehu\">facebook.com\/Copehu<\/a> &#8211; <a href=\"http:\/\/www.copehu.org\">www.copehu.org<\/a><\/p>\n","protected":false},"excerpt":{"rendered":"<p>Il settimo incontro internazionale &#8220;Verso un&#8217;educazione umanizzatrice&#8221; con lo slogan &#8220;Imparare senza limiti, un modo di essere nel mondo&#8221; si svolger\u00e0 l&#8217;11, 12 e 13 gennaio 2019 nel Parco di Studio e Riflessione di Punta de Vacas (Route 7, 50&hellip;<\/p>\n","protected":false},"author":1046,"featured_media":780304,"comment_status":"closed","ping_status":"closed","sticky":false,"template":"","format":"standard","meta":{"footnotes":""},"categories":[150,1258,38,48],"tags":[6435,6436,4231,43156,4980,2115],"class_list":["post-780578","post","type-post","status-publish","format-standard","has-post-thumbnail","hentry","category-comunicati-stampa","category-educazione","category-internazionale","category-sud-america","tag-copehu-it","tag-corrente-pedagogica-umanista-universalista","tag-movimento-umanista","tag-parco-di-punta-de-vacas","tag-parco-di-studio-e-riflessione","tag-pedagogia"],"yoast_head":"<!-- This site is optimized with the Yoast SEO plugin v27.1.1 - https:\/\/yoast.com\/product\/yoast-seo-wordpress\/ -->\n<title>A Mendoza il Settimo Incontro Internazionale &quot;Verso un&#039;educazione umanizzatrice&quot;<\/title>\n<meta name=\"description\" content=\"Il settimo incontro internazionale &quot;Verso un&#039;educazione umanizzatrice&quot; con lo slogan &quot;Imparare senza limiti, un modo di essere nel mondo&quot; si svolger\u00e0\" \/>\n<meta name=\"robots\" content=\"index, follow, max-snippet:-1, max-image-preview:large, max-video-preview:-1\" \/>\n<link rel=\"canonical\" href=\"https:\/\/www.pressenza.com\/it\/2018\/12\/a-mendoza-il-settimo-incontro-internazionale-verso-uneducazione-umanizzatrice\/\" \/>\n<meta property=\"og:locale\" content=\"it_IT\" \/>\n<meta property=\"og:type\" content=\"article\" \/>\n<meta property=\"og:title\" content=\"A Mendoza il Settimo Incontro Internazionale &quot;Verso un&#039;educazione umanizzatrice&quot;\" \/>\n<meta property=\"og:description\" content=\"Il settimo incontro internazionale &quot;Verso un&#039;educazione umanizzatrice&quot; con lo slogan &quot;Imparare senza limiti, un modo di essere nel mondo&quot; si svolger\u00e0\" \/>\n<meta property=\"og:url\" content=\"https:\/\/www.pressenza.com\/it\/2018\/12\/a-mendoza-il-settimo-incontro-internazionale-verso-uneducazione-umanizzatrice\/\" \/>\n<meta property=\"og:site_name\" content=\"Pressenza\" \/>\n<meta property=\"article:publisher\" content=\"https:\/\/www.facebook.com\/PressenzaItalia\" \/>\n<meta property=\"article:author\" content=\"https:\/\/www.facebook.com\/Copehu\/\" \/>\n<meta property=\"article:published_time\" content=\"2018-12-25T20:26:48+00:00\" \/>\n<meta property=\"article:modified_time\" content=\"2018-12-25T20:40:29+00:00\" \/>\n<meta property=\"og:image\" content=\"https:\/\/www.pressenza.com\/wp-content\/uploads\/2018\/12\/FB_IMG_1544811306145.jpg\" \/>\n\t<meta property=\"og:image:width\" content=\"737\" \/>\n\t<meta property=\"og:image:height\" content=\"960\" \/>\n\t<meta property=\"og:image:type\" content=\"image\/jpeg\" \/>\n<meta name=\"author\" content=\"COPEHU\" \/>\n<meta name=\"twitter:card\" content=\"summary_large_image\" \/>\n<meta name=\"twitter:creator\" content=\"@COPEHU1\" \/>\n<meta name=\"twitter:site\" content=\"@PressenzaIPA\" \/>\n<meta name=\"twitter:label1\" content=\"Scritto da\" \/>\n\t<meta name=\"twitter:data1\" content=\"COPEHU\" \/>\n\t<meta name=\"twitter:label2\" content=\"Tempo di lettura stimato\" \/>\n\t<meta name=\"twitter:data2\" content=\"2 minuti\" \/>\n<script type=\"application\/ld+json\" class=\"yoast-schema-graph\">{\"@context\":\"https:\/\/schema.org\",\"@graph\":[{\"@type\":\"Article\",\"@id\":\"https:\/\/www.pressenza.com\/it\/2018\/12\/a-mendoza-il-settimo-incontro-internazionale-verso-uneducazione-umanizzatrice\/#article\",\"isPartOf\":{\"@id\":\"https:\/\/www.pressenza.com\/it\/2018\/12\/a-mendoza-il-settimo-incontro-internazionale-verso-uneducazione-umanizzatrice\/\"},\"author\":{\"name\":\"COPEHU\",\"@id\":\"https:\/\/www.pressenza.com\/it\/#\/schema\/person\/385bea3cd2facc332ff1bd91c50d777a\"},\"headline\":\"A Mendoza il Settimo Incontro Internazionale &#8220;Verso un&#8217;educazione umanizzatrice&#8221;\",\"datePublished\":\"2018-12-25T20:26:48+00:00\",\"dateModified\":\"2018-12-25T20:40:29+00:00\",\"mainEntityOfPage\":{\"@id\":\"https:\/\/www.pressenza.com\/it\/2018\/12\/a-mendoza-il-settimo-incontro-internazionale-verso-uneducazione-umanizzatrice\/\"},\"wordCount\":402,\"publisher\":{\"@id\":\"https:\/\/www.pressenza.com\/it\/#organization\"},\"image\":{\"@id\":\"https:\/\/www.pressenza.com\/it\/2018\/12\/a-mendoza-il-settimo-incontro-internazionale-verso-uneducazione-umanizzatrice\/#primaryimage\"},\"thumbnailUrl\":\"https:\/\/www.pressenza.com\/wp-content\/uploads\/2018\/12\/FB_IMG_1544811306145.jpg\",\"keywords\":[\"CoPeHU\",\"Corrente Pedagogica Umanista Universalista\",\"Movimento Umanista\",\"Parco di Punta de Vacas\",\"Parco di studio e riflessione\",\"pedagogia\"],\"articleSection\":[\"Comunicati Stampa\",\"Educazione\",\"Internazionale\",\"Sud America\"],\"inLanguage\":\"it-IT\"},{\"@type\":\"WebPage\",\"@id\":\"https:\/\/www.pressenza.com\/it\/2018\/12\/a-mendoza-il-settimo-incontro-internazionale-verso-uneducazione-umanizzatrice\/\",\"url\":\"https:\/\/www.pressenza.com\/it\/2018\/12\/a-mendoza-il-settimo-incontro-internazionale-verso-uneducazione-umanizzatrice\/\",\"name\":\"A Mendoza il Settimo Incontro Internazionale \\\"Verso un'educazione umanizzatrice\\\"\",\"isPartOf\":{\"@id\":\"https:\/\/www.pressenza.com\/it\/#website\"},\"primaryImageOfPage\":{\"@id\":\"https:\/\/www.pressenza.com\/it\/2018\/12\/a-mendoza-il-settimo-incontro-internazionale-verso-uneducazione-umanizzatrice\/#primaryimage\"},\"image\":{\"@id\":\"https:\/\/www.pressenza.com\/it\/2018\/12\/a-mendoza-il-settimo-incontro-internazionale-verso-uneducazione-umanizzatrice\/#primaryimage\"},\"thumbnailUrl\":\"https:\/\/www.pressenza.com\/wp-content\/uploads\/2018\/12\/FB_IMG_1544811306145.jpg\",\"datePublished\":\"2018-12-25T20:26:48+00:00\",\"dateModified\":\"2018-12-25T20:40:29+00:00\",\"description\":\"Il settimo incontro internazionale \\\"Verso un'educazione umanizzatrice\\\" con lo slogan \\\"Imparare senza limiti, un modo di essere nel mondo\\\" si svolger\u00e0\",\"breadcrumb\":{\"@id\":\"https:\/\/www.pressenza.com\/it\/2018\/12\/a-mendoza-il-settimo-incontro-internazionale-verso-uneducazione-umanizzatrice\/#breadcrumb\"},\"inLanguage\":\"it-IT\",\"potentialAction\":[{\"@type\":\"ReadAction\",\"target\":[\"https:\/\/www.pressenza.com\/it\/2018\/12\/a-mendoza-il-settimo-incontro-internazionale-verso-uneducazione-umanizzatrice\/\"]}]},{\"@type\":\"ImageObject\",\"inLanguage\":\"it-IT\",\"@id\":\"https:\/\/www.pressenza.com\/it\/2018\/12\/a-mendoza-il-settimo-incontro-internazionale-verso-uneducazione-umanizzatrice\/#primaryimage\",\"url\":\"https:\/\/www.pressenza.com\/wp-content\/uploads\/2018\/12\/FB_IMG_1544811306145.jpg\",\"contentUrl\":\"https:\/\/www.pressenza.com\/wp-content\/uploads\/2018\/12\/FB_IMG_1544811306145.jpg\",\"width\":737,\"height\":960},{\"@type\":\"BreadcrumbList\",\"@id\":\"https:\/\/www.pressenza.com\/it\/2018\/12\/a-mendoza-il-settimo-incontro-internazionale-verso-uneducazione-umanizzatrice\/#breadcrumb\",\"itemListElement\":[{\"@type\":\"ListItem\",\"position\":1,\"name\":\"Accueil\",\"item\":\"https:\/\/www.pressenza.com\/it\/\"},{\"@type\":\"ListItem\",\"position\":2,\"name\":\"A Mendoza il Settimo Incontro Internazionale &#8220;Verso un&#8217;educazione umanizzatrice&#8221;\"}]},{\"@type\":\"WebSite\",\"@id\":\"https:\/\/www.pressenza.com\/it\/#website\",\"url\":\"https:\/\/www.pressenza.com\/it\/\",\"name\":\"Pressenza\",\"description\":\"Agenzia di Stampa Internazionale\",\"publisher\":{\"@id\":\"https:\/\/www.pressenza.com\/it\/#organization\"},\"potentialAction\":[{\"@type\":\"SearchAction\",\"target\":{\"@type\":\"EntryPoint\",\"urlTemplate\":\"https:\/\/www.pressenza.com\/it\/?s={search_term_string}\"},\"query-input\":{\"@type\":\"PropertyValueSpecification\",\"valueRequired\":true,\"valueName\":\"search_term_string\"}}],\"inLanguage\":\"it-IT\"},{\"@type\":\"Organization\",\"@id\":\"https:\/\/www.pressenza.com\/it\/#organization\",\"name\":\"Pressenza\",\"url\":\"https:\/\/www.pressenza.com\/it\/\",\"logo\":{\"@type\":\"ImageObject\",\"inLanguage\":\"it-IT\",\"@id\":\"https:\/\/www.pressenza.com\/it\/#\/schema\/logo\/image\/\",\"url\":\"https:\/\/www.pressenza.com\/wp-content\/uploads\/2022\/10\/pressenza_logo_200x200.jpg\",\"contentUrl\":\"https:\/\/www.pressenza.com\/wp-content\/uploads\/2022\/10\/pressenza_logo_200x200.jpg\",\"width\":200,\"height\":200,\"caption\":\"Pressenza\"},\"image\":{\"@id\":\"https:\/\/www.pressenza.com\/it\/#\/schema\/logo\/image\/\"},\"sameAs\":[\"https:\/\/www.facebook.com\/PressenzaItalia\",\"https:\/\/x.com\/PressenzaIPA\"]},{\"@type\":\"Person\",\"@id\":\"https:\/\/www.pressenza.com\/it\/#\/schema\/person\/385bea3cd2facc332ff1bd91c50d777a\",\"name\":\"COPEHU\",\"description\":\"Corriente Pedagogica Humanista Universalista - Courant Pedagogique Humaniste Universaliste - Corrente Pedagogica Umanista Universalista - Universalist Humanist Pedagogical Current www.copehu.net\",\"sameAs\":[\"https:\/\/www.copehu.org\/\",\"https:\/\/www.facebook.com\/Copehu\/\",\"https:\/\/x.com\/COPEHU1\"],\"url\":\"https:\/\/www.pressenza.com\/it\/author\/copehu\/\"}]}<\/script>\n<!-- \/ Yoast SEO plugin. -->","yoast_head_json":{"title":"A Mendoza il Settimo Incontro Internazionale \"Verso un'educazione umanizzatrice\"","description":"Il settimo incontro internazionale \"Verso un'educazione umanizzatrice\" con lo slogan \"Imparare senza limiti, un modo di essere nel mondo\" si svolger\u00e0","robots":{"index":"index","follow":"follow","max-snippet":"max-snippet:-1","max-image-preview":"max-image-preview:large","max-video-preview":"max-video-preview:-1"},"canonical":"https:\/\/www.pressenza.com\/it\/2018\/12\/a-mendoza-il-settimo-incontro-internazionale-verso-uneducazione-umanizzatrice\/","og_locale":"it_IT","og_type":"article","og_title":"A Mendoza il Settimo Incontro Internazionale \"Verso un'educazione umanizzatrice\"","og_description":"Il settimo incontro internazionale \"Verso un'educazione umanizzatrice\" con lo slogan \"Imparare senza limiti, un modo di essere nel mondo\" si svolger\u00e0","og_url":"https:\/\/www.pressenza.com\/it\/2018\/12\/a-mendoza-il-settimo-incontro-internazionale-verso-uneducazione-umanizzatrice\/","og_site_name":"Pressenza","article_publisher":"https:\/\/www.facebook.com\/PressenzaItalia","article_author":"https:\/\/www.facebook.com\/Copehu\/","article_published_time":"2018-12-25T20:26:48+00:00","article_modified_time":"2018-12-25T20:40:29+00:00","og_image":[{"width":737,"height":960,"url":"https:\/\/www.pressenza.com\/wp-content\/uploads\/2018\/12\/FB_IMG_1544811306145.jpg","type":"image\/jpeg"}],"author":"COPEHU","twitter_card":"summary_large_image","twitter_creator":"@COPEHU1","twitter_site":"@PressenzaIPA","twitter_misc":{"Scritto da":"COPEHU","Tempo di lettura stimato":"2 minuti"},"schema":{"@context":"https:\/\/schema.org","@graph":[{"@type":"Article","@id":"https:\/\/www.pressenza.com\/it\/2018\/12\/a-mendoza-il-settimo-incontro-internazionale-verso-uneducazione-umanizzatrice\/#article","isPartOf":{"@id":"https:\/\/www.pressenza.com\/it\/2018\/12\/a-mendoza-il-settimo-incontro-internazionale-verso-uneducazione-umanizzatrice\/"},"author":{"name":"COPEHU","@id":"https:\/\/www.pressenza.com\/it\/#\/schema\/person\/385bea3cd2facc332ff1bd91c50d777a"},"headline":"A Mendoza il Settimo Incontro Internazionale &#8220;Verso un&#8217;educazione umanizzatrice&#8221;","datePublished":"2018-12-25T20:26:48+00:00","dateModified":"2018-12-25T20:40:29+00:00","mainEntityOfPage":{"@id":"https:\/\/www.pressenza.com\/it\/2018\/12\/a-mendoza-il-settimo-incontro-internazionale-verso-uneducazione-umanizzatrice\/"},"wordCount":402,"publisher":{"@id":"https:\/\/www.pressenza.com\/it\/#organization"},"image":{"@id":"https:\/\/www.pressenza.com\/it\/2018\/12\/a-mendoza-il-settimo-incontro-internazionale-verso-uneducazione-umanizzatrice\/#primaryimage"},"thumbnailUrl":"https:\/\/www.pressenza.com\/wp-content\/uploads\/2018\/12\/FB_IMG_1544811306145.jpg","keywords":["CoPeHU","Corrente Pedagogica Umanista Universalista","Movimento Umanista","Parco di Punta de Vacas","Parco di studio e riflessione","pedagogia"],"articleSection":["Comunicati Stampa","Educazione","Internazionale","Sud America"],"inLanguage":"it-IT"},{"@type":"WebPage","@id":"https:\/\/www.pressenza.com\/it\/2018\/12\/a-mendoza-il-settimo-incontro-internazionale-verso-uneducazione-umanizzatrice\/","url":"https:\/\/www.pressenza.com\/it\/2018\/12\/a-mendoza-il-settimo-incontro-internazionale-verso-uneducazione-umanizzatrice\/","name":"A Mendoza il Settimo Incontro Internazionale \"Verso un'educazione umanizzatrice\"","isPartOf":{"@id":"https:\/\/www.pressenza.com\/it\/#website"},"primaryImageOfPage":{"@id":"https:\/\/www.pressenza.com\/it\/2018\/12\/a-mendoza-il-settimo-incontro-internazionale-verso-uneducazione-umanizzatrice\/#primaryimage"},"image":{"@id":"https:\/\/www.pressenza.com\/it\/2018\/12\/a-mendoza-il-settimo-incontro-internazionale-verso-uneducazione-umanizzatrice\/#primaryimage"},"thumbnailUrl":"https:\/\/www.pressenza.com\/wp-content\/uploads\/2018\/12\/FB_IMG_1544811306145.jpg","datePublished":"2018-12-25T20:26:48+00:00","dateModified":"2018-12-25T20:40:29+00:00","description":"Il settimo incontro internazionale \"Verso un'educazione umanizzatrice\" con lo slogan \"Imparare senza limiti, un modo di essere nel mondo\" si svolger\u00e0","breadcrumb":{"@id":"https:\/\/www.pressenza.com\/it\/2018\/12\/a-mendoza-il-settimo-incontro-internazionale-verso-uneducazione-umanizzatrice\/#breadcrumb"},"inLanguage":"it-IT","potentialAction":[{"@type":"ReadAction","target":["https:\/\/www.pressenza.com\/it\/2018\/12\/a-mendoza-il-settimo-incontro-internazionale-verso-uneducazione-umanizzatrice\/"]}]},{"@type":"ImageObject","inLanguage":"it-IT","@id":"https:\/\/www.pressenza.com\/it\/2018\/12\/a-mendoza-il-settimo-incontro-internazionale-verso-uneducazione-umanizzatrice\/#primaryimage","url":"https:\/\/www.pressenza.com\/wp-content\/uploads\/2018\/12\/FB_IMG_1544811306145.jpg","contentUrl":"https:\/\/www.pressenza.com\/wp-content\/uploads\/2018\/12\/FB_IMG_1544811306145.jpg","width":737,"height":960},{"@type":"BreadcrumbList","@id":"https:\/\/www.pressenza.com\/it\/2018\/12\/a-mendoza-il-settimo-incontro-internazionale-verso-uneducazione-umanizzatrice\/#breadcrumb","itemListElement":[{"@type":"ListItem","position":1,"name":"Accueil","item":"https:\/\/www.pressenza.com\/it\/"},{"@type":"ListItem","position":2,"name":"A Mendoza il Settimo Incontro Internazionale &#8220;Verso un&#8217;educazione umanizzatrice&#8221;"}]},{"@type":"WebSite","@id":"https:\/\/www.pressenza.com\/it\/#website","url":"https:\/\/www.pressenza.com\/it\/","name":"Pressenza","description":"Agenzia di Stampa Internazionale","publisher":{"@id":"https:\/\/www.pressenza.com\/it\/#organization"},"potentialAction":[{"@type":"SearchAction","target":{"@type":"EntryPoint","urlTemplate":"https:\/\/www.pressenza.com\/it\/?s={search_term_string}"},"query-input":{"@type":"PropertyValueSpecification","valueRequired":true,"valueName":"search_term_string"}}],"inLanguage":"it-IT"},{"@type":"Organization","@id":"https:\/\/www.pressenza.com\/it\/#organization","name":"Pressenza","url":"https:\/\/www.pressenza.com\/it\/","logo":{"@type":"ImageObject","inLanguage":"it-IT","@id":"https:\/\/www.pressenza.com\/it\/#\/schema\/logo\/image\/","url":"https:\/\/www.pressenza.com\/wp-content\/uploads\/2022\/10\/pressenza_logo_200x200.jpg","contentUrl":"https:\/\/www.pressenza.com\/wp-content\/uploads\/2022\/10\/pressenza_logo_200x200.jpg","width":200,"height":200,"caption":"Pressenza"},"image":{"@id":"https:\/\/www.pressenza.com\/it\/#\/schema\/logo\/image\/"},"sameAs":["https:\/\/www.facebook.com\/PressenzaItalia","https:\/\/x.com\/PressenzaIPA"]},{"@type":"Person","@id":"https:\/\/www.pressenza.com\/it\/#\/schema\/person\/385bea3cd2facc332ff1bd91c50d777a","name":"COPEHU","description":"Corriente Pedagogica Humanista Universalista - Courant Pedagogique Humaniste Universaliste - Corrente Pedagogica Umanista Universalista - Universalist Humanist Pedagogical Current www.copehu.net","sameAs":["https:\/\/www.copehu.org\/","https:\/\/www.facebook.com\/Copehu\/","https:\/\/x.com\/COPEHU1"],"url":"https:\/\/www.pressenza.com\/it\/author\/copehu\/"}]}},"place":"Punta de Vacas (Argentina)","original_article_url":"","_links":{"self":[{"href":"https:\/\/www.pressenza.com\/it\/wp-json\/wp\/v2\/posts\/780578","targetHints":{"allow":["GET"]}}],"collection":[{"href":"https:\/\/www.pressenza.com\/it\/wp-json\/wp\/v2\/posts"}],"about":[{"href":"https:\/\/www.pressenza.com\/it\/wp-json\/wp\/v2\/types\/post"}],"author":[{"embeddable":true,"href":"https:\/\/www.pressenza.com\/it\/wp-json\/wp\/v2\/users\/1046"}],"replies":[{"embeddable":true,"href":"https:\/\/www.pressenza.com\/it\/wp-json\/wp\/v2\/comments?post=780578"}],"version-history":[{"count":0,"href":"https:\/\/www.pressenza.com\/it\/wp-json\/wp\/v2\/posts\/780578\/revisions"}],"wp:featuredmedia":[{"embeddable":true,"href":"https:\/\/www.pressenza.com\/it\/wp-json\/wp\/v2\/media\/780304"}],"wp:attachment":[{"href":"https:\/\/www.pressenza.com\/it\/wp-json\/wp\/v2\/media?parent=780578"}],"wp:term":[{"taxonomy":"category","embeddable":true,"href":"https:\/\/www.pressenza.com\/it\/wp-json\/wp\/v2\/categories?post=780578"},{"taxonomy":"post_tag","embeddable":true,"href":"https:\/\/www.pressenza.com\/it\/wp-json\/wp\/v2\/tags?post=780578"}],"curies":[{"name":"wp","href":"https:\/\/api.w.org\/{rel}","templated":true}]}}