{"id":779275,"date":"2018-12-21T20:12:59","date_gmt":"2018-12-21T20:12:59","guid":{"rendered":"https:\/\/www.pressenza.com\/?p=779275"},"modified":"2018-12-21T20:12:59","modified_gmt":"2018-12-21T20:12:59","slug":"ce-coerenza-e-coerenza","status":"publish","type":"post","link":"https:\/\/www.pressenza.com\/it\/2018\/12\/ce-coerenza-e-coerenza\/","title":{"rendered":"C&#8217;\u00e8 coerenza e coerenza"},"content":{"rendered":"<p class=\"western\">Si pu\u00f2 cambiare idea? La coerenza consiste nel restare sempre della medesima opinione, nel fare sempre quello che si dice? Dove sta il limite tra essere coerenti ed essere semplicemente rigidi?<\/p>\n<p class=\"western\">Di questi tempi si sbandiera la coerenza a sproposito, soprattutto perch\u00e9 si prende come valore assoluto, in una accezione molto superficiale, senza stimolare affatto alla riflessione. Se la coerenza ha una funzione, dovrebbe essere proprio quella di far riflettere, invece adesso la si usa come slogan indiscutibile riferita ad azioni alquanto discutibili.<\/p>\n<p class=\"western\">Ma cosa \u00e8 la coerenza? Verrebbe da dire che si tratta semplicemente di fare quello che si dice di voler fare. Allora, qualunque esternazione verbale dovrebbe essere tradotta in azioni corrispondenti, per amore di coerenza. Se dico che non tollerer\u00f2 la presenza di immigrati clandestini, dovr\u00f2 come minimo cercare di non farli aumentare, per fare un triste esempio. Oppure, se dico che sono un cristiano di quelli ultras, di quelli che sbandierano il vangelo nei comizi e che difendono a spada tratta la famiglia tradizionale, non dovrei divorziare, per fare un altro esempio.<\/p>\n<p class=\"western\">Fare quello che si pensa e che si sente sembra essere una buona definizione di coerenza. Mettere in sintonia il pensiero, col sentimento e con l&#8217;azione. Ma a questa accezione manca ancora una parte importante perch\u00e9, a volte, quando si pensa agli altri non ci si mette nei loro panni e allora si cade nella peggiore delle incoerenze. Quando facciamo agli altri qualcosa che non ci piacerebbe affatto che facessero a noi, la coerenza che abbiamo sbandierato perde totalmente di valore e la logica del discorso perde la sua consistenza. Pare che la coerenza vada a braccetto con un&#8217;altra caratteristica del comportamento umano, oggi poco in voga: la solidariet\u00e0. Un paio di migliaia di anni fa Confucio, filosofo cinese, disse: Non fare agli altri quello che non vorresti fosse fatto a te. Qualche secolo dopo ci dicono che Ges\u00f9 abbia detto qualcosa come: Ama il prossimo tuo come te stesso. Alcuni decenni fa Silo, pensatore e scrittore sudamericano, ha ribadito con il suo: Tratta gli altri come vorresti essere trattato. Ma sembra proprio che questa Regola D&#8217;Oro, nelle sue diverse enunciazioni, appartenga da sempre alle diverse culture con cui l&#8217;umanit\u00e0 si \u00e8 sviluppata. Cio\u00e8, la coerenza personale non pu\u00f2 prescindere dagli altri, e non pu\u00f2 prescindere dal fatto che gli altri valgono esattamente quanto noi.<\/p>\n<p class=\"western\">Allora, per adottare una coerenza, per cos\u00ec dire, distruttiva, che possa eludere elegantemente l&#8217;empatia con l&#8217;altro e la solidariet\u00e0 dovuta, \u00e8 necessario pensare che l&#8217;altro non sia uguale, nella sua essenza di essere umano, a me. Che l&#8217;altro non valga quanto me, che la sua umanit\u00e0 non equivalga totalmente alla mia.<\/p>\n<p class=\"western\">Questo \u00e8 proprio quello che facciamo quando diciamo: Prima gli Italiani!<\/p>\n<p class=\"western\">Ma allora, ormai \u00e8 fatta! La direzione \u00e8 segnata. Si \u00e8 innescata questa specie di coerenza delirante che si riafferma ogni giorno di pi\u00f9 ed \u00e8 un processo che non si pu\u00f2 fermare? Certo che no! Si pu\u00f2 sempre cambiare idea. E come proposito per il nuovo anno che si avvicina, potremmo cominciare a costruire una coerenza pi\u00f9 profonda, che ci metta sempre in contatto con la nostra essenza &#8211; che \u00e8 anche quella degli altri-, con quell&#8217;elemento esistenziale che ci contraddistingue come specie e di cui a volte non abbiamo consapevolezza: l&#8217;intenzione di evolvere, di crescere, di essere migliori.<\/p>\n","protected":false},"excerpt":{"rendered":"<p>Si pu\u00f2 cambiare idea? La coerenza consiste nel restare sempre della medesima opinione, nel fare sempre quello che si dice? Dove sta il limite tra essere coerenti ed essere semplicemente rigidi? Di questi tempi si sbandiera la coerenza a sproposito,&hellip;<\/p>\n","protected":false},"author":1532,"featured_media":779276,"comment_status":"closed","ping_status":"closed","sticky":false,"template":"","format":"standard","meta":{"footnotes":""},"categories":[11388,162,1260],"tags":[23489,53061,26349,19983,2791,1634],"class_list":["post-779275","post","type-post","status-publish","format-standard","has-post-thumbnail","hentry","category-contenuti-originali","category-opinioni","category-umanesimo-spiritualita","tag-coerenza","tag-confucio","tag-gesu","tag-regola-doro","tag-silo-it","tag-solidarieta"],"yoast_head":"<!-- This site is optimized with the Yoast SEO plugin v27.1.1 - https:\/\/yoast.com\/product\/yoast-seo-wordpress\/ -->\n<title>C&#039;\u00e8 coerenza e coerenza<\/title>\n<meta name=\"description\" content=\"Si pu\u00f2 cambiare idea? La coerenza consiste nel restare sempre della medesima opinione, nel fare sempre quello che si dice? Dove sta il limite tra essere\" \/>\n<meta name=\"robots\" content=\"index, follow, max-snippet:-1, max-image-preview:large, max-video-preview:-1\" \/>\n<link rel=\"canonical\" href=\"https:\/\/www.pressenza.com\/it\/2018\/12\/ce-coerenza-e-coerenza\/\" \/>\n<meta property=\"og:locale\" content=\"it_IT\" \/>\n<meta property=\"og:type\" content=\"article\" \/>\n<meta property=\"og:title\" content=\"C&#039;\u00e8 coerenza e coerenza\" \/>\n<meta property=\"og:description\" content=\"Si pu\u00f2 cambiare idea? La coerenza consiste nel restare sempre della medesima opinione, nel fare sempre quello che si dice? Dove sta il limite tra essere\" \/>\n<meta property=\"og:url\" content=\"https:\/\/www.pressenza.com\/it\/2018\/12\/ce-coerenza-e-coerenza\/\" \/>\n<meta property=\"og:site_name\" content=\"Pressenza\" \/>\n<meta property=\"article:publisher\" content=\"https:\/\/www.facebook.com\/PressenzaItalia\" \/>\n<meta property=\"article:published_time\" content=\"2018-12-21T20:12:59+00:00\" \/>\n<meta property=\"og:image\" content=\"https:\/\/www.pressenza.com\/wp-content\/uploads\/2018\/12\/coerenza-1024x722.jpg\" \/>\n\t<meta property=\"og:image:width\" content=\"1024\" \/>\n\t<meta property=\"og:image:height\" content=\"722\" \/>\n\t<meta property=\"og:image:type\" content=\"image\/jpeg\" \/>\n<meta name=\"author\" content=\"Silvia Nocera\" \/>\n<meta name=\"twitter:card\" content=\"summary_large_image\" \/>\n<meta name=\"twitter:creator\" content=\"@PressenzaIPA\" \/>\n<meta name=\"twitter:site\" content=\"@PressenzaIPA\" \/>\n<meta name=\"twitter:label1\" content=\"Scritto da\" \/>\n\t<meta name=\"twitter:data1\" content=\"Silvia Nocera\" \/>\n\t<meta name=\"twitter:label2\" content=\"Tempo di lettura stimato\" \/>\n\t<meta name=\"twitter:data2\" content=\"3 minuti\" \/>\n<script type=\"application\/ld+json\" class=\"yoast-schema-graph\">{\"@context\":\"https:\/\/schema.org\",\"@graph\":[{\"@type\":\"Article\",\"@id\":\"https:\/\/www.pressenza.com\/it\/2018\/12\/ce-coerenza-e-coerenza\/#article\",\"isPartOf\":{\"@id\":\"https:\/\/www.pressenza.com\/it\/2018\/12\/ce-coerenza-e-coerenza\/\"},\"author\":{\"name\":\"Silvia Nocera\",\"@id\":\"https:\/\/www.pressenza.com\/it\/#\/schema\/person\/a49f2c2a2c16e6fcc17c681539aaa1c6\"},\"headline\":\"C&#8217;\u00e8 coerenza e coerenza\",\"datePublished\":\"2018-12-21T20:12:59+00:00\",\"mainEntityOfPage\":{\"@id\":\"https:\/\/www.pressenza.com\/it\/2018\/12\/ce-coerenza-e-coerenza\/\"},\"wordCount\":558,\"publisher\":{\"@id\":\"https:\/\/www.pressenza.com\/it\/#organization\"},\"image\":{\"@id\":\"https:\/\/www.pressenza.com\/it\/2018\/12\/ce-coerenza-e-coerenza\/#primaryimage\"},\"thumbnailUrl\":\"https:\/\/www.pressenza.com\/wp-content\/uploads\/2018\/12\/coerenza-1024x722.jpg\",\"keywords\":[\"coerenza\",\"Confucio\",\"Ges\u00f9\",\"Regola d'Oro\",\"Silo\",\"solidariet\u00e0\"],\"articleSection\":[\"contenuti originali\",\"Opinioni\",\"Umanesimo e Spiritualit\u00e0\"],\"inLanguage\":\"it-IT\"},{\"@type\":\"WebPage\",\"@id\":\"https:\/\/www.pressenza.com\/it\/2018\/12\/ce-coerenza-e-coerenza\/\",\"url\":\"https:\/\/www.pressenza.com\/it\/2018\/12\/ce-coerenza-e-coerenza\/\",\"name\":\"C'\u00e8 coerenza e coerenza\",\"isPartOf\":{\"@id\":\"https:\/\/www.pressenza.com\/it\/#website\"},\"primaryImageOfPage\":{\"@id\":\"https:\/\/www.pressenza.com\/it\/2018\/12\/ce-coerenza-e-coerenza\/#primaryimage\"},\"image\":{\"@id\":\"https:\/\/www.pressenza.com\/it\/2018\/12\/ce-coerenza-e-coerenza\/#primaryimage\"},\"thumbnailUrl\":\"https:\/\/www.pressenza.com\/wp-content\/uploads\/2018\/12\/coerenza-1024x722.jpg\",\"datePublished\":\"2018-12-21T20:12:59+00:00\",\"description\":\"Si pu\u00f2 cambiare idea? La coerenza consiste nel restare sempre della medesima opinione, nel fare sempre quello che si dice? Dove sta il limite tra essere\",\"breadcrumb\":{\"@id\":\"https:\/\/www.pressenza.com\/it\/2018\/12\/ce-coerenza-e-coerenza\/#breadcrumb\"},\"inLanguage\":\"it-IT\",\"potentialAction\":[{\"@type\":\"ReadAction\",\"target\":[\"https:\/\/www.pressenza.com\/it\/2018\/12\/ce-coerenza-e-coerenza\/\"]}]},{\"@type\":\"ImageObject\",\"inLanguage\":\"it-IT\",\"@id\":\"https:\/\/www.pressenza.com\/it\/2018\/12\/ce-coerenza-e-coerenza\/#primaryimage\",\"url\":\"https:\/\/www.pressenza.com\/wp-content\/uploads\/2018\/12\/coerenza-1024x722.jpg\",\"contentUrl\":\"https:\/\/www.pressenza.com\/wp-content\/uploads\/2018\/12\/coerenza-1024x722.jpg\",\"width\":1024,\"height\":722},{\"@type\":\"BreadcrumbList\",\"@id\":\"https:\/\/www.pressenza.com\/it\/2018\/12\/ce-coerenza-e-coerenza\/#breadcrumb\",\"itemListElement\":[{\"@type\":\"ListItem\",\"position\":1,\"name\":\"Accueil\",\"item\":\"https:\/\/www.pressenza.com\/it\/\"},{\"@type\":\"ListItem\",\"position\":2,\"name\":\"C&#8217;\u00e8 coerenza e coerenza\"}]},{\"@type\":\"WebSite\",\"@id\":\"https:\/\/www.pressenza.com\/it\/#website\",\"url\":\"https:\/\/www.pressenza.com\/it\/\",\"name\":\"Pressenza\",\"description\":\"Agenzia di Stampa Internazionale\",\"publisher\":{\"@id\":\"https:\/\/www.pressenza.com\/it\/#organization\"},\"potentialAction\":[{\"@type\":\"SearchAction\",\"target\":{\"@type\":\"EntryPoint\",\"urlTemplate\":\"https:\/\/www.pressenza.com\/it\/?s={search_term_string}\"},\"query-input\":{\"@type\":\"PropertyValueSpecification\",\"valueRequired\":true,\"valueName\":\"search_term_string\"}}],\"inLanguage\":\"it-IT\"},{\"@type\":\"Organization\",\"@id\":\"https:\/\/www.pressenza.com\/it\/#organization\",\"name\":\"Pressenza\",\"url\":\"https:\/\/www.pressenza.com\/it\/\",\"logo\":{\"@type\":\"ImageObject\",\"inLanguage\":\"it-IT\",\"@id\":\"https:\/\/www.pressenza.com\/it\/#\/schema\/logo\/image\/\",\"url\":\"https:\/\/www.pressenza.com\/wp-content\/uploads\/2022\/10\/pressenza_logo_200x200.jpg\",\"contentUrl\":\"https:\/\/www.pressenza.com\/wp-content\/uploads\/2022\/10\/pressenza_logo_200x200.jpg\",\"width\":200,\"height\":200,\"caption\":\"Pressenza\"},\"image\":{\"@id\":\"https:\/\/www.pressenza.com\/it\/#\/schema\/logo\/image\/\"},\"sameAs\":[\"https:\/\/www.facebook.com\/PressenzaItalia\",\"https:\/\/x.com\/PressenzaIPA\"]},{\"@type\":\"Person\",\"@id\":\"https:\/\/www.pressenza.com\/it\/#\/schema\/person\/a49f2c2a2c16e6fcc17c681539aaa1c6\",\"name\":\"Silvia Nocera\",\"description\":\"Classe 1968. Scrittrice e traduttrice free lance. Da sempre impegnata nel superamento della sofferenza personale e sociale. Responsabile dello sviluppo italiano dell'associazione Centro delle Culture fino al 2007, dal 2009 Messaggera di Silo. silvianocera.net\",\"sameAs\":[\"https:\/\/silvianocera.net\"],\"url\":\"https:\/\/www.pressenza.com\/it\/author\/silvia-nocera\/\"}]}<\/script>\n<!-- \/ Yoast SEO plugin. -->","yoast_head_json":{"title":"C'\u00e8 coerenza e coerenza","description":"Si pu\u00f2 cambiare idea? La coerenza consiste nel restare sempre della medesima opinione, nel fare sempre quello che si dice? Dove sta il limite tra essere","robots":{"index":"index","follow":"follow","max-snippet":"max-snippet:-1","max-image-preview":"max-image-preview:large","max-video-preview":"max-video-preview:-1"},"canonical":"https:\/\/www.pressenza.com\/it\/2018\/12\/ce-coerenza-e-coerenza\/","og_locale":"it_IT","og_type":"article","og_title":"C'\u00e8 coerenza e coerenza","og_description":"Si pu\u00f2 cambiare idea? La coerenza consiste nel restare sempre della medesima opinione, nel fare sempre quello che si dice? Dove sta il limite tra essere","og_url":"https:\/\/www.pressenza.com\/it\/2018\/12\/ce-coerenza-e-coerenza\/","og_site_name":"Pressenza","article_publisher":"https:\/\/www.facebook.com\/PressenzaItalia","article_published_time":"2018-12-21T20:12:59+00:00","og_image":[{"width":1024,"height":722,"url":"https:\/\/www.pressenza.com\/wp-content\/uploads\/2018\/12\/coerenza-1024x722.jpg","type":"image\/jpeg"}],"author":"Silvia Nocera","twitter_card":"summary_large_image","twitter_creator":"@PressenzaIPA","twitter_site":"@PressenzaIPA","twitter_misc":{"Scritto da":"Silvia Nocera","Tempo di lettura stimato":"3 minuti"},"schema":{"@context":"https:\/\/schema.org","@graph":[{"@type":"Article","@id":"https:\/\/www.pressenza.com\/it\/2018\/12\/ce-coerenza-e-coerenza\/#article","isPartOf":{"@id":"https:\/\/www.pressenza.com\/it\/2018\/12\/ce-coerenza-e-coerenza\/"},"author":{"name":"Silvia Nocera","@id":"https:\/\/www.pressenza.com\/it\/#\/schema\/person\/a49f2c2a2c16e6fcc17c681539aaa1c6"},"headline":"C&#8217;\u00e8 coerenza e coerenza","datePublished":"2018-12-21T20:12:59+00:00","mainEntityOfPage":{"@id":"https:\/\/www.pressenza.com\/it\/2018\/12\/ce-coerenza-e-coerenza\/"},"wordCount":558,"publisher":{"@id":"https:\/\/www.pressenza.com\/it\/#organization"},"image":{"@id":"https:\/\/www.pressenza.com\/it\/2018\/12\/ce-coerenza-e-coerenza\/#primaryimage"},"thumbnailUrl":"https:\/\/www.pressenza.com\/wp-content\/uploads\/2018\/12\/coerenza-1024x722.jpg","keywords":["coerenza","Confucio","Ges\u00f9","Regola d'Oro","Silo","solidariet\u00e0"],"articleSection":["contenuti originali","Opinioni","Umanesimo e Spiritualit\u00e0"],"inLanguage":"it-IT"},{"@type":"WebPage","@id":"https:\/\/www.pressenza.com\/it\/2018\/12\/ce-coerenza-e-coerenza\/","url":"https:\/\/www.pressenza.com\/it\/2018\/12\/ce-coerenza-e-coerenza\/","name":"C'\u00e8 coerenza e coerenza","isPartOf":{"@id":"https:\/\/www.pressenza.com\/it\/#website"},"primaryImageOfPage":{"@id":"https:\/\/www.pressenza.com\/it\/2018\/12\/ce-coerenza-e-coerenza\/#primaryimage"},"image":{"@id":"https:\/\/www.pressenza.com\/it\/2018\/12\/ce-coerenza-e-coerenza\/#primaryimage"},"thumbnailUrl":"https:\/\/www.pressenza.com\/wp-content\/uploads\/2018\/12\/coerenza-1024x722.jpg","datePublished":"2018-12-21T20:12:59+00:00","description":"Si pu\u00f2 cambiare idea? La coerenza consiste nel restare sempre della medesima opinione, nel fare sempre quello che si dice? Dove sta il limite tra essere","breadcrumb":{"@id":"https:\/\/www.pressenza.com\/it\/2018\/12\/ce-coerenza-e-coerenza\/#breadcrumb"},"inLanguage":"it-IT","potentialAction":[{"@type":"ReadAction","target":["https:\/\/www.pressenza.com\/it\/2018\/12\/ce-coerenza-e-coerenza\/"]}]},{"@type":"ImageObject","inLanguage":"it-IT","@id":"https:\/\/www.pressenza.com\/it\/2018\/12\/ce-coerenza-e-coerenza\/#primaryimage","url":"https:\/\/www.pressenza.com\/wp-content\/uploads\/2018\/12\/coerenza-1024x722.jpg","contentUrl":"https:\/\/www.pressenza.com\/wp-content\/uploads\/2018\/12\/coerenza-1024x722.jpg","width":1024,"height":722},{"@type":"BreadcrumbList","@id":"https:\/\/www.pressenza.com\/it\/2018\/12\/ce-coerenza-e-coerenza\/#breadcrumb","itemListElement":[{"@type":"ListItem","position":1,"name":"Accueil","item":"https:\/\/www.pressenza.com\/it\/"},{"@type":"ListItem","position":2,"name":"C&#8217;\u00e8 coerenza e coerenza"}]},{"@type":"WebSite","@id":"https:\/\/www.pressenza.com\/it\/#website","url":"https:\/\/www.pressenza.com\/it\/","name":"Pressenza","description":"Agenzia di Stampa Internazionale","publisher":{"@id":"https:\/\/www.pressenza.com\/it\/#organization"},"potentialAction":[{"@type":"SearchAction","target":{"@type":"EntryPoint","urlTemplate":"https:\/\/www.pressenza.com\/it\/?s={search_term_string}"},"query-input":{"@type":"PropertyValueSpecification","valueRequired":true,"valueName":"search_term_string"}}],"inLanguage":"it-IT"},{"@type":"Organization","@id":"https:\/\/www.pressenza.com\/it\/#organization","name":"Pressenza","url":"https:\/\/www.pressenza.com\/it\/","logo":{"@type":"ImageObject","inLanguage":"it-IT","@id":"https:\/\/www.pressenza.com\/it\/#\/schema\/logo\/image\/","url":"https:\/\/www.pressenza.com\/wp-content\/uploads\/2022\/10\/pressenza_logo_200x200.jpg","contentUrl":"https:\/\/www.pressenza.com\/wp-content\/uploads\/2022\/10\/pressenza_logo_200x200.jpg","width":200,"height":200,"caption":"Pressenza"},"image":{"@id":"https:\/\/www.pressenza.com\/it\/#\/schema\/logo\/image\/"},"sameAs":["https:\/\/www.facebook.com\/PressenzaItalia","https:\/\/x.com\/PressenzaIPA"]},{"@type":"Person","@id":"https:\/\/www.pressenza.com\/it\/#\/schema\/person\/a49f2c2a2c16e6fcc17c681539aaa1c6","name":"Silvia Nocera","description":"Classe 1968. Scrittrice e traduttrice free lance. Da sempre impegnata nel superamento della sofferenza personale e sociale. Responsabile dello sviluppo italiano dell'associazione Centro delle Culture fino al 2007, dal 2009 Messaggera di Silo. silvianocera.net","sameAs":["https:\/\/silvianocera.net"],"url":"https:\/\/www.pressenza.com\/it\/author\/silvia-nocera\/"}]}},"place":"","original_article_url":"","_links":{"self":[{"href":"https:\/\/www.pressenza.com\/it\/wp-json\/wp\/v2\/posts\/779275","targetHints":{"allow":["GET"]}}],"collection":[{"href":"https:\/\/www.pressenza.com\/it\/wp-json\/wp\/v2\/posts"}],"about":[{"href":"https:\/\/www.pressenza.com\/it\/wp-json\/wp\/v2\/types\/post"}],"author":[{"embeddable":true,"href":"https:\/\/www.pressenza.com\/it\/wp-json\/wp\/v2\/users\/1532"}],"replies":[{"embeddable":true,"href":"https:\/\/www.pressenza.com\/it\/wp-json\/wp\/v2\/comments?post=779275"}],"version-history":[{"count":0,"href":"https:\/\/www.pressenza.com\/it\/wp-json\/wp\/v2\/posts\/779275\/revisions"}],"wp:featuredmedia":[{"embeddable":true,"href":"https:\/\/www.pressenza.com\/it\/wp-json\/wp\/v2\/media\/779276"}],"wp:attachment":[{"href":"https:\/\/www.pressenza.com\/it\/wp-json\/wp\/v2\/media?parent=779275"}],"wp:term":[{"taxonomy":"category","embeddable":true,"href":"https:\/\/www.pressenza.com\/it\/wp-json\/wp\/v2\/categories?post=779275"},{"taxonomy":"post_tag","embeddable":true,"href":"https:\/\/www.pressenza.com\/it\/wp-json\/wp\/v2\/tags?post=779275"}],"curies":[{"name":"wp","href":"https:\/\/api.w.org\/{rel}","templated":true}]}}