{"id":776144,"date":"2018-12-14T16:41:18","date_gmt":"2018-12-14T16:41:18","guid":{"rendered":"https:\/\/www.pressenza.com\/?p=776144"},"modified":"2018-12-14T16:41:18","modified_gmt":"2018-12-14T16:41:18","slug":"resistenze-diritti-democrazia-manuela-davila-a-napoli","status":"publish","type":"post","link":"https:\/\/www.pressenza.com\/it\/2018\/12\/resistenze-diritti-democrazia-manuela-davila-a-napoli\/","title":{"rendered":"Resistenze, Diritti, Democrazia: Manuela D\u2019Avila a Napoli"},"content":{"rendered":"<p class=\"western\" align=\"justify\">La conferenza internazionale, tenuta presso la Citt\u00e0 Metropolitana di Napoli, su iniziativa di Rifondazione Comunista e del GUE (il Gruppo della Sinistra al Parlamento Europeo), in occasione dell\u2019arrivo in Italia della figura, in questo momento, pi\u00f9 in vista dell\u2019opposizione brasiliana, la deputata Manuela D\u2019Avila, non \u00e8 stata solo un successo di pubblico e di partecipazione: \u00e8 stata, pi\u00f9 di ogni altra considerazione, un\u2019opportunit\u00e0 importante per condividere riflessioni e attrezzare iniziative per la difesa dei diritti e della democrazia, contro l\u2019abuso del potere (anche quando viene presentato in vesti \u00abformalmente legali\u00bb) e contro la riduzione dei diritti e degli spazi per la democrazia (fino addirittura a paventare inquietanti ritorni al passato).<\/p>\n<p class=\"western\" align=\"justify\">La possibilit\u00e0, per i termini \u201clegalit\u00e0\u201d (formale) e \u201cgiustizia\u201d (sostanziale), di entrare in contraddizione, \u00e8 stata pi\u00f9 volte richiamata nel corso delle relazioni: vi ha fatto riferimento la stessa Manuela D\u2019Avila, quando ha richiamato l\u2019attenzione dei presenti sul <span style=\"color: #0000ff;\"><u><a href=\"https:\/\/www.huffingtonpost.it\/fabrizio-lorusso\/perche-limpeachment-contro-dilma-rousseff-somiglia-a-un-golpe-bianco-_b_9717330.html\">golpe istituzionale<\/a><\/u><\/span> consumato contro Dilma Rousseff e sul <span style=\"color: #0000ff;\"><u><a href=\"https:\/\/www.repubblica.it\/esteri\/2018\/07\/08\/news\/brasile_corte_d_appello_ordina_scarcerazione_lula-201231737\">golpe giudiziario<\/a><\/u><\/span> che ha portato alla messa in carcere del candidato presidenziale, gi\u00e0 presidente del Brasile, Luiz In\u00e1cio \u201cLula\u201d da Silva; ma vi ha fatto riferimento, <i>mutatis mutandis<\/i>, anche il Sindaco di Napoli, Luigi de Magistris, ricordando appunto come, talvolta, il rispetto della legalit\u00e0 formale e dei \u201cprotocolli\u201d prevalga sulla giustizia o addirittura intervenga a \u201clegittimare\u201d, in vari modi e forme, ingiustizie, abusi e violazioni.<\/p>\n<p class=\"western\" align=\"justify\">Diventa allora chiaro come il tema della \u00abdemocrazia\u00bb finisca con l\u2019essere inestricabilmente legato a quello dei \u00abdiritti\u00bb: se la democrazia formale si riduce ad una mera liturgia procedurale, solo una democrazia animata dalla partecipazione delle masse e dal primato dei diritti pu\u00f2 connotarsi in termini di democrazia sostanziale, diventare propriamente democrazia, mantenere l\u2019orientamento programmatico che \u00e8 proprio di qualunque esercizio democratico, vale a dire di sviluppare la pi\u00f9 ampia adesione delle masse al potere e di assicurare la pi\u00f9 ampia estensione della sfera della libert\u00e0 e della giustizia. D\u2019altra parte, quando si parla di diritti, \u00e8 pi\u00f9 che mai opportuno parlarne in termini di \u00abtutti i diritti umani per tutti\u00bb: a pochi giorni dalla celebrazione del 70\u00b0 anniversario della promulgazione della Dichiarazione Universale dei Diritti Umani (1948), \u00e8 essenziale ricordare che il \u201ccorpus\u201d dei diritti fondamentali \u00e8 inderogabile ed indivisibile, diritti civili e politici, diritti economici, sociali e culturali e, in ultima generazione, diritti dei popoli e dell\u2019ambiente.<\/p>\n<p class=\"western\" align=\"justify\">Il Brasile, geograficamente all\u2019altro capo del mondo, politicamente non \u00e8 lontano da noi: i casi dell\u2019<span style=\"color: #0000ff;\"><u><a href=\"https:\/\/www.repubblica.it\/esteri\/2018\/12\/13\/news\/ungheria_orba_n_vara_la_nuova_legge_sul_lavoro_i_sindacati_schiavitu_-214147124\">Ungheria<\/a><\/u><\/span> e della <span style=\"color: #0000ff;\"><u><a href=\"http:\/\/espresso.repubblica.it\/internazionale\/2018\/07\/04\/news\/polonia-purga-magistrati-1.324567\">Polonia<\/a><\/u><\/span>, dei nuovi sovranismi e nazionalismi, del ritorno di pulsioni reazionarie e xenofobe, pure sono stati, opportunamente, richiamati, nello svolgimento della conferenza. Sembra l\u2019eco del Malcom X che rivendica il primato della verit\u00e0, di essere: \u00abper la verit\u00e0, non importa chi sia a dirla e \u2026 per la giustizia, non importa contro o a favore di chi\u00bb; o del Malcom X che insiste sul carattere, perfino strutturale, del razzismo: \u00ab\u00c8 impossibile per un bianco credere nel capitalismo e non credere nel razzismo. Non puoi avere il capitalismo senza razzismo\u00bb. Non saranno i respingimenti di massa, l\u2019estensione di muri, barriere e filo spinato, persino la compressione dei diritti dei migranti a rendere le nostre citt\u00e0 pi\u00f9 sicure, ma solo le politiche di inclusione, il riconoscimento di diritti uguali, possibilit\u00e0 di lavoro e di emancipazione per tutti.<\/p>\n<p class=\"western\" align=\"justify\">Dall\u2019America Latina all\u2019Europa, questa riflessione richiama quella di uno \u00abspazio pubblico\u00bb da estendere in modo da sviluppare la democrazia e contrastare le pulsioni antidemocratiche o reazionarie. Vi \u00e8 la questione dei popoli indigeni e delle comunit\u00e0 minoritarie, che sempre pi\u00f9 devono vivere in maniera protagonistica lo spazio della democrazia e le cui lingue, memorie e culture devono essere tutelate. Vi \u00e8 la questione delle relazioni tra i popoli, che sempre pi\u00f9 devono esplorare occasione di fratellanza e cimentarsi nella ideazione e nello sviluppo di una vera e propria \u00abdiplomazia per la pace\u00bb, come ha richiamato la stessa Console Generale a Napoli della Repubblica Bolivariana del Venezuela, Amarilis Gutierrez Graffe.<\/p>\n<p class=\"western\" align=\"justify\">Vi \u00e8 la questione della protezione dell\u2019ambiente e dell\u2019ecosistema, a partire dalla sfera delle <span style=\"color: #0000ff;\"><u><a href=\"http:\/\/www.comune.napoli.it\/flex\/cm\/pages\/ServeBLOB.php\/L\/IT\/IDPagina\/16783\">risorse comuni<\/a><\/u><\/span> fondamentali, quali la terra e l\u2019acqua, ma anche le informazioni e la conoscenza, non solo perch\u00e9 dalla loro conservazione dipende il futuro del pianeta e dell\u2019umanit\u00e0, ma anche perch\u00e9 sempre pi\u00f9 sono preda degli appetiti delle maggiori potenze politiche e delle multinazionali private, come ha puntualmente ricordato Alex Zanotelli. Tutto questo compone la sfera dei diritti e lo spazio della democrazia, recuperando anche le osservazioni condivise in sala da Eleonora Forenza, deputata europea del GUE, seguendo, peraltro, la falsariga del titolo stesso della conferenza, appunto, \u00ab<span style=\"color: #0000ff;\"><u><a href=\"http:\/\/www.rifondazione.it\/primapagina\/?p=36804\">Brasile\/Italia\/Europa: Resistenze, Diritti, Democrazia<\/a><\/u><\/span>\u00bb.<\/p>\n<p class=\"western\" align=\"justify\">Cos\u00ec Alessandro Fucito, presidente del Consiglio Comunale di Napoli, nel suo richiamo all\u2019impegno, della Citt\u00e0 di Napoli, nello sviluppo dei <i>commons<\/i> e delle relazioni di solidariet\u00e0 internazionale e di amicizia tra i popoli. E cos\u00ec Elena Coccia, Consigliera Metropolitana alla Cura del Patrimonio Culturale e ai Beni Comuni, che ha aperto i lavori della conferenza, richiamando l\u2019attenzione di tutti sull\u2019unit\u00e0 delle energie e delle resistenze e sull\u2019impegno a sviluppare ancora di pi\u00f9 l\u2019iniziativa a tutela dei diritti e per i beni comuni.<\/p>\n","protected":false},"excerpt":{"rendered":"<p>La conferenza internazionale, tenuta presso la Citt\u00e0 Metropolitana di Napoli, su iniziativa di Rifondazione Comunista e del GUE (il Gruppo della Sinistra al Parlamento Europeo), in occasione dell\u2019arrivo in Italia della figura, in questo momento, pi\u00f9 in vista dell\u2019opposizione brasiliana,&hellip;<\/p>\n","protected":false},"author":986,"featured_media":776154,"comment_status":"closed","ping_status":"closed","sticky":false,"template":"","format":"standard","meta":{"footnotes":""},"categories":[11388,47,55,48],"tags":[3993,8177,17764,15423,51239,5149],"class_list":["post-776144","post","type-post","status-publish","format-standard","has-post-thumbnail","hentry","category-contenuti-originali","category-europa","category-politica","category-sud-america","tag-brasile","tag-dichiarazione-universale-dei-diritti-umani","tag-eleonora-forenza","tag-luigi-de-magistris","tag-manuela-davila","tag-napoli"],"yoast_head":"<!-- This site is optimized with the Yoast SEO plugin v27.1.1 - https:\/\/yoast.com\/product\/yoast-seo-wordpress\/ -->\n<title>Resistenze, Diritti, Democrazia: Manuela D\u2019Avila a Napoli<\/title>\n<meta name=\"description\" content=\"La conferenza internazionale, tenuta presso la Citt\u00e0 Metropolitana di Napoli, su iniziativa di Rifondazione Comunista e del GUE (il Gruppo della Sinistra\" \/>\n<meta name=\"robots\" content=\"index, follow, max-snippet:-1, max-image-preview:large, max-video-preview:-1\" \/>\n<link rel=\"canonical\" href=\"https:\/\/www.pressenza.com\/it\/2018\/12\/resistenze-diritti-democrazia-manuela-davila-a-napoli\/\" \/>\n<meta property=\"og:locale\" content=\"it_IT\" \/>\n<meta property=\"og:type\" content=\"article\" \/>\n<meta property=\"og:title\" content=\"Resistenze, Diritti, Democrazia: Manuela D\u2019Avila a Napoli\" \/>\n<meta property=\"og:description\" content=\"La conferenza internazionale, tenuta presso la Citt\u00e0 Metropolitana di Napoli, su iniziativa di Rifondazione Comunista e del GUE (il Gruppo della Sinistra\" \/>\n<meta property=\"og:url\" content=\"https:\/\/www.pressenza.com\/it\/2018\/12\/resistenze-diritti-democrazia-manuela-davila-a-napoli\/\" \/>\n<meta property=\"og:site_name\" content=\"Pressenza\" \/>\n<meta property=\"article:publisher\" content=\"https:\/\/www.facebook.com\/PressenzaItalia\" \/>\n<meta property=\"article:published_time\" content=\"2018-12-14T16:41:18+00:00\" \/>\n<meta property=\"og:image\" content=\"https:\/\/www.pressenza.com\/wp-content\/uploads\/2018\/12\/Foto_1.jpg\" \/>\n\t<meta property=\"og:image:width\" content=\"2048\" \/>\n\t<meta property=\"og:image:height\" content=\"1536\" \/>\n\t<meta property=\"og:image:type\" content=\"image\/jpeg\" \/>\n<meta name=\"author\" content=\"Gianmarco Pisa\" \/>\n<meta name=\"twitter:card\" content=\"summary_large_image\" \/>\n<meta name=\"twitter:creator\" content=\"@PressenzaIPA\" \/>\n<meta name=\"twitter:site\" content=\"@PressenzaIPA\" \/>\n<meta name=\"twitter:label1\" content=\"Scritto da\" \/>\n\t<meta name=\"twitter:data1\" content=\"Gianmarco Pisa\" \/>\n\t<meta name=\"twitter:label2\" content=\"Tempo di lettura stimato\" \/>\n\t<meta name=\"twitter:data2\" content=\"4 minuti\" \/>\n<script type=\"application\/ld+json\" class=\"yoast-schema-graph\">{\"@context\":\"https:\/\/schema.org\",\"@graph\":[{\"@type\":\"Article\",\"@id\":\"https:\/\/www.pressenza.com\/it\/2018\/12\/resistenze-diritti-democrazia-manuela-davila-a-napoli\/#article\",\"isPartOf\":{\"@id\":\"https:\/\/www.pressenza.com\/it\/2018\/12\/resistenze-diritti-democrazia-manuela-davila-a-napoli\/\"},\"author\":{\"name\":\"Gianmarco Pisa\",\"@id\":\"https:\/\/www.pressenza.com\/it\/#\/schema\/person\/065812a20954baed70c01f7c30620d66\"},\"headline\":\"Resistenze, Diritti, Democrazia: Manuela D\u2019Avila a Napoli\",\"datePublished\":\"2018-12-14T16:41:18+00:00\",\"mainEntityOfPage\":{\"@id\":\"https:\/\/www.pressenza.com\/it\/2018\/12\/resistenze-diritti-democrazia-manuela-davila-a-napoli\/\"},\"wordCount\":850,\"publisher\":{\"@id\":\"https:\/\/www.pressenza.com\/it\/#organization\"},\"image\":{\"@id\":\"https:\/\/www.pressenza.com\/it\/2018\/12\/resistenze-diritti-democrazia-manuela-davila-a-napoli\/#primaryimage\"},\"thumbnailUrl\":\"https:\/\/www.pressenza.com\/wp-content\/uploads\/2018\/12\/Foto_1.jpg\",\"keywords\":[\"Brasile\",\"Dichiarazione Universale dei Diritti Umani\",\"Eleonora Forenza\",\"Luigi de Magistris\",\"Manuela D'Avila\",\"Napoli\"],\"articleSection\":[\"contenuti originali\",\"Europa\",\"Politica\",\"Sud America\"],\"inLanguage\":\"it-IT\"},{\"@type\":\"WebPage\",\"@id\":\"https:\/\/www.pressenza.com\/it\/2018\/12\/resistenze-diritti-democrazia-manuela-davila-a-napoli\/\",\"url\":\"https:\/\/www.pressenza.com\/it\/2018\/12\/resistenze-diritti-democrazia-manuela-davila-a-napoli\/\",\"name\":\"Resistenze, Diritti, Democrazia: Manuela D\u2019Avila a Napoli\",\"isPartOf\":{\"@id\":\"https:\/\/www.pressenza.com\/it\/#website\"},\"primaryImageOfPage\":{\"@id\":\"https:\/\/www.pressenza.com\/it\/2018\/12\/resistenze-diritti-democrazia-manuela-davila-a-napoli\/#primaryimage\"},\"image\":{\"@id\":\"https:\/\/www.pressenza.com\/it\/2018\/12\/resistenze-diritti-democrazia-manuela-davila-a-napoli\/#primaryimage\"},\"thumbnailUrl\":\"https:\/\/www.pressenza.com\/wp-content\/uploads\/2018\/12\/Foto_1.jpg\",\"datePublished\":\"2018-12-14T16:41:18+00:00\",\"description\":\"La conferenza internazionale, tenuta presso la Citt\u00e0 Metropolitana di Napoli, su iniziativa di Rifondazione Comunista e del GUE (il Gruppo della Sinistra\",\"breadcrumb\":{\"@id\":\"https:\/\/www.pressenza.com\/it\/2018\/12\/resistenze-diritti-democrazia-manuela-davila-a-napoli\/#breadcrumb\"},\"inLanguage\":\"it-IT\",\"potentialAction\":[{\"@type\":\"ReadAction\",\"target\":[\"https:\/\/www.pressenza.com\/it\/2018\/12\/resistenze-diritti-democrazia-manuela-davila-a-napoli\/\"]}]},{\"@type\":\"ImageObject\",\"inLanguage\":\"it-IT\",\"@id\":\"https:\/\/www.pressenza.com\/it\/2018\/12\/resistenze-diritti-democrazia-manuela-davila-a-napoli\/#primaryimage\",\"url\":\"https:\/\/www.pressenza.com\/wp-content\/uploads\/2018\/12\/Foto_1.jpg\",\"contentUrl\":\"https:\/\/www.pressenza.com\/wp-content\/uploads\/2018\/12\/Foto_1.jpg\",\"width\":2048,\"height\":1536},{\"@type\":\"BreadcrumbList\",\"@id\":\"https:\/\/www.pressenza.com\/it\/2018\/12\/resistenze-diritti-democrazia-manuela-davila-a-napoli\/#breadcrumb\",\"itemListElement\":[{\"@type\":\"ListItem\",\"position\":1,\"name\":\"Accueil\",\"item\":\"https:\/\/www.pressenza.com\/it\/\"},{\"@type\":\"ListItem\",\"position\":2,\"name\":\"Resistenze, Diritti, Democrazia: Manuela D\u2019Avila a Napoli\"}]},{\"@type\":\"WebSite\",\"@id\":\"https:\/\/www.pressenza.com\/it\/#website\",\"url\":\"https:\/\/www.pressenza.com\/it\/\",\"name\":\"Pressenza\",\"description\":\"Agenzia di Stampa Internazionale\",\"publisher\":{\"@id\":\"https:\/\/www.pressenza.com\/it\/#organization\"},\"potentialAction\":[{\"@type\":\"SearchAction\",\"target\":{\"@type\":\"EntryPoint\",\"urlTemplate\":\"https:\/\/www.pressenza.com\/it\/?s={search_term_string}\"},\"query-input\":{\"@type\":\"PropertyValueSpecification\",\"valueRequired\":true,\"valueName\":\"search_term_string\"}}],\"inLanguage\":\"it-IT\"},{\"@type\":\"Organization\",\"@id\":\"https:\/\/www.pressenza.com\/it\/#organization\",\"name\":\"Pressenza\",\"url\":\"https:\/\/www.pressenza.com\/it\/\",\"logo\":{\"@type\":\"ImageObject\",\"inLanguage\":\"it-IT\",\"@id\":\"https:\/\/www.pressenza.com\/it\/#\/schema\/logo\/image\/\",\"url\":\"https:\/\/www.pressenza.com\/wp-content\/uploads\/2022\/10\/pressenza_logo_200x200.jpg\",\"contentUrl\":\"https:\/\/www.pressenza.com\/wp-content\/uploads\/2022\/10\/pressenza_logo_200x200.jpg\",\"width\":200,\"height\":200,\"caption\":\"Pressenza\"},\"image\":{\"@id\":\"https:\/\/www.pressenza.com\/it\/#\/schema\/logo\/image\/\"},\"sameAs\":[\"https:\/\/www.facebook.com\/PressenzaItalia\",\"https:\/\/x.com\/PressenzaIPA\"]},{\"@type\":\"Person\",\"@id\":\"https:\/\/www.pressenza.com\/it\/#\/schema\/person\/065812a20954baed70c01f7c30620d66\",\"name\":\"Gianmarco Pisa\",\"url\":\"https:\/\/www.pressenza.com\/it\/author\/gianmarco-pisa\/\"}]}<\/script>\n<!-- \/ Yoast SEO plugin. -->","yoast_head_json":{"title":"Resistenze, Diritti, Democrazia: Manuela D\u2019Avila a Napoli","description":"La conferenza internazionale, tenuta presso la Citt\u00e0 Metropolitana di Napoli, su iniziativa di Rifondazione Comunista e del GUE (il Gruppo della Sinistra","robots":{"index":"index","follow":"follow","max-snippet":"max-snippet:-1","max-image-preview":"max-image-preview:large","max-video-preview":"max-video-preview:-1"},"canonical":"https:\/\/www.pressenza.com\/it\/2018\/12\/resistenze-diritti-democrazia-manuela-davila-a-napoli\/","og_locale":"it_IT","og_type":"article","og_title":"Resistenze, Diritti, Democrazia: Manuela D\u2019Avila a Napoli","og_description":"La conferenza internazionale, tenuta presso la Citt\u00e0 Metropolitana di Napoli, su iniziativa di Rifondazione Comunista e del GUE (il Gruppo della Sinistra","og_url":"https:\/\/www.pressenza.com\/it\/2018\/12\/resistenze-diritti-democrazia-manuela-davila-a-napoli\/","og_site_name":"Pressenza","article_publisher":"https:\/\/www.facebook.com\/PressenzaItalia","article_published_time":"2018-12-14T16:41:18+00:00","og_image":[{"width":2048,"height":1536,"url":"https:\/\/www.pressenza.com\/wp-content\/uploads\/2018\/12\/Foto_1.jpg","type":"image\/jpeg"}],"author":"Gianmarco Pisa","twitter_card":"summary_large_image","twitter_creator":"@PressenzaIPA","twitter_site":"@PressenzaIPA","twitter_misc":{"Scritto da":"Gianmarco Pisa","Tempo di lettura stimato":"4 minuti"},"schema":{"@context":"https:\/\/schema.org","@graph":[{"@type":"Article","@id":"https:\/\/www.pressenza.com\/it\/2018\/12\/resistenze-diritti-democrazia-manuela-davila-a-napoli\/#article","isPartOf":{"@id":"https:\/\/www.pressenza.com\/it\/2018\/12\/resistenze-diritti-democrazia-manuela-davila-a-napoli\/"},"author":{"name":"Gianmarco Pisa","@id":"https:\/\/www.pressenza.com\/it\/#\/schema\/person\/065812a20954baed70c01f7c30620d66"},"headline":"Resistenze, Diritti, Democrazia: Manuela D\u2019Avila a Napoli","datePublished":"2018-12-14T16:41:18+00:00","mainEntityOfPage":{"@id":"https:\/\/www.pressenza.com\/it\/2018\/12\/resistenze-diritti-democrazia-manuela-davila-a-napoli\/"},"wordCount":850,"publisher":{"@id":"https:\/\/www.pressenza.com\/it\/#organization"},"image":{"@id":"https:\/\/www.pressenza.com\/it\/2018\/12\/resistenze-diritti-democrazia-manuela-davila-a-napoli\/#primaryimage"},"thumbnailUrl":"https:\/\/www.pressenza.com\/wp-content\/uploads\/2018\/12\/Foto_1.jpg","keywords":["Brasile","Dichiarazione Universale dei Diritti Umani","Eleonora Forenza","Luigi de Magistris","Manuela D'Avila","Napoli"],"articleSection":["contenuti originali","Europa","Politica","Sud America"],"inLanguage":"it-IT"},{"@type":"WebPage","@id":"https:\/\/www.pressenza.com\/it\/2018\/12\/resistenze-diritti-democrazia-manuela-davila-a-napoli\/","url":"https:\/\/www.pressenza.com\/it\/2018\/12\/resistenze-diritti-democrazia-manuela-davila-a-napoli\/","name":"Resistenze, Diritti, Democrazia: Manuela D\u2019Avila a Napoli","isPartOf":{"@id":"https:\/\/www.pressenza.com\/it\/#website"},"primaryImageOfPage":{"@id":"https:\/\/www.pressenza.com\/it\/2018\/12\/resistenze-diritti-democrazia-manuela-davila-a-napoli\/#primaryimage"},"image":{"@id":"https:\/\/www.pressenza.com\/it\/2018\/12\/resistenze-diritti-democrazia-manuela-davila-a-napoli\/#primaryimage"},"thumbnailUrl":"https:\/\/www.pressenza.com\/wp-content\/uploads\/2018\/12\/Foto_1.jpg","datePublished":"2018-12-14T16:41:18+00:00","description":"La conferenza internazionale, tenuta presso la Citt\u00e0 Metropolitana di Napoli, su iniziativa di Rifondazione Comunista e del GUE (il Gruppo della Sinistra","breadcrumb":{"@id":"https:\/\/www.pressenza.com\/it\/2018\/12\/resistenze-diritti-democrazia-manuela-davila-a-napoli\/#breadcrumb"},"inLanguage":"it-IT","potentialAction":[{"@type":"ReadAction","target":["https:\/\/www.pressenza.com\/it\/2018\/12\/resistenze-diritti-democrazia-manuela-davila-a-napoli\/"]}]},{"@type":"ImageObject","inLanguage":"it-IT","@id":"https:\/\/www.pressenza.com\/it\/2018\/12\/resistenze-diritti-democrazia-manuela-davila-a-napoli\/#primaryimage","url":"https:\/\/www.pressenza.com\/wp-content\/uploads\/2018\/12\/Foto_1.jpg","contentUrl":"https:\/\/www.pressenza.com\/wp-content\/uploads\/2018\/12\/Foto_1.jpg","width":2048,"height":1536},{"@type":"BreadcrumbList","@id":"https:\/\/www.pressenza.com\/it\/2018\/12\/resistenze-diritti-democrazia-manuela-davila-a-napoli\/#breadcrumb","itemListElement":[{"@type":"ListItem","position":1,"name":"Accueil","item":"https:\/\/www.pressenza.com\/it\/"},{"@type":"ListItem","position":2,"name":"Resistenze, Diritti, Democrazia: Manuela D\u2019Avila a Napoli"}]},{"@type":"WebSite","@id":"https:\/\/www.pressenza.com\/it\/#website","url":"https:\/\/www.pressenza.com\/it\/","name":"Pressenza","description":"Agenzia di Stampa Internazionale","publisher":{"@id":"https:\/\/www.pressenza.com\/it\/#organization"},"potentialAction":[{"@type":"SearchAction","target":{"@type":"EntryPoint","urlTemplate":"https:\/\/www.pressenza.com\/it\/?s={search_term_string}"},"query-input":{"@type":"PropertyValueSpecification","valueRequired":true,"valueName":"search_term_string"}}],"inLanguage":"it-IT"},{"@type":"Organization","@id":"https:\/\/www.pressenza.com\/it\/#organization","name":"Pressenza","url":"https:\/\/www.pressenza.com\/it\/","logo":{"@type":"ImageObject","inLanguage":"it-IT","@id":"https:\/\/www.pressenza.com\/it\/#\/schema\/logo\/image\/","url":"https:\/\/www.pressenza.com\/wp-content\/uploads\/2022\/10\/pressenza_logo_200x200.jpg","contentUrl":"https:\/\/www.pressenza.com\/wp-content\/uploads\/2022\/10\/pressenza_logo_200x200.jpg","width":200,"height":200,"caption":"Pressenza"},"image":{"@id":"https:\/\/www.pressenza.com\/it\/#\/schema\/logo\/image\/"},"sameAs":["https:\/\/www.facebook.com\/PressenzaItalia","https:\/\/x.com\/PressenzaIPA"]},{"@type":"Person","@id":"https:\/\/www.pressenza.com\/it\/#\/schema\/person\/065812a20954baed70c01f7c30620d66","name":"Gianmarco Pisa","url":"https:\/\/www.pressenza.com\/it\/author\/gianmarco-pisa\/"}]}},"place":"Napoli","original_article_url":"","_links":{"self":[{"href":"https:\/\/www.pressenza.com\/it\/wp-json\/wp\/v2\/posts\/776144","targetHints":{"allow":["GET"]}}],"collection":[{"href":"https:\/\/www.pressenza.com\/it\/wp-json\/wp\/v2\/posts"}],"about":[{"href":"https:\/\/www.pressenza.com\/it\/wp-json\/wp\/v2\/types\/post"}],"author":[{"embeddable":true,"href":"https:\/\/www.pressenza.com\/it\/wp-json\/wp\/v2\/users\/986"}],"replies":[{"embeddable":true,"href":"https:\/\/www.pressenza.com\/it\/wp-json\/wp\/v2\/comments?post=776144"}],"version-history":[{"count":0,"href":"https:\/\/www.pressenza.com\/it\/wp-json\/wp\/v2\/posts\/776144\/revisions"}],"wp:featuredmedia":[{"embeddable":true,"href":"https:\/\/www.pressenza.com\/it\/wp-json\/wp\/v2\/media\/776154"}],"wp:attachment":[{"href":"https:\/\/www.pressenza.com\/it\/wp-json\/wp\/v2\/media?parent=776144"}],"wp:term":[{"taxonomy":"category","embeddable":true,"href":"https:\/\/www.pressenza.com\/it\/wp-json\/wp\/v2\/categories?post=776144"},{"taxonomy":"post_tag","embeddable":true,"href":"https:\/\/www.pressenza.com\/it\/wp-json\/wp\/v2\/tags?post=776144"}],"curies":[{"name":"wp","href":"https:\/\/api.w.org\/{rel}","templated":true}]}}