{"id":774203,"date":"2018-12-11T13:35:02","date_gmt":"2018-12-11T13:35:02","guid":{"rendered":"https:\/\/www.pressenza.com\/?p=774203"},"modified":"2020-03-27T12:08:00","modified_gmt":"2020-03-27T12:08:00","slug":"il-tavolo-per-la-pace-della-val-di-cecina-e-maggiorenne","status":"publish","type":"post","link":"https:\/\/www.pressenza.com\/it\/2018\/12\/il-tavolo-per-la-pace-della-val-di-cecina-e-maggiorenne\/","title":{"rendered":"Il Tavolo per la Pace della Val di Cecina \u00e8 maggiorenne !!"},"content":{"rendered":"<p>Il Tavolo per la Pace della Val di Cecina compie 18 anni. E\u2019 nato come una sfida per la pace incentrato sulla partecipazione perch\u00e9 \u00e8 composto da enti locali, associazioni, gruppi formali ed informali e liberi cittadini, ed ogni persona \u00e8 un voto a prescindere che tu sia un sindaco o un singolo cittadino o un rappresentante di una grande o piccola associazione. La storia \u00e8 troppo lunga per essere raccontata in un comunicato stampa ed \u00e8 del presente e del futuro che vogliamo parlare. L\u2019et\u00e0 ci permette di guidare, adesso siamo maggiorenni ed \u00e8 verso un opposizione alle guerre sempre pi\u00f9 pre ideologica e libera che vogliamo andare. Il 10 dicembre si celebra il settantesimo anniversario della dichiarazione universale dei diritti umani, ma pochi mesi dopo si celebra anche la nascita del patto nucleare atlantico siglato sulla scia della bomba atomica su Nagasaki, sganciata sulla popolazione dopo che il Giappone si era arreso come messaggio di predominio sul mondo. E a proposito di anniversari, ricorre fra poco tempo anche il ventesimo anniversario della guerra in ex Yugoslavia, quello che a nostro parere ha dato le nuove connotazioni alla nato che adesso prevede un&#8217;<a href=\"https:\/\/visaguide.world\/europe\/schengen-visa\/schengen-area-countries-list\/\">area Schengen<\/a> e la revisione delle infrastrutture affinch\u00e9 possano passare sui ponti e sotto le gallerie anche mezzi blindati di grosse dimensioni. L\u2019Italia si era dotata di una Carta Costituzionale per prevenire la partecipazione a guerre di aggressione, ma non \u00e8 mai stata attuata e rispettata.<\/p>\n<p>La strada che il Tavolo per la Pace ha deciso di imboccare \u00e8 quella della promozione del nuovo trattato ONU per la proibizione del nucleare, e dell\u2019opposizione ai lavori che si stanno facendo a Camp Darby per il suo potenziamento, mascherato a mezzo stampa come riduzione della base. Ci dicono che nell\u2019area finora destinata alla ricreazione, adesso verranno formate anche le forze speciali. La storia ci dice che le forze speciali a Camp Darby hanno gi\u00e0 lavorato nel passato di questo paese, e ce lo spiega bene il presidente onorario della Suprema Corte di Cassazione Imposimato: Camp Darby \u00e8 una delle basi Usa\/Nato che \u2013 scrive Ferdinando Imposimato, presidente onorario della Suprema Corte di Cassazione \u2013 hanno fornito gli esplosivi per le stragi, da Piazza Fontana a Capaci e Via d\u2019Amelio. Basi in cui \u00absi riunivano terroristi neri, ufficiali della Nato, mafiosi, uomini politici italiani e massoni, alla vigilia di attentati\u00bb.<\/p>\n<p>E\u2019 per un mondo senza guerre che vogliamo lavorare. E\u2019 per insegnare e studiare politiche per la pace che vogliamo impegnarci. E\u2019 a una difesa civile non armata e nonviolenta e ad un paese disarmato e libero dalle bombe atomiche usa che guardiamo. E per questo abbiamo organizzato insieme alla rete civica livornese contro la nuova normalit\u00e0 della guerra e all\u2019Arci bassa val di Cecina e altri soggetti toscani un incontro a Pisa al circolo Arci pisanello mercoledi 12 alle ore 16 per discutere e organizzare insieme una manifestazione nazionale a Camp Darby il 4 aprile p.v.<\/p>\n<p>Camp Darby \u00e8 la base dalla quale partono regolarmente tutte le armi, bombe e mezzi cingolati diretti ai sauditi per la guerra nello Yemen dove \u00e8 in atto un vero e proprio genocidio che ci vede coimputati in quanto alleati.<\/p>\n<p>Ci chiamiamo Tavolo per la Pace, e non possiamo tacere!<\/p>\n<p>Jeff Hoffman<\/p>\n","protected":false},"excerpt":{"rendered":"<p>Il Tavolo per la Pace della Val di Cecina compie 18 anni. E\u2019 nato come una sfida per la pace incentrato sulla partecipazione perch\u00e9 \u00e8 composto da enti locali, associazioni, gruppi formali ed informali e liberi cittadini, ed ogni persona&hellip;<\/p>\n","protected":false},"author":594,"featured_media":774204,"comment_status":"closed","ping_status":"closed","sticky":false,"template":"","format":"standard","meta":{"footnotes":""},"categories":[47,1263],"tags":[24122,38173,51833],"class_list":["post-774203","post","type-post","status-publish","format-standard","has-post-thumbnail","hentry","category-europa","category-pace-disarmo","tag-camp-darby","tag-cecina","tag-tavolo-per-la-pace-della-val-di-cecina"],"yoast_head":"<!-- This site is optimized with the Yoast SEO plugin v27.1.1 - https:\/\/yoast.com\/product\/yoast-seo-wordpress\/ -->\n<title>Il Tavolo per la Pace della Val di Cecina \u00e8 maggiorenne !!<\/title>\n<meta name=\"description\" content=\"Il Tavolo per la Pace della Val di Cecina compie 18 anni. E\u2019 nato come una sfida per la pace incentrato sulla partecipazione perch\u00e9 \u00e8 composto da enti\" \/>\n<meta name=\"robots\" content=\"index, follow, max-snippet:-1, max-image-preview:large, max-video-preview:-1\" \/>\n<link rel=\"canonical\" href=\"https:\/\/www.pressenza.com\/it\/2018\/12\/il-tavolo-per-la-pace-della-val-di-cecina-e-maggiorenne\/\" \/>\n<meta property=\"og:locale\" content=\"it_IT\" \/>\n<meta property=\"og:type\" content=\"article\" \/>\n<meta property=\"og:title\" content=\"Il Tavolo per la Pace della Val di Cecina \u00e8 maggiorenne !!\" \/>\n<meta property=\"og:description\" content=\"Il Tavolo per la Pace della Val di Cecina compie 18 anni. E\u2019 nato come una sfida per la pace incentrato sulla partecipazione perch\u00e9 \u00e8 composto da enti\" \/>\n<meta property=\"og:url\" content=\"https:\/\/www.pressenza.com\/it\/2018\/12\/il-tavolo-per-la-pace-della-val-di-cecina-e-maggiorenne\/\" \/>\n<meta property=\"og:site_name\" content=\"Pressenza\" \/>\n<meta property=\"article:publisher\" content=\"https:\/\/www.facebook.com\/PressenzaItalia\" \/>\n<meta property=\"article:author\" content=\"https:\/\/www.facebook.com\/PressenzaItalia\" \/>\n<meta property=\"article:published_time\" content=\"2018-12-11T13:35:02+00:00\" \/>\n<meta property=\"article:modified_time\" content=\"2020-03-27T12:08:00+00:00\" \/>\n<meta property=\"og:image\" content=\"https:\/\/www.pressenza.com\/wp-content\/uploads\/2018\/12\/2GIUGNO-CAMP-DARBY.jpg\" \/>\n\t<meta property=\"og:image:width\" content=\"801\" \/>\n\t<meta property=\"og:image:height\" content=\"545\" \/>\n\t<meta property=\"og:image:type\" content=\"image\/jpeg\" \/>\n<meta name=\"author\" content=\"Redazione Italia\" \/>\n<meta name=\"twitter:card\" content=\"summary_large_image\" \/>\n<meta name=\"twitter:creator\" content=\"@pressenza_it\" \/>\n<meta name=\"twitter:site\" content=\"@PressenzaIPA\" \/>\n<meta name=\"twitter:label1\" content=\"Scritto da\" \/>\n\t<meta name=\"twitter:data1\" content=\"Redazione Italia\" \/>\n\t<meta name=\"twitter:label2\" content=\"Tempo di lettura stimato\" \/>\n\t<meta name=\"twitter:data2\" content=\"3 minuti\" \/>\n<script type=\"application\/ld+json\" class=\"yoast-schema-graph\">{\"@context\":\"https:\/\/schema.org\",\"@graph\":[{\"@type\":\"Article\",\"@id\":\"https:\/\/www.pressenza.com\/it\/2018\/12\/il-tavolo-per-la-pace-della-val-di-cecina-e-maggiorenne\/#article\",\"isPartOf\":{\"@id\":\"https:\/\/www.pressenza.com\/it\/2018\/12\/il-tavolo-per-la-pace-della-val-di-cecina-e-maggiorenne\/\"},\"author\":{\"name\":\"Redazione Italia\",\"@id\":\"https:\/\/www.pressenza.com\/it\/#\/schema\/person\/d983e81827ae24f2c7b1a2123d197f8d\"},\"headline\":\"Il Tavolo per la Pace della Val di Cecina \u00e8 maggiorenne !!\",\"datePublished\":\"2018-12-11T13:35:02+00:00\",\"dateModified\":\"2020-03-27T12:08:00+00:00\",\"mainEntityOfPage\":{\"@id\":\"https:\/\/www.pressenza.com\/it\/2018\/12\/il-tavolo-per-la-pace-della-val-di-cecina-e-maggiorenne\/\"},\"wordCount\":541,\"publisher\":{\"@id\":\"https:\/\/www.pressenza.com\/it\/#organization\"},\"image\":{\"@id\":\"https:\/\/www.pressenza.com\/it\/2018\/12\/il-tavolo-per-la-pace-della-val-di-cecina-e-maggiorenne\/#primaryimage\"},\"thumbnailUrl\":\"https:\/\/www.pressenza.com\/wp-content\/uploads\/2018\/12\/2GIUGNO-CAMP-DARBY.jpg\",\"keywords\":[\"Camp Darby\",\"Cecina\",\"Tavolo per la Pace della Val di Cecina\"],\"articleSection\":[\"Europa\",\"Pace e Disarmo\"],\"inLanguage\":\"it-IT\"},{\"@type\":\"WebPage\",\"@id\":\"https:\/\/www.pressenza.com\/it\/2018\/12\/il-tavolo-per-la-pace-della-val-di-cecina-e-maggiorenne\/\",\"url\":\"https:\/\/www.pressenza.com\/it\/2018\/12\/il-tavolo-per-la-pace-della-val-di-cecina-e-maggiorenne\/\",\"name\":\"Il Tavolo per la Pace della Val di Cecina \u00e8 maggiorenne !!\",\"isPartOf\":{\"@id\":\"https:\/\/www.pressenza.com\/it\/#website\"},\"primaryImageOfPage\":{\"@id\":\"https:\/\/www.pressenza.com\/it\/2018\/12\/il-tavolo-per-la-pace-della-val-di-cecina-e-maggiorenne\/#primaryimage\"},\"image\":{\"@id\":\"https:\/\/www.pressenza.com\/it\/2018\/12\/il-tavolo-per-la-pace-della-val-di-cecina-e-maggiorenne\/#primaryimage\"},\"thumbnailUrl\":\"https:\/\/www.pressenza.com\/wp-content\/uploads\/2018\/12\/2GIUGNO-CAMP-DARBY.jpg\",\"datePublished\":\"2018-12-11T13:35:02+00:00\",\"dateModified\":\"2020-03-27T12:08:00+00:00\",\"description\":\"Il Tavolo per la Pace della Val di Cecina compie 18 anni. E\u2019 nato come una sfida per la pace incentrato sulla partecipazione perch\u00e9 \u00e8 composto da enti\",\"breadcrumb\":{\"@id\":\"https:\/\/www.pressenza.com\/it\/2018\/12\/il-tavolo-per-la-pace-della-val-di-cecina-e-maggiorenne\/#breadcrumb\"},\"inLanguage\":\"it-IT\",\"potentialAction\":[{\"@type\":\"ReadAction\",\"target\":[\"https:\/\/www.pressenza.com\/it\/2018\/12\/il-tavolo-per-la-pace-della-val-di-cecina-e-maggiorenne\/\"]}]},{\"@type\":\"ImageObject\",\"inLanguage\":\"it-IT\",\"@id\":\"https:\/\/www.pressenza.com\/it\/2018\/12\/il-tavolo-per-la-pace-della-val-di-cecina-e-maggiorenne\/#primaryimage\",\"url\":\"https:\/\/www.pressenza.com\/wp-content\/uploads\/2018\/12\/2GIUGNO-CAMP-DARBY.jpg\",\"contentUrl\":\"https:\/\/www.pressenza.com\/wp-content\/uploads\/2018\/12\/2GIUGNO-CAMP-DARBY.jpg\",\"width\":801,\"height\":545},{\"@type\":\"BreadcrumbList\",\"@id\":\"https:\/\/www.pressenza.com\/it\/2018\/12\/il-tavolo-per-la-pace-della-val-di-cecina-e-maggiorenne\/#breadcrumb\",\"itemListElement\":[{\"@type\":\"ListItem\",\"position\":1,\"name\":\"Accueil\",\"item\":\"https:\/\/www.pressenza.com\/it\/\"},{\"@type\":\"ListItem\",\"position\":2,\"name\":\"Il Tavolo per la Pace della Val di Cecina \u00e8 maggiorenne !!\"}]},{\"@type\":\"WebSite\",\"@id\":\"https:\/\/www.pressenza.com\/it\/#website\",\"url\":\"https:\/\/www.pressenza.com\/it\/\",\"name\":\"Pressenza\",\"description\":\"Agenzia di Stampa Internazionale\",\"publisher\":{\"@id\":\"https:\/\/www.pressenza.com\/it\/#organization\"},\"potentialAction\":[{\"@type\":\"SearchAction\",\"target\":{\"@type\":\"EntryPoint\",\"urlTemplate\":\"https:\/\/www.pressenza.com\/it\/?s={search_term_string}\"},\"query-input\":{\"@type\":\"PropertyValueSpecification\",\"valueRequired\":true,\"valueName\":\"search_term_string\"}}],\"inLanguage\":\"it-IT\"},{\"@type\":\"Organization\",\"@id\":\"https:\/\/www.pressenza.com\/it\/#organization\",\"name\":\"Pressenza\",\"url\":\"https:\/\/www.pressenza.com\/it\/\",\"logo\":{\"@type\":\"ImageObject\",\"inLanguage\":\"it-IT\",\"@id\":\"https:\/\/www.pressenza.com\/it\/#\/schema\/logo\/image\/\",\"url\":\"https:\/\/www.pressenza.com\/wp-content\/uploads\/2022\/10\/pressenza_logo_200x200.jpg\",\"contentUrl\":\"https:\/\/www.pressenza.com\/wp-content\/uploads\/2022\/10\/pressenza_logo_200x200.jpg\",\"width\":200,\"height\":200,\"caption\":\"Pressenza\"},\"image\":{\"@id\":\"https:\/\/www.pressenza.com\/it\/#\/schema\/logo\/image\/\"},\"sameAs\":[\"https:\/\/www.facebook.com\/PressenzaItalia\",\"https:\/\/x.com\/PressenzaIPA\"]},{\"@type\":\"Person\",\"@id\":\"https:\/\/www.pressenza.com\/it\/#\/schema\/person\/d983e81827ae24f2c7b1a2123d197f8d\",\"name\":\"Redazione Italia\",\"description\":\"News from the Pressenza Bureau in Italy\",\"sameAs\":[\"https:\/\/www.pressenza.com\/it\/author\/redazione-italia\/\",\"https:\/\/www.facebook.com\/PressenzaItalia\",\"https:\/\/www.instagram.com\/pressenza_italia\/\",\"https:\/\/x.com\/pressenza_it\",\"https:\/\/www.youtube.com\/channel\/UCSalEIWjE1RSxkwjfftFuqg\"],\"url\":\"https:\/\/www.pressenza.com\/it\/author\/redazione-italia\/\"}]}<\/script>\n<!-- \/ Yoast SEO plugin. -->","yoast_head_json":{"title":"Il Tavolo per la Pace della Val di Cecina \u00e8 maggiorenne !!","description":"Il Tavolo per la Pace della Val di Cecina compie 18 anni. E\u2019 nato come una sfida per la pace incentrato sulla partecipazione perch\u00e9 \u00e8 composto da enti","robots":{"index":"index","follow":"follow","max-snippet":"max-snippet:-1","max-image-preview":"max-image-preview:large","max-video-preview":"max-video-preview:-1"},"canonical":"https:\/\/www.pressenza.com\/it\/2018\/12\/il-tavolo-per-la-pace-della-val-di-cecina-e-maggiorenne\/","og_locale":"it_IT","og_type":"article","og_title":"Il Tavolo per la Pace della Val di Cecina \u00e8 maggiorenne !!","og_description":"Il Tavolo per la Pace della Val di Cecina compie 18 anni. E\u2019 nato come una sfida per la pace incentrato sulla partecipazione perch\u00e9 \u00e8 composto da enti","og_url":"https:\/\/www.pressenza.com\/it\/2018\/12\/il-tavolo-per-la-pace-della-val-di-cecina-e-maggiorenne\/","og_site_name":"Pressenza","article_publisher":"https:\/\/www.facebook.com\/PressenzaItalia","article_author":"https:\/\/www.facebook.com\/PressenzaItalia","article_published_time":"2018-12-11T13:35:02+00:00","article_modified_time":"2020-03-27T12:08:00+00:00","og_image":[{"width":801,"height":545,"url":"https:\/\/www.pressenza.com\/wp-content\/uploads\/2018\/12\/2GIUGNO-CAMP-DARBY.jpg","type":"image\/jpeg"}],"author":"Redazione Italia","twitter_card":"summary_large_image","twitter_creator":"@pressenza_it","twitter_site":"@PressenzaIPA","twitter_misc":{"Scritto da":"Redazione Italia","Tempo di lettura stimato":"3 minuti"},"schema":{"@context":"https:\/\/schema.org","@graph":[{"@type":"Article","@id":"https:\/\/www.pressenza.com\/it\/2018\/12\/il-tavolo-per-la-pace-della-val-di-cecina-e-maggiorenne\/#article","isPartOf":{"@id":"https:\/\/www.pressenza.com\/it\/2018\/12\/il-tavolo-per-la-pace-della-val-di-cecina-e-maggiorenne\/"},"author":{"name":"Redazione Italia","@id":"https:\/\/www.pressenza.com\/it\/#\/schema\/person\/d983e81827ae24f2c7b1a2123d197f8d"},"headline":"Il Tavolo per la Pace della Val di Cecina \u00e8 maggiorenne !!","datePublished":"2018-12-11T13:35:02+00:00","dateModified":"2020-03-27T12:08:00+00:00","mainEntityOfPage":{"@id":"https:\/\/www.pressenza.com\/it\/2018\/12\/il-tavolo-per-la-pace-della-val-di-cecina-e-maggiorenne\/"},"wordCount":541,"publisher":{"@id":"https:\/\/www.pressenza.com\/it\/#organization"},"image":{"@id":"https:\/\/www.pressenza.com\/it\/2018\/12\/il-tavolo-per-la-pace-della-val-di-cecina-e-maggiorenne\/#primaryimage"},"thumbnailUrl":"https:\/\/www.pressenza.com\/wp-content\/uploads\/2018\/12\/2GIUGNO-CAMP-DARBY.jpg","keywords":["Camp Darby","Cecina","Tavolo per la Pace della Val di Cecina"],"articleSection":["Europa","Pace e Disarmo"],"inLanguage":"it-IT"},{"@type":"WebPage","@id":"https:\/\/www.pressenza.com\/it\/2018\/12\/il-tavolo-per-la-pace-della-val-di-cecina-e-maggiorenne\/","url":"https:\/\/www.pressenza.com\/it\/2018\/12\/il-tavolo-per-la-pace-della-val-di-cecina-e-maggiorenne\/","name":"Il Tavolo per la Pace della Val di Cecina \u00e8 maggiorenne !!","isPartOf":{"@id":"https:\/\/www.pressenza.com\/it\/#website"},"primaryImageOfPage":{"@id":"https:\/\/www.pressenza.com\/it\/2018\/12\/il-tavolo-per-la-pace-della-val-di-cecina-e-maggiorenne\/#primaryimage"},"image":{"@id":"https:\/\/www.pressenza.com\/it\/2018\/12\/il-tavolo-per-la-pace-della-val-di-cecina-e-maggiorenne\/#primaryimage"},"thumbnailUrl":"https:\/\/www.pressenza.com\/wp-content\/uploads\/2018\/12\/2GIUGNO-CAMP-DARBY.jpg","datePublished":"2018-12-11T13:35:02+00:00","dateModified":"2020-03-27T12:08:00+00:00","description":"Il Tavolo per la Pace della Val di Cecina compie 18 anni. E\u2019 nato come una sfida per la pace incentrato sulla partecipazione perch\u00e9 \u00e8 composto da enti","breadcrumb":{"@id":"https:\/\/www.pressenza.com\/it\/2018\/12\/il-tavolo-per-la-pace-della-val-di-cecina-e-maggiorenne\/#breadcrumb"},"inLanguage":"it-IT","potentialAction":[{"@type":"ReadAction","target":["https:\/\/www.pressenza.com\/it\/2018\/12\/il-tavolo-per-la-pace-della-val-di-cecina-e-maggiorenne\/"]}]},{"@type":"ImageObject","inLanguage":"it-IT","@id":"https:\/\/www.pressenza.com\/it\/2018\/12\/il-tavolo-per-la-pace-della-val-di-cecina-e-maggiorenne\/#primaryimage","url":"https:\/\/www.pressenza.com\/wp-content\/uploads\/2018\/12\/2GIUGNO-CAMP-DARBY.jpg","contentUrl":"https:\/\/www.pressenza.com\/wp-content\/uploads\/2018\/12\/2GIUGNO-CAMP-DARBY.jpg","width":801,"height":545},{"@type":"BreadcrumbList","@id":"https:\/\/www.pressenza.com\/it\/2018\/12\/il-tavolo-per-la-pace-della-val-di-cecina-e-maggiorenne\/#breadcrumb","itemListElement":[{"@type":"ListItem","position":1,"name":"Accueil","item":"https:\/\/www.pressenza.com\/it\/"},{"@type":"ListItem","position":2,"name":"Il Tavolo per la Pace della Val di Cecina \u00e8 maggiorenne !!"}]},{"@type":"WebSite","@id":"https:\/\/www.pressenza.com\/it\/#website","url":"https:\/\/www.pressenza.com\/it\/","name":"Pressenza","description":"Agenzia di Stampa Internazionale","publisher":{"@id":"https:\/\/www.pressenza.com\/it\/#organization"},"potentialAction":[{"@type":"SearchAction","target":{"@type":"EntryPoint","urlTemplate":"https:\/\/www.pressenza.com\/it\/?s={search_term_string}"},"query-input":{"@type":"PropertyValueSpecification","valueRequired":true,"valueName":"search_term_string"}}],"inLanguage":"it-IT"},{"@type":"Organization","@id":"https:\/\/www.pressenza.com\/it\/#organization","name":"Pressenza","url":"https:\/\/www.pressenza.com\/it\/","logo":{"@type":"ImageObject","inLanguage":"it-IT","@id":"https:\/\/www.pressenza.com\/it\/#\/schema\/logo\/image\/","url":"https:\/\/www.pressenza.com\/wp-content\/uploads\/2022\/10\/pressenza_logo_200x200.jpg","contentUrl":"https:\/\/www.pressenza.com\/wp-content\/uploads\/2022\/10\/pressenza_logo_200x200.jpg","width":200,"height":200,"caption":"Pressenza"},"image":{"@id":"https:\/\/www.pressenza.com\/it\/#\/schema\/logo\/image\/"},"sameAs":["https:\/\/www.facebook.com\/PressenzaItalia","https:\/\/x.com\/PressenzaIPA"]},{"@type":"Person","@id":"https:\/\/www.pressenza.com\/it\/#\/schema\/person\/d983e81827ae24f2c7b1a2123d197f8d","name":"Redazione Italia","description":"News from the Pressenza Bureau in Italy","sameAs":["https:\/\/www.pressenza.com\/it\/author\/redazione-italia\/","https:\/\/www.facebook.com\/PressenzaItalia","https:\/\/www.instagram.com\/pressenza_italia\/","https:\/\/x.com\/pressenza_it","https:\/\/www.youtube.com\/channel\/UCSalEIWjE1RSxkwjfftFuqg"],"url":"https:\/\/www.pressenza.com\/it\/author\/redazione-italia\/"}]}},"place":"Cecina","original_article_url":"","_links":{"self":[{"href":"https:\/\/www.pressenza.com\/it\/wp-json\/wp\/v2\/posts\/774203","targetHints":{"allow":["GET"]}}],"collection":[{"href":"https:\/\/www.pressenza.com\/it\/wp-json\/wp\/v2\/posts"}],"about":[{"href":"https:\/\/www.pressenza.com\/it\/wp-json\/wp\/v2\/types\/post"}],"author":[{"embeddable":true,"href":"https:\/\/www.pressenza.com\/it\/wp-json\/wp\/v2\/users\/594"}],"replies":[{"embeddable":true,"href":"https:\/\/www.pressenza.com\/it\/wp-json\/wp\/v2\/comments?post=774203"}],"version-history":[{"count":0,"href":"https:\/\/www.pressenza.com\/it\/wp-json\/wp\/v2\/posts\/774203\/revisions"}],"wp:featuredmedia":[{"embeddable":true,"href":"https:\/\/www.pressenza.com\/it\/wp-json\/wp\/v2\/media\/774204"}],"wp:attachment":[{"href":"https:\/\/www.pressenza.com\/it\/wp-json\/wp\/v2\/media?parent=774203"}],"wp:term":[{"taxonomy":"category","embeddable":true,"href":"https:\/\/www.pressenza.com\/it\/wp-json\/wp\/v2\/categories?post=774203"},{"taxonomy":"post_tag","embeddable":true,"href":"https:\/\/www.pressenza.com\/it\/wp-json\/wp\/v2\/tags?post=774203"}],"curies":[{"name":"wp","href":"https:\/\/api.w.org\/{rel}","templated":true}]}}