{"id":77209,"date":"2013-11-17T09:47:59","date_gmt":"2013-11-17T09:47:59","guid":{"rendered":"http:\/\/www.pressenza.com\/?p=77209"},"modified":"2013-11-17T09:47:59","modified_gmt":"2013-11-17T09:47:59","slug":"solidarieta-postuma-al-giornalista-abbate","status":"publish","type":"post","link":"https:\/\/www.pressenza.com\/it\/2013\/11\/solidarieta-postuma-al-giornalista-abbate\/","title":{"rendered":"Solidariet\u00e0, postuma, al giornalista Abbate"},"content":{"rendered":"<p>&nbsp;<\/p>\n<p>Caro Nichi Vendola la tua calorosa autodifesa, in queste ore, \u201cdal lurido\u201d attacco che stai subendo forse \u00e8 peggio della telefonata con Archin\u00e0.<\/p>\n<p>Perch\u00e9 la visione di quel video che tanto ti ha fatto ridere, da farti sorgere l\u2019esigenza di condividere il sollazzo con quel signore arrogante e violento, avrebbe dovuto invece farti sortire una immediata e pubblica solidariet\u00e0 a quel coraggioso giornalista locale, Luigi Abbate, capace di insidiare Riva come pochi giornalisti &#8211; anche quelli strapagati &#8211; sono stati capaci di fare.<\/p>\n<p>Il cronista locale Abbate era in quel momento capace, con la sola forza delle domande, a mettere Riva in una condizione di umiliante imbarazzo, come merita la sua violenta azione imprenditoriale.<\/p>\n<p>Quel Riva, imbarazzato e braccato viene salvato solo dalla protervia del suo \u201cguardiaspalle\u201d che impunemente strappa il microfono e fa scudo col suo corpo alle legittime e coraggiose domande dello \u201csconosciuto\u201d Abbate.<\/p>\n<p>E tu, Nichi Vendola, cosa senti di fare? Ridere a crepapelle coi tuoi amici e telefonare per solidarizzare con una persona che ha compiuto un atto inammissibile e intollerabile che fa piangere di rabbia e non ridere di scherno?<\/p>\n<p>Ci sta qualcosa di gravissimo in questo episodio che getta un\u2019ombra indelebile sulla tua azione politica, perch\u00e9 quella telefonata \u2013 so che non ridevi dei tumori, ci mancherebbe \u2013 per ridere del povero cronista aggredito da Archin\u00e0 la poteva fare i vari Berlusconi, D\u2019Alema, Letta, Alfano, Renzi, Veltroni o tanti dirigenti regionali o locali di partito del nostro mediocre panorama politico, tutta gente notoriamente prona di fronte al potere economico ma tu no.<\/p>\n<p>Tu avresti dovuto dare una lezione di libert\u00e0 e di stile, avresti dovuto si dovuto chiamarlo visto che lo consideravi fino a quel momento una persona per bene ma per dirgli che mai pi\u00f9 avrebbero dovuto rivolgersi a te e che essi dovevano pubbliche\u00a0 scuse al giornalista, ai tarantini, ai democratici. Ancora pi\u00f9 bello sarebbe stato se tu lo avessi detto in quella telefonata \u201crubata\u201d dalle intercettazioni ma soprattutto se avessi compiuto un gesto pubblico quando qualche \u201cidiota\u201d tra le persone che ti consigliano a Roma ti ha fatto vedere quel filmato per riderci sopra.<\/p>\n<p>Io non mi spiego, conoscendoti bene dal 1992, come mai tutto ci\u00f2. E tra qualche tempo anche tu capirai i danni incalcolabili sulla \u201cSperanza\u201d che tale tuo comportamento ha provocato. (GianCanuto)<\/p>\n<p>&nbsp;<\/p>\n<p><a href=\"http:\/\/video.repubblica.it\/dossier\/ilva-taranto\/ilva-archina-strappa-il-microfono-al-giornalista\/112523\/110920\" target=\"_blank\">http:\/\/video.repubblica.it\/<wbr \/>dossier\/ilva-taranto\/ilva-<wbr \/>archina-strappa-il-microfono-<wbr \/>al-giornalista\/112523\/110920<\/a><\/p>\n","protected":false},"excerpt":{"rendered":"<p>&nbsp; Caro Nichi Vendola la tua calorosa autodifesa, in queste ore, \u201cdal lurido\u201d attacco che stai subendo forse \u00e8 peggio della telefonata con Archin\u00e0. Perch\u00e9 la visione di quel video che tanto ti ha fatto ridere, da farti sorgere l\u2019esigenza&hellip;<\/p>\n","protected":false},"author":605,"featured_media":77210,"comment_status":"closed","ping_status":"open","sticky":false,"template":"","format":"standard","meta":{"footnotes":""},"categories":[150,56,47,162],"tags":[226,7819,227,176],"class_list":["post-77209","post","type-post","status-publish","format-standard","has-post-thumbnail","hentry","category-comunicati-stampa","category-cultura","category-europa","category-opinioni","tag-ilva","tag-nichi-vendola","tag-taranto","tag-vendola"],"yoast_head":"<!-- This site is optimized with the Yoast SEO plugin v27.1.1 - https:\/\/yoast.com\/product\/yoast-seo-wordpress\/ -->\n<title>Solidariet\u00e0, postuma, al giornalista Abbate<\/title>\n<meta name=\"description\" content=\"&nbsp; Caro Nichi Vendola la tua calorosa autodifesa, in queste ore, \u201cdal lurido\u201d attacco che stai subendo forse \u00e8 peggio della telefonata con Archin\u00e0.\" \/>\n<meta name=\"robots\" content=\"index, follow, max-snippet:-1, max-image-preview:large, max-video-preview:-1\" \/>\n<link rel=\"canonical\" href=\"https:\/\/www.pressenza.com\/it\/2013\/11\/solidarieta-postuma-al-giornalista-abbate\/\" \/>\n<meta property=\"og:locale\" content=\"it_IT\" \/>\n<meta property=\"og:type\" content=\"article\" \/>\n<meta property=\"og:title\" content=\"Solidariet\u00e0, postuma, al giornalista Abbate\" \/>\n<meta property=\"og:description\" content=\"&nbsp; Caro Nichi Vendola la tua calorosa autodifesa, in queste ore, \u201cdal lurido\u201d attacco che stai subendo forse \u00e8 peggio della telefonata con Archin\u00e0.\" \/>\n<meta property=\"og:url\" content=\"https:\/\/www.pressenza.com\/it\/2013\/11\/solidarieta-postuma-al-giornalista-abbate\/\" \/>\n<meta property=\"og:site_name\" content=\"Pressenza\" \/>\n<meta property=\"article:publisher\" content=\"https:\/\/www.facebook.com\/PressenzaItalia\" \/>\n<meta property=\"article:published_time\" content=\"2013-11-17T09:47:59+00:00\" \/>\n<meta property=\"og:image\" content=\"https:\/\/www.pressenza.com\/wp-content\/uploads\/2013\/11\/repubblicaTV-ILVA.jpg\" \/>\n\t<meta property=\"og:image:width\" content=\"682\" \/>\n\t<meta property=\"og:image:height\" content=\"449\" \/>\n\t<meta property=\"og:image:type\" content=\"image\/jpeg\" \/>\n<meta name=\"author\" content=\"Alessandro Marescotti\" \/>\n<meta name=\"twitter:card\" content=\"summary_large_image\" \/>\n<meta name=\"twitter:creator\" content=\"@PressenzaIPA\" \/>\n<meta name=\"twitter:site\" content=\"@PressenzaIPA\" \/>\n<meta name=\"twitter:label1\" content=\"Scritto da\" \/>\n\t<meta name=\"twitter:data1\" content=\"Alessandro Marescotti\" \/>\n\t<meta name=\"twitter:label2\" content=\"Tempo di lettura stimato\" \/>\n\t<meta name=\"twitter:data2\" content=\"2 minuti\" \/>\n<script type=\"application\/ld+json\" class=\"yoast-schema-graph\">{\"@context\":\"https:\/\/schema.org\",\"@graph\":[{\"@type\":\"Article\",\"@id\":\"https:\/\/www.pressenza.com\/it\/2013\/11\/solidarieta-postuma-al-giornalista-abbate\/#article\",\"isPartOf\":{\"@id\":\"https:\/\/www.pressenza.com\/it\/2013\/11\/solidarieta-postuma-al-giornalista-abbate\/\"},\"author\":{\"name\":\"Alessandro Marescotti\",\"@id\":\"https:\/\/www.pressenza.com\/it\/#\/schema\/person\/d616ef2985613bdaa17d66b845aa1d31\"},\"headline\":\"Solidariet\u00e0, postuma, al giornalista Abbate\",\"datePublished\":\"2013-11-17T09:47:59+00:00\",\"mainEntityOfPage\":{\"@id\":\"https:\/\/www.pressenza.com\/it\/2013\/11\/solidarieta-postuma-al-giornalista-abbate\/\"},\"wordCount\":397,\"publisher\":{\"@id\":\"https:\/\/www.pressenza.com\/it\/#organization\"},\"image\":{\"@id\":\"https:\/\/www.pressenza.com\/it\/2013\/11\/solidarieta-postuma-al-giornalista-abbate\/#primaryimage\"},\"thumbnailUrl\":\"https:\/\/www.pressenza.com\/wp-content\/uploads\/2013\/11\/repubblicaTV-ILVA.jpg\",\"keywords\":[\"ILVA\",\"Nichi Vendola\",\"Taranto\",\"Vendola\"],\"articleSection\":[\"Comunicati Stampa\",\"Cultura e Media\",\"Europa\",\"Opinioni\"],\"inLanguage\":\"it-IT\"},{\"@type\":\"WebPage\",\"@id\":\"https:\/\/www.pressenza.com\/it\/2013\/11\/solidarieta-postuma-al-giornalista-abbate\/\",\"url\":\"https:\/\/www.pressenza.com\/it\/2013\/11\/solidarieta-postuma-al-giornalista-abbate\/\",\"name\":\"Solidariet\u00e0, postuma, al giornalista Abbate\",\"isPartOf\":{\"@id\":\"https:\/\/www.pressenza.com\/it\/#website\"},\"primaryImageOfPage\":{\"@id\":\"https:\/\/www.pressenza.com\/it\/2013\/11\/solidarieta-postuma-al-giornalista-abbate\/#primaryimage\"},\"image\":{\"@id\":\"https:\/\/www.pressenza.com\/it\/2013\/11\/solidarieta-postuma-al-giornalista-abbate\/#primaryimage\"},\"thumbnailUrl\":\"https:\/\/www.pressenza.com\/wp-content\/uploads\/2013\/11\/repubblicaTV-ILVA.jpg\",\"datePublished\":\"2013-11-17T09:47:59+00:00\",\"description\":\"&nbsp; Caro Nichi Vendola la tua calorosa autodifesa, in queste ore, \u201cdal lurido\u201d attacco che stai subendo forse \u00e8 peggio della telefonata con Archin\u00e0.\",\"breadcrumb\":{\"@id\":\"https:\/\/www.pressenza.com\/it\/2013\/11\/solidarieta-postuma-al-giornalista-abbate\/#breadcrumb\"},\"inLanguage\":\"it-IT\",\"potentialAction\":[{\"@type\":\"ReadAction\",\"target\":[\"https:\/\/www.pressenza.com\/it\/2013\/11\/solidarieta-postuma-al-giornalista-abbate\/\"]}]},{\"@type\":\"ImageObject\",\"inLanguage\":\"it-IT\",\"@id\":\"https:\/\/www.pressenza.com\/it\/2013\/11\/solidarieta-postuma-al-giornalista-abbate\/#primaryimage\",\"url\":\"https:\/\/www.pressenza.com\/wp-content\/uploads\/2013\/11\/repubblicaTV-ILVA.jpg\",\"contentUrl\":\"https:\/\/www.pressenza.com\/wp-content\/uploads\/2013\/11\/repubblicaTV-ILVA.jpg\",\"width\":682,\"height\":449},{\"@type\":\"BreadcrumbList\",\"@id\":\"https:\/\/www.pressenza.com\/it\/2013\/11\/solidarieta-postuma-al-giornalista-abbate\/#breadcrumb\",\"itemListElement\":[{\"@type\":\"ListItem\",\"position\":1,\"name\":\"Accueil\",\"item\":\"https:\/\/www.pressenza.com\/it\/\"},{\"@type\":\"ListItem\",\"position\":2,\"name\":\"Solidariet\u00e0, postuma, al giornalista Abbate\"}]},{\"@type\":\"WebSite\",\"@id\":\"https:\/\/www.pressenza.com\/it\/#website\",\"url\":\"https:\/\/www.pressenza.com\/it\/\",\"name\":\"Pressenza\",\"description\":\"Agenzia di Stampa Internazionale\",\"publisher\":{\"@id\":\"https:\/\/www.pressenza.com\/it\/#organization\"},\"potentialAction\":[{\"@type\":\"SearchAction\",\"target\":{\"@type\":\"EntryPoint\",\"urlTemplate\":\"https:\/\/www.pressenza.com\/it\/?s={search_term_string}\"},\"query-input\":{\"@type\":\"PropertyValueSpecification\",\"valueRequired\":true,\"valueName\":\"search_term_string\"}}],\"inLanguage\":\"it-IT\"},{\"@type\":\"Organization\",\"@id\":\"https:\/\/www.pressenza.com\/it\/#organization\",\"name\":\"Pressenza\",\"url\":\"https:\/\/www.pressenza.com\/it\/\",\"logo\":{\"@type\":\"ImageObject\",\"inLanguage\":\"it-IT\",\"@id\":\"https:\/\/www.pressenza.com\/it\/#\/schema\/logo\/image\/\",\"url\":\"https:\/\/www.pressenza.com\/wp-content\/uploads\/2022\/10\/pressenza_logo_200x200.jpg\",\"contentUrl\":\"https:\/\/www.pressenza.com\/wp-content\/uploads\/2022\/10\/pressenza_logo_200x200.jpg\",\"width\":200,\"height\":200,\"caption\":\"Pressenza\"},\"image\":{\"@id\":\"https:\/\/www.pressenza.com\/it\/#\/schema\/logo\/image\/\"},\"sameAs\":[\"https:\/\/www.facebook.com\/PressenzaItalia\",\"https:\/\/x.com\/PressenzaIPA\"]},{\"@type\":\"Person\",\"@id\":\"https:\/\/www.pressenza.com\/it\/#\/schema\/person\/d616ef2985613bdaa17d66b845aa1d31\",\"name\":\"Alessandro Marescotti\",\"description\":\"PeaceLink President\",\"url\":\"https:\/\/www.pressenza.com\/it\/author\/alessandro-marescotti\/\"}]}<\/script>\n<!-- \/ Yoast SEO plugin. -->","yoast_head_json":{"title":"Solidariet\u00e0, postuma, al giornalista Abbate","description":"&nbsp; Caro Nichi Vendola la tua calorosa autodifesa, in queste ore, \u201cdal lurido\u201d attacco che stai subendo forse \u00e8 peggio della telefonata con Archin\u00e0.","robots":{"index":"index","follow":"follow","max-snippet":"max-snippet:-1","max-image-preview":"max-image-preview:large","max-video-preview":"max-video-preview:-1"},"canonical":"https:\/\/www.pressenza.com\/it\/2013\/11\/solidarieta-postuma-al-giornalista-abbate\/","og_locale":"it_IT","og_type":"article","og_title":"Solidariet\u00e0, postuma, al giornalista Abbate","og_description":"&nbsp; Caro Nichi Vendola la tua calorosa autodifesa, in queste ore, \u201cdal lurido\u201d attacco che stai subendo forse \u00e8 peggio della telefonata con Archin\u00e0.","og_url":"https:\/\/www.pressenza.com\/it\/2013\/11\/solidarieta-postuma-al-giornalista-abbate\/","og_site_name":"Pressenza","article_publisher":"https:\/\/www.facebook.com\/PressenzaItalia","article_published_time":"2013-11-17T09:47:59+00:00","og_image":[{"width":682,"height":449,"url":"https:\/\/www.pressenza.com\/wp-content\/uploads\/2013\/11\/repubblicaTV-ILVA.jpg","type":"image\/jpeg"}],"author":"Alessandro Marescotti","twitter_card":"summary_large_image","twitter_creator":"@PressenzaIPA","twitter_site":"@PressenzaIPA","twitter_misc":{"Scritto da":"Alessandro Marescotti","Tempo di lettura stimato":"2 minuti"},"schema":{"@context":"https:\/\/schema.org","@graph":[{"@type":"Article","@id":"https:\/\/www.pressenza.com\/it\/2013\/11\/solidarieta-postuma-al-giornalista-abbate\/#article","isPartOf":{"@id":"https:\/\/www.pressenza.com\/it\/2013\/11\/solidarieta-postuma-al-giornalista-abbate\/"},"author":{"name":"Alessandro Marescotti","@id":"https:\/\/www.pressenza.com\/it\/#\/schema\/person\/d616ef2985613bdaa17d66b845aa1d31"},"headline":"Solidariet\u00e0, postuma, al giornalista Abbate","datePublished":"2013-11-17T09:47:59+00:00","mainEntityOfPage":{"@id":"https:\/\/www.pressenza.com\/it\/2013\/11\/solidarieta-postuma-al-giornalista-abbate\/"},"wordCount":397,"publisher":{"@id":"https:\/\/www.pressenza.com\/it\/#organization"},"image":{"@id":"https:\/\/www.pressenza.com\/it\/2013\/11\/solidarieta-postuma-al-giornalista-abbate\/#primaryimage"},"thumbnailUrl":"https:\/\/www.pressenza.com\/wp-content\/uploads\/2013\/11\/repubblicaTV-ILVA.jpg","keywords":["ILVA","Nichi Vendola","Taranto","Vendola"],"articleSection":["Comunicati Stampa","Cultura e Media","Europa","Opinioni"],"inLanguage":"it-IT"},{"@type":"WebPage","@id":"https:\/\/www.pressenza.com\/it\/2013\/11\/solidarieta-postuma-al-giornalista-abbate\/","url":"https:\/\/www.pressenza.com\/it\/2013\/11\/solidarieta-postuma-al-giornalista-abbate\/","name":"Solidariet\u00e0, postuma, al giornalista Abbate","isPartOf":{"@id":"https:\/\/www.pressenza.com\/it\/#website"},"primaryImageOfPage":{"@id":"https:\/\/www.pressenza.com\/it\/2013\/11\/solidarieta-postuma-al-giornalista-abbate\/#primaryimage"},"image":{"@id":"https:\/\/www.pressenza.com\/it\/2013\/11\/solidarieta-postuma-al-giornalista-abbate\/#primaryimage"},"thumbnailUrl":"https:\/\/www.pressenza.com\/wp-content\/uploads\/2013\/11\/repubblicaTV-ILVA.jpg","datePublished":"2013-11-17T09:47:59+00:00","description":"&nbsp; Caro Nichi Vendola la tua calorosa autodifesa, in queste ore, \u201cdal lurido\u201d attacco che stai subendo forse \u00e8 peggio della telefonata con Archin\u00e0.","breadcrumb":{"@id":"https:\/\/www.pressenza.com\/it\/2013\/11\/solidarieta-postuma-al-giornalista-abbate\/#breadcrumb"},"inLanguage":"it-IT","potentialAction":[{"@type":"ReadAction","target":["https:\/\/www.pressenza.com\/it\/2013\/11\/solidarieta-postuma-al-giornalista-abbate\/"]}]},{"@type":"ImageObject","inLanguage":"it-IT","@id":"https:\/\/www.pressenza.com\/it\/2013\/11\/solidarieta-postuma-al-giornalista-abbate\/#primaryimage","url":"https:\/\/www.pressenza.com\/wp-content\/uploads\/2013\/11\/repubblicaTV-ILVA.jpg","contentUrl":"https:\/\/www.pressenza.com\/wp-content\/uploads\/2013\/11\/repubblicaTV-ILVA.jpg","width":682,"height":449},{"@type":"BreadcrumbList","@id":"https:\/\/www.pressenza.com\/it\/2013\/11\/solidarieta-postuma-al-giornalista-abbate\/#breadcrumb","itemListElement":[{"@type":"ListItem","position":1,"name":"Accueil","item":"https:\/\/www.pressenza.com\/it\/"},{"@type":"ListItem","position":2,"name":"Solidariet\u00e0, postuma, al giornalista Abbate"}]},{"@type":"WebSite","@id":"https:\/\/www.pressenza.com\/it\/#website","url":"https:\/\/www.pressenza.com\/it\/","name":"Pressenza","description":"Agenzia di Stampa Internazionale","publisher":{"@id":"https:\/\/www.pressenza.com\/it\/#organization"},"potentialAction":[{"@type":"SearchAction","target":{"@type":"EntryPoint","urlTemplate":"https:\/\/www.pressenza.com\/it\/?s={search_term_string}"},"query-input":{"@type":"PropertyValueSpecification","valueRequired":true,"valueName":"search_term_string"}}],"inLanguage":"it-IT"},{"@type":"Organization","@id":"https:\/\/www.pressenza.com\/it\/#organization","name":"Pressenza","url":"https:\/\/www.pressenza.com\/it\/","logo":{"@type":"ImageObject","inLanguage":"it-IT","@id":"https:\/\/www.pressenza.com\/it\/#\/schema\/logo\/image\/","url":"https:\/\/www.pressenza.com\/wp-content\/uploads\/2022\/10\/pressenza_logo_200x200.jpg","contentUrl":"https:\/\/www.pressenza.com\/wp-content\/uploads\/2022\/10\/pressenza_logo_200x200.jpg","width":200,"height":200,"caption":"Pressenza"},"image":{"@id":"https:\/\/www.pressenza.com\/it\/#\/schema\/logo\/image\/"},"sameAs":["https:\/\/www.facebook.com\/PressenzaItalia","https:\/\/x.com\/PressenzaIPA"]},{"@type":"Person","@id":"https:\/\/www.pressenza.com\/it\/#\/schema\/person\/d616ef2985613bdaa17d66b845aa1d31","name":"Alessandro Marescotti","description":"PeaceLink President","url":"https:\/\/www.pressenza.com\/it\/author\/alessandro-marescotti\/"}]}},"place":"","original_article_url":"","_links":{"self":[{"href":"https:\/\/www.pressenza.com\/it\/wp-json\/wp\/v2\/posts\/77209","targetHints":{"allow":["GET"]}}],"collection":[{"href":"https:\/\/www.pressenza.com\/it\/wp-json\/wp\/v2\/posts"}],"about":[{"href":"https:\/\/www.pressenza.com\/it\/wp-json\/wp\/v2\/types\/post"}],"author":[{"embeddable":true,"href":"https:\/\/www.pressenza.com\/it\/wp-json\/wp\/v2\/users\/605"}],"replies":[{"embeddable":true,"href":"https:\/\/www.pressenza.com\/it\/wp-json\/wp\/v2\/comments?post=77209"}],"version-history":[{"count":0,"href":"https:\/\/www.pressenza.com\/it\/wp-json\/wp\/v2\/posts\/77209\/revisions"}],"wp:featuredmedia":[{"embeddable":true,"href":"https:\/\/www.pressenza.com\/it\/wp-json\/wp\/v2\/media\/77210"}],"wp:attachment":[{"href":"https:\/\/www.pressenza.com\/it\/wp-json\/wp\/v2\/media?parent=77209"}],"wp:term":[{"taxonomy":"category","embeddable":true,"href":"https:\/\/www.pressenza.com\/it\/wp-json\/wp\/v2\/categories?post=77209"},{"taxonomy":"post_tag","embeddable":true,"href":"https:\/\/www.pressenza.com\/it\/wp-json\/wp\/v2\/tags?post=77209"}],"curies":[{"name":"wp","href":"https:\/\/api.w.org\/{rel}","templated":true}]}}