{"id":768949,"date":"2018-12-02T19:35:57","date_gmt":"2018-12-02T19:35:57","guid":{"rendered":"https:\/\/www.pressenza.com\/?p=768949"},"modified":"2018-12-02T19:35:57","modified_gmt":"2018-12-02T19:35:57","slug":"militari-di-tutto-il-mondo-in-guerra-con-il-clima","status":"publish","type":"post","link":"https:\/\/www.pressenza.com\/it\/2018\/12\/militari-di-tutto-il-mondo-in-guerra-con-il-clima\/","title":{"rendered":"Militari di tutto il mondo in guerra con il clima"},"content":{"rendered":"<p align=\"JUSTIFY\">\u00ab<strong>Il settore militare non solo inquina ma contamina, trasfigura, rade al suolo. Il destino della Terra e del mondo \u00e8 nelle mani delle armi. Un concetto impressionante<\/strong>\u00bb (Barry Sanders,\u00a0<em>Green Zone. The environmental costs of militarism<\/em><em>)<\/em><\/p>\n<p align=\"LEFT\">\u00a0\u00a0\u00a0\u00a0 C\u2019\u00e8 chi la chiama\u00a0<i>carbon bootprint:\u00a0<\/i>impronta climatica degli scarponi militari. E\u2019 l\u2019impatto climalterante di energivori sistemi d\u2019arma, basi e apparati, aerei, navi, carri armati, eserciti; e soprattutto degli interventi bellici veri e propri. Un cappio al collo del pianeta e un vero circolo vizioso, come sintetizzava l\u2019appello<i>\u00abStop the Wars, stop the warming\u00bb\u00a0<\/i>lanciato dal movimento globale World Beyond War alla vigilia della Conferenza sul clima di Parigi (2015): \u00abL\u2019uso esorbitante di petrolio da parte del settore militare statunitense serve a condurre guerre per il petrolio e per il controllo delle risorse, guerre che rilasciano gas climalteranti e provocano il riscaldamento globale. \u00c8 tempo di spezzare questo circolo: farla finita con le guerre per i combustibili fossili, e con l\u2019uso dei combustibili fossili per fare le guerre\u00bb.<\/p>\n<p align=\"LEFT\">L\u2019impatto delle attivit\u00e0 militari (non solo statunitensi, ovviamente) sul clima \u00e8 negletto perfino dai movimenti, lamenta Ben Cramer, autore del libro\u00a0<em>Guerre et paix\u2026et \u00e9cologie<\/em><em>. Sar\u00e0 cos\u00ec anche alla<\/em>\u00a0COP 24 (Conferenza Onu sul clima<b>)\u00a0<\/b>che si apre fra pochi giorni<b>\u00a0<\/b>in Polonia? Eppure, il\u00a0rapporto\u00a0<strong><i>Demilitarization for Deep Decarbonization<\/i><\/strong>\u00a0<strong>curato da Tamara Lorincz<\/strong><i><b>\u00a0<\/b><\/i><strong>per\u00a0<\/strong>l\u2019<strong>International Peace Bureau<\/strong>\u00a0(Ipb) spiega:\u00abRidurre il complesso militar-industriale e ripudiare la guerra \u00e8 una condizione necessaria per salvare il clima, destinando le risorse risparmiate all\u2019economia post-estrattiva e alla creazione di comunit\u00e0 resilienti\u00bb.Si consideri anche \u2013 dice Lorincz \u2013 che per avere speranze, \u00abl\u201980-90% dei combustibili fossili dovrebbe rimanere sottoterra\u00bb, dunque \u00abtutto quello che viene estratto andrebbe usato per la transizione a un sistema a zero emissioni, non per i militari\u00bb..<\/p>\n<p align=\"LEFT\">Le spese militari mondiali (gli Usa fanno la parte della tigre) sono arrivate a 1,74 trilioni di dollari nel 2017, secondo il Sipri di Stoccolma. Trilioni traducibili in un\u2019enormit\u00e0 di tonnellate di gas serra. Trilioni per distruggere. Meno male che si stampano petrodollari.<\/p>\n<p align=\"LEFT\">Aerei, navi, carri armati, bombe. Secondo il rapporto\u00a0<i>A Climate of War. The war in Iraq and global warming,\u00a0<\/i>i primi quattro anni di pesantissime operazioni militari in Iraq dal 2003 hanno provocato l\u2019emissione di oltre 140 milioni di tonnellate di gas serra (CO2 equivalente), pi\u00f9 delle emissioni annuali di 139 paesi. Una stima al ribasso, avvertono gli autori.<\/p>\n<p align=\"LEFT\">Del resto, il bombardiere strategico B-52 Stratocruiser, fa notare la Citizen Climate Lobby, consuma all\u2019ora circa 3.334 galloni di combustibile (un gallone: oltre 3,7 litri). Un carro armato beve meno: in compenso, compatta il terreno e questo non \u00e8 che uno dei danni delle attivit\u00e0 belliche. Non finisce qui:\u00a0\u00abIl Pentagono \u00e8 una ragnatela di 1.000 basi all\u2019estero, un arco nero dalle Ande al Nordafrica, dal Medioriente all\u2019Indonesia, ricalcando la distribuzione delle principali risorse fossili e delle rotte commerciali\u00bb (Patricia Hynes su Truthout).\u00a0E nelle basi (10 milioni di ettari ci dice www.energytoday.net, il sito della American Energy Society) si usano energie fossili in quantit\u00e0.<\/p>\n<p align=\"LEFT\">Ecco perch\u00e9 il complesso militar-industriale statunitense \u00e8 l\u2019imputato principale. Solo 35 paesi al mondo consumano pi\u00f9 energia fossile (e quindi emettono pi\u00f9 gas serra) di quest\u2019entit\u00e0.<\/p>\n<p align=\"LEFT\">Pensiamo anche ad altri costi energetico-climatici. Per esempio per la produzione delle armi. O per la ricostruzione dalle macerie belliche (non certo con la bioedilizia): ricavare un chiletto di cemento significa aggiungere un chilo di gas serra al totale.<\/p>\n<p align=\"LEFT\"><b>L\u2019esenzione del settore militare dagli obblighi di riduzione<\/b><\/p>\n<p align=\"LEFT\">Eppure, la maggior parte delle emissioni legate al consumo di combustibili fossili usati dal settore militare \u00e8 stata esclusa dagli obblighi di inventario\u00a0e dunque di riduzione stabiliti dagli accordi sul clima.\u00a0Infatti il carburante acquistato e bruciato fuori dai confini nazionali (soprattutto in guerra, dunque) \u00e8 fantasma. Tutti i sistemi militari escludono i combustibili usati all\u2019estero, ma l\u2019esenzione deriva dall\u2019intensa lobby statunitense durante i negoziati per il Protocollo di Kyoto alla met\u00e0 degli anni 1990. Per ottenere la ratifica da parte degli Usa (che poi non arriv\u00f2!), ne fu accettato il ricatto: \u00abUS exempts military from Kyoto Treaty\u00bb, denunciava l\u2019agenzia Inter Press Service nel maggio 1998.\u00a0Secondo la ricercatrice Lorincz, \u00abnel testo degli Accordi di Parigi non c\u2019\u00e8 nulla di nuovo\u00bb. Nick Buxton, del Transational Institute, aggiunge: \u00abA meno di una pressione massiccia non cambier\u00e0 nulla, temo\u00bb.<\/p>\n<p align=\"LEFT\"><b>Il Pentagono persegue la (propria) resilienza<\/b><\/p>\n<p align=\"LEFT\">In realt\u00e0, bench\u00e9 il presidente Trump abbia dichiarato che l\u2019effetto serra \u00e8 un inganno e un complotto dei cinesi, il Pentagono e i militari statunitensi non ignorano affatto i cambiamenti climatici. Come leggiamo su news.mongabay.com,\u00a0\u00abi militari Usa si preparano per i cambiamenti climatici, non certo per proteggere l\u2019ambiente della Terra, bens\u00ec per mantenere l\u2019efficienza operativa \u2013 la capacit\u00e0 di combattere\u00bb. Cos\u00ec quando possibile si punta sulle rinnovabili: il Forte Hunter Liggett in California installa a gran forza pannelli fotovoltaici per non rimanere al buio in caso di black-out.<\/p>\n<p align=\"LEFT\">Nelle guerre, il trasporto di combustibile per carri armati, jet e navi \u00e8 uno dei crucci logistici principali del Pentagono. Il\u00a0<i>National Defense Authorization Act<\/i>\u00a0(Ndaa) per il 2018 firmato dallo stesso Donald Trump si preoccupa della \u00abvulnerabilit\u00e0 delle installazioni militari ai prossimi eventi climatici\u00bb e la US Navy ha pubblicato un manuale,\u00a0<i>Climate Change Installation Adaptation and Resilience Planning,\u00a0<\/i>sulle tecniche di resilienza grigioverde.\u00a0La base di Norfolk, in Virginia, la pi\u00f9 grande del mondo, finisce ormai regolarmente allagata, e uno studio della Union of Concerned Scientists (Ucs) prevede lo stesso destino per una ventina di basi Usa costiere sparse nel mondo.<\/p>\n<p align=\"LEFT\"><b>Non cambiamo il sistema insostenibile! Difendiamolo meglio<\/b><\/p>\n<p align=\"LEFT\">Ma di certo la macchina da guerra non diventer\u00e0 verde e sostenibile: lungi dall\u2019affrontare le cause vere del caos e giocare un ruolo nella riduzione delle emissioni, il Pentagono gonfia i muscoli e prevede grandi aumenti nel settore (e quindi pi\u00f9 emissioni), per affrontare meglio un mondo destabilizzato dagli eventi nefasti causati dall\u2019eccesso di emissioni climalteranti, appunto.<\/p>\n<p align=\"LEFT\">Del resto, il Dipartimento Usa alla difesa gi\u00e0 nel 2004 sottolineava come i cambiamenti climatici siano un<i>\u00ab<\/i>moltiplicatore di minacce\u00a0alla sicurezza nazionale, suscettibile di aumentare frequenza, scala e complessit\u00e0 delle future missioni militari\u00bb. Sempre pi\u00f9 necessarie visto che, come si legge nella<i>\u00a0Quadrennial Defense Review\u00a0<\/i>(2010) del DoD,\u00a0\u00abil caos climatico contribuir\u00e0 alla scarsit\u00e0 di acqua e cibo, aumenter\u00e0 le spese sanitarie e potrebbe determinare migrazioni di massa\u00bb.<\/p>\n<p align=\"LEFT\">Il libro\u00a0<i>The Secure and the Dispossessed.\u00a0<\/i><i>How the Military and Corporations are Shaping a Climate-Changed World<\/i>(Pluto Press) curato da\u00a0Nick Buxton e Ben Hayes spiega la\u00a0<i>\u00ab<\/i>convergenza catastrofica fra militarismo, neoliberismo e cambiamenti climatici\u00bb illustrando\u00a0le strategie del settore militare e delle multinazionali per gestire i rischi (anche con la geoingegneria che pretenderebbe di attenuare gli effetti del riscaldamento globale senza la necessaria drastica riduzione delle emissioni). Il fine \u00e8 proteggere pochi in nome della sicurezza escludendo\u00a0i non privilegiati. In barba alla giustizia climatica, visto che (cfr\u00a0sul sito<a href=\"http:\/\/www.globalcarbonproject.org\/\">www.globalcarbonproject.org<\/a>) i grafici sulle emissioni cumulative di gas serra dal 1870 al 2016 indicano con chiarezza le schiaccianti responsabilit\u00e0 storiche dell\u2019Occidente nel disastro climatico.<\/p>\n<p align=\"LEFT\">di Marinella Correggia (*)<\/p>\n<p>(*) ripreso \u2013 con qualche piccola aggiunta dell\u2019autrice \u2013 da \u201cExtraterrestre\u201d, l\u2019inserto ecologista settimanale (esce il gioved\u00ec) del quotidiano \u201cil manifesto\u201d. Vale segnalare che il 16-17-18 novembre a Dublino si \u00e8 tenuta la \u201cConferenza internazionale della coalizione contro le basi militari straniere nel mondo\u201d. Ne avete letto in giro? Neanche io. A conferma che la libert\u00e0 di informazione ben si mescola con un\u2019idea fasulla di sovranit\u00e0 e le balle dei pacifiNti cio\u00e8 il falso pacifismo\u00a0[<strong>db<\/strong>]<\/p>\n","protected":false},"excerpt":{"rendered":"<p>\u00abIl settore militare non solo inquina ma contamina, trasfigura, rade al suolo. Il destino della Terra e del mondo \u00e8 nelle mani delle armi. Un concetto impressionante\u00bb (Barry Sanders,\u00a0Green Zone. The environmental costs of militarism) \u00a0\u00a0\u00a0\u00a0 C\u2019\u00e8 chi la chiama\u00a0carbon&hellip;<\/p>\n","protected":false},"author":1335,"featured_media":768950,"comment_status":"closed","ping_status":"closed","sticky":false,"template":"","format":"standard","meta":{"footnotes":""},"categories":[59,1263],"tags":[9775,15695,4555,21991],"class_list":["post-768949","post","type-post","status-publish","format-standard","has-post-thumbnail","hentry","category-ambiente-ecologia","category-pace-disarmo","tag-cambiamento-climatico","tag-gas-serra","tag-pentagono","tag-protocollo-di-kyoto"],"yoast_head":"<!-- This site is optimized with the Yoast SEO plugin v27.1.1 - https:\/\/yoast.com\/product\/yoast-seo-wordpress\/ -->\n<title>Militari di tutto il mondo in guerra con il clima<\/title>\n<meta name=\"description\" content=\"\u00abIl settore militare non solo inquina ma contamina, trasfigura, rade al suolo. Il destino della Terra e del mondo \u00e8 nelle mani delle armi. Un concetto\" \/>\n<meta name=\"robots\" content=\"index, follow, max-snippet:-1, max-image-preview:large, max-video-preview:-1\" \/>\n<link rel=\"canonical\" href=\"https:\/\/www.pressenza.com\/it\/2018\/12\/militari-di-tutto-il-mondo-in-guerra-con-il-clima\/\" \/>\n<meta property=\"og:locale\" content=\"it_IT\" \/>\n<meta property=\"og:type\" content=\"article\" \/>\n<meta property=\"og:title\" content=\"Militari di tutto il mondo in guerra con il clima\" \/>\n<meta property=\"og:description\" content=\"\u00abIl settore militare non solo inquina ma contamina, trasfigura, rade al suolo. Il destino della Terra e del mondo \u00e8 nelle mani delle armi. Un concetto\" \/>\n<meta property=\"og:url\" content=\"https:\/\/www.pressenza.com\/it\/2018\/12\/militari-di-tutto-il-mondo-in-guerra-con-il-clima\/\" \/>\n<meta property=\"og:site_name\" content=\"Pressenza\" \/>\n<meta property=\"article:publisher\" content=\"https:\/\/www.facebook.com\/PressenzaItalia\" \/>\n<meta property=\"article:published_time\" content=\"2018-12-02T19:35:57+00:00\" \/>\n<meta property=\"og:image\" content=\"https:\/\/www.pressenza.com\/wp-content\/uploads\/2018\/12\/MarinellaC-basiMilitariIMMAG-300x157.jpg\" \/>\n\t<meta property=\"og:image:width\" content=\"300\" \/>\n\t<meta property=\"og:image:height\" content=\"157\" \/>\n\t<meta property=\"og:image:type\" content=\"image\/jpeg\" \/>\n<meta name=\"author\" content=\"La Bottega del Barbieri\" \/>\n<meta name=\"twitter:card\" content=\"summary_large_image\" \/>\n<meta name=\"twitter:creator\" content=\"@PressenzaIPA\" \/>\n<meta name=\"twitter:site\" content=\"@PressenzaIPA\" \/>\n<meta name=\"twitter:label1\" content=\"Scritto da\" \/>\n\t<meta name=\"twitter:data1\" content=\"La Bottega del Barbieri\" \/>\n\t<meta name=\"twitter:label2\" content=\"Tempo di lettura stimato\" \/>\n\t<meta name=\"twitter:data2\" content=\"6 minuti\" \/>\n<script type=\"application\/ld+json\" class=\"yoast-schema-graph\">{\"@context\":\"https:\/\/schema.org\",\"@graph\":[{\"@type\":\"Article\",\"@id\":\"https:\/\/www.pressenza.com\/it\/2018\/12\/militari-di-tutto-il-mondo-in-guerra-con-il-clima\/#article\",\"isPartOf\":{\"@id\":\"https:\/\/www.pressenza.com\/it\/2018\/12\/militari-di-tutto-il-mondo-in-guerra-con-il-clima\/\"},\"author\":{\"name\":\"La Bottega del Barbieri\",\"@id\":\"https:\/\/www.pressenza.com\/it\/#\/schema\/person\/e576885f1ff4ec20998ad9987486da44\"},\"headline\":\"Militari di tutto il mondo in guerra con il clima\",\"datePublished\":\"2018-12-02T19:35:57+00:00\",\"mainEntityOfPage\":{\"@id\":\"https:\/\/www.pressenza.com\/it\/2018\/12\/militari-di-tutto-il-mondo-in-guerra-con-il-clima\/\"},\"wordCount\":1244,\"publisher\":{\"@id\":\"https:\/\/www.pressenza.com\/it\/#organization\"},\"image\":{\"@id\":\"https:\/\/www.pressenza.com\/it\/2018\/12\/militari-di-tutto-il-mondo-in-guerra-con-il-clima\/#primaryimage\"},\"thumbnailUrl\":\"https:\/\/www.pressenza.com\/wp-content\/uploads\/2018\/12\/MarinellaC-basiMilitariIMMAG-300x157.jpg\",\"keywords\":[\"cambiamento climatico\",\"gas serra\",\"Pentagono\",\"Protocollo di Kyoto\"],\"articleSection\":[\"Ecologia ed Ambiente\",\"Pace e Disarmo\"],\"inLanguage\":\"it-IT\"},{\"@type\":\"WebPage\",\"@id\":\"https:\/\/www.pressenza.com\/it\/2018\/12\/militari-di-tutto-il-mondo-in-guerra-con-il-clima\/\",\"url\":\"https:\/\/www.pressenza.com\/it\/2018\/12\/militari-di-tutto-il-mondo-in-guerra-con-il-clima\/\",\"name\":\"Militari di tutto il mondo in guerra con il clima\",\"isPartOf\":{\"@id\":\"https:\/\/www.pressenza.com\/it\/#website\"},\"primaryImageOfPage\":{\"@id\":\"https:\/\/www.pressenza.com\/it\/2018\/12\/militari-di-tutto-il-mondo-in-guerra-con-il-clima\/#primaryimage\"},\"image\":{\"@id\":\"https:\/\/www.pressenza.com\/it\/2018\/12\/militari-di-tutto-il-mondo-in-guerra-con-il-clima\/#primaryimage\"},\"thumbnailUrl\":\"https:\/\/www.pressenza.com\/wp-content\/uploads\/2018\/12\/MarinellaC-basiMilitariIMMAG-300x157.jpg\",\"datePublished\":\"2018-12-02T19:35:57+00:00\",\"description\":\"\u00abIl settore militare non solo inquina ma contamina, trasfigura, rade al suolo. Il destino della Terra e del mondo \u00e8 nelle mani delle armi. Un concetto\",\"breadcrumb\":{\"@id\":\"https:\/\/www.pressenza.com\/it\/2018\/12\/militari-di-tutto-il-mondo-in-guerra-con-il-clima\/#breadcrumb\"},\"inLanguage\":\"it-IT\",\"potentialAction\":[{\"@type\":\"ReadAction\",\"target\":[\"https:\/\/www.pressenza.com\/it\/2018\/12\/militari-di-tutto-il-mondo-in-guerra-con-il-clima\/\"]}]},{\"@type\":\"ImageObject\",\"inLanguage\":\"it-IT\",\"@id\":\"https:\/\/www.pressenza.com\/it\/2018\/12\/militari-di-tutto-il-mondo-in-guerra-con-il-clima\/#primaryimage\",\"url\":\"https:\/\/www.pressenza.com\/wp-content\/uploads\/2018\/12\/MarinellaC-basiMilitariIMMAG-300x157.jpg\",\"contentUrl\":\"https:\/\/www.pressenza.com\/wp-content\/uploads\/2018\/12\/MarinellaC-basiMilitariIMMAG-300x157.jpg\",\"width\":300,\"height\":157},{\"@type\":\"BreadcrumbList\",\"@id\":\"https:\/\/www.pressenza.com\/it\/2018\/12\/militari-di-tutto-il-mondo-in-guerra-con-il-clima\/#breadcrumb\",\"itemListElement\":[{\"@type\":\"ListItem\",\"position\":1,\"name\":\"Accueil\",\"item\":\"https:\/\/www.pressenza.com\/it\/\"},{\"@type\":\"ListItem\",\"position\":2,\"name\":\"Militari di tutto il mondo in guerra con il clima\"}]},{\"@type\":\"WebSite\",\"@id\":\"https:\/\/www.pressenza.com\/it\/#website\",\"url\":\"https:\/\/www.pressenza.com\/it\/\",\"name\":\"Pressenza\",\"description\":\"Agenzia di Stampa Internazionale\",\"publisher\":{\"@id\":\"https:\/\/www.pressenza.com\/it\/#organization\"},\"potentialAction\":[{\"@type\":\"SearchAction\",\"target\":{\"@type\":\"EntryPoint\",\"urlTemplate\":\"https:\/\/www.pressenza.com\/it\/?s={search_term_string}\"},\"query-input\":{\"@type\":\"PropertyValueSpecification\",\"valueRequired\":true,\"valueName\":\"search_term_string\"}}],\"inLanguage\":\"it-IT\"},{\"@type\":\"Organization\",\"@id\":\"https:\/\/www.pressenza.com\/it\/#organization\",\"name\":\"Pressenza\",\"url\":\"https:\/\/www.pressenza.com\/it\/\",\"logo\":{\"@type\":\"ImageObject\",\"inLanguage\":\"it-IT\",\"@id\":\"https:\/\/www.pressenza.com\/it\/#\/schema\/logo\/image\/\",\"url\":\"https:\/\/www.pressenza.com\/wp-content\/uploads\/2022\/10\/pressenza_logo_200x200.jpg\",\"contentUrl\":\"https:\/\/www.pressenza.com\/wp-content\/uploads\/2022\/10\/pressenza_logo_200x200.jpg\",\"width\":200,\"height\":200,\"caption\":\"Pressenza\"},\"image\":{\"@id\":\"https:\/\/www.pressenza.com\/it\/#\/schema\/logo\/image\/\"},\"sameAs\":[\"https:\/\/www.facebook.com\/PressenzaItalia\",\"https:\/\/x.com\/PressenzaIPA\"]},{\"@type\":\"Person\",\"@id\":\"https:\/\/www.pressenza.com\/it\/#\/schema\/person\/e576885f1ff4ec20998ad9987486da44\",\"name\":\"La Bottega del Barbieri\",\"description\":\"Il Blog di Daniele Barbieri &amp; altr* www.labottegadelbarbieri.org\",\"sameAs\":[\"http:\/\/www.labottegadelbarbieri.org\"],\"url\":\"https:\/\/www.pressenza.com\/it\/author\/la-bottega-del-barbieri\/\"}]}<\/script>\n<!-- \/ Yoast SEO plugin. -->","yoast_head_json":{"title":"Militari di tutto il mondo in guerra con il clima","description":"\u00abIl settore militare non solo inquina ma contamina, trasfigura, rade al suolo. Il destino della Terra e del mondo \u00e8 nelle mani delle armi. Un concetto","robots":{"index":"index","follow":"follow","max-snippet":"max-snippet:-1","max-image-preview":"max-image-preview:large","max-video-preview":"max-video-preview:-1"},"canonical":"https:\/\/www.pressenza.com\/it\/2018\/12\/militari-di-tutto-il-mondo-in-guerra-con-il-clima\/","og_locale":"it_IT","og_type":"article","og_title":"Militari di tutto il mondo in guerra con il clima","og_description":"\u00abIl settore militare non solo inquina ma contamina, trasfigura, rade al suolo. Il destino della Terra e del mondo \u00e8 nelle mani delle armi. Un concetto","og_url":"https:\/\/www.pressenza.com\/it\/2018\/12\/militari-di-tutto-il-mondo-in-guerra-con-il-clima\/","og_site_name":"Pressenza","article_publisher":"https:\/\/www.facebook.com\/PressenzaItalia","article_published_time":"2018-12-02T19:35:57+00:00","og_image":[{"width":300,"height":157,"url":"https:\/\/www.pressenza.com\/wp-content\/uploads\/2018\/12\/MarinellaC-basiMilitariIMMAG-300x157.jpg","type":"image\/jpeg"}],"author":"La Bottega del Barbieri","twitter_card":"summary_large_image","twitter_creator":"@PressenzaIPA","twitter_site":"@PressenzaIPA","twitter_misc":{"Scritto da":"La Bottega del Barbieri","Tempo di lettura stimato":"6 minuti"},"schema":{"@context":"https:\/\/schema.org","@graph":[{"@type":"Article","@id":"https:\/\/www.pressenza.com\/it\/2018\/12\/militari-di-tutto-il-mondo-in-guerra-con-il-clima\/#article","isPartOf":{"@id":"https:\/\/www.pressenza.com\/it\/2018\/12\/militari-di-tutto-il-mondo-in-guerra-con-il-clima\/"},"author":{"name":"La Bottega del Barbieri","@id":"https:\/\/www.pressenza.com\/it\/#\/schema\/person\/e576885f1ff4ec20998ad9987486da44"},"headline":"Militari di tutto il mondo in guerra con il clima","datePublished":"2018-12-02T19:35:57+00:00","mainEntityOfPage":{"@id":"https:\/\/www.pressenza.com\/it\/2018\/12\/militari-di-tutto-il-mondo-in-guerra-con-il-clima\/"},"wordCount":1244,"publisher":{"@id":"https:\/\/www.pressenza.com\/it\/#organization"},"image":{"@id":"https:\/\/www.pressenza.com\/it\/2018\/12\/militari-di-tutto-il-mondo-in-guerra-con-il-clima\/#primaryimage"},"thumbnailUrl":"https:\/\/www.pressenza.com\/wp-content\/uploads\/2018\/12\/MarinellaC-basiMilitariIMMAG-300x157.jpg","keywords":["cambiamento climatico","gas serra","Pentagono","Protocollo di Kyoto"],"articleSection":["Ecologia ed Ambiente","Pace e Disarmo"],"inLanguage":"it-IT"},{"@type":"WebPage","@id":"https:\/\/www.pressenza.com\/it\/2018\/12\/militari-di-tutto-il-mondo-in-guerra-con-il-clima\/","url":"https:\/\/www.pressenza.com\/it\/2018\/12\/militari-di-tutto-il-mondo-in-guerra-con-il-clima\/","name":"Militari di tutto il mondo in guerra con il clima","isPartOf":{"@id":"https:\/\/www.pressenza.com\/it\/#website"},"primaryImageOfPage":{"@id":"https:\/\/www.pressenza.com\/it\/2018\/12\/militari-di-tutto-il-mondo-in-guerra-con-il-clima\/#primaryimage"},"image":{"@id":"https:\/\/www.pressenza.com\/it\/2018\/12\/militari-di-tutto-il-mondo-in-guerra-con-il-clima\/#primaryimage"},"thumbnailUrl":"https:\/\/www.pressenza.com\/wp-content\/uploads\/2018\/12\/MarinellaC-basiMilitariIMMAG-300x157.jpg","datePublished":"2018-12-02T19:35:57+00:00","description":"\u00abIl settore militare non solo inquina ma contamina, trasfigura, rade al suolo. Il destino della Terra e del mondo \u00e8 nelle mani delle armi. Un concetto","breadcrumb":{"@id":"https:\/\/www.pressenza.com\/it\/2018\/12\/militari-di-tutto-il-mondo-in-guerra-con-il-clima\/#breadcrumb"},"inLanguage":"it-IT","potentialAction":[{"@type":"ReadAction","target":["https:\/\/www.pressenza.com\/it\/2018\/12\/militari-di-tutto-il-mondo-in-guerra-con-il-clima\/"]}]},{"@type":"ImageObject","inLanguage":"it-IT","@id":"https:\/\/www.pressenza.com\/it\/2018\/12\/militari-di-tutto-il-mondo-in-guerra-con-il-clima\/#primaryimage","url":"https:\/\/www.pressenza.com\/wp-content\/uploads\/2018\/12\/MarinellaC-basiMilitariIMMAG-300x157.jpg","contentUrl":"https:\/\/www.pressenza.com\/wp-content\/uploads\/2018\/12\/MarinellaC-basiMilitariIMMAG-300x157.jpg","width":300,"height":157},{"@type":"BreadcrumbList","@id":"https:\/\/www.pressenza.com\/it\/2018\/12\/militari-di-tutto-il-mondo-in-guerra-con-il-clima\/#breadcrumb","itemListElement":[{"@type":"ListItem","position":1,"name":"Accueil","item":"https:\/\/www.pressenza.com\/it\/"},{"@type":"ListItem","position":2,"name":"Militari di tutto il mondo in guerra con il clima"}]},{"@type":"WebSite","@id":"https:\/\/www.pressenza.com\/it\/#website","url":"https:\/\/www.pressenza.com\/it\/","name":"Pressenza","description":"Agenzia di Stampa Internazionale","publisher":{"@id":"https:\/\/www.pressenza.com\/it\/#organization"},"potentialAction":[{"@type":"SearchAction","target":{"@type":"EntryPoint","urlTemplate":"https:\/\/www.pressenza.com\/it\/?s={search_term_string}"},"query-input":{"@type":"PropertyValueSpecification","valueRequired":true,"valueName":"search_term_string"}}],"inLanguage":"it-IT"},{"@type":"Organization","@id":"https:\/\/www.pressenza.com\/it\/#organization","name":"Pressenza","url":"https:\/\/www.pressenza.com\/it\/","logo":{"@type":"ImageObject","inLanguage":"it-IT","@id":"https:\/\/www.pressenza.com\/it\/#\/schema\/logo\/image\/","url":"https:\/\/www.pressenza.com\/wp-content\/uploads\/2022\/10\/pressenza_logo_200x200.jpg","contentUrl":"https:\/\/www.pressenza.com\/wp-content\/uploads\/2022\/10\/pressenza_logo_200x200.jpg","width":200,"height":200,"caption":"Pressenza"},"image":{"@id":"https:\/\/www.pressenza.com\/it\/#\/schema\/logo\/image\/"},"sameAs":["https:\/\/www.facebook.com\/PressenzaItalia","https:\/\/x.com\/PressenzaIPA"]},{"@type":"Person","@id":"https:\/\/www.pressenza.com\/it\/#\/schema\/person\/e576885f1ff4ec20998ad9987486da44","name":"La Bottega del Barbieri","description":"Il Blog di Daniele Barbieri &amp; altr* www.labottegadelbarbieri.org","sameAs":["http:\/\/www.labottegadelbarbieri.org"],"url":"https:\/\/www.pressenza.com\/it\/author\/la-bottega-del-barbieri\/"}]}},"place":"","original_article_url":"","_links":{"self":[{"href":"https:\/\/www.pressenza.com\/it\/wp-json\/wp\/v2\/posts\/768949","targetHints":{"allow":["GET"]}}],"collection":[{"href":"https:\/\/www.pressenza.com\/it\/wp-json\/wp\/v2\/posts"}],"about":[{"href":"https:\/\/www.pressenza.com\/it\/wp-json\/wp\/v2\/types\/post"}],"author":[{"embeddable":true,"href":"https:\/\/www.pressenza.com\/it\/wp-json\/wp\/v2\/users\/1335"}],"replies":[{"embeddable":true,"href":"https:\/\/www.pressenza.com\/it\/wp-json\/wp\/v2\/comments?post=768949"}],"version-history":[{"count":0,"href":"https:\/\/www.pressenza.com\/it\/wp-json\/wp\/v2\/posts\/768949\/revisions"}],"wp:featuredmedia":[{"embeddable":true,"href":"https:\/\/www.pressenza.com\/it\/wp-json\/wp\/v2\/media\/768950"}],"wp:attachment":[{"href":"https:\/\/www.pressenza.com\/it\/wp-json\/wp\/v2\/media?parent=768949"}],"wp:term":[{"taxonomy":"category","embeddable":true,"href":"https:\/\/www.pressenza.com\/it\/wp-json\/wp\/v2\/categories?post=768949"},{"taxonomy":"post_tag","embeddable":true,"href":"https:\/\/www.pressenza.com\/it\/wp-json\/wp\/v2\/tags?post=768949"}],"curies":[{"name":"wp","href":"https:\/\/api.w.org\/{rel}","templated":true}]}}