{"id":765603,"date":"2018-11-26T16:31:22","date_gmt":"2018-11-26T16:31:22","guid":{"rendered":"https:\/\/www.pressenza.com\/?p=765603"},"modified":"2018-11-26T17:06:30","modified_gmt":"2018-11-26T17:06:30","slug":"ezln-comunicato-al-popolo-mapuche","status":"publish","type":"post","link":"https:\/\/www.pressenza.com\/it\/2018\/11\/ezln-comunicato-al-popolo-mapuche\/","title":{"rendered":"EZLN:  Comunicato al popolo Mapuche"},"content":{"rendered":"<p><em>In relazione all&#8217;assassinio di Camilo Catrillanca un comunicato di solidariet\u00e0 da parte dell&#8217;EZLN<\/em><\/p>\n<p>&nbsp;<\/p>\n<p><span style=\"font-family: Times New Roman, serif;\"><span style=\"font-size: medium;\">Comunicato:<\/span><\/span><\/p>\n<p>Al popolo mapuche<br \/>\nAl popolo cileno<br \/>\nAi popoli nativi d&#8217;America<br \/>\nAlla Sesta Internazionale<\/p>\n<p>Fratelli e sorelle del degno popolo mapuche,<br \/>\ni popoli, nazioni, trib\u00f9 e villaggi che compongono il Congresso Nazionale Indigeno, il Consiglio Indigeno di Governo e l&#8217;EZLN si uniscono insieme per abbracciare la famiglia del compagno mapuche Camilo Catrillanca, ucciso nel corso di un&#8217;operazione di un gruppo tattico di Carabineros de Chile avvenuta il 14 Novembre 2018 nella comunit\u00e0 Temucuicui nella regione dell&#8217;Araucan\u00eda.<\/p>\n<p><span style=\"font-family: Times New Roman, serif;\"><span style=\"font-size: medium;\">Conosciamo la secolare lotta del degno popolo mapuche per proteggere le sue foreste e i suoi fiumi cos\u00ec come conosciamo la repressione e le falsit\u00e0 che le forze di polizia del mal governo cileno effettuano in territorio mapuche per sconfiggere la difesa della vita.<\/span><\/span><\/p>\n<p>I popoli, nazioni, trib\u00f9 e villaggi del CNI, il CIG e l&#8217;EZLN condanniamo il vile attacco del mal governo cileno e della sua polizia.<\/p>\n<p><span style=\"font-family: Times New Roman, serif;\"><span style=\"font-size: medium;\">Chiediamo che cessino la repressione e la criminalizzazione contro i popoli mapuche che difendono i loro territori.\u00a0<\/span><\/span><\/p>\n<p><span style=\"font-family: Times New Roman, serif;\"><span style=\"font-size: medium;\">Chiediamo anche che la morte del membro della comunit\u00e0 mapuche Camilo Catrillanca non resti impunita.<br \/>\n<\/span><\/span><br \/>\n<span style=\"font-family: Times New Roman, serif;\"><span style=\"font-size: medium;\">Ai popoli mapuche ribadiamo il nostro rispetto e la nostra solidariet\u00e0. Salutiamo la vostra degna lotta per la difesa della vita e del territorio.<\/span><\/span><\/p>\n<p align=\"center\">\n<p>Distintamente<br \/>\nNovembre 2018<br \/>\nPer la ricostituzione integrale dei nostri popoli.<br \/>\nMai pi\u00f9 un Messico senza di noi<br \/>\nCongresso nazionale indigeno &#8211; Consiglio di governo indigeno<br \/>\nEsercito Zapatista di Liberazione Nazionale.<\/p>\n<p>&nbsp;<\/p>\n<p>&nbsp;<\/p>\n","protected":false},"excerpt":{"rendered":"<p>In relazione all&#8217;assassinio di Camilo Catrillanca un comunicato di solidariet\u00e0 da parte dell&#8217;EZLN &nbsp; Comunicato: Al popolo mapuche Al popolo cileno Ai popoli nativi d&#8217;America Alla Sesta Internazionale Fratelli e sorelle del degno popolo mapuche, i popoli, nazioni, trib\u00f9 e&hellip;<\/p>\n","protected":false},"author":1575,"featured_media":758975,"comment_status":"closed","ping_status":"closed","sticky":false,"template":"","format":"standard","meta":{"footnotes":""},"categories":[150,61,48],"tags":[51829,540,8423,2953,7963],"class_list":["post-765603","post","type-post","status-publish","format-standard","has-post-thumbnail","hentry","category-comunicati-stampa","category-popoli-aborigeni","category-sud-america","tag-camilo-catrillanca","tag-cile","tag-ezln-it","tag-mapuche-it","tag-messico"],"yoast_head":"<!-- This site is optimized with the Yoast SEO plugin v27.1.1 - https:\/\/yoast.com\/product\/yoast-seo-wordpress\/ -->\n<title>EZLN: Comunicato al popolo Mapuche<\/title>\n<meta name=\"description\" content=\"In relazione all&#039;assassinio di Camilo Catrillanca un comunicato di solidariet\u00e0 da parte dell&#039;EZLN &nbsp; Comunicato: Al popolo mapuche Al popolo cileno Ai\" \/>\n<meta name=\"robots\" content=\"index, follow, max-snippet:-1, max-image-preview:large, max-video-preview:-1\" \/>\n<link rel=\"canonical\" href=\"https:\/\/www.pressenza.com\/it\/2018\/11\/ezln-comunicato-al-popolo-mapuche\/\" \/>\n<meta property=\"og:locale\" content=\"it_IT\" \/>\n<meta property=\"og:type\" content=\"article\" \/>\n<meta property=\"og:title\" content=\"EZLN: Comunicato al popolo Mapuche\" \/>\n<meta property=\"og:description\" content=\"In relazione all&#039;assassinio di Camilo Catrillanca un comunicato di solidariet\u00e0 da parte dell&#039;EZLN &nbsp; Comunicato: Al popolo mapuche Al popolo cileno Ai\" \/>\n<meta property=\"og:url\" content=\"https:\/\/www.pressenza.com\/it\/2018\/11\/ezln-comunicato-al-popolo-mapuche\/\" \/>\n<meta property=\"og:site_name\" content=\"Pressenza\" \/>\n<meta property=\"article:publisher\" content=\"https:\/\/www.facebook.com\/PressenzaItalia\" \/>\n<meta property=\"article:author\" content=\"https:\/\/www.facebook.com\/cooperazionerebelde.napoli\" \/>\n<meta property=\"article:published_time\" content=\"2018-11-26T16:31:22+00:00\" \/>\n<meta property=\"article:modified_time\" content=\"2018-11-26T17:06:30+00:00\" \/>\n<meta property=\"og:image\" content=\"https:\/\/www.pressenza.com\/wp-content\/uploads\/2018\/11\/PanchaSilvacartelCatrillanca.jpg\" \/>\n\t<meta property=\"og:image:width\" content=\"960\" \/>\n\t<meta property=\"og:image:height\" content=\"640\" \/>\n\t<meta property=\"og:image:type\" content=\"image\/jpeg\" \/>\n<meta name=\"author\" content=\"Cooperazione Rebelde Napoli\" \/>\n<meta name=\"twitter:card\" content=\"summary_large_image\" \/>\n<meta name=\"twitter:creator\" content=\"@CooperRebeldeNa\" \/>\n<meta name=\"twitter:site\" content=\"@PressenzaIPA\" \/>\n<meta name=\"twitter:label1\" content=\"Scritto da\" \/>\n\t<meta name=\"twitter:data1\" content=\"Cooperazione Rebelde Napoli\" \/>\n\t<meta name=\"twitter:label2\" content=\"Tempo di lettura stimato\" \/>\n\t<meta name=\"twitter:data2\" content=\"1 minuto\" \/>\n<script type=\"application\/ld+json\" class=\"yoast-schema-graph\">{\"@context\":\"https:\/\/schema.org\",\"@graph\":[{\"@type\":\"Article\",\"@id\":\"https:\/\/www.pressenza.com\/it\/2018\/11\/ezln-comunicato-al-popolo-mapuche\/#article\",\"isPartOf\":{\"@id\":\"https:\/\/www.pressenza.com\/it\/2018\/11\/ezln-comunicato-al-popolo-mapuche\/\"},\"author\":{\"name\":\"Cooperazione Rebelde Napoli\",\"@id\":\"https:\/\/www.pressenza.com\/it\/#\/schema\/person\/fc081f89cc1dc419afe0fe2990072e2e\"},\"headline\":\"EZLN: Comunicato al popolo Mapuche\",\"datePublished\":\"2018-11-26T16:31:22+00:00\",\"dateModified\":\"2018-11-26T17:06:30+00:00\",\"mainEntityOfPage\":{\"@id\":\"https:\/\/www.pressenza.com\/it\/2018\/11\/ezln-comunicato-al-popolo-mapuche\/\"},\"wordCount\":256,\"publisher\":{\"@id\":\"https:\/\/www.pressenza.com\/it\/#organization\"},\"image\":{\"@id\":\"https:\/\/www.pressenza.com\/it\/2018\/11\/ezln-comunicato-al-popolo-mapuche\/#primaryimage\"},\"thumbnailUrl\":\"https:\/\/www.pressenza.com\/wp-content\/uploads\/2018\/11\/PanchaSilvacartelCatrillanca.jpg\",\"keywords\":[\"Camilo Catrillanca\",\"Cile\",\"EZLN\",\"Mapuche\",\"Messico\"],\"articleSection\":[\"Comunicati Stampa\",\"Popoli originari\",\"Sud America\"],\"inLanguage\":\"it-IT\"},{\"@type\":\"WebPage\",\"@id\":\"https:\/\/www.pressenza.com\/it\/2018\/11\/ezln-comunicato-al-popolo-mapuche\/\",\"url\":\"https:\/\/www.pressenza.com\/it\/2018\/11\/ezln-comunicato-al-popolo-mapuche\/\",\"name\":\"EZLN: Comunicato al popolo Mapuche\",\"isPartOf\":{\"@id\":\"https:\/\/www.pressenza.com\/it\/#website\"},\"primaryImageOfPage\":{\"@id\":\"https:\/\/www.pressenza.com\/it\/2018\/11\/ezln-comunicato-al-popolo-mapuche\/#primaryimage\"},\"image\":{\"@id\":\"https:\/\/www.pressenza.com\/it\/2018\/11\/ezln-comunicato-al-popolo-mapuche\/#primaryimage\"},\"thumbnailUrl\":\"https:\/\/www.pressenza.com\/wp-content\/uploads\/2018\/11\/PanchaSilvacartelCatrillanca.jpg\",\"datePublished\":\"2018-11-26T16:31:22+00:00\",\"dateModified\":\"2018-11-26T17:06:30+00:00\",\"description\":\"In relazione all'assassinio di Camilo Catrillanca un comunicato di solidariet\u00e0 da parte dell'EZLN &nbsp; Comunicato: Al popolo mapuche Al popolo cileno Ai\",\"breadcrumb\":{\"@id\":\"https:\/\/www.pressenza.com\/it\/2018\/11\/ezln-comunicato-al-popolo-mapuche\/#breadcrumb\"},\"inLanguage\":\"it-IT\",\"potentialAction\":[{\"@type\":\"ReadAction\",\"target\":[\"https:\/\/www.pressenza.com\/it\/2018\/11\/ezln-comunicato-al-popolo-mapuche\/\"]}]},{\"@type\":\"ImageObject\",\"inLanguage\":\"it-IT\",\"@id\":\"https:\/\/www.pressenza.com\/it\/2018\/11\/ezln-comunicato-al-popolo-mapuche\/#primaryimage\",\"url\":\"https:\/\/www.pressenza.com\/wp-content\/uploads\/2018\/11\/PanchaSilvacartelCatrillanca.jpg\",\"contentUrl\":\"https:\/\/www.pressenza.com\/wp-content\/uploads\/2018\/11\/PanchaSilvacartelCatrillanca.jpg\",\"width\":960,\"height\":640},{\"@type\":\"BreadcrumbList\",\"@id\":\"https:\/\/www.pressenza.com\/it\/2018\/11\/ezln-comunicato-al-popolo-mapuche\/#breadcrumb\",\"itemListElement\":[{\"@type\":\"ListItem\",\"position\":1,\"name\":\"Accueil\",\"item\":\"https:\/\/www.pressenza.com\/it\/\"},{\"@type\":\"ListItem\",\"position\":2,\"name\":\"EZLN: Comunicato al popolo Mapuche\"}]},{\"@type\":\"WebSite\",\"@id\":\"https:\/\/www.pressenza.com\/it\/#website\",\"url\":\"https:\/\/www.pressenza.com\/it\/\",\"name\":\"Pressenza\",\"description\":\"Agenzia di Stampa Internazionale\",\"publisher\":{\"@id\":\"https:\/\/www.pressenza.com\/it\/#organization\"},\"potentialAction\":[{\"@type\":\"SearchAction\",\"target\":{\"@type\":\"EntryPoint\",\"urlTemplate\":\"https:\/\/www.pressenza.com\/it\/?s={search_term_string}\"},\"query-input\":{\"@type\":\"PropertyValueSpecification\",\"valueRequired\":true,\"valueName\":\"search_term_string\"}}],\"inLanguage\":\"it-IT\"},{\"@type\":\"Organization\",\"@id\":\"https:\/\/www.pressenza.com\/it\/#organization\",\"name\":\"Pressenza\",\"url\":\"https:\/\/www.pressenza.com\/it\/\",\"logo\":{\"@type\":\"ImageObject\",\"inLanguage\":\"it-IT\",\"@id\":\"https:\/\/www.pressenza.com\/it\/#\/schema\/logo\/image\/\",\"url\":\"https:\/\/www.pressenza.com\/wp-content\/uploads\/2022\/10\/pressenza_logo_200x200.jpg\",\"contentUrl\":\"https:\/\/www.pressenza.com\/wp-content\/uploads\/2022\/10\/pressenza_logo_200x200.jpg\",\"width\":200,\"height\":200,\"caption\":\"Pressenza\"},\"image\":{\"@id\":\"https:\/\/www.pressenza.com\/it\/#\/schema\/logo\/image\/\"},\"sameAs\":[\"https:\/\/www.facebook.com\/PressenzaItalia\",\"https:\/\/x.com\/PressenzaIPA\"]},{\"@type\":\"Person\",\"@id\":\"https:\/\/www.pressenza.com\/it\/#\/schema\/person\/fc081f89cc1dc419afe0fe2990072e2e\",\"name\":\"Cooperazione Rebelde Napoli\",\"description\":\"Siamo nati per essere uno spazio pubblico, aperto, di relazioni tra le comunit\u00e0 e le esperienze, con la pretesa di costruire una diplomazia dal basso, una capacit\u00e0 tra comunit\u00e0 locali di intessere rapporti e intrecciare esperienze, in uno scambio utile in tutte e due i versanti. In questa chiave i progetti che vengono realizzati con le comunit\u00e0 zapatiste, e non solo, si offrono a tutte le realt\u00e0 come strumenti in cui collettivamente, in maniera creativa e sperimentale, mettere in discussione le normali regole delle relazioni internazionali, per affermare nuovi valori e nuove speranze; finora i progetti proposti sono stati, e ancora di pi\u00f9 possono essere, uno spazio di protagonismo attivo nella realizzazione di una \u201cnuova cooperazione internazionale\u201d basata sull\u2019orizzontalit\u00e0 e la condivisione di valori di fondo.\",\"sameAs\":[\"https:\/\/www.yabastanapoli.blogspot.com\",\"https:\/\/www.facebook.com\/cooperazionerebelde.napoli\",\"https:\/\/x.com\/CooperRebeldeNa\"],\"url\":\"https:\/\/www.pressenza.com\/it\/author\/cooperazione-rebelde-napoli\/\"}]}<\/script>\n<!-- \/ Yoast SEO plugin. -->","yoast_head_json":{"title":"EZLN: Comunicato al popolo Mapuche","description":"In relazione all'assassinio di Camilo Catrillanca un comunicato di solidariet\u00e0 da parte dell'EZLN &nbsp; Comunicato: Al popolo mapuche Al popolo cileno Ai","robots":{"index":"index","follow":"follow","max-snippet":"max-snippet:-1","max-image-preview":"max-image-preview:large","max-video-preview":"max-video-preview:-1"},"canonical":"https:\/\/www.pressenza.com\/it\/2018\/11\/ezln-comunicato-al-popolo-mapuche\/","og_locale":"it_IT","og_type":"article","og_title":"EZLN: Comunicato al popolo Mapuche","og_description":"In relazione all'assassinio di Camilo Catrillanca un comunicato di solidariet\u00e0 da parte dell'EZLN &nbsp; Comunicato: Al popolo mapuche Al popolo cileno Ai","og_url":"https:\/\/www.pressenza.com\/it\/2018\/11\/ezln-comunicato-al-popolo-mapuche\/","og_site_name":"Pressenza","article_publisher":"https:\/\/www.facebook.com\/PressenzaItalia","article_author":"https:\/\/www.facebook.com\/cooperazionerebelde.napoli","article_published_time":"2018-11-26T16:31:22+00:00","article_modified_time":"2018-11-26T17:06:30+00:00","og_image":[{"width":960,"height":640,"url":"https:\/\/www.pressenza.com\/wp-content\/uploads\/2018\/11\/PanchaSilvacartelCatrillanca.jpg","type":"image\/jpeg"}],"author":"Cooperazione Rebelde Napoli","twitter_card":"summary_large_image","twitter_creator":"@CooperRebeldeNa","twitter_site":"@PressenzaIPA","twitter_misc":{"Scritto da":"Cooperazione Rebelde Napoli","Tempo di lettura stimato":"1 minuto"},"schema":{"@context":"https:\/\/schema.org","@graph":[{"@type":"Article","@id":"https:\/\/www.pressenza.com\/it\/2018\/11\/ezln-comunicato-al-popolo-mapuche\/#article","isPartOf":{"@id":"https:\/\/www.pressenza.com\/it\/2018\/11\/ezln-comunicato-al-popolo-mapuche\/"},"author":{"name":"Cooperazione Rebelde Napoli","@id":"https:\/\/www.pressenza.com\/it\/#\/schema\/person\/fc081f89cc1dc419afe0fe2990072e2e"},"headline":"EZLN: Comunicato al popolo Mapuche","datePublished":"2018-11-26T16:31:22+00:00","dateModified":"2018-11-26T17:06:30+00:00","mainEntityOfPage":{"@id":"https:\/\/www.pressenza.com\/it\/2018\/11\/ezln-comunicato-al-popolo-mapuche\/"},"wordCount":256,"publisher":{"@id":"https:\/\/www.pressenza.com\/it\/#organization"},"image":{"@id":"https:\/\/www.pressenza.com\/it\/2018\/11\/ezln-comunicato-al-popolo-mapuche\/#primaryimage"},"thumbnailUrl":"https:\/\/www.pressenza.com\/wp-content\/uploads\/2018\/11\/PanchaSilvacartelCatrillanca.jpg","keywords":["Camilo Catrillanca","Cile","EZLN","Mapuche","Messico"],"articleSection":["Comunicati Stampa","Popoli originari","Sud America"],"inLanguage":"it-IT"},{"@type":"WebPage","@id":"https:\/\/www.pressenza.com\/it\/2018\/11\/ezln-comunicato-al-popolo-mapuche\/","url":"https:\/\/www.pressenza.com\/it\/2018\/11\/ezln-comunicato-al-popolo-mapuche\/","name":"EZLN: Comunicato al popolo Mapuche","isPartOf":{"@id":"https:\/\/www.pressenza.com\/it\/#website"},"primaryImageOfPage":{"@id":"https:\/\/www.pressenza.com\/it\/2018\/11\/ezln-comunicato-al-popolo-mapuche\/#primaryimage"},"image":{"@id":"https:\/\/www.pressenza.com\/it\/2018\/11\/ezln-comunicato-al-popolo-mapuche\/#primaryimage"},"thumbnailUrl":"https:\/\/www.pressenza.com\/wp-content\/uploads\/2018\/11\/PanchaSilvacartelCatrillanca.jpg","datePublished":"2018-11-26T16:31:22+00:00","dateModified":"2018-11-26T17:06:30+00:00","description":"In relazione all'assassinio di Camilo Catrillanca un comunicato di solidariet\u00e0 da parte dell'EZLN &nbsp; Comunicato: Al popolo mapuche Al popolo cileno Ai","breadcrumb":{"@id":"https:\/\/www.pressenza.com\/it\/2018\/11\/ezln-comunicato-al-popolo-mapuche\/#breadcrumb"},"inLanguage":"it-IT","potentialAction":[{"@type":"ReadAction","target":["https:\/\/www.pressenza.com\/it\/2018\/11\/ezln-comunicato-al-popolo-mapuche\/"]}]},{"@type":"ImageObject","inLanguage":"it-IT","@id":"https:\/\/www.pressenza.com\/it\/2018\/11\/ezln-comunicato-al-popolo-mapuche\/#primaryimage","url":"https:\/\/www.pressenza.com\/wp-content\/uploads\/2018\/11\/PanchaSilvacartelCatrillanca.jpg","contentUrl":"https:\/\/www.pressenza.com\/wp-content\/uploads\/2018\/11\/PanchaSilvacartelCatrillanca.jpg","width":960,"height":640},{"@type":"BreadcrumbList","@id":"https:\/\/www.pressenza.com\/it\/2018\/11\/ezln-comunicato-al-popolo-mapuche\/#breadcrumb","itemListElement":[{"@type":"ListItem","position":1,"name":"Accueil","item":"https:\/\/www.pressenza.com\/it\/"},{"@type":"ListItem","position":2,"name":"EZLN: Comunicato al popolo Mapuche"}]},{"@type":"WebSite","@id":"https:\/\/www.pressenza.com\/it\/#website","url":"https:\/\/www.pressenza.com\/it\/","name":"Pressenza","description":"Agenzia di Stampa Internazionale","publisher":{"@id":"https:\/\/www.pressenza.com\/it\/#organization"},"potentialAction":[{"@type":"SearchAction","target":{"@type":"EntryPoint","urlTemplate":"https:\/\/www.pressenza.com\/it\/?s={search_term_string}"},"query-input":{"@type":"PropertyValueSpecification","valueRequired":true,"valueName":"search_term_string"}}],"inLanguage":"it-IT"},{"@type":"Organization","@id":"https:\/\/www.pressenza.com\/it\/#organization","name":"Pressenza","url":"https:\/\/www.pressenza.com\/it\/","logo":{"@type":"ImageObject","inLanguage":"it-IT","@id":"https:\/\/www.pressenza.com\/it\/#\/schema\/logo\/image\/","url":"https:\/\/www.pressenza.com\/wp-content\/uploads\/2022\/10\/pressenza_logo_200x200.jpg","contentUrl":"https:\/\/www.pressenza.com\/wp-content\/uploads\/2022\/10\/pressenza_logo_200x200.jpg","width":200,"height":200,"caption":"Pressenza"},"image":{"@id":"https:\/\/www.pressenza.com\/it\/#\/schema\/logo\/image\/"},"sameAs":["https:\/\/www.facebook.com\/PressenzaItalia","https:\/\/x.com\/PressenzaIPA"]},{"@type":"Person","@id":"https:\/\/www.pressenza.com\/it\/#\/schema\/person\/fc081f89cc1dc419afe0fe2990072e2e","name":"Cooperazione Rebelde Napoli","description":"Siamo nati per essere uno spazio pubblico, aperto, di relazioni tra le comunit\u00e0 e le esperienze, con la pretesa di costruire una diplomazia dal basso, una capacit\u00e0 tra comunit\u00e0 locali di intessere rapporti e intrecciare esperienze, in uno scambio utile in tutte e due i versanti. In questa chiave i progetti che vengono realizzati con le comunit\u00e0 zapatiste, e non solo, si offrono a tutte le realt\u00e0 come strumenti in cui collettivamente, in maniera creativa e sperimentale, mettere in discussione le normali regole delle relazioni internazionali, per affermare nuovi valori e nuove speranze; finora i progetti proposti sono stati, e ancora di pi\u00f9 possono essere, uno spazio di protagonismo attivo nella realizzazione di una \u201cnuova cooperazione internazionale\u201d basata sull\u2019orizzontalit\u00e0 e la condivisione di valori di fondo.","sameAs":["https:\/\/www.yabastanapoli.blogspot.com","https:\/\/www.facebook.com\/cooperazionerebelde.napoli","https:\/\/x.com\/CooperRebeldeNa"],"url":"https:\/\/www.pressenza.com\/it\/author\/cooperazione-rebelde-napoli\/"}]}},"place":"","original_article_url":"","_links":{"self":[{"href":"https:\/\/www.pressenza.com\/it\/wp-json\/wp\/v2\/posts\/765603","targetHints":{"allow":["GET"]}}],"collection":[{"href":"https:\/\/www.pressenza.com\/it\/wp-json\/wp\/v2\/posts"}],"about":[{"href":"https:\/\/www.pressenza.com\/it\/wp-json\/wp\/v2\/types\/post"}],"author":[{"embeddable":true,"href":"https:\/\/www.pressenza.com\/it\/wp-json\/wp\/v2\/users\/1575"}],"replies":[{"embeddable":true,"href":"https:\/\/www.pressenza.com\/it\/wp-json\/wp\/v2\/comments?post=765603"}],"version-history":[{"count":0,"href":"https:\/\/www.pressenza.com\/it\/wp-json\/wp\/v2\/posts\/765603\/revisions"}],"wp:featuredmedia":[{"embeddable":true,"href":"https:\/\/www.pressenza.com\/it\/wp-json\/wp\/v2\/media\/758975"}],"wp:attachment":[{"href":"https:\/\/www.pressenza.com\/it\/wp-json\/wp\/v2\/media?parent=765603"}],"wp:term":[{"taxonomy":"category","embeddable":true,"href":"https:\/\/www.pressenza.com\/it\/wp-json\/wp\/v2\/categories?post=765603"},{"taxonomy":"post_tag","embeddable":true,"href":"https:\/\/www.pressenza.com\/it\/wp-json\/wp\/v2\/tags?post=765603"}],"curies":[{"name":"wp","href":"https:\/\/api.w.org\/{rel}","templated":true}]}}