{"id":765388,"date":"2018-11-26T10:09:08","date_gmt":"2018-11-26T10:09:08","guid":{"rendered":"https:\/\/www.pressenza.com\/?p=765388"},"modified":"2018-11-26T10:09:08","modified_gmt":"2018-11-26T10:09:08","slug":"vicini-di-casa-viaggi-e-frontiere-nel-mediterraneo","status":"publish","type":"post","link":"https:\/\/www.pressenza.com\/it\/2018\/11\/vicini-di-casa-viaggi-e-frontiere-nel-mediterraneo\/","title":{"rendered":"Vicini di Casa: Viaggi e frontiere nel Mediterraneo"},"content":{"rendered":"<p><strong>Gioved\u00ec 29 novembre, ore 21 <\/strong><\/p>\n<p><strong>Sala Cervi, via\u00a0Volontari della Libert\u00e0, Canegrate<\/strong><\/p>\n<p>Nel Mediterraneo e alle frontiere dell&#8217;Europa si continua a morire, ma non ci sono pi\u00f9 ne testimoni ne salvataggi. Qual \u00e8 la sorte dei migranti bloccati in Libia? Cos\u2019\u00e8 il processo di esternalizzazione delle frontiere attualmente in atto da parte dell\u2019Unione Europea?<\/p>\n<p>Ne parliamo con Edda Pando\u00a0di\u00a0\u201cMilano senza Frontiere\u201d,\u00a0rete promotrice a Milano della &#8220;Marcia per i Nuovi Desaparecidos&#8221; e del sito<a href=\"http:\/\/missingattheborders.org\/\">\u00a0missingattheborders.org<\/a>,\u00a0che raccoglie le testimonianze delle famiglie, che chiedono\u00a0verit\u00e0 e giustizia\u00a0per i propri figli scomparsi nel viaggio migratorio e con Benedetta Collini,\u00a0volontaria di\u00a0\u201cSos Mediteranee\u201d,\u00a0ONG impegnata nel Mediterraneo centrale con la\u00a0nave\u00a0Aquarius. Una testimonianza diretta, di come avvengono le operazioni di ricerca e salvataggio delle persone in difficolt\u00e0, ma anche dell&#8217;intensa campagna di criminalizzazione in atto verso le organizzazioni umanitarie che si occupano di salvare vite umane.<\/p>\n<p>Ingresso libero<\/p>\n<p><strong>Associazioni\u00a0Gulliver\u00a0e\u00a0Nabad onlus-Spazio Mondi Migranti<\/strong><\/p>\n<p>&nbsp;<\/p>\n","protected":false},"excerpt":{"rendered":"<p>Gioved\u00ec 29 novembre, ore 21 Sala Cervi, via\u00a0Volontari della Libert\u00e0, Canegrate Nel Mediterraneo e alle frontiere dell&#8217;Europa si continua a morire, ma non ci sono pi\u00f9 ne testimoni ne salvataggi. Qual \u00e8 la sorte dei migranti bloccati in Libia? Cos\u2019\u00e8&hellip;<\/p>\n","protected":false},"author":594,"featured_media":765408,"comment_status":"closed","ping_status":"closed","sticky":false,"template":"","format":"standard","meta":{"footnotes":""},"categories":[45,60,47],"tags":[42065,4188,1087,2636,24969,52177,3788],"class_list":["post-765388","post","type-post","status-publish","format-standard","has-post-thumbnail","hentry","category-africa-it","category-diritti-umani","category-europa","tag-aquarius","tag-frontiere","tag-libia","tag-migranti","tag-milano-senza-frontiere","tag-sos-mediteranee","tag-unione-europea"],"yoast_head":"<!-- This site is optimized with the Yoast SEO plugin v27.1.1 - https:\/\/yoast.com\/product\/yoast-seo-wordpress\/ -->\n<title>Vicini di Casa: Viaggi e frontiere nel Mediterraneo<\/title>\n<meta name=\"description\" content=\"Gioved\u00ec 29 novembre, ore 21 Sala Cervi, via\u00a0Volontari della Libert\u00e0, Canegrate Nel Mediterraneo e alle frontiere dell&#039;Europa si continua a morire, ma non\" \/>\n<meta name=\"robots\" content=\"index, follow, max-snippet:-1, max-image-preview:large, max-video-preview:-1\" \/>\n<link rel=\"canonical\" href=\"https:\/\/www.pressenza.com\/it\/2018\/11\/vicini-di-casa-viaggi-e-frontiere-nel-mediterraneo\/\" \/>\n<meta property=\"og:locale\" content=\"it_IT\" \/>\n<meta property=\"og:type\" content=\"article\" \/>\n<meta property=\"og:title\" content=\"Vicini di Casa: Viaggi e frontiere nel Mediterraneo\" \/>\n<meta property=\"og:description\" content=\"Gioved\u00ec 29 novembre, ore 21 Sala Cervi, via\u00a0Volontari della Libert\u00e0, Canegrate Nel Mediterraneo e alle frontiere dell&#039;Europa si continua a morire, ma non\" \/>\n<meta property=\"og:url\" content=\"https:\/\/www.pressenza.com\/it\/2018\/11\/vicini-di-casa-viaggi-e-frontiere-nel-mediterraneo\/\" \/>\n<meta property=\"og:site_name\" content=\"Pressenza\" \/>\n<meta property=\"article:publisher\" content=\"https:\/\/www.facebook.com\/PressenzaItalia\" \/>\n<meta property=\"article:author\" content=\"https:\/\/www.facebook.com\/PressenzaItalia\" \/>\n<meta property=\"article:published_time\" content=\"2018-11-26T10:09:08+00:00\" \/>\n<meta property=\"og:image\" content=\"https:\/\/www.pressenza.com\/wp-content\/uploads\/2018\/11\/migranti-salvati-canegrate.jpeg\" \/>\n\t<meta property=\"og:image:width\" content=\"610\" \/>\n\t<meta property=\"og:image:height\" content=\"400\" \/>\n\t<meta property=\"og:image:type\" content=\"image\/jpeg\" \/>\n<meta name=\"author\" content=\"Redazione Italia\" \/>\n<meta name=\"twitter:card\" content=\"summary_large_image\" \/>\n<meta name=\"twitter:creator\" content=\"@pressenza_it\" \/>\n<meta name=\"twitter:site\" content=\"@PressenzaIPA\" \/>\n<meta name=\"twitter:label1\" content=\"Scritto da\" \/>\n\t<meta name=\"twitter:data1\" content=\"Redazione Italia\" \/>\n\t<meta name=\"twitter:label2\" content=\"Tempo di lettura stimato\" \/>\n\t<meta name=\"twitter:data2\" content=\"1 minuto\" \/>\n<script type=\"application\/ld+json\" class=\"yoast-schema-graph\">{\"@context\":\"https:\/\/schema.org\",\"@graph\":[{\"@type\":\"Article\",\"@id\":\"https:\/\/www.pressenza.com\/it\/2018\/11\/vicini-di-casa-viaggi-e-frontiere-nel-mediterraneo\/#article\",\"isPartOf\":{\"@id\":\"https:\/\/www.pressenza.com\/it\/2018\/11\/vicini-di-casa-viaggi-e-frontiere-nel-mediterraneo\/\"},\"author\":{\"name\":\"Redazione Italia\",\"@id\":\"https:\/\/www.pressenza.com\/it\/#\/schema\/person\/d983e81827ae24f2c7b1a2123d197f8d\"},\"headline\":\"Vicini di Casa: Viaggi e frontiere nel Mediterraneo\",\"datePublished\":\"2018-11-26T10:09:08+00:00\",\"mainEntityOfPage\":{\"@id\":\"https:\/\/www.pressenza.com\/it\/2018\/11\/vicini-di-casa-viaggi-e-frontiere-nel-mediterraneo\/\"},\"wordCount\":167,\"publisher\":{\"@id\":\"https:\/\/www.pressenza.com\/it\/#organization\"},\"image\":{\"@id\":\"https:\/\/www.pressenza.com\/it\/2018\/11\/vicini-di-casa-viaggi-e-frontiere-nel-mediterraneo\/#primaryimage\"},\"thumbnailUrl\":\"https:\/\/www.pressenza.com\/wp-content\/uploads\/2018\/11\/migranti-salvati-canegrate.jpeg\",\"keywords\":[\"Aquarius\",\"frontiere\",\"Libia\",\"migranti\",\"Milano senza Frontiere\",\"Sos Mediteranee\",\"Unione Europea\"],\"articleSection\":[\"Africa\",\"Diritti Umani\",\"Europa\"],\"inLanguage\":\"it-IT\"},{\"@type\":\"WebPage\",\"@id\":\"https:\/\/www.pressenza.com\/it\/2018\/11\/vicini-di-casa-viaggi-e-frontiere-nel-mediterraneo\/\",\"url\":\"https:\/\/www.pressenza.com\/it\/2018\/11\/vicini-di-casa-viaggi-e-frontiere-nel-mediterraneo\/\",\"name\":\"Vicini di Casa: Viaggi e frontiere nel Mediterraneo\",\"isPartOf\":{\"@id\":\"https:\/\/www.pressenza.com\/it\/#website\"},\"primaryImageOfPage\":{\"@id\":\"https:\/\/www.pressenza.com\/it\/2018\/11\/vicini-di-casa-viaggi-e-frontiere-nel-mediterraneo\/#primaryimage\"},\"image\":{\"@id\":\"https:\/\/www.pressenza.com\/it\/2018\/11\/vicini-di-casa-viaggi-e-frontiere-nel-mediterraneo\/#primaryimage\"},\"thumbnailUrl\":\"https:\/\/www.pressenza.com\/wp-content\/uploads\/2018\/11\/migranti-salvati-canegrate.jpeg\",\"datePublished\":\"2018-11-26T10:09:08+00:00\",\"description\":\"Gioved\u00ec 29 novembre, ore 21 Sala Cervi, via\u00a0Volontari della Libert\u00e0, Canegrate Nel Mediterraneo e alle frontiere dell'Europa si continua a morire, ma non\",\"breadcrumb\":{\"@id\":\"https:\/\/www.pressenza.com\/it\/2018\/11\/vicini-di-casa-viaggi-e-frontiere-nel-mediterraneo\/#breadcrumb\"},\"inLanguage\":\"it-IT\",\"potentialAction\":[{\"@type\":\"ReadAction\",\"target\":[\"https:\/\/www.pressenza.com\/it\/2018\/11\/vicini-di-casa-viaggi-e-frontiere-nel-mediterraneo\/\"]}]},{\"@type\":\"ImageObject\",\"inLanguage\":\"it-IT\",\"@id\":\"https:\/\/www.pressenza.com\/it\/2018\/11\/vicini-di-casa-viaggi-e-frontiere-nel-mediterraneo\/#primaryimage\",\"url\":\"https:\/\/www.pressenza.com\/wp-content\/uploads\/2018\/11\/migranti-salvati-canegrate.jpeg\",\"contentUrl\":\"https:\/\/www.pressenza.com\/wp-content\/uploads\/2018\/11\/migranti-salvati-canegrate.jpeg\",\"width\":610,\"height\":400},{\"@type\":\"BreadcrumbList\",\"@id\":\"https:\/\/www.pressenza.com\/it\/2018\/11\/vicini-di-casa-viaggi-e-frontiere-nel-mediterraneo\/#breadcrumb\",\"itemListElement\":[{\"@type\":\"ListItem\",\"position\":1,\"name\":\"Accueil\",\"item\":\"https:\/\/www.pressenza.com\/it\/\"},{\"@type\":\"ListItem\",\"position\":2,\"name\":\"Vicini di Casa: Viaggi e frontiere nel Mediterraneo\"}]},{\"@type\":\"WebSite\",\"@id\":\"https:\/\/www.pressenza.com\/it\/#website\",\"url\":\"https:\/\/www.pressenza.com\/it\/\",\"name\":\"Pressenza\",\"description\":\"Agenzia di Stampa Internazionale\",\"publisher\":{\"@id\":\"https:\/\/www.pressenza.com\/it\/#organization\"},\"potentialAction\":[{\"@type\":\"SearchAction\",\"target\":{\"@type\":\"EntryPoint\",\"urlTemplate\":\"https:\/\/www.pressenza.com\/it\/?s={search_term_string}\"},\"query-input\":{\"@type\":\"PropertyValueSpecification\",\"valueRequired\":true,\"valueName\":\"search_term_string\"}}],\"inLanguage\":\"it-IT\"},{\"@type\":\"Organization\",\"@id\":\"https:\/\/www.pressenza.com\/it\/#organization\",\"name\":\"Pressenza\",\"url\":\"https:\/\/www.pressenza.com\/it\/\",\"logo\":{\"@type\":\"ImageObject\",\"inLanguage\":\"it-IT\",\"@id\":\"https:\/\/www.pressenza.com\/it\/#\/schema\/logo\/image\/\",\"url\":\"https:\/\/www.pressenza.com\/wp-content\/uploads\/2022\/10\/pressenza_logo_200x200.jpg\",\"contentUrl\":\"https:\/\/www.pressenza.com\/wp-content\/uploads\/2022\/10\/pressenza_logo_200x200.jpg\",\"width\":200,\"height\":200,\"caption\":\"Pressenza\"},\"image\":{\"@id\":\"https:\/\/www.pressenza.com\/it\/#\/schema\/logo\/image\/\"},\"sameAs\":[\"https:\/\/www.facebook.com\/PressenzaItalia\",\"https:\/\/x.com\/PressenzaIPA\"]},{\"@type\":\"Person\",\"@id\":\"https:\/\/www.pressenza.com\/it\/#\/schema\/person\/d983e81827ae24f2c7b1a2123d197f8d\",\"name\":\"Redazione Italia\",\"description\":\"News from the Pressenza Bureau in Italy\",\"sameAs\":[\"https:\/\/www.pressenza.com\/it\/author\/redazione-italia\/\",\"https:\/\/www.facebook.com\/PressenzaItalia\",\"https:\/\/www.instagram.com\/pressenza_italia\/\",\"https:\/\/x.com\/pressenza_it\",\"https:\/\/www.youtube.com\/channel\/UCSalEIWjE1RSxkwjfftFuqg\"],\"url\":\"https:\/\/www.pressenza.com\/it\/author\/redazione-italia\/\"}]}<\/script>\n<!-- \/ Yoast SEO plugin. -->","yoast_head_json":{"title":"Vicini di Casa: Viaggi e frontiere nel Mediterraneo","description":"Gioved\u00ec 29 novembre, ore 21 Sala Cervi, via\u00a0Volontari della Libert\u00e0, Canegrate Nel Mediterraneo e alle frontiere dell'Europa si continua a morire, ma non","robots":{"index":"index","follow":"follow","max-snippet":"max-snippet:-1","max-image-preview":"max-image-preview:large","max-video-preview":"max-video-preview:-1"},"canonical":"https:\/\/www.pressenza.com\/it\/2018\/11\/vicini-di-casa-viaggi-e-frontiere-nel-mediterraneo\/","og_locale":"it_IT","og_type":"article","og_title":"Vicini di Casa: Viaggi e frontiere nel Mediterraneo","og_description":"Gioved\u00ec 29 novembre, ore 21 Sala Cervi, via\u00a0Volontari della Libert\u00e0, Canegrate Nel Mediterraneo e alle frontiere dell'Europa si continua a morire, ma non","og_url":"https:\/\/www.pressenza.com\/it\/2018\/11\/vicini-di-casa-viaggi-e-frontiere-nel-mediterraneo\/","og_site_name":"Pressenza","article_publisher":"https:\/\/www.facebook.com\/PressenzaItalia","article_author":"https:\/\/www.facebook.com\/PressenzaItalia","article_published_time":"2018-11-26T10:09:08+00:00","og_image":[{"width":610,"height":400,"url":"https:\/\/www.pressenza.com\/wp-content\/uploads\/2018\/11\/migranti-salvati-canegrate.jpeg","type":"image\/jpeg"}],"author":"Redazione Italia","twitter_card":"summary_large_image","twitter_creator":"@pressenza_it","twitter_site":"@PressenzaIPA","twitter_misc":{"Scritto da":"Redazione Italia","Tempo di lettura stimato":"1 minuto"},"schema":{"@context":"https:\/\/schema.org","@graph":[{"@type":"Article","@id":"https:\/\/www.pressenza.com\/it\/2018\/11\/vicini-di-casa-viaggi-e-frontiere-nel-mediterraneo\/#article","isPartOf":{"@id":"https:\/\/www.pressenza.com\/it\/2018\/11\/vicini-di-casa-viaggi-e-frontiere-nel-mediterraneo\/"},"author":{"name":"Redazione Italia","@id":"https:\/\/www.pressenza.com\/it\/#\/schema\/person\/d983e81827ae24f2c7b1a2123d197f8d"},"headline":"Vicini di Casa: Viaggi e frontiere nel Mediterraneo","datePublished":"2018-11-26T10:09:08+00:00","mainEntityOfPage":{"@id":"https:\/\/www.pressenza.com\/it\/2018\/11\/vicini-di-casa-viaggi-e-frontiere-nel-mediterraneo\/"},"wordCount":167,"publisher":{"@id":"https:\/\/www.pressenza.com\/it\/#organization"},"image":{"@id":"https:\/\/www.pressenza.com\/it\/2018\/11\/vicini-di-casa-viaggi-e-frontiere-nel-mediterraneo\/#primaryimage"},"thumbnailUrl":"https:\/\/www.pressenza.com\/wp-content\/uploads\/2018\/11\/migranti-salvati-canegrate.jpeg","keywords":["Aquarius","frontiere","Libia","migranti","Milano senza Frontiere","Sos Mediteranee","Unione Europea"],"articleSection":["Africa","Diritti Umani","Europa"],"inLanguage":"it-IT"},{"@type":"WebPage","@id":"https:\/\/www.pressenza.com\/it\/2018\/11\/vicini-di-casa-viaggi-e-frontiere-nel-mediterraneo\/","url":"https:\/\/www.pressenza.com\/it\/2018\/11\/vicini-di-casa-viaggi-e-frontiere-nel-mediterraneo\/","name":"Vicini di Casa: Viaggi e frontiere nel Mediterraneo","isPartOf":{"@id":"https:\/\/www.pressenza.com\/it\/#website"},"primaryImageOfPage":{"@id":"https:\/\/www.pressenza.com\/it\/2018\/11\/vicini-di-casa-viaggi-e-frontiere-nel-mediterraneo\/#primaryimage"},"image":{"@id":"https:\/\/www.pressenza.com\/it\/2018\/11\/vicini-di-casa-viaggi-e-frontiere-nel-mediterraneo\/#primaryimage"},"thumbnailUrl":"https:\/\/www.pressenza.com\/wp-content\/uploads\/2018\/11\/migranti-salvati-canegrate.jpeg","datePublished":"2018-11-26T10:09:08+00:00","description":"Gioved\u00ec 29 novembre, ore 21 Sala Cervi, via\u00a0Volontari della Libert\u00e0, Canegrate Nel Mediterraneo e alle frontiere dell'Europa si continua a morire, ma non","breadcrumb":{"@id":"https:\/\/www.pressenza.com\/it\/2018\/11\/vicini-di-casa-viaggi-e-frontiere-nel-mediterraneo\/#breadcrumb"},"inLanguage":"it-IT","potentialAction":[{"@type":"ReadAction","target":["https:\/\/www.pressenza.com\/it\/2018\/11\/vicini-di-casa-viaggi-e-frontiere-nel-mediterraneo\/"]}]},{"@type":"ImageObject","inLanguage":"it-IT","@id":"https:\/\/www.pressenza.com\/it\/2018\/11\/vicini-di-casa-viaggi-e-frontiere-nel-mediterraneo\/#primaryimage","url":"https:\/\/www.pressenza.com\/wp-content\/uploads\/2018\/11\/migranti-salvati-canegrate.jpeg","contentUrl":"https:\/\/www.pressenza.com\/wp-content\/uploads\/2018\/11\/migranti-salvati-canegrate.jpeg","width":610,"height":400},{"@type":"BreadcrumbList","@id":"https:\/\/www.pressenza.com\/it\/2018\/11\/vicini-di-casa-viaggi-e-frontiere-nel-mediterraneo\/#breadcrumb","itemListElement":[{"@type":"ListItem","position":1,"name":"Accueil","item":"https:\/\/www.pressenza.com\/it\/"},{"@type":"ListItem","position":2,"name":"Vicini di Casa: Viaggi e frontiere nel Mediterraneo"}]},{"@type":"WebSite","@id":"https:\/\/www.pressenza.com\/it\/#website","url":"https:\/\/www.pressenza.com\/it\/","name":"Pressenza","description":"Agenzia di Stampa Internazionale","publisher":{"@id":"https:\/\/www.pressenza.com\/it\/#organization"},"potentialAction":[{"@type":"SearchAction","target":{"@type":"EntryPoint","urlTemplate":"https:\/\/www.pressenza.com\/it\/?s={search_term_string}"},"query-input":{"@type":"PropertyValueSpecification","valueRequired":true,"valueName":"search_term_string"}}],"inLanguage":"it-IT"},{"@type":"Organization","@id":"https:\/\/www.pressenza.com\/it\/#organization","name":"Pressenza","url":"https:\/\/www.pressenza.com\/it\/","logo":{"@type":"ImageObject","inLanguage":"it-IT","@id":"https:\/\/www.pressenza.com\/it\/#\/schema\/logo\/image\/","url":"https:\/\/www.pressenza.com\/wp-content\/uploads\/2022\/10\/pressenza_logo_200x200.jpg","contentUrl":"https:\/\/www.pressenza.com\/wp-content\/uploads\/2022\/10\/pressenza_logo_200x200.jpg","width":200,"height":200,"caption":"Pressenza"},"image":{"@id":"https:\/\/www.pressenza.com\/it\/#\/schema\/logo\/image\/"},"sameAs":["https:\/\/www.facebook.com\/PressenzaItalia","https:\/\/x.com\/PressenzaIPA"]},{"@type":"Person","@id":"https:\/\/www.pressenza.com\/it\/#\/schema\/person\/d983e81827ae24f2c7b1a2123d197f8d","name":"Redazione Italia","description":"News from the Pressenza Bureau in Italy","sameAs":["https:\/\/www.pressenza.com\/it\/author\/redazione-italia\/","https:\/\/www.facebook.com\/PressenzaItalia","https:\/\/www.instagram.com\/pressenza_italia\/","https:\/\/x.com\/pressenza_it","https:\/\/www.youtube.com\/channel\/UCSalEIWjE1RSxkwjfftFuqg"],"url":"https:\/\/www.pressenza.com\/it\/author\/redazione-italia\/"}]}},"place":"","original_article_url":"","_links":{"self":[{"href":"https:\/\/www.pressenza.com\/it\/wp-json\/wp\/v2\/posts\/765388","targetHints":{"allow":["GET"]}}],"collection":[{"href":"https:\/\/www.pressenza.com\/it\/wp-json\/wp\/v2\/posts"}],"about":[{"href":"https:\/\/www.pressenza.com\/it\/wp-json\/wp\/v2\/types\/post"}],"author":[{"embeddable":true,"href":"https:\/\/www.pressenza.com\/it\/wp-json\/wp\/v2\/users\/594"}],"replies":[{"embeddable":true,"href":"https:\/\/www.pressenza.com\/it\/wp-json\/wp\/v2\/comments?post=765388"}],"version-history":[{"count":0,"href":"https:\/\/www.pressenza.com\/it\/wp-json\/wp\/v2\/posts\/765388\/revisions"}],"wp:featuredmedia":[{"embeddable":true,"href":"https:\/\/www.pressenza.com\/it\/wp-json\/wp\/v2\/media\/765408"}],"wp:attachment":[{"href":"https:\/\/www.pressenza.com\/it\/wp-json\/wp\/v2\/media?parent=765388"}],"wp:term":[{"taxonomy":"category","embeddable":true,"href":"https:\/\/www.pressenza.com\/it\/wp-json\/wp\/v2\/categories?post=765388"},{"taxonomy":"post_tag","embeddable":true,"href":"https:\/\/www.pressenza.com\/it\/wp-json\/wp\/v2\/tags?post=765388"}],"curies":[{"name":"wp","href":"https:\/\/api.w.org\/{rel}","templated":true}]}}