{"id":757507,"date":"2018-11-18T20:06:41","date_gmt":"2018-11-18T20:06:41","guid":{"rendered":"https:\/\/www.pressenza.com\/?p=757507"},"modified":"2018-11-23T22:41:23","modified_gmt":"2018-11-23T22:41:23","slug":"milano-bookcity-una-scuola-che-si-fa-amare-e-possibile","status":"publish","type":"post","link":"https:\/\/www.pressenza.com\/it\/2018\/11\/milano-bookcity-una-scuola-che-si-fa-amare-e-possibile\/","title":{"rendered":"Milano, Bookcity: una scuola che si fa amare \u00e8 possibile"},"content":{"rendered":"<p>Durante la manifestazione di BookCity a Milano si \u00e8 tenuto presso la sede di Emergency l\u2019incontro organizzato dal Centro di Nonviolenza Attiva di Milano: \u2018<em>Una scuola che si fa amare \u00e8 possibile: abbiamo bisogno di educarci ed educare alla nonviolenza<\/em>\u2018, che ha visto la presentazione di Emanuela Fumagalli, presidente dell\u2019associazione Mondo Senza Guerre e Senza Violenza, l\u2019intervento di Gabriella Falcicchio, scrittrice e docente presso il dipartimento di Scienze della Formazione dell\u2019Universit\u00e0 di Bari e di Annabella Coiro, referente dei progetti educativi del Centro di Nonviolenza Attiva di Milano e studiosa di nonviolenza.<\/p>\n<p>Nell\u2019incontro si \u00e8 cercato di rispondere ad alcune domande: la scuola pu\u00f2 essere altro da ci\u00f2 che oggi sperimentiamo? Pu\u00f2 essere la fucina\u00a0di una societ\u00e0 nonviolenta? Perch\u00e9 dobbiamo cambiare l\u2019educazione?<\/p>\n<p>In un\u2019ottica di coinvolgimento diretto, anche il pubblico \u00e8 intervenuto con le proprie risposte. stimolato dalle conduttrici dell\u2019incontro.<\/p>\n<p>E\u2019 possibile scaricare qui l\u2019audio completo e due brevi video sui temi trattati.<\/p>\n<p>Abbiamo rivolto alcune domande alle relatrici.<\/p>\n<p>A <strong>Gabriella Falcicchio<\/strong>, autrice del libro \u2018Profeti scomodi, cattivi maestri\u2019, abbiamo chiesto quale sia la relazione tra la scuola e la nonviolenza.<\/p>\n<p align=\"justify\"><em>Ci siamo mai chiesti se i nostri bambini e le nostre bambine amano la scuola? Dico proprio: amare.<\/em><\/p>\n<p align=\"justify\"><em>Non che facciano i compiti per bene, non che prendano buoni voti, non che ci vadano volentieri (che gi\u00e0 sarebbe tanto), ma che la amino, come si amano le cose importanti a cui non si rinuncerebbe mai, quelle che si tengono protette e si difendono se qualcuno le offende, quelle che \u00e8 una festa starci dentro e un dispiacere uscirne\u2026<\/em><\/p>\n<p align=\"justify\"><em>Non ce lo chiediamo spesso e ancor meno ci chiediamo se la scuola si fa amare, ovvero se gli adulti \u2013 gli agenti educativi e come tale coloro che hanno il dovere di assumersi la responsabilit\u00e0 del processo educativo \u2013 siano capaci di rendere gioioso, felice, significativo quel lunghissimo tempo che un ragazzo o una ragazza trascorre a scuola nella vita. <\/em><\/p>\n<p align=\"justify\"><em>La tradizione pedagogica nonviolenta, in Italia ben rappresentata da Aldo Capitini e Danilo Dolci, offre spunti di riflessione, sollecitando a ripensare in modo radicale il lessico della scuola \u2013 orientato in modo implicito verso un vocabolario pi\u00f9 bellico di quanto ci sia accorga \u2013 gli spazi, i tempi e al loro interno le relazioni tra tutti i soggetti che vivono in questo contesto, che pu\u00f2 rappresentare un\u2019oasi educativa capace di emancipare e riscattare, oppure un vero inferno da subire fino a quando non sar\u00e0 possibile scappare via. Sulla strada per\u00f2 rimarranno morti e dispersi\u2026<\/em><\/p>\n<p align=\"justify\"><em>Non ci si pu\u00f2 interrogare solo sui mutamenti interni alle nuove generazioni, sui cambiamenti in seno alla genitorialit\u00e0 e sulle variabili sociologiche. C\u2019\u00e8 bisogno che la scuola rifletta su se stessa, sulla propria organizzazione interna, sulla violenza strutturale e culturale (J. Galtung) che produce. <\/em><\/p>\n<p align=\"justify\"><em>La scuola pu\u00f2 essere altro, pu\u00f2 assurgere a luogo di costruzione di stili relazionali ed esistenziali aperti al tu di tutti, dei Tutti (A. Capitini), diventando, s\u00ec, un luogo che si fa amare. Per incamminarsi verso questa finalit\u00e0 ambiziosa \u2013 e per fortuna le energie di tanti\/e docenti sono gi\u00e0 in campo e vanno incrementate \u2013 occorre riabilitare dimensioni ancora residuali nel lavoro educativo, come il piacere. Parola mai del tutto ammessa nel vocabolario pedagogico, certamente imparentata con le pi\u00f9 popolari \u201cemozioni\u201d positive, il piacere \u2013 insieme alla meraviglia, all\u2019allegria, alla risata \u2013 dovrebbe essere la cifra cromatica di ogni apprendimento e di ogni insegnamento <\/em><\/p>\n<p align=\"justify\">Ad <strong>Annabella Coiro<\/strong>, autrice della prefazione del libro &#8216;Pedagogia dell&#8217;intenzionalit\u00e0&#8217; e referente della rete EDUMANA<em>,<\/em> abbiamo chiesto come si concretizza il percorso che stanno portando nelle scuole.<\/p>\n<p align=\"justify\"><em>ED.UMA.NA (EDucazione UMAnista alla Nonviolenza Attiva) \u00e8 al tempo stesso una pratica educativa e una rete di associazioni, scuole ed enti territoriali. <\/em><\/p>\n<p align=\"justify\"><em>I passi che vogliamo intraprendere con EDUMANA si muovono verso una trasformazione educativa che vede finalmente defenestrata l\u2019\u00a0educazione tradizionale che concede valore alla violenza, che legittima\u00a0la prevaricazione tra i diversi attori del sistema educativo, che accetta la violenza come parte di una supposta natura umana; vorremmo che si intraprendesse un passo esplicito a favore\u00a0 di un\u2019educazione con un impegno esplicito verso la cultura della nonviolenza, che\u00a0\u00a0rifiuta la violenza apertamente; che applica\u00a0la \u201cregola d\u2019oro\u201d (tratta gli altri come vorresti essere trattato) e\u00a0 la nonviolenza come passo fondamentale dell\u2019evoluzione umana.<\/em><\/p>\n<p align=\"justify\"><em>La pratica educativa \u00e8 stata progettata per due anni nell\u2019ambito del Centro di Nonviolenza Attiva e del Tavolo cittadino di Educazione alla Nonviolenza a Milano con il supporto dell\u2019assessorato del Comune di Milano, ed \u00e8 promossa dalle associazioni Mondo Senza Guerre e Senza Violenza e La Comunit\u00e0 per lo Sviluppo Umano.<\/em><\/p>\n<p align=\"justify\"><em>La rete \u00e8 stata costituita formalmente, siglata da istituti scolastici, associazioni no profit e Enti territoriali di Milano; l\u2019ente capofila \u00e8 l\u2019Istituto Massaua &#8211; Cardarelli di Milano. Le classi pilota sono partite nel settembre del 2017. La valutazione \u00e8 curata dal Dipartimento di Scienze Umane per la Formazione dell\u2019Universit\u00e0 degli Studi di Milano-Bicocca. <\/em><\/p>\n<p align=\"justify\"><em>Per ED.UMA.NA l\u2019essere umano \u00e8 il valore centrale e l\u2019educazione alla nonviolenza attiva serve a riconoscere e superare le differenti forme di violenza quotidiana, implicite ed esplicite, personali e sociali. \u00c8 un\u2019educazione volta a una cultura \u2018umanocentrica\u2019, cio\u00e8 un\u2019educazione che contribuisce a cambiare il mondo nella direzione evolutiva dell\u2019essere umano verso il superamento della sofferenza. \u00c8 un tentativo pionieristico per la costruzione di un nuovo paradigma culturale. <\/em><\/p>\n<p align=\"justify\"><em>La Pratica prevede un insieme di azioni pedagogiche da applicare trasversalmente all\u2019interno di proposte didattiche e formative. Queste azioni sono volte a modificare spazi, tempi e relazioni al fine di creare un clima adeguato allo sviluppo di personalit\u00e0 nonviolente. <\/em><\/p>\n<p align=\"justify\"><em>Uscendo dalla logica della gestione dell\u2019emergenza o di un ulteriore progetto di contrasto alla violenza, la Pratica si prefigge di fornire una risposta unitaria e propositiva ai bisogni scaturiti dal disagio relazionale quotidiano. Per fare ci\u00f2, coniuga il pensiero di alcuni pedagogisti contemporanei con quello di vari studiosi che hanno promosso la nonviolenza come metodo di azione e stile di vita, tra cui Aguilar e Bize che si rifanno al Nuovo Umanesimo del pensatore argentino Silo. <\/em><\/p>\n<p align=\"justify\"><em>La Pratica agisce su una comunit\u00e0 educativa pi\u00f9 ampia di quella prettamente scolastica, coinvolgendo anche le famiglie e il territorio: la scuola diventa punto di riferimento e centro di promozione della nonviolenza e della non discriminazione.<\/em><\/p>\n<p align=\"justify\"><em>Per dare una risposta unitaria \u00e8 necessario uno sforzo\u00a0 di tutti i soggetti che contribuiscono all&#8217;educazione: il ruolo dei genitori, dei docenti, di tutta la comunit\u00e0 educante \u00e8 sempre pi\u00f9 rilevante nei tempi a venire. Il compito \u00e8 far s\u00ec che l\u2019essere umano abiliti tutte le capacit\u00e0 che lo definiscono umano e nonviolento e che superi la dicotomia tra interiorit\u00e0 e esteriorit\u00e0, \u00a0per porre fine all&#8217;attuale paradigma culturale patriarcale, prevaricatore e violento.<\/em><\/p>\n<p align=\"justify\">Audio degli interventi:<\/p>\n<p align=\"justify\">\n<blockquote class=\"wp-embedded-content\" data-secret=\"KsDlW7Mn3P\"><p><a href=\"https:\/\/www.centrononviolenzattiva.org\/bookcity2018\/\">A BOOKCITY 2018 ABBIAMO PARLATO DI SCUOLA E NONVIOLENZA<\/a><\/p><\/blockquote>\n<p><iframe loading=\"lazy\" class=\"wp-embedded-content\" sandbox=\"allow-scripts\" security=\"restricted\" style=\"position: absolute; visibility: hidden;\" title=\"&#8220;A BOOKCITY 2018 ABBIAMO PARLATO DI SCUOLA E NONVIOLENZA&#8221; &#8212; Centro di Nonviolenza Attiva\" src=\"https:\/\/www.centrononviolenzattiva.org\/bookcity2018\/embed\/#?secret=GGQupmGbqi#?secret=KsDlW7Mn3P\" data-secret=\"KsDlW7Mn3P\" width=\"500\" height=\"282\" frameborder=\"0\" marginwidth=\"0\" marginheight=\"0\" scrolling=\"no\"><\/iframe><\/p>\n<p align=\"justify\">Video degli interventi<\/p>\n<p><a href=\"https:\/\/youtu.be\/5m6joJMdX44\">https:\/\/youtu.be\/5m6joJMdX44<\/a><\/p>\n<p><a href=\"https:\/\/youtu.be\/HsqXFnCAEfc\">https:\/\/youtu.be\/HsqXFnCAEfc<\/a><\/p>\n","protected":false},"excerpt":{"rendered":"<p>Durante la manifestazione di BookCity a Milano si \u00e8 tenuto presso la sede di Emergency l\u2019incontro organizzato dal Centro di Nonviolenza Attiva di Milano: \u2018Una scuola che si fa amare \u00e8 possibile: abbiamo bisogno di educarci ed educare alla nonviolenza\u2018,&hellip;<\/p>\n","protected":false},"author":594,"featured_media":757508,"comment_status":"closed","ping_status":"closed","sticky":false,"template":"","format":"standard","meta":{"footnotes":""},"categories":[11388,1258,47,1262],"tags":[41832,41835,40252,51930,7784,286,4231,52122,45864],"class_list":["post-757507","post","type-post","status-publish","format-standard","has-post-thumbnail","hentry","category-contenuti-originali","category-educazione","category-europa","category-nonviolenza-argomento","tag-annabella-coiro","tag-bookcity","tag-ed-uma-na","tag-gabriella-falcicchio","tag-mario-aguilar","tag-milano","tag-movimento-umanista","tag-pedagogia-dellintenzionalita","tag-rebeca-bize"],"yoast_head":"<!-- This site is optimized with the Yoast SEO plugin v27.1.1 - https:\/\/yoast.com\/product\/yoast-seo-wordpress\/ -->\n<title>Milano, Bookcity: una scuola che si fa amare \u00e8 possibile<\/title>\n<meta name=\"description\" content=\"Durante la manifestazione di BookCity a Milano si \u00e8 tenuto presso la sede di Emergency l\u2019incontro organizzato dal Centro di Nonviolenza Attiva di Milano:\" \/>\n<meta name=\"robots\" content=\"index, follow, max-snippet:-1, max-image-preview:large, max-video-preview:-1\" \/>\n<link rel=\"canonical\" href=\"https:\/\/www.pressenza.com\/it\/2018\/11\/milano-bookcity-una-scuola-che-si-fa-amare-e-possibile\/\" \/>\n<meta property=\"og:locale\" content=\"it_IT\" \/>\n<meta property=\"og:type\" content=\"article\" \/>\n<meta property=\"og:title\" content=\"Milano, Bookcity: una scuola che si fa amare \u00e8 possibile\" \/>\n<meta property=\"og:description\" content=\"Durante la manifestazione di BookCity a Milano si \u00e8 tenuto presso la sede di Emergency l\u2019incontro organizzato dal Centro di Nonviolenza Attiva di Milano:\" \/>\n<meta property=\"og:url\" content=\"https:\/\/www.pressenza.com\/it\/2018\/11\/milano-bookcity-una-scuola-che-si-fa-amare-e-possibile\/\" \/>\n<meta property=\"og:site_name\" content=\"Pressenza\" \/>\n<meta property=\"article:publisher\" content=\"https:\/\/www.facebook.com\/PressenzaItalia\" \/>\n<meta property=\"article:author\" content=\"https:\/\/www.facebook.com\/PressenzaItalia\" \/>\n<meta property=\"article:published_time\" content=\"2018-11-18T20:06:41+00:00\" \/>\n<meta property=\"article:modified_time\" content=\"2018-11-23T22:41:23+00:00\" \/>\n<meta property=\"og:image\" content=\"https:\/\/www.pressenza.com\/wp-content\/uploads\/2018\/11\/bookcity_presentazione.jpg\" \/>\n\t<meta property=\"og:image:width\" content=\"1496\" \/>\n\t<meta property=\"og:image:height\" content=\"844\" \/>\n\t<meta property=\"og:image:type\" content=\"image\/jpeg\" \/>\n<meta name=\"author\" content=\"Redazione Italia\" \/>\n<meta name=\"twitter:card\" content=\"summary_large_image\" \/>\n<meta name=\"twitter:creator\" content=\"@pressenza_it\" \/>\n<meta name=\"twitter:site\" content=\"@PressenzaIPA\" \/>\n<meta name=\"twitter:label1\" content=\"Scritto da\" \/>\n\t<meta name=\"twitter:data1\" content=\"Redazione Italia\" \/>\n\t<meta name=\"twitter:label2\" content=\"Tempo di lettura stimato\" \/>\n\t<meta name=\"twitter:data2\" content=\"6 minuti\" \/>\n<script type=\"application\/ld+json\" class=\"yoast-schema-graph\">{\"@context\":\"https:\/\/schema.org\",\"@graph\":[{\"@type\":\"Article\",\"@id\":\"https:\/\/www.pressenza.com\/it\/2018\/11\/milano-bookcity-una-scuola-che-si-fa-amare-e-possibile\/#article\",\"isPartOf\":{\"@id\":\"https:\/\/www.pressenza.com\/it\/2018\/11\/milano-bookcity-una-scuola-che-si-fa-amare-e-possibile\/\"},\"author\":{\"name\":\"Redazione Italia\",\"@id\":\"https:\/\/www.pressenza.com\/it\/#\/schema\/person\/d983e81827ae24f2c7b1a2123d197f8d\"},\"headline\":\"Milano, Bookcity: una scuola che si fa amare \u00e8 possibile\",\"datePublished\":\"2018-11-18T20:06:41+00:00\",\"dateModified\":\"2018-11-23T22:41:23+00:00\",\"mainEntityOfPage\":{\"@id\":\"https:\/\/www.pressenza.com\/it\/2018\/11\/milano-bookcity-una-scuola-che-si-fa-amare-e-possibile\/\"},\"wordCount\":1137,\"publisher\":{\"@id\":\"https:\/\/www.pressenza.com\/it\/#organization\"},\"image\":{\"@id\":\"https:\/\/www.pressenza.com\/it\/2018\/11\/milano-bookcity-una-scuola-che-si-fa-amare-e-possibile\/#primaryimage\"},\"thumbnailUrl\":\"https:\/\/www.pressenza.com\/wp-content\/uploads\/2018\/11\/bookcity_presentazione.jpg\",\"keywords\":[\"Annabella Coiro\",\"Bookcity\",\"ED.UMA.NA\",\"Gabriella Falcicchio\",\"Mario Aguilar\",\"Milano\",\"Movimento Umanista\",\"Pedagogia dell'Intenzionalit\u00e0\",\"Rebeca Bize\"],\"articleSection\":[\"contenuti originali\",\"Educazione\",\"Europa\",\"Nonviolenza\"],\"inLanguage\":\"it-IT\"},{\"@type\":\"WebPage\",\"@id\":\"https:\/\/www.pressenza.com\/it\/2018\/11\/milano-bookcity-una-scuola-che-si-fa-amare-e-possibile\/\",\"url\":\"https:\/\/www.pressenza.com\/it\/2018\/11\/milano-bookcity-una-scuola-che-si-fa-amare-e-possibile\/\",\"name\":\"Milano, Bookcity: una scuola che si fa amare \u00e8 possibile\",\"isPartOf\":{\"@id\":\"https:\/\/www.pressenza.com\/it\/#website\"},\"primaryImageOfPage\":{\"@id\":\"https:\/\/www.pressenza.com\/it\/2018\/11\/milano-bookcity-una-scuola-che-si-fa-amare-e-possibile\/#primaryimage\"},\"image\":{\"@id\":\"https:\/\/www.pressenza.com\/it\/2018\/11\/milano-bookcity-una-scuola-che-si-fa-amare-e-possibile\/#primaryimage\"},\"thumbnailUrl\":\"https:\/\/www.pressenza.com\/wp-content\/uploads\/2018\/11\/bookcity_presentazione.jpg\",\"datePublished\":\"2018-11-18T20:06:41+00:00\",\"dateModified\":\"2018-11-23T22:41:23+00:00\",\"description\":\"Durante la manifestazione di BookCity a Milano si \u00e8 tenuto presso la sede di Emergency l\u2019incontro organizzato dal Centro di Nonviolenza Attiva di Milano:\",\"breadcrumb\":{\"@id\":\"https:\/\/www.pressenza.com\/it\/2018\/11\/milano-bookcity-una-scuola-che-si-fa-amare-e-possibile\/#breadcrumb\"},\"inLanguage\":\"it-IT\",\"potentialAction\":[{\"@type\":\"ReadAction\",\"target\":[\"https:\/\/www.pressenza.com\/it\/2018\/11\/milano-bookcity-una-scuola-che-si-fa-amare-e-possibile\/\"]}]},{\"@type\":\"ImageObject\",\"inLanguage\":\"it-IT\",\"@id\":\"https:\/\/www.pressenza.com\/it\/2018\/11\/milano-bookcity-una-scuola-che-si-fa-amare-e-possibile\/#primaryimage\",\"url\":\"https:\/\/www.pressenza.com\/wp-content\/uploads\/2018\/11\/bookcity_presentazione.jpg\",\"contentUrl\":\"https:\/\/www.pressenza.com\/wp-content\/uploads\/2018\/11\/bookcity_presentazione.jpg\",\"width\":1496,\"height\":844},{\"@type\":\"BreadcrumbList\",\"@id\":\"https:\/\/www.pressenza.com\/it\/2018\/11\/milano-bookcity-una-scuola-che-si-fa-amare-e-possibile\/#breadcrumb\",\"itemListElement\":[{\"@type\":\"ListItem\",\"position\":1,\"name\":\"Accueil\",\"item\":\"https:\/\/www.pressenza.com\/it\/\"},{\"@type\":\"ListItem\",\"position\":2,\"name\":\"Milano, Bookcity: una scuola che si fa amare \u00e8 possibile\"}]},{\"@type\":\"WebSite\",\"@id\":\"https:\/\/www.pressenza.com\/it\/#website\",\"url\":\"https:\/\/www.pressenza.com\/it\/\",\"name\":\"Pressenza\",\"description\":\"Agenzia di Stampa Internazionale\",\"publisher\":{\"@id\":\"https:\/\/www.pressenza.com\/it\/#organization\"},\"potentialAction\":[{\"@type\":\"SearchAction\",\"target\":{\"@type\":\"EntryPoint\",\"urlTemplate\":\"https:\/\/www.pressenza.com\/it\/?s={search_term_string}\"},\"query-input\":{\"@type\":\"PropertyValueSpecification\",\"valueRequired\":true,\"valueName\":\"search_term_string\"}}],\"inLanguage\":\"it-IT\"},{\"@type\":\"Organization\",\"@id\":\"https:\/\/www.pressenza.com\/it\/#organization\",\"name\":\"Pressenza\",\"url\":\"https:\/\/www.pressenza.com\/it\/\",\"logo\":{\"@type\":\"ImageObject\",\"inLanguage\":\"it-IT\",\"@id\":\"https:\/\/www.pressenza.com\/it\/#\/schema\/logo\/image\/\",\"url\":\"https:\/\/www.pressenza.com\/wp-content\/uploads\/2022\/10\/pressenza_logo_200x200.jpg\",\"contentUrl\":\"https:\/\/www.pressenza.com\/wp-content\/uploads\/2022\/10\/pressenza_logo_200x200.jpg\",\"width\":200,\"height\":200,\"caption\":\"Pressenza\"},\"image\":{\"@id\":\"https:\/\/www.pressenza.com\/it\/#\/schema\/logo\/image\/\"},\"sameAs\":[\"https:\/\/www.facebook.com\/PressenzaItalia\",\"https:\/\/x.com\/PressenzaIPA\"]},{\"@type\":\"Person\",\"@id\":\"https:\/\/www.pressenza.com\/it\/#\/schema\/person\/d983e81827ae24f2c7b1a2123d197f8d\",\"name\":\"Redazione Italia\",\"description\":\"News from the Pressenza Bureau in Italy\",\"sameAs\":[\"https:\/\/www.pressenza.com\/it\/author\/redazione-italia\/\",\"https:\/\/www.facebook.com\/PressenzaItalia\",\"https:\/\/www.instagram.com\/pressenza_italia\/\",\"https:\/\/x.com\/pressenza_it\",\"https:\/\/www.youtube.com\/channel\/UCSalEIWjE1RSxkwjfftFuqg\"],\"url\":\"https:\/\/www.pressenza.com\/it\/author\/redazione-italia\/\"}]}<\/script>\n<!-- \/ Yoast SEO plugin. -->","yoast_head_json":{"title":"Milano, Bookcity: una scuola che si fa amare \u00e8 possibile","description":"Durante la manifestazione di BookCity a Milano si \u00e8 tenuto presso la sede di Emergency l\u2019incontro organizzato dal Centro di Nonviolenza Attiva di Milano:","robots":{"index":"index","follow":"follow","max-snippet":"max-snippet:-1","max-image-preview":"max-image-preview:large","max-video-preview":"max-video-preview:-1"},"canonical":"https:\/\/www.pressenza.com\/it\/2018\/11\/milano-bookcity-una-scuola-che-si-fa-amare-e-possibile\/","og_locale":"it_IT","og_type":"article","og_title":"Milano, Bookcity: una scuola che si fa amare \u00e8 possibile","og_description":"Durante la manifestazione di BookCity a Milano si \u00e8 tenuto presso la sede di Emergency l\u2019incontro organizzato dal Centro di Nonviolenza Attiva di Milano:","og_url":"https:\/\/www.pressenza.com\/it\/2018\/11\/milano-bookcity-una-scuola-che-si-fa-amare-e-possibile\/","og_site_name":"Pressenza","article_publisher":"https:\/\/www.facebook.com\/PressenzaItalia","article_author":"https:\/\/www.facebook.com\/PressenzaItalia","article_published_time":"2018-11-18T20:06:41+00:00","article_modified_time":"2018-11-23T22:41:23+00:00","og_image":[{"width":1496,"height":844,"url":"https:\/\/www.pressenza.com\/wp-content\/uploads\/2018\/11\/bookcity_presentazione.jpg","type":"image\/jpeg"}],"author":"Redazione Italia","twitter_card":"summary_large_image","twitter_creator":"@pressenza_it","twitter_site":"@PressenzaIPA","twitter_misc":{"Scritto da":"Redazione Italia","Tempo di lettura stimato":"6 minuti"},"schema":{"@context":"https:\/\/schema.org","@graph":[{"@type":"Article","@id":"https:\/\/www.pressenza.com\/it\/2018\/11\/milano-bookcity-una-scuola-che-si-fa-amare-e-possibile\/#article","isPartOf":{"@id":"https:\/\/www.pressenza.com\/it\/2018\/11\/milano-bookcity-una-scuola-che-si-fa-amare-e-possibile\/"},"author":{"name":"Redazione Italia","@id":"https:\/\/www.pressenza.com\/it\/#\/schema\/person\/d983e81827ae24f2c7b1a2123d197f8d"},"headline":"Milano, Bookcity: una scuola che si fa amare \u00e8 possibile","datePublished":"2018-11-18T20:06:41+00:00","dateModified":"2018-11-23T22:41:23+00:00","mainEntityOfPage":{"@id":"https:\/\/www.pressenza.com\/it\/2018\/11\/milano-bookcity-una-scuola-che-si-fa-amare-e-possibile\/"},"wordCount":1137,"publisher":{"@id":"https:\/\/www.pressenza.com\/it\/#organization"},"image":{"@id":"https:\/\/www.pressenza.com\/it\/2018\/11\/milano-bookcity-una-scuola-che-si-fa-amare-e-possibile\/#primaryimage"},"thumbnailUrl":"https:\/\/www.pressenza.com\/wp-content\/uploads\/2018\/11\/bookcity_presentazione.jpg","keywords":["Annabella Coiro","Bookcity","ED.UMA.NA","Gabriella Falcicchio","Mario Aguilar","Milano","Movimento Umanista","Pedagogia dell'Intenzionalit\u00e0","Rebeca Bize"],"articleSection":["contenuti originali","Educazione","Europa","Nonviolenza"],"inLanguage":"it-IT"},{"@type":"WebPage","@id":"https:\/\/www.pressenza.com\/it\/2018\/11\/milano-bookcity-una-scuola-che-si-fa-amare-e-possibile\/","url":"https:\/\/www.pressenza.com\/it\/2018\/11\/milano-bookcity-una-scuola-che-si-fa-amare-e-possibile\/","name":"Milano, Bookcity: una scuola che si fa amare \u00e8 possibile","isPartOf":{"@id":"https:\/\/www.pressenza.com\/it\/#website"},"primaryImageOfPage":{"@id":"https:\/\/www.pressenza.com\/it\/2018\/11\/milano-bookcity-una-scuola-che-si-fa-amare-e-possibile\/#primaryimage"},"image":{"@id":"https:\/\/www.pressenza.com\/it\/2018\/11\/milano-bookcity-una-scuola-che-si-fa-amare-e-possibile\/#primaryimage"},"thumbnailUrl":"https:\/\/www.pressenza.com\/wp-content\/uploads\/2018\/11\/bookcity_presentazione.jpg","datePublished":"2018-11-18T20:06:41+00:00","dateModified":"2018-11-23T22:41:23+00:00","description":"Durante la manifestazione di BookCity a Milano si \u00e8 tenuto presso la sede di Emergency l\u2019incontro organizzato dal Centro di Nonviolenza Attiva di Milano:","breadcrumb":{"@id":"https:\/\/www.pressenza.com\/it\/2018\/11\/milano-bookcity-una-scuola-che-si-fa-amare-e-possibile\/#breadcrumb"},"inLanguage":"it-IT","potentialAction":[{"@type":"ReadAction","target":["https:\/\/www.pressenza.com\/it\/2018\/11\/milano-bookcity-una-scuola-che-si-fa-amare-e-possibile\/"]}]},{"@type":"ImageObject","inLanguage":"it-IT","@id":"https:\/\/www.pressenza.com\/it\/2018\/11\/milano-bookcity-una-scuola-che-si-fa-amare-e-possibile\/#primaryimage","url":"https:\/\/www.pressenza.com\/wp-content\/uploads\/2018\/11\/bookcity_presentazione.jpg","contentUrl":"https:\/\/www.pressenza.com\/wp-content\/uploads\/2018\/11\/bookcity_presentazione.jpg","width":1496,"height":844},{"@type":"BreadcrumbList","@id":"https:\/\/www.pressenza.com\/it\/2018\/11\/milano-bookcity-una-scuola-che-si-fa-amare-e-possibile\/#breadcrumb","itemListElement":[{"@type":"ListItem","position":1,"name":"Accueil","item":"https:\/\/www.pressenza.com\/it\/"},{"@type":"ListItem","position":2,"name":"Milano, Bookcity: una scuola che si fa amare \u00e8 possibile"}]},{"@type":"WebSite","@id":"https:\/\/www.pressenza.com\/it\/#website","url":"https:\/\/www.pressenza.com\/it\/","name":"Pressenza","description":"Agenzia di Stampa Internazionale","publisher":{"@id":"https:\/\/www.pressenza.com\/it\/#organization"},"potentialAction":[{"@type":"SearchAction","target":{"@type":"EntryPoint","urlTemplate":"https:\/\/www.pressenza.com\/it\/?s={search_term_string}"},"query-input":{"@type":"PropertyValueSpecification","valueRequired":true,"valueName":"search_term_string"}}],"inLanguage":"it-IT"},{"@type":"Organization","@id":"https:\/\/www.pressenza.com\/it\/#organization","name":"Pressenza","url":"https:\/\/www.pressenza.com\/it\/","logo":{"@type":"ImageObject","inLanguage":"it-IT","@id":"https:\/\/www.pressenza.com\/it\/#\/schema\/logo\/image\/","url":"https:\/\/www.pressenza.com\/wp-content\/uploads\/2022\/10\/pressenza_logo_200x200.jpg","contentUrl":"https:\/\/www.pressenza.com\/wp-content\/uploads\/2022\/10\/pressenza_logo_200x200.jpg","width":200,"height":200,"caption":"Pressenza"},"image":{"@id":"https:\/\/www.pressenza.com\/it\/#\/schema\/logo\/image\/"},"sameAs":["https:\/\/www.facebook.com\/PressenzaItalia","https:\/\/x.com\/PressenzaIPA"]},{"@type":"Person","@id":"https:\/\/www.pressenza.com\/it\/#\/schema\/person\/d983e81827ae24f2c7b1a2123d197f8d","name":"Redazione Italia","description":"News from the Pressenza Bureau in Italy","sameAs":["https:\/\/www.pressenza.com\/it\/author\/redazione-italia\/","https:\/\/www.facebook.com\/PressenzaItalia","https:\/\/www.instagram.com\/pressenza_italia\/","https:\/\/x.com\/pressenza_it","https:\/\/www.youtube.com\/channel\/UCSalEIWjE1RSxkwjfftFuqg"],"url":"https:\/\/www.pressenza.com\/it\/author\/redazione-italia\/"}]}},"place":"","original_article_url":"","_links":{"self":[{"href":"https:\/\/www.pressenza.com\/it\/wp-json\/wp\/v2\/posts\/757507","targetHints":{"allow":["GET"]}}],"collection":[{"href":"https:\/\/www.pressenza.com\/it\/wp-json\/wp\/v2\/posts"}],"about":[{"href":"https:\/\/www.pressenza.com\/it\/wp-json\/wp\/v2\/types\/post"}],"author":[{"embeddable":true,"href":"https:\/\/www.pressenza.com\/it\/wp-json\/wp\/v2\/users\/594"}],"replies":[{"embeddable":true,"href":"https:\/\/www.pressenza.com\/it\/wp-json\/wp\/v2\/comments?post=757507"}],"version-history":[{"count":0,"href":"https:\/\/www.pressenza.com\/it\/wp-json\/wp\/v2\/posts\/757507\/revisions"}],"wp:featuredmedia":[{"embeddable":true,"href":"https:\/\/www.pressenza.com\/it\/wp-json\/wp\/v2\/media\/757508"}],"wp:attachment":[{"href":"https:\/\/www.pressenza.com\/it\/wp-json\/wp\/v2\/media?parent=757507"}],"wp:term":[{"taxonomy":"category","embeddable":true,"href":"https:\/\/www.pressenza.com\/it\/wp-json\/wp\/v2\/categories?post=757507"},{"taxonomy":"post_tag","embeddable":true,"href":"https:\/\/www.pressenza.com\/it\/wp-json\/wp\/v2\/tags?post=757507"}],"curies":[{"name":"wp","href":"https:\/\/api.w.org\/{rel}","templated":true}]}}