{"id":756916,"date":"2018-11-17T15:21:55","date_gmt":"2018-11-17T15:21:55","guid":{"rendered":"https:\/\/www.pressenza.com\/?p=756916"},"modified":"2018-11-17T15:25:53","modified_gmt":"2018-11-17T15:25:53","slug":"ma-salvini-in-ghana-cosa-ci-e-andato-a-fare","status":"publish","type":"post","link":"https:\/\/www.pressenza.com\/it\/2018\/11\/ma-salvini-in-ghana-cosa-ci-e-andato-a-fare\/","title":{"rendered":"Ma Salvini in Ghana cosa ci \u00e8 andato a fare?"},"content":{"rendered":"<div class=\"entry\">\n<div id=\"RIL_container\">\n<div id=\"RIL_body\">\n<div id=\"RIL_less\">\n<div lang=\"it\">\n<p>Condividendone in pieno il contenuto, riprendiamo questo articolo di\u00a0<strong>Gianni Ballarini<\/strong><span class=\"Apple-converted-space\">\u00a0<\/span>per<span class=\"Apple-converted-space\">\u00a0<\/span><strong>Nigrizia<\/strong><strong>.<\/strong><\/p>\n<\/div>\n<\/div>\n<\/div>\n<\/div>\n<div id=\"RIL_container\">\n<div id=\"RIL_body\">\n<div id=\"RIL_less\">\n<div lang=\"it\">\n<p>Chiss\u00e0 se lo stratega della tensione comunicativa sar\u00e0<span id=\"more-21452\"><\/span>\u00a0pronto, pure stavolta, a rispondere agli interrogativi, semplici, che<span class=\"Apple-converted-space\">\u00a0<\/span><em>Nigrizia<\/em><span class=\"Apple-converted-space\">\u00a0<\/span>sta per porgli.<\/p>\n<p>Matteo Salvini \u00e8 volato il 5 e 6 novembre in Ghana per una missione lampo. Ignorata dai pi\u00f9, la missione aveva lo scopo, secondo l\u2019esponente della Lega, della firma di un \u00abaccordo col governo per controllare l\u2019immigrazione e garantire un futuro di studio e lavoro a quei ragazzi, ma nel loro paese\u00bb. L\u2019annuncio in un tweet. Ad Accra il ministro<span class=\"Apple-converted-space\">\u00a0<\/span><em>pro tempore<\/em><span class=\"Apple-converted-space\">\u00a0<\/span>ha incontrato il suo omologo ghaneano Ambrose Dery e il presidente del paese Nana Akufo-Addo, il quale ha smentito gli entusiastici commenti di Salvini sull\u2019esito del viaggio. Il principale quotidiano locale,<span class=\"Apple-converted-space\">\u00a0<\/span><em>Ghanaians times<\/em>, ha titolato il giorno dopo l\u2019incontro: \u201c<strong>Il presidente furioso per il trattamento inumano dei migranti africani<\/strong>\u201d. E nelle pagine interne sono riportate le sue frasi dure contro Salvini: \u00abNon ci si dovrebbe nascondere dietro il pretesto di combattere le migrazioni irregolari per commettere abusi sui migranti irregolari\u00bb.<\/p>\n<p>Ma il viaggio di Salvini si \u00e8 rivelato stravagante per un altro aspetto. Si \u00e8 infatti recato nel paese africano che meno esporta migranti e che risulta tra i pi\u00f9 stabili dell\u2019Africa. \u00c8 la seconda economia della Comunit\u00e0 economica degli stati dell\u2019Africa Occidentale (Cedeao). Dal 2010 \u00e8 considerato un paese a medio reddito.<\/p>\n<p>I ghaneani in Italia, come ci ricorda Marco Scarpati in un suo post su Facebook, \u00absono, complessivamente, poco meno di 49mila. E la loro presenza \u00e8 sostanzialmente stabile, se \u00e8 vero che nel 2010 erano 47mila. Rappresentano lo 0,97% sul totale dei migranti. Compiono pochi crimini e sono ottimi lavoratori, in gran parte impegnati soprattutto nelle fabbriche del nord Italia. Pochissimi gli irregolari\u00bb.<\/p>\n<p>Domanda: per quale ragione il \u201cruspante\u201d ministro ha scelto per la sua propaganda, attraverso la fanfara dei social, il paese sbagliato? Nessuno gliel\u2019ha fatto notare? \u00c8 stato un caso? Oppure, un paese africano vale l\u2019altro per il suo pulpito propagandistico?<\/p>\n<p>Ma \u00e8 un altro l\u2019interrogativo che pi\u00f9 ci preme sottoporre a Salvini: il suo viaggio ha previsto una tappa a Cape Coast o a Elmina? Certamente avr\u00e0 almeno sentito parlare di questi due luoghi della memoria che si affacciano sull\u2019oceano, a un centinaio di km da Accra. Cape Coast \u00e8 stato il pi\u00f9 importante centro per la tratta degli schiavi di tutta l\u2019Africa occidentale. Un luogo simbolo, tutelato dall\u2019Unesco. Nella sua fortezza i prigionieri, a milioni, vi venivano esposti ed i compratori sceglievano all\u2019asta i pezzi migliori: solo le donne e gli uomini pi\u00f9 sani e forti.<\/p>\n<p>Sono decine in Africa le \u201cporte del non ritorno\u201d. Il Ghana \u00e8 forse il paese che ne possiede la pi\u00f9 alta concentrazione. Tutto il Golfo di Guinea, ovvero la costa compresa tra il delta del Niger e il Ghana, venne ribattezzato Costa degli Schiavi, e la catena di forti e castelli che si estende lungo il suo litorale costituisce uno straordinario documento storico.<\/p>\n<p>A 15 km da Cape Coast, poi, si trova la cittadina portuale di Elmina. Nelle sue prigioni sotterranee venivano ammassati fino a 300 prigionieri, mani e piedi in catene, immersi nei loro escrementi, trattenuti per mesi prima di essere imbarcati come schiavi. Chi moriva di malattie, fame e sete veniva gettato in mare. A chi tentava la fuga venivano mozzate le orecchie per essere poi rinchiuso nella cella della morte.<\/p>\n<p>Immagini che sembrano rubate ai lager libici di oggi, dove sono ammassati i corpi di centinaia di migliaia di migranti. Corpi, non persone.<\/p>\n<p>Il primo viaggio di Barak Obama in Africa, il 10-11 luglio 2009, fu proprio a Cape Coast, omaggio alla sua storia e a luoghi dove si sono rattrappiti i valori occidentali.<\/p>\n<p>Salvini, lei che si mostra un politico cos\u00ec ossessivamente appassionato al tema dei migranti e di persone in fuga, ha sentito la necessit\u00e0 di visitare, nel suo blitz ghaneano, quelle stanze in cui le speranze morivano ancor prima di nascere?<\/p>\n<p><strong>Gianni Ballarini<\/strong><span class=\"Apple-converted-space\">\u00a0<\/span>per<span class=\"Apple-converted-space\">\u00a0<\/span><strong>Nigrizia<\/strong><\/p>\n<\/div>\n<\/div>\n<\/div>\n<\/div>\n<\/div>\n","protected":false},"excerpt":{"rendered":"<p>Condividendone in pieno il contenuto, riprendiamo questo articolo di\u00a0Gianni Ballarini\u00a0per\u00a0Nigrizia. Chiss\u00e0 se lo stratega della tensione comunicativa sar\u00e0\u00a0pronto, pure stavolta, a rispondere agli interrogativi, semplici, che\u00a0Nigrizia\u00a0sta per porgli. Matteo Salvini \u00e8 volato il 5 e 6 novembre in Ghana per&hellip;<\/p>\n","protected":false},"author":588,"featured_media":756918,"comment_status":"closed","ping_status":"closed","sticky":false,"template":"","format":"standard","meta":{"footnotes":""},"categories":[45,38,162,57],"tags":[17967,51893,17490,51892,45479],"class_list":["post-756916","post","type-post","status-publish","format-standard","has-post-thumbnail","hentry","category-africa-it","category-internazionale","category-opinioni","category-affari-esteri","tag-ghana","tag-gianni-ballarini","tag-matteo-salvini","tag-nana-akufo-addo","tag-nigrizia"],"yoast_head":"<!-- This site is optimized with the Yoast SEO plugin v27.1.1 - https:\/\/yoast.com\/product\/yoast-seo-wordpress\/ -->\n<title>Ma Salvini in Ghana cosa ci \u00e8 andato a fare?<\/title>\n<meta name=\"description\" content=\"Condividendone in pieno il contenuto, riprendiamo questo articolo di\u00a0Gianni Ballarini\u00a0per\u00a0Nigrizia. Chiss\u00e0 se lo stratega della tensione comunicativa\" \/>\n<meta name=\"robots\" content=\"index, follow, max-snippet:-1, max-image-preview:large, max-video-preview:-1\" \/>\n<link rel=\"canonical\" href=\"https:\/\/www.pressenza.com\/it\/2018\/11\/ma-salvini-in-ghana-cosa-ci-e-andato-a-fare\/\" \/>\n<meta property=\"og:locale\" content=\"it_IT\" \/>\n<meta property=\"og:type\" content=\"article\" \/>\n<meta property=\"og:title\" content=\"Ma Salvini in Ghana cosa ci \u00e8 andato a fare?\" \/>\n<meta property=\"og:description\" content=\"Condividendone in pieno il contenuto, riprendiamo questo articolo di\u00a0Gianni Ballarini\u00a0per\u00a0Nigrizia. Chiss\u00e0 se lo stratega della tensione comunicativa\" \/>\n<meta property=\"og:url\" content=\"https:\/\/www.pressenza.com\/it\/2018\/11\/ma-salvini-in-ghana-cosa-ci-e-andato-a-fare\/\" \/>\n<meta property=\"og:site_name\" content=\"Pressenza\" \/>\n<meta property=\"article:publisher\" content=\"https:\/\/www.facebook.com\/PressenzaItalia\" \/>\n<meta property=\"article:author\" content=\"https:\/\/www.facebook.com\/pages\/Africanewsit\/153702190991?ref=ts\" \/>\n<meta property=\"article:published_time\" content=\"2018-11-17T15:21:55+00:00\" \/>\n<meta property=\"article:modified_time\" content=\"2018-11-17T15:25:53+00:00\" \/>\n<meta property=\"og:image\" content=\"https:\/\/www.pressenza.com\/wp-content\/uploads\/2018\/11\/salvini-ghana.jpg\" \/>\n\t<meta property=\"og:image:width\" content=\"950\" \/>\n\t<meta property=\"og:image:height\" content=\"580\" \/>\n\t<meta property=\"og:image:type\" content=\"image\/jpeg\" \/>\n<meta name=\"author\" content=\"Africa News\" \/>\n<meta name=\"twitter:card\" content=\"summary_large_image\" \/>\n<meta name=\"twitter:creator\" content=\"@AfricanewsIT_ES\" \/>\n<meta name=\"twitter:site\" content=\"@PressenzaIPA\" \/>\n<meta name=\"twitter:label1\" content=\"Scritto da\" \/>\n\t<meta name=\"twitter:data1\" content=\"Africa News\" \/>\n\t<meta name=\"twitter:label2\" content=\"Tempo di lettura stimato\" \/>\n\t<meta name=\"twitter:data2\" content=\"3 minuti\" \/>\n<script type=\"application\/ld+json\" class=\"yoast-schema-graph\">{\"@context\":\"https:\/\/schema.org\",\"@graph\":[{\"@type\":\"Article\",\"@id\":\"https:\/\/www.pressenza.com\/it\/2018\/11\/ma-salvini-in-ghana-cosa-ci-e-andato-a-fare\/#article\",\"isPartOf\":{\"@id\":\"https:\/\/www.pressenza.com\/it\/2018\/11\/ma-salvini-in-ghana-cosa-ci-e-andato-a-fare\/\"},\"author\":{\"name\":\"Africa News\",\"@id\":\"https:\/\/www.pressenza.com\/it\/#\/schema\/person\/74a77e2f87c0131607f77c4cc61502b5\"},\"headline\":\"Ma Salvini in Ghana cosa ci \u00e8 andato a fare?\",\"datePublished\":\"2018-11-17T15:21:55+00:00\",\"dateModified\":\"2018-11-17T15:25:53+00:00\",\"mainEntityOfPage\":{\"@id\":\"https:\/\/www.pressenza.com\/it\/2018\/11\/ma-salvini-in-ghana-cosa-ci-e-andato-a-fare\/\"},\"wordCount\":664,\"publisher\":{\"@id\":\"https:\/\/www.pressenza.com\/it\/#organization\"},\"image\":{\"@id\":\"https:\/\/www.pressenza.com\/it\/2018\/11\/ma-salvini-in-ghana-cosa-ci-e-andato-a-fare\/#primaryimage\"},\"thumbnailUrl\":\"https:\/\/www.pressenza.com\/wp-content\/uploads\/2018\/11\/salvini-ghana.jpg\",\"keywords\":[\"Ghana\",\"Gianni Ballarini\",\"Matteo Salvini\",\"Nana Akufo-Addo\",\"Nigrizia\"],\"articleSection\":[\"Africa\",\"Internazionale\",\"Opinioni\",\"Questioni internazionali\"],\"inLanguage\":\"it-IT\"},{\"@type\":\"WebPage\",\"@id\":\"https:\/\/www.pressenza.com\/it\/2018\/11\/ma-salvini-in-ghana-cosa-ci-e-andato-a-fare\/\",\"url\":\"https:\/\/www.pressenza.com\/it\/2018\/11\/ma-salvini-in-ghana-cosa-ci-e-andato-a-fare\/\",\"name\":\"Ma Salvini in Ghana cosa ci \u00e8 andato a fare?\",\"isPartOf\":{\"@id\":\"https:\/\/www.pressenza.com\/it\/#website\"},\"primaryImageOfPage\":{\"@id\":\"https:\/\/www.pressenza.com\/it\/2018\/11\/ma-salvini-in-ghana-cosa-ci-e-andato-a-fare\/#primaryimage\"},\"image\":{\"@id\":\"https:\/\/www.pressenza.com\/it\/2018\/11\/ma-salvini-in-ghana-cosa-ci-e-andato-a-fare\/#primaryimage\"},\"thumbnailUrl\":\"https:\/\/www.pressenza.com\/wp-content\/uploads\/2018\/11\/salvini-ghana.jpg\",\"datePublished\":\"2018-11-17T15:21:55+00:00\",\"dateModified\":\"2018-11-17T15:25:53+00:00\",\"description\":\"Condividendone in pieno il contenuto, riprendiamo questo articolo di\u00a0Gianni Ballarini\u00a0per\u00a0Nigrizia. Chiss\u00e0 se lo stratega della tensione comunicativa\",\"breadcrumb\":{\"@id\":\"https:\/\/www.pressenza.com\/it\/2018\/11\/ma-salvini-in-ghana-cosa-ci-e-andato-a-fare\/#breadcrumb\"},\"inLanguage\":\"it-IT\",\"potentialAction\":[{\"@type\":\"ReadAction\",\"target\":[\"https:\/\/www.pressenza.com\/it\/2018\/11\/ma-salvini-in-ghana-cosa-ci-e-andato-a-fare\/\"]}]},{\"@type\":\"ImageObject\",\"inLanguage\":\"it-IT\",\"@id\":\"https:\/\/www.pressenza.com\/it\/2018\/11\/ma-salvini-in-ghana-cosa-ci-e-andato-a-fare\/#primaryimage\",\"url\":\"https:\/\/www.pressenza.com\/wp-content\/uploads\/2018\/11\/salvini-ghana.jpg\",\"contentUrl\":\"https:\/\/www.pressenza.com\/wp-content\/uploads\/2018\/11\/salvini-ghana.jpg\",\"width\":950,\"height\":580},{\"@type\":\"BreadcrumbList\",\"@id\":\"https:\/\/www.pressenza.com\/it\/2018\/11\/ma-salvini-in-ghana-cosa-ci-e-andato-a-fare\/#breadcrumb\",\"itemListElement\":[{\"@type\":\"ListItem\",\"position\":1,\"name\":\"Accueil\",\"item\":\"https:\/\/www.pressenza.com\/it\/\"},{\"@type\":\"ListItem\",\"position\":2,\"name\":\"Ma Salvini in Ghana cosa ci \u00e8 andato a fare?\"}]},{\"@type\":\"WebSite\",\"@id\":\"https:\/\/www.pressenza.com\/it\/#website\",\"url\":\"https:\/\/www.pressenza.com\/it\/\",\"name\":\"Pressenza\",\"description\":\"Agenzia di Stampa Internazionale\",\"publisher\":{\"@id\":\"https:\/\/www.pressenza.com\/it\/#organization\"},\"potentialAction\":[{\"@type\":\"SearchAction\",\"target\":{\"@type\":\"EntryPoint\",\"urlTemplate\":\"https:\/\/www.pressenza.com\/it\/?s={search_term_string}\"},\"query-input\":{\"@type\":\"PropertyValueSpecification\",\"valueRequired\":true,\"valueName\":\"search_term_string\"}}],\"inLanguage\":\"it-IT\"},{\"@type\":\"Organization\",\"@id\":\"https:\/\/www.pressenza.com\/it\/#organization\",\"name\":\"Pressenza\",\"url\":\"https:\/\/www.pressenza.com\/it\/\",\"logo\":{\"@type\":\"ImageObject\",\"inLanguage\":\"it-IT\",\"@id\":\"https:\/\/www.pressenza.com\/it\/#\/schema\/logo\/image\/\",\"url\":\"https:\/\/www.pressenza.com\/wp-content\/uploads\/2022\/10\/pressenza_logo_200x200.jpg\",\"contentUrl\":\"https:\/\/www.pressenza.com\/wp-content\/uploads\/2022\/10\/pressenza_logo_200x200.jpg\",\"width\":200,\"height\":200,\"caption\":\"Pressenza\"},\"image\":{\"@id\":\"https:\/\/www.pressenza.com\/it\/#\/schema\/logo\/image\/\"},\"sameAs\":[\"https:\/\/www.facebook.com\/PressenzaItalia\",\"https:\/\/x.com\/PressenzaIPA\"]},{\"@type\":\"Person\",\"@id\":\"https:\/\/www.pressenza.com\/it\/#\/schema\/person\/74a77e2f87c0131607f77c4cc61502b5\",\"name\":\"Africa News\",\"description\":\"Un sito internet d\u2019informazione sull\u2019Africa e una testata giornalistica registrata in Italia, presso il Tribunale di Reggio Calabria, a disposizione di tutti gli africani e di tutti gli italiani interessati al continente africano e ai popoli che lo abitano. E\u2019 un progetto innovativo al quale partecipano con il loro lavoro molti africani: reporter, fotografi, blogger e molti altri. Fino a ieri le notizie da e sull\u2019Africa, nel panorama mediatico online Italiano, erano riportate principalmente da testate giornalistiche legate a organizzazioni religiose e\/o ad Ong. Tuttavia, gli africani hanno fatto progressi enormi. Nel settore dei media, per esempio, gli africani hanno costruito importanti siti internet tecnologicamente all\u2019avanguardia. Stanno raccontando al mondo che cosa succede nel loro continente dal vivo, senza mediazioni esterne. Lo stanno facendo sulla rete internet nel proprio paese, dal proprio villaggio. Live 24 ore su 24, 7 giorni su 7. Le notizie riguardanti l\u2019Africa e gli africani non sono pi\u00f9 filtrate da punti di vista stranieri. Inoltre, c\u2019\u00e8 un crescente numero di italiani che ha importanti relazioni di lavoro, e non solo, con gli africani. www.africanews.it\",\"sameAs\":[\"https:\/\/www.facebook.com\/pages\/Africanewsit\/153702190991?ref=ts\",\"https:\/\/x.com\/AfricanewsIT_ES\"],\"url\":\"https:\/\/www.pressenza.com\/it\/author\/africa-news\/\"}]}<\/script>\n<!-- \/ Yoast SEO plugin. -->","yoast_head_json":{"title":"Ma Salvini in Ghana cosa ci \u00e8 andato a fare?","description":"Condividendone in pieno il contenuto, riprendiamo questo articolo di\u00a0Gianni Ballarini\u00a0per\u00a0Nigrizia. Chiss\u00e0 se lo stratega della tensione comunicativa","robots":{"index":"index","follow":"follow","max-snippet":"max-snippet:-1","max-image-preview":"max-image-preview:large","max-video-preview":"max-video-preview:-1"},"canonical":"https:\/\/www.pressenza.com\/it\/2018\/11\/ma-salvini-in-ghana-cosa-ci-e-andato-a-fare\/","og_locale":"it_IT","og_type":"article","og_title":"Ma Salvini in Ghana cosa ci \u00e8 andato a fare?","og_description":"Condividendone in pieno il contenuto, riprendiamo questo articolo di\u00a0Gianni Ballarini\u00a0per\u00a0Nigrizia. Chiss\u00e0 se lo stratega della tensione comunicativa","og_url":"https:\/\/www.pressenza.com\/it\/2018\/11\/ma-salvini-in-ghana-cosa-ci-e-andato-a-fare\/","og_site_name":"Pressenza","article_publisher":"https:\/\/www.facebook.com\/PressenzaItalia","article_author":"https:\/\/www.facebook.com\/pages\/Africanewsit\/153702190991?ref=ts","article_published_time":"2018-11-17T15:21:55+00:00","article_modified_time":"2018-11-17T15:25:53+00:00","og_image":[{"width":950,"height":580,"url":"https:\/\/www.pressenza.com\/wp-content\/uploads\/2018\/11\/salvini-ghana.jpg","type":"image\/jpeg"}],"author":"Africa News","twitter_card":"summary_large_image","twitter_creator":"@AfricanewsIT_ES","twitter_site":"@PressenzaIPA","twitter_misc":{"Scritto da":"Africa News","Tempo di lettura stimato":"3 minuti"},"schema":{"@context":"https:\/\/schema.org","@graph":[{"@type":"Article","@id":"https:\/\/www.pressenza.com\/it\/2018\/11\/ma-salvini-in-ghana-cosa-ci-e-andato-a-fare\/#article","isPartOf":{"@id":"https:\/\/www.pressenza.com\/it\/2018\/11\/ma-salvini-in-ghana-cosa-ci-e-andato-a-fare\/"},"author":{"name":"Africa News","@id":"https:\/\/www.pressenza.com\/it\/#\/schema\/person\/74a77e2f87c0131607f77c4cc61502b5"},"headline":"Ma Salvini in Ghana cosa ci \u00e8 andato a fare?","datePublished":"2018-11-17T15:21:55+00:00","dateModified":"2018-11-17T15:25:53+00:00","mainEntityOfPage":{"@id":"https:\/\/www.pressenza.com\/it\/2018\/11\/ma-salvini-in-ghana-cosa-ci-e-andato-a-fare\/"},"wordCount":664,"publisher":{"@id":"https:\/\/www.pressenza.com\/it\/#organization"},"image":{"@id":"https:\/\/www.pressenza.com\/it\/2018\/11\/ma-salvini-in-ghana-cosa-ci-e-andato-a-fare\/#primaryimage"},"thumbnailUrl":"https:\/\/www.pressenza.com\/wp-content\/uploads\/2018\/11\/salvini-ghana.jpg","keywords":["Ghana","Gianni Ballarini","Matteo Salvini","Nana Akufo-Addo","Nigrizia"],"articleSection":["Africa","Internazionale","Opinioni","Questioni internazionali"],"inLanguage":"it-IT"},{"@type":"WebPage","@id":"https:\/\/www.pressenza.com\/it\/2018\/11\/ma-salvini-in-ghana-cosa-ci-e-andato-a-fare\/","url":"https:\/\/www.pressenza.com\/it\/2018\/11\/ma-salvini-in-ghana-cosa-ci-e-andato-a-fare\/","name":"Ma Salvini in Ghana cosa ci \u00e8 andato a fare?","isPartOf":{"@id":"https:\/\/www.pressenza.com\/it\/#website"},"primaryImageOfPage":{"@id":"https:\/\/www.pressenza.com\/it\/2018\/11\/ma-salvini-in-ghana-cosa-ci-e-andato-a-fare\/#primaryimage"},"image":{"@id":"https:\/\/www.pressenza.com\/it\/2018\/11\/ma-salvini-in-ghana-cosa-ci-e-andato-a-fare\/#primaryimage"},"thumbnailUrl":"https:\/\/www.pressenza.com\/wp-content\/uploads\/2018\/11\/salvini-ghana.jpg","datePublished":"2018-11-17T15:21:55+00:00","dateModified":"2018-11-17T15:25:53+00:00","description":"Condividendone in pieno il contenuto, riprendiamo questo articolo di\u00a0Gianni Ballarini\u00a0per\u00a0Nigrizia. Chiss\u00e0 se lo stratega della tensione comunicativa","breadcrumb":{"@id":"https:\/\/www.pressenza.com\/it\/2018\/11\/ma-salvini-in-ghana-cosa-ci-e-andato-a-fare\/#breadcrumb"},"inLanguage":"it-IT","potentialAction":[{"@type":"ReadAction","target":["https:\/\/www.pressenza.com\/it\/2018\/11\/ma-salvini-in-ghana-cosa-ci-e-andato-a-fare\/"]}]},{"@type":"ImageObject","inLanguage":"it-IT","@id":"https:\/\/www.pressenza.com\/it\/2018\/11\/ma-salvini-in-ghana-cosa-ci-e-andato-a-fare\/#primaryimage","url":"https:\/\/www.pressenza.com\/wp-content\/uploads\/2018\/11\/salvini-ghana.jpg","contentUrl":"https:\/\/www.pressenza.com\/wp-content\/uploads\/2018\/11\/salvini-ghana.jpg","width":950,"height":580},{"@type":"BreadcrumbList","@id":"https:\/\/www.pressenza.com\/it\/2018\/11\/ma-salvini-in-ghana-cosa-ci-e-andato-a-fare\/#breadcrumb","itemListElement":[{"@type":"ListItem","position":1,"name":"Accueil","item":"https:\/\/www.pressenza.com\/it\/"},{"@type":"ListItem","position":2,"name":"Ma Salvini in Ghana cosa ci \u00e8 andato a fare?"}]},{"@type":"WebSite","@id":"https:\/\/www.pressenza.com\/it\/#website","url":"https:\/\/www.pressenza.com\/it\/","name":"Pressenza","description":"Agenzia di Stampa Internazionale","publisher":{"@id":"https:\/\/www.pressenza.com\/it\/#organization"},"potentialAction":[{"@type":"SearchAction","target":{"@type":"EntryPoint","urlTemplate":"https:\/\/www.pressenza.com\/it\/?s={search_term_string}"},"query-input":{"@type":"PropertyValueSpecification","valueRequired":true,"valueName":"search_term_string"}}],"inLanguage":"it-IT"},{"@type":"Organization","@id":"https:\/\/www.pressenza.com\/it\/#organization","name":"Pressenza","url":"https:\/\/www.pressenza.com\/it\/","logo":{"@type":"ImageObject","inLanguage":"it-IT","@id":"https:\/\/www.pressenza.com\/it\/#\/schema\/logo\/image\/","url":"https:\/\/www.pressenza.com\/wp-content\/uploads\/2022\/10\/pressenza_logo_200x200.jpg","contentUrl":"https:\/\/www.pressenza.com\/wp-content\/uploads\/2022\/10\/pressenza_logo_200x200.jpg","width":200,"height":200,"caption":"Pressenza"},"image":{"@id":"https:\/\/www.pressenza.com\/it\/#\/schema\/logo\/image\/"},"sameAs":["https:\/\/www.facebook.com\/PressenzaItalia","https:\/\/x.com\/PressenzaIPA"]},{"@type":"Person","@id":"https:\/\/www.pressenza.com\/it\/#\/schema\/person\/74a77e2f87c0131607f77c4cc61502b5","name":"Africa News","description":"Un sito internet d\u2019informazione sull\u2019Africa e una testata giornalistica registrata in Italia, presso il Tribunale di Reggio Calabria, a disposizione di tutti gli africani e di tutti gli italiani interessati al continente africano e ai popoli che lo abitano. E\u2019 un progetto innovativo al quale partecipano con il loro lavoro molti africani: reporter, fotografi, blogger e molti altri. Fino a ieri le notizie da e sull\u2019Africa, nel panorama mediatico online Italiano, erano riportate principalmente da testate giornalistiche legate a organizzazioni religiose e\/o ad Ong. Tuttavia, gli africani hanno fatto progressi enormi. Nel settore dei media, per esempio, gli africani hanno costruito importanti siti internet tecnologicamente all\u2019avanguardia. Stanno raccontando al mondo che cosa succede nel loro continente dal vivo, senza mediazioni esterne. Lo stanno facendo sulla rete internet nel proprio paese, dal proprio villaggio. Live 24 ore su 24, 7 giorni su 7. Le notizie riguardanti l\u2019Africa e gli africani non sono pi\u00f9 filtrate da punti di vista stranieri. Inoltre, c\u2019\u00e8 un crescente numero di italiani che ha importanti relazioni di lavoro, e non solo, con gli africani. www.africanews.it","sameAs":["https:\/\/www.facebook.com\/pages\/Africanewsit\/153702190991?ref=ts","https:\/\/x.com\/AfricanewsIT_ES"],"url":"https:\/\/www.pressenza.com\/it\/author\/africa-news\/"}]}},"place":"","original_article_url":"","_links":{"self":[{"href":"https:\/\/www.pressenza.com\/it\/wp-json\/wp\/v2\/posts\/756916","targetHints":{"allow":["GET"]}}],"collection":[{"href":"https:\/\/www.pressenza.com\/it\/wp-json\/wp\/v2\/posts"}],"about":[{"href":"https:\/\/www.pressenza.com\/it\/wp-json\/wp\/v2\/types\/post"}],"author":[{"embeddable":true,"href":"https:\/\/www.pressenza.com\/it\/wp-json\/wp\/v2\/users\/588"}],"replies":[{"embeddable":true,"href":"https:\/\/www.pressenza.com\/it\/wp-json\/wp\/v2\/comments?post=756916"}],"version-history":[{"count":0,"href":"https:\/\/www.pressenza.com\/it\/wp-json\/wp\/v2\/posts\/756916\/revisions"}],"wp:featuredmedia":[{"embeddable":true,"href":"https:\/\/www.pressenza.com\/it\/wp-json\/wp\/v2\/media\/756918"}],"wp:attachment":[{"href":"https:\/\/www.pressenza.com\/it\/wp-json\/wp\/v2\/media?parent=756916"}],"wp:term":[{"taxonomy":"category","embeddable":true,"href":"https:\/\/www.pressenza.com\/it\/wp-json\/wp\/v2\/categories?post=756916"},{"taxonomy":"post_tag","embeddable":true,"href":"https:\/\/www.pressenza.com\/it\/wp-json\/wp\/v2\/tags?post=756916"}],"curies":[{"name":"wp","href":"https:\/\/api.w.org\/{rel}","templated":true}]}}