{"id":756634,"date":"2018-11-16T18:58:52","date_gmt":"2018-11-16T18:58:52","guid":{"rendered":"https:\/\/www.pressenza.com\/?p=756634"},"modified":"2018-11-16T18:58:52","modified_gmt":"2018-11-16T18:58:52","slug":"messico-opposizione-degli-zapatisti-al-megaprogetto-del-nuovo-aeroporto-internazionale","status":"publish","type":"post","link":"https:\/\/www.pressenza.com\/it\/2018\/11\/messico-opposizione-degli-zapatisti-al-megaprogetto-del-nuovo-aeroporto-internazionale\/","title":{"rendered":"Messico: opposizione degli zapatisti  al megaprogetto del Nuovo Aeroporto Internazionale"},"content":{"rendered":"<div id=\"m_1845360240318647516yiv8878716958yui_3_16_0_ym19_1_1540901476071_19319\"><span id=\"m_1845360240318647516yiv8878716958yui_3_16_0_ym19_1_1540901476071_19318\">Comunicato congiunto del Congresso Nazionale Indigeno, Consiglio Indigeno di Governo e Esercito Zapatista di Liberazione Nazionale contro il megaprogett del Nuovo Aeroporto Internazionale del Messico (NAIM) ed in appoggio e solidariet\u00e0 con le popolazioni migranti.<\/span><\/div>\n<div id=\"m_1845360240318647516yiv8878716958yui_3_16_0_ym19_1_1540901476071_19291\" class=\"m_1845360240318647516yiv8878716958y_msg_container\">\n<div id=\"m_1845360240318647516yiv8878716958\">\n<div id=\"m_1845360240318647516yiv8878716958yui_3_16_0_ym19_1_1540901476071_19290\">\n<div id=\"m_1845360240318647516yiv8878716958yui_3_16_0_ym19_1_1540901476071_19289\">\n<div id=\"m_1845360240318647516yiv8878716958yui_3_16_0_ym19_1_1540901476071_14995\" class=\"m_1845360240318647516yiv8878716958yahoo_quoted\">\n<div id=\"m_1845360240318647516yiv8878716958yui_3_16_0_ym19_1_1540901476071_14994\">\n<div id=\"m_1845360240318647516yiv8878716958yui_3_16_0_ym19_1_1540901476071_14993\">\n<div id=\"m_1845360240318647516yiv8878716958yui_3_16_0_ym19_1_1540901476071_14997\" class=\"m_1845360240318647516yiv8878716958y_msg_container\">\n<div id=\"m_1845360240318647516yiv8878716958\">\n<div id=\"m_1845360240318647516yiv8878716958yui_3_16_0_ym19_1_1540901476071_19317\"><\/div>\n<div>Al Popolo del Messico<\/div>\n<div>Ai popoli del Mondo<\/div>\n<div>Alla Sexta Nazionale ed Internazionale<\/div>\n<div id=\"m_1845360240318647516yiv8878716958yui_3_16_0_ym19_1_1540901476071_19315\">Alle reti di appoggio al CIG<\/div>\n<div id=\"m_1845360240318647516yiv8878716958yui_3_16_0_ym19_1_1540901476071_14996\">Ai mezzi di comunicazione<\/div>\n<p>&nbsp;<\/p>\n<div class=\"m_1845360240318647516yiv8878716958separator\"><\/div>\n<p>Noi popoli, nazioni, trib\u00f9\u00a0<em>e barrios<\/em>\u00a0del Congresso Nazionale Indigeno ed EZLN, ci rivolgiamo con rispetto al popolo del Messico ed ai popoli originari e contadini che degnamente si oppongono al\u00a0<i>megaprogetto<\/i>\u00a0di morte che chiamano Nuovo Aeroporto Internazionale del Messico (NAIM), i quali senza arrendersi, senza vendersi, n\u00e9 cedere, non hanno lasciato cadere la speranza, che \u00e8 la luce per la quale sogniamo e costruiamo la giustizia.<br clear=\"none\" \/><br clear=\"none\" \/>La nostra parola va rispettosamente anche a coloro che sono obbligati a cercare in altri suoli quello che gli hanno strappato nelle loro geografie; a coloro che migrano alla ricerca di vita, e a coloro che li appoggiano disinteressatamente con i propri mezzi, tempi e modi.<\/p>\n<div><strong>-*-<\/strong><\/div>\n<div><strong>\u00a0<\/strong><\/div>\n<p>Abbiamo visto, seguito e vissuto da vicino la lotta delle comunit\u00e0 del lago di Texcoco e dintorni. Abbiamo visto la loro determinazione, la loro dignit\u00e0 ed il loro dolore che sono stati anche nostri. Non dimentichiamo la repressione di maggio del 2006, la tortura sessuale, l\u2019ingiusto incarceramento dei compagni e delle compagne del Fronte dei Popoli in Difesa della Terra e della Sexta nazionale e internazionale; cos\u00ec come l\u2019omicidio del nostro compagno Ollin Alexis Benhumea e del giovane Francisco Javier Cort\u00e9s Santiago; repressione ordinata allora da Vicente Fox ed Enrique Pe\u00f1a Nieto, con l\u2019avallo ed il plauso di tutto lo spettro politico di sopra, compreso chi oggi si presenta come \u201cil cambiamento\u201d.<br clear=\"none\" \/><br clear=\"none\" \/>Oggi, senza alcuna considerazione per i nostri diritti come popoli originari, i malgoverni dicono di consultare i messicani per sapere se preferiscono l\u2019aeroporto nel Lago di Texcoco o a Santa Luc\u00eda, ma noi pensiamo che entrambe le soluzioni portano alla depredazione dei territori circostanti, alla devastazione ambientale, alla mercificazione della vita comunitaria dalla loro cosiddetta\u00a0<em>aerotropolis<\/em>. Entrambe portano a fare del nostro paese il pezzo necessario che permetta il libero flusso al capitale transnazionale che faciliti l\u2019entrata e l\u2019uscita delle merci, lo sfruttamento di tutto quanto abbiamo a beneficio di pochi. Ognuna delle due opzioni sono dirette ad appoggiare la morte che minaccia l\u2019umanit\u00e0. Ossia, appoggiare il capitalismo neoliberale come boia dei nostri popoli.<br clear=\"none\" \/><br clear=\"none\" \/>I governanti non dovrebbero chiederci di decidere dove mettere il nuovo aeroporto, perch\u00e9 se avessero un po\u2019 di vergogna di fronte ai milioni che subiscono la spoliazione, la povert\u00e0, la repressione, a causa delle quali devono migrare in migliaia di fronte alla distruzione perpetrata in tutto il mondo, davanti alla nostra madre terra che non sopporta pi\u00f9 la grave malattia provocata dal capitalismo, la domanda dovrebbe essere se siamo d\u2019accordo che continuino o no su questa strada che ci sta conducendo, tutte e tutti, alla morte, alla guerra, allo sterminio.<br clear=\"none\" \/><br clear=\"none\" \/>Sappiamo che non lo faranno perch\u00e9 la loro strada \u00e8 il mercato per i potenti che comandano davvero e non per loro. Il NAICM non \u00e8 l\u2019unico pezzo che manca loro per finire di sfigurare questa nazione e dare forma alla tragedia che \u00e8 appena cominciata, per cui la nostra parola ed il nostro appello continueranno ad essere di organizzarci nella resistenza e la ribellione, che sono la lotta per la vita.<br clear=\"none\" \/><br clear=\"none\" \/>Noi popoli originari non possiamo dire s\u00ec al nostro sterminio, anche se il malgoverno finga di fare una consultazione, falsifichi i voti, li compri o li ottenga con l\u2019inganno dal popolo del Messico. L\u2019attacco contro i territori che sostengono la vita e contro la libert\u00e0, non sar\u00e0 in nostro nome.<br clear=\"none\" \/><br clear=\"none\" \/>CNI \u2013 CIG ed EZLN ribadiamo il nostro netto rifiuto alla costruzione del Nuovo Aeroporto del Citt\u00e0 del Messico nel lago di Texcoco o in qualsiasi altro luogo, perch\u00e9 volto a rafforzare il grande capitale, beneficiare pochi magnati come Carlos Slim, Carlos Hank Rhon, Bernardo Quintana e Hip\u00f3lito Gerard Rivero, cognato di Carlos Salinas de Gortari, e qualunque nome che prenda l\u2019idra capitalista; tutti loro basano la loro ricchezza sullo sfruttamento e la sofferenza dei milioni che siamo in basso. Con questa grande opera, come con gli altri\u00a0<i>megaprogetti<\/i>\u00a0imposti nelle nostre geografie, vogliono strappare quello che \u00e8 nostro, a costo della vita di chi si oppone.<br clear=\"none\" \/><br clear=\"none\" \/>Riconosciamo, rispettiamo e salutiamo la lotta di coloro che, seguendo la loro autonomia, decidano di partecipare o no alla presunta consultazione sul NAIM e invitiamo ad unificare gli sforzi, che crescano e si rafforzino, dalla diversit\u00e0 che siamo noi del basso, per fermare la distruzione dei territori originari, rurali ed urbani.<br clear=\"none\" \/><br clear=\"none\" \/><br clear=\"none\" \/><\/p>\n<div><strong>-*-<\/strong><\/div>\n<div><strong>\u00a0<\/strong><\/div>\n<p>Queste opere chiamate\u00a0<i>\u201cmegaprogetti\u201d<\/i>\u00a0non sono altro che parte della guerra del sistema contro tutto, seminano violenza, distruzione e morte in tutto il mondo e costringono le popolazioni coinvolte a migrare alla ricerca della vita che viene strappata loro nei luoghi di origine.<br clear=\"none\" \/><br clear=\"none\" \/>\u00c8 il caso oggi di coloro che emigrano dai territori dell\u2019America Centrale e che vengono attaccati, vessati e calunniati per ordine del Boss che cos\u00ec alimenta l\u2019odio verso la differenza e trae ancora pi\u00f9 profitto dalla tragedia che ha provocato.<br clear=\"none\" \/><br clear=\"none\" \/>Il sistema oggi perseguita ci\u00f2 che ha provocato ieri.<br clear=\"none\" \/><br clear=\"none\" \/>Nel dolore di questi passi \u201cmigranti\u201d cammina il nostro domani se non ci organizziamo in difesa della vita.<br clear=\"none\" \/><br clear=\"none\" \/>Da tempo va l\u2019appoggio, rispetto e solidariet\u00e0 per queste sorelle e fratelli e cos\u00ec seguir\u00e0, anche se con le nostre limitate possibilit\u00e0.<br clear=\"none\" \/><br clear=\"none\" \/>Nei nostri villaggi, nelle nostre case, nelle nostre strade, nei nostri territori, condivideremo, come ieri, oggi e domani, il poco che abbiamo, e riceveranno la parola di incoraggiamento e degna rabbia che allevi i loro passi e li aiuti a proseguire.<br clear=\"none\" \/><br clear=\"none\" \/>Perch\u00e9 il mondo non \u00e8 di propriet\u00e0 di nessuna bandiera.<br clear=\"none\" \/><br clear=\"none\" \/>\u00c8 di tutte, tutti,\u00a0<i>todoas<\/i>, di tutti noi che lo facciamo andare avanti col nostro lavoro, di chi lo fa fiorire, di chi semina vita dove il sistema miete morte, di chi, come i famigliari degli assenti di Ayotzinapa, percorre il mondo alla ricerca della verit\u00e0 e della giustizia, ossia, la vita.<br clear=\"none\" \/><br clear=\"none\" \/><br clear=\"none\" \/><\/p>\n<div>Distintamente.<\/div>\n<div><\/div>\n<div>Ottobre 2018<\/div>\n<div>Mai Pi\u00f9 Un Messico Senza Di Noi<\/div>\n<div>Congresso Nazionale Indigeno<\/div>\n<div id=\"m_1845360240318647516yiv8878716958yui_3_16_0_ym19_1_1540901476071_19472\">Consiglio Indigeno di Governo<\/div>\n<div>Esercito Zapatista di Liberazione Nazionale<\/div>\n<div><\/div>\n<p><em>Traduzione \u201cMaribel\u201d \u2013 Bergamo<\/em><br clear=\"none\" \/><br clear=\"none\" \/><i>Testo originale:\u00a0<a href=\"http:\/\/enlacezapatista.ezln.org.mx\/2018\/10\/26\/comunicado-conjunto-del-cni-el-cig-y-el-ezln-en-rechazo-al-megaproyecto-del-naim-y-en-apoyo-y-solidaridad-con-las-poblaciones-migrantes\/\" target=\"_blank\" rel=\"nofollow noopener\" shape=\"rect\" data-saferedirecturl=\"https:\/\/www.google.com\/url?q=http:\/\/enlacezapatista.ezln.org.mx\/2018\/10\/26\/comunicado-conjunto-del-cni-el-cig-y-el-ezln-en-rechazo-al-megaproyecto-del-naim-y-en-apoyo-y-solidaridad-con-las-poblaciones-migrantes\/&amp;source=gmail&amp;ust=1542476726275000&amp;usg=AFQjCNF5g5K8_3JnNhPOL3UkoZX7axkd9Q\">http:\/\/enlacezapatista.ezln.<wbr \/>org.mx\/2018\/10\/26\/comunicado-<wbr \/>conjunto-del-cni-el-cig-y-el-<wbr \/>ezln-en-rechazo-al-<wbr \/>megaproyecto-del-naim-y-en-<wbr \/>apoyo-y-solidaridad-con-las-<wbr \/>poblaciones-migrantes\/<\/a><\/i><\/p>\n<\/div>\n<\/div>\n<\/div>\n<\/div>\n<\/div>\n<\/div>\n<\/div>\n<\/div>\n<\/div>\n","protected":false},"excerpt":{"rendered":"<p>Comunicato congiunto del Congresso Nazionale Indigeno, Consiglio Indigeno di Governo e Esercito Zapatista di Liberazione Nazionale contro il megaprogett del Nuovo Aeroporto Internazionale del Messico (NAIM) ed in appoggio e solidariet\u00e0 con le popolazioni migranti. Al Popolo del Messico Ai&hellip;<\/p>\n","protected":false},"author":1575,"featured_media":756657,"comment_status":"closed","ping_status":"closed","sticky":false,"template":"","format":"standard","meta":{"footnotes":""},"categories":[20606],"tags":[3297,18992,8423,7963],"class_list":["post-756634","post","type-post","status-publish","format-standard","has-post-thumbnail","hentry","category-non-categorizzato","tag-aereoporto","tag-citta-del-messico","tag-ezln-it","tag-messico"],"yoast_head":"<!-- This site is optimized with the Yoast SEO plugin v27.1.1 - https:\/\/yoast.com\/product\/yoast-seo-wordpress\/ -->\n<title>Messico: opposizione degli zapatisti al megaprogetto del Nuovo Aeroporto Internazionale<\/title>\n<meta name=\"description\" content=\"Comunicato congiunto del Congresso Nazionale Indigeno, Consiglio Indigeno di Governo e Esercito Zapatista di Liberazione Nazionale contro il megaprogett\" \/>\n<meta name=\"robots\" content=\"index, follow, max-snippet:-1, max-image-preview:large, max-video-preview:-1\" \/>\n<link rel=\"canonical\" href=\"https:\/\/www.pressenza.com\/it\/2018\/11\/messico-opposizione-degli-zapatisti-al-megaprogetto-del-nuovo-aeroporto-internazionale\/\" \/>\n<meta property=\"og:locale\" content=\"it_IT\" \/>\n<meta property=\"og:type\" content=\"article\" \/>\n<meta property=\"og:title\" content=\"Messico: opposizione degli zapatisti al megaprogetto del Nuovo Aeroporto Internazionale\" \/>\n<meta property=\"og:description\" content=\"Comunicato congiunto del Congresso Nazionale Indigeno, Consiglio Indigeno di Governo e Esercito Zapatista di Liberazione Nazionale contro il megaprogett\" \/>\n<meta property=\"og:url\" content=\"https:\/\/www.pressenza.com\/it\/2018\/11\/messico-opposizione-degli-zapatisti-al-megaprogetto-del-nuovo-aeroporto-internazionale\/\" \/>\n<meta property=\"og:site_name\" content=\"Pressenza\" \/>\n<meta property=\"article:publisher\" content=\"https:\/\/www.facebook.com\/PressenzaItalia\" \/>\n<meta property=\"article:author\" content=\"https:\/\/www.facebook.com\/cooperazionerebelde.napoli\" \/>\n<meta property=\"article:published_time\" content=\"2018-11-16T18:58:52+00:00\" \/>\n<meta property=\"og:image\" content=\"https:\/\/www.pressenza.com\/wp-content\/uploads\/2018\/11\/yoprefieroellago.jpg\" \/>\n\t<meta property=\"og:image:width\" content=\"700\" \/>\n\t<meta property=\"og:image:height\" content=\"700\" \/>\n\t<meta property=\"og:image:type\" content=\"image\/jpeg\" \/>\n<meta name=\"author\" content=\"Cooperazione Rebelde Napoli\" \/>\n<meta name=\"twitter:card\" content=\"summary_large_image\" \/>\n<meta name=\"twitter:creator\" content=\"@CooperRebeldeNa\" \/>\n<meta name=\"twitter:site\" content=\"@PressenzaIPA\" \/>\n<meta name=\"twitter:label1\" content=\"Scritto da\" \/>\n\t<meta name=\"twitter:data1\" content=\"Cooperazione Rebelde Napoli\" \/>\n\t<meta name=\"twitter:label2\" content=\"Tempo di lettura stimato\" \/>\n\t<meta name=\"twitter:data2\" content=\"5 minuti\" \/>\n<script type=\"application\/ld+json\" class=\"yoast-schema-graph\">{\"@context\":\"https:\/\/schema.org\",\"@graph\":[{\"@type\":\"Article\",\"@id\":\"https:\/\/www.pressenza.com\/it\/2018\/11\/messico-opposizione-degli-zapatisti-al-megaprogetto-del-nuovo-aeroporto-internazionale\/#article\",\"isPartOf\":{\"@id\":\"https:\/\/www.pressenza.com\/it\/2018\/11\/messico-opposizione-degli-zapatisti-al-megaprogetto-del-nuovo-aeroporto-internazionale\/\"},\"author\":{\"name\":\"Cooperazione Rebelde Napoli\",\"@id\":\"https:\/\/www.pressenza.com\/it\/#\/schema\/person\/fc081f89cc1dc419afe0fe2990072e2e\"},\"headline\":\"Messico: opposizione degli zapatisti al megaprogetto del Nuovo Aeroporto Internazionale\",\"datePublished\":\"2018-11-16T18:58:52+00:00\",\"mainEntityOfPage\":{\"@id\":\"https:\/\/www.pressenza.com\/it\/2018\/11\/messico-opposizione-degli-zapatisti-al-megaprogetto-del-nuovo-aeroporto-internazionale\/\"},\"wordCount\":1059,\"publisher\":{\"@id\":\"https:\/\/www.pressenza.com\/it\/#organization\"},\"image\":{\"@id\":\"https:\/\/www.pressenza.com\/it\/2018\/11\/messico-opposizione-degli-zapatisti-al-megaprogetto-del-nuovo-aeroporto-internazionale\/#primaryimage\"},\"thumbnailUrl\":\"https:\/\/www.pressenza.com\/wp-content\/uploads\/2018\/11\/yoprefieroellago.jpg\",\"keywords\":[\"aereoporto\",\"Citt\u00e0 del Messico\",\"EZLN\",\"Messico\"],\"articleSection\":[\"non categorizzato\"],\"inLanguage\":\"it-IT\"},{\"@type\":\"WebPage\",\"@id\":\"https:\/\/www.pressenza.com\/it\/2018\/11\/messico-opposizione-degli-zapatisti-al-megaprogetto-del-nuovo-aeroporto-internazionale\/\",\"url\":\"https:\/\/www.pressenza.com\/it\/2018\/11\/messico-opposizione-degli-zapatisti-al-megaprogetto-del-nuovo-aeroporto-internazionale\/\",\"name\":\"Messico: opposizione degli zapatisti al megaprogetto del Nuovo Aeroporto Internazionale\",\"isPartOf\":{\"@id\":\"https:\/\/www.pressenza.com\/it\/#website\"},\"primaryImageOfPage\":{\"@id\":\"https:\/\/www.pressenza.com\/it\/2018\/11\/messico-opposizione-degli-zapatisti-al-megaprogetto-del-nuovo-aeroporto-internazionale\/#primaryimage\"},\"image\":{\"@id\":\"https:\/\/www.pressenza.com\/it\/2018\/11\/messico-opposizione-degli-zapatisti-al-megaprogetto-del-nuovo-aeroporto-internazionale\/#primaryimage\"},\"thumbnailUrl\":\"https:\/\/www.pressenza.com\/wp-content\/uploads\/2018\/11\/yoprefieroellago.jpg\",\"datePublished\":\"2018-11-16T18:58:52+00:00\",\"description\":\"Comunicato congiunto del Congresso Nazionale Indigeno, Consiglio Indigeno di Governo e Esercito Zapatista di Liberazione Nazionale contro il megaprogett\",\"breadcrumb\":{\"@id\":\"https:\/\/www.pressenza.com\/it\/2018\/11\/messico-opposizione-degli-zapatisti-al-megaprogetto-del-nuovo-aeroporto-internazionale\/#breadcrumb\"},\"inLanguage\":\"it-IT\",\"potentialAction\":[{\"@type\":\"ReadAction\",\"target\":[\"https:\/\/www.pressenza.com\/it\/2018\/11\/messico-opposizione-degli-zapatisti-al-megaprogetto-del-nuovo-aeroporto-internazionale\/\"]}]},{\"@type\":\"ImageObject\",\"inLanguage\":\"it-IT\",\"@id\":\"https:\/\/www.pressenza.com\/it\/2018\/11\/messico-opposizione-degli-zapatisti-al-megaprogetto-del-nuovo-aeroporto-internazionale\/#primaryimage\",\"url\":\"https:\/\/www.pressenza.com\/wp-content\/uploads\/2018\/11\/yoprefieroellago.jpg\",\"contentUrl\":\"https:\/\/www.pressenza.com\/wp-content\/uploads\/2018\/11\/yoprefieroellago.jpg\",\"width\":700,\"height\":700},{\"@type\":\"BreadcrumbList\",\"@id\":\"https:\/\/www.pressenza.com\/it\/2018\/11\/messico-opposizione-degli-zapatisti-al-megaprogetto-del-nuovo-aeroporto-internazionale\/#breadcrumb\",\"itemListElement\":[{\"@type\":\"ListItem\",\"position\":1,\"name\":\"Accueil\",\"item\":\"https:\/\/www.pressenza.com\/it\/\"},{\"@type\":\"ListItem\",\"position\":2,\"name\":\"Messico: opposizione degli zapatisti al megaprogetto del Nuovo Aeroporto Internazionale\"}]},{\"@type\":\"WebSite\",\"@id\":\"https:\/\/www.pressenza.com\/it\/#website\",\"url\":\"https:\/\/www.pressenza.com\/it\/\",\"name\":\"Pressenza\",\"description\":\"Agenzia di Stampa Internazionale\",\"publisher\":{\"@id\":\"https:\/\/www.pressenza.com\/it\/#organization\"},\"potentialAction\":[{\"@type\":\"SearchAction\",\"target\":{\"@type\":\"EntryPoint\",\"urlTemplate\":\"https:\/\/www.pressenza.com\/it\/?s={search_term_string}\"},\"query-input\":{\"@type\":\"PropertyValueSpecification\",\"valueRequired\":true,\"valueName\":\"search_term_string\"}}],\"inLanguage\":\"it-IT\"},{\"@type\":\"Organization\",\"@id\":\"https:\/\/www.pressenza.com\/it\/#organization\",\"name\":\"Pressenza\",\"url\":\"https:\/\/www.pressenza.com\/it\/\",\"logo\":{\"@type\":\"ImageObject\",\"inLanguage\":\"it-IT\",\"@id\":\"https:\/\/www.pressenza.com\/it\/#\/schema\/logo\/image\/\",\"url\":\"https:\/\/www.pressenza.com\/wp-content\/uploads\/2022\/10\/pressenza_logo_200x200.jpg\",\"contentUrl\":\"https:\/\/www.pressenza.com\/wp-content\/uploads\/2022\/10\/pressenza_logo_200x200.jpg\",\"width\":200,\"height\":200,\"caption\":\"Pressenza\"},\"image\":{\"@id\":\"https:\/\/www.pressenza.com\/it\/#\/schema\/logo\/image\/\"},\"sameAs\":[\"https:\/\/www.facebook.com\/PressenzaItalia\",\"https:\/\/x.com\/PressenzaIPA\"]},{\"@type\":\"Person\",\"@id\":\"https:\/\/www.pressenza.com\/it\/#\/schema\/person\/fc081f89cc1dc419afe0fe2990072e2e\",\"name\":\"Cooperazione Rebelde Napoli\",\"description\":\"Siamo nati per essere uno spazio pubblico, aperto, di relazioni tra le comunit\u00e0 e le esperienze, con la pretesa di costruire una diplomazia dal basso, una capacit\u00e0 tra comunit\u00e0 locali di intessere rapporti e intrecciare esperienze, in uno scambio utile in tutte e due i versanti. In questa chiave i progetti che vengono realizzati con le comunit\u00e0 zapatiste, e non solo, si offrono a tutte le realt\u00e0 come strumenti in cui collettivamente, in maniera creativa e sperimentale, mettere in discussione le normali regole delle relazioni internazionali, per affermare nuovi valori e nuove speranze; finora i progetti proposti sono stati, e ancora di pi\u00f9 possono essere, uno spazio di protagonismo attivo nella realizzazione di una \u201cnuova cooperazione internazionale\u201d basata sull\u2019orizzontalit\u00e0 e la condivisione di valori di fondo.\",\"sameAs\":[\"https:\/\/www.yabastanapoli.blogspot.com\",\"https:\/\/www.facebook.com\/cooperazionerebelde.napoli\",\"https:\/\/x.com\/CooperRebeldeNa\"],\"url\":\"https:\/\/www.pressenza.com\/it\/author\/cooperazione-rebelde-napoli\/\"}]}<\/script>\n<!-- \/ Yoast SEO plugin. -->","yoast_head_json":{"title":"Messico: opposizione degli zapatisti al megaprogetto del Nuovo Aeroporto Internazionale","description":"Comunicato congiunto del Congresso Nazionale Indigeno, Consiglio Indigeno di Governo e Esercito Zapatista di Liberazione Nazionale contro il megaprogett","robots":{"index":"index","follow":"follow","max-snippet":"max-snippet:-1","max-image-preview":"max-image-preview:large","max-video-preview":"max-video-preview:-1"},"canonical":"https:\/\/www.pressenza.com\/it\/2018\/11\/messico-opposizione-degli-zapatisti-al-megaprogetto-del-nuovo-aeroporto-internazionale\/","og_locale":"it_IT","og_type":"article","og_title":"Messico: opposizione degli zapatisti al megaprogetto del Nuovo Aeroporto Internazionale","og_description":"Comunicato congiunto del Congresso Nazionale Indigeno, Consiglio Indigeno di Governo e Esercito Zapatista di Liberazione Nazionale contro il megaprogett","og_url":"https:\/\/www.pressenza.com\/it\/2018\/11\/messico-opposizione-degli-zapatisti-al-megaprogetto-del-nuovo-aeroporto-internazionale\/","og_site_name":"Pressenza","article_publisher":"https:\/\/www.facebook.com\/PressenzaItalia","article_author":"https:\/\/www.facebook.com\/cooperazionerebelde.napoli","article_published_time":"2018-11-16T18:58:52+00:00","og_image":[{"width":700,"height":700,"url":"https:\/\/www.pressenza.com\/wp-content\/uploads\/2018\/11\/yoprefieroellago.jpg","type":"image\/jpeg"}],"author":"Cooperazione Rebelde Napoli","twitter_card":"summary_large_image","twitter_creator":"@CooperRebeldeNa","twitter_site":"@PressenzaIPA","twitter_misc":{"Scritto da":"Cooperazione Rebelde Napoli","Tempo di lettura stimato":"5 minuti"},"schema":{"@context":"https:\/\/schema.org","@graph":[{"@type":"Article","@id":"https:\/\/www.pressenza.com\/it\/2018\/11\/messico-opposizione-degli-zapatisti-al-megaprogetto-del-nuovo-aeroporto-internazionale\/#article","isPartOf":{"@id":"https:\/\/www.pressenza.com\/it\/2018\/11\/messico-opposizione-degli-zapatisti-al-megaprogetto-del-nuovo-aeroporto-internazionale\/"},"author":{"name":"Cooperazione Rebelde Napoli","@id":"https:\/\/www.pressenza.com\/it\/#\/schema\/person\/fc081f89cc1dc419afe0fe2990072e2e"},"headline":"Messico: opposizione degli zapatisti al megaprogetto del Nuovo Aeroporto Internazionale","datePublished":"2018-11-16T18:58:52+00:00","mainEntityOfPage":{"@id":"https:\/\/www.pressenza.com\/it\/2018\/11\/messico-opposizione-degli-zapatisti-al-megaprogetto-del-nuovo-aeroporto-internazionale\/"},"wordCount":1059,"publisher":{"@id":"https:\/\/www.pressenza.com\/it\/#organization"},"image":{"@id":"https:\/\/www.pressenza.com\/it\/2018\/11\/messico-opposizione-degli-zapatisti-al-megaprogetto-del-nuovo-aeroporto-internazionale\/#primaryimage"},"thumbnailUrl":"https:\/\/www.pressenza.com\/wp-content\/uploads\/2018\/11\/yoprefieroellago.jpg","keywords":["aereoporto","Citt\u00e0 del Messico","EZLN","Messico"],"articleSection":["non categorizzato"],"inLanguage":"it-IT"},{"@type":"WebPage","@id":"https:\/\/www.pressenza.com\/it\/2018\/11\/messico-opposizione-degli-zapatisti-al-megaprogetto-del-nuovo-aeroporto-internazionale\/","url":"https:\/\/www.pressenza.com\/it\/2018\/11\/messico-opposizione-degli-zapatisti-al-megaprogetto-del-nuovo-aeroporto-internazionale\/","name":"Messico: opposizione degli zapatisti al megaprogetto del Nuovo Aeroporto Internazionale","isPartOf":{"@id":"https:\/\/www.pressenza.com\/it\/#website"},"primaryImageOfPage":{"@id":"https:\/\/www.pressenza.com\/it\/2018\/11\/messico-opposizione-degli-zapatisti-al-megaprogetto-del-nuovo-aeroporto-internazionale\/#primaryimage"},"image":{"@id":"https:\/\/www.pressenza.com\/it\/2018\/11\/messico-opposizione-degli-zapatisti-al-megaprogetto-del-nuovo-aeroporto-internazionale\/#primaryimage"},"thumbnailUrl":"https:\/\/www.pressenza.com\/wp-content\/uploads\/2018\/11\/yoprefieroellago.jpg","datePublished":"2018-11-16T18:58:52+00:00","description":"Comunicato congiunto del Congresso Nazionale Indigeno, Consiglio Indigeno di Governo e Esercito Zapatista di Liberazione Nazionale contro il megaprogett","breadcrumb":{"@id":"https:\/\/www.pressenza.com\/it\/2018\/11\/messico-opposizione-degli-zapatisti-al-megaprogetto-del-nuovo-aeroporto-internazionale\/#breadcrumb"},"inLanguage":"it-IT","potentialAction":[{"@type":"ReadAction","target":["https:\/\/www.pressenza.com\/it\/2018\/11\/messico-opposizione-degli-zapatisti-al-megaprogetto-del-nuovo-aeroporto-internazionale\/"]}]},{"@type":"ImageObject","inLanguage":"it-IT","@id":"https:\/\/www.pressenza.com\/it\/2018\/11\/messico-opposizione-degli-zapatisti-al-megaprogetto-del-nuovo-aeroporto-internazionale\/#primaryimage","url":"https:\/\/www.pressenza.com\/wp-content\/uploads\/2018\/11\/yoprefieroellago.jpg","contentUrl":"https:\/\/www.pressenza.com\/wp-content\/uploads\/2018\/11\/yoprefieroellago.jpg","width":700,"height":700},{"@type":"BreadcrumbList","@id":"https:\/\/www.pressenza.com\/it\/2018\/11\/messico-opposizione-degli-zapatisti-al-megaprogetto-del-nuovo-aeroporto-internazionale\/#breadcrumb","itemListElement":[{"@type":"ListItem","position":1,"name":"Accueil","item":"https:\/\/www.pressenza.com\/it\/"},{"@type":"ListItem","position":2,"name":"Messico: opposizione degli zapatisti al megaprogetto del Nuovo Aeroporto Internazionale"}]},{"@type":"WebSite","@id":"https:\/\/www.pressenza.com\/it\/#website","url":"https:\/\/www.pressenza.com\/it\/","name":"Pressenza","description":"Agenzia di Stampa Internazionale","publisher":{"@id":"https:\/\/www.pressenza.com\/it\/#organization"},"potentialAction":[{"@type":"SearchAction","target":{"@type":"EntryPoint","urlTemplate":"https:\/\/www.pressenza.com\/it\/?s={search_term_string}"},"query-input":{"@type":"PropertyValueSpecification","valueRequired":true,"valueName":"search_term_string"}}],"inLanguage":"it-IT"},{"@type":"Organization","@id":"https:\/\/www.pressenza.com\/it\/#organization","name":"Pressenza","url":"https:\/\/www.pressenza.com\/it\/","logo":{"@type":"ImageObject","inLanguage":"it-IT","@id":"https:\/\/www.pressenza.com\/it\/#\/schema\/logo\/image\/","url":"https:\/\/www.pressenza.com\/wp-content\/uploads\/2022\/10\/pressenza_logo_200x200.jpg","contentUrl":"https:\/\/www.pressenza.com\/wp-content\/uploads\/2022\/10\/pressenza_logo_200x200.jpg","width":200,"height":200,"caption":"Pressenza"},"image":{"@id":"https:\/\/www.pressenza.com\/it\/#\/schema\/logo\/image\/"},"sameAs":["https:\/\/www.facebook.com\/PressenzaItalia","https:\/\/x.com\/PressenzaIPA"]},{"@type":"Person","@id":"https:\/\/www.pressenza.com\/it\/#\/schema\/person\/fc081f89cc1dc419afe0fe2990072e2e","name":"Cooperazione Rebelde Napoli","description":"Siamo nati per essere uno spazio pubblico, aperto, di relazioni tra le comunit\u00e0 e le esperienze, con la pretesa di costruire una diplomazia dal basso, una capacit\u00e0 tra comunit\u00e0 locali di intessere rapporti e intrecciare esperienze, in uno scambio utile in tutte e due i versanti. In questa chiave i progetti che vengono realizzati con le comunit\u00e0 zapatiste, e non solo, si offrono a tutte le realt\u00e0 come strumenti in cui collettivamente, in maniera creativa e sperimentale, mettere in discussione le normali regole delle relazioni internazionali, per affermare nuovi valori e nuove speranze; finora i progetti proposti sono stati, e ancora di pi\u00f9 possono essere, uno spazio di protagonismo attivo nella realizzazione di una \u201cnuova cooperazione internazionale\u201d basata sull\u2019orizzontalit\u00e0 e la condivisione di valori di fondo.","sameAs":["https:\/\/www.yabastanapoli.blogspot.com","https:\/\/www.facebook.com\/cooperazionerebelde.napoli","https:\/\/x.com\/CooperRebeldeNa"],"url":"https:\/\/www.pressenza.com\/it\/author\/cooperazione-rebelde-napoli\/"}]}},"place":"","original_article_url":"","_links":{"self":[{"href":"https:\/\/www.pressenza.com\/it\/wp-json\/wp\/v2\/posts\/756634","targetHints":{"allow":["GET"]}}],"collection":[{"href":"https:\/\/www.pressenza.com\/it\/wp-json\/wp\/v2\/posts"}],"about":[{"href":"https:\/\/www.pressenza.com\/it\/wp-json\/wp\/v2\/types\/post"}],"author":[{"embeddable":true,"href":"https:\/\/www.pressenza.com\/it\/wp-json\/wp\/v2\/users\/1575"}],"replies":[{"embeddable":true,"href":"https:\/\/www.pressenza.com\/it\/wp-json\/wp\/v2\/comments?post=756634"}],"version-history":[{"count":0,"href":"https:\/\/www.pressenza.com\/it\/wp-json\/wp\/v2\/posts\/756634\/revisions"}],"wp:featuredmedia":[{"embeddable":true,"href":"https:\/\/www.pressenza.com\/it\/wp-json\/wp\/v2\/media\/756657"}],"wp:attachment":[{"href":"https:\/\/www.pressenza.com\/it\/wp-json\/wp\/v2\/media?parent=756634"}],"wp:term":[{"taxonomy":"category","embeddable":true,"href":"https:\/\/www.pressenza.com\/it\/wp-json\/wp\/v2\/categories?post=756634"},{"taxonomy":"post_tag","embeddable":true,"href":"https:\/\/www.pressenza.com\/it\/wp-json\/wp\/v2\/tags?post=756634"}],"curies":[{"name":"wp","href":"https:\/\/api.w.org\/{rel}","templated":true}]}}