{"id":755642,"date":"2018-11-14T20:26:24","date_gmt":"2018-11-14T20:26:24","guid":{"rendered":"https:\/\/www.pressenza.com\/?p=755642"},"modified":"2018-11-15T21:41:23","modified_gmt":"2018-11-15T21:41:23","slug":"crescono-le-adesioni-alla-manifestazione-del-1-dicembre-contro-i-cpr-e-il-decreto-salvini","status":"publish","type":"post","link":"https:\/\/www.pressenza.com\/it\/2018\/11\/crescono-le-adesioni-alla-manifestazione-del-1-dicembre-contro-i-cpr-e-il-decreto-salvini\/","title":{"rendered":"Crescono le adesioni alla manifestazione del 1\u00b0 dicembre contro i CPR e il decreto Salvini"},"content":{"rendered":"<p>Sabato 1\u00b0 dicembre manifestiamo contro la chiusura del centro di accoglienza di via Corelli, che lascia sulla strada i suoi abitanti e senza lavoro i suoi operatori e la minaccia di trasformarlo nuovamente in un centro di detenzione per migranti.<\/p>\n<p>Punire col carcere una persona non per le azioni che ha commesso, ma per una condizione che non ha scelto come la nazionalit\u00e0, \u00e8 un orrore giuridico che distrugge i principi di eguaglianza davanti alla legge e di responsabilit\u00e0 personale; eppure da quando nel 1998 la legge Turco-Napolitano introdusse per la prima volta la detenzione amministrativa, cio\u00e8 non conseguente a fatti penali, questo orrore \u00e8 realt\u00e0 anche nel nostro paese.<\/p>\n<p>Vent&#8217;anni dopo, \u00e8 doveroso chiedersi che frutti ha portato la scelta di una politica di chiusura, basata sulla finzione della gestione dei flussi migratori e il controllo poliziesco delle persone migranti: ha davvero messo sotto controllo le migrazioni? Aumentato il benessere degli e delle abitanti di questo paese? Reso pi\u00f9 giusta e salda la costruzione europea? Fermato la minaccia del terrorismo o l&#8217;emergere del razzismo?<\/p>\n<p>Sono stati invece vent&#8217;anni di trattamenti inumani e degradanti. Questo lo attestano anche le due condanne della Corte Europea per i Diritti Umani e la recentissima denuncia del garante per i detenuti, nonch\u00e9 le rivolte e i gesti di protesta spesso estremi, come ad esempio le bocche cucite col fil di ferro al CIE di Roma.<\/p>\n<p>Purtroppo l\u2019indignazione pubblica non ha avuto come conseguenza dei reali cambiamenti. \u00c8 ora di affrontare la realt\u00e0: questa politica di gestione dell&#8217;immigrazione, perseguita a livello italiano ed europeo da governi di diverso colore politico con ostinata miopia, \u00e8 stata un totale fallimento.<\/p>\n<p>In questo senso riteniamo che gli ex CIE, ribattezzati dallo scorso governo CPR, siano la punta dell\u2019iceberg di un insieme di leggi liberticide che si sono dimostrate un totale fallimento da qualsiasi prospettiva le si voglia affrontare. Il recente decreto Salvini si pone in continuit\u00e0 con quanto compiuto negli scorsi vent\u2019anni, alimentando il circuito negativo che relega oggi centinaia di migliaia di persone al di fuori di uno stato di diritto, precarizzando ulteriormente la vita di chi \u00e8 immigrato in Italia con quella che di fatto \u00e8 la negazione di diritti che dovrebbero essere garantiti dalla Costituzione a tutti coloro che vivono in Italia.<\/p>\n<p>Per riaprire una via verso un futuro di pace e benessere per il nostro paese e per l&#8217;Europa intera non c&#8217;\u00e8 altra via che ribaltare il piano di discussione pubblica attorno alle migrazioni, che tra talk show televisivi, social network e una sfrontata retorica xenofoba e razzista di molti leader politici italiani ed europei ha creato il mostro che oggi ci ritroviamo ad affrontare. Quello che sta accadendo sulla pelle degli immigrati oggi non \u00e8 nient\u2019altro che un trampolino di lancio per quello che un domani potr\u00e0 essere applicato a tutti e tutte.<\/p>\n<p>Cambiamo questo approccio ora, partendo dall\u2019apice di tutte le contraddizioni, impedendo che queste carceri per innocenti vengano riaperte e facendo chiudere quelle esistenti. L\u2019indignazione non basta pi\u00f9: <strong>il 1\u00b0 dicembre invitiamo tutte le associazioni, i cittadini, i comitati, i collettivi, i sindacati e i partiti a partecipare a una grande manifestazione che, partendo da piazza Piola alle 14,30 termini di fronte a quello che vogliono trasformare in Lager.<\/strong><\/p>\n<p>Per aderire mandare una mail a <a href=\"mailto:noaicpr@gmail.com\">noaicpr@gmail.com<\/a><\/p>\n<p>Hanno aderito finora:<\/p>\n<div class=\"adn ads\" data-message-id=\"#msg-a:r3514839177045262146\" data-legacy-message-id=\"167191631c433ffa\">\n<div class=\"gs\">\n<div class=\"\">\n<div id=\":mj\" class=\"ii gt\">\n<div id=\":mi\" class=\"a3s aXjCH \" tabindex=\"-1\" role=\"gridcell\">\n<div dir=\"auto\">\n<div dir=\"auto\">Accesso Cooperativa Sociale<\/div>\n<div dir=\"auto\">AccoglierSi<\/div>\n<div dir=\"auto\">Altra Europa\/Como<\/div>\n<div dir=\"auto\">Amici del Parco Trotter<\/div>\n<div dir=\"auto\">Antigone Lombardia<\/div>\n<div dir=\"auto\">ANPI sez. &#8220;Luigi Conti&#8221; &#8211;\u00a0 Monguzzo Territorio Erbese<\/div>\n<div dir=\"auto\">Arci Como<\/div>\n<div dir=\"auto\">Arci Milano<\/div>\n<div dir=\"auto\">Arci Lombardia<\/div>\n<div dir=\"auto\">Associazione di Amicizia Italia-Cuba circolo di Milano<\/div>\n<div dir=\"auto\">Associazione per i Diritti umani<\/div>\n<div dir=\"auto\">Associazione Todo Cambia<\/div>\n<div dir=\"auto\">Bergamo Migrante Antirazzista<\/div>\n<div dir=\"auto\">Camera del Lavoro di Milano<\/div>\n<div dir=\"auto\">Campagna LasciateCIEntrare<\/div>\n<div dir=\"auto\">Cantiere<\/div>\n<div dir=\"auto\">Casa Sherwood<\/div>\n<div dir=\"auto\">Casc Lambrate<\/div>\n<div dir=\"auto\">Centro di Iniziativa Proletaria &#8220;G. Taqarelli&#8221;<\/div>\n<div dir=\"auto\">CiSiamo<\/div>\n<div dir=\"auto\">Collettivo Ambrosia<\/div>\n<div dir=\"auto\">Comitato Abitanti di Sansiro<\/div>\n<div dir=\"auto\">Comitato Lombardo antifascista<\/div>\n<div dir=\"auto\">Comitato Milanese Acquapubblica<\/div>\n<div dir=\"auto\">Comitato per la liberazione di Leonard Peltier &#8211; Milano<\/div>\n<div dir=\"auto\">Como Senza Frontiere<\/div>\n<div dir=\"auto\">Cooperativa Garabombo<\/div>\n<div dir=\"auto\">Coordinamento dei Collettivi Studenteschi<\/div>\n<div dir=\"auto\">Coro Voci di Donne<\/div>\n<div dir=\"auto\">Costituzione Beni Comuni<\/div>\n<div dir=\"auto\">Diem 25 milano<\/div>\n<div dir=\"auto\">Fuori Luogo<\/div>\n<div dir=\"auto\">Giovani Comunisti\/e Como<\/div>\n<div dir=\"auto\">Glamourga<\/div>\n<div dir=\"auto\">Hopeball<\/div>\n<div dir=\"auto\">Kascina Autogestita Popolare Angelica &#8220;Cocca&#8221; Casile<\/div>\n<div dir=\"auto\">Lambretta<\/div>\n<div dir=\"auto\">La Prossima Como<\/div>\n<div dir=\"auto\">Lato B<\/div>\n<div dir=\"auto\">Lavocedelmigrante<\/div>\n<div dir=\"auto\">Lume<\/div>\n<div dir=\"auto\">Mediterraneo Antirazzista Milano<\/div>\n<div dir=\"auto\">Memoria Antifascista<\/div>\n<div dir=\"auto\">Milano in Comune<\/div>\n<div dir=\"auto\">Milano in Movimento<\/div>\n<div dir=\"auto\">Milano Senza Frontiere<\/div>\n<div dir=\"auto\">Missionari Comboniani Venegono Superiore<\/div>\n<div dir=\"auto\">Mshikamano<\/div>\n<div dir=\"auto\">Naga Onlus<\/div>\n<div dir=\"auto\">Osservatorio Democratico sulle nuove destre<\/div>\n<div dir=\"auto\">Osservatorio novarese sulle nuove destre<\/div>\n<div dir=\"auto\">Pac\u00ec Paciana<\/div>\n<div dir=\"auto\">Parallelo Palestina<\/div>\n<div dir=\"auto\">Partito della Rifondazione Comunista Bergamo<\/div>\n<div dir=\"auto\">Partito della Rifondazione Comunista\/SE &#8211; Federazione Provinciale Como<\/div>\n<div dir=\"auto\">Partito della Rifondazione Comunista Lombardia<\/div>\n<div dir=\"auto\">Partito della Rifondazione Comunista Milano<\/div>\n<div dir=\"auto\">Possibile Milano<\/div>\n<div dir=\"auto\">Pressenza<\/div>\n<div dir=\"auto\">Progetto 20K<\/div>\n<div dir=\"auto\">Refugees Welcome<\/div>\n<div dir=\"auto\">Rete della Conoscenza<\/div>\n<div dir=\"auto\">Rete della Conoscenza Milano<\/div>\n<div dir=\"auto\">Rete Studenti Milano<\/div>\n<div dir=\"auto\">Ri-Make<\/div>\n<div dir=\"auto\">Rob de Mat<\/div>\n<div dir=\"auto\">Sentinelli di Milano<\/div>\n<div dir=\"auto\">Sinistra Anticapitalista<\/div>\n<div dir=\"auto\">Sinistra Italiana Como<\/div>\n<div dir=\"auto\">St. Ambroeus<\/div>\n<div dir=\"auto\">Studenti Indipendenti Statale<\/div>\n<div dir=\"auto\">The Submarine<\/div>\n<div dir=\"auto\">Unione degli Studenti di Como<\/div>\n<div dir=\"auto\">Unione degli Studenti Lombardia<\/div>\n<div dir=\"auto\">Unione Inquilini Bergamo<\/div>\n<div dir=\"auto\">Via Padova via del Mondo<\/div>\n<div dir=\"auto\">We want to play<\/div>\n<div dir=\"auto\">ZAM<\/div>\n<div dir=\"auto\">ZIP<\/div>\n<div dir=\"auto\">Zona 8 Solidale<\/div>\n<\/div>\n<div class=\"yj6qo\"><\/div>\n<div class=\"adL\"><\/div>\n<\/div>\n<\/div>\n<div class=\"hi\"><\/div>\n<\/div>\n<\/div>\n<div class=\"ajx\"><\/div>\n<\/div>\n<div class=\"gA gt acV\">\n<div class=\"gB xu\">\n<div class=\"ip iq\"><\/div>\n<\/div>\n<\/div>\n","protected":false},"excerpt":{"rendered":"<p>Sabato 1\u00b0 dicembre manifestiamo contro la chiusura del centro di accoglienza di via Corelli, che lascia sulla strada i suoi abitanti e senza lavoro i suoi operatori e la minaccia di trasformarlo nuovamente in un centro di detenzione per migranti.&hellip;<\/p>\n","protected":false},"author":594,"featured_media":755647,"comment_status":"closed","ping_status":"closed","sticky":false,"template":"","format":"standard","meta":{"footnotes":""},"categories":[60,47,55],"tags":[34377,50215,51780,1173],"class_list":["post-755642","post","type-post","status-publish","format-standard","has-post-thumbnail","hentry","category-diritti-umani","category-europa","category-politica","tag-cpr","tag-decreto-salvini","tag-manifestazione-del-1-dicembre","tag-razzismo"],"yoast_head":"<!-- This site is optimized with the Yoast SEO plugin v27.1.1 - https:\/\/yoast.com\/product\/yoast-seo-wordpress\/ -->\n<title>Crescono le adesioni alla manifestazione del 1\u00b0 dicembre contro i CPR e il decreto Salvini<\/title>\n<meta name=\"description\" content=\"Sabato 1\u00b0 dicembre manifestiamo contro la chiusura del centro di accoglienza di via Corelli, che lascia sulla strada i suoi abitanti e senza lavoro i suoi\" \/>\n<meta name=\"robots\" content=\"index, follow, max-snippet:-1, max-image-preview:large, max-video-preview:-1\" \/>\n<link rel=\"canonical\" href=\"https:\/\/www.pressenza.com\/it\/2018\/11\/crescono-le-adesioni-alla-manifestazione-del-1-dicembre-contro-i-cpr-e-il-decreto-salvini\/\" \/>\n<meta property=\"og:locale\" content=\"it_IT\" \/>\n<meta property=\"og:type\" content=\"article\" \/>\n<meta property=\"og:title\" content=\"Crescono le adesioni alla manifestazione del 1\u00b0 dicembre contro i CPR e il decreto Salvini\" \/>\n<meta property=\"og:description\" content=\"Sabato 1\u00b0 dicembre manifestiamo contro la chiusura del centro di accoglienza di via Corelli, che lascia sulla strada i suoi abitanti e senza lavoro i suoi\" \/>\n<meta property=\"og:url\" content=\"https:\/\/www.pressenza.com\/it\/2018\/11\/crescono-le-adesioni-alla-manifestazione-del-1-dicembre-contro-i-cpr-e-il-decreto-salvini\/\" \/>\n<meta property=\"og:site_name\" content=\"Pressenza\" \/>\n<meta property=\"article:publisher\" content=\"https:\/\/www.facebook.com\/PressenzaItalia\" \/>\n<meta property=\"article:author\" content=\"https:\/\/www.facebook.com\/PressenzaItalia\" \/>\n<meta property=\"article:published_time\" content=\"2018-11-14T20:26:24+00:00\" \/>\n<meta property=\"article:modified_time\" content=\"2018-11-15T21:41:23+00:00\" \/>\n<meta property=\"og:image\" content=\"https:\/\/www.pressenza.com\/wp-content\/uploads\/2018\/11\/1-dicembre-no-lager.jpg\" \/>\n\t<meta property=\"og:image:width\" content=\"820\" \/>\n\t<meta property=\"og:image:height\" content=\"462\" \/>\n\t<meta property=\"og:image:type\" content=\"image\/jpeg\" \/>\n<meta name=\"author\" content=\"Redazione Italia\" \/>\n<meta name=\"twitter:card\" content=\"summary_large_image\" \/>\n<meta name=\"twitter:creator\" content=\"@pressenza_it\" \/>\n<meta name=\"twitter:site\" content=\"@PressenzaIPA\" \/>\n<meta name=\"twitter:label1\" content=\"Scritto da\" \/>\n\t<meta name=\"twitter:data1\" content=\"Redazione Italia\" \/>\n\t<meta name=\"twitter:label2\" content=\"Tempo di lettura stimato\" \/>\n\t<meta name=\"twitter:data2\" content=\"4 minuti\" \/>\n<script type=\"application\/ld+json\" class=\"yoast-schema-graph\">{\"@context\":\"https:\/\/schema.org\",\"@graph\":[{\"@type\":\"Article\",\"@id\":\"https:\/\/www.pressenza.com\/it\/2018\/11\/crescono-le-adesioni-alla-manifestazione-del-1-dicembre-contro-i-cpr-e-il-decreto-salvini\/#article\",\"isPartOf\":{\"@id\":\"https:\/\/www.pressenza.com\/it\/2018\/11\/crescono-le-adesioni-alla-manifestazione-del-1-dicembre-contro-i-cpr-e-il-decreto-salvini\/\"},\"author\":{\"name\":\"Redazione Italia\",\"@id\":\"https:\/\/www.pressenza.com\/it\/#\/schema\/person\/d983e81827ae24f2c7b1a2123d197f8d\"},\"headline\":\"Crescono le adesioni alla manifestazione del 1\u00b0 dicembre contro i CPR e il decreto Salvini\",\"datePublished\":\"2018-11-14T20:26:24+00:00\",\"dateModified\":\"2018-11-15T21:41:23+00:00\",\"mainEntityOfPage\":{\"@id\":\"https:\/\/www.pressenza.com\/it\/2018\/11\/crescono-le-adesioni-alla-manifestazione-del-1-dicembre-contro-i-cpr-e-il-decreto-salvini\/\"},\"wordCount\":808,\"publisher\":{\"@id\":\"https:\/\/www.pressenza.com\/it\/#organization\"},\"image\":{\"@id\":\"https:\/\/www.pressenza.com\/it\/2018\/11\/crescono-le-adesioni-alla-manifestazione-del-1-dicembre-contro-i-cpr-e-il-decreto-salvini\/#primaryimage\"},\"thumbnailUrl\":\"https:\/\/www.pressenza.com\/wp-content\/uploads\/2018\/11\/1-dicembre-no-lager.jpg\",\"keywords\":[\"CPR\",\"decreto Salvini\",\"manifestazione del 1\u00b0 dicembre\",\"razzismo\"],\"articleSection\":[\"Diritti Umani\",\"Europa\",\"Politica\"],\"inLanguage\":\"it-IT\"},{\"@type\":\"WebPage\",\"@id\":\"https:\/\/www.pressenza.com\/it\/2018\/11\/crescono-le-adesioni-alla-manifestazione-del-1-dicembre-contro-i-cpr-e-il-decreto-salvini\/\",\"url\":\"https:\/\/www.pressenza.com\/it\/2018\/11\/crescono-le-adesioni-alla-manifestazione-del-1-dicembre-contro-i-cpr-e-il-decreto-salvini\/\",\"name\":\"Crescono le adesioni alla manifestazione del 1\u00b0 dicembre contro i CPR e il decreto Salvini\",\"isPartOf\":{\"@id\":\"https:\/\/www.pressenza.com\/it\/#website\"},\"primaryImageOfPage\":{\"@id\":\"https:\/\/www.pressenza.com\/it\/2018\/11\/crescono-le-adesioni-alla-manifestazione-del-1-dicembre-contro-i-cpr-e-il-decreto-salvini\/#primaryimage\"},\"image\":{\"@id\":\"https:\/\/www.pressenza.com\/it\/2018\/11\/crescono-le-adesioni-alla-manifestazione-del-1-dicembre-contro-i-cpr-e-il-decreto-salvini\/#primaryimage\"},\"thumbnailUrl\":\"https:\/\/www.pressenza.com\/wp-content\/uploads\/2018\/11\/1-dicembre-no-lager.jpg\",\"datePublished\":\"2018-11-14T20:26:24+00:00\",\"dateModified\":\"2018-11-15T21:41:23+00:00\",\"description\":\"Sabato 1\u00b0 dicembre manifestiamo contro la chiusura del centro di accoglienza di via Corelli, che lascia sulla strada i suoi abitanti e senza lavoro i suoi\",\"breadcrumb\":{\"@id\":\"https:\/\/www.pressenza.com\/it\/2018\/11\/crescono-le-adesioni-alla-manifestazione-del-1-dicembre-contro-i-cpr-e-il-decreto-salvini\/#breadcrumb\"},\"inLanguage\":\"it-IT\",\"potentialAction\":[{\"@type\":\"ReadAction\",\"target\":[\"https:\/\/www.pressenza.com\/it\/2018\/11\/crescono-le-adesioni-alla-manifestazione-del-1-dicembre-contro-i-cpr-e-il-decreto-salvini\/\"]}]},{\"@type\":\"ImageObject\",\"inLanguage\":\"it-IT\",\"@id\":\"https:\/\/www.pressenza.com\/it\/2018\/11\/crescono-le-adesioni-alla-manifestazione-del-1-dicembre-contro-i-cpr-e-il-decreto-salvini\/#primaryimage\",\"url\":\"https:\/\/www.pressenza.com\/wp-content\/uploads\/2018\/11\/1-dicembre-no-lager.jpg\",\"contentUrl\":\"https:\/\/www.pressenza.com\/wp-content\/uploads\/2018\/11\/1-dicembre-no-lager.jpg\",\"width\":820,\"height\":462},{\"@type\":\"BreadcrumbList\",\"@id\":\"https:\/\/www.pressenza.com\/it\/2018\/11\/crescono-le-adesioni-alla-manifestazione-del-1-dicembre-contro-i-cpr-e-il-decreto-salvini\/#breadcrumb\",\"itemListElement\":[{\"@type\":\"ListItem\",\"position\":1,\"name\":\"Accueil\",\"item\":\"https:\/\/www.pressenza.com\/it\/\"},{\"@type\":\"ListItem\",\"position\":2,\"name\":\"Crescono le adesioni alla manifestazione del 1\u00b0 dicembre contro i CPR e il decreto Salvini\"}]},{\"@type\":\"WebSite\",\"@id\":\"https:\/\/www.pressenza.com\/it\/#website\",\"url\":\"https:\/\/www.pressenza.com\/it\/\",\"name\":\"Pressenza\",\"description\":\"Agenzia di Stampa Internazionale\",\"publisher\":{\"@id\":\"https:\/\/www.pressenza.com\/it\/#organization\"},\"potentialAction\":[{\"@type\":\"SearchAction\",\"target\":{\"@type\":\"EntryPoint\",\"urlTemplate\":\"https:\/\/www.pressenza.com\/it\/?s={search_term_string}\"},\"query-input\":{\"@type\":\"PropertyValueSpecification\",\"valueRequired\":true,\"valueName\":\"search_term_string\"}}],\"inLanguage\":\"it-IT\"},{\"@type\":\"Organization\",\"@id\":\"https:\/\/www.pressenza.com\/it\/#organization\",\"name\":\"Pressenza\",\"url\":\"https:\/\/www.pressenza.com\/it\/\",\"logo\":{\"@type\":\"ImageObject\",\"inLanguage\":\"it-IT\",\"@id\":\"https:\/\/www.pressenza.com\/it\/#\/schema\/logo\/image\/\",\"url\":\"https:\/\/www.pressenza.com\/wp-content\/uploads\/2022\/10\/pressenza_logo_200x200.jpg\",\"contentUrl\":\"https:\/\/www.pressenza.com\/wp-content\/uploads\/2022\/10\/pressenza_logo_200x200.jpg\",\"width\":200,\"height\":200,\"caption\":\"Pressenza\"},\"image\":{\"@id\":\"https:\/\/www.pressenza.com\/it\/#\/schema\/logo\/image\/\"},\"sameAs\":[\"https:\/\/www.facebook.com\/PressenzaItalia\",\"https:\/\/x.com\/PressenzaIPA\"]},{\"@type\":\"Person\",\"@id\":\"https:\/\/www.pressenza.com\/it\/#\/schema\/person\/d983e81827ae24f2c7b1a2123d197f8d\",\"name\":\"Redazione Italia\",\"description\":\"News from the Pressenza Bureau in Italy\",\"sameAs\":[\"https:\/\/www.pressenza.com\/it\/author\/redazione-italia\/\",\"https:\/\/www.facebook.com\/PressenzaItalia\",\"https:\/\/www.instagram.com\/pressenza_italia\/\",\"https:\/\/x.com\/pressenza_it\",\"https:\/\/www.youtube.com\/channel\/UCSalEIWjE1RSxkwjfftFuqg\"],\"url\":\"https:\/\/www.pressenza.com\/it\/author\/redazione-italia\/\"}]}<\/script>\n<!-- \/ Yoast SEO plugin. -->","yoast_head_json":{"title":"Crescono le adesioni alla manifestazione del 1\u00b0 dicembre contro i CPR e il decreto Salvini","description":"Sabato 1\u00b0 dicembre manifestiamo contro la chiusura del centro di accoglienza di via Corelli, che lascia sulla strada i suoi abitanti e senza lavoro i suoi","robots":{"index":"index","follow":"follow","max-snippet":"max-snippet:-1","max-image-preview":"max-image-preview:large","max-video-preview":"max-video-preview:-1"},"canonical":"https:\/\/www.pressenza.com\/it\/2018\/11\/crescono-le-adesioni-alla-manifestazione-del-1-dicembre-contro-i-cpr-e-il-decreto-salvini\/","og_locale":"it_IT","og_type":"article","og_title":"Crescono le adesioni alla manifestazione del 1\u00b0 dicembre contro i CPR e il decreto Salvini","og_description":"Sabato 1\u00b0 dicembre manifestiamo contro la chiusura del centro di accoglienza di via Corelli, che lascia sulla strada i suoi abitanti e senza lavoro i suoi","og_url":"https:\/\/www.pressenza.com\/it\/2018\/11\/crescono-le-adesioni-alla-manifestazione-del-1-dicembre-contro-i-cpr-e-il-decreto-salvini\/","og_site_name":"Pressenza","article_publisher":"https:\/\/www.facebook.com\/PressenzaItalia","article_author":"https:\/\/www.facebook.com\/PressenzaItalia","article_published_time":"2018-11-14T20:26:24+00:00","article_modified_time":"2018-11-15T21:41:23+00:00","og_image":[{"width":820,"height":462,"url":"https:\/\/www.pressenza.com\/wp-content\/uploads\/2018\/11\/1-dicembre-no-lager.jpg","type":"image\/jpeg"}],"author":"Redazione Italia","twitter_card":"summary_large_image","twitter_creator":"@pressenza_it","twitter_site":"@PressenzaIPA","twitter_misc":{"Scritto da":"Redazione Italia","Tempo di lettura stimato":"4 minuti"},"schema":{"@context":"https:\/\/schema.org","@graph":[{"@type":"Article","@id":"https:\/\/www.pressenza.com\/it\/2018\/11\/crescono-le-adesioni-alla-manifestazione-del-1-dicembre-contro-i-cpr-e-il-decreto-salvini\/#article","isPartOf":{"@id":"https:\/\/www.pressenza.com\/it\/2018\/11\/crescono-le-adesioni-alla-manifestazione-del-1-dicembre-contro-i-cpr-e-il-decreto-salvini\/"},"author":{"name":"Redazione Italia","@id":"https:\/\/www.pressenza.com\/it\/#\/schema\/person\/d983e81827ae24f2c7b1a2123d197f8d"},"headline":"Crescono le adesioni alla manifestazione del 1\u00b0 dicembre contro i CPR e il decreto Salvini","datePublished":"2018-11-14T20:26:24+00:00","dateModified":"2018-11-15T21:41:23+00:00","mainEntityOfPage":{"@id":"https:\/\/www.pressenza.com\/it\/2018\/11\/crescono-le-adesioni-alla-manifestazione-del-1-dicembre-contro-i-cpr-e-il-decreto-salvini\/"},"wordCount":808,"publisher":{"@id":"https:\/\/www.pressenza.com\/it\/#organization"},"image":{"@id":"https:\/\/www.pressenza.com\/it\/2018\/11\/crescono-le-adesioni-alla-manifestazione-del-1-dicembre-contro-i-cpr-e-il-decreto-salvini\/#primaryimage"},"thumbnailUrl":"https:\/\/www.pressenza.com\/wp-content\/uploads\/2018\/11\/1-dicembre-no-lager.jpg","keywords":["CPR","decreto Salvini","manifestazione del 1\u00b0 dicembre","razzismo"],"articleSection":["Diritti Umani","Europa","Politica"],"inLanguage":"it-IT"},{"@type":"WebPage","@id":"https:\/\/www.pressenza.com\/it\/2018\/11\/crescono-le-adesioni-alla-manifestazione-del-1-dicembre-contro-i-cpr-e-il-decreto-salvini\/","url":"https:\/\/www.pressenza.com\/it\/2018\/11\/crescono-le-adesioni-alla-manifestazione-del-1-dicembre-contro-i-cpr-e-il-decreto-salvini\/","name":"Crescono le adesioni alla manifestazione del 1\u00b0 dicembre contro i CPR e il decreto Salvini","isPartOf":{"@id":"https:\/\/www.pressenza.com\/it\/#website"},"primaryImageOfPage":{"@id":"https:\/\/www.pressenza.com\/it\/2018\/11\/crescono-le-adesioni-alla-manifestazione-del-1-dicembre-contro-i-cpr-e-il-decreto-salvini\/#primaryimage"},"image":{"@id":"https:\/\/www.pressenza.com\/it\/2018\/11\/crescono-le-adesioni-alla-manifestazione-del-1-dicembre-contro-i-cpr-e-il-decreto-salvini\/#primaryimage"},"thumbnailUrl":"https:\/\/www.pressenza.com\/wp-content\/uploads\/2018\/11\/1-dicembre-no-lager.jpg","datePublished":"2018-11-14T20:26:24+00:00","dateModified":"2018-11-15T21:41:23+00:00","description":"Sabato 1\u00b0 dicembre manifestiamo contro la chiusura del centro di accoglienza di via Corelli, che lascia sulla strada i suoi abitanti e senza lavoro i suoi","breadcrumb":{"@id":"https:\/\/www.pressenza.com\/it\/2018\/11\/crescono-le-adesioni-alla-manifestazione-del-1-dicembre-contro-i-cpr-e-il-decreto-salvini\/#breadcrumb"},"inLanguage":"it-IT","potentialAction":[{"@type":"ReadAction","target":["https:\/\/www.pressenza.com\/it\/2018\/11\/crescono-le-adesioni-alla-manifestazione-del-1-dicembre-contro-i-cpr-e-il-decreto-salvini\/"]}]},{"@type":"ImageObject","inLanguage":"it-IT","@id":"https:\/\/www.pressenza.com\/it\/2018\/11\/crescono-le-adesioni-alla-manifestazione-del-1-dicembre-contro-i-cpr-e-il-decreto-salvini\/#primaryimage","url":"https:\/\/www.pressenza.com\/wp-content\/uploads\/2018\/11\/1-dicembre-no-lager.jpg","contentUrl":"https:\/\/www.pressenza.com\/wp-content\/uploads\/2018\/11\/1-dicembre-no-lager.jpg","width":820,"height":462},{"@type":"BreadcrumbList","@id":"https:\/\/www.pressenza.com\/it\/2018\/11\/crescono-le-adesioni-alla-manifestazione-del-1-dicembre-contro-i-cpr-e-il-decreto-salvini\/#breadcrumb","itemListElement":[{"@type":"ListItem","position":1,"name":"Accueil","item":"https:\/\/www.pressenza.com\/it\/"},{"@type":"ListItem","position":2,"name":"Crescono le adesioni alla manifestazione del 1\u00b0 dicembre contro i CPR e il decreto Salvini"}]},{"@type":"WebSite","@id":"https:\/\/www.pressenza.com\/it\/#website","url":"https:\/\/www.pressenza.com\/it\/","name":"Pressenza","description":"Agenzia di Stampa Internazionale","publisher":{"@id":"https:\/\/www.pressenza.com\/it\/#organization"},"potentialAction":[{"@type":"SearchAction","target":{"@type":"EntryPoint","urlTemplate":"https:\/\/www.pressenza.com\/it\/?s={search_term_string}"},"query-input":{"@type":"PropertyValueSpecification","valueRequired":true,"valueName":"search_term_string"}}],"inLanguage":"it-IT"},{"@type":"Organization","@id":"https:\/\/www.pressenza.com\/it\/#organization","name":"Pressenza","url":"https:\/\/www.pressenza.com\/it\/","logo":{"@type":"ImageObject","inLanguage":"it-IT","@id":"https:\/\/www.pressenza.com\/it\/#\/schema\/logo\/image\/","url":"https:\/\/www.pressenza.com\/wp-content\/uploads\/2022\/10\/pressenza_logo_200x200.jpg","contentUrl":"https:\/\/www.pressenza.com\/wp-content\/uploads\/2022\/10\/pressenza_logo_200x200.jpg","width":200,"height":200,"caption":"Pressenza"},"image":{"@id":"https:\/\/www.pressenza.com\/it\/#\/schema\/logo\/image\/"},"sameAs":["https:\/\/www.facebook.com\/PressenzaItalia","https:\/\/x.com\/PressenzaIPA"]},{"@type":"Person","@id":"https:\/\/www.pressenza.com\/it\/#\/schema\/person\/d983e81827ae24f2c7b1a2123d197f8d","name":"Redazione Italia","description":"News from the Pressenza Bureau in Italy","sameAs":["https:\/\/www.pressenza.com\/it\/author\/redazione-italia\/","https:\/\/www.facebook.com\/PressenzaItalia","https:\/\/www.instagram.com\/pressenza_italia\/","https:\/\/x.com\/pressenza_it","https:\/\/www.youtube.com\/channel\/UCSalEIWjE1RSxkwjfftFuqg"],"url":"https:\/\/www.pressenza.com\/it\/author\/redazione-italia\/"}]}},"place":"Milano","original_article_url":"","_links":{"self":[{"href":"https:\/\/www.pressenza.com\/it\/wp-json\/wp\/v2\/posts\/755642","targetHints":{"allow":["GET"]}}],"collection":[{"href":"https:\/\/www.pressenza.com\/it\/wp-json\/wp\/v2\/posts"}],"about":[{"href":"https:\/\/www.pressenza.com\/it\/wp-json\/wp\/v2\/types\/post"}],"author":[{"embeddable":true,"href":"https:\/\/www.pressenza.com\/it\/wp-json\/wp\/v2\/users\/594"}],"replies":[{"embeddable":true,"href":"https:\/\/www.pressenza.com\/it\/wp-json\/wp\/v2\/comments?post=755642"}],"version-history":[{"count":0,"href":"https:\/\/www.pressenza.com\/it\/wp-json\/wp\/v2\/posts\/755642\/revisions"}],"wp:featuredmedia":[{"embeddable":true,"href":"https:\/\/www.pressenza.com\/it\/wp-json\/wp\/v2\/media\/755647"}],"wp:attachment":[{"href":"https:\/\/www.pressenza.com\/it\/wp-json\/wp\/v2\/media?parent=755642"}],"wp:term":[{"taxonomy":"category","embeddable":true,"href":"https:\/\/www.pressenza.com\/it\/wp-json\/wp\/v2\/categories?post=755642"},{"taxonomy":"post_tag","embeddable":true,"href":"https:\/\/www.pressenza.com\/it\/wp-json\/wp\/v2\/tags?post=755642"}],"curies":[{"name":"wp","href":"https:\/\/api.w.org\/{rel}","templated":true}]}}