{"id":75356,"date":"2013-11-06T09:31:54","date_gmt":"2013-11-06T09:31:54","guid":{"rendered":"http:\/\/www.pressenza.com\/?p=75356"},"modified":"2013-11-06T09:33:52","modified_gmt":"2013-11-06T09:33:52","slug":"anonymus-movimento-unorganizzazione","status":"publish","type":"post","link":"https:\/\/www.pressenza.com\/it\/2013\/11\/anonymus-movimento-unorganizzazione\/","title":{"rendered":"Anonymus \u00e8 un movimento, non un\u2019organizzazione"},"content":{"rendered":"<p><i>Chi afferma di aver organizzato la Million Mask March sa ben poco di Anonymous. Non c\u2019\u00e8 un sito ufficiale e nessuno dirige nulla: \u00e8 un movimento, non un\u2019organizzazione<\/i> <strong>(<\/strong>Dal sito:\u00a0<a href=\"http:\/\/millionmaskmarch.org\/\" target=\"_blank\">http:\/\/millionmaskmarch.org\/<\/a>).<\/p>\n<p><em>\u201cRicordare al mondo ci\u00f2 che \u00e8 stato dimenticato, che equit\u00e0, giustizia e libert\u00e0 non sono solo parole\u201d <\/em>\u00e8 l\u2019obiettivo dichiarato secondo la pagina Facebook.<\/p>\n<p>Nel Regno Unito il 5 novembre \u00e8 il Guy Fawkes Day, ritenuto da Anonymous un giorno adatto a scendere per strada e non solo in Inghilterra, ma in tutto il mondo.<\/p>\n<p>Eventi pacifici e allegri si sono svolti in molti punti, con centinaia di giovani riuniti a New York City, Washington DC, Los Angeles e altre citt\u00e0 americane. Nella capitale degli Stati Uniti la protesta si \u00e8 concentrata sugli invasivi metodi di sorveglianza impiegati dalla National Security Agency, mentre in altri luoghi il tema centrale riguardava le disuguaglianze economiche.<\/p>\n<p>A Londra sono state arrestate dodici persone.<\/p>\n<p>Nelle Filippine un manifestante ha spiegato a un mass media locale che la protesta era indirizzata contro la diffusa abitudine del voto di scambio. \u00a0In Indonesia la mancanza di collaborazione del governo ha creato confusione sul luogo del raduno.<\/p>\n<p>Secondo Sara Firth [@SaraFirth_RT] di RT.com, \u201cSpesso descritto dai media come un collettivo flessibile, Anonymous \u00e8 diventato famoso negli ultimi anni per una serie di cyber-attacchi dalle motivazioni politiche ad aziende e istituzioni governative. Gruppi con questo nome hanno preso di mira l\u2019industria dello spettacolo, enti finanziari, siti governativi dal Sudamerica all\u2019Asia e organizzazioni internazionali\u201d.<\/p>\n<p>La protesta del 5 novembre \u00e8 stata di ampio respiro. Il movimento si rafforza grazie alla crescente insoddisfazione dei cittadini nei confronti dei governi e alla percezione che le corporazioni dominano la politica internazionale. \u00a0L\u2019impopolare Monsanto, sempre pronta a sbandierare i vantaggi dei cibi geneticamente modificati, era uno dei principali bersagli della protesta.<\/p>\n<p>\u201cNon stiamo rallentando, anzi, andiamo sempre pi\u00f9 veloci\u201d ha dichiarato a \u00a0RT John Anthony Fairhurst, uno degli organizzatori della Million Mask March a Washington, DC. \u201cIn tutto il mondo la gente ha bisogno di un vero cambiamento.\u201d<\/p>\n<p>Come movimento globale, Anonymous ha appoggiato WikiLeaks, la talpa Chelsea Manning, le proteste contro le dittature in Medio Oriente durante la primavera araba e Occupy Wall Street, il movimento ispirato dall\u2019esempio tunisino e nato a New York City due anni fa. Da allora si \u00e8 diffuso in tutto il mondo come un modo di denunciare i legami tra le multinazionali, il complesso militare-industriale, i produttori di armi e i governi; a Hong Kong i temi centrali del movimento Occupy sono il divario tra ricchi e poveri, la necessit\u00e0 di un sistema davvero democratico e la mancanza di suffragio universale.<\/p>\n<p>&nbsp;<\/p>\n<p>Traduzione dall\u2019inglese di Anna Polo<\/p>\n","protected":false},"excerpt":{"rendered":"<p>Chi afferma di aver organizzato la Million Mask March sa ben poco di Anonymous. Non c\u2019\u00e8 un sito ufficiale e nessuno dirige nulla: \u00e8 un movimento, non un\u2019organizzazione (Dal sito:\u00a0http:\/\/millionmaskmarch.org\/). \u201cRicordare al mondo ci\u00f2 che \u00e8 stato dimenticato, che equit\u00e0,&hellip;<\/p>\n","protected":false},"author":71,"featured_media":75357,"comment_status":"closed","ping_status":"open","sticky":false,"template":"","format":"standard","meta":{"footnotes":""},"categories":[46,38],"tags":[7605,11522,3770,7606],"class_list":["post-75356","post","type-post","status-publish","format-standard","has-post-thumbnail","hentry","category-asia-it","category-internazionale","tag-anonymus","tag-hong-kong-it","tag-multinazionali","tag-protesta-5-novembre"],"yoast_head":"<!-- This site is optimized with the Yoast SEO plugin v27.1.1 - https:\/\/yoast.com\/product\/yoast-seo-wordpress\/ -->\n<title>Anonymus \u00e8 un movimento, non un\u2019organizzazione<\/title>\n<meta name=\"description\" content=\"Chi afferma di aver organizzato la Million Mask March sa ben poco di Anonymous. Non c\u2019\u00e8 un sito ufficiale e nessuno dirige nulla: \u00e8 un movimento, non\" \/>\n<meta name=\"robots\" content=\"index, follow, max-snippet:-1, max-image-preview:large, max-video-preview:-1\" \/>\n<link rel=\"canonical\" href=\"https:\/\/www.pressenza.com\/it\/2013\/11\/anonymus-movimento-unorganizzazione\/\" \/>\n<meta property=\"og:locale\" content=\"it_IT\" \/>\n<meta property=\"og:type\" content=\"article\" \/>\n<meta property=\"og:title\" content=\"Anonymus \u00e8 un movimento, non un\u2019organizzazione\" \/>\n<meta property=\"og:description\" content=\"Chi afferma di aver organizzato la Million Mask March sa ben poco di Anonymous. Non c\u2019\u00e8 un sito ufficiale e nessuno dirige nulla: \u00e8 un movimento, non\" \/>\n<meta property=\"og:url\" content=\"https:\/\/www.pressenza.com\/it\/2013\/11\/anonymus-movimento-unorganizzazione\/\" \/>\n<meta property=\"og:site_name\" content=\"Pressenza\" \/>\n<meta property=\"article:publisher\" content=\"https:\/\/www.facebook.com\/PressenzaItalia\" \/>\n<meta property=\"article:author\" content=\"https:\/\/www.facebook.com\/tony.henderson.754703\" \/>\n<meta property=\"article:published_time\" content=\"2013-11-06T09:31:54+00:00\" \/>\n<meta property=\"article:modified_time\" content=\"2013-11-06T09:33:52+00:00\" \/>\n<meta property=\"og:image\" content=\"https:\/\/www.pressenza.com\/wp-content\/uploads\/2013\/11\/occupyhongkong.jpg\" \/>\n\t<meta property=\"og:image:width\" content=\"600\" \/>\n\t<meta property=\"og:image:height\" content=\"450\" \/>\n\t<meta property=\"og:image:type\" content=\"image\/jpeg\" \/>\n<meta name=\"author\" content=\"Tony Henderson\" \/>\n<meta name=\"twitter:card\" content=\"summary_large_image\" \/>\n<meta name=\"twitter:creator\" content=\"@PressenzaIPA\" \/>\n<meta name=\"twitter:site\" content=\"@PressenzaIPA\" \/>\n<meta name=\"twitter:label1\" content=\"Scritto da\" \/>\n\t<meta name=\"twitter:data1\" content=\"Tony Henderson\" \/>\n\t<meta name=\"twitter:label2\" content=\"Tempo di lettura stimato\" \/>\n\t<meta name=\"twitter:data2\" content=\"2 minuti\" \/>\n<script type=\"application\/ld+json\" class=\"yoast-schema-graph\">{\"@context\":\"https:\/\/schema.org\",\"@graph\":[{\"@type\":\"Article\",\"@id\":\"https:\/\/www.pressenza.com\/it\/2013\/11\/anonymus-movimento-unorganizzazione\/#article\",\"isPartOf\":{\"@id\":\"https:\/\/www.pressenza.com\/it\/2013\/11\/anonymus-movimento-unorganizzazione\/\"},\"author\":{\"name\":\"Tony Henderson\",\"@id\":\"https:\/\/www.pressenza.com\/it\/#\/schema\/person\/559325c67729db34f71e80e35d28b84d\"},\"headline\":\"Anonymus \u00e8 un movimento, non un\u2019organizzazione\",\"datePublished\":\"2013-11-06T09:31:54+00:00\",\"dateModified\":\"2013-11-06T09:33:52+00:00\",\"mainEntityOfPage\":{\"@id\":\"https:\/\/www.pressenza.com\/it\/2013\/11\/anonymus-movimento-unorganizzazione\/\"},\"wordCount\":447,\"publisher\":{\"@id\":\"https:\/\/www.pressenza.com\/it\/#organization\"},\"image\":{\"@id\":\"https:\/\/www.pressenza.com\/it\/2013\/11\/anonymus-movimento-unorganizzazione\/#primaryimage\"},\"thumbnailUrl\":\"https:\/\/www.pressenza.com\/wp-content\/uploads\/2013\/11\/occupyhongkong.jpg\",\"keywords\":[\"Anonymus\",\"Hong Kong\",\"multinazionali\",\"protesta 5 novembre\"],\"articleSection\":[\"Asia\",\"Internazionale\"],\"inLanguage\":\"it-IT\"},{\"@type\":\"WebPage\",\"@id\":\"https:\/\/www.pressenza.com\/it\/2013\/11\/anonymus-movimento-unorganizzazione\/\",\"url\":\"https:\/\/www.pressenza.com\/it\/2013\/11\/anonymus-movimento-unorganizzazione\/\",\"name\":\"Anonymus \u00e8 un movimento, non un\u2019organizzazione\",\"isPartOf\":{\"@id\":\"https:\/\/www.pressenza.com\/it\/#website\"},\"primaryImageOfPage\":{\"@id\":\"https:\/\/www.pressenza.com\/it\/2013\/11\/anonymus-movimento-unorganizzazione\/#primaryimage\"},\"image\":{\"@id\":\"https:\/\/www.pressenza.com\/it\/2013\/11\/anonymus-movimento-unorganizzazione\/#primaryimage\"},\"thumbnailUrl\":\"https:\/\/www.pressenza.com\/wp-content\/uploads\/2013\/11\/occupyhongkong.jpg\",\"datePublished\":\"2013-11-06T09:31:54+00:00\",\"dateModified\":\"2013-11-06T09:33:52+00:00\",\"description\":\"Chi afferma di aver organizzato la Million Mask March sa ben poco di Anonymous. Non c\u2019\u00e8 un sito ufficiale e nessuno dirige nulla: \u00e8 un movimento, non\",\"breadcrumb\":{\"@id\":\"https:\/\/www.pressenza.com\/it\/2013\/11\/anonymus-movimento-unorganizzazione\/#breadcrumb\"},\"inLanguage\":\"it-IT\",\"potentialAction\":[{\"@type\":\"ReadAction\",\"target\":[\"https:\/\/www.pressenza.com\/it\/2013\/11\/anonymus-movimento-unorganizzazione\/\"]}]},{\"@type\":\"ImageObject\",\"inLanguage\":\"it-IT\",\"@id\":\"https:\/\/www.pressenza.com\/it\/2013\/11\/anonymus-movimento-unorganizzazione\/#primaryimage\",\"url\":\"https:\/\/www.pressenza.com\/wp-content\/uploads\/2013\/11\/occupyhongkong.jpg\",\"contentUrl\":\"https:\/\/www.pressenza.com\/wp-content\/uploads\/2013\/11\/occupyhongkong.jpg\",\"width\":600,\"height\":450},{\"@type\":\"BreadcrumbList\",\"@id\":\"https:\/\/www.pressenza.com\/it\/2013\/11\/anonymus-movimento-unorganizzazione\/#breadcrumb\",\"itemListElement\":[{\"@type\":\"ListItem\",\"position\":1,\"name\":\"Accueil\",\"item\":\"https:\/\/www.pressenza.com\/it\/\"},{\"@type\":\"ListItem\",\"position\":2,\"name\":\"Anonymus \u00e8 un movimento, non un\u2019organizzazione\"}]},{\"@type\":\"WebSite\",\"@id\":\"https:\/\/www.pressenza.com\/it\/#website\",\"url\":\"https:\/\/www.pressenza.com\/it\/\",\"name\":\"Pressenza\",\"description\":\"Agenzia di Stampa Internazionale\",\"publisher\":{\"@id\":\"https:\/\/www.pressenza.com\/it\/#organization\"},\"potentialAction\":[{\"@type\":\"SearchAction\",\"target\":{\"@type\":\"EntryPoint\",\"urlTemplate\":\"https:\/\/www.pressenza.com\/it\/?s={search_term_string}\"},\"query-input\":{\"@type\":\"PropertyValueSpecification\",\"valueRequired\":true,\"valueName\":\"search_term_string\"}}],\"inLanguage\":\"it-IT\"},{\"@type\":\"Organization\",\"@id\":\"https:\/\/www.pressenza.com\/it\/#organization\",\"name\":\"Pressenza\",\"url\":\"https:\/\/www.pressenza.com\/it\/\",\"logo\":{\"@type\":\"ImageObject\",\"inLanguage\":\"it-IT\",\"@id\":\"https:\/\/www.pressenza.com\/it\/#\/schema\/logo\/image\/\",\"url\":\"https:\/\/www.pressenza.com\/wp-content\/uploads\/2022\/10\/pressenza_logo_200x200.jpg\",\"contentUrl\":\"https:\/\/www.pressenza.com\/wp-content\/uploads\/2022\/10\/pressenza_logo_200x200.jpg\",\"width\":200,\"height\":200,\"caption\":\"Pressenza\"},\"image\":{\"@id\":\"https:\/\/www.pressenza.com\/it\/#\/schema\/logo\/image\/\"},\"sameAs\":[\"https:\/\/www.facebook.com\/PressenzaItalia\",\"https:\/\/x.com\/PressenzaIPA\"]},{\"@type\":\"Person\",\"@id\":\"https:\/\/www.pressenza.com\/it\/#\/schema\/person\/559325c67729db34f71e80e35d28b84d\",\"name\":\"Tony Henderson\",\"description\":\"(1942-2016) Tony Henderson was a freelance writer working in Hong Kong, since 1980, and previously Japan, for seven years following two years in Mauritius after a year in Libya. Long time participant in the Humanist Movement and spokesman for Universal Humanism in Hong Kong. Also, he was Pressenza Hong Kong Bureau Chief.\",\"sameAs\":[\"https:\/\/www.facebook.com\/tony.henderson.754703\"],\"url\":\"https:\/\/www.pressenza.com\/it\/author\/tony-henderson\/\"}]}<\/script>\n<!-- \/ Yoast SEO plugin. -->","yoast_head_json":{"title":"Anonymus \u00e8 un movimento, non un\u2019organizzazione","description":"Chi afferma di aver organizzato la Million Mask March sa ben poco di Anonymous. Non c\u2019\u00e8 un sito ufficiale e nessuno dirige nulla: \u00e8 un movimento, non","robots":{"index":"index","follow":"follow","max-snippet":"max-snippet:-1","max-image-preview":"max-image-preview:large","max-video-preview":"max-video-preview:-1"},"canonical":"https:\/\/www.pressenza.com\/it\/2013\/11\/anonymus-movimento-unorganizzazione\/","og_locale":"it_IT","og_type":"article","og_title":"Anonymus \u00e8 un movimento, non un\u2019organizzazione","og_description":"Chi afferma di aver organizzato la Million Mask March sa ben poco di Anonymous. Non c\u2019\u00e8 un sito ufficiale e nessuno dirige nulla: \u00e8 un movimento, non","og_url":"https:\/\/www.pressenza.com\/it\/2013\/11\/anonymus-movimento-unorganizzazione\/","og_site_name":"Pressenza","article_publisher":"https:\/\/www.facebook.com\/PressenzaItalia","article_author":"https:\/\/www.facebook.com\/tony.henderson.754703","article_published_time":"2013-11-06T09:31:54+00:00","article_modified_time":"2013-11-06T09:33:52+00:00","og_image":[{"width":600,"height":450,"url":"https:\/\/www.pressenza.com\/wp-content\/uploads\/2013\/11\/occupyhongkong.jpg","type":"image\/jpeg"}],"author":"Tony Henderson","twitter_card":"summary_large_image","twitter_creator":"@PressenzaIPA","twitter_site":"@PressenzaIPA","twitter_misc":{"Scritto da":"Tony Henderson","Tempo di lettura stimato":"2 minuti"},"schema":{"@context":"https:\/\/schema.org","@graph":[{"@type":"Article","@id":"https:\/\/www.pressenza.com\/it\/2013\/11\/anonymus-movimento-unorganizzazione\/#article","isPartOf":{"@id":"https:\/\/www.pressenza.com\/it\/2013\/11\/anonymus-movimento-unorganizzazione\/"},"author":{"name":"Tony Henderson","@id":"https:\/\/www.pressenza.com\/it\/#\/schema\/person\/559325c67729db34f71e80e35d28b84d"},"headline":"Anonymus \u00e8 un movimento, non un\u2019organizzazione","datePublished":"2013-11-06T09:31:54+00:00","dateModified":"2013-11-06T09:33:52+00:00","mainEntityOfPage":{"@id":"https:\/\/www.pressenza.com\/it\/2013\/11\/anonymus-movimento-unorganizzazione\/"},"wordCount":447,"publisher":{"@id":"https:\/\/www.pressenza.com\/it\/#organization"},"image":{"@id":"https:\/\/www.pressenza.com\/it\/2013\/11\/anonymus-movimento-unorganizzazione\/#primaryimage"},"thumbnailUrl":"https:\/\/www.pressenza.com\/wp-content\/uploads\/2013\/11\/occupyhongkong.jpg","keywords":["Anonymus","Hong Kong","multinazionali","protesta 5 novembre"],"articleSection":["Asia","Internazionale"],"inLanguage":"it-IT"},{"@type":"WebPage","@id":"https:\/\/www.pressenza.com\/it\/2013\/11\/anonymus-movimento-unorganizzazione\/","url":"https:\/\/www.pressenza.com\/it\/2013\/11\/anonymus-movimento-unorganizzazione\/","name":"Anonymus \u00e8 un movimento, non un\u2019organizzazione","isPartOf":{"@id":"https:\/\/www.pressenza.com\/it\/#website"},"primaryImageOfPage":{"@id":"https:\/\/www.pressenza.com\/it\/2013\/11\/anonymus-movimento-unorganizzazione\/#primaryimage"},"image":{"@id":"https:\/\/www.pressenza.com\/it\/2013\/11\/anonymus-movimento-unorganizzazione\/#primaryimage"},"thumbnailUrl":"https:\/\/www.pressenza.com\/wp-content\/uploads\/2013\/11\/occupyhongkong.jpg","datePublished":"2013-11-06T09:31:54+00:00","dateModified":"2013-11-06T09:33:52+00:00","description":"Chi afferma di aver organizzato la Million Mask March sa ben poco di Anonymous. Non c\u2019\u00e8 un sito ufficiale e nessuno dirige nulla: \u00e8 un movimento, non","breadcrumb":{"@id":"https:\/\/www.pressenza.com\/it\/2013\/11\/anonymus-movimento-unorganizzazione\/#breadcrumb"},"inLanguage":"it-IT","potentialAction":[{"@type":"ReadAction","target":["https:\/\/www.pressenza.com\/it\/2013\/11\/anonymus-movimento-unorganizzazione\/"]}]},{"@type":"ImageObject","inLanguage":"it-IT","@id":"https:\/\/www.pressenza.com\/it\/2013\/11\/anonymus-movimento-unorganizzazione\/#primaryimage","url":"https:\/\/www.pressenza.com\/wp-content\/uploads\/2013\/11\/occupyhongkong.jpg","contentUrl":"https:\/\/www.pressenza.com\/wp-content\/uploads\/2013\/11\/occupyhongkong.jpg","width":600,"height":450},{"@type":"BreadcrumbList","@id":"https:\/\/www.pressenza.com\/it\/2013\/11\/anonymus-movimento-unorganizzazione\/#breadcrumb","itemListElement":[{"@type":"ListItem","position":1,"name":"Accueil","item":"https:\/\/www.pressenza.com\/it\/"},{"@type":"ListItem","position":2,"name":"Anonymus \u00e8 un movimento, non un\u2019organizzazione"}]},{"@type":"WebSite","@id":"https:\/\/www.pressenza.com\/it\/#website","url":"https:\/\/www.pressenza.com\/it\/","name":"Pressenza","description":"Agenzia di Stampa Internazionale","publisher":{"@id":"https:\/\/www.pressenza.com\/it\/#organization"},"potentialAction":[{"@type":"SearchAction","target":{"@type":"EntryPoint","urlTemplate":"https:\/\/www.pressenza.com\/it\/?s={search_term_string}"},"query-input":{"@type":"PropertyValueSpecification","valueRequired":true,"valueName":"search_term_string"}}],"inLanguage":"it-IT"},{"@type":"Organization","@id":"https:\/\/www.pressenza.com\/it\/#organization","name":"Pressenza","url":"https:\/\/www.pressenza.com\/it\/","logo":{"@type":"ImageObject","inLanguage":"it-IT","@id":"https:\/\/www.pressenza.com\/it\/#\/schema\/logo\/image\/","url":"https:\/\/www.pressenza.com\/wp-content\/uploads\/2022\/10\/pressenza_logo_200x200.jpg","contentUrl":"https:\/\/www.pressenza.com\/wp-content\/uploads\/2022\/10\/pressenza_logo_200x200.jpg","width":200,"height":200,"caption":"Pressenza"},"image":{"@id":"https:\/\/www.pressenza.com\/it\/#\/schema\/logo\/image\/"},"sameAs":["https:\/\/www.facebook.com\/PressenzaItalia","https:\/\/x.com\/PressenzaIPA"]},{"@type":"Person","@id":"https:\/\/www.pressenza.com\/it\/#\/schema\/person\/559325c67729db34f71e80e35d28b84d","name":"Tony Henderson","description":"(1942-2016) Tony Henderson was a freelance writer working in Hong Kong, since 1980, and previously Japan, for seven years following two years in Mauritius after a year in Libya. Long time participant in the Humanist Movement and spokesman for Universal Humanism in Hong Kong. Also, he was Pressenza Hong Kong Bureau Chief.","sameAs":["https:\/\/www.facebook.com\/tony.henderson.754703"],"url":"https:\/\/www.pressenza.com\/it\/author\/tony-henderson\/"}]}},"place":"Hong Kong","original_article_url":"","_links":{"self":[{"href":"https:\/\/www.pressenza.com\/it\/wp-json\/wp\/v2\/posts\/75356","targetHints":{"allow":["GET"]}}],"collection":[{"href":"https:\/\/www.pressenza.com\/it\/wp-json\/wp\/v2\/posts"}],"about":[{"href":"https:\/\/www.pressenza.com\/it\/wp-json\/wp\/v2\/types\/post"}],"author":[{"embeddable":true,"href":"https:\/\/www.pressenza.com\/it\/wp-json\/wp\/v2\/users\/71"}],"replies":[{"embeddable":true,"href":"https:\/\/www.pressenza.com\/it\/wp-json\/wp\/v2\/comments?post=75356"}],"version-history":[{"count":0,"href":"https:\/\/www.pressenza.com\/it\/wp-json\/wp\/v2\/posts\/75356\/revisions"}],"wp:featuredmedia":[{"embeddable":true,"href":"https:\/\/www.pressenza.com\/it\/wp-json\/wp\/v2\/media\/75357"}],"wp:attachment":[{"href":"https:\/\/www.pressenza.com\/it\/wp-json\/wp\/v2\/media?parent=75356"}],"wp:term":[{"taxonomy":"category","embeddable":true,"href":"https:\/\/www.pressenza.com\/it\/wp-json\/wp\/v2\/categories?post=75356"},{"taxonomy":"post_tag","embeddable":true,"href":"https:\/\/www.pressenza.com\/it\/wp-json\/wp\/v2\/tags?post=75356"}],"curies":[{"name":"wp","href":"https:\/\/api.w.org\/{rel}","templated":true}]}}