{"id":752615,"date":"2018-11-08T21:48:53","date_gmt":"2018-11-08T21:48:53","guid":{"rendered":"https:\/\/www.pressenza.com\/?p=752615"},"modified":"2018-11-09T08:48:23","modified_gmt":"2018-11-09T08:48:23","slug":"concluso-forum-madrid-societa-giusta-e-inclusiva-vince-su-violenza","status":"publish","type":"post","link":"https:\/\/www.pressenza.com\/it\/2018\/11\/concluso-forum-madrid-societa-giusta-e-inclusiva-vince-su-violenza\/","title":{"rendered":"Concluso Forum Madrid: societ\u00e0 giusta e inclusiva vince su violenza"},"content":{"rendered":"<p>\u00ab<strong>La violenza fa parte della cultura del machismo<\/strong><em> ed \u00e8 il contrario del benessere dell&#8217;umanit\u00e0<\/em>\u00bb. A dichiararlo <strong>Manuela Carmena, sindaca di Madrid <\/strong>[<em>nella foto sopra<\/em>] nel corso della cerimonia di chiusura del secondo <strong>Forum globale tra i sindaci, gli operatori della sicurezza e i rappresentanti della societ\u00e0 civile<\/strong> svoltosi nella capitale spagnola.<\/p>\n<p>Il Forum si \u00e8 concluso con la elaborazione di un lungo documento, 17 pagine, che<strong> individua molti dei problemi e diverse delle soluzioni<\/strong> per affrontare i diversi tipi di violenza che sono insiti nelle citt\u00e0 (<em>dalla corruzione degli amministratori sino alla discriminazione dei lavoratori in base al genere<\/em>).<\/p>\n<p>\u00c8 possibile scaricare dal <strong>sito Ciudadesdepaz<\/strong> questo documento nelle tre lingue ufficiali del Forum, <a href=\"http:\/\/www.ciudadesdepaz.com\/wp-content\/uploads\/2018\/11\/COMPROMISO-AGENDA-Ciudades-de-Convivencia-y-Paz.pdf\" target=\"_blank\" rel=\"noopener\"><strong>spagnolo (PDF)<\/strong><\/a>, inglese e <a href=\"http:\/\/www.ciudadesdepaz.com\/wp-content\/uploads\/2018\/11\/COMPROMISO-AGENDA-Ciudades-de-Convivencia-y-Paz-FR.pdf\" target=\"_blank\" rel=\"noopener\"><strong>francese (PDF in FR)<\/strong><\/a>.<\/p>\n<p>Con questo mega-evento (<em>la sindaca Carmena ha parlato di 5.000 partecipanti<\/em>), <strong>Madrid ha assunto la leadership in materia di pace urbana.<\/strong><\/p>\n<p><iframe loading=\"lazy\" title=\"V\u00eddeo de apertura del II Foro Mundial sobre Violencias Urbanas\" width=\"500\" height=\"281\" src=\"https:\/\/www.youtube.com\/embed\/9LEuTqi1YA0?feature=oembed\" frameborder=\"0\" allow=\"accelerometer; autoplay; clipboard-write; encrypted-media; gyroscope; picture-in-picture; web-share\" referrerpolicy=\"strict-origin-when-cross-origin\" allowfullscreen><\/iframe><\/p>\n<p>Un Forum, tuttavia, contraddittorio: con semplici <a href=\"https:\/\/www.pressenza.com\/it\/2018\/11\/forum-madrid-sulle-violenze-urbane-il-dialogo-come-soluzione\/\" target=\"_blank\" rel=\"noopener\"><strong>dichiarazioni di principio che giungevano dai rappresentanti istituzionali<\/strong><\/a> e <a href=\"https:\/\/www.pressenza.com\/it\/2018\/11\/forum-madrid-e-la-giornata-della-societa-civile\/\" target=\"_blank\" rel=\"noopener\"><strong>testimonianze di tante attivit\u00e0 positive<\/strong><\/a> che erano, invece, presentate da chi opera quotidianamente tra la gente.<\/p>\n<p>Anche quest&#8217;oggi sono stati accennati <strong>i due grandi temi del Forum: la sicurezza e l&#8217;educazione alla convivenza ed alla pace.<\/strong><\/p>\n<h2>Convivenza civile: Tutto parte dall&#8217;investire sull&#8217;educazione<\/h2>\n<p>Sul tema delle politiche urbane per la convivenza, <strong>interessanti le lezioni che giungono dall&#8217;Africa,<\/strong> dall&#8217;isola di Capo Verde. <strong>Jose Mar\u00eda Mendo\u00e7a Moniz<\/strong> della C\u00e1mara Municipal de Praia, nella plenaria \u201c<em>violenza per diseguaglianza urbana<\/em>\u201d, ha sostenuto come, da loro, \u00ab<strong>costruendo asili nido e centri sociali i problemi di sicurezza sono diminuiti<\/strong>\u00bb. Ancora a Capo Verde, ha spiegato Mendo\u00e7a Moniz, hanno attivato un <strong>partenariato con le associazioni locali<\/strong> per meglio identificare i problemi sociali dei quartieri e quindi<strong> priorizzare le azioni<\/strong>.<\/p>\n<p><strong>Monika Kosinska<\/strong>, Direttrice dei Programmi dell&#8217;<strong>Organizzazione Mondiale per la Sanit\u00e0<\/strong>, ha dichiarato che \u00ab<strong>la violenza \u00e8 una malattia sociale<\/strong>\u00bb, e come tale va prevenuta: \u00ab<em>sviluppando relazioni stabili tra genitori e figli, riducendo la disponibilit\u00e0 di armi, sostenendo i diritti universali agli spazi verdi e agli alloggi<\/em>\u00bb.<\/p>\n<p>In proposito,<strong> Doris Sommer<\/strong> dell&#8217;Universit\u00e0 di Harvard ha chiesto ai sindaci interventi quali quelli di \u00ab<strong>educare gli educatori<\/strong>\u00bb, realizzare biblioteche accessibili ai bambini dei diversi quartieri dove questi possano \u00ab<strong>giocare e leggere<\/strong>\u00bb, dotate di computer e di \u00ab<em>lettori professionali<\/em>\u00bb per leggere dei libri ai bambini ogni giorno.<\/p>\n<p>Un qualcosa che si sta realizzando a <strong>Cordoba, seconda citt\u00e0 argentina<\/strong>: s\u00ec, anche da qui \u00e8 giunta una lezione all&#8217;Europa. <strong>Ram\u00f3n Mestre<\/strong> ha spiegato che dal 2013 si sono realizzati (<em>ed altri se ne stanno realizzando<\/em>) dei <a href=\"https:\/\/educacion.cordoba.gob.ar\/wp-content\/uploads\/sites\/28\/2017\/10\/proyecto-parques-educativos.pdf\" target=\"_blank\" rel=\"noopener\">\u00ab<strong>Parchi Educativi<\/strong>\u00bb [Ecco cosa sono, in SPA]<\/a>, dedicati <strong>ai bambini, ma anche agli adulti ed alle famiglie<\/strong>. Laboratori, attivit\u00e0 sportive e di danza, si alternano con corsi sulla gravidanza, di lingua inglese, di teatro, di formazione professionale, di cucina, di rinforzo scolastico.<\/p>\n<p>Qui l&#8217;<a href=\"https:\/\/educacion.cordoba.gob.ar\/parqueseducativos\/sur\" target=\"_blank\" rel=\"noopener\"><strong>Agenda delle attivit\u00e0 del parco educativo Cordoba Sud<\/strong><\/a>.<\/p>\n<p>Il tema della cultura \u00e8 stato affrontato dal <strong>sindaco di Montpellier (Francia) Phillippe Saurel<\/strong> che ha sostenuto la \u00ab<em>importanza dell&#8217;uguale accesso alla cultura<\/em>\u00bb che lui assicura con la gratuit\u00e0 di ogni attivita culturale. Quest&#8217;ultimo ha sostenuto, anche, l&#8217;importanza di una \u00ab<em>diagnostica della citta<\/em>\u00bb per una successiva \u00ab<em>pianificazione<\/em>\u00bb.<\/p>\n<h2>Sicurezza: la repressione della violenza fisica \u00e8 geolocalizzata<\/h2>\n<p>In merito al tema sicurezza in chiave anti-violenza, mi hanno colpito i progetti illustrati dal brasiliano <strong>Roberto Curty Penteado<\/strong> della Secretar\u00eda Municipal del <strong>Orden P\u00fablico di R\u00edo de Janeiro<\/strong> sulla sorveglianza introdotti a <strong>Copacabana<\/strong> e che sono approfondibili sul<a href=\"http:\/\/maisseguro.rio\/#institucional\" target=\"_blank\" rel=\"noopener\"><strong> sito MaisSeguro.Rio<\/strong><\/a>: un grande spiegamento di forze, di telecamere, di agenti la cui posizione \u00e8 rilevata in tempo reale col GPS.<\/p>\n<p>D&#8217;altro canto, in rete, esistono pure <a href=\"http:\/\/www.ondefuiroubado.com.br\/rio-de-janeiro\/RJ\" target=\"_blank\" rel=\"noopener\"><strong>il sito e la app \u201cOndefuiroubado\u201d<\/strong><\/a> che monitora in maniera partecipativa i luoghi pi\u00f9 pericolosi di Rio.<\/p>\n<p>La tecnologia della geolocalizzazione sono egualmente utilizzate anche <strong>in Colombia, a Medellin<\/strong>, dove le forze dell&#8217;ordine dispongono di <strong>statistiche interattive, e filtrabili<\/strong>, per individuare luoghi, orari, tipologia degli eventi tramite le pagine riservate del <a href=\"http:\/\/sifff.eaconsultores.com.co\/Datos\/Index\" target=\"_blank\" rel=\"noopener\">\u201c<strong>Sistema di informazioni<\/strong>\u201d [qui appaiono solo i dati pubblici]<\/a> del sito della <a href=\"http:\/\/www.forjandofuturos.org\/\" target=\"_blank\" rel=\"noopener\"><strong>fondazione Forjandofuturos<\/strong><\/a>, progetto finanziato tra gli altri dal Municipio di Madrid, dall&#8217;Unione Europea, da Oxfam.<\/p>\n<p>Lo stesso <strong>Oskar De Santos<\/strong> Comisario General <strong>Polic\u00eda Municipal de Madrid<\/strong>, infine, senza scendere in dettagli, ha parlato proprio di \u00ab<em>geografia della sicurezza<\/em>\u00bb.<\/p>\n<p>Nel corso della plenaria conclusiva, <strong>Liv Torrez, direttore esecutivo del Centro Nobel per la Pace<\/strong>, ha tuttavia concluso come \u00ab<em>l&#8217;ineguaglianza fa crescere la polarizzazione e la radicalizzazione<\/em>\u00bb. Qui, quindi, bisogna agire per combattere la violenza pi\u00f9 che con la repressione.<\/p>\n<p>Alle 14, al termine dell&#8217;ultima plenaria, accompagnati dalle note di \u201c<strong>Todo Cambia<\/strong>\u201d prima e di \u201c<strong>Gracias a la vida<\/strong>\u201d dopo, suonato da un gruppo di giovanissimi musicisti, 400 studenti delle scuole di Madrid, sotto la guida dei membri dell&#8217;<strong>associazione \u201cMondo senza guerre e senza violenza\u201d<\/strong>, hanno disegnato nella piazza Matadero prima <strong>il simbolo della pace<\/strong> e poi quello della nonviolenza.<\/p>\n<p><iframe loading=\"lazy\" title=\"400 ni\u00f1os y ni\u00f1as crean el s\u00edmbolo de la Paz en el II Foro Mundial sobre Violencias Urbanas\" width=\"500\" height=\"281\" src=\"https:\/\/www.youtube.com\/embed\/KRQSd6kbhNQ?feature=oembed\" frameborder=\"0\" allow=\"accelerometer; autoplay; clipboard-write; encrypted-media; gyroscope; picture-in-picture; web-share\" referrerpolicy=\"strict-origin-when-cross-origin\" allowfullscreen><\/iframe><\/p>\n<p><iframe loading=\"lazy\" title=\"Mercedes Sosa - Todo cambia (Tutto Cambia - Sottotitoli in italiano)\" width=\"500\" height=\"375\" src=\"https:\/\/www.youtube.com\/embed\/_erZOIFrym0?feature=oembed\" frameborder=\"0\" allow=\"accelerometer; autoplay; clipboard-write; encrypted-media; gyroscope; picture-in-picture; web-share\" referrerpolicy=\"strict-origin-when-cross-origin\" allowfullscreen><\/iframe><\/p>\n","protected":false},"excerpt":{"rendered":"<p>\u00abLa violenza fa parte della cultura del machismo ed \u00e8 il contrario del benessere dell&#8217;umanit\u00e0\u00bb. A dichiararlo Manuela Carmena, sindaca di Madrid [nella foto sopra] nel corso della cerimonia di chiusura del secondo Forum globale tra i sindaci, gli operatori&hellip;<\/p>\n","protected":false},"author":1284,"featured_media":752637,"comment_status":"closed","ping_status":"closed","sticky":false,"template":"","format":"standard","meta":{"footnotes":""},"categories":[11388,47,1262,55],"tags":[37144,965,26390,2851],"class_list":["post-752615","post","type-post","status-publish","format-standard","has-post-thumbnail","hentry","category-contenuti-originali","category-europa","category-nonviolenza-argomento","category-politica","tag-forum-mondiale-sulle-violenze-urbane","tag-madrid","tag-non-violenza","tag-sicurezza"],"yoast_head":"<!-- This site is optimized with the Yoast SEO plugin v27.1.1 - https:\/\/yoast.com\/product\/yoast-seo-wordpress\/ -->\n<title>Concluso Forum Madrid: societ\u00e0 giusta e inclusiva vince su violenza<\/title>\n<meta name=\"description\" content=\"Concluso Forum Madrid sulle violenze urbane e l&#039;educazione alla convivenza e la pace. Tutta cambia, se si riducono ineguaglienze e l&#039;emarginazione sociale.\" \/>\n<meta name=\"robots\" content=\"index, follow, max-snippet:-1, max-image-preview:large, max-video-preview:-1\" \/>\n<link rel=\"canonical\" href=\"https:\/\/www.pressenza.com\/it\/2018\/11\/concluso-forum-madrid-societa-giusta-e-inclusiva-vince-su-violenza\/\" \/>\n<meta property=\"og:locale\" content=\"it_IT\" \/>\n<meta property=\"og:type\" content=\"article\" \/>\n<meta property=\"og:title\" content=\"Concluso Forum Madrid: societ\u00e0 giusta e inclusiva vince su violenza\" \/>\n<meta property=\"og:description\" content=\"Concluso Forum Madrid sulle violenze urbane e l&#039;educazione alla convivenza e la pace. Tutta cambia, se si riducono ineguaglienze e l&#039;emarginazione sociale.\" \/>\n<meta property=\"og:url\" content=\"https:\/\/www.pressenza.com\/it\/2018\/11\/concluso-forum-madrid-societa-giusta-e-inclusiva-vince-su-violenza\/\" \/>\n<meta property=\"og:site_name\" content=\"Pressenza\" \/>\n<meta property=\"article:publisher\" content=\"https:\/\/www.facebook.com\/PressenzaItalia\" \/>\n<meta property=\"article:published_time\" content=\"2018-11-08T21:48:53+00:00\" \/>\n<meta property=\"article:modified_time\" content=\"2018-11-09T08:48:23+00:00\" \/>\n<meta property=\"og:image\" content=\"https:\/\/www.pressenza.com\/wp-content\/uploads\/2018\/11\/Manuela-Carmena-sindaca-di-Madrid.jpg\" \/>\n\t<meta property=\"og:image:width\" content=\"733\" \/>\n\t<meta property=\"og:image:height\" content=\"517\" \/>\n\t<meta property=\"og:image:type\" content=\"image\/jpeg\" \/>\n<meta name=\"author\" content=\"Natale Salvo\" \/>\n<meta name=\"twitter:card\" content=\"summary_large_image\" \/>\n<meta name=\"twitter:creator\" content=\"@PressenzaIPA\" \/>\n<meta name=\"twitter:site\" content=\"@PressenzaIPA\" \/>\n<meta name=\"twitter:label1\" content=\"Scritto da\" \/>\n\t<meta name=\"twitter:data1\" content=\"Natale Salvo\" \/>\n\t<meta name=\"twitter:label2\" content=\"Tempo di lettura stimato\" \/>\n\t<meta name=\"twitter:data2\" content=\"4 minuti\" \/>\n<script type=\"application\/ld+json\" class=\"yoast-schema-graph\">{\"@context\":\"https:\/\/schema.org\",\"@graph\":[{\"@type\":\"Article\",\"@id\":\"https:\/\/www.pressenza.com\/it\/2018\/11\/concluso-forum-madrid-societa-giusta-e-inclusiva-vince-su-violenza\/#article\",\"isPartOf\":{\"@id\":\"https:\/\/www.pressenza.com\/it\/2018\/11\/concluso-forum-madrid-societa-giusta-e-inclusiva-vince-su-violenza\/\"},\"author\":{\"name\":\"Natale Salvo\",\"@id\":\"https:\/\/www.pressenza.com\/it\/#\/schema\/person\/dfdba7d9ea928e4a93ced607c353757c\"},\"headline\":\"Concluso Forum Madrid: societ\u00e0 giusta e inclusiva vince su violenza\",\"datePublished\":\"2018-11-08T21:48:53+00:00\",\"dateModified\":\"2018-11-09T08:48:23+00:00\",\"mainEntityOfPage\":{\"@id\":\"https:\/\/www.pressenza.com\/it\/2018\/11\/concluso-forum-madrid-societa-giusta-e-inclusiva-vince-su-violenza\/\"},\"wordCount\":832,\"publisher\":{\"@id\":\"https:\/\/www.pressenza.com\/it\/#organization\"},\"image\":{\"@id\":\"https:\/\/www.pressenza.com\/it\/2018\/11\/concluso-forum-madrid-societa-giusta-e-inclusiva-vince-su-violenza\/#primaryimage\"},\"thumbnailUrl\":\"https:\/\/www.pressenza.com\/wp-content\/uploads\/2018\/11\/Manuela-Carmena-sindaca-di-Madrid.jpg\",\"keywords\":[\"Forum Mondiale sulle violenze urbane\",\"Madrid\",\"non violenza\",\"sicurezza\"],\"articleSection\":[\"contenuti originali\",\"Europa\",\"Nonviolenza\",\"Politica\"],\"inLanguage\":\"it-IT\"},{\"@type\":\"WebPage\",\"@id\":\"https:\/\/www.pressenza.com\/it\/2018\/11\/concluso-forum-madrid-societa-giusta-e-inclusiva-vince-su-violenza\/\",\"url\":\"https:\/\/www.pressenza.com\/it\/2018\/11\/concluso-forum-madrid-societa-giusta-e-inclusiva-vince-su-violenza\/\",\"name\":\"Concluso Forum Madrid: societ\u00e0 giusta e inclusiva vince su violenza\",\"isPartOf\":{\"@id\":\"https:\/\/www.pressenza.com\/it\/#website\"},\"primaryImageOfPage\":{\"@id\":\"https:\/\/www.pressenza.com\/it\/2018\/11\/concluso-forum-madrid-societa-giusta-e-inclusiva-vince-su-violenza\/#primaryimage\"},\"image\":{\"@id\":\"https:\/\/www.pressenza.com\/it\/2018\/11\/concluso-forum-madrid-societa-giusta-e-inclusiva-vince-su-violenza\/#primaryimage\"},\"thumbnailUrl\":\"https:\/\/www.pressenza.com\/wp-content\/uploads\/2018\/11\/Manuela-Carmena-sindaca-di-Madrid.jpg\",\"datePublished\":\"2018-11-08T21:48:53+00:00\",\"dateModified\":\"2018-11-09T08:48:23+00:00\",\"description\":\"Concluso Forum Madrid sulle violenze urbane e l'educazione alla convivenza e la pace. Tutta cambia, se si riducono ineguaglienze e l'emarginazione sociale.\",\"breadcrumb\":{\"@id\":\"https:\/\/www.pressenza.com\/it\/2018\/11\/concluso-forum-madrid-societa-giusta-e-inclusiva-vince-su-violenza\/#breadcrumb\"},\"inLanguage\":\"it-IT\",\"potentialAction\":[{\"@type\":\"ReadAction\",\"target\":[\"https:\/\/www.pressenza.com\/it\/2018\/11\/concluso-forum-madrid-societa-giusta-e-inclusiva-vince-su-violenza\/\"]}]},{\"@type\":\"ImageObject\",\"inLanguage\":\"it-IT\",\"@id\":\"https:\/\/www.pressenza.com\/it\/2018\/11\/concluso-forum-madrid-societa-giusta-e-inclusiva-vince-su-violenza\/#primaryimage\",\"url\":\"https:\/\/www.pressenza.com\/wp-content\/uploads\/2018\/11\/Manuela-Carmena-sindaca-di-Madrid.jpg\",\"contentUrl\":\"https:\/\/www.pressenza.com\/wp-content\/uploads\/2018\/11\/Manuela-Carmena-sindaca-di-Madrid.jpg\",\"width\":733,\"height\":517,\"caption\":\"Manuela Carmena, sindaca di Madrid\"},{\"@type\":\"BreadcrumbList\",\"@id\":\"https:\/\/www.pressenza.com\/it\/2018\/11\/concluso-forum-madrid-societa-giusta-e-inclusiva-vince-su-violenza\/#breadcrumb\",\"itemListElement\":[{\"@type\":\"ListItem\",\"position\":1,\"name\":\"Accueil\",\"item\":\"https:\/\/www.pressenza.com\/it\/\"},{\"@type\":\"ListItem\",\"position\":2,\"name\":\"Concluso Forum Madrid: societ\u00e0 giusta e inclusiva vince su violenza\"}]},{\"@type\":\"WebSite\",\"@id\":\"https:\/\/www.pressenza.com\/it\/#website\",\"url\":\"https:\/\/www.pressenza.com\/it\/\",\"name\":\"Pressenza\",\"description\":\"Agenzia di Stampa Internazionale\",\"publisher\":{\"@id\":\"https:\/\/www.pressenza.com\/it\/#organization\"},\"potentialAction\":[{\"@type\":\"SearchAction\",\"target\":{\"@type\":\"EntryPoint\",\"urlTemplate\":\"https:\/\/www.pressenza.com\/it\/?s={search_term_string}\"},\"query-input\":{\"@type\":\"PropertyValueSpecification\",\"valueRequired\":true,\"valueName\":\"search_term_string\"}}],\"inLanguage\":\"it-IT\"},{\"@type\":\"Organization\",\"@id\":\"https:\/\/www.pressenza.com\/it\/#organization\",\"name\":\"Pressenza\",\"url\":\"https:\/\/www.pressenza.com\/it\/\",\"logo\":{\"@type\":\"ImageObject\",\"inLanguage\":\"it-IT\",\"@id\":\"https:\/\/www.pressenza.com\/it\/#\/schema\/logo\/image\/\",\"url\":\"https:\/\/www.pressenza.com\/wp-content\/uploads\/2022\/10\/pressenza_logo_200x200.jpg\",\"contentUrl\":\"https:\/\/www.pressenza.com\/wp-content\/uploads\/2022\/10\/pressenza_logo_200x200.jpg\",\"width\":200,\"height\":200,\"caption\":\"Pressenza\"},\"image\":{\"@id\":\"https:\/\/www.pressenza.com\/it\/#\/schema\/logo\/image\/\"},\"sameAs\":[\"https:\/\/www.facebook.com\/PressenzaItalia\",\"https:\/\/x.com\/PressenzaIPA\"]},{\"@type\":\"Person\",\"@id\":\"https:\/\/www.pressenza.com\/it\/#\/schema\/person\/dfdba7d9ea928e4a93ced607c353757c\",\"name\":\"Natale Salvo\",\"description\":\"Nato e cresciuto nella terra del \u201cGattopardo\u201d, la Sicilia. Ha dedicato la propria esistenza all'impegno sociale. Allenatore di una squadretta di calcio di periferia, presidente del circolo di Legambiente, candidato sindaco per il Partito Umanista. Infine blogger d\u2019inchiesta; ha pagato le sue denunce di cattiva amministrazione con una persecuzione per via giudiziaria. E' autore del libro \\\"La rivoluzione copernicana chiamata Reddito di Base\\\", edito da Multimage, Firenze.\",\"url\":\"https:\/\/www.pressenza.com\/it\/author\/natale-salvo\/\"}]}<\/script>\n<!-- \/ Yoast SEO plugin. -->","yoast_head_json":{"title":"Concluso Forum Madrid: societ\u00e0 giusta e inclusiva vince su violenza","description":"Concluso Forum Madrid sulle violenze urbane e l'educazione alla convivenza e la pace. Tutta cambia, se si riducono ineguaglienze e l'emarginazione sociale.","robots":{"index":"index","follow":"follow","max-snippet":"max-snippet:-1","max-image-preview":"max-image-preview:large","max-video-preview":"max-video-preview:-1"},"canonical":"https:\/\/www.pressenza.com\/it\/2018\/11\/concluso-forum-madrid-societa-giusta-e-inclusiva-vince-su-violenza\/","og_locale":"it_IT","og_type":"article","og_title":"Concluso Forum Madrid: societ\u00e0 giusta e inclusiva vince su violenza","og_description":"Concluso Forum Madrid sulle violenze urbane e l'educazione alla convivenza e la pace. Tutta cambia, se si riducono ineguaglienze e l'emarginazione sociale.","og_url":"https:\/\/www.pressenza.com\/it\/2018\/11\/concluso-forum-madrid-societa-giusta-e-inclusiva-vince-su-violenza\/","og_site_name":"Pressenza","article_publisher":"https:\/\/www.facebook.com\/PressenzaItalia","article_published_time":"2018-11-08T21:48:53+00:00","article_modified_time":"2018-11-09T08:48:23+00:00","og_image":[{"width":733,"height":517,"url":"https:\/\/www.pressenza.com\/wp-content\/uploads\/2018\/11\/Manuela-Carmena-sindaca-di-Madrid.jpg","type":"image\/jpeg"}],"author":"Natale Salvo","twitter_card":"summary_large_image","twitter_creator":"@PressenzaIPA","twitter_site":"@PressenzaIPA","twitter_misc":{"Scritto da":"Natale Salvo","Tempo di lettura stimato":"4 minuti"},"schema":{"@context":"https:\/\/schema.org","@graph":[{"@type":"Article","@id":"https:\/\/www.pressenza.com\/it\/2018\/11\/concluso-forum-madrid-societa-giusta-e-inclusiva-vince-su-violenza\/#article","isPartOf":{"@id":"https:\/\/www.pressenza.com\/it\/2018\/11\/concluso-forum-madrid-societa-giusta-e-inclusiva-vince-su-violenza\/"},"author":{"name":"Natale Salvo","@id":"https:\/\/www.pressenza.com\/it\/#\/schema\/person\/dfdba7d9ea928e4a93ced607c353757c"},"headline":"Concluso Forum Madrid: societ\u00e0 giusta e inclusiva vince su violenza","datePublished":"2018-11-08T21:48:53+00:00","dateModified":"2018-11-09T08:48:23+00:00","mainEntityOfPage":{"@id":"https:\/\/www.pressenza.com\/it\/2018\/11\/concluso-forum-madrid-societa-giusta-e-inclusiva-vince-su-violenza\/"},"wordCount":832,"publisher":{"@id":"https:\/\/www.pressenza.com\/it\/#organization"},"image":{"@id":"https:\/\/www.pressenza.com\/it\/2018\/11\/concluso-forum-madrid-societa-giusta-e-inclusiva-vince-su-violenza\/#primaryimage"},"thumbnailUrl":"https:\/\/www.pressenza.com\/wp-content\/uploads\/2018\/11\/Manuela-Carmena-sindaca-di-Madrid.jpg","keywords":["Forum Mondiale sulle violenze urbane","Madrid","non violenza","sicurezza"],"articleSection":["contenuti originali","Europa","Nonviolenza","Politica"],"inLanguage":"it-IT"},{"@type":"WebPage","@id":"https:\/\/www.pressenza.com\/it\/2018\/11\/concluso-forum-madrid-societa-giusta-e-inclusiva-vince-su-violenza\/","url":"https:\/\/www.pressenza.com\/it\/2018\/11\/concluso-forum-madrid-societa-giusta-e-inclusiva-vince-su-violenza\/","name":"Concluso Forum Madrid: societ\u00e0 giusta e inclusiva vince su violenza","isPartOf":{"@id":"https:\/\/www.pressenza.com\/it\/#website"},"primaryImageOfPage":{"@id":"https:\/\/www.pressenza.com\/it\/2018\/11\/concluso-forum-madrid-societa-giusta-e-inclusiva-vince-su-violenza\/#primaryimage"},"image":{"@id":"https:\/\/www.pressenza.com\/it\/2018\/11\/concluso-forum-madrid-societa-giusta-e-inclusiva-vince-su-violenza\/#primaryimage"},"thumbnailUrl":"https:\/\/www.pressenza.com\/wp-content\/uploads\/2018\/11\/Manuela-Carmena-sindaca-di-Madrid.jpg","datePublished":"2018-11-08T21:48:53+00:00","dateModified":"2018-11-09T08:48:23+00:00","description":"Concluso Forum Madrid sulle violenze urbane e l'educazione alla convivenza e la pace. Tutta cambia, se si riducono ineguaglienze e l'emarginazione sociale.","breadcrumb":{"@id":"https:\/\/www.pressenza.com\/it\/2018\/11\/concluso-forum-madrid-societa-giusta-e-inclusiva-vince-su-violenza\/#breadcrumb"},"inLanguage":"it-IT","potentialAction":[{"@type":"ReadAction","target":["https:\/\/www.pressenza.com\/it\/2018\/11\/concluso-forum-madrid-societa-giusta-e-inclusiva-vince-su-violenza\/"]}]},{"@type":"ImageObject","inLanguage":"it-IT","@id":"https:\/\/www.pressenza.com\/it\/2018\/11\/concluso-forum-madrid-societa-giusta-e-inclusiva-vince-su-violenza\/#primaryimage","url":"https:\/\/www.pressenza.com\/wp-content\/uploads\/2018\/11\/Manuela-Carmena-sindaca-di-Madrid.jpg","contentUrl":"https:\/\/www.pressenza.com\/wp-content\/uploads\/2018\/11\/Manuela-Carmena-sindaca-di-Madrid.jpg","width":733,"height":517,"caption":"Manuela Carmena, sindaca di Madrid"},{"@type":"BreadcrumbList","@id":"https:\/\/www.pressenza.com\/it\/2018\/11\/concluso-forum-madrid-societa-giusta-e-inclusiva-vince-su-violenza\/#breadcrumb","itemListElement":[{"@type":"ListItem","position":1,"name":"Accueil","item":"https:\/\/www.pressenza.com\/it\/"},{"@type":"ListItem","position":2,"name":"Concluso Forum Madrid: societ\u00e0 giusta e inclusiva vince su violenza"}]},{"@type":"WebSite","@id":"https:\/\/www.pressenza.com\/it\/#website","url":"https:\/\/www.pressenza.com\/it\/","name":"Pressenza","description":"Agenzia di Stampa Internazionale","publisher":{"@id":"https:\/\/www.pressenza.com\/it\/#organization"},"potentialAction":[{"@type":"SearchAction","target":{"@type":"EntryPoint","urlTemplate":"https:\/\/www.pressenza.com\/it\/?s={search_term_string}"},"query-input":{"@type":"PropertyValueSpecification","valueRequired":true,"valueName":"search_term_string"}}],"inLanguage":"it-IT"},{"@type":"Organization","@id":"https:\/\/www.pressenza.com\/it\/#organization","name":"Pressenza","url":"https:\/\/www.pressenza.com\/it\/","logo":{"@type":"ImageObject","inLanguage":"it-IT","@id":"https:\/\/www.pressenza.com\/it\/#\/schema\/logo\/image\/","url":"https:\/\/www.pressenza.com\/wp-content\/uploads\/2022\/10\/pressenza_logo_200x200.jpg","contentUrl":"https:\/\/www.pressenza.com\/wp-content\/uploads\/2022\/10\/pressenza_logo_200x200.jpg","width":200,"height":200,"caption":"Pressenza"},"image":{"@id":"https:\/\/www.pressenza.com\/it\/#\/schema\/logo\/image\/"},"sameAs":["https:\/\/www.facebook.com\/PressenzaItalia","https:\/\/x.com\/PressenzaIPA"]},{"@type":"Person","@id":"https:\/\/www.pressenza.com\/it\/#\/schema\/person\/dfdba7d9ea928e4a93ced607c353757c","name":"Natale Salvo","description":"Nato e cresciuto nella terra del \u201cGattopardo\u201d, la Sicilia. Ha dedicato la propria esistenza all'impegno sociale. Allenatore di una squadretta di calcio di periferia, presidente del circolo di Legambiente, candidato sindaco per il Partito Umanista. Infine blogger d\u2019inchiesta; ha pagato le sue denunce di cattiva amministrazione con una persecuzione per via giudiziaria. E' autore del libro \"La rivoluzione copernicana chiamata Reddito di Base\", edito da Multimage, Firenze.","url":"https:\/\/www.pressenza.com\/it\/author\/natale-salvo\/"}]}},"place":"","original_article_url":"","_links":{"self":[{"href":"https:\/\/www.pressenza.com\/it\/wp-json\/wp\/v2\/posts\/752615","targetHints":{"allow":["GET"]}}],"collection":[{"href":"https:\/\/www.pressenza.com\/it\/wp-json\/wp\/v2\/posts"}],"about":[{"href":"https:\/\/www.pressenza.com\/it\/wp-json\/wp\/v2\/types\/post"}],"author":[{"embeddable":true,"href":"https:\/\/www.pressenza.com\/it\/wp-json\/wp\/v2\/users\/1284"}],"replies":[{"embeddable":true,"href":"https:\/\/www.pressenza.com\/it\/wp-json\/wp\/v2\/comments?post=752615"}],"version-history":[{"count":0,"href":"https:\/\/www.pressenza.com\/it\/wp-json\/wp\/v2\/posts\/752615\/revisions"}],"wp:featuredmedia":[{"embeddable":true,"href":"https:\/\/www.pressenza.com\/it\/wp-json\/wp\/v2\/media\/752637"}],"wp:attachment":[{"href":"https:\/\/www.pressenza.com\/it\/wp-json\/wp\/v2\/media?parent=752615"}],"wp:term":[{"taxonomy":"category","embeddable":true,"href":"https:\/\/www.pressenza.com\/it\/wp-json\/wp\/v2\/categories?post=752615"},{"taxonomy":"post_tag","embeddable":true,"href":"https:\/\/www.pressenza.com\/it\/wp-json\/wp\/v2\/tags?post=752615"}],"curies":[{"name":"wp","href":"https:\/\/api.w.org\/{rel}","templated":true}]}}