{"id":75251,"date":"2013-11-05T17:59:07","date_gmt":"2013-11-05T17:59:07","guid":{"rendered":"http:\/\/www.pressenza.com\/?p=75251"},"modified":"2013-11-05T17:59:07","modified_gmt":"2013-11-05T17:59:07","slug":"colazione-antisfratto-s-cu-p-dire-allo-sgombero","status":"publish","type":"post","link":"https:\/\/www.pressenza.com\/it\/2013\/11\/colazione-antisfratto-s-cu-p-dire-allo-sgombero\/","title":{"rendered":"Colazione antisfratto a S.Cu.P. per dire no allo sgombero"},"content":{"rendered":"<p>&nbsp;<\/p>\n<p>Esistono luoghi dove la cultura, la partecipazione, la responsabilit\u00e0 verso la gente e il territorio che ci circonda, hanno ancora un significato. Tanto grande da trasformare quel desiderio di diffondere una certa cultura in necessit\u00e0, in un\u2019azione ferma e coraggiosa. E come il seme va interrato per far crescere la pianta, un luogo a volte va occupato e autogestito per dargli un nuovo senso, per mettere in moto un progetto popolare dove davvero al centro vi sia il diritto di ogni cittadino a immaginare la citt\u00e0 che si vuole. Stiamo parlando del diritto ad una cittadinanza attiva, partecipe, una cittadinanza che si occupa e si preoccupa del territorio e di chi lo abita. Uno di questi luoghi a Roma \u00e8 lo S.Cu.P (Sport e Cultura Popolare) dove ad intrecciarsi ogni giorno, da oltre un anno, sono energie propulsive volte alla partecipazione e alla cultura, popolare s\u2019intende. Perch\u00e9 \u00e8 il popolo, cio\u00e8 la gente comune, i bambini che giocano per strada, i ragazzi che discutono alle panchine, gli anziani che chiacchierano a passo lento, tutti coloro che attraversano veloci \u00a0la citt\u00e0 cercando intorno nuovi stimoli, che danno un valore alle strade e agli edifici che abitiamo. Ed \u00e8 la fantasia, il dinamismo, i sogni e l\u2019esperienza di tutti loro che riempie di senso e di vita una citt\u00e0 che altrimenti restituirebbe soltanto silenzio e vuoto. Come vuoto era lo spazio di S.Cu.P prima che un gruppo molto determinato di cittadini del 7\u00b0 Municipio decidesse di occuparlo il 12 maggio 2012.<\/p>\n<p>Ora, questo luogo \u00a0che sorge tra le mura Porta Maggiore colme di storia e di passato e il traffico e il movimento di Piazza Re di Roma, \u00e8 un riferimento importante per il 7\u00b0 Municipio e per la citt\u00e0 tutta. S.Cu.P \u00e8 un crocevia di popoli e di culture, di idee e di iniziative. Partito come palestra popolare, che conta ogni mese decine di iscritti, S.Cu.P ha nel tempo sviluppato molti altri progetti nati dal basso. Come la biblioteca e la scuola popolare che conta fino ad ora oltre 150 presenze ai corsi promossi, come lo sportello di ascolto psicologico \u201cAdesso parlo io\u201d pensato per l\u2019infanzia, l\u2019adolescenza e la famiglia, lo Spazio bimbi dedicato ai pi\u00f9 piccoli ma anche ai genitori che qui possono incontrarsi e confrontarsi, l\u2019Hostaria agli Scuppiatti gestita da cittadini appassionati alla \u201cbuona\u201d cucina dove per buona si intende sana e biologica.<\/p>\n<p>Ma non solo, tanti altri spazi di aggregazione e confronto animano questo spazio: RadioSonar ne \u00e8 un esempio, il progetto web radiofonico che rappresenta un vero e proprio laboratorio in continua evoluzione dove attraverso i nuovi linguaggi multimediali si guida l\u2019alternarsi al microfono di progetti emergenti, musica, testimonianze e nuove sinergie. Senza dimenticare il mercato di produttori e artigiani organizzato la prima domenica di ogni mese, l\u2019orto popolare, il laboratorio di progettazione, uno spazio per prove teatrali, uno per formazione, seminari e assemblee e wi-fi gratuito. Tutto rigorosamente popolare.<\/p>\n<p>Oggi, marted\u00ec 5 novembre, tutto questo \u00e8 messo in discussione da una nuova visita dell\u2019Ufficiale Giudiziario assistito dalle forze dell\u2019ordine, volta a restituire il bene alla propriet\u00e0: la Unieco interessata a quanto pare a recuperare lo stabile per farne un centro commerciale. In occasione dell\u2019appuntamento, S.Cu.P ha invitato i cittadini ad intervenire e partecipare alla giornata a partire dalla 9 della mattina, offrendo la \u201cColazione Antisfratto\u201d a base di caff\u00e8 e torta di mele. Molti cittadini si sono ritrovati per difendere e animare, come ogni giorno lo spazio, per difendere il diritto di immaginarsi la citt\u00e0 come qualcosa che sia davvero di tutti, in cui tutti hanno una parte, una voce, competenze da condividere, esperienze da compartire, spazi da animare e progetti da costruire. A sostenere S.Cu.P stamattina vi erano anche alcuni rappresentanti politici, come il parlamentare Marco Miccoli, Susi Fantino Presidentessa del 7\u00b0 Municipio, a fianco di S.Cu.P. fin dalla sua nascita, l\u2019Assessore Comunale allo Sport\u00a0 e il capo gruppo di SEL a Roma Gianluca Peciola. A dimostrazione del fatto che il progetto S.Cu.P. \u00e8 ormai inserito indubitabilmente nel tessuto sociale e locale del 7\u00b0 Municipio, e rappresenta un luogo di aggregazione e confronto non soltanto piacevole ma necessario, auspicabile in una citt\u00e0 dove la crisi economica e la povert\u00e0 dilagante porta i cittadini ad essere sempre pi\u00f9 disorientati e soli, incapaci di trovare nuovi riferimenti e ambiti di confronto positivi e solidali. La risposta dell\u2019Ufficiale Giudiziario non ha tardato comunque ad arrivare: una nuova visita prevista per il prossimo 28 novembre \u00e8 stata fissata. La volont\u00e0 delle forze dell\u2019ordine di sgomberare lo spazio rimane dunque ancora forte, ma altrettanto decisa \u00e8 quella di S.Cu.P. di resistere e di tutelare uno spazio che \u00e8, a tutti gli effetti, dei cittadini e della loro citt\u00e0.<\/p>\n<p>&nbsp;<\/p>\n","protected":false},"excerpt":{"rendered":"<p>&nbsp; Esistono luoghi dove la cultura, la partecipazione, la responsabilit\u00e0 verso la gente e il territorio che ci circonda, hanno ancora un significato. Tanto grande da trasformare quel desiderio di diffondere una certa cultura in necessit\u00e0, in un\u2019azione ferma e&hellip;<\/p>\n","protected":false},"author":1031,"featured_media":75253,"comment_status":"closed","ping_status":"open","sticky":false,"template":"","format":"standard","meta":{"footnotes":""},"categories":[47,55],"tags":[7593,6393,7592,7591,3873,7590],"class_list":["post-75251","post","type-post","status-publish","format-standard","has-post-thumbnail","hentry","category-europa","category-politica","tag-centro-commerciale","tag-centro-sociale","tag-forze-dellordine","tag-quartiere","tag-roma","tag-sfratto"],"yoast_head":"<!-- This site is optimized with the Yoast SEO plugin v27.1.1 - https:\/\/yoast.com\/product\/yoast-seo-wordpress\/ -->\n<title>Colazione antisfratto a S.Cu.P. per dire no allo sgombero<\/title>\n<meta name=\"description\" content=\"&nbsp; Esistono luoghi dove la cultura, la partecipazione, la responsabilit\u00e0 verso la gente e il territorio che ci circonda, hanno ancora un significato.\" \/>\n<meta name=\"robots\" content=\"index, follow, max-snippet:-1, max-image-preview:large, max-video-preview:-1\" \/>\n<link rel=\"canonical\" href=\"https:\/\/www.pressenza.com\/it\/2013\/11\/colazione-antisfratto-s-cu-p-dire-allo-sgombero\/\" \/>\n<meta property=\"og:locale\" content=\"it_IT\" \/>\n<meta property=\"og:type\" content=\"article\" \/>\n<meta property=\"og:title\" content=\"Colazione antisfratto a S.Cu.P. per dire no allo sgombero\" \/>\n<meta property=\"og:description\" content=\"&nbsp; Esistono luoghi dove la cultura, la partecipazione, la responsabilit\u00e0 verso la gente e il territorio che ci circonda, hanno ancora un significato.\" \/>\n<meta property=\"og:url\" content=\"https:\/\/www.pressenza.com\/it\/2013\/11\/colazione-antisfratto-s-cu-p-dire-allo-sgombero\/\" \/>\n<meta property=\"og:site_name\" content=\"Pressenza\" \/>\n<meta property=\"article:publisher\" content=\"https:\/\/www.facebook.com\/PressenzaItalia\" \/>\n<meta property=\"article:published_time\" content=\"2013-11-05T17:59:07+00:00\" \/>\n<meta property=\"og:image\" content=\"https:\/\/www.pressenza.com\/wp-content\/uploads\/2013\/11\/S.Cu_.P.jpg\" \/>\n\t<meta property=\"og:image:width\" content=\"1000\" \/>\n\t<meta property=\"og:image:height\" content=\"750\" \/>\n\t<meta property=\"og:image:type\" content=\"image\/jpeg\" \/>\n<meta name=\"author\" content=\"Chiara Moncada\" \/>\n<meta name=\"twitter:card\" content=\"summary_large_image\" \/>\n<meta name=\"twitter:creator\" content=\"@PressenzaIPA\" \/>\n<meta name=\"twitter:site\" content=\"@PressenzaIPA\" \/>\n<meta name=\"twitter:label1\" content=\"Scritto da\" \/>\n\t<meta name=\"twitter:data1\" content=\"Chiara Moncada\" \/>\n\t<meta name=\"twitter:label2\" content=\"Tempo di lettura stimato\" \/>\n\t<meta name=\"twitter:data2\" content=\"4 minuti\" \/>\n<script type=\"application\/ld+json\" class=\"yoast-schema-graph\">{\"@context\":\"https:\/\/schema.org\",\"@graph\":[{\"@type\":\"Article\",\"@id\":\"https:\/\/www.pressenza.com\/it\/2013\/11\/colazione-antisfratto-s-cu-p-dire-allo-sgombero\/#article\",\"isPartOf\":{\"@id\":\"https:\/\/www.pressenza.com\/it\/2013\/11\/colazione-antisfratto-s-cu-p-dire-allo-sgombero\/\"},\"author\":{\"name\":\"Chiara Moncada\",\"@id\":\"https:\/\/www.pressenza.com\/it\/#\/schema\/person\/24d788702e02dc0ce664fbac60a568b0\"},\"headline\":\"Colazione antisfratto a S.Cu.P. per dire no allo sgombero\",\"datePublished\":\"2013-11-05T17:59:07+00:00\",\"mainEntityOfPage\":{\"@id\":\"https:\/\/www.pressenza.com\/it\/2013\/11\/colazione-antisfratto-s-cu-p-dire-allo-sgombero\/\"},\"wordCount\":802,\"publisher\":{\"@id\":\"https:\/\/www.pressenza.com\/it\/#organization\"},\"image\":{\"@id\":\"https:\/\/www.pressenza.com\/it\/2013\/11\/colazione-antisfratto-s-cu-p-dire-allo-sgombero\/#primaryimage\"},\"thumbnailUrl\":\"https:\/\/www.pressenza.com\/wp-content\/uploads\/2013\/11\/S.Cu_.P.jpg\",\"keywords\":[\"centro commerciale\",\"Centro sociale\",\"forze dell\u2019ordine\",\"quartiere\",\"Roma\",\"sfratto\"],\"articleSection\":[\"Europa\",\"Politica\"],\"inLanguage\":\"it-IT\"},{\"@type\":\"WebPage\",\"@id\":\"https:\/\/www.pressenza.com\/it\/2013\/11\/colazione-antisfratto-s-cu-p-dire-allo-sgombero\/\",\"url\":\"https:\/\/www.pressenza.com\/it\/2013\/11\/colazione-antisfratto-s-cu-p-dire-allo-sgombero\/\",\"name\":\"Colazione antisfratto a S.Cu.P. per dire no allo sgombero\",\"isPartOf\":{\"@id\":\"https:\/\/www.pressenza.com\/it\/#website\"},\"primaryImageOfPage\":{\"@id\":\"https:\/\/www.pressenza.com\/it\/2013\/11\/colazione-antisfratto-s-cu-p-dire-allo-sgombero\/#primaryimage\"},\"image\":{\"@id\":\"https:\/\/www.pressenza.com\/it\/2013\/11\/colazione-antisfratto-s-cu-p-dire-allo-sgombero\/#primaryimage\"},\"thumbnailUrl\":\"https:\/\/www.pressenza.com\/wp-content\/uploads\/2013\/11\/S.Cu_.P.jpg\",\"datePublished\":\"2013-11-05T17:59:07+00:00\",\"description\":\"&nbsp; Esistono luoghi dove la cultura, la partecipazione, la responsabilit\u00e0 verso la gente e il territorio che ci circonda, hanno ancora un significato.\",\"breadcrumb\":{\"@id\":\"https:\/\/www.pressenza.com\/it\/2013\/11\/colazione-antisfratto-s-cu-p-dire-allo-sgombero\/#breadcrumb\"},\"inLanguage\":\"it-IT\",\"potentialAction\":[{\"@type\":\"ReadAction\",\"target\":[\"https:\/\/www.pressenza.com\/it\/2013\/11\/colazione-antisfratto-s-cu-p-dire-allo-sgombero\/\"]}]},{\"@type\":\"ImageObject\",\"inLanguage\":\"it-IT\",\"@id\":\"https:\/\/www.pressenza.com\/it\/2013\/11\/colazione-antisfratto-s-cu-p-dire-allo-sgombero\/#primaryimage\",\"url\":\"https:\/\/www.pressenza.com\/wp-content\/uploads\/2013\/11\/S.Cu_.P.jpg\",\"contentUrl\":\"https:\/\/www.pressenza.com\/wp-content\/uploads\/2013\/11\/S.Cu_.P.jpg\",\"width\":1000,\"height\":750},{\"@type\":\"BreadcrumbList\",\"@id\":\"https:\/\/www.pressenza.com\/it\/2013\/11\/colazione-antisfratto-s-cu-p-dire-allo-sgombero\/#breadcrumb\",\"itemListElement\":[{\"@type\":\"ListItem\",\"position\":1,\"name\":\"Accueil\",\"item\":\"https:\/\/www.pressenza.com\/it\/\"},{\"@type\":\"ListItem\",\"position\":2,\"name\":\"Colazione antisfratto a S.Cu.P. per dire no allo sgombero\"}]},{\"@type\":\"WebSite\",\"@id\":\"https:\/\/www.pressenza.com\/it\/#website\",\"url\":\"https:\/\/www.pressenza.com\/it\/\",\"name\":\"Pressenza\",\"description\":\"Agenzia di Stampa Internazionale\",\"publisher\":{\"@id\":\"https:\/\/www.pressenza.com\/it\/#organization\"},\"potentialAction\":[{\"@type\":\"SearchAction\",\"target\":{\"@type\":\"EntryPoint\",\"urlTemplate\":\"https:\/\/www.pressenza.com\/it\/?s={search_term_string}\"},\"query-input\":{\"@type\":\"PropertyValueSpecification\",\"valueRequired\":true,\"valueName\":\"search_term_string\"}}],\"inLanguage\":\"it-IT\"},{\"@type\":\"Organization\",\"@id\":\"https:\/\/www.pressenza.com\/it\/#organization\",\"name\":\"Pressenza\",\"url\":\"https:\/\/www.pressenza.com\/it\/\",\"logo\":{\"@type\":\"ImageObject\",\"inLanguage\":\"it-IT\",\"@id\":\"https:\/\/www.pressenza.com\/it\/#\/schema\/logo\/image\/\",\"url\":\"https:\/\/www.pressenza.com\/wp-content\/uploads\/2022\/10\/pressenza_logo_200x200.jpg\",\"contentUrl\":\"https:\/\/www.pressenza.com\/wp-content\/uploads\/2022\/10\/pressenza_logo_200x200.jpg\",\"width\":200,\"height\":200,\"caption\":\"Pressenza\"},\"image\":{\"@id\":\"https:\/\/www.pressenza.com\/it\/#\/schema\/logo\/image\/\"},\"sameAs\":[\"https:\/\/www.facebook.com\/PressenzaItalia\",\"https:\/\/x.com\/PressenzaIPA\"]},{\"@type\":\"Person\",\"@id\":\"https:\/\/www.pressenza.com\/it\/#\/schema\/person\/24d788702e02dc0ce664fbac60a568b0\",\"name\":\"Chiara Moncada\",\"description\":\"Laureata in Scienze Internazionali e Diplomatiche presso l'Universit\u00e0 Alma Mater di Bologna, sede di Forl\u00ec, con una tesi sul governo Lula in Brasile, comincia a scrivere di terzo settore, cooperazione e territorio, per un mensile di Mantova, la sua citt\u00e0. Contemporaneamente si occupa dell'ufficio stampa di un centro culturale giovanile, dove organizza e promuove eventi e manifestazioni culturali. Approdata a Roma nel 2008, comincia a lavorare al Consorzio Citt\u00e0 dell'Altra Economia come progettista e responsabile dei progetti di formazione inerenti l'Altraeconomia, nell'ambito della Banditura FSE. Nel 2008 si appassiona di fotografia e decide di studiarla e approfondirla partecipando a diversi corsi e laboratori. Collabora con Pressenza gi\u00e0 da diversi anni, dove racconta in maniera sempre libera, le manifestazioni e gli eventi a cui partecipa e che meritano di essere raccontati e conosciuti. Crede nell'allegria e nella rivoluzione, quella che si porta nel cuore e quella che ci spinge per le strade del mondo.\",\"url\":\"https:\/\/www.pressenza.com\/it\/author\/chiara-moncada\/\"}]}<\/script>\n<!-- \/ Yoast SEO plugin. -->","yoast_head_json":{"title":"Colazione antisfratto a S.Cu.P. per dire no allo sgombero","description":"&nbsp; Esistono luoghi dove la cultura, la partecipazione, la responsabilit\u00e0 verso la gente e il territorio che ci circonda, hanno ancora un significato.","robots":{"index":"index","follow":"follow","max-snippet":"max-snippet:-1","max-image-preview":"max-image-preview:large","max-video-preview":"max-video-preview:-1"},"canonical":"https:\/\/www.pressenza.com\/it\/2013\/11\/colazione-antisfratto-s-cu-p-dire-allo-sgombero\/","og_locale":"it_IT","og_type":"article","og_title":"Colazione antisfratto a S.Cu.P. per dire no allo sgombero","og_description":"&nbsp; Esistono luoghi dove la cultura, la partecipazione, la responsabilit\u00e0 verso la gente e il territorio che ci circonda, hanno ancora un significato.","og_url":"https:\/\/www.pressenza.com\/it\/2013\/11\/colazione-antisfratto-s-cu-p-dire-allo-sgombero\/","og_site_name":"Pressenza","article_publisher":"https:\/\/www.facebook.com\/PressenzaItalia","article_published_time":"2013-11-05T17:59:07+00:00","og_image":[{"width":1000,"height":750,"url":"https:\/\/www.pressenza.com\/wp-content\/uploads\/2013\/11\/S.Cu_.P.jpg","type":"image\/jpeg"}],"author":"Chiara Moncada","twitter_card":"summary_large_image","twitter_creator":"@PressenzaIPA","twitter_site":"@PressenzaIPA","twitter_misc":{"Scritto da":"Chiara Moncada","Tempo di lettura stimato":"4 minuti"},"schema":{"@context":"https:\/\/schema.org","@graph":[{"@type":"Article","@id":"https:\/\/www.pressenza.com\/it\/2013\/11\/colazione-antisfratto-s-cu-p-dire-allo-sgombero\/#article","isPartOf":{"@id":"https:\/\/www.pressenza.com\/it\/2013\/11\/colazione-antisfratto-s-cu-p-dire-allo-sgombero\/"},"author":{"name":"Chiara Moncada","@id":"https:\/\/www.pressenza.com\/it\/#\/schema\/person\/24d788702e02dc0ce664fbac60a568b0"},"headline":"Colazione antisfratto a S.Cu.P. per dire no allo sgombero","datePublished":"2013-11-05T17:59:07+00:00","mainEntityOfPage":{"@id":"https:\/\/www.pressenza.com\/it\/2013\/11\/colazione-antisfratto-s-cu-p-dire-allo-sgombero\/"},"wordCount":802,"publisher":{"@id":"https:\/\/www.pressenza.com\/it\/#organization"},"image":{"@id":"https:\/\/www.pressenza.com\/it\/2013\/11\/colazione-antisfratto-s-cu-p-dire-allo-sgombero\/#primaryimage"},"thumbnailUrl":"https:\/\/www.pressenza.com\/wp-content\/uploads\/2013\/11\/S.Cu_.P.jpg","keywords":["centro commerciale","Centro sociale","forze dell\u2019ordine","quartiere","Roma","sfratto"],"articleSection":["Europa","Politica"],"inLanguage":"it-IT"},{"@type":"WebPage","@id":"https:\/\/www.pressenza.com\/it\/2013\/11\/colazione-antisfratto-s-cu-p-dire-allo-sgombero\/","url":"https:\/\/www.pressenza.com\/it\/2013\/11\/colazione-antisfratto-s-cu-p-dire-allo-sgombero\/","name":"Colazione antisfratto a S.Cu.P. per dire no allo sgombero","isPartOf":{"@id":"https:\/\/www.pressenza.com\/it\/#website"},"primaryImageOfPage":{"@id":"https:\/\/www.pressenza.com\/it\/2013\/11\/colazione-antisfratto-s-cu-p-dire-allo-sgombero\/#primaryimage"},"image":{"@id":"https:\/\/www.pressenza.com\/it\/2013\/11\/colazione-antisfratto-s-cu-p-dire-allo-sgombero\/#primaryimage"},"thumbnailUrl":"https:\/\/www.pressenza.com\/wp-content\/uploads\/2013\/11\/S.Cu_.P.jpg","datePublished":"2013-11-05T17:59:07+00:00","description":"&nbsp; Esistono luoghi dove la cultura, la partecipazione, la responsabilit\u00e0 verso la gente e il territorio che ci circonda, hanno ancora un significato.","breadcrumb":{"@id":"https:\/\/www.pressenza.com\/it\/2013\/11\/colazione-antisfratto-s-cu-p-dire-allo-sgombero\/#breadcrumb"},"inLanguage":"it-IT","potentialAction":[{"@type":"ReadAction","target":["https:\/\/www.pressenza.com\/it\/2013\/11\/colazione-antisfratto-s-cu-p-dire-allo-sgombero\/"]}]},{"@type":"ImageObject","inLanguage":"it-IT","@id":"https:\/\/www.pressenza.com\/it\/2013\/11\/colazione-antisfratto-s-cu-p-dire-allo-sgombero\/#primaryimage","url":"https:\/\/www.pressenza.com\/wp-content\/uploads\/2013\/11\/S.Cu_.P.jpg","contentUrl":"https:\/\/www.pressenza.com\/wp-content\/uploads\/2013\/11\/S.Cu_.P.jpg","width":1000,"height":750},{"@type":"BreadcrumbList","@id":"https:\/\/www.pressenza.com\/it\/2013\/11\/colazione-antisfratto-s-cu-p-dire-allo-sgombero\/#breadcrumb","itemListElement":[{"@type":"ListItem","position":1,"name":"Accueil","item":"https:\/\/www.pressenza.com\/it\/"},{"@type":"ListItem","position":2,"name":"Colazione antisfratto a S.Cu.P. per dire no allo sgombero"}]},{"@type":"WebSite","@id":"https:\/\/www.pressenza.com\/it\/#website","url":"https:\/\/www.pressenza.com\/it\/","name":"Pressenza","description":"Agenzia di Stampa Internazionale","publisher":{"@id":"https:\/\/www.pressenza.com\/it\/#organization"},"potentialAction":[{"@type":"SearchAction","target":{"@type":"EntryPoint","urlTemplate":"https:\/\/www.pressenza.com\/it\/?s={search_term_string}"},"query-input":{"@type":"PropertyValueSpecification","valueRequired":true,"valueName":"search_term_string"}}],"inLanguage":"it-IT"},{"@type":"Organization","@id":"https:\/\/www.pressenza.com\/it\/#organization","name":"Pressenza","url":"https:\/\/www.pressenza.com\/it\/","logo":{"@type":"ImageObject","inLanguage":"it-IT","@id":"https:\/\/www.pressenza.com\/it\/#\/schema\/logo\/image\/","url":"https:\/\/www.pressenza.com\/wp-content\/uploads\/2022\/10\/pressenza_logo_200x200.jpg","contentUrl":"https:\/\/www.pressenza.com\/wp-content\/uploads\/2022\/10\/pressenza_logo_200x200.jpg","width":200,"height":200,"caption":"Pressenza"},"image":{"@id":"https:\/\/www.pressenza.com\/it\/#\/schema\/logo\/image\/"},"sameAs":["https:\/\/www.facebook.com\/PressenzaItalia","https:\/\/x.com\/PressenzaIPA"]},{"@type":"Person","@id":"https:\/\/www.pressenza.com\/it\/#\/schema\/person\/24d788702e02dc0ce664fbac60a568b0","name":"Chiara Moncada","description":"Laureata in Scienze Internazionali e Diplomatiche presso l'Universit\u00e0 Alma Mater di Bologna, sede di Forl\u00ec, con una tesi sul governo Lula in Brasile, comincia a scrivere di terzo settore, cooperazione e territorio, per un mensile di Mantova, la sua citt\u00e0. Contemporaneamente si occupa dell'ufficio stampa di un centro culturale giovanile, dove organizza e promuove eventi e manifestazioni culturali. Approdata a Roma nel 2008, comincia a lavorare al Consorzio Citt\u00e0 dell'Altra Economia come progettista e responsabile dei progetti di formazione inerenti l'Altraeconomia, nell'ambito della Banditura FSE. Nel 2008 si appassiona di fotografia e decide di studiarla e approfondirla partecipando a diversi corsi e laboratori. Collabora con Pressenza gi\u00e0 da diversi anni, dove racconta in maniera sempre libera, le manifestazioni e gli eventi a cui partecipa e che meritano di essere raccontati e conosciuti. Crede nell'allegria e nella rivoluzione, quella che si porta nel cuore e quella che ci spinge per le strade del mondo.","url":"https:\/\/www.pressenza.com\/it\/author\/chiara-moncada\/"}]}},"place":"","original_article_url":"","_links":{"self":[{"href":"https:\/\/www.pressenza.com\/it\/wp-json\/wp\/v2\/posts\/75251","targetHints":{"allow":["GET"]}}],"collection":[{"href":"https:\/\/www.pressenza.com\/it\/wp-json\/wp\/v2\/posts"}],"about":[{"href":"https:\/\/www.pressenza.com\/it\/wp-json\/wp\/v2\/types\/post"}],"author":[{"embeddable":true,"href":"https:\/\/www.pressenza.com\/it\/wp-json\/wp\/v2\/users\/1031"}],"replies":[{"embeddable":true,"href":"https:\/\/www.pressenza.com\/it\/wp-json\/wp\/v2\/comments?post=75251"}],"version-history":[{"count":0,"href":"https:\/\/www.pressenza.com\/it\/wp-json\/wp\/v2\/posts\/75251\/revisions"}],"wp:featuredmedia":[{"embeddable":true,"href":"https:\/\/www.pressenza.com\/it\/wp-json\/wp\/v2\/media\/75253"}],"wp:attachment":[{"href":"https:\/\/www.pressenza.com\/it\/wp-json\/wp\/v2\/media?parent=75251"}],"wp:term":[{"taxonomy":"category","embeddable":true,"href":"https:\/\/www.pressenza.com\/it\/wp-json\/wp\/v2\/categories?post=75251"},{"taxonomy":"post_tag","embeddable":true,"href":"https:\/\/www.pressenza.com\/it\/wp-json\/wp\/v2\/tags?post=75251"}],"curies":[{"name":"wp","href":"https:\/\/api.w.org\/{rel}","templated":true}]}}