{"id":752207,"date":"2018-11-08T11:18:12","date_gmt":"2018-11-08T11:18:12","guid":{"rendered":"https:\/\/www.pressenza.com\/?p=752207"},"modified":"2018-11-08T11:18:12","modified_gmt":"2018-11-08T11:18:12","slug":"una-scuola-che-si-fa-amare-e-possibile-abbiamo-bisogno-di-educarci-ed-educare-alla-nonviolenza","status":"publish","type":"post","link":"https:\/\/www.pressenza.com\/it\/2018\/11\/una-scuola-che-si-fa-amare-e-possibile-abbiamo-bisogno-di-educarci-ed-educare-alla-nonviolenza\/","title":{"rendered":"Una scuola che si fa amare \u00e8 possibile: abbiamo bisogno di educarci ed educare alla nonviolenza"},"content":{"rendered":"<p><strong>Sabato 17 novembre 2018 dalle 12 alle 14<\/strong><\/p>\n<p><strong>Casa Emergency, via Santa Croce 19, Milano<\/strong><\/p>\n<p><strong>Bookcity 2018<\/strong><\/p>\n<p>Organizzato da\u00a0<a href=\"https:\/\/www.facebook.com\/centrononviolenzattiva\/?eid=ARDvv5fYQF-o7xaVOp7JZqRmB0k4tqR7IL1Qp5tuQFArQDD6MjLeZEBMhTv0zJEEY8FdwDBGXdk4-a-7\" data-hovercard=\"\/ajax\/hovercard\/page.php?id=1664416717134277&amp;extragetparams=%7B%22eid%22%3A%22ARDvv5fYQF-o7xaVOp7JZqRmB0k4tqR7IL1Qp5tuQFArQDD6MjLeZEBMhTv0zJEEY8FdwDBGXdk4-a-7%22%7D\" data-hovercard-position=\"below\" aria-describedby=\"u_1x_1\" aria-owns=\"js_1h9\">Centro di Nonviolenza Attiva<\/a><\/p>\n<p>Il ruolo dei genitori, dei docenti, di tutta la comunit\u00e0 educante \u00e8 sempre pi\u00f9 rilevante nei tempi a venire. Il compito \u00e8 far s\u00ec che l\u2019essere umano abiliti tutte le capacit\u00e0 che lo definiscono umano e nonviolento e che superi la dicotomia tra interiorit\u00e0 e esteriorit\u00e0, \u00a0per porre fine all&#8217;attuale paradigma culturale patriarcale, prevaricatore e violento.<\/p>\n<p>La scuola pu\u00f2 essere la fucina\u00a0di una societ\u00e0 nonviolenta? Quali strumenti per educarsi ed educare ad una relazione generativa nonviolenta ed empatica? Una rete di scuole, docenti, \u00a0genitori, associazioni, educatori ed educatrici \u00e8 gi\u00e0 in moto con un progetto sperimentale in collaborazione con l&#8217;Universit\u00e0 degli Studi di Milano-Bicocca.<\/p>\n<p>Partecipano:<\/p>\n<p>Gabriella Falcicchio, docente presso il dipartimento di Scienze della Formazione dell&#8217;Universit\u00e0 di Bari<\/p>\n<p>Annabella Coiro, studiosa di educazione alla nonviolenza del Centro di Nonviolenza Attiva di Milano<\/p>\n<p>Presenta: Emanuela Fumagalli, referente del progetto HumanZone<\/p>\n<p>&nbsp;<\/p>\n","protected":false},"excerpt":{"rendered":"<p>Sabato 17 novembre 2018 dalle 12 alle 14 Casa Emergency, via Santa Croce 19, Milano Bookcity 2018 Organizzato da\u00a0Centro di Nonviolenza Attiva Il ruolo dei genitori, dei docenti, di tutta la comunit\u00e0 educante \u00e8 sempre pi\u00f9 rilevante nei tempi a&hellip;<\/p>\n","protected":false},"author":594,"featured_media":752208,"comment_status":"closed","ping_status":"closed","sticky":false,"template":"","format":"standard","meta":{"footnotes":""},"categories":[1258,47,1262],"tags":[41835,20102,51560,3011],"class_list":["post-752207","post","type-post","status-publish","format-standard","has-post-thumbnail","hentry","category-educazione","category-europa","category-nonviolenza-argomento","tag-bookcity","tag-centro-di-nonviolenza-attiva","tag-progetto-humanzone","tag-scuola"],"yoast_head":"<!-- This site is optimized with the Yoast SEO plugin v27.1.1 - https:\/\/yoast.com\/product\/yoast-seo-wordpress\/ -->\n<title>Una scuola che si fa amare \u00e8 possibile: abbiamo bisogno di educarci ed educare alla nonviolenza<\/title>\n<meta name=\"description\" content=\"Sabato 17 novembre 2018 dalle 12 alle 14 Casa Emergency, via Santa Croce 19, Milano Bookcity 2018 Organizzato da\u00a0Centro di Nonviolenza Attiva Il ruolo dei\" \/>\n<meta name=\"robots\" content=\"index, follow, max-snippet:-1, max-image-preview:large, max-video-preview:-1\" \/>\n<link rel=\"canonical\" href=\"https:\/\/www.pressenza.com\/it\/2018\/11\/una-scuola-che-si-fa-amare-e-possibile-abbiamo-bisogno-di-educarci-ed-educare-alla-nonviolenza\/\" \/>\n<meta property=\"og:locale\" content=\"it_IT\" \/>\n<meta property=\"og:type\" content=\"article\" \/>\n<meta property=\"og:title\" content=\"Una scuola che si fa amare \u00e8 possibile: abbiamo bisogno di educarci ed educare alla nonviolenza\" \/>\n<meta property=\"og:description\" content=\"Sabato 17 novembre 2018 dalle 12 alle 14 Casa Emergency, via Santa Croce 19, Milano Bookcity 2018 Organizzato da\u00a0Centro di Nonviolenza Attiva Il ruolo dei\" \/>\n<meta property=\"og:url\" content=\"https:\/\/www.pressenza.com\/it\/2018\/11\/una-scuola-che-si-fa-amare-e-possibile-abbiamo-bisogno-di-educarci-ed-educare-alla-nonviolenza\/\" \/>\n<meta property=\"og:site_name\" content=\"Pressenza\" \/>\n<meta property=\"article:publisher\" content=\"https:\/\/www.facebook.com\/PressenzaItalia\" \/>\n<meta property=\"article:author\" content=\"https:\/\/www.facebook.com\/PressenzaItalia\" \/>\n<meta property=\"article:published_time\" content=\"2018-11-08T11:18:12+00:00\" \/>\n<meta property=\"og:image\" content=\"https:\/\/www.pressenza.com\/wp-content\/uploads\/2018\/11\/I-love-nonviolenza.jpg\" \/>\n\t<meta property=\"og:image:width\" content=\"1171\" \/>\n\t<meta property=\"og:image:height\" content=\"531\" \/>\n\t<meta property=\"og:image:type\" content=\"image\/jpeg\" \/>\n<meta name=\"author\" content=\"Redazione Italia\" \/>\n<meta name=\"twitter:card\" content=\"summary_large_image\" \/>\n<meta name=\"twitter:creator\" content=\"@pressenza_it\" \/>\n<meta name=\"twitter:site\" content=\"@PressenzaIPA\" \/>\n<meta name=\"twitter:label1\" content=\"Scritto da\" \/>\n\t<meta name=\"twitter:data1\" content=\"Redazione Italia\" \/>\n\t<meta name=\"twitter:label2\" content=\"Tempo di lettura stimato\" \/>\n\t<meta name=\"twitter:data2\" content=\"1 minuto\" \/>\n<script type=\"application\/ld+json\" class=\"yoast-schema-graph\">{\"@context\":\"https:\/\/schema.org\",\"@graph\":[{\"@type\":\"Article\",\"@id\":\"https:\/\/www.pressenza.com\/it\/2018\/11\/una-scuola-che-si-fa-amare-e-possibile-abbiamo-bisogno-di-educarci-ed-educare-alla-nonviolenza\/#article\",\"isPartOf\":{\"@id\":\"https:\/\/www.pressenza.com\/it\/2018\/11\/una-scuola-che-si-fa-amare-e-possibile-abbiamo-bisogno-di-educarci-ed-educare-alla-nonviolenza\/\"},\"author\":{\"name\":\"Redazione Italia\",\"@id\":\"https:\/\/www.pressenza.com\/it\/#\/schema\/person\/d983e81827ae24f2c7b1a2123d197f8d\"},\"headline\":\"Una scuola che si fa amare \u00e8 possibile: abbiamo bisogno di educarci ed educare alla nonviolenza\",\"datePublished\":\"2018-11-08T11:18:12+00:00\",\"mainEntityOfPage\":{\"@id\":\"https:\/\/www.pressenza.com\/it\/2018\/11\/una-scuola-che-si-fa-amare-e-possibile-abbiamo-bisogno-di-educarci-ed-educare-alla-nonviolenza\/\"},\"wordCount\":174,\"publisher\":{\"@id\":\"https:\/\/www.pressenza.com\/it\/#organization\"},\"image\":{\"@id\":\"https:\/\/www.pressenza.com\/it\/2018\/11\/una-scuola-che-si-fa-amare-e-possibile-abbiamo-bisogno-di-educarci-ed-educare-alla-nonviolenza\/#primaryimage\"},\"thumbnailUrl\":\"https:\/\/www.pressenza.com\/wp-content\/uploads\/2018\/11\/I-love-nonviolenza.jpg\",\"keywords\":[\"Bookcity\",\"Centro di Nonviolenza Attiva\",\"progetto HumanZone\",\"scuola\"],\"articleSection\":[\"Educazione\",\"Europa\",\"Nonviolenza\"],\"inLanguage\":\"it-IT\"},{\"@type\":\"WebPage\",\"@id\":\"https:\/\/www.pressenza.com\/it\/2018\/11\/una-scuola-che-si-fa-amare-e-possibile-abbiamo-bisogno-di-educarci-ed-educare-alla-nonviolenza\/\",\"url\":\"https:\/\/www.pressenza.com\/it\/2018\/11\/una-scuola-che-si-fa-amare-e-possibile-abbiamo-bisogno-di-educarci-ed-educare-alla-nonviolenza\/\",\"name\":\"Una scuola che si fa amare \u00e8 possibile: abbiamo bisogno di educarci ed educare alla nonviolenza\",\"isPartOf\":{\"@id\":\"https:\/\/www.pressenza.com\/it\/#website\"},\"primaryImageOfPage\":{\"@id\":\"https:\/\/www.pressenza.com\/it\/2018\/11\/una-scuola-che-si-fa-amare-e-possibile-abbiamo-bisogno-di-educarci-ed-educare-alla-nonviolenza\/#primaryimage\"},\"image\":{\"@id\":\"https:\/\/www.pressenza.com\/it\/2018\/11\/una-scuola-che-si-fa-amare-e-possibile-abbiamo-bisogno-di-educarci-ed-educare-alla-nonviolenza\/#primaryimage\"},\"thumbnailUrl\":\"https:\/\/www.pressenza.com\/wp-content\/uploads\/2018\/11\/I-love-nonviolenza.jpg\",\"datePublished\":\"2018-11-08T11:18:12+00:00\",\"description\":\"Sabato 17 novembre 2018 dalle 12 alle 14 Casa Emergency, via Santa Croce 19, Milano Bookcity 2018 Organizzato da\u00a0Centro di Nonviolenza Attiva Il ruolo dei\",\"breadcrumb\":{\"@id\":\"https:\/\/www.pressenza.com\/it\/2018\/11\/una-scuola-che-si-fa-amare-e-possibile-abbiamo-bisogno-di-educarci-ed-educare-alla-nonviolenza\/#breadcrumb\"},\"inLanguage\":\"it-IT\",\"potentialAction\":[{\"@type\":\"ReadAction\",\"target\":[\"https:\/\/www.pressenza.com\/it\/2018\/11\/una-scuola-che-si-fa-amare-e-possibile-abbiamo-bisogno-di-educarci-ed-educare-alla-nonviolenza\/\"]}]},{\"@type\":\"ImageObject\",\"inLanguage\":\"it-IT\",\"@id\":\"https:\/\/www.pressenza.com\/it\/2018\/11\/una-scuola-che-si-fa-amare-e-possibile-abbiamo-bisogno-di-educarci-ed-educare-alla-nonviolenza\/#primaryimage\",\"url\":\"https:\/\/www.pressenza.com\/wp-content\/uploads\/2018\/11\/I-love-nonviolenza.jpg\",\"contentUrl\":\"https:\/\/www.pressenza.com\/wp-content\/uploads\/2018\/11\/I-love-nonviolenza.jpg\",\"width\":1171,\"height\":531},{\"@type\":\"BreadcrumbList\",\"@id\":\"https:\/\/www.pressenza.com\/it\/2018\/11\/una-scuola-che-si-fa-amare-e-possibile-abbiamo-bisogno-di-educarci-ed-educare-alla-nonviolenza\/#breadcrumb\",\"itemListElement\":[{\"@type\":\"ListItem\",\"position\":1,\"name\":\"Accueil\",\"item\":\"https:\/\/www.pressenza.com\/it\/\"},{\"@type\":\"ListItem\",\"position\":2,\"name\":\"Una scuola che si fa amare \u00e8 possibile: abbiamo bisogno di educarci ed educare alla nonviolenza\"}]},{\"@type\":\"WebSite\",\"@id\":\"https:\/\/www.pressenza.com\/it\/#website\",\"url\":\"https:\/\/www.pressenza.com\/it\/\",\"name\":\"Pressenza\",\"description\":\"Agenzia di Stampa Internazionale\",\"publisher\":{\"@id\":\"https:\/\/www.pressenza.com\/it\/#organization\"},\"potentialAction\":[{\"@type\":\"SearchAction\",\"target\":{\"@type\":\"EntryPoint\",\"urlTemplate\":\"https:\/\/www.pressenza.com\/it\/?s={search_term_string}\"},\"query-input\":{\"@type\":\"PropertyValueSpecification\",\"valueRequired\":true,\"valueName\":\"search_term_string\"}}],\"inLanguage\":\"it-IT\"},{\"@type\":\"Organization\",\"@id\":\"https:\/\/www.pressenza.com\/it\/#organization\",\"name\":\"Pressenza\",\"url\":\"https:\/\/www.pressenza.com\/it\/\",\"logo\":{\"@type\":\"ImageObject\",\"inLanguage\":\"it-IT\",\"@id\":\"https:\/\/www.pressenza.com\/it\/#\/schema\/logo\/image\/\",\"url\":\"https:\/\/www.pressenza.com\/wp-content\/uploads\/2022\/10\/pressenza_logo_200x200.jpg\",\"contentUrl\":\"https:\/\/www.pressenza.com\/wp-content\/uploads\/2022\/10\/pressenza_logo_200x200.jpg\",\"width\":200,\"height\":200,\"caption\":\"Pressenza\"},\"image\":{\"@id\":\"https:\/\/www.pressenza.com\/it\/#\/schema\/logo\/image\/\"},\"sameAs\":[\"https:\/\/www.facebook.com\/PressenzaItalia\",\"https:\/\/x.com\/PressenzaIPA\"]},{\"@type\":\"Person\",\"@id\":\"https:\/\/www.pressenza.com\/it\/#\/schema\/person\/d983e81827ae24f2c7b1a2123d197f8d\",\"name\":\"Redazione Italia\",\"description\":\"News from the Pressenza Bureau in Italy\",\"sameAs\":[\"https:\/\/www.pressenza.com\/it\/author\/redazione-italia\/\",\"https:\/\/www.facebook.com\/PressenzaItalia\",\"https:\/\/www.instagram.com\/pressenza_italia\/\",\"https:\/\/x.com\/pressenza_it\",\"https:\/\/www.youtube.com\/channel\/UCSalEIWjE1RSxkwjfftFuqg\"],\"url\":\"https:\/\/www.pressenza.com\/it\/author\/redazione-italia\/\"}]}<\/script>\n<!-- \/ Yoast SEO plugin. -->","yoast_head_json":{"title":"Una scuola che si fa amare \u00e8 possibile: abbiamo bisogno di educarci ed educare alla nonviolenza","description":"Sabato 17 novembre 2018 dalle 12 alle 14 Casa Emergency, via Santa Croce 19, Milano Bookcity 2018 Organizzato da\u00a0Centro di Nonviolenza Attiva Il ruolo dei","robots":{"index":"index","follow":"follow","max-snippet":"max-snippet:-1","max-image-preview":"max-image-preview:large","max-video-preview":"max-video-preview:-1"},"canonical":"https:\/\/www.pressenza.com\/it\/2018\/11\/una-scuola-che-si-fa-amare-e-possibile-abbiamo-bisogno-di-educarci-ed-educare-alla-nonviolenza\/","og_locale":"it_IT","og_type":"article","og_title":"Una scuola che si fa amare \u00e8 possibile: abbiamo bisogno di educarci ed educare alla nonviolenza","og_description":"Sabato 17 novembre 2018 dalle 12 alle 14 Casa Emergency, via Santa Croce 19, Milano Bookcity 2018 Organizzato da\u00a0Centro di Nonviolenza Attiva Il ruolo dei","og_url":"https:\/\/www.pressenza.com\/it\/2018\/11\/una-scuola-che-si-fa-amare-e-possibile-abbiamo-bisogno-di-educarci-ed-educare-alla-nonviolenza\/","og_site_name":"Pressenza","article_publisher":"https:\/\/www.facebook.com\/PressenzaItalia","article_author":"https:\/\/www.facebook.com\/PressenzaItalia","article_published_time":"2018-11-08T11:18:12+00:00","og_image":[{"width":1171,"height":531,"url":"https:\/\/www.pressenza.com\/wp-content\/uploads\/2018\/11\/I-love-nonviolenza.jpg","type":"image\/jpeg"}],"author":"Redazione Italia","twitter_card":"summary_large_image","twitter_creator":"@pressenza_it","twitter_site":"@PressenzaIPA","twitter_misc":{"Scritto da":"Redazione Italia","Tempo di lettura stimato":"1 minuto"},"schema":{"@context":"https:\/\/schema.org","@graph":[{"@type":"Article","@id":"https:\/\/www.pressenza.com\/it\/2018\/11\/una-scuola-che-si-fa-amare-e-possibile-abbiamo-bisogno-di-educarci-ed-educare-alla-nonviolenza\/#article","isPartOf":{"@id":"https:\/\/www.pressenza.com\/it\/2018\/11\/una-scuola-che-si-fa-amare-e-possibile-abbiamo-bisogno-di-educarci-ed-educare-alla-nonviolenza\/"},"author":{"name":"Redazione Italia","@id":"https:\/\/www.pressenza.com\/it\/#\/schema\/person\/d983e81827ae24f2c7b1a2123d197f8d"},"headline":"Una scuola che si fa amare \u00e8 possibile: abbiamo bisogno di educarci ed educare alla nonviolenza","datePublished":"2018-11-08T11:18:12+00:00","mainEntityOfPage":{"@id":"https:\/\/www.pressenza.com\/it\/2018\/11\/una-scuola-che-si-fa-amare-e-possibile-abbiamo-bisogno-di-educarci-ed-educare-alla-nonviolenza\/"},"wordCount":174,"publisher":{"@id":"https:\/\/www.pressenza.com\/it\/#organization"},"image":{"@id":"https:\/\/www.pressenza.com\/it\/2018\/11\/una-scuola-che-si-fa-amare-e-possibile-abbiamo-bisogno-di-educarci-ed-educare-alla-nonviolenza\/#primaryimage"},"thumbnailUrl":"https:\/\/www.pressenza.com\/wp-content\/uploads\/2018\/11\/I-love-nonviolenza.jpg","keywords":["Bookcity","Centro di Nonviolenza Attiva","progetto HumanZone","scuola"],"articleSection":["Educazione","Europa","Nonviolenza"],"inLanguage":"it-IT"},{"@type":"WebPage","@id":"https:\/\/www.pressenza.com\/it\/2018\/11\/una-scuola-che-si-fa-amare-e-possibile-abbiamo-bisogno-di-educarci-ed-educare-alla-nonviolenza\/","url":"https:\/\/www.pressenza.com\/it\/2018\/11\/una-scuola-che-si-fa-amare-e-possibile-abbiamo-bisogno-di-educarci-ed-educare-alla-nonviolenza\/","name":"Una scuola che si fa amare \u00e8 possibile: abbiamo bisogno di educarci ed educare alla nonviolenza","isPartOf":{"@id":"https:\/\/www.pressenza.com\/it\/#website"},"primaryImageOfPage":{"@id":"https:\/\/www.pressenza.com\/it\/2018\/11\/una-scuola-che-si-fa-amare-e-possibile-abbiamo-bisogno-di-educarci-ed-educare-alla-nonviolenza\/#primaryimage"},"image":{"@id":"https:\/\/www.pressenza.com\/it\/2018\/11\/una-scuola-che-si-fa-amare-e-possibile-abbiamo-bisogno-di-educarci-ed-educare-alla-nonviolenza\/#primaryimage"},"thumbnailUrl":"https:\/\/www.pressenza.com\/wp-content\/uploads\/2018\/11\/I-love-nonviolenza.jpg","datePublished":"2018-11-08T11:18:12+00:00","description":"Sabato 17 novembre 2018 dalle 12 alle 14 Casa Emergency, via Santa Croce 19, Milano Bookcity 2018 Organizzato da\u00a0Centro di Nonviolenza Attiva Il ruolo dei","breadcrumb":{"@id":"https:\/\/www.pressenza.com\/it\/2018\/11\/una-scuola-che-si-fa-amare-e-possibile-abbiamo-bisogno-di-educarci-ed-educare-alla-nonviolenza\/#breadcrumb"},"inLanguage":"it-IT","potentialAction":[{"@type":"ReadAction","target":["https:\/\/www.pressenza.com\/it\/2018\/11\/una-scuola-che-si-fa-amare-e-possibile-abbiamo-bisogno-di-educarci-ed-educare-alla-nonviolenza\/"]}]},{"@type":"ImageObject","inLanguage":"it-IT","@id":"https:\/\/www.pressenza.com\/it\/2018\/11\/una-scuola-che-si-fa-amare-e-possibile-abbiamo-bisogno-di-educarci-ed-educare-alla-nonviolenza\/#primaryimage","url":"https:\/\/www.pressenza.com\/wp-content\/uploads\/2018\/11\/I-love-nonviolenza.jpg","contentUrl":"https:\/\/www.pressenza.com\/wp-content\/uploads\/2018\/11\/I-love-nonviolenza.jpg","width":1171,"height":531},{"@type":"BreadcrumbList","@id":"https:\/\/www.pressenza.com\/it\/2018\/11\/una-scuola-che-si-fa-amare-e-possibile-abbiamo-bisogno-di-educarci-ed-educare-alla-nonviolenza\/#breadcrumb","itemListElement":[{"@type":"ListItem","position":1,"name":"Accueil","item":"https:\/\/www.pressenza.com\/it\/"},{"@type":"ListItem","position":2,"name":"Una scuola che si fa amare \u00e8 possibile: abbiamo bisogno di educarci ed educare alla nonviolenza"}]},{"@type":"WebSite","@id":"https:\/\/www.pressenza.com\/it\/#website","url":"https:\/\/www.pressenza.com\/it\/","name":"Pressenza","description":"Agenzia di Stampa Internazionale","publisher":{"@id":"https:\/\/www.pressenza.com\/it\/#organization"},"potentialAction":[{"@type":"SearchAction","target":{"@type":"EntryPoint","urlTemplate":"https:\/\/www.pressenza.com\/it\/?s={search_term_string}"},"query-input":{"@type":"PropertyValueSpecification","valueRequired":true,"valueName":"search_term_string"}}],"inLanguage":"it-IT"},{"@type":"Organization","@id":"https:\/\/www.pressenza.com\/it\/#organization","name":"Pressenza","url":"https:\/\/www.pressenza.com\/it\/","logo":{"@type":"ImageObject","inLanguage":"it-IT","@id":"https:\/\/www.pressenza.com\/it\/#\/schema\/logo\/image\/","url":"https:\/\/www.pressenza.com\/wp-content\/uploads\/2022\/10\/pressenza_logo_200x200.jpg","contentUrl":"https:\/\/www.pressenza.com\/wp-content\/uploads\/2022\/10\/pressenza_logo_200x200.jpg","width":200,"height":200,"caption":"Pressenza"},"image":{"@id":"https:\/\/www.pressenza.com\/it\/#\/schema\/logo\/image\/"},"sameAs":["https:\/\/www.facebook.com\/PressenzaItalia","https:\/\/x.com\/PressenzaIPA"]},{"@type":"Person","@id":"https:\/\/www.pressenza.com\/it\/#\/schema\/person\/d983e81827ae24f2c7b1a2123d197f8d","name":"Redazione Italia","description":"News from the Pressenza Bureau in Italy","sameAs":["https:\/\/www.pressenza.com\/it\/author\/redazione-italia\/","https:\/\/www.facebook.com\/PressenzaItalia","https:\/\/www.instagram.com\/pressenza_italia\/","https:\/\/x.com\/pressenza_it","https:\/\/www.youtube.com\/channel\/UCSalEIWjE1RSxkwjfftFuqg"],"url":"https:\/\/www.pressenza.com\/it\/author\/redazione-italia\/"}]}},"place":"Milano","original_article_url":"","_links":{"self":[{"href":"https:\/\/www.pressenza.com\/it\/wp-json\/wp\/v2\/posts\/752207","targetHints":{"allow":["GET"]}}],"collection":[{"href":"https:\/\/www.pressenza.com\/it\/wp-json\/wp\/v2\/posts"}],"about":[{"href":"https:\/\/www.pressenza.com\/it\/wp-json\/wp\/v2\/types\/post"}],"author":[{"embeddable":true,"href":"https:\/\/www.pressenza.com\/it\/wp-json\/wp\/v2\/users\/594"}],"replies":[{"embeddable":true,"href":"https:\/\/www.pressenza.com\/it\/wp-json\/wp\/v2\/comments?post=752207"}],"version-history":[{"count":0,"href":"https:\/\/www.pressenza.com\/it\/wp-json\/wp\/v2\/posts\/752207\/revisions"}],"wp:featuredmedia":[{"embeddable":true,"href":"https:\/\/www.pressenza.com\/it\/wp-json\/wp\/v2\/media\/752208"}],"wp:attachment":[{"href":"https:\/\/www.pressenza.com\/it\/wp-json\/wp\/v2\/media?parent=752207"}],"wp:term":[{"taxonomy":"category","embeddable":true,"href":"https:\/\/www.pressenza.com\/it\/wp-json\/wp\/v2\/categories?post=752207"},{"taxonomy":"post_tag","embeddable":true,"href":"https:\/\/www.pressenza.com\/it\/wp-json\/wp\/v2\/tags?post=752207"}],"curies":[{"name":"wp","href":"https:\/\/api.w.org\/{rel}","templated":true}]}}