{"id":751849,"date":"2018-11-07T18:46:21","date_gmt":"2018-11-07T18:46:21","guid":{"rendered":"https:\/\/www.pressenza.com\/?p=751849"},"modified":"2018-11-07T19:39:30","modified_gmt":"2018-11-07T19:39:30","slug":"il-senato-approva-il-dl-sicurezza-e-immigrazione-un-provvedimento-che-provochera-un-aumento-dellirregolarita","status":"publish","type":"post","link":"https:\/\/www.pressenza.com\/it\/2018\/11\/il-senato-approva-il-dl-sicurezza-e-immigrazione-un-provvedimento-che-provochera-un-aumento-dellirregolarita\/","title":{"rendered":"Il Senato approva il Dl Sicurezza e Immigrazione, un provvedimento che provocher\u00e0 un aumento dell\u2019irregolarit\u00e0"},"content":{"rendered":"<p><span id=\"msgText_new_message_draft1541610304531_4d480744-1718-46cc-a026-ceb11728cd28\" dir=\"ltr\"><span style=\"font-family: sans-serif; font-size: small;\">Il Decreto-Legge 4 ottobre 2018, n.113, su cui il governo ha posto la questione di fiducia, introduce nella prima parte radicali cambiamenti nella disciplina dell&#8217;asilo, dell&#8217;immigrazione e della cittadinanza.<\/span> <\/span><\/p>\n<p><span id=\"msgText_new_message_draft1541610304531_4d480744-1718-46cc-a026-ceb11728cd28\" dir=\"ltr\"><span style=\"font-family: sans-serif; font-size: small;\">In primo luogo siamo preoccupati del passaggio dal permesso di soggiorno per motivi umanitari (pensato come clausola generale dalla precedente disciplina) ad un ristretto numero di permessi di soggiorno per &#8220;casi speciali&#8221;, che rischia di far cadere in una condizione di irregolarit\u00e0 le circa 140.000 persone titolari di un permesso di soggiorno per motivi umanitari, tra cui anche neomaggiorenni, esponendoli al rischio di povert\u00e0 estrema, di marginalit\u00e0 e di devianza.<\/span> <\/span><\/p>\n<p><span id=\"msgText_new_message_draft1541610304531_4d480744-1718-46cc-a026-ceb11728cd28\" dir=\"ltr\"><span style=\"font-family: sans-serif; font-size: small;\">Dei casi speciali, ci preoccupa che tali permessi di soggiorno siano configurati come autorizzazioni precarie, quasi sempre non rinnovabili e non convertibili, ad esempio, in un permesso di soggiorno per motivi di lavoro. Questo significa che, dopo il primo anno di applicazione della nuova disciplina, si produrr\u00e0 irregolarit\u00e0 e lavoro nero. <\/span> <\/span><\/p>\n<p><span id=\"msgText_new_message_draft1541610304531_4d480744-1718-46cc-a026-ceb11728cd28\" dir=\"ltr\"><span style=\"font-family: sans-serif; font-size: small;\">Si va dunque generando, in nome della sicurezza, un inasprimento della disciplina del soggiorno che aumenter\u00e0 l&#8217;illegalit\u00e0, render\u00e0 pi\u00f9 fragile la coesione sociale, render\u00e0 pi\u00f9 difficile per le imprese reperire legalmente mano d&#8217;opera giovane e motivata, ad esclusivo vantaggio degli imprenditori disonesti e della criminalit\u00e0 organizzata. <\/span> <\/span><\/p>\n<p><span id=\"msgText_new_message_draft1541610304531_4d480744-1718-46cc-a026-ceb11728cd28\" dir=\"ltr\"><span style=\"font-family: sans-serif; font-size: small;\">Il sistema di accoglienza pubblico Sprar viene sacrificato a favore dell\u2019accoglienza straordinaria (CAS), che presenta standard di qualit\u00e0 oggettivamente inferiori a quelli dello SPRAR. Si diffondono cos\u00ec inoltre \u00a0\u00a0grandi centri d\u2019accoglienza collettivi. <\/span> <\/span><\/p>\n<p><span id=\"msgText_new_message_draft1541610304531_4d480744-1718-46cc-a026-ceb11728cd28\" dir=\"ltr\"><span style=\"font-family: sans-serif; font-size: small;\">Il decreto comporta serie implicazioni per il diritto alla salute, sia rispetto alla possibilit\u00e0 di accedere pienamente al SSN, sia rispetto alle condizioni sociali che concorrono a determinare la salute fisica e mentale delle persone. <\/span> <\/span><span id=\"msgText_new_message_draft1541610304531_4d480744-1718-46cc-a026-ceb11728cd28\" dir=\"ltr\"><span style=\"font-family: sans-serif; font-size: small;\">Appare inoltre di estrema gravit\u00e0 lasciare che i bambini che arrivano in Italia con la propria famiglia rimangano \u00a0senza una presa in carico immediata e un\u2019accoglienza dedicata.<\/span> <\/span><\/p>\n<p><span id=\"msgText_new_message_draft1541610304531_4d480744-1718-46cc-a026-ceb11728cd28\" dir=\"ltr\"><span style=\"font-family: sans-serif; font-size: small;\">Siamo invece convinti che non possa esservi davvero sicurezza senza la consapevolezza che, di fronte all\u2019assenza di flussi di ingresso regolare e a un drastico calo degli sbarchi, occorre favorire al massimo l\u2019integrazione e non avventurarsi in norme che rischiano di allargare l\u2019irregolarit\u00e0.<\/span> <span style=\"font-family: sans-serif; font-size: small;\">Il Tavolo Asilo guarda dunque con grande preoccupazione al mancato \u00a0senso di responsabilit\u00e0 istituzionale nelle politiche sull&#8217;immigrazione.\u00a0\u00a0 <\/span> <\/span><\/p>\n<p><span id=\"msgText_new_message_draft1541610304531_4d480744-1718-46cc-a026-ceb11728cd28\" dir=\"ltr\"><span style=\"font-family: sans-serif; font-size: small;\">In particolare consideriamo inutile e sbagliato impegnare risorse per l\u2019allungamento \u00a0della detenzione amministrativa degli stranieri, provvedimento che in passato ha gi\u00e0 dimostrato di essere inefficace. <\/span> <span style=\"font-family: sans-serif; font-size: small;\">Nel contempo le politiche di promozione dell&#8217;integrazione vengono sacrificate, sottraendo risorse umane e finanziarie.<\/span> <span style=\"font-family: sans-serif; font-size: small;\">Per la stessa protezione internazionale sono previste procedure basate solo sulla celerit\u00e0, che riducono lo spazio del diritto d\u2019asilo, senza garantire un giusto procedimento e in molti casi senza nemmeno consentire l&#8217;ingresso del richiedente asilo sul territorio nazionale.<\/span> <\/span><\/p>\n<p><span id=\"msgText_new_message_draft1541610304531_4d480744-1718-46cc-a026-ceb11728cd28\" dir=\"ltr\"><span style=\"font-family: sans-serif; font-size: small;\">Ci preoccupa anche l\u2019aumento delle pene detentive motivate solo dalla irregolarit\u00e0 del soggiorno per coloro che sono stati respinti od espulsi. <\/span> <span style=\"font-family: sans-serif; font-size: small;\">Infine ci preoccupa la grave involuzione di civilt\u00e0 giuridica rispetto alle procedure per l&#8217;acquisto della cittadinanza. <\/span> <span style=\"font-family: sans-serif; font-size: small;\">Appare infatti fortemente discriminatoria la decisione di determinare in ben 48 mesi il termine per la definizione delle domande di cittadinanza da parte di persone residenti in Italia gi\u00e0 da molti anni. \u00a0<\/span> <\/span><\/p>\n<p><span id=\"msgText_new_message_draft1541610304531_4d480744-1718-46cc-a026-ceb11728cd28\" dir=\"ltr\"><span style=\"font-family: sans-serif; font-size: small;\">Purtroppo, con la votazione della fiducia, nessun dibattito in aula \u00e8 stato possibile al Senato. Tuttavia continuiamo a sostenere che per il bene del Paese e la sicurezza di tutti non conviene aumentare l\u2019irregolarit\u00e0 ma rafforzare i percorsi di integrazione.<\/span> <\/span><\/p>\n<p><span id=\"msgText_new_message_draft1541610304531_4d480744-1718-46cc-a026-ceb11728cd28\" dir=\"ltr\"><span style=\"font-family: sans-serif; font-size: small;\">Per il \u00a0Tavolo Asilo Nazionale: A Buon Diritto, Acli, Action Aid, Amnesty International Italia, Arci, Asgi, Avvocato di Strada, Casa dei Diritti Sociali. Centro Astalli, Cir, Cnca, Comunit\u00e0 di S. Egidio, Emergency, Federazione Chiese Evangeliche in Italia, Intersos, Medici Senza Frontiere, Medici per i Diritti Umani, M\u00e8dicine du Monde Missione Italia, Oxfam Italia, Save the Children Italia, Senza Confine<\/span><\/span><\/p>\n","protected":false},"excerpt":{"rendered":"<p>Il Decreto-Legge 4 ottobre 2018, n.113, su cui il governo ha posto la questione di fiducia, introduce nella prima parte radicali cambiamenti nella disciplina dell&#8217;asilo, dell&#8217;immigrazione e della cittadinanza. In primo luogo siamo preoccupati del passaggio dal permesso di soggiorno&hellip;<\/p>\n","protected":false},"author":432,"featured_media":751862,"comment_status":"closed","ping_status":"closed","sticky":false,"template":"","format":"standard","meta":{"footnotes":""},"categories":[150,47,55],"tags":[7571,40303,5443,51539,1088,34408,803,23814],"class_list":["post-751849","post","type-post","status-publish","format-standard","has-post-thumbnail","hentry","category-comunicati-stampa","category-europa","category-politica","tag-accoglienza","tag-cas","tag-cittadinanza","tag-dl-sicurezza-e-immigrazione","tag-immigrazione","tag-permesso-di-soggiorno","tag-sanita","tag-sprar"],"yoast_head":"<!-- This site is optimized with the Yoast SEO plugin v27.1.1 - https:\/\/yoast.com\/product\/yoast-seo-wordpress\/ -->\n<title>Il Senato approva il Dl Sicurezza e Immigrazione, un provvedimento che provocher\u00e0 un aumento dell\u2019irregolarit\u00e0<\/title>\n<meta name=\"description\" content=\"Il Decreto-Legge 4 ottobre 2018, n.113, su cui il governo ha posto la questione di fiducia, introduce nella prima parte radicali cambiamenti nella\" \/>\n<meta name=\"robots\" content=\"index, follow, max-snippet:-1, max-image-preview:large, max-video-preview:-1\" \/>\n<link rel=\"canonical\" href=\"https:\/\/www.pressenza.com\/it\/2018\/11\/il-senato-approva-il-dl-sicurezza-e-immigrazione-un-provvedimento-che-provochera-un-aumento-dellirregolarita\/\" \/>\n<meta property=\"og:locale\" content=\"it_IT\" \/>\n<meta property=\"og:type\" content=\"article\" \/>\n<meta property=\"og:title\" content=\"Il Senato approva il Dl Sicurezza e Immigrazione, un provvedimento che provocher\u00e0 un aumento dell\u2019irregolarit\u00e0\" \/>\n<meta property=\"og:description\" content=\"Il Decreto-Legge 4 ottobre 2018, n.113, su cui il governo ha posto la questione di fiducia, introduce nella prima parte radicali cambiamenti nella\" \/>\n<meta property=\"og:url\" content=\"https:\/\/www.pressenza.com\/it\/2018\/11\/il-senato-approva-il-dl-sicurezza-e-immigrazione-un-provvedimento-che-provochera-un-aumento-dellirregolarita\/\" \/>\n<meta property=\"og:site_name\" content=\"Pressenza\" \/>\n<meta property=\"article:publisher\" content=\"https:\/\/www.facebook.com\/PressenzaItalia\" \/>\n<meta property=\"article:author\" content=\"https:\/\/www.facebook.com\/amnestyglobal\" \/>\n<meta property=\"article:published_time\" content=\"2018-11-07T18:46:21+00:00\" \/>\n<meta property=\"article:modified_time\" content=\"2018-11-07T19:39:30+00:00\" \/>\n<meta property=\"og:image\" content=\"https:\/\/www.pressenza.com\/wp-content\/uploads\/2018\/11\/refugees-1156245_960_720.jpg\" \/>\n\t<meta property=\"og:image:width\" content=\"816\" \/>\n\t<meta property=\"og:image:height\" content=\"489\" \/>\n\t<meta property=\"og:image:type\" content=\"image\/jpeg\" \/>\n<meta name=\"author\" content=\"Amnesty International\" \/>\n<meta name=\"twitter:card\" content=\"summary_large_image\" \/>\n<meta name=\"twitter:creator\" content=\"@amnesty\" \/>\n<meta name=\"twitter:site\" content=\"@PressenzaIPA\" \/>\n<meta name=\"twitter:label1\" content=\"Scritto da\" \/>\n\t<meta name=\"twitter:data1\" content=\"Amnesty International\" \/>\n\t<meta name=\"twitter:label2\" content=\"Tempo di lettura stimato\" \/>\n\t<meta name=\"twitter:data2\" content=\"3 minuti\" \/>\n<script type=\"application\/ld+json\" class=\"yoast-schema-graph\">{\"@context\":\"https:\/\/schema.org\",\"@graph\":[{\"@type\":\"Article\",\"@id\":\"https:\/\/www.pressenza.com\/it\/2018\/11\/il-senato-approva-il-dl-sicurezza-e-immigrazione-un-provvedimento-che-provochera-un-aumento-dellirregolarita\/#article\",\"isPartOf\":{\"@id\":\"https:\/\/www.pressenza.com\/it\/2018\/11\/il-senato-approva-il-dl-sicurezza-e-immigrazione-un-provvedimento-che-provochera-un-aumento-dellirregolarita\/\"},\"author\":{\"name\":\"Amnesty International\",\"@id\":\"https:\/\/www.pressenza.com\/it\/#\/schema\/person\/9b981b05c7ecf09292e6acb3223b2d9d\"},\"headline\":\"Il Senato approva il Dl Sicurezza e Immigrazione, un provvedimento che provocher\u00e0 un aumento dell\u2019irregolarit\u00e0\",\"datePublished\":\"2018-11-07T18:46:21+00:00\",\"dateModified\":\"2018-11-07T19:39:30+00:00\",\"mainEntityOfPage\":{\"@id\":\"https:\/\/www.pressenza.com\/it\/2018\/11\/il-senato-approva-il-dl-sicurezza-e-immigrazione-un-provvedimento-che-provochera-un-aumento-dellirregolarita\/\"},\"wordCount\":625,\"publisher\":{\"@id\":\"https:\/\/www.pressenza.com\/it\/#organization\"},\"image\":{\"@id\":\"https:\/\/www.pressenza.com\/it\/2018\/11\/il-senato-approva-il-dl-sicurezza-e-immigrazione-un-provvedimento-che-provochera-un-aumento-dellirregolarita\/#primaryimage\"},\"thumbnailUrl\":\"https:\/\/www.pressenza.com\/wp-content\/uploads\/2018\/11\/refugees-1156245_960_720.jpg\",\"keywords\":[\"accoglienza\",\"CAS\",\"cittadinanza\",\"DL Sicurezza e Immigrazione\",\"immigrazione\",\"permesso di soggiorno\",\"sanit\u00e0\",\"Sprar\"],\"articleSection\":[\"Comunicati Stampa\",\"Europa\",\"Politica\"],\"inLanguage\":\"it-IT\"},{\"@type\":\"WebPage\",\"@id\":\"https:\/\/www.pressenza.com\/it\/2018\/11\/il-senato-approva-il-dl-sicurezza-e-immigrazione-un-provvedimento-che-provochera-un-aumento-dellirregolarita\/\",\"url\":\"https:\/\/www.pressenza.com\/it\/2018\/11\/il-senato-approva-il-dl-sicurezza-e-immigrazione-un-provvedimento-che-provochera-un-aumento-dellirregolarita\/\",\"name\":\"Il Senato approva il Dl Sicurezza e Immigrazione, un provvedimento che provocher\u00e0 un aumento dell\u2019irregolarit\u00e0\",\"isPartOf\":{\"@id\":\"https:\/\/www.pressenza.com\/it\/#website\"},\"primaryImageOfPage\":{\"@id\":\"https:\/\/www.pressenza.com\/it\/2018\/11\/il-senato-approva-il-dl-sicurezza-e-immigrazione-un-provvedimento-che-provochera-un-aumento-dellirregolarita\/#primaryimage\"},\"image\":{\"@id\":\"https:\/\/www.pressenza.com\/it\/2018\/11\/il-senato-approva-il-dl-sicurezza-e-immigrazione-un-provvedimento-che-provochera-un-aumento-dellirregolarita\/#primaryimage\"},\"thumbnailUrl\":\"https:\/\/www.pressenza.com\/wp-content\/uploads\/2018\/11\/refugees-1156245_960_720.jpg\",\"datePublished\":\"2018-11-07T18:46:21+00:00\",\"dateModified\":\"2018-11-07T19:39:30+00:00\",\"description\":\"Il Decreto-Legge 4 ottobre 2018, n.113, su cui il governo ha posto la questione di fiducia, introduce nella prima parte radicali cambiamenti nella\",\"breadcrumb\":{\"@id\":\"https:\/\/www.pressenza.com\/it\/2018\/11\/il-senato-approva-il-dl-sicurezza-e-immigrazione-un-provvedimento-che-provochera-un-aumento-dellirregolarita\/#breadcrumb\"},\"inLanguage\":\"it-IT\",\"potentialAction\":[{\"@type\":\"ReadAction\",\"target\":[\"https:\/\/www.pressenza.com\/it\/2018\/11\/il-senato-approva-il-dl-sicurezza-e-immigrazione-un-provvedimento-che-provochera-un-aumento-dellirregolarita\/\"]}]},{\"@type\":\"ImageObject\",\"inLanguage\":\"it-IT\",\"@id\":\"https:\/\/www.pressenza.com\/it\/2018\/11\/il-senato-approva-il-dl-sicurezza-e-immigrazione-un-provvedimento-che-provochera-un-aumento-dellirregolarita\/#primaryimage\",\"url\":\"https:\/\/www.pressenza.com\/wp-content\/uploads\/2018\/11\/refugees-1156245_960_720.jpg\",\"contentUrl\":\"https:\/\/www.pressenza.com\/wp-content\/uploads\/2018\/11\/refugees-1156245_960_720.jpg\",\"width\":816,\"height\":489},{\"@type\":\"BreadcrumbList\",\"@id\":\"https:\/\/www.pressenza.com\/it\/2018\/11\/il-senato-approva-il-dl-sicurezza-e-immigrazione-un-provvedimento-che-provochera-un-aumento-dellirregolarita\/#breadcrumb\",\"itemListElement\":[{\"@type\":\"ListItem\",\"position\":1,\"name\":\"Accueil\",\"item\":\"https:\/\/www.pressenza.com\/it\/\"},{\"@type\":\"ListItem\",\"position\":2,\"name\":\"Il Senato approva il Dl Sicurezza e Immigrazione, un provvedimento che provocher\u00e0 un aumento dell\u2019irregolarit\u00e0\"}]},{\"@type\":\"WebSite\",\"@id\":\"https:\/\/www.pressenza.com\/it\/#website\",\"url\":\"https:\/\/www.pressenza.com\/it\/\",\"name\":\"Pressenza\",\"description\":\"Agenzia di Stampa Internazionale\",\"publisher\":{\"@id\":\"https:\/\/www.pressenza.com\/it\/#organization\"},\"potentialAction\":[{\"@type\":\"SearchAction\",\"target\":{\"@type\":\"EntryPoint\",\"urlTemplate\":\"https:\/\/www.pressenza.com\/it\/?s={search_term_string}\"},\"query-input\":{\"@type\":\"PropertyValueSpecification\",\"valueRequired\":true,\"valueName\":\"search_term_string\"}}],\"inLanguage\":\"it-IT\"},{\"@type\":\"Organization\",\"@id\":\"https:\/\/www.pressenza.com\/it\/#organization\",\"name\":\"Pressenza\",\"url\":\"https:\/\/www.pressenza.com\/it\/\",\"logo\":{\"@type\":\"ImageObject\",\"inLanguage\":\"it-IT\",\"@id\":\"https:\/\/www.pressenza.com\/it\/#\/schema\/logo\/image\/\",\"url\":\"https:\/\/www.pressenza.com\/wp-content\/uploads\/2022\/10\/pressenza_logo_200x200.jpg\",\"contentUrl\":\"https:\/\/www.pressenza.com\/wp-content\/uploads\/2022\/10\/pressenza_logo_200x200.jpg\",\"width\":200,\"height\":200,\"caption\":\"Pressenza\"},\"image\":{\"@id\":\"https:\/\/www.pressenza.com\/it\/#\/schema\/logo\/image\/\"},\"sameAs\":[\"https:\/\/www.facebook.com\/PressenzaItalia\",\"https:\/\/x.com\/PressenzaIPA\"]},{\"@type\":\"Person\",\"@id\":\"https:\/\/www.pressenza.com\/it\/#\/schema\/person\/9b981b05c7ecf09292e6acb3223b2d9d\",\"name\":\"Amnesty International\",\"description\":\"Amnesty International is a global movement of more than 3 million supporters, members and activists in over 150 countries and territories who campaign to end grave abuses of human rights. Our vision is for every person to enjoy all the rights enshrined in the Universal Declaration of Human Rights and other international human rights standards. www.amnesty.org\",\"sameAs\":[\"http:\/\/www.amnesty.it\",\"https:\/\/www.facebook.com\/amnestyglobal\",\"https:\/\/x.com\/amnesty\"],\"url\":\"https:\/\/www.pressenza.com\/it\/author\/amnesty-international\/\"}]}<\/script>\n<!-- \/ Yoast SEO plugin. -->","yoast_head_json":{"title":"Il Senato approva il Dl Sicurezza e Immigrazione, un provvedimento che provocher\u00e0 un aumento dell\u2019irregolarit\u00e0","description":"Il Decreto-Legge 4 ottobre 2018, n.113, su cui il governo ha posto la questione di fiducia, introduce nella prima parte radicali cambiamenti nella","robots":{"index":"index","follow":"follow","max-snippet":"max-snippet:-1","max-image-preview":"max-image-preview:large","max-video-preview":"max-video-preview:-1"},"canonical":"https:\/\/www.pressenza.com\/it\/2018\/11\/il-senato-approva-il-dl-sicurezza-e-immigrazione-un-provvedimento-che-provochera-un-aumento-dellirregolarita\/","og_locale":"it_IT","og_type":"article","og_title":"Il Senato approva il Dl Sicurezza e Immigrazione, un provvedimento che provocher\u00e0 un aumento dell\u2019irregolarit\u00e0","og_description":"Il Decreto-Legge 4 ottobre 2018, n.113, su cui il governo ha posto la questione di fiducia, introduce nella prima parte radicali cambiamenti nella","og_url":"https:\/\/www.pressenza.com\/it\/2018\/11\/il-senato-approva-il-dl-sicurezza-e-immigrazione-un-provvedimento-che-provochera-un-aumento-dellirregolarita\/","og_site_name":"Pressenza","article_publisher":"https:\/\/www.facebook.com\/PressenzaItalia","article_author":"https:\/\/www.facebook.com\/amnestyglobal","article_published_time":"2018-11-07T18:46:21+00:00","article_modified_time":"2018-11-07T19:39:30+00:00","og_image":[{"width":816,"height":489,"url":"https:\/\/www.pressenza.com\/wp-content\/uploads\/2018\/11\/refugees-1156245_960_720.jpg","type":"image\/jpeg"}],"author":"Amnesty International","twitter_card":"summary_large_image","twitter_creator":"@amnesty","twitter_site":"@PressenzaIPA","twitter_misc":{"Scritto da":"Amnesty International","Tempo di lettura stimato":"3 minuti"},"schema":{"@context":"https:\/\/schema.org","@graph":[{"@type":"Article","@id":"https:\/\/www.pressenza.com\/it\/2018\/11\/il-senato-approva-il-dl-sicurezza-e-immigrazione-un-provvedimento-che-provochera-un-aumento-dellirregolarita\/#article","isPartOf":{"@id":"https:\/\/www.pressenza.com\/it\/2018\/11\/il-senato-approva-il-dl-sicurezza-e-immigrazione-un-provvedimento-che-provochera-un-aumento-dellirregolarita\/"},"author":{"name":"Amnesty International","@id":"https:\/\/www.pressenza.com\/it\/#\/schema\/person\/9b981b05c7ecf09292e6acb3223b2d9d"},"headline":"Il Senato approva il Dl Sicurezza e Immigrazione, un provvedimento che provocher\u00e0 un aumento dell\u2019irregolarit\u00e0","datePublished":"2018-11-07T18:46:21+00:00","dateModified":"2018-11-07T19:39:30+00:00","mainEntityOfPage":{"@id":"https:\/\/www.pressenza.com\/it\/2018\/11\/il-senato-approva-il-dl-sicurezza-e-immigrazione-un-provvedimento-che-provochera-un-aumento-dellirregolarita\/"},"wordCount":625,"publisher":{"@id":"https:\/\/www.pressenza.com\/it\/#organization"},"image":{"@id":"https:\/\/www.pressenza.com\/it\/2018\/11\/il-senato-approva-il-dl-sicurezza-e-immigrazione-un-provvedimento-che-provochera-un-aumento-dellirregolarita\/#primaryimage"},"thumbnailUrl":"https:\/\/www.pressenza.com\/wp-content\/uploads\/2018\/11\/refugees-1156245_960_720.jpg","keywords":["accoglienza","CAS","cittadinanza","DL Sicurezza e Immigrazione","immigrazione","permesso di soggiorno","sanit\u00e0","Sprar"],"articleSection":["Comunicati Stampa","Europa","Politica"],"inLanguage":"it-IT"},{"@type":"WebPage","@id":"https:\/\/www.pressenza.com\/it\/2018\/11\/il-senato-approva-il-dl-sicurezza-e-immigrazione-un-provvedimento-che-provochera-un-aumento-dellirregolarita\/","url":"https:\/\/www.pressenza.com\/it\/2018\/11\/il-senato-approva-il-dl-sicurezza-e-immigrazione-un-provvedimento-che-provochera-un-aumento-dellirregolarita\/","name":"Il Senato approva il Dl Sicurezza e Immigrazione, un provvedimento che provocher\u00e0 un aumento dell\u2019irregolarit\u00e0","isPartOf":{"@id":"https:\/\/www.pressenza.com\/it\/#website"},"primaryImageOfPage":{"@id":"https:\/\/www.pressenza.com\/it\/2018\/11\/il-senato-approva-il-dl-sicurezza-e-immigrazione-un-provvedimento-che-provochera-un-aumento-dellirregolarita\/#primaryimage"},"image":{"@id":"https:\/\/www.pressenza.com\/it\/2018\/11\/il-senato-approva-il-dl-sicurezza-e-immigrazione-un-provvedimento-che-provochera-un-aumento-dellirregolarita\/#primaryimage"},"thumbnailUrl":"https:\/\/www.pressenza.com\/wp-content\/uploads\/2018\/11\/refugees-1156245_960_720.jpg","datePublished":"2018-11-07T18:46:21+00:00","dateModified":"2018-11-07T19:39:30+00:00","description":"Il Decreto-Legge 4 ottobre 2018, n.113, su cui il governo ha posto la questione di fiducia, introduce nella prima parte radicali cambiamenti nella","breadcrumb":{"@id":"https:\/\/www.pressenza.com\/it\/2018\/11\/il-senato-approva-il-dl-sicurezza-e-immigrazione-un-provvedimento-che-provochera-un-aumento-dellirregolarita\/#breadcrumb"},"inLanguage":"it-IT","potentialAction":[{"@type":"ReadAction","target":["https:\/\/www.pressenza.com\/it\/2018\/11\/il-senato-approva-il-dl-sicurezza-e-immigrazione-un-provvedimento-che-provochera-un-aumento-dellirregolarita\/"]}]},{"@type":"ImageObject","inLanguage":"it-IT","@id":"https:\/\/www.pressenza.com\/it\/2018\/11\/il-senato-approva-il-dl-sicurezza-e-immigrazione-un-provvedimento-che-provochera-un-aumento-dellirregolarita\/#primaryimage","url":"https:\/\/www.pressenza.com\/wp-content\/uploads\/2018\/11\/refugees-1156245_960_720.jpg","contentUrl":"https:\/\/www.pressenza.com\/wp-content\/uploads\/2018\/11\/refugees-1156245_960_720.jpg","width":816,"height":489},{"@type":"BreadcrumbList","@id":"https:\/\/www.pressenza.com\/it\/2018\/11\/il-senato-approva-il-dl-sicurezza-e-immigrazione-un-provvedimento-che-provochera-un-aumento-dellirregolarita\/#breadcrumb","itemListElement":[{"@type":"ListItem","position":1,"name":"Accueil","item":"https:\/\/www.pressenza.com\/it\/"},{"@type":"ListItem","position":2,"name":"Il Senato approva il Dl Sicurezza e Immigrazione, un provvedimento che provocher\u00e0 un aumento dell\u2019irregolarit\u00e0"}]},{"@type":"WebSite","@id":"https:\/\/www.pressenza.com\/it\/#website","url":"https:\/\/www.pressenza.com\/it\/","name":"Pressenza","description":"Agenzia di Stampa Internazionale","publisher":{"@id":"https:\/\/www.pressenza.com\/it\/#organization"},"potentialAction":[{"@type":"SearchAction","target":{"@type":"EntryPoint","urlTemplate":"https:\/\/www.pressenza.com\/it\/?s={search_term_string}"},"query-input":{"@type":"PropertyValueSpecification","valueRequired":true,"valueName":"search_term_string"}}],"inLanguage":"it-IT"},{"@type":"Organization","@id":"https:\/\/www.pressenza.com\/it\/#organization","name":"Pressenza","url":"https:\/\/www.pressenza.com\/it\/","logo":{"@type":"ImageObject","inLanguage":"it-IT","@id":"https:\/\/www.pressenza.com\/it\/#\/schema\/logo\/image\/","url":"https:\/\/www.pressenza.com\/wp-content\/uploads\/2022\/10\/pressenza_logo_200x200.jpg","contentUrl":"https:\/\/www.pressenza.com\/wp-content\/uploads\/2022\/10\/pressenza_logo_200x200.jpg","width":200,"height":200,"caption":"Pressenza"},"image":{"@id":"https:\/\/www.pressenza.com\/it\/#\/schema\/logo\/image\/"},"sameAs":["https:\/\/www.facebook.com\/PressenzaItalia","https:\/\/x.com\/PressenzaIPA"]},{"@type":"Person","@id":"https:\/\/www.pressenza.com\/it\/#\/schema\/person\/9b981b05c7ecf09292e6acb3223b2d9d","name":"Amnesty International","description":"Amnesty International is a global movement of more than 3 million supporters, members and activists in over 150 countries and territories who campaign to end grave abuses of human rights. Our vision is for every person to enjoy all the rights enshrined in the Universal Declaration of Human Rights and other international human rights standards. www.amnesty.org","sameAs":["http:\/\/www.amnesty.it","https:\/\/www.facebook.com\/amnestyglobal","https:\/\/x.com\/amnesty"],"url":"https:\/\/www.pressenza.com\/it\/author\/amnesty-international\/"}]}},"place":"","original_article_url":"","_links":{"self":[{"href":"https:\/\/www.pressenza.com\/it\/wp-json\/wp\/v2\/posts\/751849","targetHints":{"allow":["GET"]}}],"collection":[{"href":"https:\/\/www.pressenza.com\/it\/wp-json\/wp\/v2\/posts"}],"about":[{"href":"https:\/\/www.pressenza.com\/it\/wp-json\/wp\/v2\/types\/post"}],"author":[{"embeddable":true,"href":"https:\/\/www.pressenza.com\/it\/wp-json\/wp\/v2\/users\/432"}],"replies":[{"embeddable":true,"href":"https:\/\/www.pressenza.com\/it\/wp-json\/wp\/v2\/comments?post=751849"}],"version-history":[{"count":0,"href":"https:\/\/www.pressenza.com\/it\/wp-json\/wp\/v2\/posts\/751849\/revisions"}],"wp:featuredmedia":[{"embeddable":true,"href":"https:\/\/www.pressenza.com\/it\/wp-json\/wp\/v2\/media\/751862"}],"wp:attachment":[{"href":"https:\/\/www.pressenza.com\/it\/wp-json\/wp\/v2\/media?parent=751849"}],"wp:term":[{"taxonomy":"category","embeddable":true,"href":"https:\/\/www.pressenza.com\/it\/wp-json\/wp\/v2\/categories?post=751849"},{"taxonomy":"post_tag","embeddable":true,"href":"https:\/\/www.pressenza.com\/it\/wp-json\/wp\/v2\/tags?post=751849"}],"curies":[{"name":"wp","href":"https:\/\/api.w.org\/{rel}","templated":true}]}}