{"id":750364,"date":"2018-11-04T17:53:59","date_gmt":"2018-11-04T17:53:59","guid":{"rendered":"https:\/\/www.pressenza.com\/?p=750364"},"modified":"2018-11-04T17:54:32","modified_gmt":"2018-11-04T17:54:32","slug":"novare-i-nuovi-signori-della-guerra-e-la-societa-militarizzata","status":"publish","type":"post","link":"https:\/\/www.pressenza.com\/it\/2018\/11\/novare-i-nuovi-signori-della-guerra-e-la-societa-militarizzata\/","title":{"rendered":"Novara: I nuovi signori della guerra e la societ\u00e0 militarizzata"},"content":{"rendered":"<p>Iniziativa a Novara il 9.11.2018 ore 21.00 contro tutte le guerre e le armi<br \/>\nquartiere Sacro Cuore piazza sacro cuore, n\u00b0 5 NOVARA<\/p>\n<p style=\"text-align: center;\">\u201cI NUOVI SIGNORI DELLA GUERRA E LA SOCIETA\u2019 MILITARIZZATA\u201d<\/p>\n<p>A 100 anni dalla fine della 1\u00b0 guerra mondiale, a 63 anni dalla 2\u00b0, dopo la guerra fredda alimentata dal terrore nucleare con la possibilit\u00e0 di distruzione immediata e totale di tutto il pianeta, dopo tutti i conflitti dal 1945 fino a all\u2019invasione americana dell\u2019Iraq che ha dato origine alla \u201c3\u00b0 guerra mondiale a pezzi\u201d (Siria, Yemen ecc) oggi si preparano le guerre del futuro. Le guerre sono generate dai conflitti di potenza, dalle decisioni di occupare nuovi territori per impadronirsi delle materie prime e delle fonti energetiche, producono profitti per il complesso militare- industriale, milioni di morti e feriti, territori e Paesi distrutti, milioni di profughi, ingiustizia sociale, miseria, fame, terrorismo. Oggi sarebbe ragionevole dire basta. Non \u00e8 cos\u00ec; lo sviluppo tecnologico, la nuova geografia dei poteri e il nuovo business (le \u201csette sorelle oggi sono Google, Apple, Amazon, Yahoo, Facebook, Microsoft, Alibaba) pongono alla societ\u00e0 un allarme sui rischi del capitalismo digitale. La terza rivoluzione nella guerra moderna sar\u00e0 difficile da fermare. Il vaso di Pandora sar\u00e0 difficile da chiudere se verr\u00e0 aperto. Sciami di droni, veicoli autonomi, riconoscimento facciale e piattaforme di sorveglianza automatizzate per sopprimere il dissenso o per operazioni di polizia predittiva, attacchi hacker automatizzati, sintesi vocali per imitazioni, informazioni ricavate dai social media, inquinamento di dati, sono alcuni esempi applicativi; permetteranno di combattere la guerra pi\u00f9 velocemente e con una scala pi\u00f9 grande che mai. Hanno il potenziale per essere armi del terrore.<br \/>\nQuesta \u00e8 una guerra su pi\u00f9 fronti quello esterno e quello interno: le questioni sociali affrontate in termini di ordine pubblico, repressione del dissenso, restrizione della democrazia in molti paesi, i migranti, vittime delle \u201cnostre guerre\u201d, usati dalla politica per alimentare voti, xenofobia e razzismo.<br \/>\nLa guerra alimenta la cultura della guerra: si contano ormai a centinaia le esperienze didattiche delle forze armate all\u2019interno delle scuole, con attivit\u00e0 di \u2018relazione\u2019 tra forze armate e studenti volte a \u2018cooptare\u2019 anche i minori in ambito bellico-militare. Sono numerosi i progetti di ricerca attivi nelle Universit\u00e0 Italiane con il complesso Militare Industriale.<br \/>\nCon questa iniziativa vogliamo anche esprimere la nostra solidariet\u00e0 a Antonio Mazzeo contro cui la dirigente scolastica ha avviato nel mese di giugno un procedimento disciplinare per aver contestato la presenza della propaganda militare e dell\u2019esercito nella scuola.<\/p>\n<p>CONTRO TUTTE LE GUERRE CONTRO LE FABBRICHE DI ARMI<br \/>\nCONTRO LA COSTRUZIONE E USO DEGLI F-35 CACCIABOMBARDIERI NUCLEARI CONTRO LA MILITARIZZAZIONE DELLA SOCIET\u00c0<br \/>\nABOLIRE LA GUERRA UNICA SPERANZA PER L\u2019UMANITA\u2019<\/p>\n<p>Intervengono<br \/>\nROSSANA DE SIMONE \u2013 PeaceLink<br \/>\nOltre la guerra commerciale e militare<br \/>\nLa sfida fra le grandi potenze mondiali per la supremazia tecnologica<br \/>\nANTONIO MAZZEO \u2013 Giornalista pacifista antimilitarista<br \/>\nChe si torni a disobbedire a ogni guerra<br \/>\nIl rifiuto di ogni forma di militarizzazione della Scuola del Sapere e della Societ\u00e0<\/p>\n<p>Promuove: Movimento NO F-35 Novarese<br \/>\nAderiscono: Associazione Culturale Stella Alpina, Associazione per la pace di Novara, Associazione \u201cScuola \u00e8 futuro. Per la scuola della Costituzione, Circolo Zabriskie Point Novara, Idee di Futuro, Laboratorio per la Pace di Galliate, Medicina Democratica, Rete Salute Novara, Adl Varese, USB, Osservatorio Novarese Sulle Nuove Destre<\/p>\n","protected":false},"excerpt":{"rendered":"<p>Iniziativa a Novara il 9.11.2018 ore 21.00 contro tutte le guerre e le armi quartiere Sacro Cuore piazza sacro cuore, n\u00b0 5 NOVARA \u201cI NUOVI SIGNORI DELLA GUERRA E LA SOCIETA\u2019 MILITARIZZATA\u201d A 100 anni dalla fine della 1\u00b0 guerra&hellip;<\/p>\n","protected":false},"author":594,"featured_media":750365,"comment_status":"closed","ping_status":"closed","sticky":false,"template":"","format":"standard","meta":{"footnotes":""},"categories":[150,47,1263],"tags":[51440,365,1650,16542],"class_list":["post-750364","post","type-post","status-publish","format-standard","has-post-thumbnail","hentry","category-comunicati-stampa","category-europa","category-pace-disarmo","tag-comitato-no-f-35","tag-guerra","tag-iniziativa","tag-novara"],"yoast_head":"<!-- This site is optimized with the Yoast SEO plugin v27.1.1 - https:\/\/yoast.com\/product\/yoast-seo-wordpress\/ -->\n<title>Novara: I nuovi signori della guerra e la societ\u00e0 militarizzata<\/title>\n<meta name=\"description\" content=\"Iniziativa a Novara il 9.11.2018 ore 21.00 contro tutte le guerre e le armi quartiere Sacro Cuore piazza sacro cuore, n\u00b0 5 NOVARA \u201cI NUOVI SIGNORI DELLA\" \/>\n<meta name=\"robots\" content=\"index, follow, max-snippet:-1, max-image-preview:large, max-video-preview:-1\" \/>\n<link rel=\"canonical\" href=\"https:\/\/www.pressenza.com\/it\/2018\/11\/novare-i-nuovi-signori-della-guerra-e-la-societa-militarizzata\/\" \/>\n<meta property=\"og:locale\" content=\"it_IT\" \/>\n<meta property=\"og:type\" content=\"article\" \/>\n<meta property=\"og:title\" content=\"Novara: I nuovi signori della guerra e la societ\u00e0 militarizzata\" \/>\n<meta property=\"og:description\" content=\"Iniziativa a Novara il 9.11.2018 ore 21.00 contro tutte le guerre e le armi quartiere Sacro Cuore piazza sacro cuore, n\u00b0 5 NOVARA \u201cI NUOVI SIGNORI DELLA\" \/>\n<meta property=\"og:url\" content=\"https:\/\/www.pressenza.com\/it\/2018\/11\/novare-i-nuovi-signori-della-guerra-e-la-societa-militarizzata\/\" \/>\n<meta property=\"og:site_name\" content=\"Pressenza\" \/>\n<meta property=\"article:publisher\" content=\"https:\/\/www.facebook.com\/PressenzaItalia\" \/>\n<meta property=\"article:author\" content=\"https:\/\/www.facebook.com\/PressenzaItalia\" \/>\n<meta property=\"article:published_time\" content=\"2018-11-04T17:53:59+00:00\" \/>\n<meta property=\"article:modified_time\" content=\"2018-11-04T17:54:32+00:00\" \/>\n<meta property=\"og:image\" content=\"https:\/\/www.pressenza.com\/wp-content\/uploads\/2018\/11\/novara.jpg\" \/>\n\t<meta property=\"og:image:width\" content=\"295\" \/>\n\t<meta property=\"og:image:height\" content=\"211\" \/>\n\t<meta property=\"og:image:type\" content=\"image\/jpeg\" \/>\n<meta name=\"author\" content=\"Redazione Italia\" \/>\n<meta name=\"twitter:card\" content=\"summary_large_image\" \/>\n<meta name=\"twitter:creator\" content=\"@pressenza_it\" \/>\n<meta name=\"twitter:site\" content=\"@PressenzaIPA\" \/>\n<meta name=\"twitter:label1\" content=\"Scritto da\" \/>\n\t<meta name=\"twitter:data1\" content=\"Redazione Italia\" \/>\n\t<meta name=\"twitter:label2\" content=\"Tempo di lettura stimato\" \/>\n\t<meta name=\"twitter:data2\" content=\"3 minuti\" \/>\n<script type=\"application\/ld+json\" class=\"yoast-schema-graph\">{\"@context\":\"https:\/\/schema.org\",\"@graph\":[{\"@type\":\"Article\",\"@id\":\"https:\/\/www.pressenza.com\/it\/2018\/11\/novare-i-nuovi-signori-della-guerra-e-la-societa-militarizzata\/#article\",\"isPartOf\":{\"@id\":\"https:\/\/www.pressenza.com\/it\/2018\/11\/novare-i-nuovi-signori-della-guerra-e-la-societa-militarizzata\/\"},\"author\":{\"name\":\"Redazione Italia\",\"@id\":\"https:\/\/www.pressenza.com\/it\/#\/schema\/person\/d983e81827ae24f2c7b1a2123d197f8d\"},\"headline\":\"Novara: I nuovi signori della guerra e la societ\u00e0 militarizzata\",\"datePublished\":\"2018-11-04T17:53:59+00:00\",\"dateModified\":\"2018-11-04T17:54:32+00:00\",\"mainEntityOfPage\":{\"@id\":\"https:\/\/www.pressenza.com\/it\/2018\/11\/novare-i-nuovi-signori-della-guerra-e-la-societa-militarizzata\/\"},\"wordCount\":541,\"publisher\":{\"@id\":\"https:\/\/www.pressenza.com\/it\/#organization\"},\"image\":{\"@id\":\"https:\/\/www.pressenza.com\/it\/2018\/11\/novare-i-nuovi-signori-della-guerra-e-la-societa-militarizzata\/#primaryimage\"},\"thumbnailUrl\":\"https:\/\/www.pressenza.com\/wp-content\/uploads\/2018\/11\/novara.jpg\",\"keywords\":[\"Comitato No F-35\",\"guerra\",\"iniziativa\",\"Novara\"],\"articleSection\":[\"Comunicati Stampa\",\"Europa\",\"Pace e Disarmo\"],\"inLanguage\":\"it-IT\"},{\"@type\":\"WebPage\",\"@id\":\"https:\/\/www.pressenza.com\/it\/2018\/11\/novare-i-nuovi-signori-della-guerra-e-la-societa-militarizzata\/\",\"url\":\"https:\/\/www.pressenza.com\/it\/2018\/11\/novare-i-nuovi-signori-della-guerra-e-la-societa-militarizzata\/\",\"name\":\"Novara: I nuovi signori della guerra e la societ\u00e0 militarizzata\",\"isPartOf\":{\"@id\":\"https:\/\/www.pressenza.com\/it\/#website\"},\"primaryImageOfPage\":{\"@id\":\"https:\/\/www.pressenza.com\/it\/2018\/11\/novare-i-nuovi-signori-della-guerra-e-la-societa-militarizzata\/#primaryimage\"},\"image\":{\"@id\":\"https:\/\/www.pressenza.com\/it\/2018\/11\/novare-i-nuovi-signori-della-guerra-e-la-societa-militarizzata\/#primaryimage\"},\"thumbnailUrl\":\"https:\/\/www.pressenza.com\/wp-content\/uploads\/2018\/11\/novara.jpg\",\"datePublished\":\"2018-11-04T17:53:59+00:00\",\"dateModified\":\"2018-11-04T17:54:32+00:00\",\"description\":\"Iniziativa a Novara il 9.11.2018 ore 21.00 contro tutte le guerre e le armi quartiere Sacro Cuore piazza sacro cuore, n\u00b0 5 NOVARA \u201cI NUOVI SIGNORI DELLA\",\"breadcrumb\":{\"@id\":\"https:\/\/www.pressenza.com\/it\/2018\/11\/novare-i-nuovi-signori-della-guerra-e-la-societa-militarizzata\/#breadcrumb\"},\"inLanguage\":\"it-IT\",\"potentialAction\":[{\"@type\":\"ReadAction\",\"target\":[\"https:\/\/www.pressenza.com\/it\/2018\/11\/novare-i-nuovi-signori-della-guerra-e-la-societa-militarizzata\/\"]}]},{\"@type\":\"ImageObject\",\"inLanguage\":\"it-IT\",\"@id\":\"https:\/\/www.pressenza.com\/it\/2018\/11\/novare-i-nuovi-signori-della-guerra-e-la-societa-militarizzata\/#primaryimage\",\"url\":\"https:\/\/www.pressenza.com\/wp-content\/uploads\/2018\/11\/novara.jpg\",\"contentUrl\":\"https:\/\/www.pressenza.com\/wp-content\/uploads\/2018\/11\/novara.jpg\",\"width\":295,\"height\":211},{\"@type\":\"BreadcrumbList\",\"@id\":\"https:\/\/www.pressenza.com\/it\/2018\/11\/novare-i-nuovi-signori-della-guerra-e-la-societa-militarizzata\/#breadcrumb\",\"itemListElement\":[{\"@type\":\"ListItem\",\"position\":1,\"name\":\"Accueil\",\"item\":\"https:\/\/www.pressenza.com\/it\/\"},{\"@type\":\"ListItem\",\"position\":2,\"name\":\"Novara: I nuovi signori della guerra e la societ\u00e0 militarizzata\"}]},{\"@type\":\"WebSite\",\"@id\":\"https:\/\/www.pressenza.com\/it\/#website\",\"url\":\"https:\/\/www.pressenza.com\/it\/\",\"name\":\"Pressenza\",\"description\":\"Agenzia di Stampa Internazionale\",\"publisher\":{\"@id\":\"https:\/\/www.pressenza.com\/it\/#organization\"},\"potentialAction\":[{\"@type\":\"SearchAction\",\"target\":{\"@type\":\"EntryPoint\",\"urlTemplate\":\"https:\/\/www.pressenza.com\/it\/?s={search_term_string}\"},\"query-input\":{\"@type\":\"PropertyValueSpecification\",\"valueRequired\":true,\"valueName\":\"search_term_string\"}}],\"inLanguage\":\"it-IT\"},{\"@type\":\"Organization\",\"@id\":\"https:\/\/www.pressenza.com\/it\/#organization\",\"name\":\"Pressenza\",\"url\":\"https:\/\/www.pressenza.com\/it\/\",\"logo\":{\"@type\":\"ImageObject\",\"inLanguage\":\"it-IT\",\"@id\":\"https:\/\/www.pressenza.com\/it\/#\/schema\/logo\/image\/\",\"url\":\"https:\/\/www.pressenza.com\/wp-content\/uploads\/2022\/10\/pressenza_logo_200x200.jpg\",\"contentUrl\":\"https:\/\/www.pressenza.com\/wp-content\/uploads\/2022\/10\/pressenza_logo_200x200.jpg\",\"width\":200,\"height\":200,\"caption\":\"Pressenza\"},\"image\":{\"@id\":\"https:\/\/www.pressenza.com\/it\/#\/schema\/logo\/image\/\"},\"sameAs\":[\"https:\/\/www.facebook.com\/PressenzaItalia\",\"https:\/\/x.com\/PressenzaIPA\"]},{\"@type\":\"Person\",\"@id\":\"https:\/\/www.pressenza.com\/it\/#\/schema\/person\/d983e81827ae24f2c7b1a2123d197f8d\",\"name\":\"Redazione Italia\",\"description\":\"News from the Pressenza Bureau in Italy\",\"sameAs\":[\"https:\/\/www.pressenza.com\/it\/author\/redazione-italia\/\",\"https:\/\/www.facebook.com\/PressenzaItalia\",\"https:\/\/www.instagram.com\/pressenza_italia\/\",\"https:\/\/x.com\/pressenza_it\",\"https:\/\/www.youtube.com\/channel\/UCSalEIWjE1RSxkwjfftFuqg\"],\"url\":\"https:\/\/www.pressenza.com\/it\/author\/redazione-italia\/\"}]}<\/script>\n<!-- \/ Yoast SEO plugin. -->","yoast_head_json":{"title":"Novara: I nuovi signori della guerra e la societ\u00e0 militarizzata","description":"Iniziativa a Novara il 9.11.2018 ore 21.00 contro tutte le guerre e le armi quartiere Sacro Cuore piazza sacro cuore, n\u00b0 5 NOVARA \u201cI NUOVI SIGNORI DELLA","robots":{"index":"index","follow":"follow","max-snippet":"max-snippet:-1","max-image-preview":"max-image-preview:large","max-video-preview":"max-video-preview:-1"},"canonical":"https:\/\/www.pressenza.com\/it\/2018\/11\/novare-i-nuovi-signori-della-guerra-e-la-societa-militarizzata\/","og_locale":"it_IT","og_type":"article","og_title":"Novara: I nuovi signori della guerra e la societ\u00e0 militarizzata","og_description":"Iniziativa a Novara il 9.11.2018 ore 21.00 contro tutte le guerre e le armi quartiere Sacro Cuore piazza sacro cuore, n\u00b0 5 NOVARA \u201cI NUOVI SIGNORI DELLA","og_url":"https:\/\/www.pressenza.com\/it\/2018\/11\/novare-i-nuovi-signori-della-guerra-e-la-societa-militarizzata\/","og_site_name":"Pressenza","article_publisher":"https:\/\/www.facebook.com\/PressenzaItalia","article_author":"https:\/\/www.facebook.com\/PressenzaItalia","article_published_time":"2018-11-04T17:53:59+00:00","article_modified_time":"2018-11-04T17:54:32+00:00","og_image":[{"width":295,"height":211,"url":"https:\/\/www.pressenza.com\/wp-content\/uploads\/2018\/11\/novara.jpg","type":"image\/jpeg"}],"author":"Redazione Italia","twitter_card":"summary_large_image","twitter_creator":"@pressenza_it","twitter_site":"@PressenzaIPA","twitter_misc":{"Scritto da":"Redazione Italia","Tempo di lettura stimato":"3 minuti"},"schema":{"@context":"https:\/\/schema.org","@graph":[{"@type":"Article","@id":"https:\/\/www.pressenza.com\/it\/2018\/11\/novare-i-nuovi-signori-della-guerra-e-la-societa-militarizzata\/#article","isPartOf":{"@id":"https:\/\/www.pressenza.com\/it\/2018\/11\/novare-i-nuovi-signori-della-guerra-e-la-societa-militarizzata\/"},"author":{"name":"Redazione Italia","@id":"https:\/\/www.pressenza.com\/it\/#\/schema\/person\/d983e81827ae24f2c7b1a2123d197f8d"},"headline":"Novara: I nuovi signori della guerra e la societ\u00e0 militarizzata","datePublished":"2018-11-04T17:53:59+00:00","dateModified":"2018-11-04T17:54:32+00:00","mainEntityOfPage":{"@id":"https:\/\/www.pressenza.com\/it\/2018\/11\/novare-i-nuovi-signori-della-guerra-e-la-societa-militarizzata\/"},"wordCount":541,"publisher":{"@id":"https:\/\/www.pressenza.com\/it\/#organization"},"image":{"@id":"https:\/\/www.pressenza.com\/it\/2018\/11\/novare-i-nuovi-signori-della-guerra-e-la-societa-militarizzata\/#primaryimage"},"thumbnailUrl":"https:\/\/www.pressenza.com\/wp-content\/uploads\/2018\/11\/novara.jpg","keywords":["Comitato No F-35","guerra","iniziativa","Novara"],"articleSection":["Comunicati Stampa","Europa","Pace e Disarmo"],"inLanguage":"it-IT"},{"@type":"WebPage","@id":"https:\/\/www.pressenza.com\/it\/2018\/11\/novare-i-nuovi-signori-della-guerra-e-la-societa-militarizzata\/","url":"https:\/\/www.pressenza.com\/it\/2018\/11\/novare-i-nuovi-signori-della-guerra-e-la-societa-militarizzata\/","name":"Novara: I nuovi signori della guerra e la societ\u00e0 militarizzata","isPartOf":{"@id":"https:\/\/www.pressenza.com\/it\/#website"},"primaryImageOfPage":{"@id":"https:\/\/www.pressenza.com\/it\/2018\/11\/novare-i-nuovi-signori-della-guerra-e-la-societa-militarizzata\/#primaryimage"},"image":{"@id":"https:\/\/www.pressenza.com\/it\/2018\/11\/novare-i-nuovi-signori-della-guerra-e-la-societa-militarizzata\/#primaryimage"},"thumbnailUrl":"https:\/\/www.pressenza.com\/wp-content\/uploads\/2018\/11\/novara.jpg","datePublished":"2018-11-04T17:53:59+00:00","dateModified":"2018-11-04T17:54:32+00:00","description":"Iniziativa a Novara il 9.11.2018 ore 21.00 contro tutte le guerre e le armi quartiere Sacro Cuore piazza sacro cuore, n\u00b0 5 NOVARA \u201cI NUOVI SIGNORI DELLA","breadcrumb":{"@id":"https:\/\/www.pressenza.com\/it\/2018\/11\/novare-i-nuovi-signori-della-guerra-e-la-societa-militarizzata\/#breadcrumb"},"inLanguage":"it-IT","potentialAction":[{"@type":"ReadAction","target":["https:\/\/www.pressenza.com\/it\/2018\/11\/novare-i-nuovi-signori-della-guerra-e-la-societa-militarizzata\/"]}]},{"@type":"ImageObject","inLanguage":"it-IT","@id":"https:\/\/www.pressenza.com\/it\/2018\/11\/novare-i-nuovi-signori-della-guerra-e-la-societa-militarizzata\/#primaryimage","url":"https:\/\/www.pressenza.com\/wp-content\/uploads\/2018\/11\/novara.jpg","contentUrl":"https:\/\/www.pressenza.com\/wp-content\/uploads\/2018\/11\/novara.jpg","width":295,"height":211},{"@type":"BreadcrumbList","@id":"https:\/\/www.pressenza.com\/it\/2018\/11\/novare-i-nuovi-signori-della-guerra-e-la-societa-militarizzata\/#breadcrumb","itemListElement":[{"@type":"ListItem","position":1,"name":"Accueil","item":"https:\/\/www.pressenza.com\/it\/"},{"@type":"ListItem","position":2,"name":"Novara: I nuovi signori della guerra e la societ\u00e0 militarizzata"}]},{"@type":"WebSite","@id":"https:\/\/www.pressenza.com\/it\/#website","url":"https:\/\/www.pressenza.com\/it\/","name":"Pressenza","description":"Agenzia di Stampa Internazionale","publisher":{"@id":"https:\/\/www.pressenza.com\/it\/#organization"},"potentialAction":[{"@type":"SearchAction","target":{"@type":"EntryPoint","urlTemplate":"https:\/\/www.pressenza.com\/it\/?s={search_term_string}"},"query-input":{"@type":"PropertyValueSpecification","valueRequired":true,"valueName":"search_term_string"}}],"inLanguage":"it-IT"},{"@type":"Organization","@id":"https:\/\/www.pressenza.com\/it\/#organization","name":"Pressenza","url":"https:\/\/www.pressenza.com\/it\/","logo":{"@type":"ImageObject","inLanguage":"it-IT","@id":"https:\/\/www.pressenza.com\/it\/#\/schema\/logo\/image\/","url":"https:\/\/www.pressenza.com\/wp-content\/uploads\/2022\/10\/pressenza_logo_200x200.jpg","contentUrl":"https:\/\/www.pressenza.com\/wp-content\/uploads\/2022\/10\/pressenza_logo_200x200.jpg","width":200,"height":200,"caption":"Pressenza"},"image":{"@id":"https:\/\/www.pressenza.com\/it\/#\/schema\/logo\/image\/"},"sameAs":["https:\/\/www.facebook.com\/PressenzaItalia","https:\/\/x.com\/PressenzaIPA"]},{"@type":"Person","@id":"https:\/\/www.pressenza.com\/it\/#\/schema\/person\/d983e81827ae24f2c7b1a2123d197f8d","name":"Redazione Italia","description":"News from the Pressenza Bureau in Italy","sameAs":["https:\/\/www.pressenza.com\/it\/author\/redazione-italia\/","https:\/\/www.facebook.com\/PressenzaItalia","https:\/\/www.instagram.com\/pressenza_italia\/","https:\/\/x.com\/pressenza_it","https:\/\/www.youtube.com\/channel\/UCSalEIWjE1RSxkwjfftFuqg"],"url":"https:\/\/www.pressenza.com\/it\/author\/redazione-italia\/"}]}},"place":"Novara","original_article_url":"","_links":{"self":[{"href":"https:\/\/www.pressenza.com\/it\/wp-json\/wp\/v2\/posts\/750364","targetHints":{"allow":["GET"]}}],"collection":[{"href":"https:\/\/www.pressenza.com\/it\/wp-json\/wp\/v2\/posts"}],"about":[{"href":"https:\/\/www.pressenza.com\/it\/wp-json\/wp\/v2\/types\/post"}],"author":[{"embeddable":true,"href":"https:\/\/www.pressenza.com\/it\/wp-json\/wp\/v2\/users\/594"}],"replies":[{"embeddable":true,"href":"https:\/\/www.pressenza.com\/it\/wp-json\/wp\/v2\/comments?post=750364"}],"version-history":[{"count":0,"href":"https:\/\/www.pressenza.com\/it\/wp-json\/wp\/v2\/posts\/750364\/revisions"}],"wp:featuredmedia":[{"embeddable":true,"href":"https:\/\/www.pressenza.com\/it\/wp-json\/wp\/v2\/media\/750365"}],"wp:attachment":[{"href":"https:\/\/www.pressenza.com\/it\/wp-json\/wp\/v2\/media?parent=750364"}],"wp:term":[{"taxonomy":"category","embeddable":true,"href":"https:\/\/www.pressenza.com\/it\/wp-json\/wp\/v2\/categories?post=750364"},{"taxonomy":"post_tag","embeddable":true,"href":"https:\/\/www.pressenza.com\/it\/wp-json\/wp\/v2\/tags?post=750364"}],"curies":[{"name":"wp","href":"https:\/\/api.w.org\/{rel}","templated":true}]}}