{"id":744677,"date":"2018-10-26T12:32:15","date_gmt":"2018-10-26T11:32:15","guid":{"rendered":"https:\/\/www.pressenza.com\/?p=744677"},"modified":"2018-10-26T19:28:59","modified_gmt":"2018-10-26T18:28:59","slug":"europa-cambiare-i-trattati-dellunione","status":"publish","type":"post","link":"https:\/\/www.pressenza.com\/it\/2018\/10\/europa-cambiare-i-trattati-dellunione\/","title":{"rendered":"Europa: Cambiare i Trattati dell\u2019Unione"},"content":{"rendered":"<p>\u00ab<em>Vogliamo che<\/em> <strong>i trattati fondativi della UE siano riscritti<\/strong> <em>su basi completamente diverse, per garantire l&#8217;esercizio della sovranit\u00e0 popolare, che include come uno degli elementi prioritari la sovranit\u00e0 monetaria<\/em>\u00bb, lo sostengono in molti.<\/p>\n<p>Oggi, infatti, l\u2019UE \u00e8 evidentemente governata da \u00ab<strong>organismi non democratici<\/strong> <em>e palesemente strumento degli interessi della finanza internazionale<\/em>\u00bb.<\/p>\n<p>E&#8217; questo \u00e8 quel che penso anch&#8217;io, come appare chiaro da quanto gi\u00e0 scritto qui su Pressenza, in un dibattito che cerco di suscitare per l&#8217;avvicinarsi delle elezioni per il rinnovo del parlamento europeo del prossimo maggio 2019.<\/p>\n<p>A cominciare da &#8220;<a href=\"https:\/\/www.pressenza.com\/it\/2018\/10\/elezioni-2019-europa-al-bivio-piu-europa-o-piu-nazionalismo\/\" target=\"_blank\" rel=\"noopener\"><strong>Europa al bivio: Pi\u00f9 Europa o pi\u00f9 nazionalismo?<\/strong><\/a>&#8221; dello scorso 10 ottobre sino al pi\u00f9 recente &#8220;<a href=\"https:\/\/www.pressenza.com\/it\/2018\/10\/europee-2019-superare-lisbona-riformare-le-istituzioni-e-leuro\/\" target=\"_blank\" rel=\"noopener\"><strong>Superare Lisbona, riformare le istituzioni e l\u2019euro<\/strong><\/a>&#8220;.<\/p>\n<p>\u00ab<strong>Non basta opporsi all&#8217;attuale UE<\/strong><em>, n\u00e9 tanto meno all&#8217;Euro come moneta unica<\/em> \u2013 tuttavia &#8211;<em>. Dev&#8217;essere chiaro che la nostra opposizione non significa ritornare indietro, ma significa veramente andare avanti, cio\u00e8 oltre l&#8217;ipocrisia di un&#8217;Unione che non \u00e8 mai esistita in quanto tale e verso un&#8217;unione vera<\/em>\u00bb.<\/p>\n<p>Naturalmente senza escludere dei \u00ab<em>passi intermedi<\/em>\u00bb, in caso d\u2019insuccesso della riforma proposta.<\/p>\n<p>\u00ab<em>Se<\/em> <strong>rivoluzionare la UE<\/strong> <em>non \u00e8 fattibile, perch\u00e9 la modifica dei trattati richiede l&#8217;unanimit\u00e0 dei paesi membri, allora \u00e8 meglio uscire da questa trappola liberista e<\/em> <strong>lavorare da subito alla formazione di un&#8217;altra UE<\/strong> <em>o, in alternativa, di un&#8217;altra zona geopolitica coerente con i nostri ideali<\/em>\u00bb.<\/p>\n<p>Resta chiaro, cio\u00e8, che \u00ab<em>l&#8217;eventuale scioglimento dell&#8217;UE non dovrebbe significare per noi tornare agli stati nazionali, ognuno con la propria monetina<\/em>\u00bb.<\/p>\n<p>L\u2019obiettivo rimane, per me, infatti, sempre quello \u00ab<em>della<\/em> <a href=\"https:\/\/www.pressenza.com\/it\/2016\/12\/o-costruiamo-la-nazione-umana-universale-o-finiremo-nel-dimenticatoio\/\" target=\"_blank\" rel=\"noopener\"><strong>Nazione Umana Universale<\/strong><\/a><em>. come l&#8217;ideale di un mondo di pace e armonia, senza frontiere<\/em>\u00bb. Una utopia da raggiungere, attraverso successivi necessari passi intermedi quali quelli della \u00ab<em>armonizzazione e cooperazione tra stati nazionali<\/em>\u00bb.<\/p>\n<p>Naturalmente questo vaticinio non va inteso come \u00ab<em>la<\/em> <strong>creazione di un governo mondiale<\/strong> <em>nel quale l&#8217;esercizio della volont\u00e0 popolare sarebbe praticamente impossibile (peggio di ci\u00f2 che accade oggi nella UE)<\/em>\u00bb. Piuttosto, come \u00ab<strong>creazione di comunit\u00e0<\/strong> <em>rette da forme di democrazia partecipata\/reale che si coordinano tra loro<\/em>\u00bb.<\/p>\n","protected":false},"excerpt":{"rendered":"<p>\u00abVogliamo che i trattati fondativi della UE siano riscritti su basi completamente diverse, per garantire l&#8217;esercizio della sovranit\u00e0 popolare, che include come uno degli elementi prioritari la sovranit\u00e0 monetaria\u00bb, lo sostengono in molti. Oggi, infatti, l\u2019UE \u00e8 evidentemente governata da&hellip;<\/p>\n","protected":false},"author":1284,"featured_media":744963,"comment_status":"closed","ping_status":"closed","sticky":false,"template":"","format":"standard","meta":{"footnotes":""},"categories":[11388,62,47,162,55],"tags":[49853,3543,18330],"class_list":["post-744677","post","type-post","status-publish","format-standard","has-post-thumbnail","hentry","category-contenuti-originali","category-economia","category-europa","category-opinioni","category-politica","tag-elezioni-europee-2019","tag-euro","tag-europa-dei-popoli"],"yoast_head":"<!-- This site is optimized with the Yoast SEO plugin v27.1.1 - https:\/\/yoast.com\/product\/yoast-seo-wordpress\/ -->\n<title>Europa: Cambiare i Trattati dell\u2019Unione<\/title>\n<meta name=\"description\" content=\"Proposta di dibattito sui dei Trattati dell&#039;Unione oggi catena che stringe lo spazio democratico e quello di sviluppo verso un&#039;Unione vera tra i Popoli.\" \/>\n<meta name=\"robots\" content=\"index, follow, max-snippet:-1, max-image-preview:large, max-video-preview:-1\" \/>\n<link rel=\"canonical\" href=\"https:\/\/www.pressenza.com\/it\/2018\/10\/europa-cambiare-i-trattati-dellunione\/\" \/>\n<meta property=\"og:locale\" content=\"it_IT\" \/>\n<meta property=\"og:type\" content=\"article\" \/>\n<meta property=\"og:title\" content=\"Europa: Cambiare i Trattati dell\u2019Unione\" \/>\n<meta property=\"og:description\" content=\"Proposta di dibattito sui dei Trattati dell&#039;Unione oggi catena che stringe lo spazio democratico e quello di sviluppo verso un&#039;Unione vera tra i Popoli.\" \/>\n<meta property=\"og:url\" content=\"https:\/\/www.pressenza.com\/it\/2018\/10\/europa-cambiare-i-trattati-dellunione\/\" \/>\n<meta property=\"og:site_name\" content=\"Pressenza\" \/>\n<meta property=\"article:publisher\" content=\"https:\/\/www.facebook.com\/PressenzaItalia\" \/>\n<meta property=\"article:published_time\" content=\"2018-10-26T11:32:15+00:00\" \/>\n<meta property=\"article:modified_time\" content=\"2018-10-26T18:28:59+00:00\" \/>\n<meta property=\"og:image\" content=\"https:\/\/www.pressenza.com\/wp-content\/uploads\/2018\/10\/trattato_lisbona.jpg\" \/>\n\t<meta property=\"og:image:width\" content=\"1000\" \/>\n\t<meta property=\"og:image:height\" content=\"780\" \/>\n\t<meta property=\"og:image:type\" content=\"image\/jpeg\" \/>\n<meta name=\"author\" content=\"Natale Salvo\" \/>\n<meta name=\"twitter:card\" content=\"summary_large_image\" \/>\n<meta name=\"twitter:creator\" content=\"@PressenzaIPA\" \/>\n<meta name=\"twitter:site\" content=\"@PressenzaIPA\" \/>\n<meta name=\"twitter:label1\" content=\"Scritto da\" \/>\n\t<meta name=\"twitter:data1\" content=\"Natale Salvo\" \/>\n\t<meta name=\"twitter:label2\" content=\"Tempo di lettura stimato\" \/>\n\t<meta name=\"twitter:data2\" content=\"2 minuti\" \/>\n<script type=\"application\/ld+json\" class=\"yoast-schema-graph\">{\"@context\":\"https:\/\/schema.org\",\"@graph\":[{\"@type\":\"Article\",\"@id\":\"https:\/\/www.pressenza.com\/it\/2018\/10\/europa-cambiare-i-trattati-dellunione\/#article\",\"isPartOf\":{\"@id\":\"https:\/\/www.pressenza.com\/it\/2018\/10\/europa-cambiare-i-trattati-dellunione\/\"},\"author\":{\"name\":\"Natale Salvo\",\"@id\":\"https:\/\/www.pressenza.com\/it\/#\/schema\/person\/dfdba7d9ea928e4a93ced607c353757c\"},\"headline\":\"Europa: Cambiare i Trattati dell\u2019Unione\",\"datePublished\":\"2018-10-26T11:32:15+00:00\",\"dateModified\":\"2018-10-26T18:28:59+00:00\",\"mainEntityOfPage\":{\"@id\":\"https:\/\/www.pressenza.com\/it\/2018\/10\/europa-cambiare-i-trattati-dellunione\/\"},\"wordCount\":346,\"publisher\":{\"@id\":\"https:\/\/www.pressenza.com\/it\/#organization\"},\"image\":{\"@id\":\"https:\/\/www.pressenza.com\/it\/2018\/10\/europa-cambiare-i-trattati-dellunione\/#primaryimage\"},\"thumbnailUrl\":\"https:\/\/www.pressenza.com\/wp-content\/uploads\/2018\/10\/trattato_lisbona.jpg\",\"keywords\":[\"elezioni europee 2019\",\"euro\",\"Europa dei Popoli\"],\"articleSection\":[\"contenuti originali\",\"Economia\",\"Europa\",\"Opinioni\",\"Politica\"],\"inLanguage\":\"it-IT\"},{\"@type\":\"WebPage\",\"@id\":\"https:\/\/www.pressenza.com\/it\/2018\/10\/europa-cambiare-i-trattati-dellunione\/\",\"url\":\"https:\/\/www.pressenza.com\/it\/2018\/10\/europa-cambiare-i-trattati-dellunione\/\",\"name\":\"Europa: Cambiare i Trattati dell\u2019Unione\",\"isPartOf\":{\"@id\":\"https:\/\/www.pressenza.com\/it\/#website\"},\"primaryImageOfPage\":{\"@id\":\"https:\/\/www.pressenza.com\/it\/2018\/10\/europa-cambiare-i-trattati-dellunione\/#primaryimage\"},\"image\":{\"@id\":\"https:\/\/www.pressenza.com\/it\/2018\/10\/europa-cambiare-i-trattati-dellunione\/#primaryimage\"},\"thumbnailUrl\":\"https:\/\/www.pressenza.com\/wp-content\/uploads\/2018\/10\/trattato_lisbona.jpg\",\"datePublished\":\"2018-10-26T11:32:15+00:00\",\"dateModified\":\"2018-10-26T18:28:59+00:00\",\"description\":\"Proposta di dibattito sui dei Trattati dell'Unione oggi catena che stringe lo spazio democratico e quello di sviluppo verso un'Unione vera tra i Popoli.\",\"breadcrumb\":{\"@id\":\"https:\/\/www.pressenza.com\/it\/2018\/10\/europa-cambiare-i-trattati-dellunione\/#breadcrumb\"},\"inLanguage\":\"it-IT\",\"potentialAction\":[{\"@type\":\"ReadAction\",\"target\":[\"https:\/\/www.pressenza.com\/it\/2018\/10\/europa-cambiare-i-trattati-dellunione\/\"]}]},{\"@type\":\"ImageObject\",\"inLanguage\":\"it-IT\",\"@id\":\"https:\/\/www.pressenza.com\/it\/2018\/10\/europa-cambiare-i-trattati-dellunione\/#primaryimage\",\"url\":\"https:\/\/www.pressenza.com\/wp-content\/uploads\/2018\/10\/trattato_lisbona.jpg\",\"contentUrl\":\"https:\/\/www.pressenza.com\/wp-content\/uploads\/2018\/10\/trattato_lisbona.jpg\",\"width\":1000,\"height\":780,\"caption\":\"trattato_lisbona\"},{\"@type\":\"BreadcrumbList\",\"@id\":\"https:\/\/www.pressenza.com\/it\/2018\/10\/europa-cambiare-i-trattati-dellunione\/#breadcrumb\",\"itemListElement\":[{\"@type\":\"ListItem\",\"position\":1,\"name\":\"Accueil\",\"item\":\"https:\/\/www.pressenza.com\/it\/\"},{\"@type\":\"ListItem\",\"position\":2,\"name\":\"Europa: Cambiare i Trattati dell\u2019Unione\"}]},{\"@type\":\"WebSite\",\"@id\":\"https:\/\/www.pressenza.com\/it\/#website\",\"url\":\"https:\/\/www.pressenza.com\/it\/\",\"name\":\"Pressenza\",\"description\":\"Agenzia di Stampa Internazionale\",\"publisher\":{\"@id\":\"https:\/\/www.pressenza.com\/it\/#organization\"},\"potentialAction\":[{\"@type\":\"SearchAction\",\"target\":{\"@type\":\"EntryPoint\",\"urlTemplate\":\"https:\/\/www.pressenza.com\/it\/?s={search_term_string}\"},\"query-input\":{\"@type\":\"PropertyValueSpecification\",\"valueRequired\":true,\"valueName\":\"search_term_string\"}}],\"inLanguage\":\"it-IT\"},{\"@type\":\"Organization\",\"@id\":\"https:\/\/www.pressenza.com\/it\/#organization\",\"name\":\"Pressenza\",\"url\":\"https:\/\/www.pressenza.com\/it\/\",\"logo\":{\"@type\":\"ImageObject\",\"inLanguage\":\"it-IT\",\"@id\":\"https:\/\/www.pressenza.com\/it\/#\/schema\/logo\/image\/\",\"url\":\"https:\/\/www.pressenza.com\/wp-content\/uploads\/2022\/10\/pressenza_logo_200x200.jpg\",\"contentUrl\":\"https:\/\/www.pressenza.com\/wp-content\/uploads\/2022\/10\/pressenza_logo_200x200.jpg\",\"width\":200,\"height\":200,\"caption\":\"Pressenza\"},\"image\":{\"@id\":\"https:\/\/www.pressenza.com\/it\/#\/schema\/logo\/image\/\"},\"sameAs\":[\"https:\/\/www.facebook.com\/PressenzaItalia\",\"https:\/\/x.com\/PressenzaIPA\"]},{\"@type\":\"Person\",\"@id\":\"https:\/\/www.pressenza.com\/it\/#\/schema\/person\/dfdba7d9ea928e4a93ced607c353757c\",\"name\":\"Natale Salvo\",\"description\":\"Nato e cresciuto nella terra del \u201cGattopardo\u201d, la Sicilia. Ha dedicato la propria esistenza all'impegno sociale. Allenatore di una squadretta di calcio di periferia, presidente del circolo di Legambiente, candidato sindaco per il Partito Umanista. Infine blogger d\u2019inchiesta; ha pagato le sue denunce di cattiva amministrazione con una persecuzione per via giudiziaria. E' autore del libro \\\"La rivoluzione copernicana chiamata Reddito di Base\\\", edito da Multimage, Firenze.\",\"url\":\"https:\/\/www.pressenza.com\/it\/author\/natale-salvo\/\"}]}<\/script>\n<!-- \/ Yoast SEO plugin. -->","yoast_head_json":{"title":"Europa: Cambiare i Trattati dell\u2019Unione","description":"Proposta di dibattito sui dei Trattati dell'Unione oggi catena che stringe lo spazio democratico e quello di sviluppo verso un'Unione vera tra i Popoli.","robots":{"index":"index","follow":"follow","max-snippet":"max-snippet:-1","max-image-preview":"max-image-preview:large","max-video-preview":"max-video-preview:-1"},"canonical":"https:\/\/www.pressenza.com\/it\/2018\/10\/europa-cambiare-i-trattati-dellunione\/","og_locale":"it_IT","og_type":"article","og_title":"Europa: Cambiare i Trattati dell\u2019Unione","og_description":"Proposta di dibattito sui dei Trattati dell'Unione oggi catena che stringe lo spazio democratico e quello di sviluppo verso un'Unione vera tra i Popoli.","og_url":"https:\/\/www.pressenza.com\/it\/2018\/10\/europa-cambiare-i-trattati-dellunione\/","og_site_name":"Pressenza","article_publisher":"https:\/\/www.facebook.com\/PressenzaItalia","article_published_time":"2018-10-26T11:32:15+00:00","article_modified_time":"2018-10-26T18:28:59+00:00","og_image":[{"width":1000,"height":780,"url":"https:\/\/www.pressenza.com\/wp-content\/uploads\/2018\/10\/trattato_lisbona.jpg","type":"image\/jpeg"}],"author":"Natale Salvo","twitter_card":"summary_large_image","twitter_creator":"@PressenzaIPA","twitter_site":"@PressenzaIPA","twitter_misc":{"Scritto da":"Natale Salvo","Tempo di lettura stimato":"2 minuti"},"schema":{"@context":"https:\/\/schema.org","@graph":[{"@type":"Article","@id":"https:\/\/www.pressenza.com\/it\/2018\/10\/europa-cambiare-i-trattati-dellunione\/#article","isPartOf":{"@id":"https:\/\/www.pressenza.com\/it\/2018\/10\/europa-cambiare-i-trattati-dellunione\/"},"author":{"name":"Natale Salvo","@id":"https:\/\/www.pressenza.com\/it\/#\/schema\/person\/dfdba7d9ea928e4a93ced607c353757c"},"headline":"Europa: Cambiare i Trattati dell\u2019Unione","datePublished":"2018-10-26T11:32:15+00:00","dateModified":"2018-10-26T18:28:59+00:00","mainEntityOfPage":{"@id":"https:\/\/www.pressenza.com\/it\/2018\/10\/europa-cambiare-i-trattati-dellunione\/"},"wordCount":346,"publisher":{"@id":"https:\/\/www.pressenza.com\/it\/#organization"},"image":{"@id":"https:\/\/www.pressenza.com\/it\/2018\/10\/europa-cambiare-i-trattati-dellunione\/#primaryimage"},"thumbnailUrl":"https:\/\/www.pressenza.com\/wp-content\/uploads\/2018\/10\/trattato_lisbona.jpg","keywords":["elezioni europee 2019","euro","Europa dei Popoli"],"articleSection":["contenuti originali","Economia","Europa","Opinioni","Politica"],"inLanguage":"it-IT"},{"@type":"WebPage","@id":"https:\/\/www.pressenza.com\/it\/2018\/10\/europa-cambiare-i-trattati-dellunione\/","url":"https:\/\/www.pressenza.com\/it\/2018\/10\/europa-cambiare-i-trattati-dellunione\/","name":"Europa: Cambiare i Trattati dell\u2019Unione","isPartOf":{"@id":"https:\/\/www.pressenza.com\/it\/#website"},"primaryImageOfPage":{"@id":"https:\/\/www.pressenza.com\/it\/2018\/10\/europa-cambiare-i-trattati-dellunione\/#primaryimage"},"image":{"@id":"https:\/\/www.pressenza.com\/it\/2018\/10\/europa-cambiare-i-trattati-dellunione\/#primaryimage"},"thumbnailUrl":"https:\/\/www.pressenza.com\/wp-content\/uploads\/2018\/10\/trattato_lisbona.jpg","datePublished":"2018-10-26T11:32:15+00:00","dateModified":"2018-10-26T18:28:59+00:00","description":"Proposta di dibattito sui dei Trattati dell'Unione oggi catena che stringe lo spazio democratico e quello di sviluppo verso un'Unione vera tra i Popoli.","breadcrumb":{"@id":"https:\/\/www.pressenza.com\/it\/2018\/10\/europa-cambiare-i-trattati-dellunione\/#breadcrumb"},"inLanguage":"it-IT","potentialAction":[{"@type":"ReadAction","target":["https:\/\/www.pressenza.com\/it\/2018\/10\/europa-cambiare-i-trattati-dellunione\/"]}]},{"@type":"ImageObject","inLanguage":"it-IT","@id":"https:\/\/www.pressenza.com\/it\/2018\/10\/europa-cambiare-i-trattati-dellunione\/#primaryimage","url":"https:\/\/www.pressenza.com\/wp-content\/uploads\/2018\/10\/trattato_lisbona.jpg","contentUrl":"https:\/\/www.pressenza.com\/wp-content\/uploads\/2018\/10\/trattato_lisbona.jpg","width":1000,"height":780,"caption":"trattato_lisbona"},{"@type":"BreadcrumbList","@id":"https:\/\/www.pressenza.com\/it\/2018\/10\/europa-cambiare-i-trattati-dellunione\/#breadcrumb","itemListElement":[{"@type":"ListItem","position":1,"name":"Accueil","item":"https:\/\/www.pressenza.com\/it\/"},{"@type":"ListItem","position":2,"name":"Europa: Cambiare i Trattati dell\u2019Unione"}]},{"@type":"WebSite","@id":"https:\/\/www.pressenza.com\/it\/#website","url":"https:\/\/www.pressenza.com\/it\/","name":"Pressenza","description":"Agenzia di Stampa Internazionale","publisher":{"@id":"https:\/\/www.pressenza.com\/it\/#organization"},"potentialAction":[{"@type":"SearchAction","target":{"@type":"EntryPoint","urlTemplate":"https:\/\/www.pressenza.com\/it\/?s={search_term_string}"},"query-input":{"@type":"PropertyValueSpecification","valueRequired":true,"valueName":"search_term_string"}}],"inLanguage":"it-IT"},{"@type":"Organization","@id":"https:\/\/www.pressenza.com\/it\/#organization","name":"Pressenza","url":"https:\/\/www.pressenza.com\/it\/","logo":{"@type":"ImageObject","inLanguage":"it-IT","@id":"https:\/\/www.pressenza.com\/it\/#\/schema\/logo\/image\/","url":"https:\/\/www.pressenza.com\/wp-content\/uploads\/2022\/10\/pressenza_logo_200x200.jpg","contentUrl":"https:\/\/www.pressenza.com\/wp-content\/uploads\/2022\/10\/pressenza_logo_200x200.jpg","width":200,"height":200,"caption":"Pressenza"},"image":{"@id":"https:\/\/www.pressenza.com\/it\/#\/schema\/logo\/image\/"},"sameAs":["https:\/\/www.facebook.com\/PressenzaItalia","https:\/\/x.com\/PressenzaIPA"]},{"@type":"Person","@id":"https:\/\/www.pressenza.com\/it\/#\/schema\/person\/dfdba7d9ea928e4a93ced607c353757c","name":"Natale Salvo","description":"Nato e cresciuto nella terra del \u201cGattopardo\u201d, la Sicilia. Ha dedicato la propria esistenza all'impegno sociale. Allenatore di una squadretta di calcio di periferia, presidente del circolo di Legambiente, candidato sindaco per il Partito Umanista. Infine blogger d\u2019inchiesta; ha pagato le sue denunce di cattiva amministrazione con una persecuzione per via giudiziaria. E' autore del libro \"La rivoluzione copernicana chiamata Reddito di Base\", edito da Multimage, Firenze.","url":"https:\/\/www.pressenza.com\/it\/author\/natale-salvo\/"}]}},"place":"","original_article_url":"","_links":{"self":[{"href":"https:\/\/www.pressenza.com\/it\/wp-json\/wp\/v2\/posts\/744677","targetHints":{"allow":["GET"]}}],"collection":[{"href":"https:\/\/www.pressenza.com\/it\/wp-json\/wp\/v2\/posts"}],"about":[{"href":"https:\/\/www.pressenza.com\/it\/wp-json\/wp\/v2\/types\/post"}],"author":[{"embeddable":true,"href":"https:\/\/www.pressenza.com\/it\/wp-json\/wp\/v2\/users\/1284"}],"replies":[{"embeddable":true,"href":"https:\/\/www.pressenza.com\/it\/wp-json\/wp\/v2\/comments?post=744677"}],"version-history":[{"count":0,"href":"https:\/\/www.pressenza.com\/it\/wp-json\/wp\/v2\/posts\/744677\/revisions"}],"wp:featuredmedia":[{"embeddable":true,"href":"https:\/\/www.pressenza.com\/it\/wp-json\/wp\/v2\/media\/744963"}],"wp:attachment":[{"href":"https:\/\/www.pressenza.com\/it\/wp-json\/wp\/v2\/media?parent=744677"}],"wp:term":[{"taxonomy":"category","embeddable":true,"href":"https:\/\/www.pressenza.com\/it\/wp-json\/wp\/v2\/categories?post=744677"},{"taxonomy":"post_tag","embeddable":true,"href":"https:\/\/www.pressenza.com\/it\/wp-json\/wp\/v2\/tags?post=744677"}],"curies":[{"name":"wp","href":"https:\/\/api.w.org\/{rel}","templated":true}]}}