{"id":74008,"date":"2013-10-24T11:33:10","date_gmt":"2013-10-24T10:33:10","guid":{"rendered":"http:\/\/www.pressenza.com\/?p=74008"},"modified":"2013-10-24T11:57:49","modified_gmt":"2013-10-24T10:57:49","slug":"laccordo-libero-scambio-unione-europea-canada-inaccettabile","status":"publish","type":"post","link":"https:\/\/www.pressenza.com\/it\/2013\/10\/laccordo-libero-scambio-unione-europea-canada-inaccettabile\/","title":{"rendered":"L&#8217;accordo di libero scambio Unione Europea-Canada \u00e8 inaccettabile"},"content":{"rendered":"<p lang=\"it-IT\"><span style=\"color: #5e6066;\"><span style=\"font-family: Helvetica, Arial, sans-serif;\"><span style=\"font-size: small;\"><i>Anti-democratico e portatore di gravi regressioni sociali ed ecologiche, l&#8217;accordo di libero scambio Unione Europea &#8211; Canada \u00e8 inaccettabile.<\/i><\/span><\/span><\/span><\/p>\n<p lang=\"it-IT\"><span style=\"color: #5e6066;\"><span style=\"font-family: Helvetica, Arial, sans-serif;\"><span style=\"font-size: small;\">L&#8217;Unione europea e il Canada sono riusciti a concordare un accordo per la liberalizzazione del commercio e degli investimenti. Se l&#8217;accordo politico oggi confermato da J.M. Barroso e dal primo ministro canadese S. Harper rimane, in questa fase, ancora simbolico (le trattative tecniche continueranno certamente per parecchi mesi), questo CETA (trattato economico e commerciale globale) conferma tuttavia la volont\u00e0 a livello comunitario di accelerare il ritmo di costruzione di un grande mercato unico transatlantico, portatore di minacce gravi dal punto di vista dei movimenti sociali e dei cittadini su entrambe le sponde dell&#8217;Atlantico.<\/span><\/span><\/span><\/p>\n<p lang=\"it-IT\"><span style=\"color: #5e6066;\"><span style=\"font-family: Helvetica, Arial, sans-serif;\"><span style=\"font-size: small;\">Questo annuncio arriva mentre nessuno ancora, a parte gli stessi negoziatori e uomini d&#8217;affari, ha potuto avere accesso al testo negoziato, n\u00e9 alle informazioni riguardo le concessioni fatte dall&#8217;Unione Europea e dal Canada per concludere questo accordo, nonostante le ripetute richieste da parte delle organizzazioni della societ\u00e0 civile europea e canadese&#8230;<\/span><\/span><\/span><\/p>\n<p><span style=\"color: #5e6066;\"><span style=\"font-family: Helvetica, Arial, sans-serif;\"><span style=\"font-size: small;\">Secondo le informazioni trapelate e pervenuteci a novembre 2012, questo accordo avrebbe gravi ripercussioni sull&#8217;agricoltura europea, sui servizi pubblici, sui diritti concessi alle multinazionali, per non parlare delle regolamentazioni su questioni ambientali e norme sanitarie, l&#8217;accesso ai farmaci, ecc. Ma gli interessi delle multinazionali sembrano essere ben pi\u00f9 interessanti per il Presidente della Commissione, J.M. Barroso, che dichiara: &#8220;<\/span><\/span><\/span><span style=\"color: #5e6066;\"><span style=\"font-family: Helvetica, Arial, sans-serif;\"><span style=\"font-size: small;\"><i>Questo accordo, aumentando l&#8217;accesso ai mercati per beni e servizi, e fornendo nuove opportunit\u00e0 per gli investitori europei, aprir\u00e0 nuove opportunit\u00e0 per le imprese europee e canadesi<\/i><\/span><\/span><\/span><span style=\"color: #5e6066;\"><span style=\"font-family: Helvetica, Arial, sans-serif;\"><span style=\"font-size: small;\">&#8216;.<\/span><\/span><\/span><\/p>\n<p><span style=\"color: #5e6066;\"><span style=\"font-family: Helvetica, Arial, sans-serif;\"><span style=\"font-size: small;\">In effetti, le multinazionali possono congratularsi per le concessioni rispetto all&#8217;apertura dei servizi pubblici alla concorrenza. Come sottolinea Fr\u00e9d\u00e9ric Viale di Attac, &#8220;<\/span><\/span><\/span><span style=\"color: #5e6066;\"><span style=\"font-family: Helvetica, Arial, sans-serif;\"><span style=\"font-size: small;\"><i>il CETA ha un aspetto molto aggressivo in materia di liberalizzazione dei servizi pubblici, poich\u00e9 adotterebbe un approccio di tipo &#8216;lista negativa&#8217;, che significa che tutti i servizi non esplicitamente esclusi dal testo dell&#8217;accordo sono suscettibili di essere liberalizzati!<\/i><\/span><\/span><\/span><span style=\"color: #5e6066;\"><span style=\"font-family: Helvetica, Arial, sans-serif;\"><span style=\"font-size: small;\">&#8220;. Al momento, non abbiamo ancora l&#8217;elenco dei servizi che l&#8217;Unione Europea ha esplicitamente escluso dall&#8217;apertura alla concorrenza di societ\u00e0 canadesi. Ma le probabili offerte da parte del Canada rispetto all&#8217;apertura dei mercati pubblici dell&#8217;acqua fanno presagire importanti concessioni dell&#8217;Unione Europea in cambio.<\/span><\/span><\/span><\/p>\n<p lang=\"it-IT\"><span style=\"color: #5e6066;\"><span style=\"font-family: Helvetica, Arial, sans-serif;\"><span style=\"font-size: small;\">L&#8217;Unione Europea, punta di diamante della liberalizzazione dei servizi, si impegna in cambio a eliminare il 99% delle tariffe doganali tra i due paesi, con una maggiore apertura del commercio agricolo, che in particolare presuppone l&#8217;aumento delle importazioni di prodotti lattiero-caseari, pesce, carni di manzo e maiale dal Canada. Ed \u00e8 anche grazie a questi negoziati che il Canada ha fatto pressione per ritardare e indebolire il campo di applicazione della direttiva europea &#8220;Qualit\u00e0 dei combustibili&#8221;, che mira a combattere i cambiamenti climatici.<\/span><\/span><\/span><\/p>\n<p lang=\"it-IT\"><span style=\"color: #5e6066;\"><span style=\"font-family: Helvetica, Arial, sans-serif;\"><span style=\"font-size: small;\">La conclusione di questo accordo rappresenter\u00e0 soprattutto la consacrazione della superiorit\u00e0 dei diritti delle imprese su quelli dei cittadini o dei consumatori e sulla difesa dell&#8217;interesse generale, poich\u00e9 dovrebbe includere un meccanismo inaccettabile di regolazione delle controversie &#8220;investitore-stato&#8221;. Questo tipo di meccanismo, detto &#8220;protezione degli investimenti&#8221;, autorizza un&#8217;azienda a perseguire uno stato o un&#8217;istituzione regionale se una legislazione la priva di potenziale guadagni; la controversia \u00e8 arbitrata da un panel di esperti privati, su base discrezionale e al di fuori delle giurisdizioni pubbliche nazionali, regionali o multilaterali.<\/span><\/span><\/span><\/p>\n<p lang=\"it-IT\"><span style=\"color: #5e6066;\"><span style=\"font-family: Helvetica, Arial, sans-serif;\"><span style=\"font-size: small;\">Per Fanny Simon dell&#8217;Aitec, &#8220;un tale dispositivo minaccia i poteri di regolamentazione delle autorit\u00e0 elette, rimette in questione la sovranit\u00e0 dei popoli e ne lede i diritti e le libert\u00e0 democratiche, dando alle multinazionali il potere di sfidare quelle regolamentazioni messe in atto a protezione dell&#8217;ambiente, dei piccoli agricoltori, delle PMI o addirittura della salute pubblica. &#8220;\u00c8 tanto pi\u00f9 inaccettabile in quanto tale misura non influenzer\u00e0, o lo far\u00f2 solo in modo marginale, i flussi di investimento, gi\u00e0 molto importanti tra i due paesi, a riprova della fiducia degli investitori nel quadro giuridico attuale.&#8221; Tuttavia, le aziende fanno sempre pi\u00f9 spesso ricorso a questo tipo di dispositivo per contestare quelle decisioni pubbliche che ritengono contrarie ai propri interessi. Cos\u00ec, l&#8217;americana Lone Pine ha appena presentato una denuncia contro il governo del Quebec, chiedendo $250 milioni a titolo di compensazione per l&#8217;istituzione di una moratoria che vieta l&#8217;uso della\u00a0<\/span><\/span><\/span><a href=\"http:\/\/www.pressenza.com\/it\/2013\/09\/il-gas-scisto-che-si-tratta\/\">fratturazione idraulica<\/a><span style=\"color: #5e6066;\"><span style=\"font-family: Helvetica, Arial, sans-serif;\"><span style=\"font-size: small;\">\u00a0nella valle del Saint-Laurent.<\/span><\/span><\/span><\/p>\n<p lang=\"it-IT\"><span style=\"color: #5e6066;\"><span style=\"font-family: Helvetica, Arial, sans-serif;\"><span style=\"font-size: small;\">Un tale accordo, profondamente antidemocratico e contrario alla necessit\u00e0 di potenziare diritti ecologici e sociali delle popolazioni, \u00e8 inaccettabile. Noi daremo vita ad una campagna in questo senso, e ci rivolgeremo a tutti i parlamentari nazionali ed europei perch\u00e9 tale accordo non venga mai ratificato. Consideriamo questo accordo l&#8217;emblema stesso dei metodi e dei contenuti di negoziati di libero scambio e investimento che rifiutiamo categoricamente. Ecco perch\u00e9 rifiutiamo i medesimi obiettivi e disposizioni attualmente in trattativa nel contesto del partenariato transatlantico per il commercio e gli investimenti (TTIP, Transatlantic Trade and Investment Partnership), che instaurer\u00e0 una specie di Supermercato transatlantico tra Europa e Stati Uniti. Non accettiamo l&#8217;idea che il progetto di accordo CETA rappresenti il primo passo verso una vasta zona di libero scambio transatlantico tra l&#8217;Europa, il Canada, gli Stati Uniti e il Messico, in cui i diritti di imprese e investitori diritti prevarrebbero sui diritti fondamentali delle popolazioni e sulla protezione dell&#8217;ambiente.<\/span><\/span><\/span><\/p>\n<p lang=\"it-IT\"><span style=\"color: #5e6066;\"><span style=\"font-family: Helvetica, Arial, sans-serif;\"><span style=\"font-size: small;\">Di fronte a una tale offensiva, le nostre organizzazioni chiamano i cittadini francesi, europei e canadesi a organizzarsi per:<\/span><\/span><\/span><\/p>\n<ul>\n<li>\n<p lang=\"it-IT\"><span style=\"color: #5e6066;\"><span style=\"font-family: Helvetica, Arial, sans-serif;\"><span style=\"font-size: small;\">ottenere dai loro rappresentanti in questi negoziati la divulgazione pubblica del testo o bozza del, oggetto dell&#8217;accordo<\/span><\/span><\/span><\/p>\n<\/li>\n<li>\n<p lang=\"it-IT\"><span style=\"color: #5e6066;\"><span style=\"font-family: Helvetica, Arial, sans-serif;\"><span style=\"font-size: small;\">far conoscere i pericoli immediati che comporta per cittadini, economia e ambiente.<\/span><\/span><\/span><\/p>\n<\/li>\n<li>\n<p lang=\"it-IT\"><span style=\"color: #5e6066;\"><span style=\"font-family: Helvetica, Arial, sans-serif;\"><span style=\"font-size: small;\">interpellare gli euro-deputati sul calendario e le procedure per la ratifica del presente accordo, e in particolare mettendo questi temi al centro della campagna per le elezioni europee di giugno 2014.<\/span><\/span><\/span><\/p>\n<\/li>\n<\/ul>\n<p lang=\"it-IT\"><span style=\"color: #5e6066;\"><span style=\"font-family: Helvetica, Arial, sans-serif;\"><span style=\"font-size: small;\">AITEC.<\/span><\/span><\/span><\/p>\n<p><span style=\"color: #5e6066;\"><span style=\"font-family: Helvetica, Arial, sans-serif;\"><span style=\"font-size: small;\">Fonte:<\/span><\/span><\/span><span style=\"color: #000080;\"><span style=\"text-decoration: underline;\"><span style=\"color: #217dd3;\"><span style=\"font-family: Helvetica, Arial, sans-serif;\"><span style=\"font-size: small;\"><a href=\"http:\/\/www.france.attac.org\/articles\/laccord-de-libre-echange-union-europeenne-canada-est-inacceptable\">http:\/\/www.france.attac.org\/articles\/laccord-de-libre-echange-union-europeenne-canada-est-inacceptable<\/a><\/span><\/span><\/span><\/span><\/span><\/p>\n<p>Traduzione dal francese di <a href=\"http:\/\/it.linkedin.com\/pub\/giuseppina-vecchia\/2b\/942\/802\/en\">Giuseppina Vecchia<\/a> per Pressenza<\/p>\n","protected":false},"excerpt":{"rendered":"<p>Anti-democratico e portatore di gravi regressioni sociali ed ecologiche, l&#8217;accordo di libero scambio Unione Europea &#8211; Canada \u00e8 inaccettabile. L&#8217;Unione europea e il Canada sono riusciti a concordare un accordo per la liberalizzazione del commercio e degli investimenti. Se l&#8217;accordo&hellip;<\/p>\n","protected":false},"author":1021,"featured_media":74010,"comment_status":"closed","ping_status":"open","sticky":false,"template":"","format":"standard","meta":{"footnotes":""},"categories":[62,47,38,49,162],"tags":[6933,7363,6885,3812,7364],"class_list":["post-74008","post","type-post","status-publish","format-standard","has-post-thumbnail","hentry","category-economia","category-europa","category-internazionale","category-nord-america","category-opinioni","tag-cambiamenti-climatici","tag-ceta-it","tag-fratturazione-idraulica","tag-liberismo","tag-ttip-it"],"yoast_head":"<!-- This site is optimized with the Yoast SEO plugin v27.1.1 - https:\/\/yoast.com\/product\/yoast-seo-wordpress\/ -->\n<title>L&#039;accordo di libero scambio Unione Europea-Canada \u00e8 inaccettabile<\/title>\n<meta name=\"description\" content=\"Anti-democratico e portatore di gravi regressioni sociali ed ecologiche, l&#039;accordo di libero scambio Unione Europea - Canada \u00e8 inaccettabile. L&#039;Unione\" \/>\n<meta name=\"robots\" content=\"index, follow, max-snippet:-1, max-image-preview:large, max-video-preview:-1\" \/>\n<link rel=\"canonical\" href=\"https:\/\/www.pressenza.com\/it\/2013\/10\/laccordo-libero-scambio-unione-europea-canada-inaccettabile\/\" \/>\n<meta property=\"og:locale\" content=\"it_IT\" \/>\n<meta property=\"og:type\" content=\"article\" \/>\n<meta property=\"og:title\" content=\"L&#039;accordo di libero scambio Unione Europea-Canada \u00e8 inaccettabile\" \/>\n<meta property=\"og:description\" content=\"Anti-democratico e portatore di gravi regressioni sociali ed ecologiche, l&#039;accordo di libero scambio Unione Europea - Canada \u00e8 inaccettabile. L&#039;Unione\" \/>\n<meta property=\"og:url\" content=\"https:\/\/www.pressenza.com\/it\/2013\/10\/laccordo-libero-scambio-unione-europea-canada-inaccettabile\/\" \/>\n<meta property=\"og:site_name\" content=\"Pressenza\" \/>\n<meta property=\"article:publisher\" content=\"https:\/\/www.facebook.com\/PressenzaItalia\" \/>\n<meta property=\"article:author\" content=\"http:\/\/www.facebook.com\/pages\/Attac-France-Officiel\/129474087122948\" \/>\n<meta property=\"article:published_time\" content=\"2013-10-24T10:33:10+00:00\" \/>\n<meta property=\"article:modified_time\" content=\"2013-10-24T10:57:49+00:00\" \/>\n<meta property=\"og:image\" content=\"https:\/\/www.pressenza.com\/wp-content\/uploads\/2013\/10\/LAccord-de-libre-\u00e9change-Union-europ\u00e9enne\u2013Canada-est-inacceptable.jpg\" \/>\n\t<meta property=\"og:image:width\" content=\"620\" \/>\n\t<meta property=\"og:image:height\" content=\"465\" \/>\n\t<meta property=\"og:image:type\" content=\"image\/jpeg\" \/>\n<meta name=\"author\" content=\"Attac France\" \/>\n<meta name=\"twitter:card\" content=\"summary_large_image\" \/>\n<meta name=\"twitter:creator\" content=\"@attac_fr\" \/>\n<meta name=\"twitter:site\" content=\"@PressenzaIPA\" \/>\n<meta name=\"twitter:label1\" content=\"Scritto da\" \/>\n\t<meta name=\"twitter:data1\" content=\"Attac France\" \/>\n\t<meta name=\"twitter:label2\" content=\"Tempo di lettura stimato\" \/>\n\t<meta name=\"twitter:data2\" content=\"5 minuti\" \/>\n<script type=\"application\/ld+json\" class=\"yoast-schema-graph\">{\"@context\":\"https:\/\/schema.org\",\"@graph\":[{\"@type\":\"Article\",\"@id\":\"https:\/\/www.pressenza.com\/it\/2013\/10\/laccordo-libero-scambio-unione-europea-canada-inaccettabile\/#article\",\"isPartOf\":{\"@id\":\"https:\/\/www.pressenza.com\/it\/2013\/10\/laccordo-libero-scambio-unione-europea-canada-inaccettabile\/\"},\"author\":{\"name\":\"Attac France\",\"@id\":\"https:\/\/www.pressenza.com\/it\/#\/schema\/person\/5d6f51886fa0ab1cde7b3d2a06070460\"},\"headline\":\"L&#8217;accordo di libero scambio Unione Europea-Canada \u00e8 inaccettabile\",\"datePublished\":\"2013-10-24T10:33:10+00:00\",\"dateModified\":\"2013-10-24T10:57:49+00:00\",\"mainEntityOfPage\":{\"@id\":\"https:\/\/www.pressenza.com\/it\/2013\/10\/laccordo-libero-scambio-unione-europea-canada-inaccettabile\/\"},\"wordCount\":961,\"publisher\":{\"@id\":\"https:\/\/www.pressenza.com\/it\/#organization\"},\"image\":{\"@id\":\"https:\/\/www.pressenza.com\/it\/2013\/10\/laccordo-libero-scambio-unione-europea-canada-inaccettabile\/#primaryimage\"},\"thumbnailUrl\":\"https:\/\/www.pressenza.com\/wp-content\/uploads\/2013\/10\/LAccord-de-libre-\u00e9change-Union-europ\u00e9enne\u2013Canada-est-inacceptable.jpg\",\"keywords\":[\"cambiamenti climatici\",\"CETA\",\"fratturazione idraulica\",\"liberismo\",\"TTIP\"],\"articleSection\":[\"Economia\",\"Europa\",\"Internazionale\",\"Nord America\",\"Opinioni\"],\"inLanguage\":\"it-IT\"},{\"@type\":\"WebPage\",\"@id\":\"https:\/\/www.pressenza.com\/it\/2013\/10\/laccordo-libero-scambio-unione-europea-canada-inaccettabile\/\",\"url\":\"https:\/\/www.pressenza.com\/it\/2013\/10\/laccordo-libero-scambio-unione-europea-canada-inaccettabile\/\",\"name\":\"L'accordo di libero scambio Unione Europea-Canada \u00e8 inaccettabile\",\"isPartOf\":{\"@id\":\"https:\/\/www.pressenza.com\/it\/#website\"},\"primaryImageOfPage\":{\"@id\":\"https:\/\/www.pressenza.com\/it\/2013\/10\/laccordo-libero-scambio-unione-europea-canada-inaccettabile\/#primaryimage\"},\"image\":{\"@id\":\"https:\/\/www.pressenza.com\/it\/2013\/10\/laccordo-libero-scambio-unione-europea-canada-inaccettabile\/#primaryimage\"},\"thumbnailUrl\":\"https:\/\/www.pressenza.com\/wp-content\/uploads\/2013\/10\/LAccord-de-libre-\u00e9change-Union-europ\u00e9enne\u2013Canada-est-inacceptable.jpg\",\"datePublished\":\"2013-10-24T10:33:10+00:00\",\"dateModified\":\"2013-10-24T10:57:49+00:00\",\"description\":\"Anti-democratico e portatore di gravi regressioni sociali ed ecologiche, l'accordo di libero scambio Unione Europea - Canada \u00e8 inaccettabile. L'Unione\",\"breadcrumb\":{\"@id\":\"https:\/\/www.pressenza.com\/it\/2013\/10\/laccordo-libero-scambio-unione-europea-canada-inaccettabile\/#breadcrumb\"},\"inLanguage\":\"it-IT\",\"potentialAction\":[{\"@type\":\"ReadAction\",\"target\":[\"https:\/\/www.pressenza.com\/it\/2013\/10\/laccordo-libero-scambio-unione-europea-canada-inaccettabile\/\"]}]},{\"@type\":\"ImageObject\",\"inLanguage\":\"it-IT\",\"@id\":\"https:\/\/www.pressenza.com\/it\/2013\/10\/laccordo-libero-scambio-unione-europea-canada-inaccettabile\/#primaryimage\",\"url\":\"https:\/\/www.pressenza.com\/wp-content\/uploads\/2013\/10\/LAccord-de-libre-\u00e9change-Union-europ\u00e9enne\u2013Canada-est-inacceptable.jpg\",\"contentUrl\":\"https:\/\/www.pressenza.com\/wp-content\/uploads\/2013\/10\/LAccord-de-libre-\u00e9change-Union-europ\u00e9enne\u2013Canada-est-inacceptable.jpg\",\"width\":620,\"height\":465},{\"@type\":\"BreadcrumbList\",\"@id\":\"https:\/\/www.pressenza.com\/it\/2013\/10\/laccordo-libero-scambio-unione-europea-canada-inaccettabile\/#breadcrumb\",\"itemListElement\":[{\"@type\":\"ListItem\",\"position\":1,\"name\":\"Accueil\",\"item\":\"https:\/\/www.pressenza.com\/it\/\"},{\"@type\":\"ListItem\",\"position\":2,\"name\":\"L&#8217;accordo di libero scambio Unione Europea-Canada \u00e8 inaccettabile\"}]},{\"@type\":\"WebSite\",\"@id\":\"https:\/\/www.pressenza.com\/it\/#website\",\"url\":\"https:\/\/www.pressenza.com\/it\/\",\"name\":\"Pressenza\",\"description\":\"Agenzia di Stampa Internazionale\",\"publisher\":{\"@id\":\"https:\/\/www.pressenza.com\/it\/#organization\"},\"potentialAction\":[{\"@type\":\"SearchAction\",\"target\":{\"@type\":\"EntryPoint\",\"urlTemplate\":\"https:\/\/www.pressenza.com\/it\/?s={search_term_string}\"},\"query-input\":{\"@type\":\"PropertyValueSpecification\",\"valueRequired\":true,\"valueName\":\"search_term_string\"}}],\"inLanguage\":\"it-IT\"},{\"@type\":\"Organization\",\"@id\":\"https:\/\/www.pressenza.com\/it\/#organization\",\"name\":\"Pressenza\",\"url\":\"https:\/\/www.pressenza.com\/it\/\",\"logo\":{\"@type\":\"ImageObject\",\"inLanguage\":\"it-IT\",\"@id\":\"https:\/\/www.pressenza.com\/it\/#\/schema\/logo\/image\/\",\"url\":\"https:\/\/www.pressenza.com\/wp-content\/uploads\/2022\/10\/pressenza_logo_200x200.jpg\",\"contentUrl\":\"https:\/\/www.pressenza.com\/wp-content\/uploads\/2022\/10\/pressenza_logo_200x200.jpg\",\"width\":200,\"height\":200,\"caption\":\"Pressenza\"},\"image\":{\"@id\":\"https:\/\/www.pressenza.com\/it\/#\/schema\/logo\/image\/\"},\"sameAs\":[\"https:\/\/www.facebook.com\/PressenzaItalia\",\"https:\/\/x.com\/PressenzaIPA\"]},{\"@type\":\"Person\",\"@id\":\"https:\/\/www.pressenza.com\/it\/#\/schema\/person\/5d6f51886fa0ab1cde7b3d2a06070460\",\"name\":\"Attac France\",\"description\":\"Fond\u00e9e en 1998, suite \u00e0 la r\u00e9daction d'un \u00e9ditorial du Monde diplomatique : \u00ab D\u00e9sarmer les march\u00e9s \u00bb (d\u00e9cembre 1997), Attac (Association pour la taxation des transactions financi\u00e8res et pour l\u2019action citoyenne) promeut et m\u00e8ne des actions de tous ordres en vue de la reconqu\u00eate, par les citoyens, du pouvoir que la sph\u00e8re financi\u00e8re exerce sur tous les aspects de la vie politique, \u00e9conomique, sociale et culturelle dans l\u2019ensemble du monde.\",\"sameAs\":[\"http:\/\/www.france.attac.org\",\"http:\/\/www.facebook.com\/pages\/Attac-France-Officiel\/129474087122948\",\"https:\/\/x.com\/attac_fr\"],\"url\":\"https:\/\/www.pressenza.com\/it\/author\/attac-france\/\"}]}<\/script>\n<!-- \/ Yoast SEO plugin. -->","yoast_head_json":{"title":"L'accordo di libero scambio Unione Europea-Canada \u00e8 inaccettabile","description":"Anti-democratico e portatore di gravi regressioni sociali ed ecologiche, l'accordo di libero scambio Unione Europea - Canada \u00e8 inaccettabile. L'Unione","robots":{"index":"index","follow":"follow","max-snippet":"max-snippet:-1","max-image-preview":"max-image-preview:large","max-video-preview":"max-video-preview:-1"},"canonical":"https:\/\/www.pressenza.com\/it\/2013\/10\/laccordo-libero-scambio-unione-europea-canada-inaccettabile\/","og_locale":"it_IT","og_type":"article","og_title":"L'accordo di libero scambio Unione Europea-Canada \u00e8 inaccettabile","og_description":"Anti-democratico e portatore di gravi regressioni sociali ed ecologiche, l'accordo di libero scambio Unione Europea - Canada \u00e8 inaccettabile. L'Unione","og_url":"https:\/\/www.pressenza.com\/it\/2013\/10\/laccordo-libero-scambio-unione-europea-canada-inaccettabile\/","og_site_name":"Pressenza","article_publisher":"https:\/\/www.facebook.com\/PressenzaItalia","article_author":"http:\/\/www.facebook.com\/pages\/Attac-France-Officiel\/129474087122948","article_published_time":"2013-10-24T10:33:10+00:00","article_modified_time":"2013-10-24T10:57:49+00:00","og_image":[{"width":620,"height":465,"url":"https:\/\/www.pressenza.com\/wp-content\/uploads\/2013\/10\/LAccord-de-libre-\u00e9change-Union-europ\u00e9enne\u2013Canada-est-inacceptable.jpg","type":"image\/jpeg"}],"author":"Attac France","twitter_card":"summary_large_image","twitter_creator":"@attac_fr","twitter_site":"@PressenzaIPA","twitter_misc":{"Scritto da":"Attac France","Tempo di lettura stimato":"5 minuti"},"schema":{"@context":"https:\/\/schema.org","@graph":[{"@type":"Article","@id":"https:\/\/www.pressenza.com\/it\/2013\/10\/laccordo-libero-scambio-unione-europea-canada-inaccettabile\/#article","isPartOf":{"@id":"https:\/\/www.pressenza.com\/it\/2013\/10\/laccordo-libero-scambio-unione-europea-canada-inaccettabile\/"},"author":{"name":"Attac France","@id":"https:\/\/www.pressenza.com\/it\/#\/schema\/person\/5d6f51886fa0ab1cde7b3d2a06070460"},"headline":"L&#8217;accordo di libero scambio Unione Europea-Canada \u00e8 inaccettabile","datePublished":"2013-10-24T10:33:10+00:00","dateModified":"2013-10-24T10:57:49+00:00","mainEntityOfPage":{"@id":"https:\/\/www.pressenza.com\/it\/2013\/10\/laccordo-libero-scambio-unione-europea-canada-inaccettabile\/"},"wordCount":961,"publisher":{"@id":"https:\/\/www.pressenza.com\/it\/#organization"},"image":{"@id":"https:\/\/www.pressenza.com\/it\/2013\/10\/laccordo-libero-scambio-unione-europea-canada-inaccettabile\/#primaryimage"},"thumbnailUrl":"https:\/\/www.pressenza.com\/wp-content\/uploads\/2013\/10\/LAccord-de-libre-\u00e9change-Union-europ\u00e9enne\u2013Canada-est-inacceptable.jpg","keywords":["cambiamenti climatici","CETA","fratturazione idraulica","liberismo","TTIP"],"articleSection":["Economia","Europa","Internazionale","Nord America","Opinioni"],"inLanguage":"it-IT"},{"@type":"WebPage","@id":"https:\/\/www.pressenza.com\/it\/2013\/10\/laccordo-libero-scambio-unione-europea-canada-inaccettabile\/","url":"https:\/\/www.pressenza.com\/it\/2013\/10\/laccordo-libero-scambio-unione-europea-canada-inaccettabile\/","name":"L'accordo di libero scambio Unione Europea-Canada \u00e8 inaccettabile","isPartOf":{"@id":"https:\/\/www.pressenza.com\/it\/#website"},"primaryImageOfPage":{"@id":"https:\/\/www.pressenza.com\/it\/2013\/10\/laccordo-libero-scambio-unione-europea-canada-inaccettabile\/#primaryimage"},"image":{"@id":"https:\/\/www.pressenza.com\/it\/2013\/10\/laccordo-libero-scambio-unione-europea-canada-inaccettabile\/#primaryimage"},"thumbnailUrl":"https:\/\/www.pressenza.com\/wp-content\/uploads\/2013\/10\/LAccord-de-libre-\u00e9change-Union-europ\u00e9enne\u2013Canada-est-inacceptable.jpg","datePublished":"2013-10-24T10:33:10+00:00","dateModified":"2013-10-24T10:57:49+00:00","description":"Anti-democratico e portatore di gravi regressioni sociali ed ecologiche, l'accordo di libero scambio Unione Europea - Canada \u00e8 inaccettabile. L'Unione","breadcrumb":{"@id":"https:\/\/www.pressenza.com\/it\/2013\/10\/laccordo-libero-scambio-unione-europea-canada-inaccettabile\/#breadcrumb"},"inLanguage":"it-IT","potentialAction":[{"@type":"ReadAction","target":["https:\/\/www.pressenza.com\/it\/2013\/10\/laccordo-libero-scambio-unione-europea-canada-inaccettabile\/"]}]},{"@type":"ImageObject","inLanguage":"it-IT","@id":"https:\/\/www.pressenza.com\/it\/2013\/10\/laccordo-libero-scambio-unione-europea-canada-inaccettabile\/#primaryimage","url":"https:\/\/www.pressenza.com\/wp-content\/uploads\/2013\/10\/LAccord-de-libre-\u00e9change-Union-europ\u00e9enne\u2013Canada-est-inacceptable.jpg","contentUrl":"https:\/\/www.pressenza.com\/wp-content\/uploads\/2013\/10\/LAccord-de-libre-\u00e9change-Union-europ\u00e9enne\u2013Canada-est-inacceptable.jpg","width":620,"height":465},{"@type":"BreadcrumbList","@id":"https:\/\/www.pressenza.com\/it\/2013\/10\/laccordo-libero-scambio-unione-europea-canada-inaccettabile\/#breadcrumb","itemListElement":[{"@type":"ListItem","position":1,"name":"Accueil","item":"https:\/\/www.pressenza.com\/it\/"},{"@type":"ListItem","position":2,"name":"L&#8217;accordo di libero scambio Unione Europea-Canada \u00e8 inaccettabile"}]},{"@type":"WebSite","@id":"https:\/\/www.pressenza.com\/it\/#website","url":"https:\/\/www.pressenza.com\/it\/","name":"Pressenza","description":"Agenzia di Stampa Internazionale","publisher":{"@id":"https:\/\/www.pressenza.com\/it\/#organization"},"potentialAction":[{"@type":"SearchAction","target":{"@type":"EntryPoint","urlTemplate":"https:\/\/www.pressenza.com\/it\/?s={search_term_string}"},"query-input":{"@type":"PropertyValueSpecification","valueRequired":true,"valueName":"search_term_string"}}],"inLanguage":"it-IT"},{"@type":"Organization","@id":"https:\/\/www.pressenza.com\/it\/#organization","name":"Pressenza","url":"https:\/\/www.pressenza.com\/it\/","logo":{"@type":"ImageObject","inLanguage":"it-IT","@id":"https:\/\/www.pressenza.com\/it\/#\/schema\/logo\/image\/","url":"https:\/\/www.pressenza.com\/wp-content\/uploads\/2022\/10\/pressenza_logo_200x200.jpg","contentUrl":"https:\/\/www.pressenza.com\/wp-content\/uploads\/2022\/10\/pressenza_logo_200x200.jpg","width":200,"height":200,"caption":"Pressenza"},"image":{"@id":"https:\/\/www.pressenza.com\/it\/#\/schema\/logo\/image\/"},"sameAs":["https:\/\/www.facebook.com\/PressenzaItalia","https:\/\/x.com\/PressenzaIPA"]},{"@type":"Person","@id":"https:\/\/www.pressenza.com\/it\/#\/schema\/person\/5d6f51886fa0ab1cde7b3d2a06070460","name":"Attac France","description":"Fond\u00e9e en 1998, suite \u00e0 la r\u00e9daction d'un \u00e9ditorial du Monde diplomatique : \u00ab D\u00e9sarmer les march\u00e9s \u00bb (d\u00e9cembre 1997), Attac (Association pour la taxation des transactions financi\u00e8res et pour l\u2019action citoyenne) promeut et m\u00e8ne des actions de tous ordres en vue de la reconqu\u00eate, par les citoyens, du pouvoir que la sph\u00e8re financi\u00e8re exerce sur tous les aspects de la vie politique, \u00e9conomique, sociale et culturelle dans l\u2019ensemble du monde.","sameAs":["http:\/\/www.france.attac.org","http:\/\/www.facebook.com\/pages\/Attac-France-Officiel\/129474087122948","https:\/\/x.com\/attac_fr"],"url":"https:\/\/www.pressenza.com\/it\/author\/attac-france\/"}]}},"place":"","original_article_url":"","_links":{"self":[{"href":"https:\/\/www.pressenza.com\/it\/wp-json\/wp\/v2\/posts\/74008","targetHints":{"allow":["GET"]}}],"collection":[{"href":"https:\/\/www.pressenza.com\/it\/wp-json\/wp\/v2\/posts"}],"about":[{"href":"https:\/\/www.pressenza.com\/it\/wp-json\/wp\/v2\/types\/post"}],"author":[{"embeddable":true,"href":"https:\/\/www.pressenza.com\/it\/wp-json\/wp\/v2\/users\/1021"}],"replies":[{"embeddable":true,"href":"https:\/\/www.pressenza.com\/it\/wp-json\/wp\/v2\/comments?post=74008"}],"version-history":[{"count":0,"href":"https:\/\/www.pressenza.com\/it\/wp-json\/wp\/v2\/posts\/74008\/revisions"}],"wp:featuredmedia":[{"embeddable":true,"href":"https:\/\/www.pressenza.com\/it\/wp-json\/wp\/v2\/media\/74010"}],"wp:attachment":[{"href":"https:\/\/www.pressenza.com\/it\/wp-json\/wp\/v2\/media?parent=74008"}],"wp:term":[{"taxonomy":"category","embeddable":true,"href":"https:\/\/www.pressenza.com\/it\/wp-json\/wp\/v2\/categories?post=74008"},{"taxonomy":"post_tag","embeddable":true,"href":"https:\/\/www.pressenza.com\/it\/wp-json\/wp\/v2\/tags?post=74008"}],"curies":[{"name":"wp","href":"https:\/\/api.w.org\/{rel}","templated":true}]}}