{"id":738401,"date":"2018-10-16T20:49:53","date_gmt":"2018-10-16T19:49:53","guid":{"rendered":"https:\/\/www.pressenza.com\/?p=738401"},"modified":"2018-10-16T20:49:53","modified_gmt":"2018-10-16T19:49:53","slug":"cremona-i-diritti-umani-sul-grande-schermo","status":"publish","type":"post","link":"https:\/\/www.pressenza.com\/it\/2018\/10\/cremona-i-diritti-umani-sul-grande-schermo\/","title":{"rendered":"Cremona, i diritti umani sul grande schermo"},"content":{"rendered":"<div class=\"gs\">\n<div class=\"\">\n<div id=\":11w\" class=\"ii gt adO\">\n<div id=\":11v\" class=\"a3s aXjCH \" tabindex=\"-1\" role=\"gridcell\">\n<div dir=\"ltr\">\n<div dir=\"ltr\">\n<div dir=\"ltr\">\n<div dir=\"ltr\">\n<div><span style=\"color: #000000;\">Domenica 8 ottobre si \u00e8 conclusa la seconda edizione del\u00a0<a href=\"http:\/\/www.festivaldirittiumani.com\/edizione-2018\/\" target=\"_blank\" rel=\"noopener\" data-saferedirecturl=\"https:\/\/www.google.com\/url?q=http:\/\/www.festivaldirittiumani.com\/edizione-2018\/&amp;source=gmail&amp;ust=1539804359420000&amp;usg=AFQjCNHScOLSsyiU-Rkw9K9yRz-gpwO1XQ\">Festival Internazionale di Cinema e Diritti Umani di Cremona<\/a>, iniziativa ideata da Sol Capasso, Magal\u00ed Buj e Federico Palumbo e organizzata dall\u2019Associazione Latinoamericana di Cremona, con il sostegno del Comune di Cremona, in collaborazione con i Festival Sol e Luna, Festival dei Diritti Umani di Milano, Buenos Aires, Lugano, FEISAL e numerosi partner come Amnesty International, Pressenza, La Provincia e CSV Lombardia.<br \/>\n<\/span><\/div>\n<div><span style=\"color: #000000;\">\u201cPer la prima volta abbiamo aperto l\u2019iscrizione ai cortometraggi ed \u00e8 stata un\u2019esperienza straordinaria \u2013 affermano gli organizzatori \u2013 ci sono arrivate pi\u00f9 di 400 opere di circa 40 paesi che hanno partecipato nelle diverse sezuone proposte dal Festival:<\/span><\/div>\n<div>\n<p><span style=\"color: #000000; font-family: georgia, serif;\">Territorio e migrazioni:\u00a0<\/span>Di fronte all\u2019eccessiva appropriazione di risorse da parte di gruppi di potere concentrato e alle disuguaglianze che questo causa, molte persone sono costrette a lasciare il loro territorio per diventare migranti, perdendo i loro diritti come cittadini. Da un\u2019altra parte, i migranti, con il loro abitare e il loro significare, stanno cominciando a decostruire i luoghi comuni e a collegare mondi lontani. Riuscir\u00e0 questo nuovo incrocio a essere l\u2019inizio di un\u2019umanit\u00e0 pi\u00f9 umana?<\/p>\n<p><span style=\"color: #000000; font-family: georgia, serif;\">Uguaglianza di genere:\u00a0<\/span>In Africa esiste un concetto noto come Ubuntu: il senso profondo dell\u2019essere umano solo attraverso l\u2019umanit\u00e0 degli altri. Siamo convinti che per risvegliare questo concetto sia necessaria l\u2019uguaglianza e la complementariet\u00e0 fra tutti gli esseri umani. Perci\u00f2 questa sezione sar\u00e0 dedicata alle opere cinematografiche che sensibilizzano sulla diversit\u00e0 di genere, che questionano o che denunciano la disuguaglianza. Infine, opere che contribuiscono alla creazione di un nuovo immaginario, a un modello di rinnovamento pi\u00f9 egualitario dalla prospettiva di genere.<\/p>\n<p><span style=\"color: #000000;\"><span style=\"font-family: georgia, serif;\">\u00a0<\/span>Diritti nell\u2019era digitale:\u00a0<\/span>Gli sviluppi tecnologici ci mettono in una nuova dimensione di Esistenza Virtuale, in cui poche aziende private giocano un ruolo predominante. Allo stesso tempo, l\u2019Intelligenza Artificiale sta cambiando, e cambier\u00e0 ancora molto di pi\u00f9, la realt\u00e0 sociale. Se questa tecnologia si mette al servizio dell\u2019umanit\u00e0, potr\u00e0 essere enormemente beneficiosa, in caso contrario, aprir\u00e0 ancor di pi\u00f9 la \u201cforbice sociale\u201d tra ricchi e poveri.<\/p>\n<\/div>\n<div><span style=\"color: #000000;\">Il\u00a0<a href=\"http:\/\/www.festivaldirittiumani.com\/programma\/\" target=\"_blank\" rel=\"noopener\" data-saferedirecturl=\"https:\/\/www.google.com\/url?q=http:\/\/www.festivaldirittiumani.com\/programma\/&amp;source=gmail&amp;ust=1539804359420000&amp;usg=AFQjCNEs04dFEpYlsV40mYBcNFj6WqwTVg\">programma<\/a>, che si \u00e8 svolto in tre giornate dal 5 all\u20198 ottobre, ha proposto una selezione di 8 film tra corti e lungometraggi. \u201cCremona, citt\u00e0 della musica e della liuteria\u201d ha assegnato il Premio alla migliore colonna sonora, a FREMDE (Germania) opera prima di Jonathan Behr.\u00a0<\/span><\/div>\n<div class=\"yj6qo ajU\">\n<div id=\":ux\" class=\"ajR\" tabindex=\"0\" role=\"button\" data-tooltip=\"Mostra contenuti abbreviati\" aria-label=\"Mostra contenuti abbreviati\"><\/div>\n<\/div>\n<\/div>\n<\/div>\n<\/div>\n<\/div>\n<\/div>\n<\/div>\n<div id=\":uw\" class=\"hq gt\">\n<div id=\":o7\" class=\"ho\">\n<div class=\"aZi J-J5-Ji\">\n<div id=\":ow\" class=\"T-I J-J5-Ji aZj T-I-ax7 T-I-Js-IF L3\" tabindex=\"0\" role=\"button\" aria-label=\"Scarica tutti gli allegati\" data-tooltip=\"Scarica tutti gli allegati\" aria-disabled=\"false\">\n<div class=\"asa\">\n<div class=\"aZh T-I-J3 J-J5-Ji\"><\/div>\n<\/div>\n<div class=\"a3I\"><\/div>\n<\/div>\n<div id=\":p9\" class=\"T-I J-J5-Ji aZj T-I-ax7 T-I-Js-Gs L3\" tabindex=\"0\" role=\"button\" aria-label=\"Salva tutti in Drive\" aria-disabled=\"false\" data-tooltip=\"Salva tutti in Drive\">\n<div class=\"asa\">\n<div class=\"aZg T-I-J3 J-J5-Ji\">\n<div class=\"T-aT4\">\n<div><\/div>\n<div class=\"T-aT4-JX\"><\/div>\n<\/div>\n<\/div>\n<\/div>\n<div class=\"a3I\"><\/div>\n<\/div>\n<\/div>\n<\/div>\n<div id=\":oz\"><\/div>\n<div id=\":s0\" class=\"aQH\">\n<div class=\"aZK\"><\/div>\n<\/div>\n<\/div>\n<div class=\"hi\"><\/div>\n<\/div>\n<\/div>\n","protected":false},"excerpt":{"rendered":"<p>Domenica 8 ottobre si \u00e8 conclusa la seconda edizione del\u00a0Festival Internazionale di Cinema e Diritti Umani di Cremona, iniziativa ideata da Sol Capasso, Magal\u00ed Buj e Federico Palumbo e organizzata dall\u2019Associazione Latinoamericana di Cremona, con il sostegno del Comune di&hellip;<\/p>\n","protected":false},"author":594,"featured_media":738402,"comment_status":"closed","ping_status":"closed","sticky":false,"template":"","format":"standard","meta":{"footnotes":""},"categories":[11388,56,47],"tags":[3462,39716,897,40749],"class_list":["post-738401","post","type-post","status-publish","format-standard","has-post-thumbnail","hentry","category-contenuti-originali","category-cultura","category-europa","tag-cinema-it","tag-cremona","tag-diritti-umani","tag-festival-del-cinema-dei-diritti-umani"],"yoast_head":"<!-- This site is optimized with the Yoast SEO plugin v27.1.1 - https:\/\/yoast.com\/product\/yoast-seo-wordpress\/ -->\n<title>Cremona, i diritti umani sul grande schermo<\/title>\n<meta name=\"description\" content=\"Domenica 8 ottobre si \u00e8 conclusa la seconda edizione del\u00a0Festival Internazionale di Cinema e Diritti Umani di Cremona, iniziativa ideata da Sol Capasso,\" \/>\n<meta name=\"robots\" content=\"index, follow, max-snippet:-1, max-image-preview:large, max-video-preview:-1\" \/>\n<link rel=\"canonical\" href=\"https:\/\/www.pressenza.com\/it\/2018\/10\/cremona-i-diritti-umani-sul-grande-schermo\/\" \/>\n<meta property=\"og:locale\" content=\"it_IT\" \/>\n<meta property=\"og:type\" content=\"article\" \/>\n<meta property=\"og:title\" content=\"Cremona, i diritti umani sul grande schermo\" \/>\n<meta property=\"og:description\" content=\"Domenica 8 ottobre si \u00e8 conclusa la seconda edizione del\u00a0Festival Internazionale di Cinema e Diritti Umani di Cremona, iniziativa ideata da Sol Capasso,\" \/>\n<meta property=\"og:url\" content=\"https:\/\/www.pressenza.com\/it\/2018\/10\/cremona-i-diritti-umani-sul-grande-schermo\/\" \/>\n<meta property=\"og:site_name\" content=\"Pressenza\" \/>\n<meta property=\"article:publisher\" content=\"https:\/\/www.facebook.com\/PressenzaItalia\" \/>\n<meta property=\"article:author\" content=\"https:\/\/www.facebook.com\/PressenzaItalia\" \/>\n<meta property=\"article:published_time\" content=\"2018-10-16T19:49:53+00:00\" \/>\n<meta property=\"og:image\" content=\"https:\/\/www.pressenza.com\/wp-content\/uploads\/2018\/10\/festival-diritti-umani-cremona.jpg\" \/>\n\t<meta property=\"og:image:width\" content=\"2048\" \/>\n\t<meta property=\"og:image:height\" content=\"1233\" \/>\n\t<meta property=\"og:image:type\" content=\"image\/jpeg\" \/>\n<meta name=\"author\" content=\"Redazione Italia\" \/>\n<meta name=\"twitter:card\" content=\"summary_large_image\" \/>\n<meta name=\"twitter:creator\" content=\"@pressenza_it\" \/>\n<meta name=\"twitter:site\" content=\"@PressenzaIPA\" \/>\n<meta name=\"twitter:label1\" content=\"Scritto da\" \/>\n\t<meta name=\"twitter:data1\" content=\"Redazione Italia\" \/>\n\t<meta name=\"twitter:label2\" content=\"Tempo di lettura stimato\" \/>\n\t<meta name=\"twitter:data2\" content=\"2 minuti\" \/>\n<script type=\"application\/ld+json\" class=\"yoast-schema-graph\">{\"@context\":\"https:\/\/schema.org\",\"@graph\":[{\"@type\":\"Article\",\"@id\":\"https:\/\/www.pressenza.com\/it\/2018\/10\/cremona-i-diritti-umani-sul-grande-schermo\/#article\",\"isPartOf\":{\"@id\":\"https:\/\/www.pressenza.com\/it\/2018\/10\/cremona-i-diritti-umani-sul-grande-schermo\/\"},\"author\":{\"name\":\"Redazione Italia\",\"@id\":\"https:\/\/www.pressenza.com\/it\/#\/schema\/person\/d983e81827ae24f2c7b1a2123d197f8d\"},\"headline\":\"Cremona, i diritti umani sul grande schermo\",\"datePublished\":\"2018-10-16T19:49:53+00:00\",\"mainEntityOfPage\":{\"@id\":\"https:\/\/www.pressenza.com\/it\/2018\/10\/cremona-i-diritti-umani-sul-grande-schermo\/\"},\"wordCount\":391,\"publisher\":{\"@id\":\"https:\/\/www.pressenza.com\/it\/#organization\"},\"image\":{\"@id\":\"https:\/\/www.pressenza.com\/it\/2018\/10\/cremona-i-diritti-umani-sul-grande-schermo\/#primaryimage\"},\"thumbnailUrl\":\"https:\/\/www.pressenza.com\/wp-content\/uploads\/2018\/10\/festival-diritti-umani-cremona.jpg\",\"keywords\":[\"cinema\",\"Cremona\",\"diritti umani\",\"Festival del Cinema dei Diritti Umani\"],\"articleSection\":[\"contenuti originali\",\"Cultura e Media\",\"Europa\"],\"inLanguage\":\"it-IT\"},{\"@type\":\"WebPage\",\"@id\":\"https:\/\/www.pressenza.com\/it\/2018\/10\/cremona-i-diritti-umani-sul-grande-schermo\/\",\"url\":\"https:\/\/www.pressenza.com\/it\/2018\/10\/cremona-i-diritti-umani-sul-grande-schermo\/\",\"name\":\"Cremona, i diritti umani sul grande schermo\",\"isPartOf\":{\"@id\":\"https:\/\/www.pressenza.com\/it\/#website\"},\"primaryImageOfPage\":{\"@id\":\"https:\/\/www.pressenza.com\/it\/2018\/10\/cremona-i-diritti-umani-sul-grande-schermo\/#primaryimage\"},\"image\":{\"@id\":\"https:\/\/www.pressenza.com\/it\/2018\/10\/cremona-i-diritti-umani-sul-grande-schermo\/#primaryimage\"},\"thumbnailUrl\":\"https:\/\/www.pressenza.com\/wp-content\/uploads\/2018\/10\/festival-diritti-umani-cremona.jpg\",\"datePublished\":\"2018-10-16T19:49:53+00:00\",\"description\":\"Domenica 8 ottobre si \u00e8 conclusa la seconda edizione del\u00a0Festival Internazionale di Cinema e Diritti Umani di Cremona, iniziativa ideata da Sol Capasso,\",\"breadcrumb\":{\"@id\":\"https:\/\/www.pressenza.com\/it\/2018\/10\/cremona-i-diritti-umani-sul-grande-schermo\/#breadcrumb\"},\"inLanguage\":\"it-IT\",\"potentialAction\":[{\"@type\":\"ReadAction\",\"target\":[\"https:\/\/www.pressenza.com\/it\/2018\/10\/cremona-i-diritti-umani-sul-grande-schermo\/\"]}]},{\"@type\":\"ImageObject\",\"inLanguage\":\"it-IT\",\"@id\":\"https:\/\/www.pressenza.com\/it\/2018\/10\/cremona-i-diritti-umani-sul-grande-schermo\/#primaryimage\",\"url\":\"https:\/\/www.pressenza.com\/wp-content\/uploads\/2018\/10\/festival-diritti-umani-cremona.jpg\",\"contentUrl\":\"https:\/\/www.pressenza.com\/wp-content\/uploads\/2018\/10\/festival-diritti-umani-cremona.jpg\",\"width\":2048,\"height\":1233,\"caption\":\"festival diritti umani cremona\"},{\"@type\":\"BreadcrumbList\",\"@id\":\"https:\/\/www.pressenza.com\/it\/2018\/10\/cremona-i-diritti-umani-sul-grande-schermo\/#breadcrumb\",\"itemListElement\":[{\"@type\":\"ListItem\",\"position\":1,\"name\":\"Accueil\",\"item\":\"https:\/\/www.pressenza.com\/it\/\"},{\"@type\":\"ListItem\",\"position\":2,\"name\":\"Cremona, i diritti umani sul grande schermo\"}]},{\"@type\":\"WebSite\",\"@id\":\"https:\/\/www.pressenza.com\/it\/#website\",\"url\":\"https:\/\/www.pressenza.com\/it\/\",\"name\":\"Pressenza\",\"description\":\"Agenzia di Stampa Internazionale\",\"publisher\":{\"@id\":\"https:\/\/www.pressenza.com\/it\/#organization\"},\"potentialAction\":[{\"@type\":\"SearchAction\",\"target\":{\"@type\":\"EntryPoint\",\"urlTemplate\":\"https:\/\/www.pressenza.com\/it\/?s={search_term_string}\"},\"query-input\":{\"@type\":\"PropertyValueSpecification\",\"valueRequired\":true,\"valueName\":\"search_term_string\"}}],\"inLanguage\":\"it-IT\"},{\"@type\":\"Organization\",\"@id\":\"https:\/\/www.pressenza.com\/it\/#organization\",\"name\":\"Pressenza\",\"url\":\"https:\/\/www.pressenza.com\/it\/\",\"logo\":{\"@type\":\"ImageObject\",\"inLanguage\":\"it-IT\",\"@id\":\"https:\/\/www.pressenza.com\/it\/#\/schema\/logo\/image\/\",\"url\":\"https:\/\/www.pressenza.com\/wp-content\/uploads\/2022\/10\/pressenza_logo_200x200.jpg\",\"contentUrl\":\"https:\/\/www.pressenza.com\/wp-content\/uploads\/2022\/10\/pressenza_logo_200x200.jpg\",\"width\":200,\"height\":200,\"caption\":\"Pressenza\"},\"image\":{\"@id\":\"https:\/\/www.pressenza.com\/it\/#\/schema\/logo\/image\/\"},\"sameAs\":[\"https:\/\/www.facebook.com\/PressenzaItalia\",\"https:\/\/x.com\/PressenzaIPA\"]},{\"@type\":\"Person\",\"@id\":\"https:\/\/www.pressenza.com\/it\/#\/schema\/person\/d983e81827ae24f2c7b1a2123d197f8d\",\"name\":\"Redazione Italia\",\"description\":\"News from the Pressenza Bureau in Italy\",\"sameAs\":[\"https:\/\/www.pressenza.com\/it\/author\/redazione-italia\/\",\"https:\/\/www.facebook.com\/PressenzaItalia\",\"https:\/\/www.instagram.com\/pressenza_italia\/\",\"https:\/\/x.com\/pressenza_it\",\"https:\/\/www.youtube.com\/channel\/UCSalEIWjE1RSxkwjfftFuqg\"],\"url\":\"https:\/\/www.pressenza.com\/it\/author\/redazione-italia\/\"}]}<\/script>\n<!-- \/ Yoast SEO plugin. -->","yoast_head_json":{"title":"Cremona, i diritti umani sul grande schermo","description":"Domenica 8 ottobre si \u00e8 conclusa la seconda edizione del\u00a0Festival Internazionale di Cinema e Diritti Umani di Cremona, iniziativa ideata da Sol Capasso,","robots":{"index":"index","follow":"follow","max-snippet":"max-snippet:-1","max-image-preview":"max-image-preview:large","max-video-preview":"max-video-preview:-1"},"canonical":"https:\/\/www.pressenza.com\/it\/2018\/10\/cremona-i-diritti-umani-sul-grande-schermo\/","og_locale":"it_IT","og_type":"article","og_title":"Cremona, i diritti umani sul grande schermo","og_description":"Domenica 8 ottobre si \u00e8 conclusa la seconda edizione del\u00a0Festival Internazionale di Cinema e Diritti Umani di Cremona, iniziativa ideata da Sol Capasso,","og_url":"https:\/\/www.pressenza.com\/it\/2018\/10\/cremona-i-diritti-umani-sul-grande-schermo\/","og_site_name":"Pressenza","article_publisher":"https:\/\/www.facebook.com\/PressenzaItalia","article_author":"https:\/\/www.facebook.com\/PressenzaItalia","article_published_time":"2018-10-16T19:49:53+00:00","og_image":[{"width":2048,"height":1233,"url":"https:\/\/www.pressenza.com\/wp-content\/uploads\/2018\/10\/festival-diritti-umani-cremona.jpg","type":"image\/jpeg"}],"author":"Redazione Italia","twitter_card":"summary_large_image","twitter_creator":"@pressenza_it","twitter_site":"@PressenzaIPA","twitter_misc":{"Scritto da":"Redazione Italia","Tempo di lettura stimato":"2 minuti"},"schema":{"@context":"https:\/\/schema.org","@graph":[{"@type":"Article","@id":"https:\/\/www.pressenza.com\/it\/2018\/10\/cremona-i-diritti-umani-sul-grande-schermo\/#article","isPartOf":{"@id":"https:\/\/www.pressenza.com\/it\/2018\/10\/cremona-i-diritti-umani-sul-grande-schermo\/"},"author":{"name":"Redazione Italia","@id":"https:\/\/www.pressenza.com\/it\/#\/schema\/person\/d983e81827ae24f2c7b1a2123d197f8d"},"headline":"Cremona, i diritti umani sul grande schermo","datePublished":"2018-10-16T19:49:53+00:00","mainEntityOfPage":{"@id":"https:\/\/www.pressenza.com\/it\/2018\/10\/cremona-i-diritti-umani-sul-grande-schermo\/"},"wordCount":391,"publisher":{"@id":"https:\/\/www.pressenza.com\/it\/#organization"},"image":{"@id":"https:\/\/www.pressenza.com\/it\/2018\/10\/cremona-i-diritti-umani-sul-grande-schermo\/#primaryimage"},"thumbnailUrl":"https:\/\/www.pressenza.com\/wp-content\/uploads\/2018\/10\/festival-diritti-umani-cremona.jpg","keywords":["cinema","Cremona","diritti umani","Festival del Cinema dei Diritti Umani"],"articleSection":["contenuti originali","Cultura e Media","Europa"],"inLanguage":"it-IT"},{"@type":"WebPage","@id":"https:\/\/www.pressenza.com\/it\/2018\/10\/cremona-i-diritti-umani-sul-grande-schermo\/","url":"https:\/\/www.pressenza.com\/it\/2018\/10\/cremona-i-diritti-umani-sul-grande-schermo\/","name":"Cremona, i diritti umani sul grande schermo","isPartOf":{"@id":"https:\/\/www.pressenza.com\/it\/#website"},"primaryImageOfPage":{"@id":"https:\/\/www.pressenza.com\/it\/2018\/10\/cremona-i-diritti-umani-sul-grande-schermo\/#primaryimage"},"image":{"@id":"https:\/\/www.pressenza.com\/it\/2018\/10\/cremona-i-diritti-umani-sul-grande-schermo\/#primaryimage"},"thumbnailUrl":"https:\/\/www.pressenza.com\/wp-content\/uploads\/2018\/10\/festival-diritti-umani-cremona.jpg","datePublished":"2018-10-16T19:49:53+00:00","description":"Domenica 8 ottobre si \u00e8 conclusa la seconda edizione del\u00a0Festival Internazionale di Cinema e Diritti Umani di Cremona, iniziativa ideata da Sol Capasso,","breadcrumb":{"@id":"https:\/\/www.pressenza.com\/it\/2018\/10\/cremona-i-diritti-umani-sul-grande-schermo\/#breadcrumb"},"inLanguage":"it-IT","potentialAction":[{"@type":"ReadAction","target":["https:\/\/www.pressenza.com\/it\/2018\/10\/cremona-i-diritti-umani-sul-grande-schermo\/"]}]},{"@type":"ImageObject","inLanguage":"it-IT","@id":"https:\/\/www.pressenza.com\/it\/2018\/10\/cremona-i-diritti-umani-sul-grande-schermo\/#primaryimage","url":"https:\/\/www.pressenza.com\/wp-content\/uploads\/2018\/10\/festival-diritti-umani-cremona.jpg","contentUrl":"https:\/\/www.pressenza.com\/wp-content\/uploads\/2018\/10\/festival-diritti-umani-cremona.jpg","width":2048,"height":1233,"caption":"festival diritti umani cremona"},{"@type":"BreadcrumbList","@id":"https:\/\/www.pressenza.com\/it\/2018\/10\/cremona-i-diritti-umani-sul-grande-schermo\/#breadcrumb","itemListElement":[{"@type":"ListItem","position":1,"name":"Accueil","item":"https:\/\/www.pressenza.com\/it\/"},{"@type":"ListItem","position":2,"name":"Cremona, i diritti umani sul grande schermo"}]},{"@type":"WebSite","@id":"https:\/\/www.pressenza.com\/it\/#website","url":"https:\/\/www.pressenza.com\/it\/","name":"Pressenza","description":"Agenzia di Stampa Internazionale","publisher":{"@id":"https:\/\/www.pressenza.com\/it\/#organization"},"potentialAction":[{"@type":"SearchAction","target":{"@type":"EntryPoint","urlTemplate":"https:\/\/www.pressenza.com\/it\/?s={search_term_string}"},"query-input":{"@type":"PropertyValueSpecification","valueRequired":true,"valueName":"search_term_string"}}],"inLanguage":"it-IT"},{"@type":"Organization","@id":"https:\/\/www.pressenza.com\/it\/#organization","name":"Pressenza","url":"https:\/\/www.pressenza.com\/it\/","logo":{"@type":"ImageObject","inLanguage":"it-IT","@id":"https:\/\/www.pressenza.com\/it\/#\/schema\/logo\/image\/","url":"https:\/\/www.pressenza.com\/wp-content\/uploads\/2022\/10\/pressenza_logo_200x200.jpg","contentUrl":"https:\/\/www.pressenza.com\/wp-content\/uploads\/2022\/10\/pressenza_logo_200x200.jpg","width":200,"height":200,"caption":"Pressenza"},"image":{"@id":"https:\/\/www.pressenza.com\/it\/#\/schema\/logo\/image\/"},"sameAs":["https:\/\/www.facebook.com\/PressenzaItalia","https:\/\/x.com\/PressenzaIPA"]},{"@type":"Person","@id":"https:\/\/www.pressenza.com\/it\/#\/schema\/person\/d983e81827ae24f2c7b1a2123d197f8d","name":"Redazione Italia","description":"News from the Pressenza Bureau in Italy","sameAs":["https:\/\/www.pressenza.com\/it\/author\/redazione-italia\/","https:\/\/www.facebook.com\/PressenzaItalia","https:\/\/www.instagram.com\/pressenza_italia\/","https:\/\/x.com\/pressenza_it","https:\/\/www.youtube.com\/channel\/UCSalEIWjE1RSxkwjfftFuqg"],"url":"https:\/\/www.pressenza.com\/it\/author\/redazione-italia\/"}]}},"place":"","original_article_url":"","_links":{"self":[{"href":"https:\/\/www.pressenza.com\/it\/wp-json\/wp\/v2\/posts\/738401","targetHints":{"allow":["GET"]}}],"collection":[{"href":"https:\/\/www.pressenza.com\/it\/wp-json\/wp\/v2\/posts"}],"about":[{"href":"https:\/\/www.pressenza.com\/it\/wp-json\/wp\/v2\/types\/post"}],"author":[{"embeddable":true,"href":"https:\/\/www.pressenza.com\/it\/wp-json\/wp\/v2\/users\/594"}],"replies":[{"embeddable":true,"href":"https:\/\/www.pressenza.com\/it\/wp-json\/wp\/v2\/comments?post=738401"}],"version-history":[{"count":0,"href":"https:\/\/www.pressenza.com\/it\/wp-json\/wp\/v2\/posts\/738401\/revisions"}],"wp:featuredmedia":[{"embeddable":true,"href":"https:\/\/www.pressenza.com\/it\/wp-json\/wp\/v2\/media\/738402"}],"wp:attachment":[{"href":"https:\/\/www.pressenza.com\/it\/wp-json\/wp\/v2\/media?parent=738401"}],"wp:term":[{"taxonomy":"category","embeddable":true,"href":"https:\/\/www.pressenza.com\/it\/wp-json\/wp\/v2\/categories?post=738401"},{"taxonomy":"post_tag","embeddable":true,"href":"https:\/\/www.pressenza.com\/it\/wp-json\/wp\/v2\/tags?post=738401"}],"curies":[{"name":"wp","href":"https:\/\/api.w.org\/{rel}","templated":true}]}}