{"id":737413,"date":"2018-10-14T17:07:26","date_gmt":"2018-10-14T16:07:26","guid":{"rendered":"https:\/\/www.pressenza.com\/?p=737413"},"modified":"2018-10-14T17:07:26","modified_gmt":"2018-10-14T16:07:26","slug":"due-italie-a-confronto-e-in-mezzo-il-grigiore-degli-indifferenti","status":"publish","type":"post","link":"https:\/\/www.pressenza.com\/it\/2018\/10\/due-italie-a-confronto-e-in-mezzo-il-grigiore-degli-indifferenti\/","title":{"rendered":"\u00a0Due Italie a confronto e, in mezzo, il grigiore degli indifferenti"},"content":{"rendered":"<p style=\"font-weight: 400;\">Mentre arrivava notizia del decreto fascistoide emanato dal Viminale, una parte dell\u2019Italia, quella dell\u2019accoglienza, del Restiamo umani e dei diritti per tutti, manifestava il suo deciso NO al \u201cfascioleghismo\u201d e al collegato razzismo che sta imbarbarendo il nostro Paese.<\/p>\n<p style=\"font-weight: 400;\">Trovarsi a Brescia, cio\u00e8 in una zona che \u00e8 quasi culla della Lega salviniana ed assistere alla \u201c<strong>Marcia dell\u2019accoglienza<\/strong>\u201d alla sua quarta edizione, \u00e8 un\u2019esperienza da raccontare. Una di quelle abbastanza ignorate dai media in cerca di situazioni estreme, eppure cos\u00ec fortemente significativa di quell\u2019Italia detta di provincia che talvolta, come ieri, \u00e8 capace di esprimere grande civilt\u00e0 e che merita di essere raccontata.<\/p>\n<p style=\"font-weight: 400;\">Una marcia animata da migliaia di manifestanti anche molto diversi tra loro, dal prete all\u2019anarchico, dai bambini in carrozzina ai vecchi antifascisti col bastone era un bel vedere per chi crede che la democrazia autentica sia un bene supremo e attualmente a rischio.\u00a0 Vedere lo striscione dell\u2019ANPI non lontano dal gonfalone della parrocchia, e bandiere di MSF accanto a striscioni di Centri sociali, e poi adulti e bambini di pelle bianca, marrone, nera e nerissima parlare, camminare o giocare insieme mostrava un bello spaccato della societ\u00e0 dell\u2019accoglienza e della ricchezza multietnica e multiculturale.<\/p>\n<p style=\"font-weight: 400;\">A presentare l\u2019iniziativa, in largo Tomaso Formentone, sotto un sole che raccontava di ottobrate romane pi\u00f9 che di un ottobre bresciano, era Alessandro Sipolo, un giovane cantautore impegnato in una delle circa cento associazioni che hanno aderito all\u2019iniziativa. Le sue parole sono state seguite da applausi non formali, come pure quelle del giovane immigrato africano che ha raccontato la sua storia e che, pur essendo qui soltanto da un anno, ha imparato l\u2019italiano ed \u00e8 perfettamente inserito nella realt\u00e0 cittadina.<\/p>\n<p style=\"font-weight: 400;\">Alla marcia per l\u2019accoglienza, in decisa e dichiarata opposizione all\u2019ondata discriminatoria, razzista e punitiva dell\u2019inquilino del Viminale partecipavano molti sindaci della Provincia bresciana, fieri di sfilare l\u2019uno accanto all\u2019atro con la fascia tricolore come a dire che \u201cun pezzetto d\u2019Italia della Costituzione repubblicana \u00e8 qui e dichiara con orgoglio di rispettare i valori antirazzisti, umani e solidali che ne sono i pilastri.\u201d<\/p>\n<p style=\"font-weight: 400;\">Stesso concetto che prima della partenza del corteo ha espresso in modo esteso, appassionato e molto applaudito il sindaco di Gussago, Giovanni Coccoli. Non si \u00e8 fermato a chiedere solidariet\u00e0 in nome dei valori costituzionali ed umani Giovanni Coccoli, ma ha spaziato fin nella storia rimossa dell\u2019avventura coloniale italiana in cui il nostro paese si macchi\u00f2 di crimini enormi come l\u2019uso del gas in Etiopia; \u00a0ha poi ricordato le leggi razziali del &#8217;38 liquidate come uno \u201c<em>stupido spiacevole scivolone di un regime che faceva arrivare i treni in orario<\/em>\u201d ed ha richiamato le responsabilit\u00e0 italiane dei campi di sterminio per ebrei ed oppositori politici, spesso attribuite alla sola Germania per sentirci puliti da colpe che, come ha affermato in un suo passaggio, non appartengono solo a chi sta \u201c<em>nella stanza dei bottoni<\/em>\u201d ma attengono a\u00a0<em>\u201cuna questione morale che ci riguarda tutti, nessuno escluso\u201d.<\/em><\/p>\n<p style=\"font-weight: 400;\">Alle dichiarazioni di principio ha fatto seguire esempi concreti di come Gussago stia reagendo ai giovani immigrati, ai lavori che stanno facendo per il Comune, ai racconti delle loro storie nella sala del liceo gremita di studenti e famiglie, ed ha detto una cosa che forse \u00e8 il perno di tutto, ha detto una frase tanto semplice quanto profonda questo sindaco \u201cdi provincia\u201d, una frase che rappresenta la forza dell\u2019esempio, sia in positivo che in negativo, ha detto che poi \u201c<em>succede che le persone cambino e con loro cambino le relazioni e anche le percezioni\u201d\u00a0<\/em>e questo \u00e8 indiscutibilmente vero e i fatti lo dimostrano.<\/p>\n<p style=\"font-weight: 400;\">La piazza della manifestazione era gremita, diverse migliaia di persone, forse diecimila, che per una piccola citt\u00e0 come Brescia sono un numero grande, erano attente alle sue parole. Un discorso lungo di cui tra le parti salienti c\u2019era anche il riferimento a Josepha, la ragazza del Camerun viva per miracolo e denigrata ignobilmente perch\u00e9 aveva le unghie laccate. Ha parlato delle campagne denigratorie che partono dall\u2019alto e si abbattono su chiunque mostri umanit\u00e0 e solidariet\u00e0 addirittura rovesciando quel che dovrebbe essere motivo di orgoglio in motivo di vergogna.<\/p>\n<p style=\"font-weight: 400;\">Non poteva mancare il riferimento al sindaco Domenico Lucano, vergognosamente sotto attacco al punto che il decreto del Viminale vuol ridurre in cenere il modello Riace di cui \u00e8 stato artefice e per il quale ha avuto riconoscimenti anche dall\u2019estero. Il sindaco di Gussago citando le parole del sindaco di Riace ha, insieme, reso omaggio al suo agire ed esortato i presenti \u00a0a proseguire nei valori dell\u2019accoglienza condividendo in pieno quel \u201c<em>coraggio di restare soli e l\u2019ardimento di restare insieme sotto gli stessi ideali<\/em>\u201d. Quindi il suo invito a \u201c<em>restare inesorabilmente umani<\/em>\u201d ha chiuso il suo discorso. Discorso che poi ha camminato in forma di bandiere e slogan e striscioni in un lungo corteo che si \u00e8 snodato per le strade di Brescia, \u201c<em>la leonessa d\u2019Italia<\/em>\u201d come ancora viene chiamata per il coraggio dimostrato nel 1849 contro gli occupanti austriaci.<\/p>\n<p style=\"font-weight: 400;\">Ieri la\u00a0<em>leonessa d\u2019Italia\u00a0<\/em>e la sua provincia hanno mostrato di far parte di quell\u2019Italia fuori della zona grigia, quell\u2019Italia che non accetta l\u2019indifferenza ma \u00e8 fiera di prendere posizione. Anche il clima ha detto s\u00ec agli organizzatori della marcia e ai tanti partecipante, infatti si aspettava pioggia e invece la manifestazione \u00e8 stata accompagnata da uno splendido sole. E sotto questo sole c\u2019era chi diceva \u201c<em>sembra il clima di Riace<\/em>\u201d, come a dire che riconoscersi negli stessi valori annulla anche le distanze geografiche.<\/p>\n","protected":false},"excerpt":{"rendered":"<p>Mentre arrivava notizia del decreto fascistoide emanato dal Viminale, una parte dell\u2019Italia, quella dell\u2019accoglienza, del Restiamo umani e dei diritti per tutti, manifestava il suo deciso NO al \u201cfascioleghismo\u201d e al collegato razzismo che sta imbarbarendo il nostro Paese. Trovarsi&hellip;<\/p>\n","protected":false},"author":1344,"featured_media":737416,"comment_status":"closed","ping_status":"closed","sticky":false,"template":"","format":"standard","meta":{"footnotes":""},"categories":[11388,47,38,1261,162,55],"tags":[7571,6022,50766,50765],"class_list":["post-737413","post","type-post","status-publish","format-standard","has-post-thumbnail","hentry","category-contenuti-originali","category-europa","category-internazionale","category-diversita","category-opinioni","category-politica","tag-accoglienza","tag-brescia","tag-giovanni-coccoli","tag-marcia-dellaccoglienza"],"yoast_head":"<!-- This site is optimized with the Yoast SEO plugin v27.1.1 - https:\/\/yoast.com\/product\/yoast-seo-wordpress\/ -->\n<title>\u00a0Due Italie a confronto e, in mezzo, il grigiore degli indifferenti<\/title>\n<meta name=\"description\" content=\"Mentre arrivava notizia del decreto fascistoide emanato dal Viminale, una parte dell\u2019Italia, quella dell\u2019accoglienza, del Restiamo umani e dei diritti per\" \/>\n<meta name=\"robots\" content=\"index, follow, max-snippet:-1, max-image-preview:large, max-video-preview:-1\" \/>\n<link rel=\"canonical\" href=\"https:\/\/www.pressenza.com\/it\/2018\/10\/due-italie-a-confronto-e-in-mezzo-il-grigiore-degli-indifferenti\/\" \/>\n<meta property=\"og:locale\" content=\"it_IT\" \/>\n<meta property=\"og:type\" content=\"article\" \/>\n<meta property=\"og:title\" content=\"\u00a0Due Italie a confronto e, in mezzo, il grigiore degli indifferenti\" \/>\n<meta property=\"og:description\" content=\"Mentre arrivava notizia del decreto fascistoide emanato dal Viminale, una parte dell\u2019Italia, quella dell\u2019accoglienza, del Restiamo umani e dei diritti per\" \/>\n<meta property=\"og:url\" content=\"https:\/\/www.pressenza.com\/it\/2018\/10\/due-italie-a-confronto-e-in-mezzo-il-grigiore-degli-indifferenti\/\" \/>\n<meta property=\"og:site_name\" content=\"Pressenza\" \/>\n<meta property=\"article:publisher\" content=\"https:\/\/www.facebook.com\/PressenzaItalia\" \/>\n<meta property=\"article:published_time\" content=\"2018-10-14T16:07:26+00:00\" \/>\n<meta property=\"og:image\" content=\"https:\/\/www.pressenza.com\/wp-content\/uploads\/2018\/10\/manifestante.jpg\" \/>\n\t<meta property=\"og:image:width\" content=\"960\" \/>\n\t<meta property=\"og:image:height\" content=\"720\" \/>\n\t<meta property=\"og:image:type\" content=\"image\/jpeg\" \/>\n<meta name=\"author\" content=\"Patrizia Cecconi\" \/>\n<meta name=\"twitter:card\" content=\"summary_large_image\" \/>\n<meta name=\"twitter:creator\" content=\"@PressenzaIPA\" \/>\n<meta name=\"twitter:site\" content=\"@PressenzaIPA\" \/>\n<meta name=\"twitter:label1\" content=\"Scritto da\" \/>\n\t<meta name=\"twitter:data1\" content=\"Patrizia Cecconi\" \/>\n\t<meta name=\"twitter:label2\" content=\"Tempo di lettura stimato\" \/>\n\t<meta name=\"twitter:data2\" content=\"5 minuti\" \/>\n<script type=\"application\/ld+json\" class=\"yoast-schema-graph\">{\"@context\":\"https:\/\/schema.org\",\"@graph\":[{\"@type\":\"Article\",\"@id\":\"https:\/\/www.pressenza.com\/it\/2018\/10\/due-italie-a-confronto-e-in-mezzo-il-grigiore-degli-indifferenti\/#article\",\"isPartOf\":{\"@id\":\"https:\/\/www.pressenza.com\/it\/2018\/10\/due-italie-a-confronto-e-in-mezzo-il-grigiore-degli-indifferenti\/\"},\"author\":{\"name\":\"Patrizia Cecconi\",\"@id\":\"https:\/\/www.pressenza.com\/it\/#\/schema\/person\/4bb6e2d42a4c2430734c06e9b4daf40d\"},\"headline\":\"\u00a0Due Italie a confronto e, in mezzo, il grigiore degli indifferenti\",\"datePublished\":\"2018-10-14T16:07:26+00:00\",\"mainEntityOfPage\":{\"@id\":\"https:\/\/www.pressenza.com\/it\/2018\/10\/due-italie-a-confronto-e-in-mezzo-il-grigiore-degli-indifferenti\/\"},\"wordCount\":927,\"publisher\":{\"@id\":\"https:\/\/www.pressenza.com\/it\/#organization\"},\"image\":{\"@id\":\"https:\/\/www.pressenza.com\/it\/2018\/10\/due-italie-a-confronto-e-in-mezzo-il-grigiore-degli-indifferenti\/#primaryimage\"},\"thumbnailUrl\":\"https:\/\/www.pressenza.com\/wp-content\/uploads\/2018\/10\/manifestante.jpg\",\"keywords\":[\"accoglienza\",\"Brescia\",\"Giovanni Coccoli\",\"Marcia dell'accoglienza\"],\"articleSection\":[\"contenuti originali\",\"Europa\",\"Internazionale\",\"Non discriminazione\",\"Opinioni\",\"Politica\"],\"inLanguage\":\"it-IT\"},{\"@type\":\"WebPage\",\"@id\":\"https:\/\/www.pressenza.com\/it\/2018\/10\/due-italie-a-confronto-e-in-mezzo-il-grigiore-degli-indifferenti\/\",\"url\":\"https:\/\/www.pressenza.com\/it\/2018\/10\/due-italie-a-confronto-e-in-mezzo-il-grigiore-degli-indifferenti\/\",\"name\":\"\u00a0Due Italie a confronto e, in mezzo, il grigiore degli indifferenti\",\"isPartOf\":{\"@id\":\"https:\/\/www.pressenza.com\/it\/#website\"},\"primaryImageOfPage\":{\"@id\":\"https:\/\/www.pressenza.com\/it\/2018\/10\/due-italie-a-confronto-e-in-mezzo-il-grigiore-degli-indifferenti\/#primaryimage\"},\"image\":{\"@id\":\"https:\/\/www.pressenza.com\/it\/2018\/10\/due-italie-a-confronto-e-in-mezzo-il-grigiore-degli-indifferenti\/#primaryimage\"},\"thumbnailUrl\":\"https:\/\/www.pressenza.com\/wp-content\/uploads\/2018\/10\/manifestante.jpg\",\"datePublished\":\"2018-10-14T16:07:26+00:00\",\"description\":\"Mentre arrivava notizia del decreto fascistoide emanato dal Viminale, una parte dell\u2019Italia, quella dell\u2019accoglienza, del Restiamo umani e dei diritti per\",\"breadcrumb\":{\"@id\":\"https:\/\/www.pressenza.com\/it\/2018\/10\/due-italie-a-confronto-e-in-mezzo-il-grigiore-degli-indifferenti\/#breadcrumb\"},\"inLanguage\":\"it-IT\",\"potentialAction\":[{\"@type\":\"ReadAction\",\"target\":[\"https:\/\/www.pressenza.com\/it\/2018\/10\/due-italie-a-confronto-e-in-mezzo-il-grigiore-degli-indifferenti\/\"]}]},{\"@type\":\"ImageObject\",\"inLanguage\":\"it-IT\",\"@id\":\"https:\/\/www.pressenza.com\/it\/2018\/10\/due-italie-a-confronto-e-in-mezzo-il-grigiore-degli-indifferenti\/#primaryimage\",\"url\":\"https:\/\/www.pressenza.com\/wp-content\/uploads\/2018\/10\/manifestante.jpg\",\"contentUrl\":\"https:\/\/www.pressenza.com\/wp-content\/uploads\/2018\/10\/manifestante.jpg\",\"width\":960,\"height\":720},{\"@type\":\"BreadcrumbList\",\"@id\":\"https:\/\/www.pressenza.com\/it\/2018\/10\/due-italie-a-confronto-e-in-mezzo-il-grigiore-degli-indifferenti\/#breadcrumb\",\"itemListElement\":[{\"@type\":\"ListItem\",\"position\":1,\"name\":\"Accueil\",\"item\":\"https:\/\/www.pressenza.com\/it\/\"},{\"@type\":\"ListItem\",\"position\":2,\"name\":\"\u00a0Due Italie a confronto e, in mezzo, il grigiore degli indifferenti\"}]},{\"@type\":\"WebSite\",\"@id\":\"https:\/\/www.pressenza.com\/it\/#website\",\"url\":\"https:\/\/www.pressenza.com\/it\/\",\"name\":\"Pressenza\",\"description\":\"Agenzia di Stampa Internazionale\",\"publisher\":{\"@id\":\"https:\/\/www.pressenza.com\/it\/#organization\"},\"potentialAction\":[{\"@type\":\"SearchAction\",\"target\":{\"@type\":\"EntryPoint\",\"urlTemplate\":\"https:\/\/www.pressenza.com\/it\/?s={search_term_string}\"},\"query-input\":{\"@type\":\"PropertyValueSpecification\",\"valueRequired\":true,\"valueName\":\"search_term_string\"}}],\"inLanguage\":\"it-IT\"},{\"@type\":\"Organization\",\"@id\":\"https:\/\/www.pressenza.com\/it\/#organization\",\"name\":\"Pressenza\",\"url\":\"https:\/\/www.pressenza.com\/it\/\",\"logo\":{\"@type\":\"ImageObject\",\"inLanguage\":\"it-IT\",\"@id\":\"https:\/\/www.pressenza.com\/it\/#\/schema\/logo\/image\/\",\"url\":\"https:\/\/www.pressenza.com\/wp-content\/uploads\/2022\/10\/pressenza_logo_200x200.jpg\",\"contentUrl\":\"https:\/\/www.pressenza.com\/wp-content\/uploads\/2022\/10\/pressenza_logo_200x200.jpg\",\"width\":200,\"height\":200,\"caption\":\"Pressenza\"},\"image\":{\"@id\":\"https:\/\/www.pressenza.com\/it\/#\/schema\/logo\/image\/\"},\"sameAs\":[\"https:\/\/www.facebook.com\/PressenzaItalia\",\"https:\/\/x.com\/PressenzaIPA\"]},{\"@type\":\"Person\",\"@id\":\"https:\/\/www.pressenza.com\/it\/#\/schema\/person\/4bb6e2d42a4c2430734c06e9b4daf40d\",\"name\":\"Patrizia Cecconi\",\"description\":\"Patrizia Cecconi nasce a Roma dove consegue la laurea in Sociologia presso l\u2019Universit\u00e0 La Sapienza. Qui tiene per alcuni anni seminari sulla comunicazione. Successivamente vince la cattedra di Economia Aziendale, disciplina che insegner\u00e0 per circa venticinque anni. Interessata all\u2019ambiente e alla natura, verso il 2000 rivolge la sua attenzione allo studio della botanica e della fitoterapia ponendo sempre al centro dei suoi lavori l\u2019interazione culturale tra l\u2019ambiente e gli umani che lo abitano. Ha curato e pubblicato articoli e libri su argomenti diversi. Il suo interesse particolare \u00e8 rivolto alla Palestina. Dal 2009 fino al dicembre 2014 ha presieduto la onlus \u201cAmici della Mezzaluna Rossa Palestinese\u201d di cui ora \u00e8 presidente onoraria. E' co-fondatrice della onlus Cultura \u00e8 Libert\u00e0 e dell\u2019adv Oltre il Mare che attualmente presiede.\",\"url\":\"https:\/\/www.pressenza.com\/it\/author\/patrizia-cecconi\/\"}]}<\/script>\n<!-- \/ Yoast SEO plugin. -->","yoast_head_json":{"title":"\u00a0Due Italie a confronto e, in mezzo, il grigiore degli indifferenti","description":"Mentre arrivava notizia del decreto fascistoide emanato dal Viminale, una parte dell\u2019Italia, quella dell\u2019accoglienza, del Restiamo umani e dei diritti per","robots":{"index":"index","follow":"follow","max-snippet":"max-snippet:-1","max-image-preview":"max-image-preview:large","max-video-preview":"max-video-preview:-1"},"canonical":"https:\/\/www.pressenza.com\/it\/2018\/10\/due-italie-a-confronto-e-in-mezzo-il-grigiore-degli-indifferenti\/","og_locale":"it_IT","og_type":"article","og_title":"\u00a0Due Italie a confronto e, in mezzo, il grigiore degli indifferenti","og_description":"Mentre arrivava notizia del decreto fascistoide emanato dal Viminale, una parte dell\u2019Italia, quella dell\u2019accoglienza, del Restiamo umani e dei diritti per","og_url":"https:\/\/www.pressenza.com\/it\/2018\/10\/due-italie-a-confronto-e-in-mezzo-il-grigiore-degli-indifferenti\/","og_site_name":"Pressenza","article_publisher":"https:\/\/www.facebook.com\/PressenzaItalia","article_published_time":"2018-10-14T16:07:26+00:00","og_image":[{"width":960,"height":720,"url":"https:\/\/www.pressenza.com\/wp-content\/uploads\/2018\/10\/manifestante.jpg","type":"image\/jpeg"}],"author":"Patrizia Cecconi","twitter_card":"summary_large_image","twitter_creator":"@PressenzaIPA","twitter_site":"@PressenzaIPA","twitter_misc":{"Scritto da":"Patrizia Cecconi","Tempo di lettura stimato":"5 minuti"},"schema":{"@context":"https:\/\/schema.org","@graph":[{"@type":"Article","@id":"https:\/\/www.pressenza.com\/it\/2018\/10\/due-italie-a-confronto-e-in-mezzo-il-grigiore-degli-indifferenti\/#article","isPartOf":{"@id":"https:\/\/www.pressenza.com\/it\/2018\/10\/due-italie-a-confronto-e-in-mezzo-il-grigiore-degli-indifferenti\/"},"author":{"name":"Patrizia Cecconi","@id":"https:\/\/www.pressenza.com\/it\/#\/schema\/person\/4bb6e2d42a4c2430734c06e9b4daf40d"},"headline":"\u00a0Due Italie a confronto e, in mezzo, il grigiore degli indifferenti","datePublished":"2018-10-14T16:07:26+00:00","mainEntityOfPage":{"@id":"https:\/\/www.pressenza.com\/it\/2018\/10\/due-italie-a-confronto-e-in-mezzo-il-grigiore-degli-indifferenti\/"},"wordCount":927,"publisher":{"@id":"https:\/\/www.pressenza.com\/it\/#organization"},"image":{"@id":"https:\/\/www.pressenza.com\/it\/2018\/10\/due-italie-a-confronto-e-in-mezzo-il-grigiore-degli-indifferenti\/#primaryimage"},"thumbnailUrl":"https:\/\/www.pressenza.com\/wp-content\/uploads\/2018\/10\/manifestante.jpg","keywords":["accoglienza","Brescia","Giovanni Coccoli","Marcia dell'accoglienza"],"articleSection":["contenuti originali","Europa","Internazionale","Non discriminazione","Opinioni","Politica"],"inLanguage":"it-IT"},{"@type":"WebPage","@id":"https:\/\/www.pressenza.com\/it\/2018\/10\/due-italie-a-confronto-e-in-mezzo-il-grigiore-degli-indifferenti\/","url":"https:\/\/www.pressenza.com\/it\/2018\/10\/due-italie-a-confronto-e-in-mezzo-il-grigiore-degli-indifferenti\/","name":"\u00a0Due Italie a confronto e, in mezzo, il grigiore degli indifferenti","isPartOf":{"@id":"https:\/\/www.pressenza.com\/it\/#website"},"primaryImageOfPage":{"@id":"https:\/\/www.pressenza.com\/it\/2018\/10\/due-italie-a-confronto-e-in-mezzo-il-grigiore-degli-indifferenti\/#primaryimage"},"image":{"@id":"https:\/\/www.pressenza.com\/it\/2018\/10\/due-italie-a-confronto-e-in-mezzo-il-grigiore-degli-indifferenti\/#primaryimage"},"thumbnailUrl":"https:\/\/www.pressenza.com\/wp-content\/uploads\/2018\/10\/manifestante.jpg","datePublished":"2018-10-14T16:07:26+00:00","description":"Mentre arrivava notizia del decreto fascistoide emanato dal Viminale, una parte dell\u2019Italia, quella dell\u2019accoglienza, del Restiamo umani e dei diritti per","breadcrumb":{"@id":"https:\/\/www.pressenza.com\/it\/2018\/10\/due-italie-a-confronto-e-in-mezzo-il-grigiore-degli-indifferenti\/#breadcrumb"},"inLanguage":"it-IT","potentialAction":[{"@type":"ReadAction","target":["https:\/\/www.pressenza.com\/it\/2018\/10\/due-italie-a-confronto-e-in-mezzo-il-grigiore-degli-indifferenti\/"]}]},{"@type":"ImageObject","inLanguage":"it-IT","@id":"https:\/\/www.pressenza.com\/it\/2018\/10\/due-italie-a-confronto-e-in-mezzo-il-grigiore-degli-indifferenti\/#primaryimage","url":"https:\/\/www.pressenza.com\/wp-content\/uploads\/2018\/10\/manifestante.jpg","contentUrl":"https:\/\/www.pressenza.com\/wp-content\/uploads\/2018\/10\/manifestante.jpg","width":960,"height":720},{"@type":"BreadcrumbList","@id":"https:\/\/www.pressenza.com\/it\/2018\/10\/due-italie-a-confronto-e-in-mezzo-il-grigiore-degli-indifferenti\/#breadcrumb","itemListElement":[{"@type":"ListItem","position":1,"name":"Accueil","item":"https:\/\/www.pressenza.com\/it\/"},{"@type":"ListItem","position":2,"name":"\u00a0Due Italie a confronto e, in mezzo, il grigiore degli indifferenti"}]},{"@type":"WebSite","@id":"https:\/\/www.pressenza.com\/it\/#website","url":"https:\/\/www.pressenza.com\/it\/","name":"Pressenza","description":"Agenzia di Stampa Internazionale","publisher":{"@id":"https:\/\/www.pressenza.com\/it\/#organization"},"potentialAction":[{"@type":"SearchAction","target":{"@type":"EntryPoint","urlTemplate":"https:\/\/www.pressenza.com\/it\/?s={search_term_string}"},"query-input":{"@type":"PropertyValueSpecification","valueRequired":true,"valueName":"search_term_string"}}],"inLanguage":"it-IT"},{"@type":"Organization","@id":"https:\/\/www.pressenza.com\/it\/#organization","name":"Pressenza","url":"https:\/\/www.pressenza.com\/it\/","logo":{"@type":"ImageObject","inLanguage":"it-IT","@id":"https:\/\/www.pressenza.com\/it\/#\/schema\/logo\/image\/","url":"https:\/\/www.pressenza.com\/wp-content\/uploads\/2022\/10\/pressenza_logo_200x200.jpg","contentUrl":"https:\/\/www.pressenza.com\/wp-content\/uploads\/2022\/10\/pressenza_logo_200x200.jpg","width":200,"height":200,"caption":"Pressenza"},"image":{"@id":"https:\/\/www.pressenza.com\/it\/#\/schema\/logo\/image\/"},"sameAs":["https:\/\/www.facebook.com\/PressenzaItalia","https:\/\/x.com\/PressenzaIPA"]},{"@type":"Person","@id":"https:\/\/www.pressenza.com\/it\/#\/schema\/person\/4bb6e2d42a4c2430734c06e9b4daf40d","name":"Patrizia Cecconi","description":"Patrizia Cecconi nasce a Roma dove consegue la laurea in Sociologia presso l\u2019Universit\u00e0 La Sapienza. Qui tiene per alcuni anni seminari sulla comunicazione. Successivamente vince la cattedra di Economia Aziendale, disciplina che insegner\u00e0 per circa venticinque anni. Interessata all\u2019ambiente e alla natura, verso il 2000 rivolge la sua attenzione allo studio della botanica e della fitoterapia ponendo sempre al centro dei suoi lavori l\u2019interazione culturale tra l\u2019ambiente e gli umani che lo abitano. Ha curato e pubblicato articoli e libri su argomenti diversi. Il suo interesse particolare \u00e8 rivolto alla Palestina. Dal 2009 fino al dicembre 2014 ha presieduto la onlus \u201cAmici della Mezzaluna Rossa Palestinese\u201d di cui ora \u00e8 presidente onoraria. E' co-fondatrice della onlus Cultura \u00e8 Libert\u00e0 e dell\u2019adv Oltre il Mare che attualmente presiede.","url":"https:\/\/www.pressenza.com\/it\/author\/patrizia-cecconi\/"}]}},"place":"Brescia","original_article_url":"","_links":{"self":[{"href":"https:\/\/www.pressenza.com\/it\/wp-json\/wp\/v2\/posts\/737413","targetHints":{"allow":["GET"]}}],"collection":[{"href":"https:\/\/www.pressenza.com\/it\/wp-json\/wp\/v2\/posts"}],"about":[{"href":"https:\/\/www.pressenza.com\/it\/wp-json\/wp\/v2\/types\/post"}],"author":[{"embeddable":true,"href":"https:\/\/www.pressenza.com\/it\/wp-json\/wp\/v2\/users\/1344"}],"replies":[{"embeddable":true,"href":"https:\/\/www.pressenza.com\/it\/wp-json\/wp\/v2\/comments?post=737413"}],"version-history":[{"count":0,"href":"https:\/\/www.pressenza.com\/it\/wp-json\/wp\/v2\/posts\/737413\/revisions"}],"wp:featuredmedia":[{"embeddable":true,"href":"https:\/\/www.pressenza.com\/it\/wp-json\/wp\/v2\/media\/737416"}],"wp:attachment":[{"href":"https:\/\/www.pressenza.com\/it\/wp-json\/wp\/v2\/media?parent=737413"}],"wp:term":[{"taxonomy":"category","embeddable":true,"href":"https:\/\/www.pressenza.com\/it\/wp-json\/wp\/v2\/categories?post=737413"},{"taxonomy":"post_tag","embeddable":true,"href":"https:\/\/www.pressenza.com\/it\/wp-json\/wp\/v2\/tags?post=737413"}],"curies":[{"name":"wp","href":"https:\/\/api.w.org\/{rel}","templated":true}]}}