{"id":727526,"date":"2018-09-30T11:15:36","date_gmt":"2018-09-30T10:15:36","guid":{"rendered":"https:\/\/www.pressenza.com\/?p=727526"},"modified":"2018-09-30T11:18:29","modified_gmt":"2018-09-30T10:18:29","slug":"storica-mobilitazione-delle-donne-contro-il-fascismo-in-brasile","status":"publish","type":"post","link":"https:\/\/www.pressenza.com\/it\/2018\/09\/storica-mobilitazione-delle-donne-contro-il-fascismo-in-brasile\/","title":{"rendered":"Storica mobilitazione delle donne contro il fascismo in Brasile"},"content":{"rendered":"<p>Mobilitazioni contro il candidato di estrema destra Jair Bolsonaro si sono svolte il 29 settembre in quasi duecento citt\u00e0 brasiliane. Lo slogan delle azioni e delle marce promosse e realizzate fondamentalmente dalle donne era univoco: #EleN\u00e3o! (Lui no! &#8211; N.d.T.)<\/p>\n<p>In ogni angolo del Brasile, nelle grandi citt\u00e0, ma anche nelle citt\u00e0 pi\u00f9 piccole e persino in quelle lontane dai principali centri urbani, centinaia di migliaia di persone hanno manifestato con fermezza contro l&#8217;agenda razzista, misogina, omofoba e antipopolare del deputato ed ex capitano dell&#8217;esercito.<\/p>\n<p>Il clamoroso rifiuto del discorso di odio e della militarizzazione del paese \u00e8 risuonato forte e chiaro. Allo stesso tempo, le enormi masse mobilitate hanno espresso la loro denuncia di un programma economico che consoliderebbe le premesse del colpo di stato che ha bloccato gli investimenti in sanit\u00e0, istruzione e assistenza sociale, ha realizzato una riforma del lavoro neoliberista e si prepara a forzare una riforma che taglia i diritti alla pensione.<\/p>\n<p>Consapevole del pericolo che ha davanti, la societ\u00e0 si \u00e8 attivata nella chiave della sensibilit\u00e0 femminile, comprendendo che un trionfo del fascismo avrebbe rappresentato la fine della democrazia nel paese e il ritorno a un periodo di violenta tutela militare. A soli otto giorni da un&#8217;elezione storica, la mobilitazione marcatamente nonviolenta sembra influenzare in modo decisivo l&#8217;esito del primo turno, indebolendo la possibilit\u00e0 di una vittoria del fondamentalismo e aprendo la strada alla prospettiva del ritorno delle forze democratiche al governo.<\/p>\n<p>Il Manifesto del gruppo \u201cDonne unite contro Bolsonaro\u201d e le immagini parlano da sole.<\/p>\n<p><strong>&#8220;Manifesto delle donne unite contro Bolsonaro&#8221;<\/strong><\/p>\n<p>Per l&#8217;uguaglianza, la libert\u00e0, i diritti e una vita senza violenza!<\/p>\n<p>Chi siamo?<\/p>\n<p>Siamo donne, milioni e diverse. Siamo brasiliane e immigrate. Giovani e con i capelli bianchi. Nere, bianche, indigene. Trans e travestiti. Siamo LGBT, amiamo gli uomini, le donne o entrambi. Sposate e single. Madri, figlie, nonne. Siamo operaie, casalinghe, studentesse, artiste, funzionarie pubbliche, piccole imprenditrici, venditrici ambulanti, senzatetto, senza terra. Impiegate e disoccupate. Donne di diverse religioni e senza religione.<\/p>\n<p>Oggi siamo oggi insieme a testa alta per le strade di tutto il Brasile perch\u00e9 un candidato alla presidenza del paese minaccia le nostre conquiste e la nostra gi\u00e0 difficile esistenza con un discorso basato sull&#8217;odio, l&#8217;intolleranza, l&#8217;autoritarismo e l&#8217;arretratezza. Siamo in strada perch\u00e9 il suo programma politico-economico \u00e8 una battuta d&#8217;arresto, una riproduzione ancora peggiore delle terribili politiche di Temer.<\/p>\n<p>S<span class=\"_5afx\"><span class=\"_58cm\">\u00e3o<\/span><\/span> Paulo, Largo da Batata<\/p>\n<p>https:\/\/www.facebook.com\/MidiaNINJA\/videos\/2096939070556392\/?t=0<\/p>\n<p>Chi \u00e8 Jair Bolsonaro?<\/p>\n<p>Jair Bolsonaro, attualmente del PSL (Partito social-liberale), deputato federale da 27 anni, ha fatto parte di nove partiti. In tutta la sua vita politica sono stati approvati solo due suoi disegni di legge.\u00a0 Si presenta come qualcosa di &#8220;nuovo&#8221; ma in realt\u00e0 \u00e8 un altro &#8220;politico in carriera&#8221; che ha lavorato per far eleggere i suoi figli e gode di privilegi come l&#8217;immorale assistenza abitativa, mentre migliaia di famiglie non hanno casa e lottano per un posto dignitoso in cui vivere.<\/p>\n<p>Rio de Janeiro, Cinel\u00e2ndia<\/p>\n<p>https:\/\/www.facebook.com\/MidiaNINJA\/videos\/243897226292812\/?t=0<\/p>\n<p>&nbsp;<\/p>\n<p>Perch\u00e9 siamo contro Bolsonaro?<\/p>\n<p>1. Jair Bolsonaro disprezza i neri, gli indigeni, gli omosessuali e tutti coloro che lottano per i diritti delle donne. Considera i quilombolas (discendenti degli schiavi fuggiti, N.d.T.) dei &#8220;vagabondi&#8221;. Sostiene la cultura dello stupro e definisce &#8220;debolezza&#8221; la nascita della sua unica figlia. E\u2019 convinto che non ci sia nulla da fare per quanto riguarda il divario retributivo tra uomini e donne. Per lui picchiare i bambini impedisce loro di &#8220;diventare&#8221; gay. Il suo vice, il generale Mour\u00e3o, ha dichiarato che le famiglie allevate da madri e nonne producono disadattati.<\/p>\n<p>2. Ha votato a favore del congelamento delle spese sanitarie, educative e di assistenza sociale per vent\u2019 anni. Promette di aumentare le tasse ai poveri e ridurle ai ricchi. Ha gi\u00e0 annunciato un&#8217;ondata di privatizzazioni, vendendo aziende statali e l&#8217;intero patrimonio del popolo brasiliano. \u00c8 uno degli autori del disegno di legge secondo cui il SUS (il servizio sanitario pubblico, N.d.T.) non \u00e8 obbligato ad assistere le donne vittime di abusi sessuali. Sostiene il progetto &#8220;Scuola senza partito&#8221;, che mette fine alla libert\u00e0 pedagogica e allo sviluppo del pensiero critico in relazione alla societ\u00e0 caotica in cui viviamo.<\/p>\n<p>Belo Horizonte<\/p>\n<p>https:\/\/www.facebook.com\/MidiaNINJA\/videos\/1992306360834324\/?t=0<\/p>\n<p>&nbsp;<\/p>\n<p>3. Ha votato a favore della riforma del lavoro e della legge sull&#8217;esternalizzazione, che permette alle donne incinte di svolgere lavori non salutari e aumenta la disoccupazione e il lavoro informale, soprattutto tra le donne nere. Ha gi\u00e0 detto che &#8220;i lavoratori devono scegliere tra avere diritti e avere un lavoro\u201d. E&#8217; stato l&#8217;unico deputato a votare contro la PEC (proposta di emendamento costituzionale, N.d.T.) per i lavoratori domestici, che garantiva alle lavoratrici dipendenti diritti fondamentali come la retribuzione degli straordinari e la riscossione del FGTS (<strong><a href=\"https:\/\/www.significados.com.br\/fgts\/\">Fundo de Garantia do Tempo de Servi\u00e7o<\/a>)<\/strong>. Si \u00e8 gi\u00e0 impegnato ad approvare la riforma delle pensioni, che aumenta l&#8217;et\u00e0 pensionabile e la equipara per uomini e donne.<\/p>\n<p>4. Difende l&#8217;approfondimento di un progetto di sicurezza fallito, che risponde alla violenza con maggiore violenza e militarizzazione. Questo progetto \u00e8 stato realizzato per molti anni in Brasile, in particolare a Rio de Janeiro, la citt\u00e0 dove pi\u00f9 civili e poliziotti muoiono negli scontri e dove Marielle Franco e Anderson sono stati giustiziati pi\u00f9 di 6 mesi fa, un crimine \u00a0ancora irrisolto. Difende la liberalizzazione del porto d\u2019armi, seguendo il modello degli Stati Uniti, paese che ha il pi\u00f9 alto tasso di omicidi e suicidi, soprattutto tra i giovani.<\/p>\n<p>Brasilia<\/p>\n<p>https:\/\/www.facebook.com\/MidiaNINJA\/videos\/182323266001374\/?t=0<\/p>\n<p>&nbsp;<\/p>\n<p>5. Il suo candidato a vicepresidente \u00e8 un generale che difende la presa del potere da parte delle Forze Armate e l&#8217;elaborazione di una nuova Costituzione senza partecipazione popolare. \u00c8 una formula che mette apertamente a rischio la democrazia!<\/p>\n<p>Jair Bolsonaro \u00e8 un difensore della dittatura militare, afferma che l&#8217;errore dei militari \u00e8 stato quello di torturare piuttosto che uccidere e non nasconde la sua ammirazione per il pi\u00f9 noto torturatore del regime militare del 1964, il generale Ustra.<\/p>\n<p>Non vogliamo la dittatura, il fascismo o l&#8217;estensione del massacro poliziesco-militare nelle strade, responsabile del genocidio della giovent\u00f9 nera. Vogliamo libert\u00e0, uguaglianza, giustizia sociale e diritti! Bolsonaro \u00e8 tutto ci\u00f2 di cui il Brasile non ha bisogno per superare la crisi e andare avanti.<\/p>\n<div class=\"post-gallery\">\n\t\t\t<figure class=\"post-gallery-item\">\n\t\t\t\t<img decoding=\"async\" src=\"https:\/\/www.pressenza.com\/wp-content\/uploads\/2018\/09\/san-luis-720x540.jpg\" loading=\"lazy\">\n\t\t\t\t<figcaption>\n\t\t\t\t\tSao Luis de Maranhao\n\t\t\t\t<\/figcaption>\n\t\t\t<\/figure>\n\t\t\t<figure class=\"post-gallery-item\">\n\t\t\t\t<img decoding=\"async\" src=\"https:\/\/www.pressenza.com\/wp-content\/uploads\/2018\/09\/caruaru-720x480.jpg\" loading=\"lazy\">\n\t\t\t\t<figcaption>\n\t\t\t\t\tCaruar\u00fa (PE)\n\t\t\t\t<\/figcaption>\n\t\t\t<\/figure>\n\t\t\t<figure class=\"post-gallery-item\">\n\t\t\t\t<img decoding=\"async\" src=\"https:\/\/www.pressenza.com\/wp-content\/uploads\/2018\/09\/rio-grande-so-sul-720x479.jpg\" loading=\"lazy\">\n\t\t\t\t<figcaption>\n\t\t\t\t\tR\u00edo Grande do Sul\n\t\t\t\t<\/figcaption>\n\t\t\t<\/figure>\n\t\t\t<figure class=\"post-gallery-item\">\n\t\t\t\t<img decoding=\"async\" src=\"https:\/\/www.pressenza.com\/wp-content\/uploads\/2018\/09\/Juazeiro-do-Norte-CE.png\" loading=\"lazy\">\n\t\t\t\t<figcaption>\n\t\t\t\t\tJuazeiro do Norte (CE)\n\t\t\t\t<\/figcaption>\n\t\t\t<\/figure>\n\t\t\t<figure class=\"post-gallery-item\">\n\t\t\t\t<img decoding=\"async\" src=\"https:\/\/www.pressenza.com\/wp-content\/uploads\/2018\/09\/manaus.jpg\" loading=\"lazy\">\n\t\t\t\t<figcaption>\n\t\t\t\t\tManaus (AM)\n\t\t\t\t<\/figcaption>\n\t\t\t<\/figure>\n\t\t\t<figure class=\"post-gallery-item\">\n\t\t\t\t<img decoding=\"async\" src=\"https:\/\/www.pressenza.com\/wp-content\/uploads\/2018\/09\/porto-velho-RO-720x481.jpg\" loading=\"lazy\">\n\t\t\t\t<figcaption>\n\t\t\t\t\tPorto Velho (RO)\n\t\t\t\t<\/figcaption>\n\t\t\t<\/figure>\n\t\t\t<figure class=\"post-gallery-item\">\n\t\t\t\t<img decoding=\"async\" src=\"https:\/\/www.pressenza.com\/wp-content\/uploads\/2018\/09\/Recife-PE.jpg\" loading=\"lazy\">\n\t\t\t\t<figcaption>\n\t\t\t\t\tRecife (PE)\n\t\t\t\t<\/figcaption>\n\t\t\t<\/figure><\/div>\n<p>Noi donne diverse e unite difendiamo il contrario di ci\u00f2 che egli sostiene: difendiamo il rispetto delle differenze; il diritto delle donne a vivere in sicurezza e decidere sul proprio corpo; difendiamo la parit\u00e0 di retribuzione tra uomini e donne, tra neri e bianchi; difendiamo le quote per coloro che storicamente hanno subito ingiustizie e sono stati penalizzati; difendiamo i servizi pubblici di qualit\u00e0 per le donne povere e i loro figli.<\/p>\n<div class=\"post-gallery\">\n\t\t\t<figure class=\"post-gallery-item\">\n\t\t\t\t<img decoding=\"async\" src=\"https:\/\/www.pressenza.com\/wp-content\/uploads\/2018\/09\/ele-nao-720x497.jpg\" loading=\"lazy\">\n\t\t\t\t<figcaption>\n\t\t\t\t\t\n\t\t\t\t<\/figcaption>\n\t\t\t<\/figure>\n\t\t\t<figure class=\"post-gallery-item\">\n\t\t\t\t<img decoding=\"async\" src=\"https:\/\/www.pressenza.com\/wp-content\/uploads\/2018\/09\/elenao1-720x480.jpg\" loading=\"lazy\">\n\t\t\t\t<figcaption>\n\t\t\t\t\t\n\t\t\t\t<\/figcaption>\n\t\t\t<\/figure>\n\t\t\t<figure class=\"post-gallery-item\">\n\t\t\t\t<img decoding=\"async\" src=\"https:\/\/www.pressenza.com\/wp-content\/uploads\/2018\/09\/elenao2-720x476.jpg\" loading=\"lazy\">\n\t\t\t\t<figcaption>\n\t\t\t\t\t\n\t\t\t\t<\/figcaption>\n\t\t\t<\/figure>\n\t\t\t<figure class=\"post-gallery-item\">\n\t\t\t\t<img decoding=\"async\" src=\"https:\/\/www.pressenza.com\/wp-content\/uploads\/2018\/09\/elenao3.jpg\" loading=\"lazy\">\n\t\t\t\t<figcaption>\n\t\t\t\t\t\n\t\t\t\t<\/figcaption>\n\t\t\t<\/figure>\n\t\t\t<figure class=\"post-gallery-item\">\n\t\t\t\t<img decoding=\"async\" src=\"https:\/\/www.pressenza.com\/wp-content\/uploads\/2018\/09\/elenao4.jpg\" loading=\"lazy\">\n\t\t\t\t<figcaption>\n\t\t\t\t\t\n\t\t\t\t<\/figcaption>\n\t\t\t<\/figure>\n\t\t\t<figure class=\"post-gallery-item\">\n\t\t\t\t<img decoding=\"async\" src=\"https:\/\/www.pressenza.com\/wp-content\/uploads\/2018\/09\/caras4-720x480.jpg\" loading=\"lazy\">\n\t\t\t\t<figcaption>\n\t\t\t\t\t\n\t\t\t\t<\/figcaption>\n\t\t\t<\/figure><\/div>\n<p>Difendiamo la pi\u00f9 ampia libert\u00e0 di insegnare e di imparare, senza una legge bavaglio, sia a scuola che all&#8217;universit\u00e0.<\/p>\n<p>Noi sosteniamo la libert\u00e0 di amare e di essere rispettati per questo. Difendiamo il dibattito sulle idee e la democrazia.<\/p>\n<p>Bolsonaro proclama l&#8217;odio, noi proclamiamo il rispetto. Difende la morte e la tortura, noi difendiamo la vita.<\/p>\n<p>Ecco perch\u00e9 diciamo: &#8220;N\u00e9 lui n\u00e9 i suoi figli! Bolsonaro mai! No al fascismo&#8221;.<\/p>\n<p>&nbsp;<\/p>\n<p>Traduzione dallo spagnolo di Anna Polo<\/p>\n<p>&nbsp;<\/p>\n<p>&nbsp;<\/p>\n<p>&nbsp;<\/p>\n","protected":false},"excerpt":{"rendered":"<p>Mobilitazioni contro il candidato di estrema destra Jair Bolsonaro si sono svolte il 29 settembre in quasi duecento citt\u00e0 brasiliane. Lo slogan delle azioni e delle marce promosse e realizzate fondamentalmente dalle donne era univoco: #EleN\u00e3o! (Lui no! &#8211; N.d.T.)&hellip;<\/p>\n","protected":false},"author":19,"featured_media":727482,"comment_status":"closed","ping_status":"closed","sticky":false,"template":"","format":"standard","meta":{"footnotes":""},"categories":[11388,5677,54513,1261,55,48],"tags":[3993,568,616,26314,26094],"class_list":["post-727526","post","type-post","status-publish","format-standard","has-post-thumbnail","hentry","category-contenuti-originali","category-fotoreportages","category-genere-e-femminismi","category-diversita","category-politica","category-sud-america","tag-brasile","tag-donne","tag-elezioni","tag-jair-bolsonaro","tag-mobilitazioni"],"yoast_head":"<!-- This site is optimized with the Yoast SEO plugin v27.1.1 - https:\/\/yoast.com\/product\/yoast-seo-wordpress\/ -->\n<title>Storica mobilitazione delle donne contro il fascismo in Brasile<\/title>\n<meta name=\"description\" content=\"Mobilitazioni contro il candidato di estrema destra Jair Bolsonaro si sono svolte il 29 settembre in quasi duecento citt\u00e0 brasiliane. Lo slogan delle\" \/>\n<meta name=\"robots\" content=\"index, follow, max-snippet:-1, max-image-preview:large, max-video-preview:-1\" \/>\n<link rel=\"canonical\" href=\"https:\/\/www.pressenza.com\/it\/2018\/09\/storica-mobilitazione-delle-donne-contro-il-fascismo-in-brasile\/\" \/>\n<meta property=\"og:locale\" content=\"it_IT\" \/>\n<meta property=\"og:type\" content=\"article\" \/>\n<meta property=\"og:title\" content=\"Storica mobilitazione delle donne contro il fascismo in Brasile\" \/>\n<meta property=\"og:description\" content=\"Mobilitazioni contro il candidato di estrema destra Jair Bolsonaro si sono svolte il 29 settembre in quasi duecento citt\u00e0 brasiliane. Lo slogan delle\" \/>\n<meta property=\"og:url\" content=\"https:\/\/www.pressenza.com\/it\/2018\/09\/storica-mobilitazione-delle-donne-contro-il-fascismo-in-brasile\/\" \/>\n<meta property=\"og:site_name\" content=\"Pressenza\" \/>\n<meta property=\"article:publisher\" content=\"https:\/\/www.facebook.com\/PressenzaItalia\" \/>\n<meta property=\"article:author\" content=\"https:\/\/www.facebook.com\/pressenza\" \/>\n<meta property=\"article:published_time\" content=\"2018-09-30T10:15:36+00:00\" \/>\n<meta property=\"article:modified_time\" content=\"2018-09-30T10:18:29+00:00\" \/>\n<meta property=\"og:image\" content=\"https:\/\/www.pressenza.com\/wp-content\/uploads\/2018\/09\/portada.jpg\" \/>\n\t<meta property=\"og:image:width\" content=\"960\" \/>\n\t<meta property=\"og:image:height\" content=\"720\" \/>\n\t<meta property=\"og:image:type\" content=\"image\/jpeg\" \/>\n<meta name=\"author\" content=\"Pressenza IPA\" \/>\n<meta name=\"twitter:card\" content=\"summary_large_image\" \/>\n<meta name=\"twitter:creator\" content=\"@PressenzaIPA\" \/>\n<meta name=\"twitter:site\" content=\"@PressenzaIPA\" \/>\n<meta name=\"twitter:label1\" content=\"Scritto da\" \/>\n\t<meta name=\"twitter:data1\" content=\"Pressenza IPA\" \/>\n\t<meta name=\"twitter:label2\" content=\"Tempo di lettura stimato\" \/>\n\t<meta name=\"twitter:data2\" content=\"6 minuti\" \/>\n<script type=\"application\/ld+json\" class=\"yoast-schema-graph\">{\"@context\":\"https:\/\/schema.org\",\"@graph\":[{\"@type\":\"Article\",\"@id\":\"https:\/\/www.pressenza.com\/it\/2018\/09\/storica-mobilitazione-delle-donne-contro-il-fascismo-in-brasile\/#article\",\"isPartOf\":{\"@id\":\"https:\/\/www.pressenza.com\/it\/2018\/09\/storica-mobilitazione-delle-donne-contro-il-fascismo-in-brasile\/\"},\"author\":{\"name\":\"Pressenza IPA\",\"@id\":\"https:\/\/www.pressenza.com\/it\/#\/schema\/person\/010e5d02bcf40965427a1289a4cc8d75\"},\"headline\":\"Storica mobilitazione delle donne contro il fascismo in Brasile\",\"datePublished\":\"2018-09-30T10:15:36+00:00\",\"dateModified\":\"2018-09-30T10:18:29+00:00\",\"mainEntityOfPage\":{\"@id\":\"https:\/\/www.pressenza.com\/it\/2018\/09\/storica-mobilitazione-delle-donne-contro-il-fascismo-in-brasile\/\"},\"wordCount\":1225,\"publisher\":{\"@id\":\"https:\/\/www.pressenza.com\/it\/#organization\"},\"image\":{\"@id\":\"https:\/\/www.pressenza.com\/it\/2018\/09\/storica-mobilitazione-delle-donne-contro-il-fascismo-in-brasile\/#primaryimage\"},\"thumbnailUrl\":\"https:\/\/www.pressenza.com\/wp-content\/uploads\/2018\/09\/portada.jpg\",\"keywords\":[\"Brasile\",\"donne\",\"elezioni\",\"Jair Bolsonaro\",\"mobilitazioni\"],\"articleSection\":[\"contenuti originali\",\"Fotoreportages\",\"Genere e femminismi\",\"Non discriminazione\",\"Politica\",\"Sud America\"],\"inLanguage\":\"it-IT\"},{\"@type\":\"WebPage\",\"@id\":\"https:\/\/www.pressenza.com\/it\/2018\/09\/storica-mobilitazione-delle-donne-contro-il-fascismo-in-brasile\/\",\"url\":\"https:\/\/www.pressenza.com\/it\/2018\/09\/storica-mobilitazione-delle-donne-contro-il-fascismo-in-brasile\/\",\"name\":\"Storica mobilitazione delle donne contro il fascismo in Brasile\",\"isPartOf\":{\"@id\":\"https:\/\/www.pressenza.com\/it\/#website\"},\"primaryImageOfPage\":{\"@id\":\"https:\/\/www.pressenza.com\/it\/2018\/09\/storica-mobilitazione-delle-donne-contro-il-fascismo-in-brasile\/#primaryimage\"},\"image\":{\"@id\":\"https:\/\/www.pressenza.com\/it\/2018\/09\/storica-mobilitazione-delle-donne-contro-il-fascismo-in-brasile\/#primaryimage\"},\"thumbnailUrl\":\"https:\/\/www.pressenza.com\/wp-content\/uploads\/2018\/09\/portada.jpg\",\"datePublished\":\"2018-09-30T10:15:36+00:00\",\"dateModified\":\"2018-09-30T10:18:29+00:00\",\"description\":\"Mobilitazioni contro il candidato di estrema destra Jair Bolsonaro si sono svolte il 29 settembre in quasi duecento citt\u00e0 brasiliane. Lo slogan delle\",\"breadcrumb\":{\"@id\":\"https:\/\/www.pressenza.com\/it\/2018\/09\/storica-mobilitazione-delle-donne-contro-il-fascismo-in-brasile\/#breadcrumb\"},\"inLanguage\":\"it-IT\",\"potentialAction\":[{\"@type\":\"ReadAction\",\"target\":[\"https:\/\/www.pressenza.com\/it\/2018\/09\/storica-mobilitazione-delle-donne-contro-il-fascismo-in-brasile\/\"]}]},{\"@type\":\"ImageObject\",\"inLanguage\":\"it-IT\",\"@id\":\"https:\/\/www.pressenza.com\/it\/2018\/09\/storica-mobilitazione-delle-donne-contro-il-fascismo-in-brasile\/#primaryimage\",\"url\":\"https:\/\/www.pressenza.com\/wp-content\/uploads\/2018\/09\/portada.jpg\",\"contentUrl\":\"https:\/\/www.pressenza.com\/wp-content\/uploads\/2018\/09\/portada.jpg\",\"width\":960,\"height\":720,\"caption\":\"\u00c9v\u00e9nement historique des femmes contre le fascisme au Br\u00e9sil\"},{\"@type\":\"BreadcrumbList\",\"@id\":\"https:\/\/www.pressenza.com\/it\/2018\/09\/storica-mobilitazione-delle-donne-contro-il-fascismo-in-brasile\/#breadcrumb\",\"itemListElement\":[{\"@type\":\"ListItem\",\"position\":1,\"name\":\"Accueil\",\"item\":\"https:\/\/www.pressenza.com\/it\/\"},{\"@type\":\"ListItem\",\"position\":2,\"name\":\"Storica mobilitazione delle donne contro il fascismo in Brasile\"}]},{\"@type\":\"WebSite\",\"@id\":\"https:\/\/www.pressenza.com\/it\/#website\",\"url\":\"https:\/\/www.pressenza.com\/it\/\",\"name\":\"Pressenza\",\"description\":\"Agenzia di Stampa Internazionale\",\"publisher\":{\"@id\":\"https:\/\/www.pressenza.com\/it\/#organization\"},\"potentialAction\":[{\"@type\":\"SearchAction\",\"target\":{\"@type\":\"EntryPoint\",\"urlTemplate\":\"https:\/\/www.pressenza.com\/it\/?s={search_term_string}\"},\"query-input\":{\"@type\":\"PropertyValueSpecification\",\"valueRequired\":true,\"valueName\":\"search_term_string\"}}],\"inLanguage\":\"it-IT\"},{\"@type\":\"Organization\",\"@id\":\"https:\/\/www.pressenza.com\/it\/#organization\",\"name\":\"Pressenza\",\"url\":\"https:\/\/www.pressenza.com\/it\/\",\"logo\":{\"@type\":\"ImageObject\",\"inLanguage\":\"it-IT\",\"@id\":\"https:\/\/www.pressenza.com\/it\/#\/schema\/logo\/image\/\",\"url\":\"https:\/\/www.pressenza.com\/wp-content\/uploads\/2022\/10\/pressenza_logo_200x200.jpg\",\"contentUrl\":\"https:\/\/www.pressenza.com\/wp-content\/uploads\/2022\/10\/pressenza_logo_200x200.jpg\",\"width\":200,\"height\":200,\"caption\":\"Pressenza\"},\"image\":{\"@id\":\"https:\/\/www.pressenza.com\/it\/#\/schema\/logo\/image\/\"},\"sameAs\":[\"https:\/\/www.facebook.com\/PressenzaItalia\",\"https:\/\/x.com\/PressenzaIPA\"]},{\"@type\":\"Person\",\"@id\":\"https:\/\/www.pressenza.com\/it\/#\/schema\/person\/010e5d02bcf40965427a1289a4cc8d75\",\"name\":\"Pressenza IPA\",\"description\":\"News from Pressenza IPA correspondents\",\"sameAs\":[\"https:\/\/www.facebook.com\/pressenza\",\"https:\/\/x.com\/PressenzaIPA\"],\"url\":\"https:\/\/www.pressenza.com\/it\/author\/pressenza-ipa\/\"}]}<\/script>\n<!-- \/ Yoast SEO plugin. -->","yoast_head_json":{"title":"Storica mobilitazione delle donne contro il fascismo in Brasile","description":"Mobilitazioni contro il candidato di estrema destra Jair Bolsonaro si sono svolte il 29 settembre in quasi duecento citt\u00e0 brasiliane. Lo slogan delle","robots":{"index":"index","follow":"follow","max-snippet":"max-snippet:-1","max-image-preview":"max-image-preview:large","max-video-preview":"max-video-preview:-1"},"canonical":"https:\/\/www.pressenza.com\/it\/2018\/09\/storica-mobilitazione-delle-donne-contro-il-fascismo-in-brasile\/","og_locale":"it_IT","og_type":"article","og_title":"Storica mobilitazione delle donne contro il fascismo in Brasile","og_description":"Mobilitazioni contro il candidato di estrema destra Jair Bolsonaro si sono svolte il 29 settembre in quasi duecento citt\u00e0 brasiliane. Lo slogan delle","og_url":"https:\/\/www.pressenza.com\/it\/2018\/09\/storica-mobilitazione-delle-donne-contro-il-fascismo-in-brasile\/","og_site_name":"Pressenza","article_publisher":"https:\/\/www.facebook.com\/PressenzaItalia","article_author":"https:\/\/www.facebook.com\/pressenza","article_published_time":"2018-09-30T10:15:36+00:00","article_modified_time":"2018-09-30T10:18:29+00:00","og_image":[{"width":960,"height":720,"url":"https:\/\/www.pressenza.com\/wp-content\/uploads\/2018\/09\/portada.jpg","type":"image\/jpeg"}],"author":"Pressenza IPA","twitter_card":"summary_large_image","twitter_creator":"@PressenzaIPA","twitter_site":"@PressenzaIPA","twitter_misc":{"Scritto da":"Pressenza IPA","Tempo di lettura stimato":"6 minuti"},"schema":{"@context":"https:\/\/schema.org","@graph":[{"@type":"Article","@id":"https:\/\/www.pressenza.com\/it\/2018\/09\/storica-mobilitazione-delle-donne-contro-il-fascismo-in-brasile\/#article","isPartOf":{"@id":"https:\/\/www.pressenza.com\/it\/2018\/09\/storica-mobilitazione-delle-donne-contro-il-fascismo-in-brasile\/"},"author":{"name":"Pressenza IPA","@id":"https:\/\/www.pressenza.com\/it\/#\/schema\/person\/010e5d02bcf40965427a1289a4cc8d75"},"headline":"Storica mobilitazione delle donne contro il fascismo in Brasile","datePublished":"2018-09-30T10:15:36+00:00","dateModified":"2018-09-30T10:18:29+00:00","mainEntityOfPage":{"@id":"https:\/\/www.pressenza.com\/it\/2018\/09\/storica-mobilitazione-delle-donne-contro-il-fascismo-in-brasile\/"},"wordCount":1225,"publisher":{"@id":"https:\/\/www.pressenza.com\/it\/#organization"},"image":{"@id":"https:\/\/www.pressenza.com\/it\/2018\/09\/storica-mobilitazione-delle-donne-contro-il-fascismo-in-brasile\/#primaryimage"},"thumbnailUrl":"https:\/\/www.pressenza.com\/wp-content\/uploads\/2018\/09\/portada.jpg","keywords":["Brasile","donne","elezioni","Jair Bolsonaro","mobilitazioni"],"articleSection":["contenuti originali","Fotoreportages","Genere e femminismi","Non discriminazione","Politica","Sud America"],"inLanguage":"it-IT"},{"@type":"WebPage","@id":"https:\/\/www.pressenza.com\/it\/2018\/09\/storica-mobilitazione-delle-donne-contro-il-fascismo-in-brasile\/","url":"https:\/\/www.pressenza.com\/it\/2018\/09\/storica-mobilitazione-delle-donne-contro-il-fascismo-in-brasile\/","name":"Storica mobilitazione delle donne contro il fascismo in Brasile","isPartOf":{"@id":"https:\/\/www.pressenza.com\/it\/#website"},"primaryImageOfPage":{"@id":"https:\/\/www.pressenza.com\/it\/2018\/09\/storica-mobilitazione-delle-donne-contro-il-fascismo-in-brasile\/#primaryimage"},"image":{"@id":"https:\/\/www.pressenza.com\/it\/2018\/09\/storica-mobilitazione-delle-donne-contro-il-fascismo-in-brasile\/#primaryimage"},"thumbnailUrl":"https:\/\/www.pressenza.com\/wp-content\/uploads\/2018\/09\/portada.jpg","datePublished":"2018-09-30T10:15:36+00:00","dateModified":"2018-09-30T10:18:29+00:00","description":"Mobilitazioni contro il candidato di estrema destra Jair Bolsonaro si sono svolte il 29 settembre in quasi duecento citt\u00e0 brasiliane. Lo slogan delle","breadcrumb":{"@id":"https:\/\/www.pressenza.com\/it\/2018\/09\/storica-mobilitazione-delle-donne-contro-il-fascismo-in-brasile\/#breadcrumb"},"inLanguage":"it-IT","potentialAction":[{"@type":"ReadAction","target":["https:\/\/www.pressenza.com\/it\/2018\/09\/storica-mobilitazione-delle-donne-contro-il-fascismo-in-brasile\/"]}]},{"@type":"ImageObject","inLanguage":"it-IT","@id":"https:\/\/www.pressenza.com\/it\/2018\/09\/storica-mobilitazione-delle-donne-contro-il-fascismo-in-brasile\/#primaryimage","url":"https:\/\/www.pressenza.com\/wp-content\/uploads\/2018\/09\/portada.jpg","contentUrl":"https:\/\/www.pressenza.com\/wp-content\/uploads\/2018\/09\/portada.jpg","width":960,"height":720,"caption":"\u00c9v\u00e9nement historique des femmes contre le fascisme au Br\u00e9sil"},{"@type":"BreadcrumbList","@id":"https:\/\/www.pressenza.com\/it\/2018\/09\/storica-mobilitazione-delle-donne-contro-il-fascismo-in-brasile\/#breadcrumb","itemListElement":[{"@type":"ListItem","position":1,"name":"Accueil","item":"https:\/\/www.pressenza.com\/it\/"},{"@type":"ListItem","position":2,"name":"Storica mobilitazione delle donne contro il fascismo in Brasile"}]},{"@type":"WebSite","@id":"https:\/\/www.pressenza.com\/it\/#website","url":"https:\/\/www.pressenza.com\/it\/","name":"Pressenza","description":"Agenzia di Stampa Internazionale","publisher":{"@id":"https:\/\/www.pressenza.com\/it\/#organization"},"potentialAction":[{"@type":"SearchAction","target":{"@type":"EntryPoint","urlTemplate":"https:\/\/www.pressenza.com\/it\/?s={search_term_string}"},"query-input":{"@type":"PropertyValueSpecification","valueRequired":true,"valueName":"search_term_string"}}],"inLanguage":"it-IT"},{"@type":"Organization","@id":"https:\/\/www.pressenza.com\/it\/#organization","name":"Pressenza","url":"https:\/\/www.pressenza.com\/it\/","logo":{"@type":"ImageObject","inLanguage":"it-IT","@id":"https:\/\/www.pressenza.com\/it\/#\/schema\/logo\/image\/","url":"https:\/\/www.pressenza.com\/wp-content\/uploads\/2022\/10\/pressenza_logo_200x200.jpg","contentUrl":"https:\/\/www.pressenza.com\/wp-content\/uploads\/2022\/10\/pressenza_logo_200x200.jpg","width":200,"height":200,"caption":"Pressenza"},"image":{"@id":"https:\/\/www.pressenza.com\/it\/#\/schema\/logo\/image\/"},"sameAs":["https:\/\/www.facebook.com\/PressenzaItalia","https:\/\/x.com\/PressenzaIPA"]},{"@type":"Person","@id":"https:\/\/www.pressenza.com\/it\/#\/schema\/person\/010e5d02bcf40965427a1289a4cc8d75","name":"Pressenza IPA","description":"News from Pressenza IPA correspondents","sameAs":["https:\/\/www.facebook.com\/pressenza","https:\/\/x.com\/PressenzaIPA"],"url":"https:\/\/www.pressenza.com\/it\/author\/pressenza-ipa\/"}]}},"place":"","original_article_url":"","_links":{"self":[{"href":"https:\/\/www.pressenza.com\/it\/wp-json\/wp\/v2\/posts\/727526","targetHints":{"allow":["GET"]}}],"collection":[{"href":"https:\/\/www.pressenza.com\/it\/wp-json\/wp\/v2\/posts"}],"about":[{"href":"https:\/\/www.pressenza.com\/it\/wp-json\/wp\/v2\/types\/post"}],"author":[{"embeddable":true,"href":"https:\/\/www.pressenza.com\/it\/wp-json\/wp\/v2\/users\/19"}],"replies":[{"embeddable":true,"href":"https:\/\/www.pressenza.com\/it\/wp-json\/wp\/v2\/comments?post=727526"}],"version-history":[{"count":0,"href":"https:\/\/www.pressenza.com\/it\/wp-json\/wp\/v2\/posts\/727526\/revisions"}],"wp:featuredmedia":[{"embeddable":true,"href":"https:\/\/www.pressenza.com\/it\/wp-json\/wp\/v2\/media\/727482"}],"wp:attachment":[{"href":"https:\/\/www.pressenza.com\/it\/wp-json\/wp\/v2\/media?parent=727526"}],"wp:term":[{"taxonomy":"category","embeddable":true,"href":"https:\/\/www.pressenza.com\/it\/wp-json\/wp\/v2\/categories?post=727526"},{"taxonomy":"post_tag","embeddable":true,"href":"https:\/\/www.pressenza.com\/it\/wp-json\/wp\/v2\/tags?post=727526"}],"curies":[{"name":"wp","href":"https:\/\/api.w.org\/{rel}","templated":true}]}}