{"id":726109,"date":"2018-09-28T14:55:17","date_gmt":"2018-09-28T13:55:17","guid":{"rendered":"https:\/\/www.pressenza.com\/?p=726109"},"modified":"2018-09-28T14:55:17","modified_gmt":"2018-09-28T13:55:17","slug":"migranti-lodesani-msf-in-mare-si-muore-ancora-ma-noi-ultimi-testimoni","status":"publish","type":"post","link":"https:\/\/www.pressenza.com\/it\/2018\/09\/migranti-lodesani-msf-in-mare-si-muore-ancora-ma-noi-ultimi-testimoni\/","title":{"rendered":"Migranti, Lodesani (Msf):  in mare si muore ancora, ma noi ultimi testimoni"},"content":{"rendered":"<p>&#8220;La vita umana non \u00e8 pi\u00f9 al centro delle politiche dei governi, che si tratti di Macron, Orban o Salvini. Si strumentalizzano per fini di propaganda. E ricordo che ora siamo in crisi per 58 persone&#8221;. Cos\u00ec Claudia Lodesani, presidente di Medici senza frontiere (Msf), in conferenza stampa il 27 settembre a Roma.<\/p>\n<p>Occasione dell&#8217;incontro, l&#8217;ultimo braccio di ferro tra Aquarius II e le autorit\u00e0 italiane che hanno detto &#8220;no&#8221; allo sbarco di 58 migranti soccorsi nel Mediterraneo nei salvataggi del 20 e del 23 settembre.<\/p>\n<p>&#8220;Il soccorso \u00e8 governato da leggi internazionali, ma si sono eliminate le regole per gestire gli sbarchi caso per caso&#8221; denuncia Lodesani. &#8220;Si sta creando una crisi umanitaria alle porte dell&#8217;Europa e nessuno vuole risolverla. Noi continueremo a esserci nel Mediterraneo, con Sos Mediterranee e chiediamo agli Stati europei di rimettere al centro la vita delle persone. Dateci una bandiera&#8221;.<\/p>\n<p>Continua Lodesani: &#8220;Siamo stanchi di questa campagna di menzogne sul nostro lavoro. Ci accusano di essere vice-scafisti, di alimentare il business criminale. Ma la responsabilit\u00e0\u00a0\u00e8 di politiche europee confuse, che non danno risposta a un problema esistente e che continuer\u00e0. Le persone continuano a morire in mare. Sembra che accada meno, ma perch\u00e9 ci sono meno testimoni in mare: siamo l&#8217;ultima nave rimasta. I grossi naufragi aumentano: almeno dieci con 50 persone. Prima la media era un morto su 42, ora uno su 18. In totale 1.260 vittime da gennaio&#8221;.<\/p>\n<p>&nbsp;<\/p>\n<p>&nbsp;<\/p>\n","protected":false},"excerpt":{"rendered":"<p>&#8220;La vita umana non \u00e8 pi\u00f9 al centro delle politiche dei governi, che si tratti di Macron, Orban o Salvini. Si strumentalizzano per fini di propaganda. E ricordo che ora siamo in crisi per 58 persone&#8221;. Cos\u00ec Claudia Lodesani, presidente&hellip;<\/p>\n","protected":false},"author":1478,"featured_media":724002,"comment_status":"closed","ping_status":"closed","sticky":false,"template":"","format":"standard","meta":{"footnotes":""},"categories":[60,47],"tags":[42065,50312,7242,2636,17864,25158],"class_list":["post-726109","post","type-post","status-publish","format-standard","has-post-thumbnail","hentry","category-diritti-umani","category-europa","tag-aquarius","tag-claudia-lodesani","tag-medici-senza-frontiere","tag-migranti","tag-morti-in-mare","tag-sos-mediterranee"],"yoast_head":"<!-- This site is optimized with the Yoast SEO plugin v27.1.1 - https:\/\/yoast.com\/product\/yoast-seo-wordpress\/ -->\n<title>Migranti, Lodesani (Msf): in mare si muore ancora, ma noi ultimi testimoni<\/title>\n<meta name=\"description\" content=\"&quot;La vita umana non \u00e8 pi\u00f9 al centro delle politiche dei governi, che si tratti di Macron, Orban o Salvini. Si strumentalizzano per fini di propaganda. E\" \/>\n<meta name=\"robots\" content=\"index, follow, max-snippet:-1, max-image-preview:large, max-video-preview:-1\" \/>\n<link rel=\"canonical\" href=\"https:\/\/www.pressenza.com\/it\/2018\/09\/migranti-lodesani-msf-in-mare-si-muore-ancora-ma-noi-ultimi-testimoni\/\" \/>\n<meta property=\"og:locale\" content=\"it_IT\" \/>\n<meta property=\"og:type\" content=\"article\" \/>\n<meta property=\"og:title\" content=\"Migranti, Lodesani (Msf): in mare si muore ancora, ma noi ultimi testimoni\" \/>\n<meta property=\"og:description\" content=\"&quot;La vita umana non \u00e8 pi\u00f9 al centro delle politiche dei governi, che si tratti di Macron, Orban o Salvini. Si strumentalizzano per fini di propaganda. E\" \/>\n<meta property=\"og:url\" content=\"https:\/\/www.pressenza.com\/it\/2018\/09\/migranti-lodesani-msf-in-mare-si-muore-ancora-ma-noi-ultimi-testimoni\/\" \/>\n<meta property=\"og:site_name\" content=\"Pressenza\" \/>\n<meta property=\"article:publisher\" content=\"https:\/\/www.facebook.com\/PressenzaItalia\" \/>\n<meta property=\"article:published_time\" content=\"2018-09-28T13:55:17+00:00\" \/>\n<meta property=\"og:image\" content=\"https:\/\/www.pressenza.com\/wp-content\/uploads\/2018\/09\/Aquarius-Panama.jpg\" \/>\n\t<meta property=\"og:image:width\" content=\"960\" \/>\n\t<meta property=\"og:image:height\" content=\"640\" \/>\n\t<meta property=\"og:image:type\" content=\"image\/jpeg\" \/>\n<meta name=\"author\" content=\"Agenzia DIRE\" \/>\n<meta name=\"twitter:card\" content=\"summary_large_image\" \/>\n<meta name=\"twitter:creator\" content=\"@PressenzaIPA\" \/>\n<meta name=\"twitter:site\" content=\"@PressenzaIPA\" \/>\n<meta name=\"twitter:label1\" content=\"Scritto da\" \/>\n\t<meta name=\"twitter:data1\" content=\"Agenzia DIRE\" \/>\n\t<meta name=\"twitter:label2\" content=\"Tempo di lettura stimato\" \/>\n\t<meta name=\"twitter:data2\" content=\"1 minuto\" \/>\n<script type=\"application\/ld+json\" class=\"yoast-schema-graph\">{\"@context\":\"https:\/\/schema.org\",\"@graph\":[{\"@type\":\"Article\",\"@id\":\"https:\/\/www.pressenza.com\/it\/2018\/09\/migranti-lodesani-msf-in-mare-si-muore-ancora-ma-noi-ultimi-testimoni\/#article\",\"isPartOf\":{\"@id\":\"https:\/\/www.pressenza.com\/it\/2018\/09\/migranti-lodesani-msf-in-mare-si-muore-ancora-ma-noi-ultimi-testimoni\/\"},\"author\":{\"name\":\"Agenzia DIRE\",\"@id\":\"https:\/\/www.pressenza.com\/it\/#\/schema\/person\/bb13dad7d75de3f57ef0c4246101316b\"},\"headline\":\"Migranti, Lodesani (Msf): in mare si muore ancora, ma noi ultimi testimoni\",\"datePublished\":\"2018-09-28T13:55:17+00:00\",\"mainEntityOfPage\":{\"@id\":\"https:\/\/www.pressenza.com\/it\/2018\/09\/migranti-lodesani-msf-in-mare-si-muore-ancora-ma-noi-ultimi-testimoni\/\"},\"wordCount\":243,\"publisher\":{\"@id\":\"https:\/\/www.pressenza.com\/it\/#organization\"},\"image\":{\"@id\":\"https:\/\/www.pressenza.com\/it\/2018\/09\/migranti-lodesani-msf-in-mare-si-muore-ancora-ma-noi-ultimi-testimoni\/#primaryimage\"},\"thumbnailUrl\":\"https:\/\/www.pressenza.com\/wp-content\/uploads\/2018\/09\/Aquarius-Panama.jpg\",\"keywords\":[\"Aquarius\",\"Claudia Lodesani\",\"Medici Senza Frontiere\",\"migranti\",\"morti in mare\",\"SOS Mediterranee\"],\"articleSection\":[\"Diritti Umani\",\"Europa\"],\"inLanguage\":\"it-IT\"},{\"@type\":\"WebPage\",\"@id\":\"https:\/\/www.pressenza.com\/it\/2018\/09\/migranti-lodesani-msf-in-mare-si-muore-ancora-ma-noi-ultimi-testimoni\/\",\"url\":\"https:\/\/www.pressenza.com\/it\/2018\/09\/migranti-lodesani-msf-in-mare-si-muore-ancora-ma-noi-ultimi-testimoni\/\",\"name\":\"Migranti, Lodesani (Msf): in mare si muore ancora, ma noi ultimi testimoni\",\"isPartOf\":{\"@id\":\"https:\/\/www.pressenza.com\/it\/#website\"},\"primaryImageOfPage\":{\"@id\":\"https:\/\/www.pressenza.com\/it\/2018\/09\/migranti-lodesani-msf-in-mare-si-muore-ancora-ma-noi-ultimi-testimoni\/#primaryimage\"},\"image\":{\"@id\":\"https:\/\/www.pressenza.com\/it\/2018\/09\/migranti-lodesani-msf-in-mare-si-muore-ancora-ma-noi-ultimi-testimoni\/#primaryimage\"},\"thumbnailUrl\":\"https:\/\/www.pressenza.com\/wp-content\/uploads\/2018\/09\/Aquarius-Panama.jpg\",\"datePublished\":\"2018-09-28T13:55:17+00:00\",\"description\":\"\\\"La vita umana non \u00e8 pi\u00f9 al centro delle politiche dei governi, che si tratti di Macron, Orban o Salvini. Si strumentalizzano per fini di propaganda. E\",\"breadcrumb\":{\"@id\":\"https:\/\/www.pressenza.com\/it\/2018\/09\/migranti-lodesani-msf-in-mare-si-muore-ancora-ma-noi-ultimi-testimoni\/#breadcrumb\"},\"inLanguage\":\"it-IT\",\"potentialAction\":[{\"@type\":\"ReadAction\",\"target\":[\"https:\/\/www.pressenza.com\/it\/2018\/09\/migranti-lodesani-msf-in-mare-si-muore-ancora-ma-noi-ultimi-testimoni\/\"]}]},{\"@type\":\"ImageObject\",\"inLanguage\":\"it-IT\",\"@id\":\"https:\/\/www.pressenza.com\/it\/2018\/09\/migranti-lodesani-msf-in-mare-si-muore-ancora-ma-noi-ultimi-testimoni\/#primaryimage\",\"url\":\"https:\/\/www.pressenza.com\/wp-content\/uploads\/2018\/09\/Aquarius-Panama.jpg\",\"contentUrl\":\"https:\/\/www.pressenza.com\/wp-content\/uploads\/2018\/09\/Aquarius-Panama.jpg\",\"width\":960,\"height\":640},{\"@type\":\"BreadcrumbList\",\"@id\":\"https:\/\/www.pressenza.com\/it\/2018\/09\/migranti-lodesani-msf-in-mare-si-muore-ancora-ma-noi-ultimi-testimoni\/#breadcrumb\",\"itemListElement\":[{\"@type\":\"ListItem\",\"position\":1,\"name\":\"Accueil\",\"item\":\"https:\/\/www.pressenza.com\/it\/\"},{\"@type\":\"ListItem\",\"position\":2,\"name\":\"Migranti, Lodesani (Msf): in mare si muore ancora, ma noi ultimi testimoni\"}]},{\"@type\":\"WebSite\",\"@id\":\"https:\/\/www.pressenza.com\/it\/#website\",\"url\":\"https:\/\/www.pressenza.com\/it\/\",\"name\":\"Pressenza\",\"description\":\"Agenzia di Stampa Internazionale\",\"publisher\":{\"@id\":\"https:\/\/www.pressenza.com\/it\/#organization\"},\"potentialAction\":[{\"@type\":\"SearchAction\",\"target\":{\"@type\":\"EntryPoint\",\"urlTemplate\":\"https:\/\/www.pressenza.com\/it\/?s={search_term_string}\"},\"query-input\":{\"@type\":\"PropertyValueSpecification\",\"valueRequired\":true,\"valueName\":\"search_term_string\"}}],\"inLanguage\":\"it-IT\"},{\"@type\":\"Organization\",\"@id\":\"https:\/\/www.pressenza.com\/it\/#organization\",\"name\":\"Pressenza\",\"url\":\"https:\/\/www.pressenza.com\/it\/\",\"logo\":{\"@type\":\"ImageObject\",\"inLanguage\":\"it-IT\",\"@id\":\"https:\/\/www.pressenza.com\/it\/#\/schema\/logo\/image\/\",\"url\":\"https:\/\/www.pressenza.com\/wp-content\/uploads\/2022\/10\/pressenza_logo_200x200.jpg\",\"contentUrl\":\"https:\/\/www.pressenza.com\/wp-content\/uploads\/2022\/10\/pressenza_logo_200x200.jpg\",\"width\":200,\"height\":200,\"caption\":\"Pressenza\"},\"image\":{\"@id\":\"https:\/\/www.pressenza.com\/it\/#\/schema\/logo\/image\/\"},\"sameAs\":[\"https:\/\/www.facebook.com\/PressenzaItalia\",\"https:\/\/x.com\/PressenzaIPA\"]},{\"@type\":\"Person\",\"@id\":\"https:\/\/www.pressenza.com\/it\/#\/schema\/person\/bb13dad7d75de3f57ef0c4246101316b\",\"name\":\"Agenzia DIRE\",\"description\":\"La DIRE \u00e8 una delle principali agenzie di stampa nazionali, trasmette sui propri notiziari multimediali tutte le notizie dell'ultimo minuto, approfondimenti, interviste, newsletter tematiche. Specializzata in politiche parlamentari e di governo, oltre che esteri, sanit\u00e0, ambiente, welfare, politiche regionali e locali, giovani. Su Dire.it pubblica, ogni giorno, tutte le principali notizie. E' presente su tutto il territorio nazionale con sei sedi, cinquanta giornalisti e corrispondenti da tutte le regioni.\",\"sameAs\":[\"http:\/\/www.dire.it\/\"],\"url\":\"https:\/\/www.pressenza.com\/it\/author\/agenzia-dire\/\"}]}<\/script>\n<!-- \/ Yoast SEO plugin. -->","yoast_head_json":{"title":"Migranti, Lodesani (Msf): in mare si muore ancora, ma noi ultimi testimoni","description":"\"La vita umana non \u00e8 pi\u00f9 al centro delle politiche dei governi, che si tratti di Macron, Orban o Salvini. Si strumentalizzano per fini di propaganda. E","robots":{"index":"index","follow":"follow","max-snippet":"max-snippet:-1","max-image-preview":"max-image-preview:large","max-video-preview":"max-video-preview:-1"},"canonical":"https:\/\/www.pressenza.com\/it\/2018\/09\/migranti-lodesani-msf-in-mare-si-muore-ancora-ma-noi-ultimi-testimoni\/","og_locale":"it_IT","og_type":"article","og_title":"Migranti, Lodesani (Msf): in mare si muore ancora, ma noi ultimi testimoni","og_description":"\"La vita umana non \u00e8 pi\u00f9 al centro delle politiche dei governi, che si tratti di Macron, Orban o Salvini. Si strumentalizzano per fini di propaganda. E","og_url":"https:\/\/www.pressenza.com\/it\/2018\/09\/migranti-lodesani-msf-in-mare-si-muore-ancora-ma-noi-ultimi-testimoni\/","og_site_name":"Pressenza","article_publisher":"https:\/\/www.facebook.com\/PressenzaItalia","article_published_time":"2018-09-28T13:55:17+00:00","og_image":[{"width":960,"height":640,"url":"https:\/\/www.pressenza.com\/wp-content\/uploads\/2018\/09\/Aquarius-Panama.jpg","type":"image\/jpeg"}],"author":"Agenzia DIRE","twitter_card":"summary_large_image","twitter_creator":"@PressenzaIPA","twitter_site":"@PressenzaIPA","twitter_misc":{"Scritto da":"Agenzia DIRE","Tempo di lettura stimato":"1 minuto"},"schema":{"@context":"https:\/\/schema.org","@graph":[{"@type":"Article","@id":"https:\/\/www.pressenza.com\/it\/2018\/09\/migranti-lodesani-msf-in-mare-si-muore-ancora-ma-noi-ultimi-testimoni\/#article","isPartOf":{"@id":"https:\/\/www.pressenza.com\/it\/2018\/09\/migranti-lodesani-msf-in-mare-si-muore-ancora-ma-noi-ultimi-testimoni\/"},"author":{"name":"Agenzia DIRE","@id":"https:\/\/www.pressenza.com\/it\/#\/schema\/person\/bb13dad7d75de3f57ef0c4246101316b"},"headline":"Migranti, Lodesani (Msf): in mare si muore ancora, ma noi ultimi testimoni","datePublished":"2018-09-28T13:55:17+00:00","mainEntityOfPage":{"@id":"https:\/\/www.pressenza.com\/it\/2018\/09\/migranti-lodesani-msf-in-mare-si-muore-ancora-ma-noi-ultimi-testimoni\/"},"wordCount":243,"publisher":{"@id":"https:\/\/www.pressenza.com\/it\/#organization"},"image":{"@id":"https:\/\/www.pressenza.com\/it\/2018\/09\/migranti-lodesani-msf-in-mare-si-muore-ancora-ma-noi-ultimi-testimoni\/#primaryimage"},"thumbnailUrl":"https:\/\/www.pressenza.com\/wp-content\/uploads\/2018\/09\/Aquarius-Panama.jpg","keywords":["Aquarius","Claudia Lodesani","Medici Senza Frontiere","migranti","morti in mare","SOS Mediterranee"],"articleSection":["Diritti Umani","Europa"],"inLanguage":"it-IT"},{"@type":"WebPage","@id":"https:\/\/www.pressenza.com\/it\/2018\/09\/migranti-lodesani-msf-in-mare-si-muore-ancora-ma-noi-ultimi-testimoni\/","url":"https:\/\/www.pressenza.com\/it\/2018\/09\/migranti-lodesani-msf-in-mare-si-muore-ancora-ma-noi-ultimi-testimoni\/","name":"Migranti, Lodesani (Msf): in mare si muore ancora, ma noi ultimi testimoni","isPartOf":{"@id":"https:\/\/www.pressenza.com\/it\/#website"},"primaryImageOfPage":{"@id":"https:\/\/www.pressenza.com\/it\/2018\/09\/migranti-lodesani-msf-in-mare-si-muore-ancora-ma-noi-ultimi-testimoni\/#primaryimage"},"image":{"@id":"https:\/\/www.pressenza.com\/it\/2018\/09\/migranti-lodesani-msf-in-mare-si-muore-ancora-ma-noi-ultimi-testimoni\/#primaryimage"},"thumbnailUrl":"https:\/\/www.pressenza.com\/wp-content\/uploads\/2018\/09\/Aquarius-Panama.jpg","datePublished":"2018-09-28T13:55:17+00:00","description":"\"La vita umana non \u00e8 pi\u00f9 al centro delle politiche dei governi, che si tratti di Macron, Orban o Salvini. Si strumentalizzano per fini di propaganda. E","breadcrumb":{"@id":"https:\/\/www.pressenza.com\/it\/2018\/09\/migranti-lodesani-msf-in-mare-si-muore-ancora-ma-noi-ultimi-testimoni\/#breadcrumb"},"inLanguage":"it-IT","potentialAction":[{"@type":"ReadAction","target":["https:\/\/www.pressenza.com\/it\/2018\/09\/migranti-lodesani-msf-in-mare-si-muore-ancora-ma-noi-ultimi-testimoni\/"]}]},{"@type":"ImageObject","inLanguage":"it-IT","@id":"https:\/\/www.pressenza.com\/it\/2018\/09\/migranti-lodesani-msf-in-mare-si-muore-ancora-ma-noi-ultimi-testimoni\/#primaryimage","url":"https:\/\/www.pressenza.com\/wp-content\/uploads\/2018\/09\/Aquarius-Panama.jpg","contentUrl":"https:\/\/www.pressenza.com\/wp-content\/uploads\/2018\/09\/Aquarius-Panama.jpg","width":960,"height":640},{"@type":"BreadcrumbList","@id":"https:\/\/www.pressenza.com\/it\/2018\/09\/migranti-lodesani-msf-in-mare-si-muore-ancora-ma-noi-ultimi-testimoni\/#breadcrumb","itemListElement":[{"@type":"ListItem","position":1,"name":"Accueil","item":"https:\/\/www.pressenza.com\/it\/"},{"@type":"ListItem","position":2,"name":"Migranti, Lodesani (Msf): in mare si muore ancora, ma noi ultimi testimoni"}]},{"@type":"WebSite","@id":"https:\/\/www.pressenza.com\/it\/#website","url":"https:\/\/www.pressenza.com\/it\/","name":"Pressenza","description":"Agenzia di Stampa Internazionale","publisher":{"@id":"https:\/\/www.pressenza.com\/it\/#organization"},"potentialAction":[{"@type":"SearchAction","target":{"@type":"EntryPoint","urlTemplate":"https:\/\/www.pressenza.com\/it\/?s={search_term_string}"},"query-input":{"@type":"PropertyValueSpecification","valueRequired":true,"valueName":"search_term_string"}}],"inLanguage":"it-IT"},{"@type":"Organization","@id":"https:\/\/www.pressenza.com\/it\/#organization","name":"Pressenza","url":"https:\/\/www.pressenza.com\/it\/","logo":{"@type":"ImageObject","inLanguage":"it-IT","@id":"https:\/\/www.pressenza.com\/it\/#\/schema\/logo\/image\/","url":"https:\/\/www.pressenza.com\/wp-content\/uploads\/2022\/10\/pressenza_logo_200x200.jpg","contentUrl":"https:\/\/www.pressenza.com\/wp-content\/uploads\/2022\/10\/pressenza_logo_200x200.jpg","width":200,"height":200,"caption":"Pressenza"},"image":{"@id":"https:\/\/www.pressenza.com\/it\/#\/schema\/logo\/image\/"},"sameAs":["https:\/\/www.facebook.com\/PressenzaItalia","https:\/\/x.com\/PressenzaIPA"]},{"@type":"Person","@id":"https:\/\/www.pressenza.com\/it\/#\/schema\/person\/bb13dad7d75de3f57ef0c4246101316b","name":"Agenzia DIRE","description":"La DIRE \u00e8 una delle principali agenzie di stampa nazionali, trasmette sui propri notiziari multimediali tutte le notizie dell'ultimo minuto, approfondimenti, interviste, newsletter tematiche. Specializzata in politiche parlamentari e di governo, oltre che esteri, sanit\u00e0, ambiente, welfare, politiche regionali e locali, giovani. Su Dire.it pubblica, ogni giorno, tutte le principali notizie. E' presente su tutto il territorio nazionale con sei sedi, cinquanta giornalisti e corrispondenti da tutte le regioni.","sameAs":["http:\/\/www.dire.it\/"],"url":"https:\/\/www.pressenza.com\/it\/author\/agenzia-dire\/"}]}},"place":"","original_article_url":"","_links":{"self":[{"href":"https:\/\/www.pressenza.com\/it\/wp-json\/wp\/v2\/posts\/726109","targetHints":{"allow":["GET"]}}],"collection":[{"href":"https:\/\/www.pressenza.com\/it\/wp-json\/wp\/v2\/posts"}],"about":[{"href":"https:\/\/www.pressenza.com\/it\/wp-json\/wp\/v2\/types\/post"}],"author":[{"embeddable":true,"href":"https:\/\/www.pressenza.com\/it\/wp-json\/wp\/v2\/users\/1478"}],"replies":[{"embeddable":true,"href":"https:\/\/www.pressenza.com\/it\/wp-json\/wp\/v2\/comments?post=726109"}],"version-history":[{"count":0,"href":"https:\/\/www.pressenza.com\/it\/wp-json\/wp\/v2\/posts\/726109\/revisions"}],"wp:featuredmedia":[{"embeddable":true,"href":"https:\/\/www.pressenza.com\/it\/wp-json\/wp\/v2\/media\/724002"}],"wp:attachment":[{"href":"https:\/\/www.pressenza.com\/it\/wp-json\/wp\/v2\/media?parent=726109"}],"wp:term":[{"taxonomy":"category","embeddable":true,"href":"https:\/\/www.pressenza.com\/it\/wp-json\/wp\/v2\/categories?post=726109"},{"taxonomy":"post_tag","embeddable":true,"href":"https:\/\/www.pressenza.com\/it\/wp-json\/wp\/v2\/tags?post=726109"}],"curies":[{"name":"wp","href":"https:\/\/api.w.org\/{rel}","templated":true}]}}