{"id":725514,"date":"2018-09-27T11:10:41","date_gmt":"2018-09-27T10:10:41","guid":{"rendered":"https:\/\/www.pressenza.com\/?p=725514"},"modified":"2019-07-28T22:36:39","modified_gmt":"2019-07-28T21:36:39","slug":"dopo-un-anno-il-trattato-per-la-proibizione-delle-armi-nucleari-e-quasi-a-meta-strada","status":"publish","type":"post","link":"https:\/\/www.pressenza.com\/it\/2018\/09\/dopo-un-anno-il-trattato-per-la-proibizione-delle-armi-nucleari-e-quasi-a-meta-strada\/","title":{"rendered":"Dopo un anno il Trattato per la proibizione delle armi nucleari \u00e8 quasi a met\u00e0 strada"},"content":{"rendered":"<p>Nella giornata internazionale per l&#8217;eliminazione totale delle armi nucleari gli attivisti antinucleari di tutto il mondo festeggiano l&#8217;enorme successo del Trattato per la proibizione delle armi nucleari (TPAN), giunto quasi a met\u00e0 strada.\u00a0 La data, il 26 settembre, commemora il giorno in cui il tenente colonnello Stanislav Petrov delle Forze di Difesa Aerea Sovietica ha ignorato i protocolli, deciso che le armi nucleari in arrivo che apparivano sui suoi schermi di avvertimento erano solo un falso allarme e non ha informato i suoi superiori.\u00a0 A questa azione \u00e8 stato attribuito il merito di aver impedito una guerra nucleare che avrebbe spazzato via la civilt\u00e0 umana come la conosciamo.<\/p>\n<p>L&#8217;aumento delle ratifiche di questa settimana \u00e8 dovuto all&#8217;Assemblea Generale delle Nazioni Unite, con capi di governo che volano a New York da tutto il mondo; gli attivisti della Campagna internazionale per l&#8217;abolizione delle armi nucleari (ICAN) hanno approfittato dell&#8217;opportunit\u00e0 per ottenere altre firme e ratifiche.<\/p>\n<p>Oggi Antigua e Barbuda, Benin, Brunei, Guinea-Bissau, Myanmar, Seychelles e Timor Est hanno aggiunto le loro firme, mentre Gambia, Samoa, San Marino e Vanuatu hanno depositato i loro strumenti di ratifica; domani dovrebbero firmare Angola e Santa Lucia.<\/p>\n<p>Il TPAN si sta dimostrando il trattato di disarmo pi\u00f9 efficace che sia mai stato firmato; a questo ritmo di ratifica sar\u00e0 in vigore entro la conferenza di revisione del TNP nel 2020, che cercher\u00e0 ancora una volta di spingere gli Stati dotati di armi nucleari a parlare seriamente dei loro obblighi in materia di disarmo.<\/p>\n<p>A questo proposito, oggi a New York si \u00e8 tenuta una riunione ad alto livello dell&#8217;Assemblea Generale, che ha segnato anch&#8217;essa questa data speciale.\u00a0 Il Segretario Generale Antonio Guterres \u00e8 intervenuto dichiarando: &#8220;L&#8217;unico modo sicuro per eliminare la minaccia posta dalle armi nucleari \u00e8 quello di eliminare le armi stesse&#8221;.\u00a0 Pi\u00f9 tardi, riferendosi al TPAN, Guterres ha aggiunto: &#8220;Il trattato \u00e8 una dimostrazione della necessit\u00e0 e dell&#8217;utilit\u00e0 del multilateralismo&#8221;.<\/p>\n<p>Alcuni paesi hanno approfittato della riunione per ripetere ancora una volta i discorsi triti e ipocriti degli anni precedenti.\u00a0 Il primo ministro olandese Mark Rutte ha detto all&#8217;assemblea: &#8220;Le conseguenze devastanti dell&#8217;uso di armi di distruzione di massa sottolineano l&#8217;urgente necessit\u00e0 di agire. L&#8217;uso di queste armi non deve mai diventare la nuova normalit\u00e0&#8221;.\u00a0 Lo ha dichiarato senza alcuna ironia, eppure i Paesi Bassi ospitano armi nucleari sul loro territorio; \u00e8 dunque complice nei preparativi per il loro uso e si rifiuta di aderire all&#8217;unico trattato che le mette al band<\/p>\n<p>Traduzione dall\u2019inglese di Anna Polo<\/p>\n","protected":false},"excerpt":{"rendered":"<p>Nella giornata internazionale per l&#8217;eliminazione totale delle armi nucleari gli attivisti antinucleari di tutto il mondo festeggiano l&#8217;enorme successo del Trattato per la proibizione delle armi nucleari (TPAN), giunto quasi a met\u00e0 strada.\u00a0 La data, il 26 settembre, commemora il&hellip;<\/p>\n","protected":false},"author":6,"featured_media":725389,"comment_status":"closed","ping_status":"closed","sticky":false,"template":"","format":"standard","meta":{"footnotes":""},"categories":[11388,38,1263],"tags":[16031,3858,208,40054],"class_list":["post-725514","post","type-post","status-publish","format-standard","has-post-thumbnail","hentry","category-contenuti-originali","category-internazionale","category-pace-disarmo","tag-antonio-guterres","tag-ican-it","tag-onu","tag-trattato-di-proibizione-delle-armi-nucleari"],"yoast_head":"<!-- This site is optimized with the Yoast SEO plugin v27.1.1 - https:\/\/yoast.com\/product\/yoast-seo-wordpress\/ -->\n<title>Dopo un anno il Trattato per la proibizione delle armi nucleari \u00e8 quasi a met\u00e0 strada<\/title>\n<meta name=\"description\" content=\"Nella giornata internazionale per l&#039;eliminazione totale delle armi nucleari gli attivisti antinucleari di tutto il mondo festeggiano l&#039;enorme successo del\" \/>\n<meta name=\"robots\" content=\"index, follow, max-snippet:-1, max-image-preview:large, max-video-preview:-1\" \/>\n<link rel=\"canonical\" href=\"https:\/\/www.pressenza.com\/it\/2018\/09\/dopo-un-anno-il-trattato-per-la-proibizione-delle-armi-nucleari-e-quasi-a-meta-strada\/\" \/>\n<meta property=\"og:locale\" content=\"it_IT\" \/>\n<meta property=\"og:type\" content=\"article\" \/>\n<meta property=\"og:title\" content=\"Dopo un anno il Trattato per la proibizione delle armi nucleari \u00e8 quasi a met\u00e0 strada\" \/>\n<meta property=\"og:description\" content=\"Nella giornata internazionale per l&#039;eliminazione totale delle armi nucleari gli attivisti antinucleari di tutto il mondo festeggiano l&#039;enorme successo del\" \/>\n<meta property=\"og:url\" content=\"https:\/\/www.pressenza.com\/it\/2018\/09\/dopo-un-anno-il-trattato-per-la-proibizione-delle-armi-nucleari-e-quasi-a-meta-strada\/\" \/>\n<meta property=\"og:site_name\" content=\"Pressenza\" \/>\n<meta property=\"article:publisher\" content=\"https:\/\/www.facebook.com\/PressenzaItalia\" \/>\n<meta property=\"article:published_time\" content=\"2018-09-27T10:10:41+00:00\" \/>\n<meta property=\"article:modified_time\" content=\"2019-07-28T21:36:39+00:00\" \/>\n<meta property=\"og:image\" content=\"https:\/\/www.pressenza.com\/wp-content\/uploads\/2018\/09\/2018-UNGA-TPNW-ceremony.jpg\" \/>\n\t<meta property=\"og:image:width\" content=\"1200\" \/>\n\t<meta property=\"og:image:height\" content=\"900\" \/>\n\t<meta property=\"og:image:type\" content=\"image\/jpeg\" \/>\n<meta name=\"author\" content=\"Tony Robinson\" \/>\n<meta name=\"twitter:card\" content=\"summary_large_image\" \/>\n<meta name=\"twitter:creator\" content=\"@TonyRobinson6\" \/>\n<meta name=\"twitter:site\" content=\"@PressenzaIPA\" \/>\n<meta name=\"twitter:label1\" content=\"Scritto da\" \/>\n\t<meta name=\"twitter:data1\" content=\"Tony Robinson\" \/>\n\t<meta name=\"twitter:label2\" content=\"Tempo di lettura stimato\" \/>\n\t<meta name=\"twitter:data2\" content=\"2 minuti\" \/>\n<script type=\"application\/ld+json\" class=\"yoast-schema-graph\">{\"@context\":\"https:\/\/schema.org\",\"@graph\":[{\"@type\":\"Article\",\"@id\":\"https:\/\/www.pressenza.com\/it\/2018\/09\/dopo-un-anno-il-trattato-per-la-proibizione-delle-armi-nucleari-e-quasi-a-meta-strada\/#article\",\"isPartOf\":{\"@id\":\"https:\/\/www.pressenza.com\/it\/2018\/09\/dopo-un-anno-il-trattato-per-la-proibizione-delle-armi-nucleari-e-quasi-a-meta-strada\/\"},\"author\":{\"name\":\"Tony Robinson\",\"@id\":\"https:\/\/www.pressenza.com\/it\/#\/schema\/person\/a96a2ff6530dbb8bcf9ec001febc4af4\"},\"headline\":\"Dopo un anno il Trattato per la proibizione delle armi nucleari \u00e8 quasi a met\u00e0 strada\",\"datePublished\":\"2018-09-27T10:10:41+00:00\",\"dateModified\":\"2019-07-28T21:36:39+00:00\",\"mainEntityOfPage\":{\"@id\":\"https:\/\/www.pressenza.com\/it\/2018\/09\/dopo-un-anno-il-trattato-per-la-proibizione-delle-armi-nucleari-e-quasi-a-meta-strada\/\"},\"wordCount\":435,\"publisher\":{\"@id\":\"https:\/\/www.pressenza.com\/it\/#organization\"},\"image\":{\"@id\":\"https:\/\/www.pressenza.com\/it\/2018\/09\/dopo-un-anno-il-trattato-per-la-proibizione-delle-armi-nucleari-e-quasi-a-meta-strada\/#primaryimage\"},\"thumbnailUrl\":\"https:\/\/www.pressenza.com\/wp-content\/uploads\/2018\/09\/2018-UNGA-TPNW-ceremony.jpg\",\"keywords\":[\"Antonio Guterres\",\"ICAN\",\"ONU\",\"Trattato di proibizione delle armi nucleari\"],\"articleSection\":[\"contenuti originali\",\"Internazionale\",\"Pace e Disarmo\"],\"inLanguage\":\"it-IT\"},{\"@type\":\"WebPage\",\"@id\":\"https:\/\/www.pressenza.com\/it\/2018\/09\/dopo-un-anno-il-trattato-per-la-proibizione-delle-armi-nucleari-e-quasi-a-meta-strada\/\",\"url\":\"https:\/\/www.pressenza.com\/it\/2018\/09\/dopo-un-anno-il-trattato-per-la-proibizione-delle-armi-nucleari-e-quasi-a-meta-strada\/\",\"name\":\"Dopo un anno il Trattato per la proibizione delle armi nucleari \u00e8 quasi a met\u00e0 strada\",\"isPartOf\":{\"@id\":\"https:\/\/www.pressenza.com\/it\/#website\"},\"primaryImageOfPage\":{\"@id\":\"https:\/\/www.pressenza.com\/it\/2018\/09\/dopo-un-anno-il-trattato-per-la-proibizione-delle-armi-nucleari-e-quasi-a-meta-strada\/#primaryimage\"},\"image\":{\"@id\":\"https:\/\/www.pressenza.com\/it\/2018\/09\/dopo-un-anno-il-trattato-per-la-proibizione-delle-armi-nucleari-e-quasi-a-meta-strada\/#primaryimage\"},\"thumbnailUrl\":\"https:\/\/www.pressenza.com\/wp-content\/uploads\/2018\/09\/2018-UNGA-TPNW-ceremony.jpg\",\"datePublished\":\"2018-09-27T10:10:41+00:00\",\"dateModified\":\"2019-07-28T21:36:39+00:00\",\"description\":\"Nella giornata internazionale per l'eliminazione totale delle armi nucleari gli attivisti antinucleari di tutto il mondo festeggiano l'enorme successo del\",\"breadcrumb\":{\"@id\":\"https:\/\/www.pressenza.com\/it\/2018\/09\/dopo-un-anno-il-trattato-per-la-proibizione-delle-armi-nucleari-e-quasi-a-meta-strada\/#breadcrumb\"},\"inLanguage\":\"it-IT\",\"potentialAction\":[{\"@type\":\"ReadAction\",\"target\":[\"https:\/\/www.pressenza.com\/it\/2018\/09\/dopo-un-anno-il-trattato-per-la-proibizione-delle-armi-nucleari-e-quasi-a-meta-strada\/\"]}]},{\"@type\":\"ImageObject\",\"inLanguage\":\"it-IT\",\"@id\":\"https:\/\/www.pressenza.com\/it\/2018\/09\/dopo-un-anno-il-trattato-per-la-proibizione-delle-armi-nucleari-e-quasi-a-meta-strada\/#primaryimage\",\"url\":\"https:\/\/www.pressenza.com\/wp-content\/uploads\/2018\/09\/2018-UNGA-TPNW-ceremony.jpg\",\"contentUrl\":\"https:\/\/www.pressenza.com\/wp-content\/uploads\/2018\/09\/2018-UNGA-TPNW-ceremony.jpg\",\"width\":1200,\"height\":900,\"caption\":\"11 countries sign and ratify the TPNW on the 26th September 2018\"},{\"@type\":\"BreadcrumbList\",\"@id\":\"https:\/\/www.pressenza.com\/it\/2018\/09\/dopo-un-anno-il-trattato-per-la-proibizione-delle-armi-nucleari-e-quasi-a-meta-strada\/#breadcrumb\",\"itemListElement\":[{\"@type\":\"ListItem\",\"position\":1,\"name\":\"Accueil\",\"item\":\"https:\/\/www.pressenza.com\/it\/\"},{\"@type\":\"ListItem\",\"position\":2,\"name\":\"Dopo un anno il Trattato per la proibizione delle armi nucleari \u00e8 quasi a met\u00e0 strada\"}]},{\"@type\":\"WebSite\",\"@id\":\"https:\/\/www.pressenza.com\/it\/#website\",\"url\":\"https:\/\/www.pressenza.com\/it\/\",\"name\":\"Pressenza\",\"description\":\"Agenzia di Stampa Internazionale\",\"publisher\":{\"@id\":\"https:\/\/www.pressenza.com\/it\/#organization\"},\"potentialAction\":[{\"@type\":\"SearchAction\",\"target\":{\"@type\":\"EntryPoint\",\"urlTemplate\":\"https:\/\/www.pressenza.com\/it\/?s={search_term_string}\"},\"query-input\":{\"@type\":\"PropertyValueSpecification\",\"valueRequired\":true,\"valueName\":\"search_term_string\"}}],\"inLanguage\":\"it-IT\"},{\"@type\":\"Organization\",\"@id\":\"https:\/\/www.pressenza.com\/it\/#organization\",\"name\":\"Pressenza\",\"url\":\"https:\/\/www.pressenza.com\/it\/\",\"logo\":{\"@type\":\"ImageObject\",\"inLanguage\":\"it-IT\",\"@id\":\"https:\/\/www.pressenza.com\/it\/#\/schema\/logo\/image\/\",\"url\":\"https:\/\/www.pressenza.com\/wp-content\/uploads\/2022\/10\/pressenza_logo_200x200.jpg\",\"contentUrl\":\"https:\/\/www.pressenza.com\/wp-content\/uploads\/2022\/10\/pressenza_logo_200x200.jpg\",\"width\":200,\"height\":200,\"caption\":\"Pressenza\"},\"image\":{\"@id\":\"https:\/\/www.pressenza.com\/it\/#\/schema\/logo\/image\/\"},\"sameAs\":[\"https:\/\/www.facebook.com\/PressenzaItalia\",\"https:\/\/x.com\/PressenzaIPA\"]},{\"@type\":\"Person\",\"@id\":\"https:\/\/www.pressenza.com\/it\/#\/schema\/person\/a96a2ff6530dbb8bcf9ec001febc4af4\",\"name\":\"Tony Robinson\",\"description\":\"Humanist Movement Activist, ex-Director of the Middle East Treaty Organization and coordinating committee member of Abolition 2000 - Global Network to Eliminate Nuclear Weapons, author of the book \\\"Coffee with Silo and the quest for meaning in life\\\" and producer of the film \\\"The Beginning of the End of Nuclear Weapons\\\".\",\"sameAs\":[\"https:\/\/x.com\/TonyRobinson6\"],\"url\":\"https:\/\/www.pressenza.com\/it\/author\/tony-robinson\/\"}]}<\/script>\n<!-- \/ Yoast SEO plugin. -->","yoast_head_json":{"title":"Dopo un anno il Trattato per la proibizione delle armi nucleari \u00e8 quasi a met\u00e0 strada","description":"Nella giornata internazionale per l'eliminazione totale delle armi nucleari gli attivisti antinucleari di tutto il mondo festeggiano l'enorme successo del","robots":{"index":"index","follow":"follow","max-snippet":"max-snippet:-1","max-image-preview":"max-image-preview:large","max-video-preview":"max-video-preview:-1"},"canonical":"https:\/\/www.pressenza.com\/it\/2018\/09\/dopo-un-anno-il-trattato-per-la-proibizione-delle-armi-nucleari-e-quasi-a-meta-strada\/","og_locale":"it_IT","og_type":"article","og_title":"Dopo un anno il Trattato per la proibizione delle armi nucleari \u00e8 quasi a met\u00e0 strada","og_description":"Nella giornata internazionale per l'eliminazione totale delle armi nucleari gli attivisti antinucleari di tutto il mondo festeggiano l'enorme successo del","og_url":"https:\/\/www.pressenza.com\/it\/2018\/09\/dopo-un-anno-il-trattato-per-la-proibizione-delle-armi-nucleari-e-quasi-a-meta-strada\/","og_site_name":"Pressenza","article_publisher":"https:\/\/www.facebook.com\/PressenzaItalia","article_published_time":"2018-09-27T10:10:41+00:00","article_modified_time":"2019-07-28T21:36:39+00:00","og_image":[{"width":1200,"height":900,"url":"https:\/\/www.pressenza.com\/wp-content\/uploads\/2018\/09\/2018-UNGA-TPNW-ceremony.jpg","type":"image\/jpeg"}],"author":"Tony Robinson","twitter_card":"summary_large_image","twitter_creator":"@TonyRobinson6","twitter_site":"@PressenzaIPA","twitter_misc":{"Scritto da":"Tony Robinson","Tempo di lettura stimato":"2 minuti"},"schema":{"@context":"https:\/\/schema.org","@graph":[{"@type":"Article","@id":"https:\/\/www.pressenza.com\/it\/2018\/09\/dopo-un-anno-il-trattato-per-la-proibizione-delle-armi-nucleari-e-quasi-a-meta-strada\/#article","isPartOf":{"@id":"https:\/\/www.pressenza.com\/it\/2018\/09\/dopo-un-anno-il-trattato-per-la-proibizione-delle-armi-nucleari-e-quasi-a-meta-strada\/"},"author":{"name":"Tony Robinson","@id":"https:\/\/www.pressenza.com\/it\/#\/schema\/person\/a96a2ff6530dbb8bcf9ec001febc4af4"},"headline":"Dopo un anno il Trattato per la proibizione delle armi nucleari \u00e8 quasi a met\u00e0 strada","datePublished":"2018-09-27T10:10:41+00:00","dateModified":"2019-07-28T21:36:39+00:00","mainEntityOfPage":{"@id":"https:\/\/www.pressenza.com\/it\/2018\/09\/dopo-un-anno-il-trattato-per-la-proibizione-delle-armi-nucleari-e-quasi-a-meta-strada\/"},"wordCount":435,"publisher":{"@id":"https:\/\/www.pressenza.com\/it\/#organization"},"image":{"@id":"https:\/\/www.pressenza.com\/it\/2018\/09\/dopo-un-anno-il-trattato-per-la-proibizione-delle-armi-nucleari-e-quasi-a-meta-strada\/#primaryimage"},"thumbnailUrl":"https:\/\/www.pressenza.com\/wp-content\/uploads\/2018\/09\/2018-UNGA-TPNW-ceremony.jpg","keywords":["Antonio Guterres","ICAN","ONU","Trattato di proibizione delle armi nucleari"],"articleSection":["contenuti originali","Internazionale","Pace e Disarmo"],"inLanguage":"it-IT"},{"@type":"WebPage","@id":"https:\/\/www.pressenza.com\/it\/2018\/09\/dopo-un-anno-il-trattato-per-la-proibizione-delle-armi-nucleari-e-quasi-a-meta-strada\/","url":"https:\/\/www.pressenza.com\/it\/2018\/09\/dopo-un-anno-il-trattato-per-la-proibizione-delle-armi-nucleari-e-quasi-a-meta-strada\/","name":"Dopo un anno il Trattato per la proibizione delle armi nucleari \u00e8 quasi a met\u00e0 strada","isPartOf":{"@id":"https:\/\/www.pressenza.com\/it\/#website"},"primaryImageOfPage":{"@id":"https:\/\/www.pressenza.com\/it\/2018\/09\/dopo-un-anno-il-trattato-per-la-proibizione-delle-armi-nucleari-e-quasi-a-meta-strada\/#primaryimage"},"image":{"@id":"https:\/\/www.pressenza.com\/it\/2018\/09\/dopo-un-anno-il-trattato-per-la-proibizione-delle-armi-nucleari-e-quasi-a-meta-strada\/#primaryimage"},"thumbnailUrl":"https:\/\/www.pressenza.com\/wp-content\/uploads\/2018\/09\/2018-UNGA-TPNW-ceremony.jpg","datePublished":"2018-09-27T10:10:41+00:00","dateModified":"2019-07-28T21:36:39+00:00","description":"Nella giornata internazionale per l'eliminazione totale delle armi nucleari gli attivisti antinucleari di tutto il mondo festeggiano l'enorme successo del","breadcrumb":{"@id":"https:\/\/www.pressenza.com\/it\/2018\/09\/dopo-un-anno-il-trattato-per-la-proibizione-delle-armi-nucleari-e-quasi-a-meta-strada\/#breadcrumb"},"inLanguage":"it-IT","potentialAction":[{"@type":"ReadAction","target":["https:\/\/www.pressenza.com\/it\/2018\/09\/dopo-un-anno-il-trattato-per-la-proibizione-delle-armi-nucleari-e-quasi-a-meta-strada\/"]}]},{"@type":"ImageObject","inLanguage":"it-IT","@id":"https:\/\/www.pressenza.com\/it\/2018\/09\/dopo-un-anno-il-trattato-per-la-proibizione-delle-armi-nucleari-e-quasi-a-meta-strada\/#primaryimage","url":"https:\/\/www.pressenza.com\/wp-content\/uploads\/2018\/09\/2018-UNGA-TPNW-ceremony.jpg","contentUrl":"https:\/\/www.pressenza.com\/wp-content\/uploads\/2018\/09\/2018-UNGA-TPNW-ceremony.jpg","width":1200,"height":900,"caption":"11 countries sign and ratify the TPNW on the 26th September 2018"},{"@type":"BreadcrumbList","@id":"https:\/\/www.pressenza.com\/it\/2018\/09\/dopo-un-anno-il-trattato-per-la-proibizione-delle-armi-nucleari-e-quasi-a-meta-strada\/#breadcrumb","itemListElement":[{"@type":"ListItem","position":1,"name":"Accueil","item":"https:\/\/www.pressenza.com\/it\/"},{"@type":"ListItem","position":2,"name":"Dopo un anno il Trattato per la proibizione delle armi nucleari \u00e8 quasi a met\u00e0 strada"}]},{"@type":"WebSite","@id":"https:\/\/www.pressenza.com\/it\/#website","url":"https:\/\/www.pressenza.com\/it\/","name":"Pressenza","description":"Agenzia di Stampa Internazionale","publisher":{"@id":"https:\/\/www.pressenza.com\/it\/#organization"},"potentialAction":[{"@type":"SearchAction","target":{"@type":"EntryPoint","urlTemplate":"https:\/\/www.pressenza.com\/it\/?s={search_term_string}"},"query-input":{"@type":"PropertyValueSpecification","valueRequired":true,"valueName":"search_term_string"}}],"inLanguage":"it-IT"},{"@type":"Organization","@id":"https:\/\/www.pressenza.com\/it\/#organization","name":"Pressenza","url":"https:\/\/www.pressenza.com\/it\/","logo":{"@type":"ImageObject","inLanguage":"it-IT","@id":"https:\/\/www.pressenza.com\/it\/#\/schema\/logo\/image\/","url":"https:\/\/www.pressenza.com\/wp-content\/uploads\/2022\/10\/pressenza_logo_200x200.jpg","contentUrl":"https:\/\/www.pressenza.com\/wp-content\/uploads\/2022\/10\/pressenza_logo_200x200.jpg","width":200,"height":200,"caption":"Pressenza"},"image":{"@id":"https:\/\/www.pressenza.com\/it\/#\/schema\/logo\/image\/"},"sameAs":["https:\/\/www.facebook.com\/PressenzaItalia","https:\/\/x.com\/PressenzaIPA"]},{"@type":"Person","@id":"https:\/\/www.pressenza.com\/it\/#\/schema\/person\/a96a2ff6530dbb8bcf9ec001febc4af4","name":"Tony Robinson","description":"Humanist Movement Activist, ex-Director of the Middle East Treaty Organization and coordinating committee member of Abolition 2000 - Global Network to Eliminate Nuclear Weapons, author of the book \"Coffee with Silo and the quest for meaning in life\" and producer of the film \"The Beginning of the End of Nuclear Weapons\".","sameAs":["https:\/\/x.com\/TonyRobinson6"],"url":"https:\/\/www.pressenza.com\/it\/author\/tony-robinson\/"}]}},"place":"","original_article_url":"","_links":{"self":[{"href":"https:\/\/www.pressenza.com\/it\/wp-json\/wp\/v2\/posts\/725514","targetHints":{"allow":["GET"]}}],"collection":[{"href":"https:\/\/www.pressenza.com\/it\/wp-json\/wp\/v2\/posts"}],"about":[{"href":"https:\/\/www.pressenza.com\/it\/wp-json\/wp\/v2\/types\/post"}],"author":[{"embeddable":true,"href":"https:\/\/www.pressenza.com\/it\/wp-json\/wp\/v2\/users\/6"}],"replies":[{"embeddable":true,"href":"https:\/\/www.pressenza.com\/it\/wp-json\/wp\/v2\/comments?post=725514"}],"version-history":[{"count":0,"href":"https:\/\/www.pressenza.com\/it\/wp-json\/wp\/v2\/posts\/725514\/revisions"}],"wp:featuredmedia":[{"embeddable":true,"href":"https:\/\/www.pressenza.com\/it\/wp-json\/wp\/v2\/media\/725389"}],"wp:attachment":[{"href":"https:\/\/www.pressenza.com\/it\/wp-json\/wp\/v2\/media?parent=725514"}],"wp:term":[{"taxonomy":"category","embeddable":true,"href":"https:\/\/www.pressenza.com\/it\/wp-json\/wp\/v2\/categories?post=725514"},{"taxonomy":"post_tag","embeddable":true,"href":"https:\/\/www.pressenza.com\/it\/wp-json\/wp\/v2\/tags?post=725514"}],"curies":[{"name":"wp","href":"https:\/\/api.w.org\/{rel}","templated":true}]}}