{"id":720332,"date":"2018-09-14T21:32:08","date_gmt":"2018-09-14T20:32:08","guid":{"rendered":"https:\/\/www.pressenza.com\/?p=720332"},"modified":"2018-09-14T21:32:08","modified_gmt":"2018-09-14T20:32:08","slug":"gli-italiani-tra-risparmio-privato-e-debito-pubblico","status":"publish","type":"post","link":"https:\/\/www.pressenza.com\/it\/2018\/09\/gli-italiani-tra-risparmio-privato-e-debito-pubblico\/","title":{"rendered":"Gli italiani tra risparmio privato e debito pubblico"},"content":{"rendered":"<p>I soldi investiti dai cittadini italiani corrispondono al doppio del debito pubblico. \u00c8 quanto emerge dai dati forniti dalla Banca d\u2019Italia e analizzati dalla Fabi, il sindacato autonomo dei bancari. Infatti, i soldi investiti dalle famiglie italiane al 31 marzo 2018 erano 4.406 miliardi di euro (mediamente quasi 73.000 euro a persona), mentre il debito pubblico aveva raggiunto la cifra di 2.302 miliardi di euro (che corrisponde a circa 38.000 euro per ogni cittadino italiano).<\/p>\n<p>Il confronto con gli altri Paesi europei \u00e8 favorevole all\u2019Italia: tra i cittadini europei gli italiani sono al primo posto nel rapporto tra ricchezza finanziaria in relazione al reddito annuo disponibile. Gli investimenti rappresentano infatti oltre il triplo del reddito annuo, mentre le passivit\u00e0 si fermano all\u201980% rispetto alle entrate annuali. Pertanto, il patrimonio mobiliare netto delle famiglie italiane corrisponde a 2,21 volte il reddito annuo. I cittadini del Regno Unito detengono al netto il 2,10 del reddito, i francesi l\u20191,59, i tedeschi l\u20191,25, gli spagnoli arrivano soltanto allo 0,84 del reddito annuo. La media dell\u2019Unione Europea \u00e8 1,37. Gli italiani continuano a dimostrarsi un popolo di risparmiatori e quindi di investitori.<\/p>\n<p>D\u2019altra parte l\u2019Italia ha il pi\u00f9 grande debito pubblico d\u2019Europa. L\u2019ultimo dato, riferito al 31 luglio 2018, stabilisce l\u2019ennesimo record assoluto: 2.341,7 miliardi di euro. Di conseguenza si potrebbe dire che gli italiani (mediamente) hanno i portafogli pieni di denaro mentre il fisco ha le tasche bucate. In altre parole gli italiani finanziariamente in media stanno molto bene, ma a scapito della cassa comune.<\/p>\n<p>Viene da pensare che in Italia ci sia una parte dei cittadini che non contribuiscono in modo adeguato alle spese pubbliche. Un effetto determinato da diversi fattori e da scelte di politica fiscale: una enorme sacca di evasione ed elusione fiscale, l\u2019introduzione di diverse forme di tassazioni proporzionali e forfettarie, la progressiva diminuzione delle aliquote delle imposte sui redditi pi\u00f9 elevati.<\/p>\n<p>Di fronte a questo scenario il Governo e il Parlamento potrebbero intervenire per riequilibrare una situazione palesemente sbilanciata. Secondo logica e giustizia dovrebbero chiedere di contribuire di pi\u00f9 a chi pu\u00f2 dare di pi\u00f9. Tutto ci\u00f2 si potrebbe concretizzare per esempio con un aumento delle imposte per i contribuenti pi\u00f9 ricchi, con l\u2019obbligo del cumulo di tutti i redditi per evitare le elusioni fiscali, con una lotta pi\u00f9 serrata a chi evade le tasse, con la messa al bando di qualsiasi tipo di condono per chi finora non ha contribuito in modo adeguato alle spese comuni. Invece, con la prossima legge finanziaria molto probabilmente verr\u00e0 introdotta la \u201cflat tax\u201d, cio\u00e8 di fatto una diminuzione di imposta per i contribuenti pi\u00f9 ricchi.<\/p>\n<p>Non solo: stando ad alcuni reiterati annunci, il Governo si appresta ad aumentare il deficit, forse anche oltre i parametri europei (\u00e8 il caso di ricordare che il Trattato di Maastricht, che pone il limite del 3% al deficit annuo, \u00e8 stato firmato volontariamente anche dall\u2019Italia). Questa scelta \u00e8 palesemente in contrasto con il \u201ccontratto di Governo\u201d, sottoscritto dai due partiti di maggioranza (Lega e M5S), che prevede &#8211; oltre alla riduzione delle tasse &#8211; anche la diminuzione del debito. Se il disavanzo annuo aumenta, \u00e8 alquanto difficile che il debito complessivo cali.<\/p>\n<p>Il Presidente della Repubblica Sergio Mattarella ha dichiarato pubblicamente che non firmer\u00e0 una legge di bilancio che metta a repentaglio la stabilit\u00e0 finanziaria del Paese. Anche in questo caso si tratta di una legittima prerogativa del Capo dello Stato, che ha il compito di rispettare e far rispettare la Costituzione. \u00c8 il caso di rammentare quanto stabilito all\u2019art. 97: \u201cLe pubbliche amministrazioni, in coerenza con l&#8217;ordinamento dell&#8217;Unione europea, assicurano l&#8217;equilibrio dei bilanci e la sostenibilit\u00e0 del debito pubblico\u201d. A quanto pare in Italia periodicamente riemerge il rischio che la Costituzione venga considerata un optional: da rispettare soltanto quando conviene.<\/p>\n<p>Purtroppo, le promesse elettorali e programmatiche di chi va al Governo spesso non corrispondono alla realt\u00e0. Alcide De Gasperi, il grande statista del dopoguerra, ai politici diceva: \u201ccercate di promettere un po\u2019 meno di quello che pensate di realizzare se vinceste le elezioni\u201d. Evidentemente il suo suggerimento \u00e8 stato dimenticato. Ma non \u00e8 soltanto un problema della classe politica. \u00c8 il caso di ricordare un altro monito, che riguarda gli elettori. Come scriveva Berbard Baruch: \u00abVota per quello che promette di meno, sar\u00e0 quello che ti deluder\u00e0 di meno\u00bb. Anche questo consiglio non \u00e8 stato ascoltato.<\/p>\n","protected":false},"excerpt":{"rendered":"<p>I soldi investiti dai cittadini italiani corrispondono al doppio del debito pubblico. \u00c8 quanto emerge dai dati forniti dalla Banca d\u2019Italia e analizzati dalla Fabi, il sindacato autonomo dei bancari. Infatti, i soldi investiti dalle famiglie italiane al 31 marzo&hellip;<\/p>\n","protected":false},"author":1280,"featured_media":720333,"comment_status":"closed","ping_status":"closed","sticky":false,"template":"","format":"standard","meta":{"footnotes":""},"categories":[11388,62,47,38,162,55],"tags":[24185,801,6078,891,49908,185],"class_list":["post-720332","post","type-post","status-publish","format-standard","has-post-thumbnail","hentry","category-contenuti-originali","category-economia","category-europa","category-internazionale","category-opinioni","category-politica","tag-banca-ditalia","tag-costituzione","tag-credito","tag-debito","tag-fabi","tag-governo"],"yoast_head":"<!-- This site is optimized with the Yoast SEO plugin v27.1.1 - https:\/\/yoast.com\/product\/yoast-seo-wordpress\/ -->\n<title>Gli italiani tra risparmio privato e debito pubblico<\/title>\n<meta name=\"description\" content=\"I soldi investiti dai cittadini italiani corrispondono al doppio del debito pubblico. \u00c8 quanto emerge dai dati forniti dalla Banca d\u2019Italia e analizzati\" \/>\n<meta name=\"robots\" content=\"index, follow, max-snippet:-1, max-image-preview:large, max-video-preview:-1\" \/>\n<link rel=\"canonical\" href=\"https:\/\/www.pressenza.com\/it\/2018\/09\/gli-italiani-tra-risparmio-privato-e-debito-pubblico\/\" \/>\n<meta property=\"og:locale\" content=\"it_IT\" \/>\n<meta property=\"og:type\" content=\"article\" \/>\n<meta property=\"og:title\" content=\"Gli italiani tra risparmio privato e debito pubblico\" \/>\n<meta property=\"og:description\" content=\"I soldi investiti dai cittadini italiani corrispondono al doppio del debito pubblico. \u00c8 quanto emerge dai dati forniti dalla Banca d\u2019Italia e analizzati\" \/>\n<meta property=\"og:url\" content=\"https:\/\/www.pressenza.com\/it\/2018\/09\/gli-italiani-tra-risparmio-privato-e-debito-pubblico\/\" \/>\n<meta property=\"og:site_name\" content=\"Pressenza\" \/>\n<meta property=\"article:publisher\" content=\"https:\/\/www.facebook.com\/PressenzaItalia\" \/>\n<meta property=\"article:published_time\" content=\"2018-09-14T20:32:08+00:00\" \/>\n<meta property=\"og:image\" content=\"https:\/\/www.pressenza.com\/wp-content\/uploads\/2018\/09\/FABI.jpg\" \/>\n\t<meta property=\"og:image:width\" content=\"1100\" \/>\n\t<meta property=\"og:image:height\" content=\"733\" \/>\n\t<meta property=\"og:image:type\" content=\"image\/jpeg\" \/>\n<meta name=\"author\" content=\"Rocco Artifoni\" \/>\n<meta name=\"twitter:card\" content=\"summary_large_image\" \/>\n<meta name=\"twitter:creator\" content=\"@PressenzaIPA\" \/>\n<meta name=\"twitter:site\" content=\"@PressenzaIPA\" \/>\n<meta name=\"twitter:label1\" content=\"Scritto da\" \/>\n\t<meta name=\"twitter:data1\" content=\"Rocco Artifoni\" \/>\n\t<meta name=\"twitter:label2\" content=\"Tempo di lettura stimato\" \/>\n\t<meta name=\"twitter:data2\" content=\"4 minuti\" \/>\n<script type=\"application\/ld+json\" class=\"yoast-schema-graph\">{\"@context\":\"https:\/\/schema.org\",\"@graph\":[{\"@type\":\"Article\",\"@id\":\"https:\/\/www.pressenza.com\/it\/2018\/09\/gli-italiani-tra-risparmio-privato-e-debito-pubblico\/#article\",\"isPartOf\":{\"@id\":\"https:\/\/www.pressenza.com\/it\/2018\/09\/gli-italiani-tra-risparmio-privato-e-debito-pubblico\/\"},\"author\":{\"name\":\"Rocco Artifoni\",\"@id\":\"https:\/\/www.pressenza.com\/it\/#\/schema\/person\/47253bd773bfdc8f669fc1a490a0d099\"},\"headline\":\"Gli italiani tra risparmio privato e debito pubblico\",\"datePublished\":\"2018-09-14T20:32:08+00:00\",\"mainEntityOfPage\":{\"@id\":\"https:\/\/www.pressenza.com\/it\/2018\/09\/gli-italiani-tra-risparmio-privato-e-debito-pubblico\/\"},\"wordCount\":718,\"publisher\":{\"@id\":\"https:\/\/www.pressenza.com\/it\/#organization\"},\"image\":{\"@id\":\"https:\/\/www.pressenza.com\/it\/2018\/09\/gli-italiani-tra-risparmio-privato-e-debito-pubblico\/#primaryimage\"},\"thumbnailUrl\":\"https:\/\/www.pressenza.com\/wp-content\/uploads\/2018\/09\/FABI.jpg\",\"keywords\":[\"Banca d'Italia\",\"Costituzione\",\"credito\",\"debito\",\"FABI\",\"governo\"],\"articleSection\":[\"contenuti originali\",\"Economia\",\"Europa\",\"Internazionale\",\"Opinioni\",\"Politica\"],\"inLanguage\":\"it-IT\"},{\"@type\":\"WebPage\",\"@id\":\"https:\/\/www.pressenza.com\/it\/2018\/09\/gli-italiani-tra-risparmio-privato-e-debito-pubblico\/\",\"url\":\"https:\/\/www.pressenza.com\/it\/2018\/09\/gli-italiani-tra-risparmio-privato-e-debito-pubblico\/\",\"name\":\"Gli italiani tra risparmio privato e debito pubblico\",\"isPartOf\":{\"@id\":\"https:\/\/www.pressenza.com\/it\/#website\"},\"primaryImageOfPage\":{\"@id\":\"https:\/\/www.pressenza.com\/it\/2018\/09\/gli-italiani-tra-risparmio-privato-e-debito-pubblico\/#primaryimage\"},\"image\":{\"@id\":\"https:\/\/www.pressenza.com\/it\/2018\/09\/gli-italiani-tra-risparmio-privato-e-debito-pubblico\/#primaryimage\"},\"thumbnailUrl\":\"https:\/\/www.pressenza.com\/wp-content\/uploads\/2018\/09\/FABI.jpg\",\"datePublished\":\"2018-09-14T20:32:08+00:00\",\"description\":\"I soldi investiti dai cittadini italiani corrispondono al doppio del debito pubblico. \u00c8 quanto emerge dai dati forniti dalla Banca d\u2019Italia e analizzati\",\"breadcrumb\":{\"@id\":\"https:\/\/www.pressenza.com\/it\/2018\/09\/gli-italiani-tra-risparmio-privato-e-debito-pubblico\/#breadcrumb\"},\"inLanguage\":\"it-IT\",\"potentialAction\":[{\"@type\":\"ReadAction\",\"target\":[\"https:\/\/www.pressenza.com\/it\/2018\/09\/gli-italiani-tra-risparmio-privato-e-debito-pubblico\/\"]}]},{\"@type\":\"ImageObject\",\"inLanguage\":\"it-IT\",\"@id\":\"https:\/\/www.pressenza.com\/it\/2018\/09\/gli-italiani-tra-risparmio-privato-e-debito-pubblico\/#primaryimage\",\"url\":\"https:\/\/www.pressenza.com\/wp-content\/uploads\/2018\/09\/FABI.jpg\",\"contentUrl\":\"https:\/\/www.pressenza.com\/wp-content\/uploads\/2018\/09\/FABI.jpg\",\"width\":1100,\"height\":733},{\"@type\":\"BreadcrumbList\",\"@id\":\"https:\/\/www.pressenza.com\/it\/2018\/09\/gli-italiani-tra-risparmio-privato-e-debito-pubblico\/#breadcrumb\",\"itemListElement\":[{\"@type\":\"ListItem\",\"position\":1,\"name\":\"Accueil\",\"item\":\"https:\/\/www.pressenza.com\/it\/\"},{\"@type\":\"ListItem\",\"position\":2,\"name\":\"Gli italiani tra risparmio privato e debito pubblico\"}]},{\"@type\":\"WebSite\",\"@id\":\"https:\/\/www.pressenza.com\/it\/#website\",\"url\":\"https:\/\/www.pressenza.com\/it\/\",\"name\":\"Pressenza\",\"description\":\"Agenzia di Stampa Internazionale\",\"publisher\":{\"@id\":\"https:\/\/www.pressenza.com\/it\/#organization\"},\"potentialAction\":[{\"@type\":\"SearchAction\",\"target\":{\"@type\":\"EntryPoint\",\"urlTemplate\":\"https:\/\/www.pressenza.com\/it\/?s={search_term_string}\"},\"query-input\":{\"@type\":\"PropertyValueSpecification\",\"valueRequired\":true,\"valueName\":\"search_term_string\"}}],\"inLanguage\":\"it-IT\"},{\"@type\":\"Organization\",\"@id\":\"https:\/\/www.pressenza.com\/it\/#organization\",\"name\":\"Pressenza\",\"url\":\"https:\/\/www.pressenza.com\/it\/\",\"logo\":{\"@type\":\"ImageObject\",\"inLanguage\":\"it-IT\",\"@id\":\"https:\/\/www.pressenza.com\/it\/#\/schema\/logo\/image\/\",\"url\":\"https:\/\/www.pressenza.com\/wp-content\/uploads\/2022\/10\/pressenza_logo_200x200.jpg\",\"contentUrl\":\"https:\/\/www.pressenza.com\/wp-content\/uploads\/2022\/10\/pressenza_logo_200x200.jpg\",\"width\":200,\"height\":200,\"caption\":\"Pressenza\"},\"image\":{\"@id\":\"https:\/\/www.pressenza.com\/it\/#\/schema\/logo\/image\/\"},\"sameAs\":[\"https:\/\/www.facebook.com\/PressenzaItalia\",\"https:\/\/x.com\/PressenzaIPA\"]},{\"@type\":\"Person\",\"@id\":\"https:\/\/www.pressenza.com\/it\/#\/schema\/person\/47253bd773bfdc8f669fc1a490a0d099\",\"name\":\"Rocco Artifoni\",\"description\":\"Rocco Artifoni \u00e8 nato a Bergamo nel 1960. \u00c8 presidente nazionale dell\u2019Associazione per la Riduzione del Debito Pubblico (www.ardep.it) e referente per la Lombardia dell\u2019Associazione Art. 53 (www.articolo53.it). Principali appartenenze e impegni locali (provincia di Bergamo): Consiglio Direttivo della Fondazione Serughetti La Porta (www.laportabergamo.it), Comitato provinciale per l\u2019abolizione delle barriere architettoniche (www.diversabile.it), Coordinamento provinciale di Libera (www.liberabg.it), Comitato bergamasco per la difesa della Costituzione (www.salviamolacostituzione.bg.it), Scuola di educazione e formazione alla politica We Care (www.scuolawecare.it), Redazione della rivista L\u2019Incontro e delle Edizioni Gruppo Aeper (www.aeper.it). Nel 2014 ha pubblicato insieme a Filippo Pizzolato \u201cL\u2019ABC della Costituzione\u201d per le Edizioni Gruppo Aeper con prefazione di don Luigi Ciotti. Nel 2018, insieme a Francesco Gesualdi e Antonio De Lellis, per CADTM Italia ha pubblicato il dossier \u201cFisco &amp; Debito. Gli effetti delle controriforme fiscali sul nostro debito pubblico\u201d.\",\"url\":\"https:\/\/www.pressenza.com\/it\/author\/rocco-artifoni\/\"}]}<\/script>\n<!-- \/ Yoast SEO plugin. -->","yoast_head_json":{"title":"Gli italiani tra risparmio privato e debito pubblico","description":"I soldi investiti dai cittadini italiani corrispondono al doppio del debito pubblico. \u00c8 quanto emerge dai dati forniti dalla Banca d\u2019Italia e analizzati","robots":{"index":"index","follow":"follow","max-snippet":"max-snippet:-1","max-image-preview":"max-image-preview:large","max-video-preview":"max-video-preview:-1"},"canonical":"https:\/\/www.pressenza.com\/it\/2018\/09\/gli-italiani-tra-risparmio-privato-e-debito-pubblico\/","og_locale":"it_IT","og_type":"article","og_title":"Gli italiani tra risparmio privato e debito pubblico","og_description":"I soldi investiti dai cittadini italiani corrispondono al doppio del debito pubblico. \u00c8 quanto emerge dai dati forniti dalla Banca d\u2019Italia e analizzati","og_url":"https:\/\/www.pressenza.com\/it\/2018\/09\/gli-italiani-tra-risparmio-privato-e-debito-pubblico\/","og_site_name":"Pressenza","article_publisher":"https:\/\/www.facebook.com\/PressenzaItalia","article_published_time":"2018-09-14T20:32:08+00:00","og_image":[{"width":1100,"height":733,"url":"https:\/\/www.pressenza.com\/wp-content\/uploads\/2018\/09\/FABI.jpg","type":"image\/jpeg"}],"author":"Rocco Artifoni","twitter_card":"summary_large_image","twitter_creator":"@PressenzaIPA","twitter_site":"@PressenzaIPA","twitter_misc":{"Scritto da":"Rocco Artifoni","Tempo di lettura stimato":"4 minuti"},"schema":{"@context":"https:\/\/schema.org","@graph":[{"@type":"Article","@id":"https:\/\/www.pressenza.com\/it\/2018\/09\/gli-italiani-tra-risparmio-privato-e-debito-pubblico\/#article","isPartOf":{"@id":"https:\/\/www.pressenza.com\/it\/2018\/09\/gli-italiani-tra-risparmio-privato-e-debito-pubblico\/"},"author":{"name":"Rocco Artifoni","@id":"https:\/\/www.pressenza.com\/it\/#\/schema\/person\/47253bd773bfdc8f669fc1a490a0d099"},"headline":"Gli italiani tra risparmio privato e debito pubblico","datePublished":"2018-09-14T20:32:08+00:00","mainEntityOfPage":{"@id":"https:\/\/www.pressenza.com\/it\/2018\/09\/gli-italiani-tra-risparmio-privato-e-debito-pubblico\/"},"wordCount":718,"publisher":{"@id":"https:\/\/www.pressenza.com\/it\/#organization"},"image":{"@id":"https:\/\/www.pressenza.com\/it\/2018\/09\/gli-italiani-tra-risparmio-privato-e-debito-pubblico\/#primaryimage"},"thumbnailUrl":"https:\/\/www.pressenza.com\/wp-content\/uploads\/2018\/09\/FABI.jpg","keywords":["Banca d'Italia","Costituzione","credito","debito","FABI","governo"],"articleSection":["contenuti originali","Economia","Europa","Internazionale","Opinioni","Politica"],"inLanguage":"it-IT"},{"@type":"WebPage","@id":"https:\/\/www.pressenza.com\/it\/2018\/09\/gli-italiani-tra-risparmio-privato-e-debito-pubblico\/","url":"https:\/\/www.pressenza.com\/it\/2018\/09\/gli-italiani-tra-risparmio-privato-e-debito-pubblico\/","name":"Gli italiani tra risparmio privato e debito pubblico","isPartOf":{"@id":"https:\/\/www.pressenza.com\/it\/#website"},"primaryImageOfPage":{"@id":"https:\/\/www.pressenza.com\/it\/2018\/09\/gli-italiani-tra-risparmio-privato-e-debito-pubblico\/#primaryimage"},"image":{"@id":"https:\/\/www.pressenza.com\/it\/2018\/09\/gli-italiani-tra-risparmio-privato-e-debito-pubblico\/#primaryimage"},"thumbnailUrl":"https:\/\/www.pressenza.com\/wp-content\/uploads\/2018\/09\/FABI.jpg","datePublished":"2018-09-14T20:32:08+00:00","description":"I soldi investiti dai cittadini italiani corrispondono al doppio del debito pubblico. \u00c8 quanto emerge dai dati forniti dalla Banca d\u2019Italia e analizzati","breadcrumb":{"@id":"https:\/\/www.pressenza.com\/it\/2018\/09\/gli-italiani-tra-risparmio-privato-e-debito-pubblico\/#breadcrumb"},"inLanguage":"it-IT","potentialAction":[{"@type":"ReadAction","target":["https:\/\/www.pressenza.com\/it\/2018\/09\/gli-italiani-tra-risparmio-privato-e-debito-pubblico\/"]}]},{"@type":"ImageObject","inLanguage":"it-IT","@id":"https:\/\/www.pressenza.com\/it\/2018\/09\/gli-italiani-tra-risparmio-privato-e-debito-pubblico\/#primaryimage","url":"https:\/\/www.pressenza.com\/wp-content\/uploads\/2018\/09\/FABI.jpg","contentUrl":"https:\/\/www.pressenza.com\/wp-content\/uploads\/2018\/09\/FABI.jpg","width":1100,"height":733},{"@type":"BreadcrumbList","@id":"https:\/\/www.pressenza.com\/it\/2018\/09\/gli-italiani-tra-risparmio-privato-e-debito-pubblico\/#breadcrumb","itemListElement":[{"@type":"ListItem","position":1,"name":"Accueil","item":"https:\/\/www.pressenza.com\/it\/"},{"@type":"ListItem","position":2,"name":"Gli italiani tra risparmio privato e debito pubblico"}]},{"@type":"WebSite","@id":"https:\/\/www.pressenza.com\/it\/#website","url":"https:\/\/www.pressenza.com\/it\/","name":"Pressenza","description":"Agenzia di Stampa Internazionale","publisher":{"@id":"https:\/\/www.pressenza.com\/it\/#organization"},"potentialAction":[{"@type":"SearchAction","target":{"@type":"EntryPoint","urlTemplate":"https:\/\/www.pressenza.com\/it\/?s={search_term_string}"},"query-input":{"@type":"PropertyValueSpecification","valueRequired":true,"valueName":"search_term_string"}}],"inLanguage":"it-IT"},{"@type":"Organization","@id":"https:\/\/www.pressenza.com\/it\/#organization","name":"Pressenza","url":"https:\/\/www.pressenza.com\/it\/","logo":{"@type":"ImageObject","inLanguage":"it-IT","@id":"https:\/\/www.pressenza.com\/it\/#\/schema\/logo\/image\/","url":"https:\/\/www.pressenza.com\/wp-content\/uploads\/2022\/10\/pressenza_logo_200x200.jpg","contentUrl":"https:\/\/www.pressenza.com\/wp-content\/uploads\/2022\/10\/pressenza_logo_200x200.jpg","width":200,"height":200,"caption":"Pressenza"},"image":{"@id":"https:\/\/www.pressenza.com\/it\/#\/schema\/logo\/image\/"},"sameAs":["https:\/\/www.facebook.com\/PressenzaItalia","https:\/\/x.com\/PressenzaIPA"]},{"@type":"Person","@id":"https:\/\/www.pressenza.com\/it\/#\/schema\/person\/47253bd773bfdc8f669fc1a490a0d099","name":"Rocco Artifoni","description":"Rocco Artifoni \u00e8 nato a Bergamo nel 1960. \u00c8 presidente nazionale dell\u2019Associazione per la Riduzione del Debito Pubblico (www.ardep.it) e referente per la Lombardia dell\u2019Associazione Art. 53 (www.articolo53.it). Principali appartenenze e impegni locali (provincia di Bergamo): Consiglio Direttivo della Fondazione Serughetti La Porta (www.laportabergamo.it), Comitato provinciale per l\u2019abolizione delle barriere architettoniche (www.diversabile.it), Coordinamento provinciale di Libera (www.liberabg.it), Comitato bergamasco per la difesa della Costituzione (www.salviamolacostituzione.bg.it), Scuola di educazione e formazione alla politica We Care (www.scuolawecare.it), Redazione della rivista L\u2019Incontro e delle Edizioni Gruppo Aeper (www.aeper.it). Nel 2014 ha pubblicato insieme a Filippo Pizzolato \u201cL\u2019ABC della Costituzione\u201d per le Edizioni Gruppo Aeper con prefazione di don Luigi Ciotti. Nel 2018, insieme a Francesco Gesualdi e Antonio De Lellis, per CADTM Italia ha pubblicato il dossier \u201cFisco &amp; Debito. Gli effetti delle controriforme fiscali sul nostro debito pubblico\u201d.","url":"https:\/\/www.pressenza.com\/it\/author\/rocco-artifoni\/"}]}},"place":"","original_article_url":"","_links":{"self":[{"href":"https:\/\/www.pressenza.com\/it\/wp-json\/wp\/v2\/posts\/720332","targetHints":{"allow":["GET"]}}],"collection":[{"href":"https:\/\/www.pressenza.com\/it\/wp-json\/wp\/v2\/posts"}],"about":[{"href":"https:\/\/www.pressenza.com\/it\/wp-json\/wp\/v2\/types\/post"}],"author":[{"embeddable":true,"href":"https:\/\/www.pressenza.com\/it\/wp-json\/wp\/v2\/users\/1280"}],"replies":[{"embeddable":true,"href":"https:\/\/www.pressenza.com\/it\/wp-json\/wp\/v2\/comments?post=720332"}],"version-history":[{"count":0,"href":"https:\/\/www.pressenza.com\/it\/wp-json\/wp\/v2\/posts\/720332\/revisions"}],"wp:featuredmedia":[{"embeddable":true,"href":"https:\/\/www.pressenza.com\/it\/wp-json\/wp\/v2\/media\/720333"}],"wp:attachment":[{"href":"https:\/\/www.pressenza.com\/it\/wp-json\/wp\/v2\/media?parent=720332"}],"wp:term":[{"taxonomy":"category","embeddable":true,"href":"https:\/\/www.pressenza.com\/it\/wp-json\/wp\/v2\/categories?post=720332"},{"taxonomy":"post_tag","embeddable":true,"href":"https:\/\/www.pressenza.com\/it\/wp-json\/wp\/v2\/tags?post=720332"}],"curies":[{"name":"wp","href":"https:\/\/api.w.org\/{rel}","templated":true}]}}