{"id":719716,"date":"2018-09-13T15:42:17","date_gmt":"2018-09-13T14:42:17","guid":{"rendered":"https:\/\/www.pressenza.com\/?p=719716"},"modified":"2018-09-13T15:42:17","modified_gmt":"2018-09-13T14:42:17","slug":"per-la-liberazione-dalla-violenza-riscoprire-il-pensiero-generativo-di-aldo-capitini","status":"publish","type":"post","link":"https:\/\/www.pressenza.com\/it\/2018\/09\/per-la-liberazione-dalla-violenza-riscoprire-il-pensiero-generativo-di-aldo-capitini\/","title":{"rendered":"Per la liberazione dalla violenza. Riscoprire il pensiero generativo di Aldo Capitini"},"content":{"rendered":"<p><em>Un\u2019introduzione alla filosofia della nonviolenza dell\u2019ideatore della Marcia della Pace. A cinquant\u2019anni dalla morte. E dal \u201968<\/em><\/p>\n<p>Quando lo scorso inverno ho deciso di riprendere in mano la mia vecchia tesi di laurea in filosofia sull\u2019opera di Aldo Capitini\u00a0(scritta mentre, da obiettore di coscienza al servizio militare, svolgevo il servizio civile) per riscriverla alla luce dei miei venticinque anni d\u2019impegno nel Movimento Nonviolento e nella redazione della rivista Azione nonviolenta \u2013 entrambi fondati da Capitini \u2013 e in occasione del Cinquantenario della morte, avvenuta il 19 ottobre del 1968, non eravamo ancora precipitati, collettivamente, nel governo della paura. E della violenza gratuita montante \u2013 anche dal basso \u2013 nei confronti dei pi\u00f9 deboli, i profughi e i migranti, quelli che hanno bisogno di protezione e accoglienza e invece trovano respingimenti governativi e ronde fasciste. In questo scenario, rileggere Capitini oggi significa acquisire alcuni elementi di liberazione dalla violenza \u2013 culturali e politici \u2013 che il filosofo di Perugia proponeva ai suoi contemporanei e che risultano non solo attuali, quanto assolutamente necessari per noi. Qui ed ora.<\/p>\n<p>Aldo Capitini non \u00e8 un filosofo sistematico n\u00e9 un \u201cintellettuale organico\u201d alla politica, eppure Capitini \u00e8 stato sia un filosofo \u2013 se si intende per filosofia la continua ricerca della verit\u00e0 come aletheia, dis\/velamento \u2013 che un intellettuale politico. Potremmo definirlo un filosofo pratico il cui pensiero \u00e8 al servizio dell\u2019orientamento della prassi e la cui azione politica nutre il denso dipanarsi della teoria, con l\u2019aggiuta di una dimensione profetica rivoluzionaria. A questo scopo, in ciascun suo scritto i temi schiettamente filosofici intersecano quelli religiosi, educativi, politici. Tutto contribuisce a delinearne la weltanschauung, la complessa visione del mondo capitiniana che ha una fondamentale valenza pratica tesa alla tramutazione della realt\u00e0.<\/p>\n<p>Nel paese di Niccol\u00f2 Machiavelli, all\u2019interno del quale il fine giustifica sempre i mezzi,\u00a0Aldo Capitini gi\u00e0 durante il fascismo coglie la novit\u00e0 rivoluzionaria dell\u2019insegnamento di Mohandas K. Gandhi: \u201cil fine sta all\u2019albero come il mezzo sta al seme, tra i due c\u2019\u00e8 lo stesso inviolabile legame\u201d. I risultati delle nostre azioni non sono nella nostra disponibilit\u00e0, solo i mezzi che usiamo dipendono direttamente da noi e di questi siamo responsabili. A partire da questa persuasione, Capitini apre una prospettiva diversa di azione politica, fondata su una originale ricerca filosofica, in un nutrimento reciproco tra teoria a prassi. Fino a raggiungere una veste matura ed articolata nello stesso giro di anni che preparano e accompagnano la \u201crivoluzione\u201d del \u201968. Sul piano filosofico con La compresenza dei morti e dei viventi del 1966, sul piano pedagogico in Educazione aperta che esce nel 1967 e sul piano politico con Il potere di tutti, pubblicato postumo nel 1969 con pagine scritte prevalentemente tra il \u201967 e il \u201968.<\/p>\n<p>Poich\u00e9 \u00e8 convinto che \u201cconoscere il mondo \u00e8 connesso al volerlo cambiare\u201d, la sua opera di innovatore culturale \u00e8 intrecciata con l\u2019instancabile azione organizzatrice di iniziative e progetti di trasformazione. Aldo Capitini, costantemente in anticipo sui suoi tempi, ha promosso una avanzata prospettiva liberalsocialista, ancora sotto la dittatura fascista; fondato i Centri di Orientamento Sociale per la formazione alla democrazia partecipata nei territori dell\u2019Italia appena liberata, prima delle prime elezioni democratiche; costruito nel nostro Paese un movimento per la pace autonomo dalle logiche di schieramento della guerra fredda \u2013 capace di proporre una propria agenda di disarmo, militare, culturale e politico \u2013 convocando la \u201cMarcia della pace per la fratellanza dei popoli\u201d nel 1961, a pochi mesi dalla costruzione del muro di Berlino; elaborato una serrata critica al potere promuovendo il superamente della democrazia nell\u2019omnicrazia, ben prima del dilagare della contestazione del \u201968.<\/p>\n<p>Accanto a questo costante impegno costruttivo e organizzativo di iniziative e progetti\u00a0\u2013 e a sostegno di esso \u2013 la raffinata e complessa ricerca filosofica di Capitini ne orienta l\u2019agire e se ne fa orientare, in un rimando reciproco tra teoria e prassi. Un\u2019indagine profonda della realt\u00e0 volta a scardinare l\u2019implicito culurale della violenza, che legittima e alimenta tutte le altre forme di violenza. Ed \u00e8 proprio questa ricerca filosofica \u2013 sicuramente la meno conosciuta e studiata dell\u2019ampia opera capitiniana \u2013 l\u2019oggetto di questo breve lavoro editoriale. Poich\u00e9 in questi oltre venticinque anni ho continuato a frequentare intensamente, per passione e impegno civile, le opere di Aldo Capitini, ho pensato a questo testo come proposta agile e introduttiva al pensiero filosofico del principale ideatore e costruttore della via italiana alla nonviolenza.<\/p>\n<p>Il pensiero di Capitini, a cinquanta anni dalla morte, \u00e8 ancora generativo per il nostro presente.\u00a0Anzi, man mano che ci allontaniamo nel tempo dalla sua lezione, Aldo Capitini ci appare sempre pi\u00f9 attuale, mentre il nostro Paese ci appare \u2013 a suo paragone \u2013 ancora del tutto inattuale. E non \u00e8 un caso se questo saggio introduttivo \u2013 arricchito dalla prefazione di Thomas Casadei e dalla postfazione di Daniele Lugli \u2013 ha in appendice l\u2019ultimo testo di Capitini sulla nonviolenza, del 1968, scritto per Azione nonviolenta. Cos\u00ec come non \u00e8 un caso se\u00a0al Movimento Nonviolento \u2013 che tra tutte le creature di Capitini \u00e8 la pi\u00f9 preziosa e la pi\u00f9 longeva \u2013 andranno i \u201cdiritti di autore\u201d di ogni copia che sar\u00e0 venduta ed acquistata.<\/p>\n<p>Per queste ragioni mi permetto di suggerirne la lettura.<\/p>\n<p><a href=\"http:\/\/www.goware-apps.com\/introduzione-alla-filosofia-della-nonviolenza-di-aldo-capitini-elementi-per-la-liberazione-dalla-violenza-pasquale-pugliese\/\">Qui tutte le informazioni<\/a>\u00a0per l\u2019acquisto del volume cartaceo e\/o in formato ebook<\/p>\n<p>Pasquale Pugliese<\/p>\n<p>Articolo originale:<\/p>\n<blockquote class=\"wp-embedded-content\" data-secret=\"ZYe3CpbksW\"><p><a href=\"https:\/\/pasqualepugliese.wordpress.com\/2018\/09\/10\/per-la-liberazione-dalla-violenza-riscoprire-il-pensiero-generativo-di-aldo-capitini\/\">Per la liberazione dalla violenza. Riscoprire il pensiero generativo di Aldo&nbsp;Capitini<\/a><\/p><\/blockquote>\n<p><iframe loading=\"lazy\" class=\"wp-embedded-content\" sandbox=\"allow-scripts\" security=\"restricted\" style=\"position: absolute; visibility: hidden;\" title=\"&#8220;Per la liberazione dalla violenza. Riscoprire il pensiero generativo di Aldo&nbsp;Capitini&#8221; &#8212; Annotazioni\" src=\"https:\/\/pasqualepugliese.wordpress.com\/2018\/09\/10\/per-la-liberazione-dalla-violenza-riscoprire-il-pensiero-generativo-di-aldo-capitini\/embed\/#?secret=Zcw8hRB4ao#?secret=ZYe3CpbksW\" data-secret=\"ZYe3CpbksW\" width=\"500\" height=\"282\" frameborder=\"0\" marginwidth=\"0\" marginheight=\"0\" scrolling=\"no\"><\/iframe><\/p>\n","protected":false},"excerpt":{"rendered":"<p>Un\u2019introduzione alla filosofia della nonviolenza dell\u2019ideatore della Marcia della Pace. A cinquant\u2019anni dalla morte. E dal \u201968 Quando lo scorso inverno ho deciso di riprendere in mano la mia vecchia tesi di laurea in filosofia sull\u2019opera di Aldo Capitini\u00a0(scritta mentre,&hellip;<\/p>\n","protected":false},"author":594,"featured_media":719754,"comment_status":"closed","ping_status":"closed","sticky":false,"template":"","format":"standard","meta":{"footnotes":""},"categories":[47,1262],"tags":[6371,802,9742,720,13124,9741],"class_list":["post-719716","post","type-post","status-publish","format-standard","has-post-thumbnail","hentry","category-europa","category-nonviolenza-argomento","tag-aldo-capitini","tag-gandhi","tag-marcia-per-la-pace","tag-movimento-nonviolento","tag-pasquale-pugliese","tag-perugia-assisi"],"yoast_head":"<!-- This site is optimized with the Yoast SEO plugin v27.1.1 - https:\/\/yoast.com\/product\/yoast-seo-wordpress\/ -->\n<title>Per la liberazione dalla violenza. Riscoprire il pensiero generativo di Aldo Capitini<\/title>\n<meta name=\"description\" content=\"Un\u2019introduzione alla filosofia della nonviolenza dell\u2019ideatore della Marcia della Pace. A cinquant\u2019anni dalla morte. E dal \u201968 Quando lo scorso inverno ho\" \/>\n<meta name=\"robots\" content=\"index, follow, max-snippet:-1, max-image-preview:large, max-video-preview:-1\" \/>\n<link rel=\"canonical\" href=\"https:\/\/www.pressenza.com\/it\/2018\/09\/per-la-liberazione-dalla-violenza-riscoprire-il-pensiero-generativo-di-aldo-capitini\/\" \/>\n<meta property=\"og:locale\" content=\"it_IT\" \/>\n<meta property=\"og:type\" content=\"article\" \/>\n<meta property=\"og:title\" content=\"Per la liberazione dalla violenza. Riscoprire il pensiero generativo di Aldo Capitini\" \/>\n<meta property=\"og:description\" content=\"Un\u2019introduzione alla filosofia della nonviolenza dell\u2019ideatore della Marcia della Pace. A cinquant\u2019anni dalla morte. E dal \u201968 Quando lo scorso inverno ho\" \/>\n<meta property=\"og:url\" content=\"https:\/\/www.pressenza.com\/it\/2018\/09\/per-la-liberazione-dalla-violenza-riscoprire-il-pensiero-generativo-di-aldo-capitini\/\" \/>\n<meta property=\"og:site_name\" content=\"Pressenza\" \/>\n<meta property=\"article:publisher\" content=\"https:\/\/www.facebook.com\/PressenzaItalia\" \/>\n<meta property=\"article:author\" content=\"https:\/\/www.facebook.com\/PressenzaItalia\" \/>\n<meta property=\"article:published_time\" content=\"2018-09-13T14:42:17+00:00\" \/>\n<meta property=\"og:image\" content=\"https:\/\/www.pressenza.com\/wp-content\/uploads\/2018\/09\/copertina-libro-capitini.jpg\" \/>\n\t<meta property=\"og:image:width\" content=\"500\" \/>\n\t<meta property=\"og:image:height\" content=\"805\" \/>\n\t<meta property=\"og:image:type\" content=\"image\/jpeg\" \/>\n<meta name=\"author\" content=\"Redazione Italia\" \/>\n<meta name=\"twitter:card\" content=\"summary_large_image\" \/>\n<meta name=\"twitter:creator\" content=\"@pressenza_it\" \/>\n<meta name=\"twitter:site\" content=\"@PressenzaIPA\" \/>\n<meta name=\"twitter:label1\" content=\"Scritto da\" \/>\n\t<meta name=\"twitter:data1\" content=\"Redazione Italia\" \/>\n\t<meta name=\"twitter:label2\" content=\"Tempo di lettura stimato\" \/>\n\t<meta name=\"twitter:data2\" content=\"4 minuti\" \/>\n<script type=\"application\/ld+json\" class=\"yoast-schema-graph\">{\"@context\":\"https:\/\/schema.org\",\"@graph\":[{\"@type\":\"Article\",\"@id\":\"https:\/\/www.pressenza.com\/it\/2018\/09\/per-la-liberazione-dalla-violenza-riscoprire-il-pensiero-generativo-di-aldo-capitini\/#article\",\"isPartOf\":{\"@id\":\"https:\/\/www.pressenza.com\/it\/2018\/09\/per-la-liberazione-dalla-violenza-riscoprire-il-pensiero-generativo-di-aldo-capitini\/\"},\"author\":{\"name\":\"Redazione Italia\",\"@id\":\"https:\/\/www.pressenza.com\/it\/#\/schema\/person\/d983e81827ae24f2c7b1a2123d197f8d\"},\"headline\":\"Per la liberazione dalla violenza. Riscoprire il pensiero generativo di Aldo Capitini\",\"datePublished\":\"2018-09-13T14:42:17+00:00\",\"mainEntityOfPage\":{\"@id\":\"https:\/\/www.pressenza.com\/it\/2018\/09\/per-la-liberazione-dalla-violenza-riscoprire-il-pensiero-generativo-di-aldo-capitini\/\"},\"wordCount\":875,\"publisher\":{\"@id\":\"https:\/\/www.pressenza.com\/it\/#organization\"},\"image\":{\"@id\":\"https:\/\/www.pressenza.com\/it\/2018\/09\/per-la-liberazione-dalla-violenza-riscoprire-il-pensiero-generativo-di-aldo-capitini\/#primaryimage\"},\"thumbnailUrl\":\"https:\/\/www.pressenza.com\/wp-content\/uploads\/2018\/09\/copertina-libro-capitini.jpg\",\"keywords\":[\"Aldo Capitini\",\"Gandhi\",\"Marcia per la Pace\",\"Movimento Nonviolento\",\"Pasquale Pugliese\",\"Perugia-Assisi\"],\"articleSection\":[\"Europa\",\"Nonviolenza\"],\"inLanguage\":\"it-IT\"},{\"@type\":\"WebPage\",\"@id\":\"https:\/\/www.pressenza.com\/it\/2018\/09\/per-la-liberazione-dalla-violenza-riscoprire-il-pensiero-generativo-di-aldo-capitini\/\",\"url\":\"https:\/\/www.pressenza.com\/it\/2018\/09\/per-la-liberazione-dalla-violenza-riscoprire-il-pensiero-generativo-di-aldo-capitini\/\",\"name\":\"Per la liberazione dalla violenza. Riscoprire il pensiero generativo di Aldo Capitini\",\"isPartOf\":{\"@id\":\"https:\/\/www.pressenza.com\/it\/#website\"},\"primaryImageOfPage\":{\"@id\":\"https:\/\/www.pressenza.com\/it\/2018\/09\/per-la-liberazione-dalla-violenza-riscoprire-il-pensiero-generativo-di-aldo-capitini\/#primaryimage\"},\"image\":{\"@id\":\"https:\/\/www.pressenza.com\/it\/2018\/09\/per-la-liberazione-dalla-violenza-riscoprire-il-pensiero-generativo-di-aldo-capitini\/#primaryimage\"},\"thumbnailUrl\":\"https:\/\/www.pressenza.com\/wp-content\/uploads\/2018\/09\/copertina-libro-capitini.jpg\",\"datePublished\":\"2018-09-13T14:42:17+00:00\",\"description\":\"Un\u2019introduzione alla filosofia della nonviolenza dell\u2019ideatore della Marcia della Pace. A cinquant\u2019anni dalla morte. E dal \u201968 Quando lo scorso inverno ho\",\"breadcrumb\":{\"@id\":\"https:\/\/www.pressenza.com\/it\/2018\/09\/per-la-liberazione-dalla-violenza-riscoprire-il-pensiero-generativo-di-aldo-capitini\/#breadcrumb\"},\"inLanguage\":\"it-IT\",\"potentialAction\":[{\"@type\":\"ReadAction\",\"target\":[\"https:\/\/www.pressenza.com\/it\/2018\/09\/per-la-liberazione-dalla-violenza-riscoprire-il-pensiero-generativo-di-aldo-capitini\/\"]}]},{\"@type\":\"ImageObject\",\"inLanguage\":\"it-IT\",\"@id\":\"https:\/\/www.pressenza.com\/it\/2018\/09\/per-la-liberazione-dalla-violenza-riscoprire-il-pensiero-generativo-di-aldo-capitini\/#primaryimage\",\"url\":\"https:\/\/www.pressenza.com\/wp-content\/uploads\/2018\/09\/copertina-libro-capitini.jpg\",\"contentUrl\":\"https:\/\/www.pressenza.com\/wp-content\/uploads\/2018\/09\/copertina-libro-capitini.jpg\",\"width\":500,\"height\":805},{\"@type\":\"BreadcrumbList\",\"@id\":\"https:\/\/www.pressenza.com\/it\/2018\/09\/per-la-liberazione-dalla-violenza-riscoprire-il-pensiero-generativo-di-aldo-capitini\/#breadcrumb\",\"itemListElement\":[{\"@type\":\"ListItem\",\"position\":1,\"name\":\"Accueil\",\"item\":\"https:\/\/www.pressenza.com\/it\/\"},{\"@type\":\"ListItem\",\"position\":2,\"name\":\"Per la liberazione dalla violenza. Riscoprire il pensiero generativo di Aldo Capitini\"}]},{\"@type\":\"WebSite\",\"@id\":\"https:\/\/www.pressenza.com\/it\/#website\",\"url\":\"https:\/\/www.pressenza.com\/it\/\",\"name\":\"Pressenza\",\"description\":\"Agenzia di Stampa Internazionale\",\"publisher\":{\"@id\":\"https:\/\/www.pressenza.com\/it\/#organization\"},\"potentialAction\":[{\"@type\":\"SearchAction\",\"target\":{\"@type\":\"EntryPoint\",\"urlTemplate\":\"https:\/\/www.pressenza.com\/it\/?s={search_term_string}\"},\"query-input\":{\"@type\":\"PropertyValueSpecification\",\"valueRequired\":true,\"valueName\":\"search_term_string\"}}],\"inLanguage\":\"it-IT\"},{\"@type\":\"Organization\",\"@id\":\"https:\/\/www.pressenza.com\/it\/#organization\",\"name\":\"Pressenza\",\"url\":\"https:\/\/www.pressenza.com\/it\/\",\"logo\":{\"@type\":\"ImageObject\",\"inLanguage\":\"it-IT\",\"@id\":\"https:\/\/www.pressenza.com\/it\/#\/schema\/logo\/image\/\",\"url\":\"https:\/\/www.pressenza.com\/wp-content\/uploads\/2022\/10\/pressenza_logo_200x200.jpg\",\"contentUrl\":\"https:\/\/www.pressenza.com\/wp-content\/uploads\/2022\/10\/pressenza_logo_200x200.jpg\",\"width\":200,\"height\":200,\"caption\":\"Pressenza\"},\"image\":{\"@id\":\"https:\/\/www.pressenza.com\/it\/#\/schema\/logo\/image\/\"},\"sameAs\":[\"https:\/\/www.facebook.com\/PressenzaItalia\",\"https:\/\/x.com\/PressenzaIPA\"]},{\"@type\":\"Person\",\"@id\":\"https:\/\/www.pressenza.com\/it\/#\/schema\/person\/d983e81827ae24f2c7b1a2123d197f8d\",\"name\":\"Redazione Italia\",\"description\":\"News from the Pressenza Bureau in Italy\",\"sameAs\":[\"https:\/\/www.pressenza.com\/it\/author\/redazione-italia\/\",\"https:\/\/www.facebook.com\/PressenzaItalia\",\"https:\/\/www.instagram.com\/pressenza_italia\/\",\"https:\/\/x.com\/pressenza_it\",\"https:\/\/www.youtube.com\/channel\/UCSalEIWjE1RSxkwjfftFuqg\"],\"url\":\"https:\/\/www.pressenza.com\/it\/author\/redazione-italia\/\"}]}<\/script>\n<!-- \/ Yoast SEO plugin. -->","yoast_head_json":{"title":"Per la liberazione dalla violenza. Riscoprire il pensiero generativo di Aldo Capitini","description":"Un\u2019introduzione alla filosofia della nonviolenza dell\u2019ideatore della Marcia della Pace. A cinquant\u2019anni dalla morte. E dal \u201968 Quando lo scorso inverno ho","robots":{"index":"index","follow":"follow","max-snippet":"max-snippet:-1","max-image-preview":"max-image-preview:large","max-video-preview":"max-video-preview:-1"},"canonical":"https:\/\/www.pressenza.com\/it\/2018\/09\/per-la-liberazione-dalla-violenza-riscoprire-il-pensiero-generativo-di-aldo-capitini\/","og_locale":"it_IT","og_type":"article","og_title":"Per la liberazione dalla violenza. Riscoprire il pensiero generativo di Aldo Capitini","og_description":"Un\u2019introduzione alla filosofia della nonviolenza dell\u2019ideatore della Marcia della Pace. A cinquant\u2019anni dalla morte. E dal \u201968 Quando lo scorso inverno ho","og_url":"https:\/\/www.pressenza.com\/it\/2018\/09\/per-la-liberazione-dalla-violenza-riscoprire-il-pensiero-generativo-di-aldo-capitini\/","og_site_name":"Pressenza","article_publisher":"https:\/\/www.facebook.com\/PressenzaItalia","article_author":"https:\/\/www.facebook.com\/PressenzaItalia","article_published_time":"2018-09-13T14:42:17+00:00","og_image":[{"width":500,"height":805,"url":"https:\/\/www.pressenza.com\/wp-content\/uploads\/2018\/09\/copertina-libro-capitini.jpg","type":"image\/jpeg"}],"author":"Redazione Italia","twitter_card":"summary_large_image","twitter_creator":"@pressenza_it","twitter_site":"@PressenzaIPA","twitter_misc":{"Scritto da":"Redazione Italia","Tempo di lettura stimato":"4 minuti"},"schema":{"@context":"https:\/\/schema.org","@graph":[{"@type":"Article","@id":"https:\/\/www.pressenza.com\/it\/2018\/09\/per-la-liberazione-dalla-violenza-riscoprire-il-pensiero-generativo-di-aldo-capitini\/#article","isPartOf":{"@id":"https:\/\/www.pressenza.com\/it\/2018\/09\/per-la-liberazione-dalla-violenza-riscoprire-il-pensiero-generativo-di-aldo-capitini\/"},"author":{"name":"Redazione Italia","@id":"https:\/\/www.pressenza.com\/it\/#\/schema\/person\/d983e81827ae24f2c7b1a2123d197f8d"},"headline":"Per la liberazione dalla violenza. Riscoprire il pensiero generativo di Aldo Capitini","datePublished":"2018-09-13T14:42:17+00:00","mainEntityOfPage":{"@id":"https:\/\/www.pressenza.com\/it\/2018\/09\/per-la-liberazione-dalla-violenza-riscoprire-il-pensiero-generativo-di-aldo-capitini\/"},"wordCount":875,"publisher":{"@id":"https:\/\/www.pressenza.com\/it\/#organization"},"image":{"@id":"https:\/\/www.pressenza.com\/it\/2018\/09\/per-la-liberazione-dalla-violenza-riscoprire-il-pensiero-generativo-di-aldo-capitini\/#primaryimage"},"thumbnailUrl":"https:\/\/www.pressenza.com\/wp-content\/uploads\/2018\/09\/copertina-libro-capitini.jpg","keywords":["Aldo Capitini","Gandhi","Marcia per la Pace","Movimento Nonviolento","Pasquale Pugliese","Perugia-Assisi"],"articleSection":["Europa","Nonviolenza"],"inLanguage":"it-IT"},{"@type":"WebPage","@id":"https:\/\/www.pressenza.com\/it\/2018\/09\/per-la-liberazione-dalla-violenza-riscoprire-il-pensiero-generativo-di-aldo-capitini\/","url":"https:\/\/www.pressenza.com\/it\/2018\/09\/per-la-liberazione-dalla-violenza-riscoprire-il-pensiero-generativo-di-aldo-capitini\/","name":"Per la liberazione dalla violenza. Riscoprire il pensiero generativo di Aldo Capitini","isPartOf":{"@id":"https:\/\/www.pressenza.com\/it\/#website"},"primaryImageOfPage":{"@id":"https:\/\/www.pressenza.com\/it\/2018\/09\/per-la-liberazione-dalla-violenza-riscoprire-il-pensiero-generativo-di-aldo-capitini\/#primaryimage"},"image":{"@id":"https:\/\/www.pressenza.com\/it\/2018\/09\/per-la-liberazione-dalla-violenza-riscoprire-il-pensiero-generativo-di-aldo-capitini\/#primaryimage"},"thumbnailUrl":"https:\/\/www.pressenza.com\/wp-content\/uploads\/2018\/09\/copertina-libro-capitini.jpg","datePublished":"2018-09-13T14:42:17+00:00","description":"Un\u2019introduzione alla filosofia della nonviolenza dell\u2019ideatore della Marcia della Pace. A cinquant\u2019anni dalla morte. E dal \u201968 Quando lo scorso inverno ho","breadcrumb":{"@id":"https:\/\/www.pressenza.com\/it\/2018\/09\/per-la-liberazione-dalla-violenza-riscoprire-il-pensiero-generativo-di-aldo-capitini\/#breadcrumb"},"inLanguage":"it-IT","potentialAction":[{"@type":"ReadAction","target":["https:\/\/www.pressenza.com\/it\/2018\/09\/per-la-liberazione-dalla-violenza-riscoprire-il-pensiero-generativo-di-aldo-capitini\/"]}]},{"@type":"ImageObject","inLanguage":"it-IT","@id":"https:\/\/www.pressenza.com\/it\/2018\/09\/per-la-liberazione-dalla-violenza-riscoprire-il-pensiero-generativo-di-aldo-capitini\/#primaryimage","url":"https:\/\/www.pressenza.com\/wp-content\/uploads\/2018\/09\/copertina-libro-capitini.jpg","contentUrl":"https:\/\/www.pressenza.com\/wp-content\/uploads\/2018\/09\/copertina-libro-capitini.jpg","width":500,"height":805},{"@type":"BreadcrumbList","@id":"https:\/\/www.pressenza.com\/it\/2018\/09\/per-la-liberazione-dalla-violenza-riscoprire-il-pensiero-generativo-di-aldo-capitini\/#breadcrumb","itemListElement":[{"@type":"ListItem","position":1,"name":"Accueil","item":"https:\/\/www.pressenza.com\/it\/"},{"@type":"ListItem","position":2,"name":"Per la liberazione dalla violenza. Riscoprire il pensiero generativo di Aldo Capitini"}]},{"@type":"WebSite","@id":"https:\/\/www.pressenza.com\/it\/#website","url":"https:\/\/www.pressenza.com\/it\/","name":"Pressenza","description":"Agenzia di Stampa Internazionale","publisher":{"@id":"https:\/\/www.pressenza.com\/it\/#organization"},"potentialAction":[{"@type":"SearchAction","target":{"@type":"EntryPoint","urlTemplate":"https:\/\/www.pressenza.com\/it\/?s={search_term_string}"},"query-input":{"@type":"PropertyValueSpecification","valueRequired":true,"valueName":"search_term_string"}}],"inLanguage":"it-IT"},{"@type":"Organization","@id":"https:\/\/www.pressenza.com\/it\/#organization","name":"Pressenza","url":"https:\/\/www.pressenza.com\/it\/","logo":{"@type":"ImageObject","inLanguage":"it-IT","@id":"https:\/\/www.pressenza.com\/it\/#\/schema\/logo\/image\/","url":"https:\/\/www.pressenza.com\/wp-content\/uploads\/2022\/10\/pressenza_logo_200x200.jpg","contentUrl":"https:\/\/www.pressenza.com\/wp-content\/uploads\/2022\/10\/pressenza_logo_200x200.jpg","width":200,"height":200,"caption":"Pressenza"},"image":{"@id":"https:\/\/www.pressenza.com\/it\/#\/schema\/logo\/image\/"},"sameAs":["https:\/\/www.facebook.com\/PressenzaItalia","https:\/\/x.com\/PressenzaIPA"]},{"@type":"Person","@id":"https:\/\/www.pressenza.com\/it\/#\/schema\/person\/d983e81827ae24f2c7b1a2123d197f8d","name":"Redazione Italia","description":"News from the Pressenza Bureau in Italy","sameAs":["https:\/\/www.pressenza.com\/it\/author\/redazione-italia\/","https:\/\/www.facebook.com\/PressenzaItalia","https:\/\/www.instagram.com\/pressenza_italia\/","https:\/\/x.com\/pressenza_it","https:\/\/www.youtube.com\/channel\/UCSalEIWjE1RSxkwjfftFuqg"],"url":"https:\/\/www.pressenza.com\/it\/author\/redazione-italia\/"}]}},"place":"","original_article_url":"","_links":{"self":[{"href":"https:\/\/www.pressenza.com\/it\/wp-json\/wp\/v2\/posts\/719716","targetHints":{"allow":["GET"]}}],"collection":[{"href":"https:\/\/www.pressenza.com\/it\/wp-json\/wp\/v2\/posts"}],"about":[{"href":"https:\/\/www.pressenza.com\/it\/wp-json\/wp\/v2\/types\/post"}],"author":[{"embeddable":true,"href":"https:\/\/www.pressenza.com\/it\/wp-json\/wp\/v2\/users\/594"}],"replies":[{"embeddable":true,"href":"https:\/\/www.pressenza.com\/it\/wp-json\/wp\/v2\/comments?post=719716"}],"version-history":[{"count":0,"href":"https:\/\/www.pressenza.com\/it\/wp-json\/wp\/v2\/posts\/719716\/revisions"}],"wp:featuredmedia":[{"embeddable":true,"href":"https:\/\/www.pressenza.com\/it\/wp-json\/wp\/v2\/media\/719754"}],"wp:attachment":[{"href":"https:\/\/www.pressenza.com\/it\/wp-json\/wp\/v2\/media?parent=719716"}],"wp:term":[{"taxonomy":"category","embeddable":true,"href":"https:\/\/www.pressenza.com\/it\/wp-json\/wp\/v2\/categories?post=719716"},{"taxonomy":"post_tag","embeddable":true,"href":"https:\/\/www.pressenza.com\/it\/wp-json\/wp\/v2\/tags?post=719716"}],"curies":[{"name":"wp","href":"https:\/\/api.w.org\/{rel}","templated":true}]}}