{"id":719562,"date":"2018-09-13T10:57:21","date_gmt":"2018-09-13T09:57:21","guid":{"rendered":"https:\/\/www.pressenza.com\/?p=719562"},"modified":"2018-09-13T10:59:42","modified_gmt":"2018-09-13T09:59:42","slug":"unita-politica-europea-per-contrapporsi-al-fascismo","status":"publish","type":"post","link":"https:\/\/www.pressenza.com\/it\/2018\/09\/unita-politica-europea-per-contrapporsi-al-fascismo\/","title":{"rendered":"Unit\u00e0 politica europea per contrapporsi al fascismo"},"content":{"rendered":"<p>Lo spirito di resistenza contro il nazismo incoraggia l&#8217;unit\u00e0 della sinistra in Europa. I primi passi in questa direzione sono stati compiuti da Podemos, il partito politico spagnolo guidato da Pablo Iglesias e France Insoumise, il movimento capeggiato da Jean-Luc M\u00e9lenchon.<\/p>\n<p>Le idee xenofobe, razziste e ultraconservatrici di diversi governi, come quello dell&#8217;ungherese Viktor Orb\u00e1n, l&#8217;ascesa al potere della Lega in Italia, con Matteo Salvini che dirige le politiche dal Ministero dell&#8217;Interno o i polacchi di Legge e Giustizia \u00a0hanno dato vita a un forte gruppo al Parlamento Europeo.<\/p>\n<p>L&#8217;alleanza di M\u00e9lenchon e Iglesias cerca di generare entro il 2019 un fronte di sinistra europeo che possa contrastare queste idee arretrate. A queste due forze si uniscono anche il portoghese Bloco de Esquerda, l&#8217;irlandese Sinn F\u00e9in, il finlandese Vosemmisto, lo svedese Vanterpartiet e il danese Enhehsliste. Tutti hanno firmato un manifesto intitolato &#8220;Ora il Popolo&#8221;.<\/p>\n<p>Per M\u00e9lenchon quest&#8217;ondata \u00e8 personificata da un &#8220;mostro&#8221;, che \u00e8 &#8220;figlio del liberismo&#8221;. \u00c8 l&#8217;ora nera del fascismo, del razzismo, della xenofobia, che finisce sempre allo stesso modo: con i regimi dittatoriali e la guerra. Bisogna dare l&#8217;allarme&#8221;.<\/p>\n<p>&#8220;Cospiriamo per fermare il fascismo in Europa: non acconsentiremo alla guerra del penultimo contro l&#8217;ultimo. I nemici sono quelli che hanno conti in Svizzera, quelli che rubano, quelli che mentono, quelli che privatizzano, quelli che controllano ci\u00f2 che vediamo e sentiamo&#8221;, ha detto Iglesias.<\/p>\n<p>Oltre a difendere i diritti civili e lo Stato sociale, la proposta stabilisce i termini della sovranit\u00e0. &#8220;Non puoi essere nella NATO e ricevere ordini da Donald Trump&#8221;, dicono. E sostengono che la sovranit\u00e0 deve risiedere nel popolo e che si sentono profondamente europeisti. &#8220;Il problema con le istituzioni europee \u00e8 che nessuno le elegge.\u00a0 Chiediamo solo democrazia, non pu\u00f2 essere che non ci sia alcun controllo democratico sulla Banca Centrale Europea. Chiediamo di democratizzare, cio\u00e8 di difendere la sovranit\u00e0&#8221;, spiega lo spagnolo.<\/p>\n<p>M\u00e9lenchon critica questa idea di &#8220;turismo sociale&#8221; e denuncia la responsabilit\u00e0 dell&#8217;Europa in tutte le guerre e nella miseria vissuta nei paesi di origine dei migranti. &#8220;L&#8217;esilio \u00e8 una violenza&#8221;, dice e poi descrive ci\u00f2 che unisce i membri di Ora il Popolo: &#8220;Abbiamo una bandiera comune &#8211; l&#8217;interesse umano generale &#8211; una dottrina &#8211; il nuovo umanesimo &#8211;\u00a0 e uno spazio di forza &#8211; le nostre terre d&#8217;origine e il Mar Mediterraneo.<\/p>\n<p>Le elezioni del maggio 2019 possono ridisegnare i blocchi esistenti nel Parlamento Europeo e generare forze attive che aspirano a governare i paesi e a raddrizzare le politiche violente che si stanno portando avanti in tutto il continente.<\/p>\n<p>Traduzione dallo spagnolo di Anna Polo<\/p>\n","protected":false},"excerpt":{"rendered":"<p>Lo spirito di resistenza contro il nazismo incoraggia l&#8217;unit\u00e0 della sinistra in Europa. I primi passi in questa direzione sono stati compiuti da Podemos, il partito politico spagnolo guidato da Pablo Iglesias e France Insoumise, il movimento capeggiato da Jean-Luc&hellip;<\/p>\n","protected":false},"author":96,"featured_media":719070,"comment_status":"closed","ping_status":"closed","sticky":false,"template":"","format":"standard","meta":{"footnotes":""},"categories":[11388,47,162,55],"tags":[49853,3466,36647,10857],"class_list":["post-719562","post","type-post","status-publish","format-standard","has-post-thumbnail","hentry","category-contenuti-originali","category-europa","category-opinioni","category-politica","tag-elezioni-europee-2019","tag-fascismo","tag-france-insoumise","tag-podemos-it"],"yoast_head":"<!-- This site is optimized with the Yoast SEO plugin v27.1.1 - https:\/\/yoast.com\/product\/yoast-seo-wordpress\/ -->\n<title>Unit\u00e0 politica europea per contrapporsi al fascismo<\/title>\n<meta name=\"description\" content=\"Lo spirito di resistenza contro il nazismo incoraggia l&#039;unit\u00e0 della sinistra in Europa. I primi passi in questa direzione sono stati compiuti da Podemos,\" \/>\n<meta name=\"robots\" content=\"index, follow, max-snippet:-1, max-image-preview:large, max-video-preview:-1\" \/>\n<link rel=\"canonical\" href=\"https:\/\/www.pressenza.com\/it\/2018\/09\/unita-politica-europea-per-contrapporsi-al-fascismo\/\" \/>\n<meta property=\"og:locale\" content=\"it_IT\" \/>\n<meta property=\"og:type\" content=\"article\" \/>\n<meta property=\"og:title\" content=\"Unit\u00e0 politica europea per contrapporsi al fascismo\" \/>\n<meta property=\"og:description\" content=\"Lo spirito di resistenza contro il nazismo incoraggia l&#039;unit\u00e0 della sinistra in Europa. I primi passi in questa direzione sono stati compiuti da Podemos,\" \/>\n<meta property=\"og:url\" content=\"https:\/\/www.pressenza.com\/it\/2018\/09\/unita-politica-europea-per-contrapporsi-al-fascismo\/\" \/>\n<meta property=\"og:site_name\" content=\"Pressenza\" \/>\n<meta property=\"article:publisher\" content=\"https:\/\/www.facebook.com\/PressenzaItalia\" \/>\n<meta property=\"article:author\" content=\"https:\/\/www.facebook.com\/mariano.quiroga.779\" \/>\n<meta property=\"article:published_time\" content=\"2018-09-13T09:57:21+00:00\" \/>\n<meta property=\"article:modified_time\" content=\"2018-09-13T09:59:42+00:00\" \/>\n<meta property=\"og:image\" content=\"https:\/\/www.pressenza.com\/wp-content\/uploads\/2018\/09\/Acto-Pablo-Iglesias-Melenchon-Madrid_EDIIMA20180907_0728_5-1.jpg\" \/>\n\t<meta property=\"og:image:width\" content=\"818\" \/>\n\t<meta property=\"og:image:height\" content=\"545\" \/>\n\t<meta property=\"og:image:type\" content=\"image\/jpeg\" \/>\n<meta name=\"author\" content=\"Mariano Quiroga\" \/>\n<meta name=\"twitter:card\" content=\"summary_large_image\" \/>\n<meta name=\"twitter:creator\" content=\"@MaruchoQuiroga\" \/>\n<meta name=\"twitter:site\" content=\"@PressenzaIPA\" \/>\n<meta name=\"twitter:label1\" content=\"Scritto da\" \/>\n\t<meta name=\"twitter:data1\" content=\"Mariano Quiroga\" \/>\n\t<meta name=\"twitter:label2\" content=\"Tempo di lettura stimato\" \/>\n\t<meta name=\"twitter:data2\" content=\"2 minuti\" \/>\n<script type=\"application\/ld+json\" class=\"yoast-schema-graph\">{\"@context\":\"https:\/\/schema.org\",\"@graph\":[{\"@type\":\"Article\",\"@id\":\"https:\/\/www.pressenza.com\/it\/2018\/09\/unita-politica-europea-per-contrapporsi-al-fascismo\/#article\",\"isPartOf\":{\"@id\":\"https:\/\/www.pressenza.com\/it\/2018\/09\/unita-politica-europea-per-contrapporsi-al-fascismo\/\"},\"author\":{\"name\":\"Mariano Quiroga\",\"@id\":\"https:\/\/www.pressenza.com\/it\/#\/schema\/person\/a0856fe41d8234b92503e6b28dc2585e\"},\"headline\":\"Unit\u00e0 politica europea per contrapporsi al fascismo\",\"datePublished\":\"2018-09-13T09:57:21+00:00\",\"dateModified\":\"2018-09-13T09:59:42+00:00\",\"mainEntityOfPage\":{\"@id\":\"https:\/\/www.pressenza.com\/it\/2018\/09\/unita-politica-europea-per-contrapporsi-al-fascismo\/\"},\"wordCount\":447,\"publisher\":{\"@id\":\"https:\/\/www.pressenza.com\/it\/#organization\"},\"image\":{\"@id\":\"https:\/\/www.pressenza.com\/it\/2018\/09\/unita-politica-europea-per-contrapporsi-al-fascismo\/#primaryimage\"},\"thumbnailUrl\":\"https:\/\/www.pressenza.com\/wp-content\/uploads\/2018\/09\/Acto-Pablo-Iglesias-Melenchon-Madrid_EDIIMA20180907_0728_5-1.jpg\",\"keywords\":[\"elezioni europee 2019\",\"fascismo\",\"France Insoumise\",\"Podemos\"],\"articleSection\":[\"contenuti originali\",\"Europa\",\"Opinioni\",\"Politica\"],\"inLanguage\":\"it-IT\"},{\"@type\":\"WebPage\",\"@id\":\"https:\/\/www.pressenza.com\/it\/2018\/09\/unita-politica-europea-per-contrapporsi-al-fascismo\/\",\"url\":\"https:\/\/www.pressenza.com\/it\/2018\/09\/unita-politica-europea-per-contrapporsi-al-fascismo\/\",\"name\":\"Unit\u00e0 politica europea per contrapporsi al fascismo\",\"isPartOf\":{\"@id\":\"https:\/\/www.pressenza.com\/it\/#website\"},\"primaryImageOfPage\":{\"@id\":\"https:\/\/www.pressenza.com\/it\/2018\/09\/unita-politica-europea-per-contrapporsi-al-fascismo\/#primaryimage\"},\"image\":{\"@id\":\"https:\/\/www.pressenza.com\/it\/2018\/09\/unita-politica-europea-per-contrapporsi-al-fascismo\/#primaryimage\"},\"thumbnailUrl\":\"https:\/\/www.pressenza.com\/wp-content\/uploads\/2018\/09\/Acto-Pablo-Iglesias-Melenchon-Madrid_EDIIMA20180907_0728_5-1.jpg\",\"datePublished\":\"2018-09-13T09:57:21+00:00\",\"dateModified\":\"2018-09-13T09:59:42+00:00\",\"description\":\"Lo spirito di resistenza contro il nazismo incoraggia l'unit\u00e0 della sinistra in Europa. I primi passi in questa direzione sono stati compiuti da Podemos,\",\"breadcrumb\":{\"@id\":\"https:\/\/www.pressenza.com\/it\/2018\/09\/unita-politica-europea-per-contrapporsi-al-fascismo\/#breadcrumb\"},\"inLanguage\":\"it-IT\",\"potentialAction\":[{\"@type\":\"ReadAction\",\"target\":[\"https:\/\/www.pressenza.com\/it\/2018\/09\/unita-politica-europea-per-contrapporsi-al-fascismo\/\"]}]},{\"@type\":\"ImageObject\",\"inLanguage\":\"it-IT\",\"@id\":\"https:\/\/www.pressenza.com\/it\/2018\/09\/unita-politica-europea-per-contrapporsi-al-fascismo\/#primaryimage\",\"url\":\"https:\/\/www.pressenza.com\/wp-content\/uploads\/2018\/09\/Acto-Pablo-Iglesias-Melenchon-Madrid_EDIIMA20180907_0728_5-1.jpg\",\"contentUrl\":\"https:\/\/www.pressenza.com\/wp-content\/uploads\/2018\/09\/Acto-Pablo-Iglesias-Melenchon-Madrid_EDIIMA20180907_0728_5-1.jpg\",\"width\":818,\"height\":545},{\"@type\":\"BreadcrumbList\",\"@id\":\"https:\/\/www.pressenza.com\/it\/2018\/09\/unita-politica-europea-per-contrapporsi-al-fascismo\/#breadcrumb\",\"itemListElement\":[{\"@type\":\"ListItem\",\"position\":1,\"name\":\"Accueil\",\"item\":\"https:\/\/www.pressenza.com\/it\/\"},{\"@type\":\"ListItem\",\"position\":2,\"name\":\"Unit\u00e0 politica europea per contrapporsi al fascismo\"}]},{\"@type\":\"WebSite\",\"@id\":\"https:\/\/www.pressenza.com\/it\/#website\",\"url\":\"https:\/\/www.pressenza.com\/it\/\",\"name\":\"Pressenza\",\"description\":\"Agenzia di Stampa Internazionale\",\"publisher\":{\"@id\":\"https:\/\/www.pressenza.com\/it\/#organization\"},\"potentialAction\":[{\"@type\":\"SearchAction\",\"target\":{\"@type\":\"EntryPoint\",\"urlTemplate\":\"https:\/\/www.pressenza.com\/it\/?s={search_term_string}\"},\"query-input\":{\"@type\":\"PropertyValueSpecification\",\"valueRequired\":true,\"valueName\":\"search_term_string\"}}],\"inLanguage\":\"it-IT\"},{\"@type\":\"Organization\",\"@id\":\"https:\/\/www.pressenza.com\/it\/#organization\",\"name\":\"Pressenza\",\"url\":\"https:\/\/www.pressenza.com\/it\/\",\"logo\":{\"@type\":\"ImageObject\",\"inLanguage\":\"it-IT\",\"@id\":\"https:\/\/www.pressenza.com\/it\/#\/schema\/logo\/image\/\",\"url\":\"https:\/\/www.pressenza.com\/wp-content\/uploads\/2022\/10\/pressenza_logo_200x200.jpg\",\"contentUrl\":\"https:\/\/www.pressenza.com\/wp-content\/uploads\/2022\/10\/pressenza_logo_200x200.jpg\",\"width\":200,\"height\":200,\"caption\":\"Pressenza\"},\"image\":{\"@id\":\"https:\/\/www.pressenza.com\/it\/#\/schema\/logo\/image\/\"},\"sameAs\":[\"https:\/\/www.facebook.com\/PressenzaItalia\",\"https:\/\/x.com\/PressenzaIPA\"]},{\"@type\":\"Person\",\"@id\":\"https:\/\/www.pressenza.com\/it\/#\/schema\/person\/a0856fe41d8234b92503e6b28dc2585e\",\"name\":\"Mariano Quiroga\",\"description\":\"Born in Buenos Aires, Argentina, in 1976, Mariano is a journalist, poet and international editor for Pressenza. His career includes publications in different countries and languages. Currently he is presenter on radio programmes in Ecuador and Argentina. A humanist communicator specialising in international politics, his vocation has led him to seek to build bridges that allow relationships to be made between data, events, people and contexts in order to create an inclusive look that synthesises the noblest searches for social justice and humanisation of the planet.\",\"sameAs\":[\"https:\/\/www.facebook.com\/mariano.quiroga.779\",\"https:\/\/x.com\/MaruchoQuiroga\"],\"url\":\"https:\/\/www.pressenza.com\/it\/author\/mariano-quiroga\/\"}]}<\/script>\n<!-- \/ Yoast SEO plugin. -->","yoast_head_json":{"title":"Unit\u00e0 politica europea per contrapporsi al fascismo","description":"Lo spirito di resistenza contro il nazismo incoraggia l'unit\u00e0 della sinistra in Europa. I primi passi in questa direzione sono stati compiuti da Podemos,","robots":{"index":"index","follow":"follow","max-snippet":"max-snippet:-1","max-image-preview":"max-image-preview:large","max-video-preview":"max-video-preview:-1"},"canonical":"https:\/\/www.pressenza.com\/it\/2018\/09\/unita-politica-europea-per-contrapporsi-al-fascismo\/","og_locale":"it_IT","og_type":"article","og_title":"Unit\u00e0 politica europea per contrapporsi al fascismo","og_description":"Lo spirito di resistenza contro il nazismo incoraggia l'unit\u00e0 della sinistra in Europa. I primi passi in questa direzione sono stati compiuti da Podemos,","og_url":"https:\/\/www.pressenza.com\/it\/2018\/09\/unita-politica-europea-per-contrapporsi-al-fascismo\/","og_site_name":"Pressenza","article_publisher":"https:\/\/www.facebook.com\/PressenzaItalia","article_author":"https:\/\/www.facebook.com\/mariano.quiroga.779","article_published_time":"2018-09-13T09:57:21+00:00","article_modified_time":"2018-09-13T09:59:42+00:00","og_image":[{"width":818,"height":545,"url":"https:\/\/www.pressenza.com\/wp-content\/uploads\/2018\/09\/Acto-Pablo-Iglesias-Melenchon-Madrid_EDIIMA20180907_0728_5-1.jpg","type":"image\/jpeg"}],"author":"Mariano Quiroga","twitter_card":"summary_large_image","twitter_creator":"@MaruchoQuiroga","twitter_site":"@PressenzaIPA","twitter_misc":{"Scritto da":"Mariano Quiroga","Tempo di lettura stimato":"2 minuti"},"schema":{"@context":"https:\/\/schema.org","@graph":[{"@type":"Article","@id":"https:\/\/www.pressenza.com\/it\/2018\/09\/unita-politica-europea-per-contrapporsi-al-fascismo\/#article","isPartOf":{"@id":"https:\/\/www.pressenza.com\/it\/2018\/09\/unita-politica-europea-per-contrapporsi-al-fascismo\/"},"author":{"name":"Mariano Quiroga","@id":"https:\/\/www.pressenza.com\/it\/#\/schema\/person\/a0856fe41d8234b92503e6b28dc2585e"},"headline":"Unit\u00e0 politica europea per contrapporsi al fascismo","datePublished":"2018-09-13T09:57:21+00:00","dateModified":"2018-09-13T09:59:42+00:00","mainEntityOfPage":{"@id":"https:\/\/www.pressenza.com\/it\/2018\/09\/unita-politica-europea-per-contrapporsi-al-fascismo\/"},"wordCount":447,"publisher":{"@id":"https:\/\/www.pressenza.com\/it\/#organization"},"image":{"@id":"https:\/\/www.pressenza.com\/it\/2018\/09\/unita-politica-europea-per-contrapporsi-al-fascismo\/#primaryimage"},"thumbnailUrl":"https:\/\/www.pressenza.com\/wp-content\/uploads\/2018\/09\/Acto-Pablo-Iglesias-Melenchon-Madrid_EDIIMA20180907_0728_5-1.jpg","keywords":["elezioni europee 2019","fascismo","France Insoumise","Podemos"],"articleSection":["contenuti originali","Europa","Opinioni","Politica"],"inLanguage":"it-IT"},{"@type":"WebPage","@id":"https:\/\/www.pressenza.com\/it\/2018\/09\/unita-politica-europea-per-contrapporsi-al-fascismo\/","url":"https:\/\/www.pressenza.com\/it\/2018\/09\/unita-politica-europea-per-contrapporsi-al-fascismo\/","name":"Unit\u00e0 politica europea per contrapporsi al fascismo","isPartOf":{"@id":"https:\/\/www.pressenza.com\/it\/#website"},"primaryImageOfPage":{"@id":"https:\/\/www.pressenza.com\/it\/2018\/09\/unita-politica-europea-per-contrapporsi-al-fascismo\/#primaryimage"},"image":{"@id":"https:\/\/www.pressenza.com\/it\/2018\/09\/unita-politica-europea-per-contrapporsi-al-fascismo\/#primaryimage"},"thumbnailUrl":"https:\/\/www.pressenza.com\/wp-content\/uploads\/2018\/09\/Acto-Pablo-Iglesias-Melenchon-Madrid_EDIIMA20180907_0728_5-1.jpg","datePublished":"2018-09-13T09:57:21+00:00","dateModified":"2018-09-13T09:59:42+00:00","description":"Lo spirito di resistenza contro il nazismo incoraggia l'unit\u00e0 della sinistra in Europa. I primi passi in questa direzione sono stati compiuti da Podemos,","breadcrumb":{"@id":"https:\/\/www.pressenza.com\/it\/2018\/09\/unita-politica-europea-per-contrapporsi-al-fascismo\/#breadcrumb"},"inLanguage":"it-IT","potentialAction":[{"@type":"ReadAction","target":["https:\/\/www.pressenza.com\/it\/2018\/09\/unita-politica-europea-per-contrapporsi-al-fascismo\/"]}]},{"@type":"ImageObject","inLanguage":"it-IT","@id":"https:\/\/www.pressenza.com\/it\/2018\/09\/unita-politica-europea-per-contrapporsi-al-fascismo\/#primaryimage","url":"https:\/\/www.pressenza.com\/wp-content\/uploads\/2018\/09\/Acto-Pablo-Iglesias-Melenchon-Madrid_EDIIMA20180907_0728_5-1.jpg","contentUrl":"https:\/\/www.pressenza.com\/wp-content\/uploads\/2018\/09\/Acto-Pablo-Iglesias-Melenchon-Madrid_EDIIMA20180907_0728_5-1.jpg","width":818,"height":545},{"@type":"BreadcrumbList","@id":"https:\/\/www.pressenza.com\/it\/2018\/09\/unita-politica-europea-per-contrapporsi-al-fascismo\/#breadcrumb","itemListElement":[{"@type":"ListItem","position":1,"name":"Accueil","item":"https:\/\/www.pressenza.com\/it\/"},{"@type":"ListItem","position":2,"name":"Unit\u00e0 politica europea per contrapporsi al fascismo"}]},{"@type":"WebSite","@id":"https:\/\/www.pressenza.com\/it\/#website","url":"https:\/\/www.pressenza.com\/it\/","name":"Pressenza","description":"Agenzia di Stampa Internazionale","publisher":{"@id":"https:\/\/www.pressenza.com\/it\/#organization"},"potentialAction":[{"@type":"SearchAction","target":{"@type":"EntryPoint","urlTemplate":"https:\/\/www.pressenza.com\/it\/?s={search_term_string}"},"query-input":{"@type":"PropertyValueSpecification","valueRequired":true,"valueName":"search_term_string"}}],"inLanguage":"it-IT"},{"@type":"Organization","@id":"https:\/\/www.pressenza.com\/it\/#organization","name":"Pressenza","url":"https:\/\/www.pressenza.com\/it\/","logo":{"@type":"ImageObject","inLanguage":"it-IT","@id":"https:\/\/www.pressenza.com\/it\/#\/schema\/logo\/image\/","url":"https:\/\/www.pressenza.com\/wp-content\/uploads\/2022\/10\/pressenza_logo_200x200.jpg","contentUrl":"https:\/\/www.pressenza.com\/wp-content\/uploads\/2022\/10\/pressenza_logo_200x200.jpg","width":200,"height":200,"caption":"Pressenza"},"image":{"@id":"https:\/\/www.pressenza.com\/it\/#\/schema\/logo\/image\/"},"sameAs":["https:\/\/www.facebook.com\/PressenzaItalia","https:\/\/x.com\/PressenzaIPA"]},{"@type":"Person","@id":"https:\/\/www.pressenza.com\/it\/#\/schema\/person\/a0856fe41d8234b92503e6b28dc2585e","name":"Mariano Quiroga","description":"Born in Buenos Aires, Argentina, in 1976, Mariano is a journalist, poet and international editor for Pressenza. His career includes publications in different countries and languages. Currently he is presenter on radio programmes in Ecuador and Argentina. A humanist communicator specialising in international politics, his vocation has led him to seek to build bridges that allow relationships to be made between data, events, people and contexts in order to create an inclusive look that synthesises the noblest searches for social justice and humanisation of the planet.","sameAs":["https:\/\/www.facebook.com\/mariano.quiroga.779","https:\/\/x.com\/MaruchoQuiroga"],"url":"https:\/\/www.pressenza.com\/it\/author\/mariano-quiroga\/"}]}},"place":"","original_article_url":"http:\/\/www.pichinchauniversal.com.ec\/unidad-politica-europea-para-enfrentar-el-fascismo\/","_links":{"self":[{"href":"https:\/\/www.pressenza.com\/it\/wp-json\/wp\/v2\/posts\/719562","targetHints":{"allow":["GET"]}}],"collection":[{"href":"https:\/\/www.pressenza.com\/it\/wp-json\/wp\/v2\/posts"}],"about":[{"href":"https:\/\/www.pressenza.com\/it\/wp-json\/wp\/v2\/types\/post"}],"author":[{"embeddable":true,"href":"https:\/\/www.pressenza.com\/it\/wp-json\/wp\/v2\/users\/96"}],"replies":[{"embeddable":true,"href":"https:\/\/www.pressenza.com\/it\/wp-json\/wp\/v2\/comments?post=719562"}],"version-history":[{"count":0,"href":"https:\/\/www.pressenza.com\/it\/wp-json\/wp\/v2\/posts\/719562\/revisions"}],"wp:featuredmedia":[{"embeddable":true,"href":"https:\/\/www.pressenza.com\/it\/wp-json\/wp\/v2\/media\/719070"}],"wp:attachment":[{"href":"https:\/\/www.pressenza.com\/it\/wp-json\/wp\/v2\/media?parent=719562"}],"wp:term":[{"taxonomy":"category","embeddable":true,"href":"https:\/\/www.pressenza.com\/it\/wp-json\/wp\/v2\/categories?post=719562"},{"taxonomy":"post_tag","embeddable":true,"href":"https:\/\/www.pressenza.com\/it\/wp-json\/wp\/v2\/tags?post=719562"}],"curies":[{"name":"wp","href":"https:\/\/api.w.org\/{rel}","templated":true}]}}