{"id":717352,"date":"2018-09-09T21:51:11","date_gmt":"2018-09-09T20:51:11","guid":{"rendered":"https:\/\/www.pressenza.com\/?p=717352"},"modified":"2018-09-09T21:51:11","modified_gmt":"2018-09-09T20:51:11","slug":"egitto-decine-di-condanne-a-morte-ed-ergastoli-altre-612-a-pene-detentive","status":"publish","type":"post","link":"https:\/\/www.pressenza.com\/it\/2018\/09\/egitto-decine-di-condanne-a-morte-ed-ergastoli-altre-612-a-pene-detentive\/","title":{"rendered":"Egitto, decine di condanne a morte ed ergastoli, altre 612 a pene detentive"},"content":{"rendered":"<p>L\u20198 settembre un<strong>\u00a0tribunale del Cairo<\/strong>\u00a0ha emesso il\u00a0<strong>verdetto<\/strong>\u00a0nei confronti di\u00a0<strong>739 imputati<\/strong>\u00a0accusati di vari reati in relazione al\u00a0<strong>violentissimo sgombero dei sit-in di piazza al-Rabaa al-Adawiya e piazza al-Nahda<\/strong>\u00a0il 14 agosto 2013.<\/p>\n<p>Sono state emesse\u00a0<strong>75 condanne a morte<\/strong>,\u00a0<strong>47 condanne all\u2019ergastolo<\/strong>\u00a0e altre\u00a0<strong>612 condanne a pene varianti da cinque a 15 ann<\/strong>i.<\/p>\n<p>I 739 imputati sono stati<strong>\u00a0processati collettivamente per 17 omicidi<\/strong>\u00a0(tra cui quelli di sette agenti di polizia) e altri reati tra cui \u201c<em>raduno illegale<\/em>\u201c, \u201c<em>istigazione a violare la legge<\/em>\u201d e \u201c<em>partecipazione ad atti di violenza<\/em>\u201c. \u00a0Secondo dati ufficiali,\u00a0<strong>nei due violentissimi sgomberi persero la vita sei agenti di polizia<\/strong>.<\/p>\n<p>Tra gli imputati giudicati colpevoli c\u2019\u00e8 anche il foto-giornalista\u00a0<strong>Mahmoud Abu Zeid<\/strong>, detto\u00a0<strong>Shawkan<\/strong>,\u00a0<strong>condannato a cinque anni<\/strong>. Avendo\u00a0<strong>gi\u00e0 trascorso in carcere un periodo di tempo superiore alla condanna<\/strong>, cinque anni e 25 giorni,\u00a0<strong>dovrebbe essere presto rilasciato<\/strong>. Lo attendono comunque\u00a0<strong>altri cinque anni di libert\u00e0 condizionata<\/strong>.<\/p>\n<p>Questo il commento di\u00a0<strong>Najia Bounaim<\/strong>, direttrice delle campagne di Amnesty International sull\u2019Africa del Nord: \u201c<em>Le sentenze sono state emesse al termine di un vergognoso processo di massa riguardante oltre 700 persone. Le deploriamo nel modo pi\u00f9 assoluto. La pena di morte non dovrebbe mai essere presa in considerazione, in qualunque circostanza<\/em>.<\/p>\n<p><em>Il fatto che non un singolo agente di polizia sia stato chiamato a rispondere in tribunale dell\u2019uccisione di almeno 900 manifestanti nelle proteste di Rabaa e Nahda mostra di fronte a quanta parodia della giustizia ci troviamo. Le autorit\u00e0 egiziane dovrebbero vergognarsi. Chiediamo un nuovo processo di fronte a un tribunale imparziale che rispetti in pieno il diritto a un giudizio equo e non ricorra alla pena di morte<\/em>.<\/p>\n<p><em>Shawkan \u00e8 stato condannato a cinque anni per il mero fatto di svolgere il lavoro di fotogiornalista e aver documentato le brutali azioni della polizia il 14 agosto 2013. Ha gi\u00e0 trascorso oltre cinque anni in carcere. Il vergognoso attacco delle autorit\u00e0 egiziane alla libert\u00e0 di stampa e di espressione deve cessare. Shawkan deve tornare in libert\u00e0 subito e senza alcuna condizione. Per noi \u00e8 un prigioniero di coscienza, detenuto solo per aver esercitato la sua professione di giornalista<\/em>.<\/p>\n<p>&nbsp;<\/p>\n","protected":false},"excerpt":{"rendered":"<p>L\u20198 settembre un\u00a0tribunale del Cairo\u00a0ha emesso il\u00a0verdetto\u00a0nei confronti di\u00a0739 imputati\u00a0accusati di vari reati in relazione al\u00a0violentissimo sgombero dei sit-in di piazza al-Rabaa al-Adawiya e piazza al-Nahda\u00a0il 14 agosto 2013. Sono state emesse\u00a075 condanne a morte,\u00a047 condanne all\u2019ergastolo\u00a0e altre\u00a0612 condanne a&hellip;<\/p>\n","protected":false},"author":432,"featured_media":717353,"comment_status":"closed","ping_status":"closed","sticky":false,"template":"","format":"standard","meta":{"footnotes":""},"categories":[45,150,60],"tags":[15402,2827,1119,33212],"class_list":["post-717352","post","type-post","status-publish","format-standard","has-post-thumbnail","hentry","category-africa-it","category-comunicati-stampa","category-diritti-umani","tag-condanne","tag-egitto","tag-repressione","tag-shawkan"],"yoast_head":"<!-- This site is optimized with the Yoast SEO plugin v27.1.1 - https:\/\/yoast.com\/product\/yoast-seo-wordpress\/ -->\n<title>Egitto, decine di condanne a morte ed ergastoli, altre 612 a pene detentive<\/title>\n<meta name=\"description\" content=\"L\u20198 settembre un\u00a0tribunale del Cairo\u00a0ha emesso il\u00a0verdetto\u00a0nei confronti di\u00a0739 imputati\u00a0accusati di vari reati in relazione al\u00a0violentissimo sgombero dei\" \/>\n<meta name=\"robots\" content=\"index, follow, max-snippet:-1, max-image-preview:large, max-video-preview:-1\" \/>\n<link rel=\"canonical\" href=\"https:\/\/www.pressenza.com\/it\/2018\/09\/egitto-decine-di-condanne-a-morte-ed-ergastoli-altre-612-a-pene-detentive\/\" \/>\n<meta property=\"og:locale\" content=\"it_IT\" \/>\n<meta property=\"og:type\" content=\"article\" \/>\n<meta property=\"og:title\" content=\"Egitto, decine di condanne a morte ed ergastoli, altre 612 a pene detentive\" \/>\n<meta property=\"og:description\" content=\"L\u20198 settembre un\u00a0tribunale del Cairo\u00a0ha emesso il\u00a0verdetto\u00a0nei confronti di\u00a0739 imputati\u00a0accusati di vari reati in relazione al\u00a0violentissimo sgombero dei\" \/>\n<meta property=\"og:url\" content=\"https:\/\/www.pressenza.com\/it\/2018\/09\/egitto-decine-di-condanne-a-morte-ed-ergastoli-altre-612-a-pene-detentive\/\" \/>\n<meta property=\"og:site_name\" content=\"Pressenza\" \/>\n<meta property=\"article:publisher\" content=\"https:\/\/www.facebook.com\/PressenzaItalia\" \/>\n<meta property=\"article:author\" content=\"https:\/\/www.facebook.com\/amnestyglobal\" \/>\n<meta property=\"article:published_time\" content=\"2018-09-09T20:51:11+00:00\" \/>\n<meta property=\"og:image\" content=\"https:\/\/www.pressenza.com\/wp-content\/uploads\/2018\/09\/appello-shawkan.jpg\" \/>\n\t<meta property=\"og:image:width\" content=\"1920\" \/>\n\t<meta property=\"og:image:height\" content=\"900\" \/>\n\t<meta property=\"og:image:type\" content=\"image\/jpeg\" \/>\n<meta name=\"author\" content=\"Amnesty International\" \/>\n<meta name=\"twitter:card\" content=\"summary_large_image\" \/>\n<meta name=\"twitter:creator\" content=\"@amnesty\" \/>\n<meta name=\"twitter:site\" content=\"@PressenzaIPA\" \/>\n<meta name=\"twitter:label1\" content=\"Scritto da\" \/>\n\t<meta name=\"twitter:data1\" content=\"Amnesty International\" \/>\n\t<meta name=\"twitter:label2\" content=\"Tempo di lettura stimato\" \/>\n\t<meta name=\"twitter:data2\" content=\"2 minuti\" \/>\n<script type=\"application\/ld+json\" class=\"yoast-schema-graph\">{\"@context\":\"https:\/\/schema.org\",\"@graph\":[{\"@type\":\"Article\",\"@id\":\"https:\/\/www.pressenza.com\/it\/2018\/09\/egitto-decine-di-condanne-a-morte-ed-ergastoli-altre-612-a-pene-detentive\/#article\",\"isPartOf\":{\"@id\":\"https:\/\/www.pressenza.com\/it\/2018\/09\/egitto-decine-di-condanne-a-morte-ed-ergastoli-altre-612-a-pene-detentive\/\"},\"author\":{\"name\":\"Amnesty International\",\"@id\":\"https:\/\/www.pressenza.com\/it\/#\/schema\/person\/9b981b05c7ecf09292e6acb3223b2d9d\"},\"headline\":\"Egitto, decine di condanne a morte ed ergastoli, altre 612 a pene detentive\",\"datePublished\":\"2018-09-09T20:51:11+00:00\",\"mainEntityOfPage\":{\"@id\":\"https:\/\/www.pressenza.com\/it\/2018\/09\/egitto-decine-di-condanne-a-morte-ed-ergastoli-altre-612-a-pene-detentive\/\"},\"wordCount\":357,\"publisher\":{\"@id\":\"https:\/\/www.pressenza.com\/it\/#organization\"},\"image\":{\"@id\":\"https:\/\/www.pressenza.com\/it\/2018\/09\/egitto-decine-di-condanne-a-morte-ed-ergastoli-altre-612-a-pene-detentive\/#primaryimage\"},\"thumbnailUrl\":\"https:\/\/www.pressenza.com\/wp-content\/uploads\/2018\/09\/appello-shawkan.jpg\",\"keywords\":[\"condanne\",\"Egitto\",\"repressione\",\"Shawkan\"],\"articleSection\":[\"Africa\",\"Comunicati Stampa\",\"Diritti Umani\"],\"inLanguage\":\"it-IT\"},{\"@type\":\"WebPage\",\"@id\":\"https:\/\/www.pressenza.com\/it\/2018\/09\/egitto-decine-di-condanne-a-morte-ed-ergastoli-altre-612-a-pene-detentive\/\",\"url\":\"https:\/\/www.pressenza.com\/it\/2018\/09\/egitto-decine-di-condanne-a-morte-ed-ergastoli-altre-612-a-pene-detentive\/\",\"name\":\"Egitto, decine di condanne a morte ed ergastoli, altre 612 a pene detentive\",\"isPartOf\":{\"@id\":\"https:\/\/www.pressenza.com\/it\/#website\"},\"primaryImageOfPage\":{\"@id\":\"https:\/\/www.pressenza.com\/it\/2018\/09\/egitto-decine-di-condanne-a-morte-ed-ergastoli-altre-612-a-pene-detentive\/#primaryimage\"},\"image\":{\"@id\":\"https:\/\/www.pressenza.com\/it\/2018\/09\/egitto-decine-di-condanne-a-morte-ed-ergastoli-altre-612-a-pene-detentive\/#primaryimage\"},\"thumbnailUrl\":\"https:\/\/www.pressenza.com\/wp-content\/uploads\/2018\/09\/appello-shawkan.jpg\",\"datePublished\":\"2018-09-09T20:51:11+00:00\",\"description\":\"L\u20198 settembre un\u00a0tribunale del Cairo\u00a0ha emesso il\u00a0verdetto\u00a0nei confronti di\u00a0739 imputati\u00a0accusati di vari reati in relazione al\u00a0violentissimo sgombero dei\",\"breadcrumb\":{\"@id\":\"https:\/\/www.pressenza.com\/it\/2018\/09\/egitto-decine-di-condanne-a-morte-ed-ergastoli-altre-612-a-pene-detentive\/#breadcrumb\"},\"inLanguage\":\"it-IT\",\"potentialAction\":[{\"@type\":\"ReadAction\",\"target\":[\"https:\/\/www.pressenza.com\/it\/2018\/09\/egitto-decine-di-condanne-a-morte-ed-ergastoli-altre-612-a-pene-detentive\/\"]}]},{\"@type\":\"ImageObject\",\"inLanguage\":\"it-IT\",\"@id\":\"https:\/\/www.pressenza.com\/it\/2018\/09\/egitto-decine-di-condanne-a-morte-ed-ergastoli-altre-612-a-pene-detentive\/#primaryimage\",\"url\":\"https:\/\/www.pressenza.com\/wp-content\/uploads\/2018\/09\/appello-shawkan.jpg\",\"contentUrl\":\"https:\/\/www.pressenza.com\/wp-content\/uploads\/2018\/09\/appello-shawkan.jpg\",\"width\":1920,\"height\":900},{\"@type\":\"BreadcrumbList\",\"@id\":\"https:\/\/www.pressenza.com\/it\/2018\/09\/egitto-decine-di-condanne-a-morte-ed-ergastoli-altre-612-a-pene-detentive\/#breadcrumb\",\"itemListElement\":[{\"@type\":\"ListItem\",\"position\":1,\"name\":\"Accueil\",\"item\":\"https:\/\/www.pressenza.com\/it\/\"},{\"@type\":\"ListItem\",\"position\":2,\"name\":\"Egitto, decine di condanne a morte ed ergastoli, altre 612 a pene detentive\"}]},{\"@type\":\"WebSite\",\"@id\":\"https:\/\/www.pressenza.com\/it\/#website\",\"url\":\"https:\/\/www.pressenza.com\/it\/\",\"name\":\"Pressenza\",\"description\":\"Agenzia di Stampa Internazionale\",\"publisher\":{\"@id\":\"https:\/\/www.pressenza.com\/it\/#organization\"},\"potentialAction\":[{\"@type\":\"SearchAction\",\"target\":{\"@type\":\"EntryPoint\",\"urlTemplate\":\"https:\/\/www.pressenza.com\/it\/?s={search_term_string}\"},\"query-input\":{\"@type\":\"PropertyValueSpecification\",\"valueRequired\":true,\"valueName\":\"search_term_string\"}}],\"inLanguage\":\"it-IT\"},{\"@type\":\"Organization\",\"@id\":\"https:\/\/www.pressenza.com\/it\/#organization\",\"name\":\"Pressenza\",\"url\":\"https:\/\/www.pressenza.com\/it\/\",\"logo\":{\"@type\":\"ImageObject\",\"inLanguage\":\"it-IT\",\"@id\":\"https:\/\/www.pressenza.com\/it\/#\/schema\/logo\/image\/\",\"url\":\"https:\/\/www.pressenza.com\/wp-content\/uploads\/2022\/10\/pressenza_logo_200x200.jpg\",\"contentUrl\":\"https:\/\/www.pressenza.com\/wp-content\/uploads\/2022\/10\/pressenza_logo_200x200.jpg\",\"width\":200,\"height\":200,\"caption\":\"Pressenza\"},\"image\":{\"@id\":\"https:\/\/www.pressenza.com\/it\/#\/schema\/logo\/image\/\"},\"sameAs\":[\"https:\/\/www.facebook.com\/PressenzaItalia\",\"https:\/\/x.com\/PressenzaIPA\"]},{\"@type\":\"Person\",\"@id\":\"https:\/\/www.pressenza.com\/it\/#\/schema\/person\/9b981b05c7ecf09292e6acb3223b2d9d\",\"name\":\"Amnesty International\",\"description\":\"Amnesty International is a global movement of more than 3 million supporters, members and activists in over 150 countries and territories who campaign to end grave abuses of human rights. Our vision is for every person to enjoy all the rights enshrined in the Universal Declaration of Human Rights and other international human rights standards. www.amnesty.org\",\"sameAs\":[\"http:\/\/www.amnesty.it\",\"https:\/\/www.facebook.com\/amnestyglobal\",\"https:\/\/x.com\/amnesty\"],\"url\":\"https:\/\/www.pressenza.com\/it\/author\/amnesty-international\/\"}]}<\/script>\n<!-- \/ Yoast SEO plugin. -->","yoast_head_json":{"title":"Egitto, decine di condanne a morte ed ergastoli, altre 612 a pene detentive","description":"L\u20198 settembre un\u00a0tribunale del Cairo\u00a0ha emesso il\u00a0verdetto\u00a0nei confronti di\u00a0739 imputati\u00a0accusati di vari reati in relazione al\u00a0violentissimo sgombero dei","robots":{"index":"index","follow":"follow","max-snippet":"max-snippet:-1","max-image-preview":"max-image-preview:large","max-video-preview":"max-video-preview:-1"},"canonical":"https:\/\/www.pressenza.com\/it\/2018\/09\/egitto-decine-di-condanne-a-morte-ed-ergastoli-altre-612-a-pene-detentive\/","og_locale":"it_IT","og_type":"article","og_title":"Egitto, decine di condanne a morte ed ergastoli, altre 612 a pene detentive","og_description":"L\u20198 settembre un\u00a0tribunale del Cairo\u00a0ha emesso il\u00a0verdetto\u00a0nei confronti di\u00a0739 imputati\u00a0accusati di vari reati in relazione al\u00a0violentissimo sgombero dei","og_url":"https:\/\/www.pressenza.com\/it\/2018\/09\/egitto-decine-di-condanne-a-morte-ed-ergastoli-altre-612-a-pene-detentive\/","og_site_name":"Pressenza","article_publisher":"https:\/\/www.facebook.com\/PressenzaItalia","article_author":"https:\/\/www.facebook.com\/amnestyglobal","article_published_time":"2018-09-09T20:51:11+00:00","og_image":[{"width":1920,"height":900,"url":"https:\/\/www.pressenza.com\/wp-content\/uploads\/2018\/09\/appello-shawkan.jpg","type":"image\/jpeg"}],"author":"Amnesty International","twitter_card":"summary_large_image","twitter_creator":"@amnesty","twitter_site":"@PressenzaIPA","twitter_misc":{"Scritto da":"Amnesty International","Tempo di lettura stimato":"2 minuti"},"schema":{"@context":"https:\/\/schema.org","@graph":[{"@type":"Article","@id":"https:\/\/www.pressenza.com\/it\/2018\/09\/egitto-decine-di-condanne-a-morte-ed-ergastoli-altre-612-a-pene-detentive\/#article","isPartOf":{"@id":"https:\/\/www.pressenza.com\/it\/2018\/09\/egitto-decine-di-condanne-a-morte-ed-ergastoli-altre-612-a-pene-detentive\/"},"author":{"name":"Amnesty International","@id":"https:\/\/www.pressenza.com\/it\/#\/schema\/person\/9b981b05c7ecf09292e6acb3223b2d9d"},"headline":"Egitto, decine di condanne a morte ed ergastoli, altre 612 a pene detentive","datePublished":"2018-09-09T20:51:11+00:00","mainEntityOfPage":{"@id":"https:\/\/www.pressenza.com\/it\/2018\/09\/egitto-decine-di-condanne-a-morte-ed-ergastoli-altre-612-a-pene-detentive\/"},"wordCount":357,"publisher":{"@id":"https:\/\/www.pressenza.com\/it\/#organization"},"image":{"@id":"https:\/\/www.pressenza.com\/it\/2018\/09\/egitto-decine-di-condanne-a-morte-ed-ergastoli-altre-612-a-pene-detentive\/#primaryimage"},"thumbnailUrl":"https:\/\/www.pressenza.com\/wp-content\/uploads\/2018\/09\/appello-shawkan.jpg","keywords":["condanne","Egitto","repressione","Shawkan"],"articleSection":["Africa","Comunicati Stampa","Diritti Umani"],"inLanguage":"it-IT"},{"@type":"WebPage","@id":"https:\/\/www.pressenza.com\/it\/2018\/09\/egitto-decine-di-condanne-a-morte-ed-ergastoli-altre-612-a-pene-detentive\/","url":"https:\/\/www.pressenza.com\/it\/2018\/09\/egitto-decine-di-condanne-a-morte-ed-ergastoli-altre-612-a-pene-detentive\/","name":"Egitto, decine di condanne a morte ed ergastoli, altre 612 a pene detentive","isPartOf":{"@id":"https:\/\/www.pressenza.com\/it\/#website"},"primaryImageOfPage":{"@id":"https:\/\/www.pressenza.com\/it\/2018\/09\/egitto-decine-di-condanne-a-morte-ed-ergastoli-altre-612-a-pene-detentive\/#primaryimage"},"image":{"@id":"https:\/\/www.pressenza.com\/it\/2018\/09\/egitto-decine-di-condanne-a-morte-ed-ergastoli-altre-612-a-pene-detentive\/#primaryimage"},"thumbnailUrl":"https:\/\/www.pressenza.com\/wp-content\/uploads\/2018\/09\/appello-shawkan.jpg","datePublished":"2018-09-09T20:51:11+00:00","description":"L\u20198 settembre un\u00a0tribunale del Cairo\u00a0ha emesso il\u00a0verdetto\u00a0nei confronti di\u00a0739 imputati\u00a0accusati di vari reati in relazione al\u00a0violentissimo sgombero dei","breadcrumb":{"@id":"https:\/\/www.pressenza.com\/it\/2018\/09\/egitto-decine-di-condanne-a-morte-ed-ergastoli-altre-612-a-pene-detentive\/#breadcrumb"},"inLanguage":"it-IT","potentialAction":[{"@type":"ReadAction","target":["https:\/\/www.pressenza.com\/it\/2018\/09\/egitto-decine-di-condanne-a-morte-ed-ergastoli-altre-612-a-pene-detentive\/"]}]},{"@type":"ImageObject","inLanguage":"it-IT","@id":"https:\/\/www.pressenza.com\/it\/2018\/09\/egitto-decine-di-condanne-a-morte-ed-ergastoli-altre-612-a-pene-detentive\/#primaryimage","url":"https:\/\/www.pressenza.com\/wp-content\/uploads\/2018\/09\/appello-shawkan.jpg","contentUrl":"https:\/\/www.pressenza.com\/wp-content\/uploads\/2018\/09\/appello-shawkan.jpg","width":1920,"height":900},{"@type":"BreadcrumbList","@id":"https:\/\/www.pressenza.com\/it\/2018\/09\/egitto-decine-di-condanne-a-morte-ed-ergastoli-altre-612-a-pene-detentive\/#breadcrumb","itemListElement":[{"@type":"ListItem","position":1,"name":"Accueil","item":"https:\/\/www.pressenza.com\/it\/"},{"@type":"ListItem","position":2,"name":"Egitto, decine di condanne a morte ed ergastoli, altre 612 a pene detentive"}]},{"@type":"WebSite","@id":"https:\/\/www.pressenza.com\/it\/#website","url":"https:\/\/www.pressenza.com\/it\/","name":"Pressenza","description":"Agenzia di Stampa Internazionale","publisher":{"@id":"https:\/\/www.pressenza.com\/it\/#organization"},"potentialAction":[{"@type":"SearchAction","target":{"@type":"EntryPoint","urlTemplate":"https:\/\/www.pressenza.com\/it\/?s={search_term_string}"},"query-input":{"@type":"PropertyValueSpecification","valueRequired":true,"valueName":"search_term_string"}}],"inLanguage":"it-IT"},{"@type":"Organization","@id":"https:\/\/www.pressenza.com\/it\/#organization","name":"Pressenza","url":"https:\/\/www.pressenza.com\/it\/","logo":{"@type":"ImageObject","inLanguage":"it-IT","@id":"https:\/\/www.pressenza.com\/it\/#\/schema\/logo\/image\/","url":"https:\/\/www.pressenza.com\/wp-content\/uploads\/2022\/10\/pressenza_logo_200x200.jpg","contentUrl":"https:\/\/www.pressenza.com\/wp-content\/uploads\/2022\/10\/pressenza_logo_200x200.jpg","width":200,"height":200,"caption":"Pressenza"},"image":{"@id":"https:\/\/www.pressenza.com\/it\/#\/schema\/logo\/image\/"},"sameAs":["https:\/\/www.facebook.com\/PressenzaItalia","https:\/\/x.com\/PressenzaIPA"]},{"@type":"Person","@id":"https:\/\/www.pressenza.com\/it\/#\/schema\/person\/9b981b05c7ecf09292e6acb3223b2d9d","name":"Amnesty International","description":"Amnesty International is a global movement of more than 3 million supporters, members and activists in over 150 countries and territories who campaign to end grave abuses of human rights. Our vision is for every person to enjoy all the rights enshrined in the Universal Declaration of Human Rights and other international human rights standards. www.amnesty.org","sameAs":["http:\/\/www.amnesty.it","https:\/\/www.facebook.com\/amnestyglobal","https:\/\/x.com\/amnesty"],"url":"https:\/\/www.pressenza.com\/it\/author\/amnesty-international\/"}]}},"place":"","original_article_url":"","_links":{"self":[{"href":"https:\/\/www.pressenza.com\/it\/wp-json\/wp\/v2\/posts\/717352","targetHints":{"allow":["GET"]}}],"collection":[{"href":"https:\/\/www.pressenza.com\/it\/wp-json\/wp\/v2\/posts"}],"about":[{"href":"https:\/\/www.pressenza.com\/it\/wp-json\/wp\/v2\/types\/post"}],"author":[{"embeddable":true,"href":"https:\/\/www.pressenza.com\/it\/wp-json\/wp\/v2\/users\/432"}],"replies":[{"embeddable":true,"href":"https:\/\/www.pressenza.com\/it\/wp-json\/wp\/v2\/comments?post=717352"}],"version-history":[{"count":0,"href":"https:\/\/www.pressenza.com\/it\/wp-json\/wp\/v2\/posts\/717352\/revisions"}],"wp:featuredmedia":[{"embeddable":true,"href":"https:\/\/www.pressenza.com\/it\/wp-json\/wp\/v2\/media\/717353"}],"wp:attachment":[{"href":"https:\/\/www.pressenza.com\/it\/wp-json\/wp\/v2\/media?parent=717352"}],"wp:term":[{"taxonomy":"category","embeddable":true,"href":"https:\/\/www.pressenza.com\/it\/wp-json\/wp\/v2\/categories?post=717352"},{"taxonomy":"post_tag","embeddable":true,"href":"https:\/\/www.pressenza.com\/it\/wp-json\/wp\/v2\/tags?post=717352"}],"curies":[{"name":"wp","href":"https:\/\/api.w.org\/{rel}","templated":true}]}}