{"id":716800,"date":"2018-09-08T21:04:26","date_gmt":"2018-09-08T20:04:26","guid":{"rendered":"https:\/\/www.pressenza.com\/?p=716800"},"modified":"2018-09-08T21:04:26","modified_gmt":"2018-09-08T20:04:26","slug":"la-marcia-e-di-tutti-e-per-tutti","status":"publish","type":"post","link":"https:\/\/www.pressenza.com\/it\/2018\/09\/la-marcia-e-di-tutti-e-per-tutti\/","title":{"rendered":"La Marcia \u00e8 di tutti e per tutti"},"content":{"rendered":"<header class=\"post-header\">\n<div class=\"meta post-meta\">\n<div class=\"post-apps\">\n<div class=\"addthis_toolbox addthis_default_style addthis_16x16_style\">da Perugia ad Assisi il 7 ottobre \u2013 Documento del Movimento Nonviolento.<\/div>\n<\/div>\n<\/div>\n<\/header>\n<div class=\"post-body\">\n<p align=\"JUSTIFY\"><i>Marcia per la pace e la fratellanza tra i popoli<\/i>, cos\u00ec la chiam\u00f2 nel 1961 l\u2019ideatore Aldo Capitini.<\/p>\n<p align=\"JUSTIFY\"><b>Pace e fratellanza<\/b>: sono queste le due gambe con le quali ci mettiamo in cammino, scendendo dall\u2019acropoli di Perugia verso la piana di Santa Maria degli Angeli e poi su fino alla Rocca di Assisi.<\/p>\n<p align=\"JUSTIFY\">In quel tragitto, cos\u00ec evocativo, ciascuno pu\u00f2 sentirsi a casa, ognuno nella sua diversit\u00e0 e con la sua specificit\u00e0. La Marcia, senza ritualit\u00e0 e particolarismi, \u00e8 di tutti, di tutti coloro che si riconoscono nei valori, laici e religiosi, a fondamento del vivere civile, di solidariet\u00e0 e condivisione; di tutti coloro che vogliono rispettare e attuare i\u00a0<b>principi fondamentali della Costituzione<\/b>\u00a0italiana: unit\u00e0 della Repubblica, diritti, lavoro, uguaglianza, libert\u00e0, laicit\u00e0, tutela delle minoranze, promozione della cultura, difesa del territorio, diritto d\u2019asilo, ripudio della guerra.<\/p>\n<p align=\"JUSTIFY\">Con la lungimiranza che ha contraddistinto il suo impegno civile, Capitini ha lasciato in eredit\u00e0 una tecnica nonviolenta (la chiamava\u00a0<i>assemblea itinerante<\/i>\u00a0o\u00a0<i>comunit\u00e0 in movimento<\/i>) capace di costruire un largo fronte che sappia\u00a0<b>ripudiare la guerra e la violenza<\/b>, a partire dal rifiuto delle armi, delle spese militari, degli eserciti, che le guerre preparano e rendono possibili. La Marcia ha senso solo se mette in moto onde che vanno lontano, se avvia campagne e iniziative nel segno della nonviolenza.<\/p>\n<p align=\"JUSTIFY\">Le parole della Marcia dovranno essere chiare e semplici, comprensibili da tutti: no alla guerra e alle armi, no alla violenza e al razzismo; s\u00ec alla pace e alla fratellanza, s\u00ec alla convivenza e al dialogo. La scelta \u00e8 chiara, o di qua o di l\u00e0.\u00a0<i><b>O nonviolenza, o non esistenza<\/b><\/i>.<\/p>\n<p align=\"JUSTIFY\">Vogliamo metterci in cammino, l\u2019uno a fianco dell\u2019altro, per rimettere l\u2019obiettivo della costruzione della pace con mezzi pacifici al primo punto dell\u2019agenda politica.<\/p>\n<p align=\"JUSTIFY\">Oggi la politica fomenta l\u2019odio, il governo incita il cittadino alla difesa armata fai-da-te. L\u2019alternativa a questo precipizio di civilt\u00e0 \u00e8 il disarmo:\u00a0<b>disarmare il pensiero, disarmare le parole, disarmare le azioni<\/b>. La nonviolenza \u00e8 la risposta\u00a0necessaria, capace di moltiplicare gli anticorpi che possono prosciugare il brodo di coltura nel quale stanno proliferando i batteri dell\u2019ignoranza, dell\u2019egoismo, del fascismo. La Marcia Perugia-Assisi del 2018 pu\u00f2 essere la prima risposta forte, corale, di tutti, al governo che calpesta i diritti e promuove la xenofobia. A chi sparge odio e paura rispondiamo con il coraggio della\u00a0<b>resistenza civile<\/b>. A chi innalza muri e ripristina confini rispondiamo con la fratellanza tra i popoli.<\/p>\n<p align=\"JUSTIFY\">La Marcia \u00e8 un\u2019azione nonviolenta che ne avvia tante altre.\u00a0<b>L\u2019opposizione alla guerra<\/b>\u00a0ha conseguenze politiche ben precise: taglio delle enormi spese militari, uscita dal programma di acquisto degli F35, riconversione civile dell\u2019industria bellica, stop all\u2019esportazione di armi che creano morte, distruzione, migrazioni forzate e profughi che fuggono dal terrore e dalla miseria. I nostri progetti per ricostruire una politica di pace e giustizia sono contenuti nella campagna \u201c<b>Un\u2019altra difesa \u00e8 possibile<\/b>\u201d: spostamento delle risorse dal bilancio militare alla difesa civile, non armata e nonviolenta, per i corpi civili di pace, la protezione civile, il servizio civile universale, un Istituto di ricerche per il disarmo.<\/p>\n<p align=\"JUSTIFY\">Vogliamo che i nostri soldi siano usati per costruire la pace e non per preparare la guerra.<\/p>\n<p align=\"JUSTIFY\">Saremo in tanti, da Perugia ad Assisi, a riprendere in mano\u00a0<b>la politica della nonviolenza<\/b>.<\/p>\n<ul>\n<li>scarica\u00a0<a href=\"https:\/\/www.azionenonviolenta.it\/wp-content\/uploads\/2018\/09\/marcia-pace-2018.png\" target=\"_blank\" rel=\"noopener\">qui<\/a>\u00a0la locandina della Marcia in formato png (vigna di Mauro Biani)<\/li>\n<li>scarica\u00a0<a href=\"https:\/\/www.azionenonviolenta.it\/wp-content\/uploads\/2018\/09\/Logo-Marcia-Perugia-Assisi-2018.pdf\" target=\"_blank\" rel=\"noopener\">qui<\/a>\u00a0la locandina della Marcia in formato pdf (vigna di Mauro Biani)<\/li>\n<\/ul>\n<\/div>\n","protected":false},"excerpt":{"rendered":"<p>da Perugia ad Assisi il 7 ottobre \u2013 Documento del Movimento Nonviolento. Marcia per la pace e la fratellanza tra i popoli, cos\u00ec la chiam\u00f2 nel 1961 l\u2019ideatore Aldo Capitini. Pace e fratellanza: sono queste le due gambe con le&hellip;<\/p>\n","protected":false},"author":600,"featured_media":716801,"comment_status":"closed","ping_status":"closed","sticky":false,"template":"","format":"standard","meta":{"footnotes":""},"categories":[150,47,1262],"tags":[6371,370,11733,720,460],"class_list":["post-716800","post","type-post","status-publish","format-standard","has-post-thumbnail","hentry","category-comunicati-stampa","category-europa","category-nonviolenza-argomento","tag-aldo-capitini","tag-italia","tag-marcia-perugia-assisi","tag-movimento-nonviolento","tag-nonviolenza"],"yoast_head":"<!-- This site is optimized with the Yoast SEO plugin v27.1.1 - https:\/\/yoast.com\/product\/yoast-seo-wordpress\/ -->\n<title>La Marcia \u00e8 di tutti e per tutti<\/title>\n<meta name=\"description\" content=\"da Perugia ad Assisi il 7 ottobre \u2013 Documento del Movimento Nonviolento. Marcia per la pace e la fratellanza tra i popoli, cos\u00ec la chiam\u00f2 nel 1961\" \/>\n<meta name=\"robots\" content=\"index, follow, max-snippet:-1, max-image-preview:large, max-video-preview:-1\" \/>\n<link rel=\"canonical\" href=\"https:\/\/www.pressenza.com\/it\/2018\/09\/la-marcia-e-di-tutti-e-per-tutti\/\" \/>\n<meta property=\"og:locale\" content=\"it_IT\" \/>\n<meta property=\"og:type\" content=\"article\" \/>\n<meta property=\"og:title\" content=\"La Marcia \u00e8 di tutti e per tutti\" \/>\n<meta property=\"og:description\" content=\"da Perugia ad Assisi il 7 ottobre \u2013 Documento del Movimento Nonviolento. Marcia per la pace e la fratellanza tra i popoli, cos\u00ec la chiam\u00f2 nel 1961\" \/>\n<meta property=\"og:url\" content=\"https:\/\/www.pressenza.com\/it\/2018\/09\/la-marcia-e-di-tutti-e-per-tutti\/\" \/>\n<meta property=\"og:site_name\" content=\"Pressenza\" \/>\n<meta property=\"article:publisher\" content=\"https:\/\/www.facebook.com\/PressenzaItalia\" \/>\n<meta property=\"article:published_time\" content=\"2018-09-08T20:04:26+00:00\" \/>\n<meta property=\"og:image\" content=\"https:\/\/www.pressenza.com\/wp-content\/uploads\/2018\/09\/marcia-pace-2018.png\" \/>\n\t<meta property=\"og:image:width\" content=\"800\" \/>\n\t<meta property=\"og:image:height\" content=\"1022\" \/>\n\t<meta property=\"og:image:type\" content=\"image\/png\" \/>\n<meta name=\"author\" content=\"Movimento Nonviolento\" \/>\n<meta name=\"twitter:card\" content=\"summary_large_image\" \/>\n<meta name=\"twitter:creator\" content=\"@PressenzaIPA\" \/>\n<meta name=\"twitter:site\" content=\"@PressenzaIPA\" \/>\n<meta name=\"twitter:label1\" content=\"Scritto da\" \/>\n\t<meta name=\"twitter:data1\" content=\"Movimento Nonviolento\" \/>\n\t<meta name=\"twitter:label2\" content=\"Tempo di lettura stimato\" \/>\n\t<meta name=\"twitter:data2\" content=\"3 minuti\" \/>\n<script type=\"application\/ld+json\" class=\"yoast-schema-graph\">{\"@context\":\"https:\/\/schema.org\",\"@graph\":[{\"@type\":\"Article\",\"@id\":\"https:\/\/www.pressenza.com\/it\/2018\/09\/la-marcia-e-di-tutti-e-per-tutti\/#article\",\"isPartOf\":{\"@id\":\"https:\/\/www.pressenza.com\/it\/2018\/09\/la-marcia-e-di-tutti-e-per-tutti\/\"},\"author\":{\"name\":\"Movimento Nonviolento\",\"@id\":\"https:\/\/www.pressenza.com\/it\/#\/schema\/person\/5c22aa4afc24f8cbe52d85a1f7e4df91\"},\"headline\":\"La Marcia \u00e8 di tutti e per tutti\",\"datePublished\":\"2018-09-08T20:04:26+00:00\",\"mainEntityOfPage\":{\"@id\":\"https:\/\/www.pressenza.com\/it\/2018\/09\/la-marcia-e-di-tutti-e-per-tutti\/\"},\"wordCount\":590,\"publisher\":{\"@id\":\"https:\/\/www.pressenza.com\/it\/#organization\"},\"image\":{\"@id\":\"https:\/\/www.pressenza.com\/it\/2018\/09\/la-marcia-e-di-tutti-e-per-tutti\/#primaryimage\"},\"thumbnailUrl\":\"https:\/\/www.pressenza.com\/wp-content\/uploads\/2018\/09\/marcia-pace-2018.png\",\"keywords\":[\"Aldo Capitini\",\"Italia\",\"Marcia Perugia-Assisi\",\"Movimento Nonviolento\",\"nonviolenza\"],\"articleSection\":[\"Comunicati Stampa\",\"Europa\",\"Nonviolenza\"],\"inLanguage\":\"it-IT\"},{\"@type\":\"WebPage\",\"@id\":\"https:\/\/www.pressenza.com\/it\/2018\/09\/la-marcia-e-di-tutti-e-per-tutti\/\",\"url\":\"https:\/\/www.pressenza.com\/it\/2018\/09\/la-marcia-e-di-tutti-e-per-tutti\/\",\"name\":\"La Marcia \u00e8 di tutti e per tutti\",\"isPartOf\":{\"@id\":\"https:\/\/www.pressenza.com\/it\/#website\"},\"primaryImageOfPage\":{\"@id\":\"https:\/\/www.pressenza.com\/it\/2018\/09\/la-marcia-e-di-tutti-e-per-tutti\/#primaryimage\"},\"image\":{\"@id\":\"https:\/\/www.pressenza.com\/it\/2018\/09\/la-marcia-e-di-tutti-e-per-tutti\/#primaryimage\"},\"thumbnailUrl\":\"https:\/\/www.pressenza.com\/wp-content\/uploads\/2018\/09\/marcia-pace-2018.png\",\"datePublished\":\"2018-09-08T20:04:26+00:00\",\"description\":\"da Perugia ad Assisi il 7 ottobre \u2013 Documento del Movimento Nonviolento. Marcia per la pace e la fratellanza tra i popoli, cos\u00ec la chiam\u00f2 nel 1961\",\"breadcrumb\":{\"@id\":\"https:\/\/www.pressenza.com\/it\/2018\/09\/la-marcia-e-di-tutti-e-per-tutti\/#breadcrumb\"},\"inLanguage\":\"it-IT\",\"potentialAction\":[{\"@type\":\"ReadAction\",\"target\":[\"https:\/\/www.pressenza.com\/it\/2018\/09\/la-marcia-e-di-tutti-e-per-tutti\/\"]}]},{\"@type\":\"ImageObject\",\"inLanguage\":\"it-IT\",\"@id\":\"https:\/\/www.pressenza.com\/it\/2018\/09\/la-marcia-e-di-tutti-e-per-tutti\/#primaryimage\",\"url\":\"https:\/\/www.pressenza.com\/wp-content\/uploads\/2018\/09\/marcia-pace-2018.png\",\"contentUrl\":\"https:\/\/www.pressenza.com\/wp-content\/uploads\/2018\/09\/marcia-pace-2018.png\",\"width\":800,\"height\":1022},{\"@type\":\"BreadcrumbList\",\"@id\":\"https:\/\/www.pressenza.com\/it\/2018\/09\/la-marcia-e-di-tutti-e-per-tutti\/#breadcrumb\",\"itemListElement\":[{\"@type\":\"ListItem\",\"position\":1,\"name\":\"Accueil\",\"item\":\"https:\/\/www.pressenza.com\/it\/\"},{\"@type\":\"ListItem\",\"position\":2,\"name\":\"La Marcia \u00e8 di tutti e per tutti\"}]},{\"@type\":\"WebSite\",\"@id\":\"https:\/\/www.pressenza.com\/it\/#website\",\"url\":\"https:\/\/www.pressenza.com\/it\/\",\"name\":\"Pressenza\",\"description\":\"Agenzia di Stampa Internazionale\",\"publisher\":{\"@id\":\"https:\/\/www.pressenza.com\/it\/#organization\"},\"potentialAction\":[{\"@type\":\"SearchAction\",\"target\":{\"@type\":\"EntryPoint\",\"urlTemplate\":\"https:\/\/www.pressenza.com\/it\/?s={search_term_string}\"},\"query-input\":{\"@type\":\"PropertyValueSpecification\",\"valueRequired\":true,\"valueName\":\"search_term_string\"}}],\"inLanguage\":\"it-IT\"},{\"@type\":\"Organization\",\"@id\":\"https:\/\/www.pressenza.com\/it\/#organization\",\"name\":\"Pressenza\",\"url\":\"https:\/\/www.pressenza.com\/it\/\",\"logo\":{\"@type\":\"ImageObject\",\"inLanguage\":\"it-IT\",\"@id\":\"https:\/\/www.pressenza.com\/it\/#\/schema\/logo\/image\/\",\"url\":\"https:\/\/www.pressenza.com\/wp-content\/uploads\/2022\/10\/pressenza_logo_200x200.jpg\",\"contentUrl\":\"https:\/\/www.pressenza.com\/wp-content\/uploads\/2022\/10\/pressenza_logo_200x200.jpg\",\"width\":200,\"height\":200,\"caption\":\"Pressenza\"},\"image\":{\"@id\":\"https:\/\/www.pressenza.com\/it\/#\/schema\/logo\/image\/\"},\"sameAs\":[\"https:\/\/www.facebook.com\/PressenzaItalia\",\"https:\/\/x.com\/PressenzaIPA\"]},{\"@type\":\"Person\",\"@id\":\"https:\/\/www.pressenza.com\/it\/#\/schema\/person\/5c22aa4afc24f8cbe52d85a1f7e4df91\",\"name\":\"Movimento Nonviolento\",\"description\":\"www.nonviolenti.org\",\"url\":\"https:\/\/www.pressenza.com\/it\/author\/movimento-nonviolento\/\"}]}<\/script>\n<!-- \/ Yoast SEO plugin. -->","yoast_head_json":{"title":"La Marcia \u00e8 di tutti e per tutti","description":"da Perugia ad Assisi il 7 ottobre \u2013 Documento del Movimento Nonviolento. Marcia per la pace e la fratellanza tra i popoli, cos\u00ec la chiam\u00f2 nel 1961","robots":{"index":"index","follow":"follow","max-snippet":"max-snippet:-1","max-image-preview":"max-image-preview:large","max-video-preview":"max-video-preview:-1"},"canonical":"https:\/\/www.pressenza.com\/it\/2018\/09\/la-marcia-e-di-tutti-e-per-tutti\/","og_locale":"it_IT","og_type":"article","og_title":"La Marcia \u00e8 di tutti e per tutti","og_description":"da Perugia ad Assisi il 7 ottobre \u2013 Documento del Movimento Nonviolento. Marcia per la pace e la fratellanza tra i popoli, cos\u00ec la chiam\u00f2 nel 1961","og_url":"https:\/\/www.pressenza.com\/it\/2018\/09\/la-marcia-e-di-tutti-e-per-tutti\/","og_site_name":"Pressenza","article_publisher":"https:\/\/www.facebook.com\/PressenzaItalia","article_published_time":"2018-09-08T20:04:26+00:00","og_image":[{"width":800,"height":1022,"url":"https:\/\/www.pressenza.com\/wp-content\/uploads\/2018\/09\/marcia-pace-2018.png","type":"image\/png"}],"author":"Movimento Nonviolento","twitter_card":"summary_large_image","twitter_creator":"@PressenzaIPA","twitter_site":"@PressenzaIPA","twitter_misc":{"Scritto da":"Movimento Nonviolento","Tempo di lettura stimato":"3 minuti"},"schema":{"@context":"https:\/\/schema.org","@graph":[{"@type":"Article","@id":"https:\/\/www.pressenza.com\/it\/2018\/09\/la-marcia-e-di-tutti-e-per-tutti\/#article","isPartOf":{"@id":"https:\/\/www.pressenza.com\/it\/2018\/09\/la-marcia-e-di-tutti-e-per-tutti\/"},"author":{"name":"Movimento Nonviolento","@id":"https:\/\/www.pressenza.com\/it\/#\/schema\/person\/5c22aa4afc24f8cbe52d85a1f7e4df91"},"headline":"La Marcia \u00e8 di tutti e per tutti","datePublished":"2018-09-08T20:04:26+00:00","mainEntityOfPage":{"@id":"https:\/\/www.pressenza.com\/it\/2018\/09\/la-marcia-e-di-tutti-e-per-tutti\/"},"wordCount":590,"publisher":{"@id":"https:\/\/www.pressenza.com\/it\/#organization"},"image":{"@id":"https:\/\/www.pressenza.com\/it\/2018\/09\/la-marcia-e-di-tutti-e-per-tutti\/#primaryimage"},"thumbnailUrl":"https:\/\/www.pressenza.com\/wp-content\/uploads\/2018\/09\/marcia-pace-2018.png","keywords":["Aldo Capitini","Italia","Marcia Perugia-Assisi","Movimento Nonviolento","nonviolenza"],"articleSection":["Comunicati Stampa","Europa","Nonviolenza"],"inLanguage":"it-IT"},{"@type":"WebPage","@id":"https:\/\/www.pressenza.com\/it\/2018\/09\/la-marcia-e-di-tutti-e-per-tutti\/","url":"https:\/\/www.pressenza.com\/it\/2018\/09\/la-marcia-e-di-tutti-e-per-tutti\/","name":"La Marcia \u00e8 di tutti e per tutti","isPartOf":{"@id":"https:\/\/www.pressenza.com\/it\/#website"},"primaryImageOfPage":{"@id":"https:\/\/www.pressenza.com\/it\/2018\/09\/la-marcia-e-di-tutti-e-per-tutti\/#primaryimage"},"image":{"@id":"https:\/\/www.pressenza.com\/it\/2018\/09\/la-marcia-e-di-tutti-e-per-tutti\/#primaryimage"},"thumbnailUrl":"https:\/\/www.pressenza.com\/wp-content\/uploads\/2018\/09\/marcia-pace-2018.png","datePublished":"2018-09-08T20:04:26+00:00","description":"da Perugia ad Assisi il 7 ottobre \u2013 Documento del Movimento Nonviolento. Marcia per la pace e la fratellanza tra i popoli, cos\u00ec la chiam\u00f2 nel 1961","breadcrumb":{"@id":"https:\/\/www.pressenza.com\/it\/2018\/09\/la-marcia-e-di-tutti-e-per-tutti\/#breadcrumb"},"inLanguage":"it-IT","potentialAction":[{"@type":"ReadAction","target":["https:\/\/www.pressenza.com\/it\/2018\/09\/la-marcia-e-di-tutti-e-per-tutti\/"]}]},{"@type":"ImageObject","inLanguage":"it-IT","@id":"https:\/\/www.pressenza.com\/it\/2018\/09\/la-marcia-e-di-tutti-e-per-tutti\/#primaryimage","url":"https:\/\/www.pressenza.com\/wp-content\/uploads\/2018\/09\/marcia-pace-2018.png","contentUrl":"https:\/\/www.pressenza.com\/wp-content\/uploads\/2018\/09\/marcia-pace-2018.png","width":800,"height":1022},{"@type":"BreadcrumbList","@id":"https:\/\/www.pressenza.com\/it\/2018\/09\/la-marcia-e-di-tutti-e-per-tutti\/#breadcrumb","itemListElement":[{"@type":"ListItem","position":1,"name":"Accueil","item":"https:\/\/www.pressenza.com\/it\/"},{"@type":"ListItem","position":2,"name":"La Marcia \u00e8 di tutti e per tutti"}]},{"@type":"WebSite","@id":"https:\/\/www.pressenza.com\/it\/#website","url":"https:\/\/www.pressenza.com\/it\/","name":"Pressenza","description":"Agenzia di Stampa Internazionale","publisher":{"@id":"https:\/\/www.pressenza.com\/it\/#organization"},"potentialAction":[{"@type":"SearchAction","target":{"@type":"EntryPoint","urlTemplate":"https:\/\/www.pressenza.com\/it\/?s={search_term_string}"},"query-input":{"@type":"PropertyValueSpecification","valueRequired":true,"valueName":"search_term_string"}}],"inLanguage":"it-IT"},{"@type":"Organization","@id":"https:\/\/www.pressenza.com\/it\/#organization","name":"Pressenza","url":"https:\/\/www.pressenza.com\/it\/","logo":{"@type":"ImageObject","inLanguage":"it-IT","@id":"https:\/\/www.pressenza.com\/it\/#\/schema\/logo\/image\/","url":"https:\/\/www.pressenza.com\/wp-content\/uploads\/2022\/10\/pressenza_logo_200x200.jpg","contentUrl":"https:\/\/www.pressenza.com\/wp-content\/uploads\/2022\/10\/pressenza_logo_200x200.jpg","width":200,"height":200,"caption":"Pressenza"},"image":{"@id":"https:\/\/www.pressenza.com\/it\/#\/schema\/logo\/image\/"},"sameAs":["https:\/\/www.facebook.com\/PressenzaItalia","https:\/\/x.com\/PressenzaIPA"]},{"@type":"Person","@id":"https:\/\/www.pressenza.com\/it\/#\/schema\/person\/5c22aa4afc24f8cbe52d85a1f7e4df91","name":"Movimento Nonviolento","description":"www.nonviolenti.org","url":"https:\/\/www.pressenza.com\/it\/author\/movimento-nonviolento\/"}]}},"place":"","original_article_url":"","_links":{"self":[{"href":"https:\/\/www.pressenza.com\/it\/wp-json\/wp\/v2\/posts\/716800","targetHints":{"allow":["GET"]}}],"collection":[{"href":"https:\/\/www.pressenza.com\/it\/wp-json\/wp\/v2\/posts"}],"about":[{"href":"https:\/\/www.pressenza.com\/it\/wp-json\/wp\/v2\/types\/post"}],"author":[{"embeddable":true,"href":"https:\/\/www.pressenza.com\/it\/wp-json\/wp\/v2\/users\/600"}],"replies":[{"embeddable":true,"href":"https:\/\/www.pressenza.com\/it\/wp-json\/wp\/v2\/comments?post=716800"}],"version-history":[{"count":0,"href":"https:\/\/www.pressenza.com\/it\/wp-json\/wp\/v2\/posts\/716800\/revisions"}],"wp:featuredmedia":[{"embeddable":true,"href":"https:\/\/www.pressenza.com\/it\/wp-json\/wp\/v2\/media\/716801"}],"wp:attachment":[{"href":"https:\/\/www.pressenza.com\/it\/wp-json\/wp\/v2\/media?parent=716800"}],"wp:term":[{"taxonomy":"category","embeddable":true,"href":"https:\/\/www.pressenza.com\/it\/wp-json\/wp\/v2\/categories?post=716800"},{"taxonomy":"post_tag","embeddable":true,"href":"https:\/\/www.pressenza.com\/it\/wp-json\/wp\/v2\/tags?post=716800"}],"curies":[{"name":"wp","href":"https:\/\/api.w.org\/{rel}","templated":true}]}}