{"id":715716,"date":"2018-09-06T07:32:02","date_gmt":"2018-09-06T06:32:02","guid":{"rendered":"https:\/\/www.pressenza.com\/?p=715716"},"modified":"2018-09-06T07:32:02","modified_gmt":"2018-09-06T06:32:02","slug":"libia-il-volto-coloniale-di-francia-e-italia","status":"publish","type":"post","link":"https:\/\/www.pressenza.com\/it\/2018\/09\/libia-il-volto-coloniale-di-francia-e-italia\/","title":{"rendered":"Libia: il volto coloniale di Francia e Italia"},"content":{"rendered":"<p align=\"justify\">Sulla questione libica, Francia e Italia si guardano di traverso non solo perch\u00e9 si contendono il ruolo di pacieri nella speranza di assicurarsi un posto a tavola nella Libia che verr\u00e0, ma anche perch\u00e9 si rapportano in maniera diversa nei confronti dei due governi presenti in Libia. L\u2019Italia collabora esclusivamente con Al-Serraj, capo di governo riconosciuto dalle Nazioni Unite, che per\u00f2 controlla solo la Tripolitania e pochi altri territori della parte occidentale del paese. La Francia, invece, sostiene pi\u00f9 volentieri il generale Haftar, capo militare che controlla non solo la Cirenaica ma tutta la parte centrale e orientale del paese. Due scelte di campo non casuali che fanno assumere ai due rivali non tanto il volto dei pacieri disinteressati, quanto delle potenze coloniali assetate di controllo.<\/p>\n<p align=\"justify\">Ovviamente la questione petrolifera \u00e8 sempre in primo piano, considerato che la Libia possiede le maggiori riserve di petrolio dell\u2019Africa, le none nel mondo, circa 48 miliardi di barili (il 3% circa dell\u2019intero ammontare delle riserve mondiali). Prima del rovesciamento di Gheddafi, nel 2011, la Libia produceva 1,65 milioni di barili di petrolio al giorno e 17 miliardi di metri cubi di gas all\u2019anno. Le due risorse rappresentavano il 65% del prodotto lordo nazionale e contribuivano al 95% delle entrate governative. Ma dal 2013, la produzione si \u00e8 praticamente dimezzata per l\u2019attacco ai pozzi da parte delle innumerevoli milizie armate che tempestano la Libia.<\/p>\n<p align=\"justify\">Da un punto di vista operativo l\u2019estrazione e la vendita degli idrocarburi \u00e8 affidata alla National Oil Corporation (NOC), un\u2019azienda di stato che opera non solo in proprio, ma anche per il tramite di societ\u00e0 compartecipate da multinazionali, senza escludere la possibilit\u00e0 di permettere a quest\u2019ultime di estrarre su licenza. Tra queste ENI che sotto varie forme societarie gestisce diversi giacimenti di gas e petrolio non solo onshore, ossia sulla terra ferma, ma anche offshore, ossia in mare, principalmente nella parte ovest del paese, quella sotto il controllo del governo Al-Serraj. Tuttavia la maggior parte del petrolio libico si trova nella parte centrale del paese, quella sotto comando del generale Haftar. Alcuni pozzi di questa zona sono gestiti dalla societ\u00e0 Waha Concessions nel cui azionariato compare anche Total che da vari anni sta cercando una strategia per affermarsi in Libia. Con successo, dal momento che \u00e8 presente anche in altre societ\u00e0 che gestiscono altri due giacimenti: l\u2019uno nel Mar Mediterraneo, l\u2019altro nel Fezzan, la regione pi\u00f9 a sud del paese.<\/p>\n<p align=\"justify\">Ma la difesa delle proprie imprese \u00e8 solo uno dei temi che divide Francia e Italia. L\u2019altro \u00e8 il controllo del territorio su cui i due paesi sono di nuovo concorrenti. L\u2019obiettivo principale dell\u2019Italia \u00e8 fermare l\u2019arrivo di migranti attraverso il Mar Mediterraneo e poich\u00e9 gli imbarchi avvengono nella parte occidentale della Libia, i legami sono stati stretti con Al-Serraj a cui \u00e8 stata offerta amicizia e sostegno economico, in cambio del controllo dei flussi migratori. Cos\u00ec fece il governo Renzi e poi il governo Gentiloni per continuare col governo Conte.<\/p>\n<p align=\"justify\">Ovviamente l\u2019Italia sa che una politica efficace contro flussi migratori richiede un blocco dei passaggi pi\u00f9 a sud, gi\u00e0 nel Niger, per cui vorrebbe avere pi\u00f9 influenza nelle regioni del Sahel. Ma l\u2019Africa sahariana ha una storia coloniale con la Francia e in questi paesi non si muove foglia senza che la Francia non voglia. E la volont\u00e0 della Francia \u00e8 di non avere altre presenze straniere all\u2019infuori di lei o dei suoi stretti alleati, per cui l\u2019Italia non ha grandi prospettive di poter inviare propri contingenti. Ma dopo il Niger la rotta dei migranti passa per la Libia e qui l\u2019Italia potrebbe essere facilitata in nome dei trascorsi coloniali. Ma il territorio libico a ridosso del Niger \u00e8 il Fezzan ormai una terra di nessuno dove decine di gruppi armati si fronteggiano per il controllo di porzioni di territorio. Una situazione di anarchia che ha facilitato il proliferare di varie altre anomalie. Non solo l\u2019esplosione di ogni forma di traffico illegale, dal passaggio clandestino dei migranti al contrabbando di armi, droghe e oro, ma anche l\u2019insediamento di gruppi armati islamisti che fanno da spalla a gruppi analoghi presenti in altri paesi del Sahel. Ed \u00e8 proprio quest\u2019ultimo aspetto che pi\u00f9 preoccupa la Francia inducendola a perseguire scelte di politica estera che le assicurino non solo la stabilizzazione del Fezzan, ma anche la possibilit\u00e0 di avere una presenza nella regione. Fra i due governi oggi presenti in Libia, quello che ha pi\u00f9 probabilit\u00e0 di prendere il controllo del Fezzan non \u00e8 Al Serraj, ma Haftar che gode di maggiori simpatie da parte dei gruppi locali. Di qui la seconda ragione che spinge la Francia a stringere amicizia con Haftar in aperto contrasto con l\u2019Italia che almeno nel Fezzan vorrebbe insediarcisi lei. Vecchie logiche coloniali avanzano.<\/p>\n<p align=\"justify\">\n","protected":false},"excerpt":{"rendered":"<p>Sulla questione libica, Francia e Italia si guardano di traverso non solo perch\u00e9 si contendono il ruolo di pacieri nella speranza di assicurarsi un posto a tavola nella Libia che verr\u00e0, ma anche perch\u00e9 si rapportano in maniera diversa nei&hellip;<\/p>\n","protected":false},"author":999,"featured_media":715717,"comment_status":"closed","ping_status":"closed","sticky":false,"template":"","format":"standard","meta":{"footnotes":""},"categories":[45,162,57],"tags":[49595,5490,49594,3208,49596,370],"class_list":["post-715716","post","type-post","status-publish","format-standard","has-post-thumbnail","hentry","category-africa-it","category-opinioni","category-affari-esteri","tag-al-serraj","tag-eni","tag-fezzan","tag-francia-it","tag-haftar","tag-italia"],"yoast_head":"<!-- This site is optimized with the Yoast SEO plugin v27.1.1 - https:\/\/yoast.com\/product\/yoast-seo-wordpress\/ -->\n<title>Libia: il volto coloniale di Francia e Italia<\/title>\n<meta name=\"description\" content=\"Sulla questione libica, Francia e Italia si guardano di traverso non solo perch\u00e9 si contendono il ruolo di pacieri nella speranza di assicurarsi un posto\" \/>\n<meta name=\"robots\" content=\"index, follow, max-snippet:-1, max-image-preview:large, max-video-preview:-1\" \/>\n<link rel=\"canonical\" href=\"https:\/\/www.pressenza.com\/it\/2018\/09\/libia-il-volto-coloniale-di-francia-e-italia\/\" \/>\n<meta property=\"og:locale\" content=\"it_IT\" \/>\n<meta property=\"og:type\" content=\"article\" \/>\n<meta property=\"og:title\" content=\"Libia: il volto coloniale di Francia e Italia\" \/>\n<meta property=\"og:description\" content=\"Sulla questione libica, Francia e Italia si guardano di traverso non solo perch\u00e9 si contendono il ruolo di pacieri nella speranza di assicurarsi un posto\" \/>\n<meta property=\"og:url\" content=\"https:\/\/www.pressenza.com\/it\/2018\/09\/libia-il-volto-coloniale-di-francia-e-italia\/\" \/>\n<meta property=\"og:site_name\" content=\"Pressenza\" \/>\n<meta property=\"article:publisher\" content=\"https:\/\/www.facebook.com\/PressenzaItalia\" \/>\n<meta property=\"article:published_time\" content=\"2018-09-06T06:32:02+00:00\" \/>\n<meta property=\"og:image\" content=\"https:\/\/www.pressenza.com\/wp-content\/uploads\/2018\/09\/libia-dagospia.jpg\" \/>\n\t<meta property=\"og:image:width\" content=\"602\" \/>\n\t<meta property=\"og:image:height\" content=\"600\" \/>\n\t<meta property=\"og:image:type\" content=\"image\/jpeg\" \/>\n<meta name=\"author\" content=\"Francesco Gesualdi\" \/>\n<meta name=\"twitter:card\" content=\"summary_large_image\" \/>\n<meta name=\"twitter:creator\" content=\"@PressenzaIPA\" \/>\n<meta name=\"twitter:site\" content=\"@PressenzaIPA\" \/>\n<meta name=\"twitter:label1\" content=\"Scritto da\" \/>\n\t<meta name=\"twitter:data1\" content=\"Francesco Gesualdi\" \/>\n\t<meta name=\"twitter:label2\" content=\"Tempo di lettura stimato\" \/>\n\t<meta name=\"twitter:data2\" content=\"4 minuti\" \/>\n<script type=\"application\/ld+json\" class=\"yoast-schema-graph\">{\"@context\":\"https:\/\/schema.org\",\"@graph\":[{\"@type\":\"Article\",\"@id\":\"https:\/\/www.pressenza.com\/it\/2018\/09\/libia-il-volto-coloniale-di-francia-e-italia\/#article\",\"isPartOf\":{\"@id\":\"https:\/\/www.pressenza.com\/it\/2018\/09\/libia-il-volto-coloniale-di-francia-e-italia\/\"},\"author\":{\"name\":\"Francesco Gesualdi\",\"@id\":\"https:\/\/www.pressenza.com\/it\/#\/schema\/person\/917a3e02e872b079ec9f4bdf7fe2b93d\"},\"headline\":\"Libia: il volto coloniale di Francia e Italia\",\"datePublished\":\"2018-09-06T06:32:02+00:00\",\"mainEntityOfPage\":{\"@id\":\"https:\/\/www.pressenza.com\/it\/2018\/09\/libia-il-volto-coloniale-di-francia-e-italia\/\"},\"wordCount\":797,\"publisher\":{\"@id\":\"https:\/\/www.pressenza.com\/it\/#organization\"},\"image\":{\"@id\":\"https:\/\/www.pressenza.com\/it\/2018\/09\/libia-il-volto-coloniale-di-francia-e-italia\/#primaryimage\"},\"thumbnailUrl\":\"https:\/\/www.pressenza.com\/wp-content\/uploads\/2018\/09\/libia-dagospia.jpg\",\"keywords\":[\"Al Serraj\",\"ENI\",\"Fezzan\",\"Francia\",\"Haftar\",\"Italia\"],\"articleSection\":[\"Africa\",\"Opinioni\",\"Questioni internazionali\"],\"inLanguage\":\"it-IT\"},{\"@type\":\"WebPage\",\"@id\":\"https:\/\/www.pressenza.com\/it\/2018\/09\/libia-il-volto-coloniale-di-francia-e-italia\/\",\"url\":\"https:\/\/www.pressenza.com\/it\/2018\/09\/libia-il-volto-coloniale-di-francia-e-italia\/\",\"name\":\"Libia: il volto coloniale di Francia e Italia\",\"isPartOf\":{\"@id\":\"https:\/\/www.pressenza.com\/it\/#website\"},\"primaryImageOfPage\":{\"@id\":\"https:\/\/www.pressenza.com\/it\/2018\/09\/libia-il-volto-coloniale-di-francia-e-italia\/#primaryimage\"},\"image\":{\"@id\":\"https:\/\/www.pressenza.com\/it\/2018\/09\/libia-il-volto-coloniale-di-francia-e-italia\/#primaryimage\"},\"thumbnailUrl\":\"https:\/\/www.pressenza.com\/wp-content\/uploads\/2018\/09\/libia-dagospia.jpg\",\"datePublished\":\"2018-09-06T06:32:02+00:00\",\"description\":\"Sulla questione libica, Francia e Italia si guardano di traverso non solo perch\u00e9 si contendono il ruolo di pacieri nella speranza di assicurarsi un posto\",\"breadcrumb\":{\"@id\":\"https:\/\/www.pressenza.com\/it\/2018\/09\/libia-il-volto-coloniale-di-francia-e-italia\/#breadcrumb\"},\"inLanguage\":\"it-IT\",\"potentialAction\":[{\"@type\":\"ReadAction\",\"target\":[\"https:\/\/www.pressenza.com\/it\/2018\/09\/libia-il-volto-coloniale-di-francia-e-italia\/\"]}]},{\"@type\":\"ImageObject\",\"inLanguage\":\"it-IT\",\"@id\":\"https:\/\/www.pressenza.com\/it\/2018\/09\/libia-il-volto-coloniale-di-francia-e-italia\/#primaryimage\",\"url\":\"https:\/\/www.pressenza.com\/wp-content\/uploads\/2018\/09\/libia-dagospia.jpg\",\"contentUrl\":\"https:\/\/www.pressenza.com\/wp-content\/uploads\/2018\/09\/libia-dagospia.jpg\",\"width\":602,\"height\":600},{\"@type\":\"BreadcrumbList\",\"@id\":\"https:\/\/www.pressenza.com\/it\/2018\/09\/libia-il-volto-coloniale-di-francia-e-italia\/#breadcrumb\",\"itemListElement\":[{\"@type\":\"ListItem\",\"position\":1,\"name\":\"Accueil\",\"item\":\"https:\/\/www.pressenza.com\/it\/\"},{\"@type\":\"ListItem\",\"position\":2,\"name\":\"Libia: il volto coloniale di Francia e Italia\"}]},{\"@type\":\"WebSite\",\"@id\":\"https:\/\/www.pressenza.com\/it\/#website\",\"url\":\"https:\/\/www.pressenza.com\/it\/\",\"name\":\"Pressenza\",\"description\":\"Agenzia di Stampa Internazionale\",\"publisher\":{\"@id\":\"https:\/\/www.pressenza.com\/it\/#organization\"},\"potentialAction\":[{\"@type\":\"SearchAction\",\"target\":{\"@type\":\"EntryPoint\",\"urlTemplate\":\"https:\/\/www.pressenza.com\/it\/?s={search_term_string}\"},\"query-input\":{\"@type\":\"PropertyValueSpecification\",\"valueRequired\":true,\"valueName\":\"search_term_string\"}}],\"inLanguage\":\"it-IT\"},{\"@type\":\"Organization\",\"@id\":\"https:\/\/www.pressenza.com\/it\/#organization\",\"name\":\"Pressenza\",\"url\":\"https:\/\/www.pressenza.com\/it\/\",\"logo\":{\"@type\":\"ImageObject\",\"inLanguage\":\"it-IT\",\"@id\":\"https:\/\/www.pressenza.com\/it\/#\/schema\/logo\/image\/\",\"url\":\"https:\/\/www.pressenza.com\/wp-content\/uploads\/2022\/10\/pressenza_logo_200x200.jpg\",\"contentUrl\":\"https:\/\/www.pressenza.com\/wp-content\/uploads\/2022\/10\/pressenza_logo_200x200.jpg\",\"width\":200,\"height\":200,\"caption\":\"Pressenza\"},\"image\":{\"@id\":\"https:\/\/www.pressenza.com\/it\/#\/schema\/logo\/image\/\"},\"sameAs\":[\"https:\/\/www.facebook.com\/PressenzaItalia\",\"https:\/\/x.com\/PressenzaIPA\"]},{\"@type\":\"Person\",\"@id\":\"https:\/\/www.pressenza.com\/it\/#\/schema\/person\/917a3e02e872b079ec9f4bdf7fe2b93d\",\"name\":\"Francesco Gesualdi\",\"description\":\"Francesco Gesualdi, gi\u00e0 allievo di don Milani, \u00e8 fondatore e coordinatore del Centro Nuovo Modello di Sviluppo di Vecchiano (Pisa), che si propone di ricercare nuove formule economiche capaci di garantire a tutti la soddisfazione dei bisogni fondamentali. Coordinatore di numerose campagne di pressione, \u00e8 tra i fondatori insieme ad Alex Zanotelli di Rete Lilliput. www.cnms.it\",\"sameAs\":[\"http:\/\/www.cnms.it\/\"],\"url\":\"https:\/\/www.pressenza.com\/it\/author\/francesco-gesualdi\/\"}]}<\/script>\n<!-- \/ Yoast SEO plugin. -->","yoast_head_json":{"title":"Libia: il volto coloniale di Francia e Italia","description":"Sulla questione libica, Francia e Italia si guardano di traverso non solo perch\u00e9 si contendono il ruolo di pacieri nella speranza di assicurarsi un posto","robots":{"index":"index","follow":"follow","max-snippet":"max-snippet:-1","max-image-preview":"max-image-preview:large","max-video-preview":"max-video-preview:-1"},"canonical":"https:\/\/www.pressenza.com\/it\/2018\/09\/libia-il-volto-coloniale-di-francia-e-italia\/","og_locale":"it_IT","og_type":"article","og_title":"Libia: il volto coloniale di Francia e Italia","og_description":"Sulla questione libica, Francia e Italia si guardano di traverso non solo perch\u00e9 si contendono il ruolo di pacieri nella speranza di assicurarsi un posto","og_url":"https:\/\/www.pressenza.com\/it\/2018\/09\/libia-il-volto-coloniale-di-francia-e-italia\/","og_site_name":"Pressenza","article_publisher":"https:\/\/www.facebook.com\/PressenzaItalia","article_published_time":"2018-09-06T06:32:02+00:00","og_image":[{"width":602,"height":600,"url":"https:\/\/www.pressenza.com\/wp-content\/uploads\/2018\/09\/libia-dagospia.jpg","type":"image\/jpeg"}],"author":"Francesco Gesualdi","twitter_card":"summary_large_image","twitter_creator":"@PressenzaIPA","twitter_site":"@PressenzaIPA","twitter_misc":{"Scritto da":"Francesco Gesualdi","Tempo di lettura stimato":"4 minuti"},"schema":{"@context":"https:\/\/schema.org","@graph":[{"@type":"Article","@id":"https:\/\/www.pressenza.com\/it\/2018\/09\/libia-il-volto-coloniale-di-francia-e-italia\/#article","isPartOf":{"@id":"https:\/\/www.pressenza.com\/it\/2018\/09\/libia-il-volto-coloniale-di-francia-e-italia\/"},"author":{"name":"Francesco Gesualdi","@id":"https:\/\/www.pressenza.com\/it\/#\/schema\/person\/917a3e02e872b079ec9f4bdf7fe2b93d"},"headline":"Libia: il volto coloniale di Francia e Italia","datePublished":"2018-09-06T06:32:02+00:00","mainEntityOfPage":{"@id":"https:\/\/www.pressenza.com\/it\/2018\/09\/libia-il-volto-coloniale-di-francia-e-italia\/"},"wordCount":797,"publisher":{"@id":"https:\/\/www.pressenza.com\/it\/#organization"},"image":{"@id":"https:\/\/www.pressenza.com\/it\/2018\/09\/libia-il-volto-coloniale-di-francia-e-italia\/#primaryimage"},"thumbnailUrl":"https:\/\/www.pressenza.com\/wp-content\/uploads\/2018\/09\/libia-dagospia.jpg","keywords":["Al Serraj","ENI","Fezzan","Francia","Haftar","Italia"],"articleSection":["Africa","Opinioni","Questioni internazionali"],"inLanguage":"it-IT"},{"@type":"WebPage","@id":"https:\/\/www.pressenza.com\/it\/2018\/09\/libia-il-volto-coloniale-di-francia-e-italia\/","url":"https:\/\/www.pressenza.com\/it\/2018\/09\/libia-il-volto-coloniale-di-francia-e-italia\/","name":"Libia: il volto coloniale di Francia e Italia","isPartOf":{"@id":"https:\/\/www.pressenza.com\/it\/#website"},"primaryImageOfPage":{"@id":"https:\/\/www.pressenza.com\/it\/2018\/09\/libia-il-volto-coloniale-di-francia-e-italia\/#primaryimage"},"image":{"@id":"https:\/\/www.pressenza.com\/it\/2018\/09\/libia-il-volto-coloniale-di-francia-e-italia\/#primaryimage"},"thumbnailUrl":"https:\/\/www.pressenza.com\/wp-content\/uploads\/2018\/09\/libia-dagospia.jpg","datePublished":"2018-09-06T06:32:02+00:00","description":"Sulla questione libica, Francia e Italia si guardano di traverso non solo perch\u00e9 si contendono il ruolo di pacieri nella speranza di assicurarsi un posto","breadcrumb":{"@id":"https:\/\/www.pressenza.com\/it\/2018\/09\/libia-il-volto-coloniale-di-francia-e-italia\/#breadcrumb"},"inLanguage":"it-IT","potentialAction":[{"@type":"ReadAction","target":["https:\/\/www.pressenza.com\/it\/2018\/09\/libia-il-volto-coloniale-di-francia-e-italia\/"]}]},{"@type":"ImageObject","inLanguage":"it-IT","@id":"https:\/\/www.pressenza.com\/it\/2018\/09\/libia-il-volto-coloniale-di-francia-e-italia\/#primaryimage","url":"https:\/\/www.pressenza.com\/wp-content\/uploads\/2018\/09\/libia-dagospia.jpg","contentUrl":"https:\/\/www.pressenza.com\/wp-content\/uploads\/2018\/09\/libia-dagospia.jpg","width":602,"height":600},{"@type":"BreadcrumbList","@id":"https:\/\/www.pressenza.com\/it\/2018\/09\/libia-il-volto-coloniale-di-francia-e-italia\/#breadcrumb","itemListElement":[{"@type":"ListItem","position":1,"name":"Accueil","item":"https:\/\/www.pressenza.com\/it\/"},{"@type":"ListItem","position":2,"name":"Libia: il volto coloniale di Francia e Italia"}]},{"@type":"WebSite","@id":"https:\/\/www.pressenza.com\/it\/#website","url":"https:\/\/www.pressenza.com\/it\/","name":"Pressenza","description":"Agenzia di Stampa Internazionale","publisher":{"@id":"https:\/\/www.pressenza.com\/it\/#organization"},"potentialAction":[{"@type":"SearchAction","target":{"@type":"EntryPoint","urlTemplate":"https:\/\/www.pressenza.com\/it\/?s={search_term_string}"},"query-input":{"@type":"PropertyValueSpecification","valueRequired":true,"valueName":"search_term_string"}}],"inLanguage":"it-IT"},{"@type":"Organization","@id":"https:\/\/www.pressenza.com\/it\/#organization","name":"Pressenza","url":"https:\/\/www.pressenza.com\/it\/","logo":{"@type":"ImageObject","inLanguage":"it-IT","@id":"https:\/\/www.pressenza.com\/it\/#\/schema\/logo\/image\/","url":"https:\/\/www.pressenza.com\/wp-content\/uploads\/2022\/10\/pressenza_logo_200x200.jpg","contentUrl":"https:\/\/www.pressenza.com\/wp-content\/uploads\/2022\/10\/pressenza_logo_200x200.jpg","width":200,"height":200,"caption":"Pressenza"},"image":{"@id":"https:\/\/www.pressenza.com\/it\/#\/schema\/logo\/image\/"},"sameAs":["https:\/\/www.facebook.com\/PressenzaItalia","https:\/\/x.com\/PressenzaIPA"]},{"@type":"Person","@id":"https:\/\/www.pressenza.com\/it\/#\/schema\/person\/917a3e02e872b079ec9f4bdf7fe2b93d","name":"Francesco Gesualdi","description":"Francesco Gesualdi, gi\u00e0 allievo di don Milani, \u00e8 fondatore e coordinatore del Centro Nuovo Modello di Sviluppo di Vecchiano (Pisa), che si propone di ricercare nuove formule economiche capaci di garantire a tutti la soddisfazione dei bisogni fondamentali. Coordinatore di numerose campagne di pressione, \u00e8 tra i fondatori insieme ad Alex Zanotelli di Rete Lilliput. www.cnms.it","sameAs":["http:\/\/www.cnms.it\/"],"url":"https:\/\/www.pressenza.com\/it\/author\/francesco-gesualdi\/"}]}},"place":"","original_article_url":"","_links":{"self":[{"href":"https:\/\/www.pressenza.com\/it\/wp-json\/wp\/v2\/posts\/715716","targetHints":{"allow":["GET"]}}],"collection":[{"href":"https:\/\/www.pressenza.com\/it\/wp-json\/wp\/v2\/posts"}],"about":[{"href":"https:\/\/www.pressenza.com\/it\/wp-json\/wp\/v2\/types\/post"}],"author":[{"embeddable":true,"href":"https:\/\/www.pressenza.com\/it\/wp-json\/wp\/v2\/users\/999"}],"replies":[{"embeddable":true,"href":"https:\/\/www.pressenza.com\/it\/wp-json\/wp\/v2\/comments?post=715716"}],"version-history":[{"count":0,"href":"https:\/\/www.pressenza.com\/it\/wp-json\/wp\/v2\/posts\/715716\/revisions"}],"wp:featuredmedia":[{"embeddable":true,"href":"https:\/\/www.pressenza.com\/it\/wp-json\/wp\/v2\/media\/715717"}],"wp:attachment":[{"href":"https:\/\/www.pressenza.com\/it\/wp-json\/wp\/v2\/media?parent=715716"}],"wp:term":[{"taxonomy":"category","embeddable":true,"href":"https:\/\/www.pressenza.com\/it\/wp-json\/wp\/v2\/categories?post=715716"},{"taxonomy":"post_tag","embeddable":true,"href":"https:\/\/www.pressenza.com\/it\/wp-json\/wp\/v2\/tags?post=715716"}],"curies":[{"name":"wp","href":"https:\/\/api.w.org\/{rel}","templated":true}]}}