{"id":713348,"date":"2018-08-30T17:34:08","date_gmt":"2018-08-30T16:34:08","guid":{"rendered":"https:\/\/www.pressenza.com\/?p=713348"},"modified":"2018-08-30T18:33:39","modified_gmt":"2018-08-30T17:33:39","slug":"egitto-zaki-la-poverta-aumenta-e-non-ce-spazio-per-il-dissenso","status":"publish","type":"post","link":"https:\/\/www.pressenza.com\/it\/2018\/08\/egitto-zaki-la-poverta-aumenta-e-non-ce-spazio-per-il-dissenso\/","title":{"rendered":"Egitto, Zaki: &#8220;La povert\u00e0 aumenta e non c&#8217;\u00e8 spazio per il dissenso&#8221;."},"content":{"rendered":"<p>L&#8217;Egitto non \u00e8 affatto un paese stabile, n\u00e9 dal punto di vista socio-economico n\u00e9 delle libert\u00e0 fondamentali. La gente non trova lavoro, il costo della vita continua ad aumentare e il governo fa di tutto per limitare gli spazi del dissenso&#8221;. A parlare con l&#8217;agenzia &#8216;Dire&#8217; \u00e8 Patrick Zaki, attivista per i diritti umani e ricercatore presso l&#8217;Egyptian Initiative for Personal Rights (Eipr), una ong che si occupa di diritti della donna e di genere.<\/p>\n<p>Ogni giorno la popolazione subisce violazioni di ogni tipo&#8221; denuncia l&#8217;esperto. &#8220;Solo nell&#8217;ultima settimana c&#8217;\u00e8 stata un&#8217;ondata di arresti di oppositori politici molto noti&#8221;.<\/p>\n<p>Secondo il quotidiano indipendente &#8216;Mada Masr&#8217;, si tratta di sette persone, poi convocate dalla Procura generale per &#8220;interrogatori preliminari&#8221; con l&#8217;accusa di legami con gruppi terroristi. Si tratta di un ex ambasciatore, Masoum Marzouk, di due docenti universitari, Yehia al-Qazzaz e Abdel Fattah Saeed, dell&#8217;economista Raed Salama,\u00a0 dell&#8217;avvocato Ahmed Abdel Latif e degli attivisti Nermeen Hussein e Amr Mohamed.<\/p>\n<p>Secondo il quotidiano indipendente, ai sette &#8211; che sono ancoran in carcere &#8211; sono state fatte domande sulle opinioni politiche, i rapporti coi gruppi di opposizione e la loro partecipazioni a manifestazioni di piazza, tra cui anche quelle del febbraio 2011 che hanno condotto al rovesciamento del regime di Hosni Mubarak.<\/p>\n<p>Oggi, in occasione della Giornata internazionale delle persone scomparse, vari movimenti della societ\u00e0 civile hanno denunciato il pugno duro del governo del presidente Abdel Fattah Al-Sisi contro il dissenso e fatto appello alla liberazione di questi sette oppositori, oltre agli altri attualmente in carcere: 60mila, secondo un&#8217;inchiesta del 2017 del &#8216;New York Times&#8217; intitolata &#8216;Generation Jail&#8217; &#8211; la generazione in carcere.<\/p>\n<p>Il pensiero di Zaki per\u00f2 va anche alle vittime di tortura, o ai desaparecidos. &#8220;Ci battiamo per i nostri attivisti, ma anche per Giulio Regeni&#8221; sottolinea l&#8217;attivista. &#8220;Le istituzioni cercano di impedire che se ne parli. Voci contrarie non sono ammesse. Noi ong subiamo minacce e il dissenso sulla stampa e i social media viene impedito. Ci restano solo gli organi di informazione internazionali&#8221;.<\/p>\n<p>Ieri Al-Sisi ha sostenuto che dal 2016 non si registrano immigrati egiziani in Europa. &#8220;Mi baso su ci\u00f2 che vedo intorno a me&#8221; dice Zaki. &#8220;Tutti cercano di lasciare il paese. Raggiungere l&#8217;Europa \u00e8 quasi impossibile, quindi la gente guarda all&#8217;Asia, dove in molti paesi non \u00e8 richiesto il visto&#8221;.<\/p>\n<p>Stando a statistiche ufficiali, nel primo quadrimestre del 2018 la disoccupazione in Egitto si \u00e8 attestata al 10,6 per cento. I giovani sono i pi\u00f9 colpiti, con il 75,2 per cento tra i 15 e i 29 anni che risultano senza impiego.<\/p>\n","protected":false},"excerpt":{"rendered":"<p>L&#8217;Egitto non \u00e8 affatto un paese stabile, n\u00e9 dal punto di vista socio-economico n\u00e9 delle libert\u00e0 fondamentali. La gente non trova lavoro, il costo della vita continua ad aumentare e il governo fa di tutto per limitare gli spazi del&hellip;<\/p>\n","protected":false},"author":1478,"featured_media":713349,"comment_status":"closed","ping_status":"closed","sticky":false,"template":"","format":"standard","meta":{"footnotes":""},"categories":[60,157,52],"tags":[6381,7272,2827,23843,1549],"class_list":["post-713348","post","type-post","status-publish","format-standard","has-post-thumbnail","hentry","category-diritti-umani","category-interviste","category-medio-oriente","tag-al-sisi","tag-dissenso","tag-egitto","tag-giulio-regeni","tag-poverta"],"yoast_head":"<!-- This site is optimized with the Yoast SEO plugin v27.1.1 - https:\/\/yoast.com\/product\/yoast-seo-wordpress\/ -->\n<title>Egitto, Zaki: &quot;La povert\u00e0 aumenta e non c&#039;\u00e8 spazio per il dissenso&quot;.<\/title>\n<meta name=\"description\" content=\"L&#039;Egitto non \u00e8 affatto un paese stabile, n\u00e9 dal punto di vista socio-economico n\u00e9 delle libert\u00e0 fondamentali. La gente non trova lavoro, il costo della\" \/>\n<meta name=\"robots\" content=\"index, follow, max-snippet:-1, max-image-preview:large, max-video-preview:-1\" \/>\n<link rel=\"canonical\" href=\"https:\/\/www.pressenza.com\/it\/2018\/08\/egitto-zaki-la-poverta-aumenta-e-non-ce-spazio-per-il-dissenso\/\" \/>\n<meta property=\"og:locale\" content=\"it_IT\" \/>\n<meta property=\"og:type\" content=\"article\" \/>\n<meta property=\"og:title\" content=\"Egitto, Zaki: &quot;La povert\u00e0 aumenta e non c&#039;\u00e8 spazio per il dissenso&quot;.\" \/>\n<meta property=\"og:description\" content=\"L&#039;Egitto non \u00e8 affatto un paese stabile, n\u00e9 dal punto di vista socio-economico n\u00e9 delle libert\u00e0 fondamentali. La gente non trova lavoro, il costo della\" \/>\n<meta property=\"og:url\" content=\"https:\/\/www.pressenza.com\/it\/2018\/08\/egitto-zaki-la-poverta-aumenta-e-non-ce-spazio-per-il-dissenso\/\" \/>\n<meta property=\"og:site_name\" content=\"Pressenza\" \/>\n<meta property=\"article:publisher\" content=\"https:\/\/www.facebook.com\/PressenzaItalia\" \/>\n<meta property=\"article:published_time\" content=\"2018-08-30T16:34:08+00:00\" \/>\n<meta property=\"article:modified_time\" content=\"2018-08-30T17:33:39+00:00\" \/>\n<meta property=\"og:image\" content=\"https:\/\/www.pressenza.com\/wp-content\/uploads\/2018\/08\/egitto-dire.jpg\" \/>\n\t<meta property=\"og:image:width\" content=\"738\" \/>\n\t<meta property=\"og:image:height\" content=\"470\" \/>\n\t<meta property=\"og:image:type\" content=\"image\/jpeg\" \/>\n<meta name=\"author\" content=\"Agenzia DIRE\" \/>\n<meta name=\"twitter:card\" content=\"summary_large_image\" \/>\n<meta name=\"twitter:creator\" content=\"@PressenzaIPA\" \/>\n<meta name=\"twitter:site\" content=\"@PressenzaIPA\" \/>\n<meta name=\"twitter:label1\" content=\"Scritto da\" \/>\n\t<meta name=\"twitter:data1\" content=\"Agenzia DIRE\" \/>\n\t<meta name=\"twitter:label2\" content=\"Tempo di lettura stimato\" \/>\n\t<meta name=\"twitter:data2\" content=\"2 minuti\" \/>\n<script type=\"application\/ld+json\" class=\"yoast-schema-graph\">{\"@context\":\"https:\/\/schema.org\",\"@graph\":[{\"@type\":\"Article\",\"@id\":\"https:\/\/www.pressenza.com\/it\/2018\/08\/egitto-zaki-la-poverta-aumenta-e-non-ce-spazio-per-il-dissenso\/#article\",\"isPartOf\":{\"@id\":\"https:\/\/www.pressenza.com\/it\/2018\/08\/egitto-zaki-la-poverta-aumenta-e-non-ce-spazio-per-il-dissenso\/\"},\"author\":{\"name\":\"Agenzia DIRE\",\"@id\":\"https:\/\/www.pressenza.com\/it\/#\/schema\/person\/bb13dad7d75de3f57ef0c4246101316b\"},\"headline\":\"Egitto, Zaki: &#8220;La povert\u00e0 aumenta e non c&#8217;\u00e8 spazio per il dissenso&#8221;.\",\"datePublished\":\"2018-08-30T16:34:08+00:00\",\"dateModified\":\"2018-08-30T17:33:39+00:00\",\"mainEntityOfPage\":{\"@id\":\"https:\/\/www.pressenza.com\/it\/2018\/08\/egitto-zaki-la-poverta-aumenta-e-non-ce-spazio-per-il-dissenso\/\"},\"wordCount\":438,\"publisher\":{\"@id\":\"https:\/\/www.pressenza.com\/it\/#organization\"},\"image\":{\"@id\":\"https:\/\/www.pressenza.com\/it\/2018\/08\/egitto-zaki-la-poverta-aumenta-e-non-ce-spazio-per-il-dissenso\/#primaryimage\"},\"thumbnailUrl\":\"https:\/\/www.pressenza.com\/wp-content\/uploads\/2018\/08\/egitto-dire.jpg\",\"keywords\":[\"Al-Sisi\",\"dissenso\",\"Egitto\",\"Giulio Regeni\",\"povert\u00e0\"],\"articleSection\":[\"Diritti Umani\",\"Interviste\",\"Medio Oriente\"],\"inLanguage\":\"it-IT\"},{\"@type\":\"WebPage\",\"@id\":\"https:\/\/www.pressenza.com\/it\/2018\/08\/egitto-zaki-la-poverta-aumenta-e-non-ce-spazio-per-il-dissenso\/\",\"url\":\"https:\/\/www.pressenza.com\/it\/2018\/08\/egitto-zaki-la-poverta-aumenta-e-non-ce-spazio-per-il-dissenso\/\",\"name\":\"Egitto, Zaki: \\\"La povert\u00e0 aumenta e non c'\u00e8 spazio per il dissenso\\\".\",\"isPartOf\":{\"@id\":\"https:\/\/www.pressenza.com\/it\/#website\"},\"primaryImageOfPage\":{\"@id\":\"https:\/\/www.pressenza.com\/it\/2018\/08\/egitto-zaki-la-poverta-aumenta-e-non-ce-spazio-per-il-dissenso\/#primaryimage\"},\"image\":{\"@id\":\"https:\/\/www.pressenza.com\/it\/2018\/08\/egitto-zaki-la-poverta-aumenta-e-non-ce-spazio-per-il-dissenso\/#primaryimage\"},\"thumbnailUrl\":\"https:\/\/www.pressenza.com\/wp-content\/uploads\/2018\/08\/egitto-dire.jpg\",\"datePublished\":\"2018-08-30T16:34:08+00:00\",\"dateModified\":\"2018-08-30T17:33:39+00:00\",\"description\":\"L'Egitto non \u00e8 affatto un paese stabile, n\u00e9 dal punto di vista socio-economico n\u00e9 delle libert\u00e0 fondamentali. La gente non trova lavoro, il costo della\",\"breadcrumb\":{\"@id\":\"https:\/\/www.pressenza.com\/it\/2018\/08\/egitto-zaki-la-poverta-aumenta-e-non-ce-spazio-per-il-dissenso\/#breadcrumb\"},\"inLanguage\":\"it-IT\",\"potentialAction\":[{\"@type\":\"ReadAction\",\"target\":[\"https:\/\/www.pressenza.com\/it\/2018\/08\/egitto-zaki-la-poverta-aumenta-e-non-ce-spazio-per-il-dissenso\/\"]}]},{\"@type\":\"ImageObject\",\"inLanguage\":\"it-IT\",\"@id\":\"https:\/\/www.pressenza.com\/it\/2018\/08\/egitto-zaki-la-poverta-aumenta-e-non-ce-spazio-per-il-dissenso\/#primaryimage\",\"url\":\"https:\/\/www.pressenza.com\/wp-content\/uploads\/2018\/08\/egitto-dire.jpg\",\"contentUrl\":\"https:\/\/www.pressenza.com\/wp-content\/uploads\/2018\/08\/egitto-dire.jpg\",\"width\":738,\"height\":470},{\"@type\":\"BreadcrumbList\",\"@id\":\"https:\/\/www.pressenza.com\/it\/2018\/08\/egitto-zaki-la-poverta-aumenta-e-non-ce-spazio-per-il-dissenso\/#breadcrumb\",\"itemListElement\":[{\"@type\":\"ListItem\",\"position\":1,\"name\":\"Accueil\",\"item\":\"https:\/\/www.pressenza.com\/it\/\"},{\"@type\":\"ListItem\",\"position\":2,\"name\":\"Egitto, Zaki: &#8220;La povert\u00e0 aumenta e non c&#8217;\u00e8 spazio per il dissenso&#8221;.\"}]},{\"@type\":\"WebSite\",\"@id\":\"https:\/\/www.pressenza.com\/it\/#website\",\"url\":\"https:\/\/www.pressenza.com\/it\/\",\"name\":\"Pressenza\",\"description\":\"Agenzia di Stampa Internazionale\",\"publisher\":{\"@id\":\"https:\/\/www.pressenza.com\/it\/#organization\"},\"potentialAction\":[{\"@type\":\"SearchAction\",\"target\":{\"@type\":\"EntryPoint\",\"urlTemplate\":\"https:\/\/www.pressenza.com\/it\/?s={search_term_string}\"},\"query-input\":{\"@type\":\"PropertyValueSpecification\",\"valueRequired\":true,\"valueName\":\"search_term_string\"}}],\"inLanguage\":\"it-IT\"},{\"@type\":\"Organization\",\"@id\":\"https:\/\/www.pressenza.com\/it\/#organization\",\"name\":\"Pressenza\",\"url\":\"https:\/\/www.pressenza.com\/it\/\",\"logo\":{\"@type\":\"ImageObject\",\"inLanguage\":\"it-IT\",\"@id\":\"https:\/\/www.pressenza.com\/it\/#\/schema\/logo\/image\/\",\"url\":\"https:\/\/www.pressenza.com\/wp-content\/uploads\/2022\/10\/pressenza_logo_200x200.jpg\",\"contentUrl\":\"https:\/\/www.pressenza.com\/wp-content\/uploads\/2022\/10\/pressenza_logo_200x200.jpg\",\"width\":200,\"height\":200,\"caption\":\"Pressenza\"},\"image\":{\"@id\":\"https:\/\/www.pressenza.com\/it\/#\/schema\/logo\/image\/\"},\"sameAs\":[\"https:\/\/www.facebook.com\/PressenzaItalia\",\"https:\/\/x.com\/PressenzaIPA\"]},{\"@type\":\"Person\",\"@id\":\"https:\/\/www.pressenza.com\/it\/#\/schema\/person\/bb13dad7d75de3f57ef0c4246101316b\",\"name\":\"Agenzia DIRE\",\"description\":\"La DIRE \u00e8 una delle principali agenzie di stampa nazionali, trasmette sui propri notiziari multimediali tutte le notizie dell'ultimo minuto, approfondimenti, interviste, newsletter tematiche. Specializzata in politiche parlamentari e di governo, oltre che esteri, sanit\u00e0, ambiente, welfare, politiche regionali e locali, giovani. Su Dire.it pubblica, ogni giorno, tutte le principali notizie. E' presente su tutto il territorio nazionale con sei sedi, cinquanta giornalisti e corrispondenti da tutte le regioni.\",\"sameAs\":[\"http:\/\/www.dire.it\/\"],\"url\":\"https:\/\/www.pressenza.com\/it\/author\/agenzia-dire\/\"}]}<\/script>\n<!-- \/ Yoast SEO plugin. -->","yoast_head_json":{"title":"Egitto, Zaki: \"La povert\u00e0 aumenta e non c'\u00e8 spazio per il dissenso\".","description":"L'Egitto non \u00e8 affatto un paese stabile, n\u00e9 dal punto di vista socio-economico n\u00e9 delle libert\u00e0 fondamentali. La gente non trova lavoro, il costo della","robots":{"index":"index","follow":"follow","max-snippet":"max-snippet:-1","max-image-preview":"max-image-preview:large","max-video-preview":"max-video-preview:-1"},"canonical":"https:\/\/www.pressenza.com\/it\/2018\/08\/egitto-zaki-la-poverta-aumenta-e-non-ce-spazio-per-il-dissenso\/","og_locale":"it_IT","og_type":"article","og_title":"Egitto, Zaki: \"La povert\u00e0 aumenta e non c'\u00e8 spazio per il dissenso\".","og_description":"L'Egitto non \u00e8 affatto un paese stabile, n\u00e9 dal punto di vista socio-economico n\u00e9 delle libert\u00e0 fondamentali. La gente non trova lavoro, il costo della","og_url":"https:\/\/www.pressenza.com\/it\/2018\/08\/egitto-zaki-la-poverta-aumenta-e-non-ce-spazio-per-il-dissenso\/","og_site_name":"Pressenza","article_publisher":"https:\/\/www.facebook.com\/PressenzaItalia","article_published_time":"2018-08-30T16:34:08+00:00","article_modified_time":"2018-08-30T17:33:39+00:00","og_image":[{"width":738,"height":470,"url":"https:\/\/www.pressenza.com\/wp-content\/uploads\/2018\/08\/egitto-dire.jpg","type":"image\/jpeg"}],"author":"Agenzia DIRE","twitter_card":"summary_large_image","twitter_creator":"@PressenzaIPA","twitter_site":"@PressenzaIPA","twitter_misc":{"Scritto da":"Agenzia DIRE","Tempo di lettura stimato":"2 minuti"},"schema":{"@context":"https:\/\/schema.org","@graph":[{"@type":"Article","@id":"https:\/\/www.pressenza.com\/it\/2018\/08\/egitto-zaki-la-poverta-aumenta-e-non-ce-spazio-per-il-dissenso\/#article","isPartOf":{"@id":"https:\/\/www.pressenza.com\/it\/2018\/08\/egitto-zaki-la-poverta-aumenta-e-non-ce-spazio-per-il-dissenso\/"},"author":{"name":"Agenzia DIRE","@id":"https:\/\/www.pressenza.com\/it\/#\/schema\/person\/bb13dad7d75de3f57ef0c4246101316b"},"headline":"Egitto, Zaki: &#8220;La povert\u00e0 aumenta e non c&#8217;\u00e8 spazio per il dissenso&#8221;.","datePublished":"2018-08-30T16:34:08+00:00","dateModified":"2018-08-30T17:33:39+00:00","mainEntityOfPage":{"@id":"https:\/\/www.pressenza.com\/it\/2018\/08\/egitto-zaki-la-poverta-aumenta-e-non-ce-spazio-per-il-dissenso\/"},"wordCount":438,"publisher":{"@id":"https:\/\/www.pressenza.com\/it\/#organization"},"image":{"@id":"https:\/\/www.pressenza.com\/it\/2018\/08\/egitto-zaki-la-poverta-aumenta-e-non-ce-spazio-per-il-dissenso\/#primaryimage"},"thumbnailUrl":"https:\/\/www.pressenza.com\/wp-content\/uploads\/2018\/08\/egitto-dire.jpg","keywords":["Al-Sisi","dissenso","Egitto","Giulio Regeni","povert\u00e0"],"articleSection":["Diritti Umani","Interviste","Medio Oriente"],"inLanguage":"it-IT"},{"@type":"WebPage","@id":"https:\/\/www.pressenza.com\/it\/2018\/08\/egitto-zaki-la-poverta-aumenta-e-non-ce-spazio-per-il-dissenso\/","url":"https:\/\/www.pressenza.com\/it\/2018\/08\/egitto-zaki-la-poverta-aumenta-e-non-ce-spazio-per-il-dissenso\/","name":"Egitto, Zaki: \"La povert\u00e0 aumenta e non c'\u00e8 spazio per il dissenso\".","isPartOf":{"@id":"https:\/\/www.pressenza.com\/it\/#website"},"primaryImageOfPage":{"@id":"https:\/\/www.pressenza.com\/it\/2018\/08\/egitto-zaki-la-poverta-aumenta-e-non-ce-spazio-per-il-dissenso\/#primaryimage"},"image":{"@id":"https:\/\/www.pressenza.com\/it\/2018\/08\/egitto-zaki-la-poverta-aumenta-e-non-ce-spazio-per-il-dissenso\/#primaryimage"},"thumbnailUrl":"https:\/\/www.pressenza.com\/wp-content\/uploads\/2018\/08\/egitto-dire.jpg","datePublished":"2018-08-30T16:34:08+00:00","dateModified":"2018-08-30T17:33:39+00:00","description":"L'Egitto non \u00e8 affatto un paese stabile, n\u00e9 dal punto di vista socio-economico n\u00e9 delle libert\u00e0 fondamentali. La gente non trova lavoro, il costo della","breadcrumb":{"@id":"https:\/\/www.pressenza.com\/it\/2018\/08\/egitto-zaki-la-poverta-aumenta-e-non-ce-spazio-per-il-dissenso\/#breadcrumb"},"inLanguage":"it-IT","potentialAction":[{"@type":"ReadAction","target":["https:\/\/www.pressenza.com\/it\/2018\/08\/egitto-zaki-la-poverta-aumenta-e-non-ce-spazio-per-il-dissenso\/"]}]},{"@type":"ImageObject","inLanguage":"it-IT","@id":"https:\/\/www.pressenza.com\/it\/2018\/08\/egitto-zaki-la-poverta-aumenta-e-non-ce-spazio-per-il-dissenso\/#primaryimage","url":"https:\/\/www.pressenza.com\/wp-content\/uploads\/2018\/08\/egitto-dire.jpg","contentUrl":"https:\/\/www.pressenza.com\/wp-content\/uploads\/2018\/08\/egitto-dire.jpg","width":738,"height":470},{"@type":"BreadcrumbList","@id":"https:\/\/www.pressenza.com\/it\/2018\/08\/egitto-zaki-la-poverta-aumenta-e-non-ce-spazio-per-il-dissenso\/#breadcrumb","itemListElement":[{"@type":"ListItem","position":1,"name":"Accueil","item":"https:\/\/www.pressenza.com\/it\/"},{"@type":"ListItem","position":2,"name":"Egitto, Zaki: &#8220;La povert\u00e0 aumenta e non c&#8217;\u00e8 spazio per il dissenso&#8221;."}]},{"@type":"WebSite","@id":"https:\/\/www.pressenza.com\/it\/#website","url":"https:\/\/www.pressenza.com\/it\/","name":"Pressenza","description":"Agenzia di Stampa Internazionale","publisher":{"@id":"https:\/\/www.pressenza.com\/it\/#organization"},"potentialAction":[{"@type":"SearchAction","target":{"@type":"EntryPoint","urlTemplate":"https:\/\/www.pressenza.com\/it\/?s={search_term_string}"},"query-input":{"@type":"PropertyValueSpecification","valueRequired":true,"valueName":"search_term_string"}}],"inLanguage":"it-IT"},{"@type":"Organization","@id":"https:\/\/www.pressenza.com\/it\/#organization","name":"Pressenza","url":"https:\/\/www.pressenza.com\/it\/","logo":{"@type":"ImageObject","inLanguage":"it-IT","@id":"https:\/\/www.pressenza.com\/it\/#\/schema\/logo\/image\/","url":"https:\/\/www.pressenza.com\/wp-content\/uploads\/2022\/10\/pressenza_logo_200x200.jpg","contentUrl":"https:\/\/www.pressenza.com\/wp-content\/uploads\/2022\/10\/pressenza_logo_200x200.jpg","width":200,"height":200,"caption":"Pressenza"},"image":{"@id":"https:\/\/www.pressenza.com\/it\/#\/schema\/logo\/image\/"},"sameAs":["https:\/\/www.facebook.com\/PressenzaItalia","https:\/\/x.com\/PressenzaIPA"]},{"@type":"Person","@id":"https:\/\/www.pressenza.com\/it\/#\/schema\/person\/bb13dad7d75de3f57ef0c4246101316b","name":"Agenzia DIRE","description":"La DIRE \u00e8 una delle principali agenzie di stampa nazionali, trasmette sui propri notiziari multimediali tutte le notizie dell'ultimo minuto, approfondimenti, interviste, newsletter tematiche. Specializzata in politiche parlamentari e di governo, oltre che esteri, sanit\u00e0, ambiente, welfare, politiche regionali e locali, giovani. Su Dire.it pubblica, ogni giorno, tutte le principali notizie. E' presente su tutto il territorio nazionale con sei sedi, cinquanta giornalisti e corrispondenti da tutte le regioni.","sameAs":["http:\/\/www.dire.it\/"],"url":"https:\/\/www.pressenza.com\/it\/author\/agenzia-dire\/"}]}},"place":"","original_article_url":"","_links":{"self":[{"href":"https:\/\/www.pressenza.com\/it\/wp-json\/wp\/v2\/posts\/713348","targetHints":{"allow":["GET"]}}],"collection":[{"href":"https:\/\/www.pressenza.com\/it\/wp-json\/wp\/v2\/posts"}],"about":[{"href":"https:\/\/www.pressenza.com\/it\/wp-json\/wp\/v2\/types\/post"}],"author":[{"embeddable":true,"href":"https:\/\/www.pressenza.com\/it\/wp-json\/wp\/v2\/users\/1478"}],"replies":[{"embeddable":true,"href":"https:\/\/www.pressenza.com\/it\/wp-json\/wp\/v2\/comments?post=713348"}],"version-history":[{"count":0,"href":"https:\/\/www.pressenza.com\/it\/wp-json\/wp\/v2\/posts\/713348\/revisions"}],"wp:featuredmedia":[{"embeddable":true,"href":"https:\/\/www.pressenza.com\/it\/wp-json\/wp\/v2\/media\/713349"}],"wp:attachment":[{"href":"https:\/\/www.pressenza.com\/it\/wp-json\/wp\/v2\/media?parent=713348"}],"wp:term":[{"taxonomy":"category","embeddable":true,"href":"https:\/\/www.pressenza.com\/it\/wp-json\/wp\/v2\/categories?post=713348"},{"taxonomy":"post_tag","embeddable":true,"href":"https:\/\/www.pressenza.com\/it\/wp-json\/wp\/v2\/tags?post=713348"}],"curies":[{"name":"wp","href":"https:\/\/api.w.org\/{rel}","templated":true}]}}