{"id":71198,"date":"2013-10-02T17:12:44","date_gmt":"2013-10-02T16:12:44","guid":{"rendered":"http:\/\/www.pressenza.com\/?p=71198"},"modified":"2013-10-02T17:14:18","modified_gmt":"2013-10-02T16:14:18","slug":"la-lega-si-conferma-omofoba","status":"publish","type":"post","link":"https:\/\/www.pressenza.com\/it\/2013\/10\/la-lega-si-conferma-omofoba\/","title":{"rendered":"La Lega si conferma omofoba"},"content":{"rendered":"<p>Le uscite ingiuriose nei confronti di Vendola e implicitamente del mondo Lgbtq non meravigliano.<\/p>\n<p>Ricordo ancora le strade tappezzate dai manifesti leghisti in cui si diceva \u201c<b><span style=\"text-decoration: underline;\">NO alle relazioni \u201canormali\u201d<\/span><\/b>\u201d dei gay.<\/p>\n<p>Le radici omofobe, xenofobe e razziste di un movimento politico che ha alimentato le paure ancestrali per ogni diversit\u00e0, prima o poi emergono.<\/p>\n<p>I \u201cbarbari sognanti\u201d sono solo una variante della Lega che inneggiava al celodurismo e all\u2019insurrezione armata in una presunta difesa del Nord sano e virile.<\/p>\n<p>Quando non si hanno proposte credibili per risolvere i problemi della disoccupazione, della distruzione del territorio e dell\u2019incertezza di un futuro per le giovani generazioni, si passa all\u2019insulto e alla calunnia.<\/p>\n<p>I leghisti in Consiglio Comunale hanno sempre votato contro le delibere sui \u201cdiritti\u201d proposte dalla maggioranza.<\/p>\n<p>Le parole di Morelli sono, quindi, in perfetta sintonia con un percorso politico che si commenta da solo.<\/p>\n","protected":false},"excerpt":{"rendered":"<p>Le uscite ingiuriose nei confronti di Vendola e implicitamente del mondo Lgbtq non meravigliano. Ricordo ancora le strade tappezzate dai manifesti leghisti in cui si diceva \u201cNO alle relazioni \u201canormali\u201d\u201d dei gay. Le radici omofobe, xenofobe e razziste di un&hellip;<\/p>\n","protected":false},"author":1007,"featured_media":71199,"comment_status":"closed","ping_status":"open","sticky":false,"template":"","format":"standard","meta":{"footnotes":""},"categories":[150,47,1261,55],"tags":[6998,285,6997,176],"class_list":["post-71198","post","type-post","status-publish","format-standard","has-post-thumbnail","hentry","category-comunicati-stampa","category-europa","category-diversita","category-politica","tag-lega","tag-lgbt","tag-morelli","tag-vendola"],"yoast_head":"<!-- This site is optimized with the Yoast SEO plugin v27.1.1 - https:\/\/yoast.com\/product\/yoast-seo-wordpress\/ -->\n<title>La Lega si conferma omofoba<\/title>\n<meta name=\"description\" content=\"Le uscite ingiuriose nei confronti di Vendola e implicitamente del mondo Lgbtq non meravigliano. Ricordo ancora le strade tappezzate dai manifesti\" \/>\n<meta name=\"robots\" content=\"index, follow, max-snippet:-1, max-image-preview:large, max-video-preview:-1\" \/>\n<link rel=\"canonical\" href=\"https:\/\/www.pressenza.com\/it\/2013\/10\/la-lega-si-conferma-omofoba\/\" \/>\n<meta property=\"og:locale\" content=\"it_IT\" \/>\n<meta property=\"og:type\" content=\"article\" \/>\n<meta property=\"og:title\" content=\"La Lega si conferma omofoba\" \/>\n<meta property=\"og:description\" content=\"Le uscite ingiuriose nei confronti di Vendola e implicitamente del mondo Lgbtq non meravigliano. Ricordo ancora le strade tappezzate dai manifesti\" \/>\n<meta property=\"og:url\" content=\"https:\/\/www.pressenza.com\/it\/2013\/10\/la-lega-si-conferma-omofoba\/\" \/>\n<meta property=\"og:site_name\" content=\"Pressenza\" \/>\n<meta property=\"article:publisher\" content=\"https:\/\/www.facebook.com\/PressenzaItalia\" \/>\n<meta property=\"article:published_time\" content=\"2013-10-02T16:12:44+00:00\" \/>\n<meta property=\"article:modified_time\" content=\"2013-10-02T16:14:18+00:00\" \/>\n<meta property=\"og:image\" content=\"https:\/\/www.pressenza.com\/wp-content\/uploads\/2013\/10\/morelli-e-vendola1.jpg\" \/>\n\t<meta property=\"og:image:width\" content=\"620\" \/>\n\t<meta property=\"og:image:height\" content=\"350\" \/>\n\t<meta property=\"og:image:type\" content=\"image\/jpeg\" \/>\n<meta name=\"author\" content=\"Anita Sonego\" \/>\n<meta name=\"twitter:card\" content=\"summary_large_image\" \/>\n<meta name=\"twitter:creator\" content=\"@PressenzaIPA\" \/>\n<meta name=\"twitter:site\" content=\"@PressenzaIPA\" \/>\n<meta name=\"twitter:label1\" content=\"Scritto da\" \/>\n\t<meta name=\"twitter:data1\" content=\"Anita Sonego\" \/>\n\t<meta name=\"twitter:label2\" content=\"Tempo di lettura stimato\" \/>\n\t<meta name=\"twitter:data2\" content=\"1 minuto\" \/>\n<script type=\"application\/ld+json\" class=\"yoast-schema-graph\">{\"@context\":\"https:\/\/schema.org\",\"@graph\":[{\"@type\":\"Article\",\"@id\":\"https:\/\/www.pressenza.com\/it\/2013\/10\/la-lega-si-conferma-omofoba\/#article\",\"isPartOf\":{\"@id\":\"https:\/\/www.pressenza.com\/it\/2013\/10\/la-lega-si-conferma-omofoba\/\"},\"author\":{\"name\":\"Anita Sonego\",\"@id\":\"https:\/\/www.pressenza.com\/it\/#\/schema\/person\/508a428987d2880e3d65bd35e6c7cbc5\"},\"headline\":\"La Lega si conferma omofoba\",\"datePublished\":\"2013-10-02T16:12:44+00:00\",\"dateModified\":\"2013-10-02T16:14:18+00:00\",\"mainEntityOfPage\":{\"@id\":\"https:\/\/www.pressenza.com\/it\/2013\/10\/la-lega-si-conferma-omofoba\/\"},\"wordCount\":153,\"publisher\":{\"@id\":\"https:\/\/www.pressenza.com\/it\/#organization\"},\"image\":{\"@id\":\"https:\/\/www.pressenza.com\/it\/2013\/10\/la-lega-si-conferma-omofoba\/#primaryimage\"},\"thumbnailUrl\":\"https:\/\/www.pressenza.com\/wp-content\/uploads\/2013\/10\/morelli-e-vendola1.jpg\",\"keywords\":[\"Lega\",\"LGBT\",\"Morelli\",\"Vendola\"],\"articleSection\":[\"Comunicati Stampa\",\"Europa\",\"Non discriminazione\",\"Politica\"],\"inLanguage\":\"it-IT\"},{\"@type\":\"WebPage\",\"@id\":\"https:\/\/www.pressenza.com\/it\/2013\/10\/la-lega-si-conferma-omofoba\/\",\"url\":\"https:\/\/www.pressenza.com\/it\/2013\/10\/la-lega-si-conferma-omofoba\/\",\"name\":\"La Lega si conferma omofoba\",\"isPartOf\":{\"@id\":\"https:\/\/www.pressenza.com\/it\/#website\"},\"primaryImageOfPage\":{\"@id\":\"https:\/\/www.pressenza.com\/it\/2013\/10\/la-lega-si-conferma-omofoba\/#primaryimage\"},\"image\":{\"@id\":\"https:\/\/www.pressenza.com\/it\/2013\/10\/la-lega-si-conferma-omofoba\/#primaryimage\"},\"thumbnailUrl\":\"https:\/\/www.pressenza.com\/wp-content\/uploads\/2013\/10\/morelli-e-vendola1.jpg\",\"datePublished\":\"2013-10-02T16:12:44+00:00\",\"dateModified\":\"2013-10-02T16:14:18+00:00\",\"description\":\"Le uscite ingiuriose nei confronti di Vendola e implicitamente del mondo Lgbtq non meravigliano. Ricordo ancora le strade tappezzate dai manifesti\",\"breadcrumb\":{\"@id\":\"https:\/\/www.pressenza.com\/it\/2013\/10\/la-lega-si-conferma-omofoba\/#breadcrumb\"},\"inLanguage\":\"it-IT\",\"potentialAction\":[{\"@type\":\"ReadAction\",\"target\":[\"https:\/\/www.pressenza.com\/it\/2013\/10\/la-lega-si-conferma-omofoba\/\"]}]},{\"@type\":\"ImageObject\",\"inLanguage\":\"it-IT\",\"@id\":\"https:\/\/www.pressenza.com\/it\/2013\/10\/la-lega-si-conferma-omofoba\/#primaryimage\",\"url\":\"https:\/\/www.pressenza.com\/wp-content\/uploads\/2013\/10\/morelli-e-vendola1.jpg\",\"contentUrl\":\"https:\/\/www.pressenza.com\/wp-content\/uploads\/2013\/10\/morelli-e-vendola1.jpg\",\"width\":620,\"height\":350},{\"@type\":\"BreadcrumbList\",\"@id\":\"https:\/\/www.pressenza.com\/it\/2013\/10\/la-lega-si-conferma-omofoba\/#breadcrumb\",\"itemListElement\":[{\"@type\":\"ListItem\",\"position\":1,\"name\":\"Accueil\",\"item\":\"https:\/\/www.pressenza.com\/it\/\"},{\"@type\":\"ListItem\",\"position\":2,\"name\":\"La Lega si conferma omofoba\"}]},{\"@type\":\"WebSite\",\"@id\":\"https:\/\/www.pressenza.com\/it\/#website\",\"url\":\"https:\/\/www.pressenza.com\/it\/\",\"name\":\"Pressenza\",\"description\":\"Agenzia di Stampa Internazionale\",\"publisher\":{\"@id\":\"https:\/\/www.pressenza.com\/it\/#organization\"},\"potentialAction\":[{\"@type\":\"SearchAction\",\"target\":{\"@type\":\"EntryPoint\",\"urlTemplate\":\"https:\/\/www.pressenza.com\/it\/?s={search_term_string}\"},\"query-input\":{\"@type\":\"PropertyValueSpecification\",\"valueRequired\":true,\"valueName\":\"search_term_string\"}}],\"inLanguage\":\"it-IT\"},{\"@type\":\"Organization\",\"@id\":\"https:\/\/www.pressenza.com\/it\/#organization\",\"name\":\"Pressenza\",\"url\":\"https:\/\/www.pressenza.com\/it\/\",\"logo\":{\"@type\":\"ImageObject\",\"inLanguage\":\"it-IT\",\"@id\":\"https:\/\/www.pressenza.com\/it\/#\/schema\/logo\/image\/\",\"url\":\"https:\/\/www.pressenza.com\/wp-content\/uploads\/2022\/10\/pressenza_logo_200x200.jpg\",\"contentUrl\":\"https:\/\/www.pressenza.com\/wp-content\/uploads\/2022\/10\/pressenza_logo_200x200.jpg\",\"width\":200,\"height\":200,\"caption\":\"Pressenza\"},\"image\":{\"@id\":\"https:\/\/www.pressenza.com\/it\/#\/schema\/logo\/image\/\"},\"sameAs\":[\"https:\/\/www.facebook.com\/PressenzaItalia\",\"https:\/\/x.com\/PressenzaIPA\"]},{\"@type\":\"Person\",\"@id\":\"https:\/\/www.pressenza.com\/it\/#\/schema\/person\/508a428987d2880e3d65bd35e6c7cbc5\",\"name\":\"Anita Sonego\",\"description\":\"Consigliera comunale a Milano per la lista Sinistra per Pisapia. \u00c8 stata presidente della Libera Universit\u00e0 delle Donne che ha fondato, assieme ad altre, nel 1987. All'interno della stessa Universit\u00e0 ha dato vita al gruppo \\\" Soggettivit\u00e0 Lesbica\\\". Quale Presidente della Commissione Pari Opportunit\u00e0 ha promosso i \\\" Tavoli delle Donne\\\", forme di partecipazione attiva della cittadinanza in relazione con l'Amministrazione Comunale. Si \u00e8 impegnata per realizzare i punti qualificanti del suo programma: -Istituzione del Registro delle Unioni Civili -Istituzione della Casa delle Donne -Difesa e potenziamento dei Consultori per la salute delle donne La sua attivit\u00e0 all'interno del Comune di Milano ha come ambito privilegiato la promozione della partecipazione, la difesa dei beni comuni, i diritti, il dare voce a chi non ha voce.\",\"url\":\"https:\/\/www.pressenza.com\/it\/author\/anita-sonego\/\"}]}<\/script>\n<!-- \/ Yoast SEO plugin. -->","yoast_head_json":{"title":"La Lega si conferma omofoba","description":"Le uscite ingiuriose nei confronti di Vendola e implicitamente del mondo Lgbtq non meravigliano. Ricordo ancora le strade tappezzate dai manifesti","robots":{"index":"index","follow":"follow","max-snippet":"max-snippet:-1","max-image-preview":"max-image-preview:large","max-video-preview":"max-video-preview:-1"},"canonical":"https:\/\/www.pressenza.com\/it\/2013\/10\/la-lega-si-conferma-omofoba\/","og_locale":"it_IT","og_type":"article","og_title":"La Lega si conferma omofoba","og_description":"Le uscite ingiuriose nei confronti di Vendola e implicitamente del mondo Lgbtq non meravigliano. Ricordo ancora le strade tappezzate dai manifesti","og_url":"https:\/\/www.pressenza.com\/it\/2013\/10\/la-lega-si-conferma-omofoba\/","og_site_name":"Pressenza","article_publisher":"https:\/\/www.facebook.com\/PressenzaItalia","article_published_time":"2013-10-02T16:12:44+00:00","article_modified_time":"2013-10-02T16:14:18+00:00","og_image":[{"width":620,"height":350,"url":"https:\/\/www.pressenza.com\/wp-content\/uploads\/2013\/10\/morelli-e-vendola1.jpg","type":"image\/jpeg"}],"author":"Anita Sonego","twitter_card":"summary_large_image","twitter_creator":"@PressenzaIPA","twitter_site":"@PressenzaIPA","twitter_misc":{"Scritto da":"Anita Sonego","Tempo di lettura stimato":"1 minuto"},"schema":{"@context":"https:\/\/schema.org","@graph":[{"@type":"Article","@id":"https:\/\/www.pressenza.com\/it\/2013\/10\/la-lega-si-conferma-omofoba\/#article","isPartOf":{"@id":"https:\/\/www.pressenza.com\/it\/2013\/10\/la-lega-si-conferma-omofoba\/"},"author":{"name":"Anita Sonego","@id":"https:\/\/www.pressenza.com\/it\/#\/schema\/person\/508a428987d2880e3d65bd35e6c7cbc5"},"headline":"La Lega si conferma omofoba","datePublished":"2013-10-02T16:12:44+00:00","dateModified":"2013-10-02T16:14:18+00:00","mainEntityOfPage":{"@id":"https:\/\/www.pressenza.com\/it\/2013\/10\/la-lega-si-conferma-omofoba\/"},"wordCount":153,"publisher":{"@id":"https:\/\/www.pressenza.com\/it\/#organization"},"image":{"@id":"https:\/\/www.pressenza.com\/it\/2013\/10\/la-lega-si-conferma-omofoba\/#primaryimage"},"thumbnailUrl":"https:\/\/www.pressenza.com\/wp-content\/uploads\/2013\/10\/morelli-e-vendola1.jpg","keywords":["Lega","LGBT","Morelli","Vendola"],"articleSection":["Comunicati Stampa","Europa","Non discriminazione","Politica"],"inLanguage":"it-IT"},{"@type":"WebPage","@id":"https:\/\/www.pressenza.com\/it\/2013\/10\/la-lega-si-conferma-omofoba\/","url":"https:\/\/www.pressenza.com\/it\/2013\/10\/la-lega-si-conferma-omofoba\/","name":"La Lega si conferma omofoba","isPartOf":{"@id":"https:\/\/www.pressenza.com\/it\/#website"},"primaryImageOfPage":{"@id":"https:\/\/www.pressenza.com\/it\/2013\/10\/la-lega-si-conferma-omofoba\/#primaryimage"},"image":{"@id":"https:\/\/www.pressenza.com\/it\/2013\/10\/la-lega-si-conferma-omofoba\/#primaryimage"},"thumbnailUrl":"https:\/\/www.pressenza.com\/wp-content\/uploads\/2013\/10\/morelli-e-vendola1.jpg","datePublished":"2013-10-02T16:12:44+00:00","dateModified":"2013-10-02T16:14:18+00:00","description":"Le uscite ingiuriose nei confronti di Vendola e implicitamente del mondo Lgbtq non meravigliano. Ricordo ancora le strade tappezzate dai manifesti","breadcrumb":{"@id":"https:\/\/www.pressenza.com\/it\/2013\/10\/la-lega-si-conferma-omofoba\/#breadcrumb"},"inLanguage":"it-IT","potentialAction":[{"@type":"ReadAction","target":["https:\/\/www.pressenza.com\/it\/2013\/10\/la-lega-si-conferma-omofoba\/"]}]},{"@type":"ImageObject","inLanguage":"it-IT","@id":"https:\/\/www.pressenza.com\/it\/2013\/10\/la-lega-si-conferma-omofoba\/#primaryimage","url":"https:\/\/www.pressenza.com\/wp-content\/uploads\/2013\/10\/morelli-e-vendola1.jpg","contentUrl":"https:\/\/www.pressenza.com\/wp-content\/uploads\/2013\/10\/morelli-e-vendola1.jpg","width":620,"height":350},{"@type":"BreadcrumbList","@id":"https:\/\/www.pressenza.com\/it\/2013\/10\/la-lega-si-conferma-omofoba\/#breadcrumb","itemListElement":[{"@type":"ListItem","position":1,"name":"Accueil","item":"https:\/\/www.pressenza.com\/it\/"},{"@type":"ListItem","position":2,"name":"La Lega si conferma omofoba"}]},{"@type":"WebSite","@id":"https:\/\/www.pressenza.com\/it\/#website","url":"https:\/\/www.pressenza.com\/it\/","name":"Pressenza","description":"Agenzia di Stampa Internazionale","publisher":{"@id":"https:\/\/www.pressenza.com\/it\/#organization"},"potentialAction":[{"@type":"SearchAction","target":{"@type":"EntryPoint","urlTemplate":"https:\/\/www.pressenza.com\/it\/?s={search_term_string}"},"query-input":{"@type":"PropertyValueSpecification","valueRequired":true,"valueName":"search_term_string"}}],"inLanguage":"it-IT"},{"@type":"Organization","@id":"https:\/\/www.pressenza.com\/it\/#organization","name":"Pressenza","url":"https:\/\/www.pressenza.com\/it\/","logo":{"@type":"ImageObject","inLanguage":"it-IT","@id":"https:\/\/www.pressenza.com\/it\/#\/schema\/logo\/image\/","url":"https:\/\/www.pressenza.com\/wp-content\/uploads\/2022\/10\/pressenza_logo_200x200.jpg","contentUrl":"https:\/\/www.pressenza.com\/wp-content\/uploads\/2022\/10\/pressenza_logo_200x200.jpg","width":200,"height":200,"caption":"Pressenza"},"image":{"@id":"https:\/\/www.pressenza.com\/it\/#\/schema\/logo\/image\/"},"sameAs":["https:\/\/www.facebook.com\/PressenzaItalia","https:\/\/x.com\/PressenzaIPA"]},{"@type":"Person","@id":"https:\/\/www.pressenza.com\/it\/#\/schema\/person\/508a428987d2880e3d65bd35e6c7cbc5","name":"Anita Sonego","description":"Consigliera comunale a Milano per la lista Sinistra per Pisapia. \u00c8 stata presidente della Libera Universit\u00e0 delle Donne che ha fondato, assieme ad altre, nel 1987. All'interno della stessa Universit\u00e0 ha dato vita al gruppo \" Soggettivit\u00e0 Lesbica\". Quale Presidente della Commissione Pari Opportunit\u00e0 ha promosso i \" Tavoli delle Donne\", forme di partecipazione attiva della cittadinanza in relazione con l'Amministrazione Comunale. Si \u00e8 impegnata per realizzare i punti qualificanti del suo programma: -Istituzione del Registro delle Unioni Civili -Istituzione della Casa delle Donne -Difesa e potenziamento dei Consultori per la salute delle donne La sua attivit\u00e0 all'interno del Comune di Milano ha come ambito privilegiato la promozione della partecipazione, la difesa dei beni comuni, i diritti, il dare voce a chi non ha voce.","url":"https:\/\/www.pressenza.com\/it\/author\/anita-sonego\/"}]}},"place":"Milano","original_article_url":"","_links":{"self":[{"href":"https:\/\/www.pressenza.com\/it\/wp-json\/wp\/v2\/posts\/71198","targetHints":{"allow":["GET"]}}],"collection":[{"href":"https:\/\/www.pressenza.com\/it\/wp-json\/wp\/v2\/posts"}],"about":[{"href":"https:\/\/www.pressenza.com\/it\/wp-json\/wp\/v2\/types\/post"}],"author":[{"embeddable":true,"href":"https:\/\/www.pressenza.com\/it\/wp-json\/wp\/v2\/users\/1007"}],"replies":[{"embeddable":true,"href":"https:\/\/www.pressenza.com\/it\/wp-json\/wp\/v2\/comments?post=71198"}],"version-history":[{"count":0,"href":"https:\/\/www.pressenza.com\/it\/wp-json\/wp\/v2\/posts\/71198\/revisions"}],"wp:featuredmedia":[{"embeddable":true,"href":"https:\/\/www.pressenza.com\/it\/wp-json\/wp\/v2\/media\/71199"}],"wp:attachment":[{"href":"https:\/\/www.pressenza.com\/it\/wp-json\/wp\/v2\/media?parent=71198"}],"wp:term":[{"taxonomy":"category","embeddable":true,"href":"https:\/\/www.pressenza.com\/it\/wp-json\/wp\/v2\/categories?post=71198"},{"taxonomy":"post_tag","embeddable":true,"href":"https:\/\/www.pressenza.com\/it\/wp-json\/wp\/v2\/tags?post=71198"}],"curies":[{"name":"wp","href":"https:\/\/api.w.org\/{rel}","templated":true}]}}