{"id":70939,"date":"2013-10-01T08:42:14","date_gmt":"2013-10-01T07:42:14","guid":{"rendered":"http:\/\/www.pressenza.com\/?p=70939"},"modified":"2013-10-01T08:42:14","modified_gmt":"2013-10-01T07:42:14","slug":"campania-tg-multilingue-fatto-immigrati-immigrati","status":"publish","type":"post","link":"https:\/\/www.pressenza.com\/it\/2013\/10\/campania-tg-multilingue-fatto-immigrati-immigrati\/","title":{"rendered":"Campania: un tg multilingue fatto da immigrati per immigrati"},"content":{"rendered":"<p><img loading=\"lazy\" decoding=\"async\" class=\"alignright\" alt=\"\" src=\"http:\/\/vs2.streamcaster.net\/lunaset\/a71f1f64-e865-47aa-90ab-2b1b073a5ae9.jpg\" width=\"300\" height=\"190\" \/><\/p>\n<p><em>Parte oggi l\u2019iniziativa di Tv Luna di Caserta.<\/em><\/p>\n<p>\u201c<strong>Informare per integrare<\/strong>\u201d: nasce con questo spirito Tg Luna World News, il primo telegiornale degli immigrati per gli immigrati, dal 30 settembre in onda sulle emittenti del gruppo campano Lunaset Tv Luna, Tv Luna Caserta e TeleNostra.<\/p>\n<p>&nbsp;<\/p>\n<p>\u201cIn questo modo \u2013 dichiara Francesca Nardi, direttore di Tv Luna Caserta e del nuovo Tg multilingue \u2013 vogliamo favorire l\u2019integrazione effettiva nella maniera pi\u00f9 giusta, consentendo l\u2019integrazione anche tra i cittadini immigrati e quindi lo sviluppo interetnico. La scaletta di Tg Luna World News seguir\u00e0 quella dei telegiornali italiani, con una prevalenza di notizie dai Paesi degli immigrati che saranno approfondite anche con collegamenti telefonici, cui faranno seguito notizie nazionali e dal territorio\u201d.<\/p>\n<p>Verr\u00e0 dedicato spazio agli strumenti legislativi, alle pratiche burocratiche, alle iniziative sociali e formative e a tutte le informazioni utili a favorire la convivenza pacifica e il miglioramento delle condizioni di vita.<\/p>\n<p>Il tg andr\u00e0 in onda luned\u00ec in lingua ucraina e araba, mercoled\u00ec in albanese e francese, venerd\u00ec in inglese.<br \/>\n(Red.)<\/p>\n<p>Fonte: immigrazioneoggi.it<\/p>\n","protected":false},"excerpt":{"rendered":"<p>Parte oggi l\u2019iniziativa di Tv Luna di Caserta. \u201cInformare per integrare\u201d: nasce con questo spirito Tg Luna World News, il primo telegiornale degli immigrati per gli immigrati, dal 30 settembre in onda sulle emittenti del gruppo campano Lunaset Tv Luna,&hellip;<\/p>\n","protected":false},"author":588,"featured_media":0,"comment_status":"closed","ping_status":"open","sticky":false,"template":"","format":"standard","meta":{"footnotes":""},"categories":[56,47,1261],"tags":[1315,6972,1088,6906,6973],"class_list":["post-70939","post","type-post","status-publish","format-standard","hentry","category-cultura","category-europa","category-diversita","tag-campania","tag-caserta","tag-immigrazione","tag-integrazione","tag-tv-luna"],"yoast_head":"<!-- This site is optimized with the Yoast SEO plugin v27.1.1 - https:\/\/yoast.com\/product\/yoast-seo-wordpress\/ -->\n<title>Campania: un tg multilingue fatto da immigrati per immigrati<\/title>\n<meta name=\"description\" content=\"Parte oggi l\u2019iniziativa di Tv Luna di Caserta. \u201cInformare per integrare\u201d: nasce con questo spirito Tg Luna World News, il primo telegiornale degli\" \/>\n<meta name=\"robots\" content=\"index, follow, max-snippet:-1, max-image-preview:large, max-video-preview:-1\" \/>\n<link rel=\"canonical\" href=\"https:\/\/www.pressenza.com\/it\/2013\/10\/campania-tg-multilingue-fatto-immigrati-immigrati\/\" \/>\n<meta property=\"og:locale\" content=\"it_IT\" \/>\n<meta property=\"og:type\" content=\"article\" \/>\n<meta property=\"og:title\" content=\"Campania: un tg multilingue fatto da immigrati per immigrati\" \/>\n<meta property=\"og:description\" content=\"Parte oggi l\u2019iniziativa di Tv Luna di Caserta. \u201cInformare per integrare\u201d: nasce con questo spirito Tg Luna World News, il primo telegiornale degli\" \/>\n<meta property=\"og:url\" content=\"https:\/\/www.pressenza.com\/it\/2013\/10\/campania-tg-multilingue-fatto-immigrati-immigrati\/\" \/>\n<meta property=\"og:site_name\" content=\"Pressenza\" \/>\n<meta property=\"article:publisher\" content=\"https:\/\/www.facebook.com\/PressenzaItalia\" \/>\n<meta property=\"article:author\" content=\"https:\/\/www.facebook.com\/pages\/Africanewsit\/153702190991?ref=ts\" \/>\n<meta property=\"article:published_time\" content=\"2013-10-01T07:42:14+00:00\" \/>\n<meta property=\"og:image\" content=\"http:\/\/vs2.streamcaster.net\/lunaset\/a71f1f64-e865-47aa-90ab-2b1b073a5ae9.jpg\" \/>\n<meta name=\"author\" content=\"Africa News\" \/>\n<meta name=\"twitter:card\" content=\"summary_large_image\" \/>\n<meta name=\"twitter:creator\" content=\"@AfricanewsIT_ES\" \/>\n<meta name=\"twitter:site\" content=\"@PressenzaIPA\" \/>\n<meta name=\"twitter:label1\" content=\"Scritto da\" \/>\n\t<meta name=\"twitter:data1\" content=\"Africa News\" \/>\n\t<meta name=\"twitter:label2\" content=\"Tempo di lettura stimato\" \/>\n\t<meta name=\"twitter:data2\" content=\"1 minuto\" \/>\n<script type=\"application\/ld+json\" class=\"yoast-schema-graph\">{\"@context\":\"https:\/\/schema.org\",\"@graph\":[{\"@type\":\"Article\",\"@id\":\"https:\/\/www.pressenza.com\/it\/2013\/10\/campania-tg-multilingue-fatto-immigrati-immigrati\/#article\",\"isPartOf\":{\"@id\":\"https:\/\/www.pressenza.com\/it\/2013\/10\/campania-tg-multilingue-fatto-immigrati-immigrati\/\"},\"author\":{\"name\":\"Africa News\",\"@id\":\"https:\/\/www.pressenza.com\/it\/#\/schema\/person\/74a77e2f87c0131607f77c4cc61502b5\"},\"headline\":\"Campania: un tg multilingue fatto da immigrati per immigrati\",\"datePublished\":\"2013-10-01T07:42:14+00:00\",\"mainEntityOfPage\":{\"@id\":\"https:\/\/www.pressenza.com\/it\/2013\/10\/campania-tg-multilingue-fatto-immigrati-immigrati\/\"},\"wordCount\":184,\"publisher\":{\"@id\":\"https:\/\/www.pressenza.com\/it\/#organization\"},\"image\":{\"@id\":\"https:\/\/www.pressenza.com\/it\/2013\/10\/campania-tg-multilingue-fatto-immigrati-immigrati\/#primaryimage\"},\"thumbnailUrl\":\"http:\/\/vs2.streamcaster.net\/lunaset\/a71f1f64-e865-47aa-90ab-2b1b073a5ae9.jpg\",\"keywords\":[\"Campania\",\"Caserta\",\"immigrazione\",\"integrazione\",\"TV Luna\"],\"articleSection\":[\"Cultura e Media\",\"Europa\",\"Non discriminazione\"],\"inLanguage\":\"it-IT\"},{\"@type\":\"WebPage\",\"@id\":\"https:\/\/www.pressenza.com\/it\/2013\/10\/campania-tg-multilingue-fatto-immigrati-immigrati\/\",\"url\":\"https:\/\/www.pressenza.com\/it\/2013\/10\/campania-tg-multilingue-fatto-immigrati-immigrati\/\",\"name\":\"Campania: un tg multilingue fatto da immigrati per immigrati\",\"isPartOf\":{\"@id\":\"https:\/\/www.pressenza.com\/it\/#website\"},\"primaryImageOfPage\":{\"@id\":\"https:\/\/www.pressenza.com\/it\/2013\/10\/campania-tg-multilingue-fatto-immigrati-immigrati\/#primaryimage\"},\"image\":{\"@id\":\"https:\/\/www.pressenza.com\/it\/2013\/10\/campania-tg-multilingue-fatto-immigrati-immigrati\/#primaryimage\"},\"thumbnailUrl\":\"http:\/\/vs2.streamcaster.net\/lunaset\/a71f1f64-e865-47aa-90ab-2b1b073a5ae9.jpg\",\"datePublished\":\"2013-10-01T07:42:14+00:00\",\"description\":\"Parte oggi l\u2019iniziativa di Tv Luna di Caserta. \u201cInformare per integrare\u201d: nasce con questo spirito Tg Luna World News, il primo telegiornale degli\",\"breadcrumb\":{\"@id\":\"https:\/\/www.pressenza.com\/it\/2013\/10\/campania-tg-multilingue-fatto-immigrati-immigrati\/#breadcrumb\"},\"inLanguage\":\"it-IT\",\"potentialAction\":[{\"@type\":\"ReadAction\",\"target\":[\"https:\/\/www.pressenza.com\/it\/2013\/10\/campania-tg-multilingue-fatto-immigrati-immigrati\/\"]}]},{\"@type\":\"ImageObject\",\"inLanguage\":\"it-IT\",\"@id\":\"https:\/\/www.pressenza.com\/it\/2013\/10\/campania-tg-multilingue-fatto-immigrati-immigrati\/#primaryimage\",\"url\":\"http:\/\/vs2.streamcaster.net\/lunaset\/a71f1f64-e865-47aa-90ab-2b1b073a5ae9.jpg\",\"contentUrl\":\"http:\/\/vs2.streamcaster.net\/lunaset\/a71f1f64-e865-47aa-90ab-2b1b073a5ae9.jpg\"},{\"@type\":\"BreadcrumbList\",\"@id\":\"https:\/\/www.pressenza.com\/it\/2013\/10\/campania-tg-multilingue-fatto-immigrati-immigrati\/#breadcrumb\",\"itemListElement\":[{\"@type\":\"ListItem\",\"position\":1,\"name\":\"Accueil\",\"item\":\"https:\/\/www.pressenza.com\/it\/\"},{\"@type\":\"ListItem\",\"position\":2,\"name\":\"Campania: un tg multilingue fatto da immigrati per immigrati\"}]},{\"@type\":\"WebSite\",\"@id\":\"https:\/\/www.pressenza.com\/it\/#website\",\"url\":\"https:\/\/www.pressenza.com\/it\/\",\"name\":\"Pressenza\",\"description\":\"Agenzia di Stampa Internazionale\",\"publisher\":{\"@id\":\"https:\/\/www.pressenza.com\/it\/#organization\"},\"potentialAction\":[{\"@type\":\"SearchAction\",\"target\":{\"@type\":\"EntryPoint\",\"urlTemplate\":\"https:\/\/www.pressenza.com\/it\/?s={search_term_string}\"},\"query-input\":{\"@type\":\"PropertyValueSpecification\",\"valueRequired\":true,\"valueName\":\"search_term_string\"}}],\"inLanguage\":\"it-IT\"},{\"@type\":\"Organization\",\"@id\":\"https:\/\/www.pressenza.com\/it\/#organization\",\"name\":\"Pressenza\",\"url\":\"https:\/\/www.pressenza.com\/it\/\",\"logo\":{\"@type\":\"ImageObject\",\"inLanguage\":\"it-IT\",\"@id\":\"https:\/\/www.pressenza.com\/it\/#\/schema\/logo\/image\/\",\"url\":\"https:\/\/www.pressenza.com\/wp-content\/uploads\/2022\/10\/pressenza_logo_200x200.jpg\",\"contentUrl\":\"https:\/\/www.pressenza.com\/wp-content\/uploads\/2022\/10\/pressenza_logo_200x200.jpg\",\"width\":200,\"height\":200,\"caption\":\"Pressenza\"},\"image\":{\"@id\":\"https:\/\/www.pressenza.com\/it\/#\/schema\/logo\/image\/\"},\"sameAs\":[\"https:\/\/www.facebook.com\/PressenzaItalia\",\"https:\/\/x.com\/PressenzaIPA\"]},{\"@type\":\"Person\",\"@id\":\"https:\/\/www.pressenza.com\/it\/#\/schema\/person\/74a77e2f87c0131607f77c4cc61502b5\",\"name\":\"Africa News\",\"description\":\"Un sito internet d\u2019informazione sull\u2019Africa e una testata giornalistica registrata in Italia, presso il Tribunale di Reggio Calabria, a disposizione di tutti gli africani e di tutti gli italiani interessati al continente africano e ai popoli che lo abitano. E\u2019 un progetto innovativo al quale partecipano con il loro lavoro molti africani: reporter, fotografi, blogger e molti altri. Fino a ieri le notizie da e sull\u2019Africa, nel panorama mediatico online Italiano, erano riportate principalmente da testate giornalistiche legate a organizzazioni religiose e\/o ad Ong. Tuttavia, gli africani hanno fatto progressi enormi. Nel settore dei media, per esempio, gli africani hanno costruito importanti siti internet tecnologicamente all\u2019avanguardia. Stanno raccontando al mondo che cosa succede nel loro continente dal vivo, senza mediazioni esterne. Lo stanno facendo sulla rete internet nel proprio paese, dal proprio villaggio. Live 24 ore su 24, 7 giorni su 7. Le notizie riguardanti l\u2019Africa e gli africani non sono pi\u00f9 filtrate da punti di vista stranieri. Inoltre, c\u2019\u00e8 un crescente numero di italiani che ha importanti relazioni di lavoro, e non solo, con gli africani. www.africanews.it\",\"sameAs\":[\"https:\/\/www.facebook.com\/pages\/Africanewsit\/153702190991?ref=ts\",\"https:\/\/x.com\/AfricanewsIT_ES\"],\"url\":\"https:\/\/www.pressenza.com\/it\/author\/africa-news\/\"}]}<\/script>\n<!-- \/ Yoast SEO plugin. -->","yoast_head_json":{"title":"Campania: un tg multilingue fatto da immigrati per immigrati","description":"Parte oggi l\u2019iniziativa di Tv Luna di Caserta. \u201cInformare per integrare\u201d: nasce con questo spirito Tg Luna World News, il primo telegiornale degli","robots":{"index":"index","follow":"follow","max-snippet":"max-snippet:-1","max-image-preview":"max-image-preview:large","max-video-preview":"max-video-preview:-1"},"canonical":"https:\/\/www.pressenza.com\/it\/2013\/10\/campania-tg-multilingue-fatto-immigrati-immigrati\/","og_locale":"it_IT","og_type":"article","og_title":"Campania: un tg multilingue fatto da immigrati per immigrati","og_description":"Parte oggi l\u2019iniziativa di Tv Luna di Caserta. \u201cInformare per integrare\u201d: nasce con questo spirito Tg Luna World News, il primo telegiornale degli","og_url":"https:\/\/www.pressenza.com\/it\/2013\/10\/campania-tg-multilingue-fatto-immigrati-immigrati\/","og_site_name":"Pressenza","article_publisher":"https:\/\/www.facebook.com\/PressenzaItalia","article_author":"https:\/\/www.facebook.com\/pages\/Africanewsit\/153702190991?ref=ts","article_published_time":"2013-10-01T07:42:14+00:00","og_image":[{"url":"http:\/\/vs2.streamcaster.net\/lunaset\/a71f1f64-e865-47aa-90ab-2b1b073a5ae9.jpg","type":"","width":"","height":""}],"author":"Africa News","twitter_card":"summary_large_image","twitter_creator":"@AfricanewsIT_ES","twitter_site":"@PressenzaIPA","twitter_misc":{"Scritto da":"Africa News","Tempo di lettura stimato":"1 minuto"},"schema":{"@context":"https:\/\/schema.org","@graph":[{"@type":"Article","@id":"https:\/\/www.pressenza.com\/it\/2013\/10\/campania-tg-multilingue-fatto-immigrati-immigrati\/#article","isPartOf":{"@id":"https:\/\/www.pressenza.com\/it\/2013\/10\/campania-tg-multilingue-fatto-immigrati-immigrati\/"},"author":{"name":"Africa News","@id":"https:\/\/www.pressenza.com\/it\/#\/schema\/person\/74a77e2f87c0131607f77c4cc61502b5"},"headline":"Campania: un tg multilingue fatto da immigrati per immigrati","datePublished":"2013-10-01T07:42:14+00:00","mainEntityOfPage":{"@id":"https:\/\/www.pressenza.com\/it\/2013\/10\/campania-tg-multilingue-fatto-immigrati-immigrati\/"},"wordCount":184,"publisher":{"@id":"https:\/\/www.pressenza.com\/it\/#organization"},"image":{"@id":"https:\/\/www.pressenza.com\/it\/2013\/10\/campania-tg-multilingue-fatto-immigrati-immigrati\/#primaryimage"},"thumbnailUrl":"http:\/\/vs2.streamcaster.net\/lunaset\/a71f1f64-e865-47aa-90ab-2b1b073a5ae9.jpg","keywords":["Campania","Caserta","immigrazione","integrazione","TV Luna"],"articleSection":["Cultura e Media","Europa","Non discriminazione"],"inLanguage":"it-IT"},{"@type":"WebPage","@id":"https:\/\/www.pressenza.com\/it\/2013\/10\/campania-tg-multilingue-fatto-immigrati-immigrati\/","url":"https:\/\/www.pressenza.com\/it\/2013\/10\/campania-tg-multilingue-fatto-immigrati-immigrati\/","name":"Campania: un tg multilingue fatto da immigrati per immigrati","isPartOf":{"@id":"https:\/\/www.pressenza.com\/it\/#website"},"primaryImageOfPage":{"@id":"https:\/\/www.pressenza.com\/it\/2013\/10\/campania-tg-multilingue-fatto-immigrati-immigrati\/#primaryimage"},"image":{"@id":"https:\/\/www.pressenza.com\/it\/2013\/10\/campania-tg-multilingue-fatto-immigrati-immigrati\/#primaryimage"},"thumbnailUrl":"http:\/\/vs2.streamcaster.net\/lunaset\/a71f1f64-e865-47aa-90ab-2b1b073a5ae9.jpg","datePublished":"2013-10-01T07:42:14+00:00","description":"Parte oggi l\u2019iniziativa di Tv Luna di Caserta. \u201cInformare per integrare\u201d: nasce con questo spirito Tg Luna World News, il primo telegiornale degli","breadcrumb":{"@id":"https:\/\/www.pressenza.com\/it\/2013\/10\/campania-tg-multilingue-fatto-immigrati-immigrati\/#breadcrumb"},"inLanguage":"it-IT","potentialAction":[{"@type":"ReadAction","target":["https:\/\/www.pressenza.com\/it\/2013\/10\/campania-tg-multilingue-fatto-immigrati-immigrati\/"]}]},{"@type":"ImageObject","inLanguage":"it-IT","@id":"https:\/\/www.pressenza.com\/it\/2013\/10\/campania-tg-multilingue-fatto-immigrati-immigrati\/#primaryimage","url":"http:\/\/vs2.streamcaster.net\/lunaset\/a71f1f64-e865-47aa-90ab-2b1b073a5ae9.jpg","contentUrl":"http:\/\/vs2.streamcaster.net\/lunaset\/a71f1f64-e865-47aa-90ab-2b1b073a5ae9.jpg"},{"@type":"BreadcrumbList","@id":"https:\/\/www.pressenza.com\/it\/2013\/10\/campania-tg-multilingue-fatto-immigrati-immigrati\/#breadcrumb","itemListElement":[{"@type":"ListItem","position":1,"name":"Accueil","item":"https:\/\/www.pressenza.com\/it\/"},{"@type":"ListItem","position":2,"name":"Campania: un tg multilingue fatto da immigrati per immigrati"}]},{"@type":"WebSite","@id":"https:\/\/www.pressenza.com\/it\/#website","url":"https:\/\/www.pressenza.com\/it\/","name":"Pressenza","description":"Agenzia di Stampa Internazionale","publisher":{"@id":"https:\/\/www.pressenza.com\/it\/#organization"},"potentialAction":[{"@type":"SearchAction","target":{"@type":"EntryPoint","urlTemplate":"https:\/\/www.pressenza.com\/it\/?s={search_term_string}"},"query-input":{"@type":"PropertyValueSpecification","valueRequired":true,"valueName":"search_term_string"}}],"inLanguage":"it-IT"},{"@type":"Organization","@id":"https:\/\/www.pressenza.com\/it\/#organization","name":"Pressenza","url":"https:\/\/www.pressenza.com\/it\/","logo":{"@type":"ImageObject","inLanguage":"it-IT","@id":"https:\/\/www.pressenza.com\/it\/#\/schema\/logo\/image\/","url":"https:\/\/www.pressenza.com\/wp-content\/uploads\/2022\/10\/pressenza_logo_200x200.jpg","contentUrl":"https:\/\/www.pressenza.com\/wp-content\/uploads\/2022\/10\/pressenza_logo_200x200.jpg","width":200,"height":200,"caption":"Pressenza"},"image":{"@id":"https:\/\/www.pressenza.com\/it\/#\/schema\/logo\/image\/"},"sameAs":["https:\/\/www.facebook.com\/PressenzaItalia","https:\/\/x.com\/PressenzaIPA"]},{"@type":"Person","@id":"https:\/\/www.pressenza.com\/it\/#\/schema\/person\/74a77e2f87c0131607f77c4cc61502b5","name":"Africa News","description":"Un sito internet d\u2019informazione sull\u2019Africa e una testata giornalistica registrata in Italia, presso il Tribunale di Reggio Calabria, a disposizione di tutti gli africani e di tutti gli italiani interessati al continente africano e ai popoli che lo abitano. E\u2019 un progetto innovativo al quale partecipano con il loro lavoro molti africani: reporter, fotografi, blogger e molti altri. Fino a ieri le notizie da e sull\u2019Africa, nel panorama mediatico online Italiano, erano riportate principalmente da testate giornalistiche legate a organizzazioni religiose e\/o ad Ong. Tuttavia, gli africani hanno fatto progressi enormi. Nel settore dei media, per esempio, gli africani hanno costruito importanti siti internet tecnologicamente all\u2019avanguardia. Stanno raccontando al mondo che cosa succede nel loro continente dal vivo, senza mediazioni esterne. Lo stanno facendo sulla rete internet nel proprio paese, dal proprio villaggio. Live 24 ore su 24, 7 giorni su 7. Le notizie riguardanti l\u2019Africa e gli africani non sono pi\u00f9 filtrate da punti di vista stranieri. Inoltre, c\u2019\u00e8 un crescente numero di italiani che ha importanti relazioni di lavoro, e non solo, con gli africani. www.africanews.it","sameAs":["https:\/\/www.facebook.com\/pages\/Africanewsit\/153702190991?ref=ts","https:\/\/x.com\/AfricanewsIT_ES"],"url":"https:\/\/www.pressenza.com\/it\/author\/africa-news\/"}]}},"place":"","original_article_url":"","_links":{"self":[{"href":"https:\/\/www.pressenza.com\/it\/wp-json\/wp\/v2\/posts\/70939","targetHints":{"allow":["GET"]}}],"collection":[{"href":"https:\/\/www.pressenza.com\/it\/wp-json\/wp\/v2\/posts"}],"about":[{"href":"https:\/\/www.pressenza.com\/it\/wp-json\/wp\/v2\/types\/post"}],"author":[{"embeddable":true,"href":"https:\/\/www.pressenza.com\/it\/wp-json\/wp\/v2\/users\/588"}],"replies":[{"embeddable":true,"href":"https:\/\/www.pressenza.com\/it\/wp-json\/wp\/v2\/comments?post=70939"}],"version-history":[{"count":0,"href":"https:\/\/www.pressenza.com\/it\/wp-json\/wp\/v2\/posts\/70939\/revisions"}],"wp:attachment":[{"href":"https:\/\/www.pressenza.com\/it\/wp-json\/wp\/v2\/media?parent=70939"}],"wp:term":[{"taxonomy":"category","embeddable":true,"href":"https:\/\/www.pressenza.com\/it\/wp-json\/wp\/v2\/categories?post=70939"},{"taxonomy":"post_tag","embeddable":true,"href":"https:\/\/www.pressenza.com\/it\/wp-json\/wp\/v2\/tags?post=70939"}],"curies":[{"name":"wp","href":"https:\/\/api.w.org\/{rel}","templated":true}]}}