{"id":699489,"date":"2018-08-26T16:33:38","date_gmt":"2018-08-26T15:33:38","guid":{"rendered":"https:\/\/www.pressenza.com\/?p=699489"},"modified":"2018-08-27T09:03:37","modified_gmt":"2018-08-27T08:03:37","slug":"tortorella-della-terra-di-sopra","status":"publish","type":"post","link":"https:\/\/www.pressenza.com\/it\/2018\/08\/tortorella-della-terra-di-sopra\/","title":{"rendered":"Tortorella della-terra-di-sopra"},"content":{"rendered":"<p><em>di<strong> Aldenor Pimentel \/ArteLeituras<\/strong><\/em><\/p>\n<p>Intervista con la scrittrice Loretta Emiri<\/p>\n<p lang=\"pt-BR\"><span lang=\"it-IT\"><em>Vi faccio conoscere Loretta Emiri, italiana di nascita, chiamata dagli yanomami Horeto M\u1ef3si, traducibile come Tortorella della-terra-di-sopra<\/em>.<\/span><\/p>\n<p lang=\"pt-BR\" align=\"justify\"><strong><span lang=\"it-IT\">Loretta, una sua presentazione.<\/span><\/strong><\/p>\n<p lang=\"pt-BR\" align=\"justify\"><span lang=\"it-IT\">Quando ero piccola, gi\u00e0 dicevo che volevo diventare scrittrice e che desideravo operare nel cosiddetto terzo mondo. Raggiunta l\u2019et\u00e0 giusta per fare scelte di vita, decisi di lasciare l\u2019Italia e stabilirmi nell\u2019Amazzonia brasiliana, avendo certezza che la convivenza con gli indigeni avrebbe suggerito argomenti importanti e originali che, in un secondo momento, manipolati dalla scrittura, potevano essere trasformati in letteratura. Ho realizzato i miei sogni infantili. Per diciotto anni ho operato con e per gli indios brasiliani nella difesa dei loro diritti. Per pi\u00f9 di quattro anni ho vissuto in foresta, vivendo tra gli yanomami gli anni pi\u00f9 felici della mia vita. La rielaborazione letteraria della privilegiata esperienza fatta mi permette di affermare che, oggigiorno, sto dando continuit\u00e0 all\u2019esperienza stessa. La mia scrittura \u00e8 a servizio della dignit\u00e0 e dei diritti dei popoli indigeni brasiliani, senza cessare di essere un\u2019arte che migliora e arricchisce la mia stessa vita. <\/span><\/p>\n<p lang=\"pt-BR\" align=\"justify\"><strong><span lang=\"it-IT\">Com\u2019\u00e8 avvenuto il contatto con la lettura? Qualcuno l\u2019ha incentivato?<\/span><\/strong><\/p>\n<p lang=\"pt-BR\" align=\"justify\"><span lang=\"it-IT\">La nonna paterna, che era maestra, e il nonno materno stavano sempre leggendo qualcosa. Il primo libro di poesie che arriv\u00f2 nelle me mani apparteneva a questo mio tenero nonno. Fin da piccola, se qualcuno voleva farmi regali, io chiedevo che fossero libri. <\/span><\/p>\n<p align=\"justify\"><span lang=\"it-IT\"><strong>Quali sono le influenze artistiche nella sua scrittura letteraria? Quali caratteristiche di autori e opere sono presenti nella sua produzione?<\/strong> <\/span><\/p>\n<p lang=\"pt-BR\" align=\"justify\"><span lang=\"it-IT\">Autori come Grazia Deledda, Giovanni Verga, Luigi Pirandello, Cesare Pavese, Primo Levi, Beppe Fenoglio, Edgar Allan Poe, Hans Ruesch hanno alimentato la mia passione per la lettura e per la scrittura. Nei miei lavori do enfasi ai sentimenti, pensieri, emozioni dei personaggi. Cerco di essere molto sintetica, diretta. Utilizzo anche termini poco usati, ma che rimandano alla mia esperienza e al mio bagaglio culturale, essendo questa una maniera di mantenere ricca una lingua e mantenere vivi momenti specifici di storie personali e della storia in generale.<\/span><\/p>\n<p align=\"justify\"><span lang=\"it-IT\"><strong>Quali lavori letterari di Roraima ammira di pi\u00f9?<\/strong> <\/span><\/p>\n<p lang=\"pt-BR\" align=\"justify\"><span lang=\"it-IT\">Ammiro molto lo scrittore Cristino Wapichana. I suoi libri, le sue performances, la sua instancabile attivit\u00e0 tendono a sensibilizzare l\u2019opinione pubblica, specialmente i bambini, su valori e diritti dei popoli indigeni. Cristino ha gi\u00e0 vinto premi importanti, partecipato a fiere di libri all\u2019estero, \u00e8 gi\u00e0 stato tradotto in altra lingua. <\/span><\/p>\n<p lang=\"pt-BR\" align=\"justify\"><span lang=\"it-IT\">Un\u2019opera, che sta facendo il giro del mondo, \u00e8 quella scritta dallo sciamano yanomami Davi Kopenawa, in collaborazione con l\u2019etnologo Bruce Albert. Registrata in lingua yanomami, stampata in francese, inglese, portoghese e italiano, l\u2019opera, il cui titolo portoghese \u00e8 <\/span><span lang=\"it-IT\"><em>A queda do c\u00e9u<\/em> (La caduta del cielo)<\/span><span lang=\"it-IT\">, \u00e8 una vera e propria enciclopedia che contiene informazioni su vita, cultura, lingua, mitologia, storia, aggressioni, morti e vittorie di questo popolo. <\/span><\/p>\n<p lang=\"pt-BR\" align=\"justify\"><span lang=\"it-IT\">Ammiro molto anche Zez\u00e9 Muku (Miranda de Aquino) per la preoccupazione con la preservazione della natura; amo i poeti Eliakin Rufino e Beta Cruz (<\/span><span lang=\"it-IT\">Roberta S. Cruz).<\/span><\/p>\n<p align=\"justify\"><strong><span lang=\"it-IT\">Quali sono i suoi obiettivi, come scrittrice?<\/span><\/strong><\/p>\n<p lang=\"pt-BR\" align=\"justify\"><span lang=\"it-IT\">Un amico ha scritto che i miei sono racconti di manutenzione dello spirito. Quando scrivo \u00e8 proprio questo che avviene: faccio igiene mentale, riorganizzo il caos interiore, do manutenzione allo spirito. Naturalmente spero che detto atteggiamento porti beneficio anche ai lettori. Inoltre, attraverso la scrittura esprimo affetto e solidariet\u00e0 agli indios brasiliani, avendo essi dato senso alla mia vita. <\/span><\/p>\n<p class=\"western\" align=\"justify\"><img loading=\"lazy\" decoding=\"async\" class=\"size-large wp-image-698947\" src=\"https:\/\/www.pressenza.com\/wp-content\/uploads\/2018\/08\/jovens-yanomami-por-Alejandro-ZambranaSesai.jpg\" alt=\"\" width=\"720\" height=\"480\" srcset=\"https:\/\/www.pressenza.com\/wp-content\/uploads\/2018\/08\/jovens-yanomami-por-Alejandro-ZambranaSesai.jpg 1024w, https:\/\/www.pressenza.com\/wp-content\/uploads\/2018\/08\/jovens-yanomami-por-Alejandro-ZambranaSesai-300x200.jpg 300w, https:\/\/www.pressenza.com\/wp-content\/uploads\/2018\/08\/jovens-yanomami-por-Alejandro-ZambranaSesai-768x512.jpg 768w, https:\/\/www.pressenza.com\/wp-content\/uploads\/2018\/08\/jovens-yanomami-por-Alejandro-ZambranaSesai-720x480.jpg 720w\" sizes=\"auto, (max-width: 720px) 100vw, 720px\" \/><\/p>\n<p>Giovani yanomami. Foto Alejandro Zambrana\/Sesai<\/p>\n<p lang=\"pt-BR\" align=\"justify\"><strong><span lang=\"it-IT\">Quali i momenti pi\u00f9 incisivi della sua carriera?<\/span><\/strong><\/p>\n<p lang=\"pt-BR\" align=\"justify\"><span lang=\"it-IT\">Essendo donna, sola, straniera che lavorava con gli indios, sono stata emarginata, discriminata, calunniata. Scrivere poesie mi ha aiutata a gestire la solitudine. Da adolescente, avevo scritto poesie in italiano. Quando esse sbocciarono in portoghese fu emozionante, gratificante, un momento molto marcante. La presentazione del mio libro <\/span><em><span lang=\"it-IT\">A passo di tartaruga \u2013\u00a0Storie di una latino-americana per scelta<\/span><\/em><span lang=\"it-IT\">, nel 2017 \u00e8 entrata nella programmazione ufficiale del Salone Internazionale del Libro di Torino. Nel gennaio del 2018 un\u2019emittente nazionale italiana (RAI-TRE) ha mandato in onda un\u2019intervista, di cui ho approfittato per contestare gli stereotipi che circolano sugli indios. Nel maggio del 2018 mi \u00e8 stato conferito il Premio Speciale alla Carriera durante la seconda edizione del Premio Nazionale \u201c<\/span><span lang=\"it-IT\">Novella Torregiani di Letteratura e Arti Figurative\u201d, <\/span><span lang=\"it-IT\">per la difesa dei diritti degli indios brasiliani. <\/span><\/p>\n<p align=\"justify\"><strong><span lang=\"it-IT\">Come caratterizza i testi che produce?<\/span><\/strong><\/p>\n<p lang=\"pt-BR\" align=\"justify\"><span lang=\"it-IT\">Como ho gi\u00e0 detto, i miei scritti forniscono manutenzione allo spirito, mio e dei lettori, spero. Dire che sono racconti, e autobiografici, non aggiunge niente: ci\u00f2 che considero di stare scrivendo \u00e8 semplicemente narrativa. <\/span><\/p>\n<p align=\"justify\"><strong><span lang=\"it-IT\">Com\u2019\u00e8 il suo processo creativo?<\/span><\/strong><\/p>\n<p lang=\"pt-BR\" align=\"justify\"><span lang=\"it-IT\">Un\u2019idea, un ricordo, un concetto, s\u2019istalla nella mia mente. Da quel momento non ho pi\u00f9 pace fino a che non elaboro l\u2019embrione e, attraverso la scrittura, lo trasformo in letteratura. Prima di iniziare a scrivere, il titolo gi\u00e0 \u00e8 pronto, ben definito nella mia mente. <\/span><\/p>\n<p align=\"justify\"><strong><span lang=\"it-IT\">Cosa l\u2019ispira a scrivere? Quali sono i temi pi\u00f9 ricorrenti?<\/span><\/strong><\/p>\n<p lang=\"pt-BR\" align=\"justify\"><span lang=\"it-IT\">La privilegiata esperienza fatta tra gli indios brasiliani \u00e8 alla base della mia scrittura. Andate e ritoni tra passato e presente, tra Europa e America Latina, tra primo, terzo e mondo cosiddetto primitivo fanno s\u00ec che atemporale sia il tempo nei miei testi. Mi piace mostrare come le stesse situazioni sono risolte dai popoli indigeni, considerati inferiori, o dagli occidentali che si considerano superiori, senza esserlo. Ci sono solo culture, lingue e habitat differenti; pi\u00f9 diversificati e preservati essi sono, migliori condizioni di vita hanno gli uomini. <\/span><\/p>\n<p lang=\"pt-BR\" align=\"justify\"><strong><span lang=\"it-IT\">Quali libri\u00a0 di poesia e narrativa ha gi\u00e0 pubblicato? <\/span><\/strong><\/p>\n<p lang=\"pt-BR\" align=\"justify\"><span lang=\"it-IT\">Poesie mie sono state incluse nelle antologie <\/span><span lang=\"it-IT\"><em>Poetas brasileiros de hoje<\/em> <em>\u2013 1986<\/em><\/span><span lang=\"it-IT\">, Shogun, Rio de Janeiro, 1986; <\/span><em><span lang=\"it-IT\">Antologia de poesias<\/span><\/em><span lang=\"it-IT\">, Edicon, S\u00e3o Paulo, 1988; <\/span><em><span lang=\"it-IT\">Saciedade dos poetas vivos<\/span><\/em><span lang=\"it-IT\">, vol. 3, Blocos, Rio de Janeiro, 1993; <\/span><em><span lang=\"it-IT\">Express\u00f5es po\u00e9ticas<\/span><\/em><span lang=\"it-IT\">, SESC, Boa Vista, 1993. Nel 1992, per la Edicon di S\u00e3o Paulo ho pubblicato il libro di poesie <\/span><em><span lang=\"it-IT\">Mulher entre tr\u00eas culturas \u2013 \u00cdtalo-brasileira \u2018educada\u2019 pelos Yanomami<\/span><\/em><span lang=\"it-IT\">. <\/span><\/p>\n<p lang=\"pt-BR\" align=\"justify\"><span lang=\"it-IT\">In italiano ho scritto i libri di racconti <\/span><em><span lang=\"it-IT\">Amazzonia portatile<\/span><\/em><span lang=\"it-IT\">, Manni Editore, Lecce, 2003; <\/span><em><span lang=\"it-IT\">Quando le amazzoni diventano nonne<\/span><\/em><span lang=\"it-IT\">, CPI\/RR, Fermo, 2011; <\/span><em><span lang=\"it-IT\">Amazzone in tempo reale<\/span><\/em><span lang=\"it-IT\">, Andrea Livi Editore, Fermo, 2013 (Premio Speciale per la Saggistica del \u201cPremio Franz Kafka Italia \u2013 2013\u201d); <\/span><em><span lang=\"it-IT\">A passo di tartaruga \u2013 Storie di una latinoamericana per scelta<\/span><\/em><span lang=\"it-IT\"><em>,<\/em> <\/span><span lang=\"it-IT\">Collana Incroci, Edizioni Arcoiris, Salerno, 2016. <\/span><\/p>\n<p><strong><span lang=\"it-IT\">Quali i suoi progetti futuri?<\/span><\/strong><\/p>\n<p lang=\"pt-BR\" align=\"justify\"><span lang=\"it-IT\">Spero di continuare a scrivere cose che parlino del valore della diversit\u00e0 culturale, di diritti individuali e collettivi, dei popoli indigeni brasiliani. Spero di poterlo fare fino all\u2019ultimo giorno della mia vita.<\/span><\/p>\n<p align=\"justify\"><strong><span lang=\"it-IT\">Dove si possono trovare le sue produzioni?<\/span><\/strong><\/p>\n<p lang=\"pt-BR\" align=\"justify\"><span lang=\"it-IT\">Testi miei appaiono in varie riviste, tra le quali: <\/span><span lang=\"it-IT\">I giorni e le notti, El ghibli, La macchina sognante, Fili d\u2019aquilone, Sagarana, Euterpe, Pressenza, La bottega del Barbieri. <\/span><\/p>\n<p align=\"justify\"><span lang=\"it-IT\"><strong>Blog Loretta Emiri e gli Yanomami<\/strong>: <\/span><a href=\"https:\/\/lorettaemiriegliyanomami.wordpress.com\/informazioni\/\"><span lang=\"it-IT\">https:\/\/lorettaemiriegliyanomami.wordpress.com\/informazioni\/<\/span><\/a><\/p>\n<p lang=\"pt-BR\" align=\"justify\"><span lang=\"it-IT\"><strong>Opere di Loretta Emiri disponibili on-line<\/strong>: <\/span><a href=\"https:\/\/independent.academia.edu\/LorettaEmiri\"><span lang=\"it-IT\">https:\/\/independent.academia.edu\/LorettaEmiri<\/span><\/a><\/p>\n<p lang=\"pt-BR\" align=\"justify\">Traduzione: Equipe traduttori Pressenza<\/p>\n","protected":false},"excerpt":{"rendered":"<p>di Aldenor Pimentel \/ArteLeituras Intervista con la scrittrice Loretta Emiri Vi faccio conoscere Loretta Emiri, italiana di nascita, chiamata dagli yanomami Horeto M\u1ef3si, traducibile come Tortorella della-terra-di-sopra. Loretta, una sua presentazione. Quando ero piccola, gi\u00e0 dicevo che volevo diventare scrittrice&hellip;<\/p>\n","protected":false},"author":44,"featured_media":698963,"comment_status":"closed","ping_status":"closed","sticky":false,"template":"","format":"standard","meta":{"footnotes":""},"categories":[56,157,61,48],"tags":[7734,3993,49276,19997,41492],"class_list":["post-699489","post","type-post","status-publish","format-standard","has-post-thumbnail","hentry","category-cultura","category-interviste","category-popoli-aborigeni","category-sud-america","tag-amazzonia","tag-brasile","tag-loretta-emiri","tag-scrittura","tag-yanomami"],"yoast_head":"<!-- This site is optimized with the Yoast SEO plugin v27.1.1 - https:\/\/yoast.com\/product\/yoast-seo-wordpress\/ -->\n<title>Tortorella della-terra-di-sopra<\/title>\n<meta name=\"description\" content=\"di Aldenor Pimentel \/ArteLeituras Intervista con la scrittrice Loretta Emiri Vi faccio conoscere Loretta Emiri, italiana di nascita, chiamata dagli\" \/>\n<meta name=\"robots\" content=\"index, follow, max-snippet:-1, max-image-preview:large, max-video-preview:-1\" \/>\n<link rel=\"canonical\" href=\"https:\/\/www.pressenza.com\/it\/2018\/08\/tortorella-della-terra-di-sopra\/\" \/>\n<meta property=\"og:locale\" content=\"it_IT\" \/>\n<meta property=\"og:type\" content=\"article\" \/>\n<meta property=\"og:title\" content=\"Tortorella della-terra-di-sopra\" \/>\n<meta property=\"og:description\" content=\"di Aldenor Pimentel \/ArteLeituras Intervista con la scrittrice Loretta Emiri Vi faccio conoscere Loretta Emiri, italiana di nascita, chiamata dagli\" \/>\n<meta property=\"og:url\" content=\"https:\/\/www.pressenza.com\/it\/2018\/08\/tortorella-della-terra-di-sopra\/\" \/>\n<meta property=\"og:site_name\" content=\"Pressenza\" \/>\n<meta property=\"article:publisher\" content=\"https:\/\/www.facebook.com\/PressenzaItalia\" \/>\n<meta property=\"article:author\" content=\"https:\/\/www.facebook.com\/PressenzaPortugues\" \/>\n<meta property=\"article:published_time\" content=\"2018-08-26T15:33:38+00:00\" \/>\n<meta property=\"article:modified_time\" content=\"2018-08-27T08:03:37+00:00\" \/>\n<meta property=\"og:image\" content=\"https:\/\/www.pressenza.com\/wp-content\/uploads\/2018\/08\/Loretta-e-os-yanomami.jpg\" \/>\n\t<meta property=\"og:image:width\" content=\"960\" \/>\n\t<meta property=\"og:image:height\" content=\"622\" \/>\n\t<meta property=\"og:image:type\" content=\"image\/jpeg\" \/>\n<meta name=\"author\" content=\"Reda\u00e7\u00e3o S\u00e3o Paulo\" \/>\n<meta name=\"twitter:card\" content=\"summary_large_image\" \/>\n<meta name=\"twitter:creator\" content=\"@pressenza_pt\" \/>\n<meta name=\"twitter:site\" content=\"@PressenzaIPA\" \/>\n<meta name=\"twitter:label1\" content=\"Scritto da\" \/>\n\t<meta name=\"twitter:data1\" content=\"Reda\u00e7\u00e3o S\u00e3o Paulo\" \/>\n\t<meta name=\"twitter:label2\" content=\"Tempo di lettura stimato\" \/>\n\t<meta name=\"twitter:data2\" content=\"6 minuti\" \/>\n<script type=\"application\/ld+json\" class=\"yoast-schema-graph\">{\"@context\":\"https:\/\/schema.org\",\"@graph\":[{\"@type\":\"Article\",\"@id\":\"https:\/\/www.pressenza.com\/it\/2018\/08\/tortorella-della-terra-di-sopra\/#article\",\"isPartOf\":{\"@id\":\"https:\/\/www.pressenza.com\/it\/2018\/08\/tortorella-della-terra-di-sopra\/\"},\"author\":{\"name\":\"Reda\u00e7\u00e3o S\u00e3o Paulo\",\"@id\":\"https:\/\/www.pressenza.com\/it\/#\/schema\/person\/d171826afb7693cfc394da95892bfd93\"},\"headline\":\"Tortorella della-terra-di-sopra\",\"datePublished\":\"2018-08-26T15:33:38+00:00\",\"dateModified\":\"2018-08-27T08:03:37+00:00\",\"mainEntityOfPage\":{\"@id\":\"https:\/\/www.pressenza.com\/it\/2018\/08\/tortorella-della-terra-di-sopra\/\"},\"wordCount\":1121,\"publisher\":{\"@id\":\"https:\/\/www.pressenza.com\/it\/#organization\"},\"image\":{\"@id\":\"https:\/\/www.pressenza.com\/it\/2018\/08\/tortorella-della-terra-di-sopra\/#primaryimage\"},\"thumbnailUrl\":\"https:\/\/www.pressenza.com\/wp-content\/uploads\/2018\/08\/Loretta-e-os-yanomami.jpg\",\"keywords\":[\"Amazzonia\",\"Brasile\",\"Loretta Emiri\",\"scrittura\",\"yanomami\"],\"articleSection\":[\"Cultura e Media\",\"Interviste\",\"Popoli originari\",\"Sud America\"],\"inLanguage\":\"it-IT\"},{\"@type\":\"WebPage\",\"@id\":\"https:\/\/www.pressenza.com\/it\/2018\/08\/tortorella-della-terra-di-sopra\/\",\"url\":\"https:\/\/www.pressenza.com\/it\/2018\/08\/tortorella-della-terra-di-sopra\/\",\"name\":\"Tortorella della-terra-di-sopra\",\"isPartOf\":{\"@id\":\"https:\/\/www.pressenza.com\/it\/#website\"},\"primaryImageOfPage\":{\"@id\":\"https:\/\/www.pressenza.com\/it\/2018\/08\/tortorella-della-terra-di-sopra\/#primaryimage\"},\"image\":{\"@id\":\"https:\/\/www.pressenza.com\/it\/2018\/08\/tortorella-della-terra-di-sopra\/#primaryimage\"},\"thumbnailUrl\":\"https:\/\/www.pressenza.com\/wp-content\/uploads\/2018\/08\/Loretta-e-os-yanomami.jpg\",\"datePublished\":\"2018-08-26T15:33:38+00:00\",\"dateModified\":\"2018-08-27T08:03:37+00:00\",\"description\":\"di Aldenor Pimentel \/ArteLeituras Intervista con la scrittrice Loretta Emiri Vi faccio conoscere Loretta Emiri, italiana di nascita, chiamata dagli\",\"breadcrumb\":{\"@id\":\"https:\/\/www.pressenza.com\/it\/2018\/08\/tortorella-della-terra-di-sopra\/#breadcrumb\"},\"inLanguage\":\"it-IT\",\"potentialAction\":[{\"@type\":\"ReadAction\",\"target\":[\"https:\/\/www.pressenza.com\/it\/2018\/08\/tortorella-della-terra-di-sopra\/\"]}]},{\"@type\":\"ImageObject\",\"inLanguage\":\"it-IT\",\"@id\":\"https:\/\/www.pressenza.com\/it\/2018\/08\/tortorella-della-terra-di-sopra\/#primaryimage\",\"url\":\"https:\/\/www.pressenza.com\/wp-content\/uploads\/2018\/08\/Loretta-e-os-yanomami.jpg\",\"contentUrl\":\"https:\/\/www.pressenza.com\/wp-content\/uploads\/2018\/08\/Loretta-e-os-yanomami.jpg\",\"width\":960,\"height\":622},{\"@type\":\"BreadcrumbList\",\"@id\":\"https:\/\/www.pressenza.com\/it\/2018\/08\/tortorella-della-terra-di-sopra\/#breadcrumb\",\"itemListElement\":[{\"@type\":\"ListItem\",\"position\":1,\"name\":\"Accueil\",\"item\":\"https:\/\/www.pressenza.com\/it\/\"},{\"@type\":\"ListItem\",\"position\":2,\"name\":\"Tortorella della-terra-di-sopra\"}]},{\"@type\":\"WebSite\",\"@id\":\"https:\/\/www.pressenza.com\/it\/#website\",\"url\":\"https:\/\/www.pressenza.com\/it\/\",\"name\":\"Pressenza\",\"description\":\"Agenzia di Stampa Internazionale\",\"publisher\":{\"@id\":\"https:\/\/www.pressenza.com\/it\/#organization\"},\"potentialAction\":[{\"@type\":\"SearchAction\",\"target\":{\"@type\":\"EntryPoint\",\"urlTemplate\":\"https:\/\/www.pressenza.com\/it\/?s={search_term_string}\"},\"query-input\":{\"@type\":\"PropertyValueSpecification\",\"valueRequired\":true,\"valueName\":\"search_term_string\"}}],\"inLanguage\":\"it-IT\"},{\"@type\":\"Organization\",\"@id\":\"https:\/\/www.pressenza.com\/it\/#organization\",\"name\":\"Pressenza\",\"url\":\"https:\/\/www.pressenza.com\/it\/\",\"logo\":{\"@type\":\"ImageObject\",\"inLanguage\":\"it-IT\",\"@id\":\"https:\/\/www.pressenza.com\/it\/#\/schema\/logo\/image\/\",\"url\":\"https:\/\/www.pressenza.com\/wp-content\/uploads\/2022\/10\/pressenza_logo_200x200.jpg\",\"contentUrl\":\"https:\/\/www.pressenza.com\/wp-content\/uploads\/2022\/10\/pressenza_logo_200x200.jpg\",\"width\":200,\"height\":200,\"caption\":\"Pressenza\"},\"image\":{\"@id\":\"https:\/\/www.pressenza.com\/it\/#\/schema\/logo\/image\/\"},\"sameAs\":[\"https:\/\/www.facebook.com\/PressenzaItalia\",\"https:\/\/x.com\/PressenzaIPA\"]},{\"@type\":\"Person\",\"@id\":\"https:\/\/www.pressenza.com\/it\/#\/schema\/person\/d171826afb7693cfc394da95892bfd93\",\"name\":\"Reda\u00e7\u00e3o S\u00e3o Paulo\",\"description\":\"News from the Pressenza bureau in Sao Paulo, Brazil\",\"sameAs\":[\"https:\/\/www.facebook.com\/PressenzaPortugues\",\"https:\/\/x.com\/pressenza_pt\"],\"url\":\"https:\/\/www.pressenza.com\/it\/author\/redaccao-sao-paulo\/\"}]}<\/script>\n<!-- \/ Yoast SEO plugin. -->","yoast_head_json":{"title":"Tortorella della-terra-di-sopra","description":"di Aldenor Pimentel \/ArteLeituras Intervista con la scrittrice Loretta Emiri Vi faccio conoscere Loretta Emiri, italiana di nascita, chiamata dagli","robots":{"index":"index","follow":"follow","max-snippet":"max-snippet:-1","max-image-preview":"max-image-preview:large","max-video-preview":"max-video-preview:-1"},"canonical":"https:\/\/www.pressenza.com\/it\/2018\/08\/tortorella-della-terra-di-sopra\/","og_locale":"it_IT","og_type":"article","og_title":"Tortorella della-terra-di-sopra","og_description":"di Aldenor Pimentel \/ArteLeituras Intervista con la scrittrice Loretta Emiri Vi faccio conoscere Loretta Emiri, italiana di nascita, chiamata dagli","og_url":"https:\/\/www.pressenza.com\/it\/2018\/08\/tortorella-della-terra-di-sopra\/","og_site_name":"Pressenza","article_publisher":"https:\/\/www.facebook.com\/PressenzaItalia","article_author":"https:\/\/www.facebook.com\/PressenzaPortugues","article_published_time":"2018-08-26T15:33:38+00:00","article_modified_time":"2018-08-27T08:03:37+00:00","og_image":[{"width":960,"height":622,"url":"https:\/\/www.pressenza.com\/wp-content\/uploads\/2018\/08\/Loretta-e-os-yanomami.jpg","type":"image\/jpeg"}],"author":"Reda\u00e7\u00e3o S\u00e3o Paulo","twitter_card":"summary_large_image","twitter_creator":"@pressenza_pt","twitter_site":"@PressenzaIPA","twitter_misc":{"Scritto da":"Reda\u00e7\u00e3o S\u00e3o Paulo","Tempo di lettura stimato":"6 minuti"},"schema":{"@context":"https:\/\/schema.org","@graph":[{"@type":"Article","@id":"https:\/\/www.pressenza.com\/it\/2018\/08\/tortorella-della-terra-di-sopra\/#article","isPartOf":{"@id":"https:\/\/www.pressenza.com\/it\/2018\/08\/tortorella-della-terra-di-sopra\/"},"author":{"name":"Reda\u00e7\u00e3o S\u00e3o Paulo","@id":"https:\/\/www.pressenza.com\/it\/#\/schema\/person\/d171826afb7693cfc394da95892bfd93"},"headline":"Tortorella della-terra-di-sopra","datePublished":"2018-08-26T15:33:38+00:00","dateModified":"2018-08-27T08:03:37+00:00","mainEntityOfPage":{"@id":"https:\/\/www.pressenza.com\/it\/2018\/08\/tortorella-della-terra-di-sopra\/"},"wordCount":1121,"publisher":{"@id":"https:\/\/www.pressenza.com\/it\/#organization"},"image":{"@id":"https:\/\/www.pressenza.com\/it\/2018\/08\/tortorella-della-terra-di-sopra\/#primaryimage"},"thumbnailUrl":"https:\/\/www.pressenza.com\/wp-content\/uploads\/2018\/08\/Loretta-e-os-yanomami.jpg","keywords":["Amazzonia","Brasile","Loretta Emiri","scrittura","yanomami"],"articleSection":["Cultura e Media","Interviste","Popoli originari","Sud America"],"inLanguage":"it-IT"},{"@type":"WebPage","@id":"https:\/\/www.pressenza.com\/it\/2018\/08\/tortorella-della-terra-di-sopra\/","url":"https:\/\/www.pressenza.com\/it\/2018\/08\/tortorella-della-terra-di-sopra\/","name":"Tortorella della-terra-di-sopra","isPartOf":{"@id":"https:\/\/www.pressenza.com\/it\/#website"},"primaryImageOfPage":{"@id":"https:\/\/www.pressenza.com\/it\/2018\/08\/tortorella-della-terra-di-sopra\/#primaryimage"},"image":{"@id":"https:\/\/www.pressenza.com\/it\/2018\/08\/tortorella-della-terra-di-sopra\/#primaryimage"},"thumbnailUrl":"https:\/\/www.pressenza.com\/wp-content\/uploads\/2018\/08\/Loretta-e-os-yanomami.jpg","datePublished":"2018-08-26T15:33:38+00:00","dateModified":"2018-08-27T08:03:37+00:00","description":"di Aldenor Pimentel \/ArteLeituras Intervista con la scrittrice Loretta Emiri Vi faccio conoscere Loretta Emiri, italiana di nascita, chiamata dagli","breadcrumb":{"@id":"https:\/\/www.pressenza.com\/it\/2018\/08\/tortorella-della-terra-di-sopra\/#breadcrumb"},"inLanguage":"it-IT","potentialAction":[{"@type":"ReadAction","target":["https:\/\/www.pressenza.com\/it\/2018\/08\/tortorella-della-terra-di-sopra\/"]}]},{"@type":"ImageObject","inLanguage":"it-IT","@id":"https:\/\/www.pressenza.com\/it\/2018\/08\/tortorella-della-terra-di-sopra\/#primaryimage","url":"https:\/\/www.pressenza.com\/wp-content\/uploads\/2018\/08\/Loretta-e-os-yanomami.jpg","contentUrl":"https:\/\/www.pressenza.com\/wp-content\/uploads\/2018\/08\/Loretta-e-os-yanomami.jpg","width":960,"height":622},{"@type":"BreadcrumbList","@id":"https:\/\/www.pressenza.com\/it\/2018\/08\/tortorella-della-terra-di-sopra\/#breadcrumb","itemListElement":[{"@type":"ListItem","position":1,"name":"Accueil","item":"https:\/\/www.pressenza.com\/it\/"},{"@type":"ListItem","position":2,"name":"Tortorella della-terra-di-sopra"}]},{"@type":"WebSite","@id":"https:\/\/www.pressenza.com\/it\/#website","url":"https:\/\/www.pressenza.com\/it\/","name":"Pressenza","description":"Agenzia di Stampa Internazionale","publisher":{"@id":"https:\/\/www.pressenza.com\/it\/#organization"},"potentialAction":[{"@type":"SearchAction","target":{"@type":"EntryPoint","urlTemplate":"https:\/\/www.pressenza.com\/it\/?s={search_term_string}"},"query-input":{"@type":"PropertyValueSpecification","valueRequired":true,"valueName":"search_term_string"}}],"inLanguage":"it-IT"},{"@type":"Organization","@id":"https:\/\/www.pressenza.com\/it\/#organization","name":"Pressenza","url":"https:\/\/www.pressenza.com\/it\/","logo":{"@type":"ImageObject","inLanguage":"it-IT","@id":"https:\/\/www.pressenza.com\/it\/#\/schema\/logo\/image\/","url":"https:\/\/www.pressenza.com\/wp-content\/uploads\/2022\/10\/pressenza_logo_200x200.jpg","contentUrl":"https:\/\/www.pressenza.com\/wp-content\/uploads\/2022\/10\/pressenza_logo_200x200.jpg","width":200,"height":200,"caption":"Pressenza"},"image":{"@id":"https:\/\/www.pressenza.com\/it\/#\/schema\/logo\/image\/"},"sameAs":["https:\/\/www.facebook.com\/PressenzaItalia","https:\/\/x.com\/PressenzaIPA"]},{"@type":"Person","@id":"https:\/\/www.pressenza.com\/it\/#\/schema\/person\/d171826afb7693cfc394da95892bfd93","name":"Reda\u00e7\u00e3o S\u00e3o Paulo","description":"News from the Pressenza bureau in Sao Paulo, Brazil","sameAs":["https:\/\/www.facebook.com\/PressenzaPortugues","https:\/\/x.com\/pressenza_pt"],"url":"https:\/\/www.pressenza.com\/it\/author\/redaccao-sao-paulo\/"}]}},"place":"","original_article_url":"","_links":{"self":[{"href":"https:\/\/www.pressenza.com\/it\/wp-json\/wp\/v2\/posts\/699489","targetHints":{"allow":["GET"]}}],"collection":[{"href":"https:\/\/www.pressenza.com\/it\/wp-json\/wp\/v2\/posts"}],"about":[{"href":"https:\/\/www.pressenza.com\/it\/wp-json\/wp\/v2\/types\/post"}],"author":[{"embeddable":true,"href":"https:\/\/www.pressenza.com\/it\/wp-json\/wp\/v2\/users\/44"}],"replies":[{"embeddable":true,"href":"https:\/\/www.pressenza.com\/it\/wp-json\/wp\/v2\/comments?post=699489"}],"version-history":[{"count":0,"href":"https:\/\/www.pressenza.com\/it\/wp-json\/wp\/v2\/posts\/699489\/revisions"}],"wp:featuredmedia":[{"embeddable":true,"href":"https:\/\/www.pressenza.com\/it\/wp-json\/wp\/v2\/media\/698963"}],"wp:attachment":[{"href":"https:\/\/www.pressenza.com\/it\/wp-json\/wp\/v2\/media?parent=699489"}],"wp:term":[{"taxonomy":"category","embeddable":true,"href":"https:\/\/www.pressenza.com\/it\/wp-json\/wp\/v2\/categories?post=699489"},{"taxonomy":"post_tag","embeddable":true,"href":"https:\/\/www.pressenza.com\/it\/wp-json\/wp\/v2\/tags?post=699489"}],"curies":[{"name":"wp","href":"https:\/\/api.w.org\/{rel}","templated":true}]}}