{"id":695471,"date":"2018-08-17T16:10:30","date_gmt":"2018-08-17T15:10:30","guid":{"rendered":"https:\/\/www.pressenza.com\/?p=695471"},"modified":"2018-08-17T16:10:30","modified_gmt":"2018-08-17T15:10:30","slug":"17a-il-giorno-che-barcellona-ha-detto-no-alla-violenza","status":"publish","type":"post","link":"https:\/\/www.pressenza.com\/it\/2018\/08\/17a-il-giorno-che-barcellona-ha-detto-no-alla-violenza\/","title":{"rendered":"#17A: il giorno che Barcellona ha detto No alla violenza"},"content":{"rendered":"<p>Oggi \u00e8 il primo anniversario degli attentati avvenuti a Barcellona, che causarono un totale di 24 morti tra aggressori e aggrediti. Per rispetto alle vittime e ai loro familiari, ricordare la risposta di amore della cittadinanza sarebbe l\u2019azione migliore per un anniversario carico di interessi.<\/p>\n<p>Quando in una citt\u00e0 che \u00e8 una delle mete turistiche pi\u00f9 frequentate del mondo accade un atto terroristico nel bel mezzo delle vacanze, la notizia occupa i titoli di testa a livello internazionale, trasformandosi in un atto mediatico i cui i politici di ogni schieramento cercano di prendere posizione per approfittare della situazione. E\u2019 successo allora e succede adesso.<\/p>\n<p>La citt\u00e0 commemora il primo anniversario dell\u2019attacco terrorista del 17 agosto, ma sembra che i media dominanti e i politici non si siano accorti che quel giorno si verific\u00f2 anche un contatto diretto con il sentimento pi\u00f9 profondo di ogni essere umano. Un contatto per rivendicare la nonviolenza e dire no al risentimento, per difendere il diritto alla convivenza interculturale e religiosa e prendere posizione di fronte alla paura imposta dal potere.<\/p>\n<p>Questo 17 agosto alcuni politici torneranno a utilizzare l\u2019attentato per parlare dei loro interessi e dei loro poteri. Quale momento migliore per farlo, quando le famiglie delle vittime vogliono solo voltare pagina e dimenticare? Ripoll, il paese da cui venivano i giovani protagonisti degli attentati di Barcellona e Cambrils, ha cercato di vivere quest\u2019anno di dolore senza aver ancora capito che cosa ha spinto quei giovani a commettere una simile atrocit\u00e0. \u00a0Vogliono sapere, comprendere e dimenticare. Il fatto \u00e8 che ai cittadini non sono state date spiegazioni su come giovani fino a quel momento insospettabili siano arrivati a commettere un atto cos\u00ec violento. Questi motivi vengono sempre tenuti nascosti alla gente.<\/p>\n<p>Dieci giorni dopo l\u2019attacco terrorista, Barcellona \u00e8 stata protagonista di un momento di lutto, una manifestazione di massa con lo slogan \u201cNo tenim por\u201d (<a href=\"https:\/\/www.pressenza.com\/it\/2017\/08\/manifestazione-trasferenziale-barcellona-non-paura\/\">Non abbiamo paura<\/a>), alla quale hanno partecipato i\u00a0 principali rappresentanti del governo spagnolo, della Generalitat catalana, del Comune e della monarchia. Con loro grande sorpresa, l\u2019evento \u00e8 stato caratterizzato da una diversit\u00e0 di voci che rivendicavano la propria posizione politica, ma la voce dominante era quella che non voleva criminalizzare l\u2019Islam, bens\u00ec le politiche belliche al servizio della globalizzazione della paura, che portano a societ\u00e0 in cui le spese militari superano quelle per la difesa dei diritti umani.<\/p>\n<p>E\u2019 stato un appello dei cittadini a non criticare una religione, una cultura o un paese, ma le politiche belliche che in quel momento erano rappresentate dalla figura del re Filippo VI, accusato di vendere armi all\u2019Arabia Saudita.<\/p>\n<p>Su questo tema la gente \u00e8 informata e non dimentica. La storia di una monarchia e un governo centrale segnati dalla corruzione, dalla vendita di armi e dai legami con i regimi \u00a0antidemocratici dell\u2019Arabia Saudita, del Qatar e degli Emirati Arabi non passa inosservata e non permette di aggirare la questione.<\/p>\n<p>Parallelamente alle critiche ai politici e alla monarchia, la gente \u00e8 riuscita a comporre un discorso in cui l\u2019amore superava l\u2019odio. Stare immersi in una manifestazione con uno spirito del genere poteva sembrare strano; com\u2019era possibile che un atto terroristico si fosse trasformato in un bagno d\u2019amore e in una scommessa per evitare il risentimento? Senza dubbio in momenti di grande emergenza, la socit\u00e0 d\u00e0 risposte imprevedibili, che fanno appello a ci\u00f2 che di pi\u00f9 profondo esiste in ogni essere umano. La cosa incoraggiante \u00e8 che queste risposte sono caratterizzate dalla nonviolenza.<\/p>\n<p>In quell\u2019esaltazione dell\u2019amore, la gente si abbracciava, i gesti di accettazione e fratellanza tra culture erano palpabili e in ogni parte del corteo si facevano dichiarazioni pacifiche nei confronti della comunit\u00e0 musulmana. Questo tipo di eventi di massa, con slogan pacifichi e chiari atti di affetto, comincia a essere sempre pi\u00f9 frequente nella societ\u00e0 catalana. La scintilla del 15M (il movimento degli Indignados, N.d.T.) \u00e8 rimasta accesa e gran parte della societ\u00e0 non vuole pi\u00e0 essere una marionetta della paura che il potere cerca di diffondere.<\/p>\n<p>Quel pomeriggio stare tra il mezzo milione di persone che percorrevano il Passeig de Gr\u00e0cia fino a Plaza Catalunya era quasi un rito liberatorio; era difficile prevedere in anticipo che la risposta della gente avrebbe seguito la via della riconciliazione, che il suo messaggio sarebbe stato il vero protagonista, insieme al rifiuto dell\u2019aspetto politico, istituzionale e monarchico.<\/p>\n<p>Due mesi prima Barcellona aveva organizzato un incontro mondiale di \u201cCitt\u00e0 senza paura\u201d, con vari Comuni che condividono questa direzione. Nella manifestazione la gente ha avuto l\u2019opportunit\u00e0 di difendere lo slogan di quell\u2019incontro: \u201cNon abbiamo paura\u201d.<\/p>\n<p>Un anno fa ci chiedevamo quale direzione avrebbero preso questi scenari. In questo periodo la Catalogna, immersa in una miriade di eventi, ha toccato la punta dell\u2019iceberg. Le voci del terrorismo islamico si sono \u00a0andate spegnendo, ma la sfilza di atti politici legati agli ordini del governo centrale ha segnato la situazione pi\u00f9 sorprendente che ci si possa aspettare in un paese cosiddetto democratico. Possiamo senz\u2019altro scoprire che il risentimento si \u00e8 imposto su una parte della classe dirigente. Due mesi dopo, con un\u2019azione fin troppo simile all\u2019attacco terrorista per non creare connessioni neurali, ancora viste come immaginazioni popolari, si \u00e8 tenuto l\u2019\u201dillegale\u201d referendum sull\u2019indipendenza del 1\u00b0 ottobre. Ancora una volta la nonviolenza si \u00e8 basata sul pacifismo dei cittadini di fronte alla violenza brutale esercitata dalle forze di sicurezza.\u00a0 Sono seguiti atti repressivi, incarcerazioni e privazioni dei diritti secondo l\u2019articolo 155 della Costituzione (usato per revocare una serie di prerogative del governo autonomo catalano, N.d.T.).<\/p>\n<p>A questo punto \u00e8 chiara la distanza tra il pacifismo e il desiderio di una scelta nonviolenta da parte della gente e le azioni e i discorsi di una parte della politica.<\/p>\n<p>Oggi, 17 agosto, i politici e la monarchia saranno l\u00e0, ma i cittadini hanno gi\u00e0 espresso il loro messaggio: la violenza si supera con la nonviolenza.<\/p>\n<p>Traduzione dallo spagnolo di Anna Polo<\/p>\n","protected":false},"excerpt":{"rendered":"<p>Oggi \u00e8 il primo anniversario degli attentati avvenuti a Barcellona, che causarono un totale di 24 morti tra aggressori e aggrediti. Per rispetto alle vittime e ai loro familiari, ricordare la risposta di amore della cittadinanza sarebbe l\u2019azione migliore per&hellip;<\/p>\n","protected":false},"author":647,"featured_media":695009,"comment_status":"closed","ping_status":"closed","sticky":false,"template":"","format":"standard","meta":{"footnotes":""},"categories":[11388,60,47,1262,162],"tags":[48978,3687,460,1602,290],"class_list":["post-695471","post","type-post","status-publish","format-standard","has-post-thumbnail","hentry","category-contenuti-originali","category-diritti-umani","category-europa","category-nonviolenza-argomento","category-opinioni","tag-17a","tag-barcellona","tag-nonviolenza","tag-spagna","tag-terrorismo"],"yoast_head":"<!-- This site is optimized with the Yoast SEO plugin v27.1.1 - https:\/\/yoast.com\/product\/yoast-seo-wordpress\/ -->\n<title>#17A: il giorno che Barcellona ha detto No alla violenza<\/title>\n<meta name=\"description\" content=\"Oggi \u00e8 il primo anniversario degli attentati avvenuti a Barcellona, che causarono un totale di 24 morti tra aggressori e aggrediti. Per rispetto alle\" \/>\n<meta name=\"robots\" content=\"index, follow, max-snippet:-1, max-image-preview:large, max-video-preview:-1\" \/>\n<link rel=\"canonical\" href=\"https:\/\/www.pressenza.com\/it\/2018\/08\/17a-il-giorno-che-barcellona-ha-detto-no-alla-violenza\/\" \/>\n<meta property=\"og:locale\" content=\"it_IT\" \/>\n<meta property=\"og:type\" content=\"article\" \/>\n<meta property=\"og:title\" content=\"#17A: il giorno che Barcellona ha detto No alla violenza\" \/>\n<meta property=\"og:description\" content=\"Oggi \u00e8 il primo anniversario degli attentati avvenuti a Barcellona, che causarono un totale di 24 morti tra aggressori e aggrediti. Per rispetto alle\" \/>\n<meta property=\"og:url\" content=\"https:\/\/www.pressenza.com\/it\/2018\/08\/17a-il-giorno-che-barcellona-ha-detto-no-alla-violenza\/\" \/>\n<meta property=\"og:site_name\" content=\"Pressenza\" \/>\n<meta property=\"article:publisher\" content=\"https:\/\/www.facebook.com\/PressenzaItalia\" \/>\n<meta property=\"article:published_time\" content=\"2018-08-17T15:10:30+00:00\" \/>\n<meta property=\"og:image\" content=\"https:\/\/www.pressenza.com\/wp-content\/uploads\/2018\/08\/17A.jpg\" \/>\n\t<meta property=\"og:image:width\" content=\"797\" \/>\n\t<meta property=\"og:image:height\" content=\"540\" \/>\n\t<meta property=\"og:image:type\" content=\"image\/jpeg\" \/>\n<meta name=\"author\" content=\"Raquel Paricio\" \/>\n<meta name=\"twitter:card\" content=\"summary_large_image\" \/>\n<meta name=\"twitter:creator\" content=\"@PressenzaIPA\" \/>\n<meta name=\"twitter:site\" content=\"@PressenzaIPA\" \/>\n<meta name=\"twitter:label1\" content=\"Scritto da\" \/>\n\t<meta name=\"twitter:data1\" content=\"Raquel Paricio\" \/>\n\t<meta name=\"twitter:label2\" content=\"Tempo di lettura stimato\" \/>\n\t<meta name=\"twitter:data2\" content=\"5 minuti\" \/>\n<script type=\"application\/ld+json\" class=\"yoast-schema-graph\">{\"@context\":\"https:\/\/schema.org\",\"@graph\":[{\"@type\":\"Article\",\"@id\":\"https:\/\/www.pressenza.com\/it\/2018\/08\/17a-il-giorno-che-barcellona-ha-detto-no-alla-violenza\/#article\",\"isPartOf\":{\"@id\":\"https:\/\/www.pressenza.com\/it\/2018\/08\/17a-il-giorno-che-barcellona-ha-detto-no-alla-violenza\/\"},\"author\":{\"name\":\"Raquel Paricio\",\"@id\":\"https:\/\/www.pressenza.com\/it\/#\/schema\/person\/7104466338f7b188aedd367b5e15c977\"},\"headline\":\"#17A: il giorno che Barcellona ha detto No alla violenza\",\"datePublished\":\"2018-08-17T15:10:30+00:00\",\"mainEntityOfPage\":{\"@id\":\"https:\/\/www.pressenza.com\/it\/2018\/08\/17a-il-giorno-che-barcellona-ha-detto-no-alla-violenza\/\"},\"wordCount\":990,\"publisher\":{\"@id\":\"https:\/\/www.pressenza.com\/it\/#organization\"},\"image\":{\"@id\":\"https:\/\/www.pressenza.com\/it\/2018\/08\/17a-il-giorno-che-barcellona-ha-detto-no-alla-violenza\/#primaryimage\"},\"thumbnailUrl\":\"https:\/\/www.pressenza.com\/wp-content\/uploads\/2018\/08\/17A.jpg\",\"keywords\":[\"17A\",\"Barcellona\",\"nonviolenza\",\"Spagna\",\"terrorismo\"],\"articleSection\":[\"contenuti originali\",\"Diritti Umani\",\"Europa\",\"Nonviolenza\",\"Opinioni\"],\"inLanguage\":\"it-IT\"},{\"@type\":\"WebPage\",\"@id\":\"https:\/\/www.pressenza.com\/it\/2018\/08\/17a-il-giorno-che-barcellona-ha-detto-no-alla-violenza\/\",\"url\":\"https:\/\/www.pressenza.com\/it\/2018\/08\/17a-il-giorno-che-barcellona-ha-detto-no-alla-violenza\/\",\"name\":\"#17A: il giorno che Barcellona ha detto No alla violenza\",\"isPartOf\":{\"@id\":\"https:\/\/www.pressenza.com\/it\/#website\"},\"primaryImageOfPage\":{\"@id\":\"https:\/\/www.pressenza.com\/it\/2018\/08\/17a-il-giorno-che-barcellona-ha-detto-no-alla-violenza\/#primaryimage\"},\"image\":{\"@id\":\"https:\/\/www.pressenza.com\/it\/2018\/08\/17a-il-giorno-che-barcellona-ha-detto-no-alla-violenza\/#primaryimage\"},\"thumbnailUrl\":\"https:\/\/www.pressenza.com\/wp-content\/uploads\/2018\/08\/17A.jpg\",\"datePublished\":\"2018-08-17T15:10:30+00:00\",\"description\":\"Oggi \u00e8 il primo anniversario degli attentati avvenuti a Barcellona, che causarono un totale di 24 morti tra aggressori e aggrediti. Per rispetto alle\",\"breadcrumb\":{\"@id\":\"https:\/\/www.pressenza.com\/it\/2018\/08\/17a-il-giorno-che-barcellona-ha-detto-no-alla-violenza\/#breadcrumb\"},\"inLanguage\":\"it-IT\",\"potentialAction\":[{\"@type\":\"ReadAction\",\"target\":[\"https:\/\/www.pressenza.com\/it\/2018\/08\/17a-il-giorno-che-barcellona-ha-detto-no-alla-violenza\/\"]}]},{\"@type\":\"ImageObject\",\"inLanguage\":\"it-IT\",\"@id\":\"https:\/\/www.pressenza.com\/it\/2018\/08\/17a-il-giorno-che-barcellona-ha-detto-no-alla-violenza\/#primaryimage\",\"url\":\"https:\/\/www.pressenza.com\/wp-content\/uploads\/2018\/08\/17A.jpg\",\"contentUrl\":\"https:\/\/www.pressenza.com\/wp-content\/uploads\/2018\/08\/17A.jpg\",\"width\":797,\"height\":540,\"caption\":\"Fernando Estrada\"},{\"@type\":\"BreadcrumbList\",\"@id\":\"https:\/\/www.pressenza.com\/it\/2018\/08\/17a-il-giorno-che-barcellona-ha-detto-no-alla-violenza\/#breadcrumb\",\"itemListElement\":[{\"@type\":\"ListItem\",\"position\":1,\"name\":\"Accueil\",\"item\":\"https:\/\/www.pressenza.com\/it\/\"},{\"@type\":\"ListItem\",\"position\":2,\"name\":\"#17A: il giorno che Barcellona ha detto No alla violenza\"}]},{\"@type\":\"WebSite\",\"@id\":\"https:\/\/www.pressenza.com\/it\/#website\",\"url\":\"https:\/\/www.pressenza.com\/it\/\",\"name\":\"Pressenza\",\"description\":\"Agenzia di Stampa Internazionale\",\"publisher\":{\"@id\":\"https:\/\/www.pressenza.com\/it\/#organization\"},\"potentialAction\":[{\"@type\":\"SearchAction\",\"target\":{\"@type\":\"EntryPoint\",\"urlTemplate\":\"https:\/\/www.pressenza.com\/it\/?s={search_term_string}\"},\"query-input\":{\"@type\":\"PropertyValueSpecification\",\"valueRequired\":true,\"valueName\":\"search_term_string\"}}],\"inLanguage\":\"it-IT\"},{\"@type\":\"Organization\",\"@id\":\"https:\/\/www.pressenza.com\/it\/#organization\",\"name\":\"Pressenza\",\"url\":\"https:\/\/www.pressenza.com\/it\/\",\"logo\":{\"@type\":\"ImageObject\",\"inLanguage\":\"it-IT\",\"@id\":\"https:\/\/www.pressenza.com\/it\/#\/schema\/logo\/image\/\",\"url\":\"https:\/\/www.pressenza.com\/wp-content\/uploads\/2022\/10\/pressenza_logo_200x200.jpg\",\"contentUrl\":\"https:\/\/www.pressenza.com\/wp-content\/uploads\/2022\/10\/pressenza_logo_200x200.jpg\",\"width\":200,\"height\":200,\"caption\":\"Pressenza\"},\"image\":{\"@id\":\"https:\/\/www.pressenza.com\/it\/#\/schema\/logo\/image\/\"},\"sameAs\":[\"https:\/\/www.facebook.com\/PressenzaItalia\",\"https:\/\/x.com\/PressenzaIPA\"]},{\"@type\":\"Person\",\"@id\":\"https:\/\/www.pressenza.com\/it\/#\/schema\/person\/7104466338f7b188aedd367b5e15c977\",\"name\":\"Raquel Paricio\",\"description\":\"Docente. Artista. Humanista. Doctora en Arte y Tecnolog\u00eda. Investiga en las diferentes escuelas de meditaci\u00f3n de diferentes culturas.\",\"url\":\"https:\/\/www.pressenza.com\/it\/author\/raquel-paricio\/\"}]}<\/script>\n<!-- \/ Yoast SEO plugin. -->","yoast_head_json":{"title":"#17A: il giorno che Barcellona ha detto No alla violenza","description":"Oggi \u00e8 il primo anniversario degli attentati avvenuti a Barcellona, che causarono un totale di 24 morti tra aggressori e aggrediti. Per rispetto alle","robots":{"index":"index","follow":"follow","max-snippet":"max-snippet:-1","max-image-preview":"max-image-preview:large","max-video-preview":"max-video-preview:-1"},"canonical":"https:\/\/www.pressenza.com\/it\/2018\/08\/17a-il-giorno-che-barcellona-ha-detto-no-alla-violenza\/","og_locale":"it_IT","og_type":"article","og_title":"#17A: il giorno che Barcellona ha detto No alla violenza","og_description":"Oggi \u00e8 il primo anniversario degli attentati avvenuti a Barcellona, che causarono un totale di 24 morti tra aggressori e aggrediti. Per rispetto alle","og_url":"https:\/\/www.pressenza.com\/it\/2018\/08\/17a-il-giorno-che-barcellona-ha-detto-no-alla-violenza\/","og_site_name":"Pressenza","article_publisher":"https:\/\/www.facebook.com\/PressenzaItalia","article_published_time":"2018-08-17T15:10:30+00:00","og_image":[{"width":797,"height":540,"url":"https:\/\/www.pressenza.com\/wp-content\/uploads\/2018\/08\/17A.jpg","type":"image\/jpeg"}],"author":"Raquel Paricio","twitter_card":"summary_large_image","twitter_creator":"@PressenzaIPA","twitter_site":"@PressenzaIPA","twitter_misc":{"Scritto da":"Raquel Paricio","Tempo di lettura stimato":"5 minuti"},"schema":{"@context":"https:\/\/schema.org","@graph":[{"@type":"Article","@id":"https:\/\/www.pressenza.com\/it\/2018\/08\/17a-il-giorno-che-barcellona-ha-detto-no-alla-violenza\/#article","isPartOf":{"@id":"https:\/\/www.pressenza.com\/it\/2018\/08\/17a-il-giorno-che-barcellona-ha-detto-no-alla-violenza\/"},"author":{"name":"Raquel Paricio","@id":"https:\/\/www.pressenza.com\/it\/#\/schema\/person\/7104466338f7b188aedd367b5e15c977"},"headline":"#17A: il giorno che Barcellona ha detto No alla violenza","datePublished":"2018-08-17T15:10:30+00:00","mainEntityOfPage":{"@id":"https:\/\/www.pressenza.com\/it\/2018\/08\/17a-il-giorno-che-barcellona-ha-detto-no-alla-violenza\/"},"wordCount":990,"publisher":{"@id":"https:\/\/www.pressenza.com\/it\/#organization"},"image":{"@id":"https:\/\/www.pressenza.com\/it\/2018\/08\/17a-il-giorno-che-barcellona-ha-detto-no-alla-violenza\/#primaryimage"},"thumbnailUrl":"https:\/\/www.pressenza.com\/wp-content\/uploads\/2018\/08\/17A.jpg","keywords":["17A","Barcellona","nonviolenza","Spagna","terrorismo"],"articleSection":["contenuti originali","Diritti Umani","Europa","Nonviolenza","Opinioni"],"inLanguage":"it-IT"},{"@type":"WebPage","@id":"https:\/\/www.pressenza.com\/it\/2018\/08\/17a-il-giorno-che-barcellona-ha-detto-no-alla-violenza\/","url":"https:\/\/www.pressenza.com\/it\/2018\/08\/17a-il-giorno-che-barcellona-ha-detto-no-alla-violenza\/","name":"#17A: il giorno che Barcellona ha detto No alla violenza","isPartOf":{"@id":"https:\/\/www.pressenza.com\/it\/#website"},"primaryImageOfPage":{"@id":"https:\/\/www.pressenza.com\/it\/2018\/08\/17a-il-giorno-che-barcellona-ha-detto-no-alla-violenza\/#primaryimage"},"image":{"@id":"https:\/\/www.pressenza.com\/it\/2018\/08\/17a-il-giorno-che-barcellona-ha-detto-no-alla-violenza\/#primaryimage"},"thumbnailUrl":"https:\/\/www.pressenza.com\/wp-content\/uploads\/2018\/08\/17A.jpg","datePublished":"2018-08-17T15:10:30+00:00","description":"Oggi \u00e8 il primo anniversario degli attentati avvenuti a Barcellona, che causarono un totale di 24 morti tra aggressori e aggrediti. Per rispetto alle","breadcrumb":{"@id":"https:\/\/www.pressenza.com\/it\/2018\/08\/17a-il-giorno-che-barcellona-ha-detto-no-alla-violenza\/#breadcrumb"},"inLanguage":"it-IT","potentialAction":[{"@type":"ReadAction","target":["https:\/\/www.pressenza.com\/it\/2018\/08\/17a-il-giorno-che-barcellona-ha-detto-no-alla-violenza\/"]}]},{"@type":"ImageObject","inLanguage":"it-IT","@id":"https:\/\/www.pressenza.com\/it\/2018\/08\/17a-il-giorno-che-barcellona-ha-detto-no-alla-violenza\/#primaryimage","url":"https:\/\/www.pressenza.com\/wp-content\/uploads\/2018\/08\/17A.jpg","contentUrl":"https:\/\/www.pressenza.com\/wp-content\/uploads\/2018\/08\/17A.jpg","width":797,"height":540,"caption":"Fernando Estrada"},{"@type":"BreadcrumbList","@id":"https:\/\/www.pressenza.com\/it\/2018\/08\/17a-il-giorno-che-barcellona-ha-detto-no-alla-violenza\/#breadcrumb","itemListElement":[{"@type":"ListItem","position":1,"name":"Accueil","item":"https:\/\/www.pressenza.com\/it\/"},{"@type":"ListItem","position":2,"name":"#17A: il giorno che Barcellona ha detto No alla violenza"}]},{"@type":"WebSite","@id":"https:\/\/www.pressenza.com\/it\/#website","url":"https:\/\/www.pressenza.com\/it\/","name":"Pressenza","description":"Agenzia di Stampa Internazionale","publisher":{"@id":"https:\/\/www.pressenza.com\/it\/#organization"},"potentialAction":[{"@type":"SearchAction","target":{"@type":"EntryPoint","urlTemplate":"https:\/\/www.pressenza.com\/it\/?s={search_term_string}"},"query-input":{"@type":"PropertyValueSpecification","valueRequired":true,"valueName":"search_term_string"}}],"inLanguage":"it-IT"},{"@type":"Organization","@id":"https:\/\/www.pressenza.com\/it\/#organization","name":"Pressenza","url":"https:\/\/www.pressenza.com\/it\/","logo":{"@type":"ImageObject","inLanguage":"it-IT","@id":"https:\/\/www.pressenza.com\/it\/#\/schema\/logo\/image\/","url":"https:\/\/www.pressenza.com\/wp-content\/uploads\/2022\/10\/pressenza_logo_200x200.jpg","contentUrl":"https:\/\/www.pressenza.com\/wp-content\/uploads\/2022\/10\/pressenza_logo_200x200.jpg","width":200,"height":200,"caption":"Pressenza"},"image":{"@id":"https:\/\/www.pressenza.com\/it\/#\/schema\/logo\/image\/"},"sameAs":["https:\/\/www.facebook.com\/PressenzaItalia","https:\/\/x.com\/PressenzaIPA"]},{"@type":"Person","@id":"https:\/\/www.pressenza.com\/it\/#\/schema\/person\/7104466338f7b188aedd367b5e15c977","name":"Raquel Paricio","description":"Docente. Artista. Humanista. Doctora en Arte y Tecnolog\u00eda. Investiga en las diferentes escuelas de meditaci\u00f3n de diferentes culturas.","url":"https:\/\/www.pressenza.com\/it\/author\/raquel-paricio\/"}]}},"place":"","original_article_url":"","_links":{"self":[{"href":"https:\/\/www.pressenza.com\/it\/wp-json\/wp\/v2\/posts\/695471","targetHints":{"allow":["GET"]}}],"collection":[{"href":"https:\/\/www.pressenza.com\/it\/wp-json\/wp\/v2\/posts"}],"about":[{"href":"https:\/\/www.pressenza.com\/it\/wp-json\/wp\/v2\/types\/post"}],"author":[{"embeddable":true,"href":"https:\/\/www.pressenza.com\/it\/wp-json\/wp\/v2\/users\/647"}],"replies":[{"embeddable":true,"href":"https:\/\/www.pressenza.com\/it\/wp-json\/wp\/v2\/comments?post=695471"}],"version-history":[{"count":0,"href":"https:\/\/www.pressenza.com\/it\/wp-json\/wp\/v2\/posts\/695471\/revisions"}],"wp:featuredmedia":[{"embeddable":true,"href":"https:\/\/www.pressenza.com\/it\/wp-json\/wp\/v2\/media\/695009"}],"wp:attachment":[{"href":"https:\/\/www.pressenza.com\/it\/wp-json\/wp\/v2\/media?parent=695471"}],"wp:term":[{"taxonomy":"category","embeddable":true,"href":"https:\/\/www.pressenza.com\/it\/wp-json\/wp\/v2\/categories?post=695471"},{"taxonomy":"post_tag","embeddable":true,"href":"https:\/\/www.pressenza.com\/it\/wp-json\/wp\/v2\/tags?post=695471"}],"curies":[{"name":"wp","href":"https:\/\/api.w.org\/{rel}","templated":true}]}}