{"id":694388,"date":"2018-08-15T15:52:35","date_gmt":"2018-08-15T14:52:35","guid":{"rendered":"https:\/\/www.pressenza.com\/?p=694388"},"modified":"2018-08-16T22:30:41","modified_gmt":"2018-08-16T21:30:41","slug":"aquarius-riceve-autorizzazione-a-sbarcare-a-la-valletta","status":"publish","type":"post","link":"https:\/\/www.pressenza.com\/it\/2018\/08\/aquarius-riceve-autorizzazione-a-sbarcare-a-la-valletta\/","title":{"rendered":"Aquarius riceve autorizzazione a sbarcare a La Valletta"},"content":{"rendered":"<p style=\"font-weight: 400;\">La nave Aquarius, gestita in collaborazione da SOS MEDITERRANEE e Medici Senza Frontiere (MSF), ha ricevuto autorizzazione formale dalle autorit\u00e0 maltesi a entrare nel porto di La Valletta. MSF \u00e8 sollevata dall\u2019aver ricevuto un porto sicuro per sbarcare le 141 persone vulnerabili soccorse nel Mediterraneo. E siamo lieti che Germania, Francia, Lussemburgo, Portogallo e Spagna abbiano deciso di condividere la responsabilit\u00e0 in una risposta coordinata a livello europeo.<\/p>\n<p style=\"font-weight: 400;\">Dal momento dei soccorsi, venerd\u00ec 10 agosto, la nostra priorit\u00e0 \u00e8 stata quella di garantire il benessere delle persone salvate in mare e sbarcarle al pi\u00f9 presto in un porto sicuro, come previsto dal diritto internazionale e marittimo, in modo che la nave possa continuare a fornire la necessaria, urgente assistenza umanitaria alle persone che si trovano ancora in pericolo nel Mediterraneo centrale. Essendo Malta uno dei porti sicuri pi\u00f9 vicini, sbarcare a La Valletta evita che le persone soccorse si trovino bloccate sulla nave per pi\u00f9 lunghi periodi.<\/p>\n<p style=\"font-weight: 400;\">Sono ancora disperatamente necessarie soluzioni sostenibili a lungo termine per affrontare la crisi umanitaria nel Mediterraneo centrale. \u00c8 una responsabilit\u00e0 di tutta l\u2019Unione Europea e aspettiamo di vedere altri concreti esempi di leadership e solidariet\u00e0 europea in futuro. Allo stesso tempo, restiamo molto preoccupati per l\u2019attuale situazione nel Mediterraneo e il futuro dell\u2019azione umanitaria in mare.<\/p>\n<p style=\"font-weight: 400;\">\n","protected":false},"excerpt":{"rendered":"<p>La nave Aquarius, gestita in collaborazione da SOS MEDITERRANEE e Medici Senza Frontiere (MSF), ha ricevuto autorizzazione formale dalle autorit\u00e0 maltesi a entrare nel porto di La Valletta. MSF \u00e8 sollevata dall\u2019aver ricevuto un porto sicuro per sbarcare le 141&hellip;<\/p>\n","protected":false},"author":1103,"featured_media":686005,"comment_status":"closed","ping_status":"closed","sticky":false,"template":"","format":"standard","meta":{"footnotes":""},"categories":[150,47,1261],"tags":[42065,26411,21680,7242],"class_list":["post-694388","post","type-post","status-publish","format-standard","has-post-thumbnail","hentry","category-comunicati-stampa","category-europa","category-diversita","tag-aquarius","tag-la-valletta","tag-malta","tag-medici-senza-frontiere"],"yoast_head":"<!-- This site is optimized with the Yoast SEO plugin v27.1.1 - https:\/\/yoast.com\/product\/yoast-seo-wordpress\/ -->\n<title>Aquarius riceve autorizzazione a sbarcare a La Valletta<\/title>\n<meta name=\"description\" content=\"La nave Aquarius, gestita in collaborazione da SOS MEDITERRANEE e Medici Senza Frontiere (MSF), ha ricevuto autorizzazione formale dalle autorit\u00e0 maltesi\" \/>\n<meta name=\"robots\" content=\"index, follow, max-snippet:-1, max-image-preview:large, max-video-preview:-1\" \/>\n<link rel=\"canonical\" href=\"https:\/\/www.pressenza.com\/it\/2018\/08\/aquarius-riceve-autorizzazione-a-sbarcare-a-la-valletta\/\" \/>\n<meta property=\"og:locale\" content=\"it_IT\" \/>\n<meta property=\"og:type\" content=\"article\" \/>\n<meta property=\"og:title\" content=\"Aquarius riceve autorizzazione a sbarcare a La Valletta\" \/>\n<meta property=\"og:description\" content=\"La nave Aquarius, gestita in collaborazione da SOS MEDITERRANEE e Medici Senza Frontiere (MSF), ha ricevuto autorizzazione formale dalle autorit\u00e0 maltesi\" \/>\n<meta property=\"og:url\" content=\"https:\/\/www.pressenza.com\/it\/2018\/08\/aquarius-riceve-autorizzazione-a-sbarcare-a-la-valletta\/\" \/>\n<meta property=\"og:site_name\" content=\"Pressenza\" \/>\n<meta property=\"article:publisher\" content=\"https:\/\/www.facebook.com\/PressenzaItalia\" \/>\n<meta property=\"article:author\" content=\"https:\/\/www.facebook.com\/msf.italiano\/\" \/>\n<meta property=\"article:published_time\" content=\"2018-08-15T14:52:35+00:00\" \/>\n<meta property=\"article:modified_time\" content=\"2018-08-16T21:30:41+00:00\" \/>\n<meta property=\"og:image\" content=\"https:\/\/www.pressenza.com\/wp-content\/uploads\/2018\/08\/nave-acuqarius.jpg\" \/>\n\t<meta property=\"og:image:width\" content=\"700\" \/>\n\t<meta property=\"og:image:height\" content=\"467\" \/>\n\t<meta property=\"og:image:type\" content=\"image\/jpeg\" \/>\n<meta name=\"author\" content=\"Medecins sans Frontieres\" \/>\n<meta name=\"twitter:card\" content=\"summary_large_image\" \/>\n<meta name=\"twitter:creator\" content=\"@MSF\" \/>\n<meta name=\"twitter:site\" content=\"@PressenzaIPA\" \/>\n<meta name=\"twitter:label1\" content=\"Scritto da\" \/>\n\t<meta name=\"twitter:data1\" content=\"Medecins sans Frontieres\" \/>\n\t<meta name=\"twitter:label2\" content=\"Tempo di lettura stimato\" \/>\n\t<meta name=\"twitter:data2\" content=\"1 minuto\" \/>\n<script type=\"application\/ld+json\" class=\"yoast-schema-graph\">{\"@context\":\"https:\/\/schema.org\",\"@graph\":[{\"@type\":\"Article\",\"@id\":\"https:\/\/www.pressenza.com\/it\/2018\/08\/aquarius-riceve-autorizzazione-a-sbarcare-a-la-valletta\/#article\",\"isPartOf\":{\"@id\":\"https:\/\/www.pressenza.com\/it\/2018\/08\/aquarius-riceve-autorizzazione-a-sbarcare-a-la-valletta\/\"},\"author\":{\"name\":\"Medecins sans Frontieres\",\"@id\":\"https:\/\/www.pressenza.com\/it\/#\/schema\/person\/67dd9334b11345b5e9e171b3a89a22b5\"},\"headline\":\"Aquarius riceve autorizzazione a sbarcare a La Valletta\",\"datePublished\":\"2018-08-15T14:52:35+00:00\",\"dateModified\":\"2018-08-16T21:30:41+00:00\",\"mainEntityOfPage\":{\"@id\":\"https:\/\/www.pressenza.com\/it\/2018\/08\/aquarius-riceve-autorizzazione-a-sbarcare-a-la-valletta\/\"},\"wordCount\":220,\"publisher\":{\"@id\":\"https:\/\/www.pressenza.com\/it\/#organization\"},\"image\":{\"@id\":\"https:\/\/www.pressenza.com\/it\/2018\/08\/aquarius-riceve-autorizzazione-a-sbarcare-a-la-valletta\/#primaryimage\"},\"thumbnailUrl\":\"https:\/\/www.pressenza.com\/wp-content\/uploads\/2018\/08\/nave-acuqarius.jpg\",\"keywords\":[\"Aquarius\",\"La Valletta\",\"Malta\",\"Medici Senza Frontiere\"],\"articleSection\":[\"Comunicati Stampa\",\"Europa\",\"Non discriminazione\"],\"inLanguage\":\"it-IT\"},{\"@type\":\"WebPage\",\"@id\":\"https:\/\/www.pressenza.com\/it\/2018\/08\/aquarius-riceve-autorizzazione-a-sbarcare-a-la-valletta\/\",\"url\":\"https:\/\/www.pressenza.com\/it\/2018\/08\/aquarius-riceve-autorizzazione-a-sbarcare-a-la-valletta\/\",\"name\":\"Aquarius riceve autorizzazione a sbarcare a La Valletta\",\"isPartOf\":{\"@id\":\"https:\/\/www.pressenza.com\/it\/#website\"},\"primaryImageOfPage\":{\"@id\":\"https:\/\/www.pressenza.com\/it\/2018\/08\/aquarius-riceve-autorizzazione-a-sbarcare-a-la-valletta\/#primaryimage\"},\"image\":{\"@id\":\"https:\/\/www.pressenza.com\/it\/2018\/08\/aquarius-riceve-autorizzazione-a-sbarcare-a-la-valletta\/#primaryimage\"},\"thumbnailUrl\":\"https:\/\/www.pressenza.com\/wp-content\/uploads\/2018\/08\/nave-acuqarius.jpg\",\"datePublished\":\"2018-08-15T14:52:35+00:00\",\"dateModified\":\"2018-08-16T21:30:41+00:00\",\"description\":\"La nave Aquarius, gestita in collaborazione da SOS MEDITERRANEE e Medici Senza Frontiere (MSF), ha ricevuto autorizzazione formale dalle autorit\u00e0 maltesi\",\"breadcrumb\":{\"@id\":\"https:\/\/www.pressenza.com\/it\/2018\/08\/aquarius-riceve-autorizzazione-a-sbarcare-a-la-valletta\/#breadcrumb\"},\"inLanguage\":\"it-IT\",\"potentialAction\":[{\"@type\":\"ReadAction\",\"target\":[\"https:\/\/www.pressenza.com\/it\/2018\/08\/aquarius-riceve-autorizzazione-a-sbarcare-a-la-valletta\/\"]}]},{\"@type\":\"ImageObject\",\"inLanguage\":\"it-IT\",\"@id\":\"https:\/\/www.pressenza.com\/it\/2018\/08\/aquarius-riceve-autorizzazione-a-sbarcare-a-la-valletta\/#primaryimage\",\"url\":\"https:\/\/www.pressenza.com\/wp-content\/uploads\/2018\/08\/nave-acuqarius.jpg\",\"contentUrl\":\"https:\/\/www.pressenza.com\/wp-content\/uploads\/2018\/08\/nave-acuqarius.jpg\",\"width\":700,\"height\":467,\"caption\":\"More than 500 people are now safely onboard Aquarius, a search and rescue vessel run by M\u00e9decins Sans Fronti\u00e8res (MSF) and SOS MEDITERRANEE, but an unknown number of people are missing presumed drowned after a gruelling day of rescues in the Mediterranean. Teams rendered assistance to three rubber boats in distress that were overloaded with men, women and children, 1 November 2017.\"},{\"@type\":\"BreadcrumbList\",\"@id\":\"https:\/\/www.pressenza.com\/it\/2018\/08\/aquarius-riceve-autorizzazione-a-sbarcare-a-la-valletta\/#breadcrumb\",\"itemListElement\":[{\"@type\":\"ListItem\",\"position\":1,\"name\":\"Accueil\",\"item\":\"https:\/\/www.pressenza.com\/it\/\"},{\"@type\":\"ListItem\",\"position\":2,\"name\":\"Aquarius riceve autorizzazione a sbarcare a La Valletta\"}]},{\"@type\":\"WebSite\",\"@id\":\"https:\/\/www.pressenza.com\/it\/#website\",\"url\":\"https:\/\/www.pressenza.com\/it\/\",\"name\":\"Pressenza\",\"description\":\"Agenzia di Stampa Internazionale\",\"publisher\":{\"@id\":\"https:\/\/www.pressenza.com\/it\/#organization\"},\"potentialAction\":[{\"@type\":\"SearchAction\",\"target\":{\"@type\":\"EntryPoint\",\"urlTemplate\":\"https:\/\/www.pressenza.com\/it\/?s={search_term_string}\"},\"query-input\":{\"@type\":\"PropertyValueSpecification\",\"valueRequired\":true,\"valueName\":\"search_term_string\"}}],\"inLanguage\":\"it-IT\"},{\"@type\":\"Organization\",\"@id\":\"https:\/\/www.pressenza.com\/it\/#organization\",\"name\":\"Pressenza\",\"url\":\"https:\/\/www.pressenza.com\/it\/\",\"logo\":{\"@type\":\"ImageObject\",\"inLanguage\":\"it-IT\",\"@id\":\"https:\/\/www.pressenza.com\/it\/#\/schema\/logo\/image\/\",\"url\":\"https:\/\/www.pressenza.com\/wp-content\/uploads\/2022\/10\/pressenza_logo_200x200.jpg\",\"contentUrl\":\"https:\/\/www.pressenza.com\/wp-content\/uploads\/2022\/10\/pressenza_logo_200x200.jpg\",\"width\":200,\"height\":200,\"caption\":\"Pressenza\"},\"image\":{\"@id\":\"https:\/\/www.pressenza.com\/it\/#\/schema\/logo\/image\/\"},\"sameAs\":[\"https:\/\/www.facebook.com\/PressenzaItalia\",\"https:\/\/x.com\/PressenzaIPA\"]},{\"@type\":\"Person\",\"@id\":\"https:\/\/www.pressenza.com\/it\/#\/schema\/person\/67dd9334b11345b5e9e171b3a89a22b5\",\"name\":\"Medecins sans Frontieres\",\"description\":\"M\u00e9decins Sans Fronti\u00e8res (MSF) is an international, independent, medical humanitarian organisation that delivers emergency aid to people affected by armed conflict, epidemics, natural disasters and exclusion from healthcare. MSF offers assistance to people based on need, irrespective of race, religion, gender or political affiliation. Our actions are guided by medical ethics and the principles of neutrality and impartiality. www.msf.org\",\"sameAs\":[\"https:\/\/www.facebook.com\/msf.italiano\/\",\"https:\/\/x.com\/MSF\"],\"url\":\"https:\/\/www.pressenza.com\/it\/author\/medecins-sans-frontieres\/\"}]}<\/script>\n<!-- \/ Yoast SEO plugin. -->","yoast_head_json":{"title":"Aquarius riceve autorizzazione a sbarcare a La Valletta","description":"La nave Aquarius, gestita in collaborazione da SOS MEDITERRANEE e Medici Senza Frontiere (MSF), ha ricevuto autorizzazione formale dalle autorit\u00e0 maltesi","robots":{"index":"index","follow":"follow","max-snippet":"max-snippet:-1","max-image-preview":"max-image-preview:large","max-video-preview":"max-video-preview:-1"},"canonical":"https:\/\/www.pressenza.com\/it\/2018\/08\/aquarius-riceve-autorizzazione-a-sbarcare-a-la-valletta\/","og_locale":"it_IT","og_type":"article","og_title":"Aquarius riceve autorizzazione a sbarcare a La Valletta","og_description":"La nave Aquarius, gestita in collaborazione da SOS MEDITERRANEE e Medici Senza Frontiere (MSF), ha ricevuto autorizzazione formale dalle autorit\u00e0 maltesi","og_url":"https:\/\/www.pressenza.com\/it\/2018\/08\/aquarius-riceve-autorizzazione-a-sbarcare-a-la-valletta\/","og_site_name":"Pressenza","article_publisher":"https:\/\/www.facebook.com\/PressenzaItalia","article_author":"https:\/\/www.facebook.com\/msf.italiano\/","article_published_time":"2018-08-15T14:52:35+00:00","article_modified_time":"2018-08-16T21:30:41+00:00","og_image":[{"width":700,"height":467,"url":"https:\/\/www.pressenza.com\/wp-content\/uploads\/2018\/08\/nave-acuqarius.jpg","type":"image\/jpeg"}],"author":"Medecins sans Frontieres","twitter_card":"summary_large_image","twitter_creator":"@MSF","twitter_site":"@PressenzaIPA","twitter_misc":{"Scritto da":"Medecins sans Frontieres","Tempo di lettura stimato":"1 minuto"},"schema":{"@context":"https:\/\/schema.org","@graph":[{"@type":"Article","@id":"https:\/\/www.pressenza.com\/it\/2018\/08\/aquarius-riceve-autorizzazione-a-sbarcare-a-la-valletta\/#article","isPartOf":{"@id":"https:\/\/www.pressenza.com\/it\/2018\/08\/aquarius-riceve-autorizzazione-a-sbarcare-a-la-valletta\/"},"author":{"name":"Medecins sans Frontieres","@id":"https:\/\/www.pressenza.com\/it\/#\/schema\/person\/67dd9334b11345b5e9e171b3a89a22b5"},"headline":"Aquarius riceve autorizzazione a sbarcare a La Valletta","datePublished":"2018-08-15T14:52:35+00:00","dateModified":"2018-08-16T21:30:41+00:00","mainEntityOfPage":{"@id":"https:\/\/www.pressenza.com\/it\/2018\/08\/aquarius-riceve-autorizzazione-a-sbarcare-a-la-valletta\/"},"wordCount":220,"publisher":{"@id":"https:\/\/www.pressenza.com\/it\/#organization"},"image":{"@id":"https:\/\/www.pressenza.com\/it\/2018\/08\/aquarius-riceve-autorizzazione-a-sbarcare-a-la-valletta\/#primaryimage"},"thumbnailUrl":"https:\/\/www.pressenza.com\/wp-content\/uploads\/2018\/08\/nave-acuqarius.jpg","keywords":["Aquarius","La Valletta","Malta","Medici Senza Frontiere"],"articleSection":["Comunicati Stampa","Europa","Non discriminazione"],"inLanguage":"it-IT"},{"@type":"WebPage","@id":"https:\/\/www.pressenza.com\/it\/2018\/08\/aquarius-riceve-autorizzazione-a-sbarcare-a-la-valletta\/","url":"https:\/\/www.pressenza.com\/it\/2018\/08\/aquarius-riceve-autorizzazione-a-sbarcare-a-la-valletta\/","name":"Aquarius riceve autorizzazione a sbarcare a La Valletta","isPartOf":{"@id":"https:\/\/www.pressenza.com\/it\/#website"},"primaryImageOfPage":{"@id":"https:\/\/www.pressenza.com\/it\/2018\/08\/aquarius-riceve-autorizzazione-a-sbarcare-a-la-valletta\/#primaryimage"},"image":{"@id":"https:\/\/www.pressenza.com\/it\/2018\/08\/aquarius-riceve-autorizzazione-a-sbarcare-a-la-valletta\/#primaryimage"},"thumbnailUrl":"https:\/\/www.pressenza.com\/wp-content\/uploads\/2018\/08\/nave-acuqarius.jpg","datePublished":"2018-08-15T14:52:35+00:00","dateModified":"2018-08-16T21:30:41+00:00","description":"La nave Aquarius, gestita in collaborazione da SOS MEDITERRANEE e Medici Senza Frontiere (MSF), ha ricevuto autorizzazione formale dalle autorit\u00e0 maltesi","breadcrumb":{"@id":"https:\/\/www.pressenza.com\/it\/2018\/08\/aquarius-riceve-autorizzazione-a-sbarcare-a-la-valletta\/#breadcrumb"},"inLanguage":"it-IT","potentialAction":[{"@type":"ReadAction","target":["https:\/\/www.pressenza.com\/it\/2018\/08\/aquarius-riceve-autorizzazione-a-sbarcare-a-la-valletta\/"]}]},{"@type":"ImageObject","inLanguage":"it-IT","@id":"https:\/\/www.pressenza.com\/it\/2018\/08\/aquarius-riceve-autorizzazione-a-sbarcare-a-la-valletta\/#primaryimage","url":"https:\/\/www.pressenza.com\/wp-content\/uploads\/2018\/08\/nave-acuqarius.jpg","contentUrl":"https:\/\/www.pressenza.com\/wp-content\/uploads\/2018\/08\/nave-acuqarius.jpg","width":700,"height":467,"caption":"More than 500 people are now safely onboard Aquarius, a search and rescue vessel run by M\u00e9decins Sans Fronti\u00e8res (MSF) and SOS MEDITERRANEE, but an unknown number of people are missing presumed drowned after a gruelling day of rescues in the Mediterranean. Teams rendered assistance to three rubber boats in distress that were overloaded with men, women and children, 1 November 2017."},{"@type":"BreadcrumbList","@id":"https:\/\/www.pressenza.com\/it\/2018\/08\/aquarius-riceve-autorizzazione-a-sbarcare-a-la-valletta\/#breadcrumb","itemListElement":[{"@type":"ListItem","position":1,"name":"Accueil","item":"https:\/\/www.pressenza.com\/it\/"},{"@type":"ListItem","position":2,"name":"Aquarius riceve autorizzazione a sbarcare a La Valletta"}]},{"@type":"WebSite","@id":"https:\/\/www.pressenza.com\/it\/#website","url":"https:\/\/www.pressenza.com\/it\/","name":"Pressenza","description":"Agenzia di Stampa Internazionale","publisher":{"@id":"https:\/\/www.pressenza.com\/it\/#organization"},"potentialAction":[{"@type":"SearchAction","target":{"@type":"EntryPoint","urlTemplate":"https:\/\/www.pressenza.com\/it\/?s={search_term_string}"},"query-input":{"@type":"PropertyValueSpecification","valueRequired":true,"valueName":"search_term_string"}}],"inLanguage":"it-IT"},{"@type":"Organization","@id":"https:\/\/www.pressenza.com\/it\/#organization","name":"Pressenza","url":"https:\/\/www.pressenza.com\/it\/","logo":{"@type":"ImageObject","inLanguage":"it-IT","@id":"https:\/\/www.pressenza.com\/it\/#\/schema\/logo\/image\/","url":"https:\/\/www.pressenza.com\/wp-content\/uploads\/2022\/10\/pressenza_logo_200x200.jpg","contentUrl":"https:\/\/www.pressenza.com\/wp-content\/uploads\/2022\/10\/pressenza_logo_200x200.jpg","width":200,"height":200,"caption":"Pressenza"},"image":{"@id":"https:\/\/www.pressenza.com\/it\/#\/schema\/logo\/image\/"},"sameAs":["https:\/\/www.facebook.com\/PressenzaItalia","https:\/\/x.com\/PressenzaIPA"]},{"@type":"Person","@id":"https:\/\/www.pressenza.com\/it\/#\/schema\/person\/67dd9334b11345b5e9e171b3a89a22b5","name":"Medecins sans Frontieres","description":"M\u00e9decins Sans Fronti\u00e8res (MSF) is an international, independent, medical humanitarian organisation that delivers emergency aid to people affected by armed conflict, epidemics, natural disasters and exclusion from healthcare. MSF offers assistance to people based on need, irrespective of race, religion, gender or political affiliation. Our actions are guided by medical ethics and the principles of neutrality and impartiality. www.msf.org","sameAs":["https:\/\/www.facebook.com\/msf.italiano\/","https:\/\/x.com\/MSF"],"url":"https:\/\/www.pressenza.com\/it\/author\/medecins-sans-frontieres\/"}]}},"place":"","original_article_url":"","_links":{"self":[{"href":"https:\/\/www.pressenza.com\/it\/wp-json\/wp\/v2\/posts\/694388","targetHints":{"allow":["GET"]}}],"collection":[{"href":"https:\/\/www.pressenza.com\/it\/wp-json\/wp\/v2\/posts"}],"about":[{"href":"https:\/\/www.pressenza.com\/it\/wp-json\/wp\/v2\/types\/post"}],"author":[{"embeddable":true,"href":"https:\/\/www.pressenza.com\/it\/wp-json\/wp\/v2\/users\/1103"}],"replies":[{"embeddable":true,"href":"https:\/\/www.pressenza.com\/it\/wp-json\/wp\/v2\/comments?post=694388"}],"version-history":[{"count":0,"href":"https:\/\/www.pressenza.com\/it\/wp-json\/wp\/v2\/posts\/694388\/revisions"}],"wp:featuredmedia":[{"embeddable":true,"href":"https:\/\/www.pressenza.com\/it\/wp-json\/wp\/v2\/media\/686005"}],"wp:attachment":[{"href":"https:\/\/www.pressenza.com\/it\/wp-json\/wp\/v2\/media?parent=694388"}],"wp:term":[{"taxonomy":"category","embeddable":true,"href":"https:\/\/www.pressenza.com\/it\/wp-json\/wp\/v2\/categories?post=694388"},{"taxonomy":"post_tag","embeddable":true,"href":"https:\/\/www.pressenza.com\/it\/wp-json\/wp\/v2\/tags?post=694388"}],"curies":[{"name":"wp","href":"https:\/\/api.w.org\/{rel}","templated":true}]}}