{"id":693656,"date":"2018-08-14T07:14:33","date_gmt":"2018-08-14T06:14:33","guid":{"rendered":"https:\/\/www.pressenza.com\/?p=693656"},"modified":"2018-08-14T07:14:33","modified_gmt":"2018-08-14T06:14:33","slug":"giulio-regeni-un-anno-fa-la-decisione-di-rimandare-lambasciatore-al-cairo","status":"publish","type":"post","link":"https:\/\/www.pressenza.com\/it\/2018\/08\/giulio-regeni-un-anno-fa-la-decisione-di-rimandare-lambasciatore-al-cairo\/","title":{"rendered":"Giulio Regeni, un anno fa la decisione di rimandare l&#8217;ambasciatore al Cairo"},"content":{"rendered":"<p>Intorno alle 18 del 14 agosto dello scorso anno le agenzie iniziarono a battere la notizia che il governo Gentiloni aveva deciso di rinviare l&#8217;ambasciatore in Egitto.<\/p>\n<p>Una decisione apparentemente improvvisa, comunicata con un preavviso pressoch\u00e9 inesistente alla famiglia Regeni, alla quale in precedenza era stata promessa la massima condivisione di eventuali sviluppi nella posizione del governo italiano sui rapporti con l&#8217;Egitto.<\/p>\n<p>Il ritorno a normali relazioni diplomatiche &#8211; salutato non a torto da media e istituzioni egiziane come un segnale di resa e, dal loro punto di vista, di rinsavimento &#8211; veniva ufficialmente motivato con due affermazioni: una falsa e l&#8217;altra indimostrabile in quel momento (e tuttora indimostrata&#8230;).<\/p>\n<p>La prima: la collaborazione delle autorit\u00e0 giudiziarie del Cairo aveva fatto passi avanti e quindi andava in qualche modo riconosciuta. In realt\u00e0 non c&#8217;era stato alcun passo avanti ed era del tutto ancora valida la ragione &#8211; esattamente, l&#8217;assenza di collaborazione della procura egiziana con quella di Roma &#8211; per cui l&#8217;ambasciatore dell&#8217;epoca era stato richiamato a Roma, nell&#8217;aprile 2016.<\/p>\n<p>La seconda: il ritorno dell&#8217;ambasciatore italiano in Egitto avrebbe sicuramente e ulteriormente favorito quella collaborazione, volta a individuare autori, mandanti e depistatori del sequestro di Giulio Regeni, avvenuto come sappiamo al Cairo il 25 gennaio 2016 e terminato col ritrovamento del corpo del ricercatore italiano, orrendamente torturato, il 3 febbraio.<\/p>\n<p>Avrebbe fatto sfoggio di sincerit\u00e0 Angelino Alfano, Ministro degli Affari Esteri del governo dell&#8217;epoca, a usare la cinica e brutale schiettezza recentemente impiegata in un&#8217;intervista ad al-Jazeera dal Ministro dell&#8217;Interno Salvini: non \u00e8 che possiamo rinunciare ad avere relazioni con l&#8217;Egitto in attesa che arrivi la verit\u00e0 per Giulio Regeni.<\/p>\n<p>Cosa \u00e8 successo nei mesi successivi? Dal punto di vista della collaborazione giudiziaria da parte della procura egiziana poco o nulla: \u00e8 stato messo a disposizione un dossier di centinaia di fogli accatastati e scritti in arabo asseritamente contenenti informazioni sulle indagini compiute dalla magistratura egiziana (va sottolineato che, per recuperarli, \u00e8 dovuta andare al Cairo l&#8217;avvocata della famiglia Regeni).<\/p>\n<p>Poi sono stati consegnati i video delle immagini delle telecamere a circuito chiuso promessi sin dall&#8217;inizio. In quelle immagini avrebbero potuto trovarsi informazioni sugli ultimi minuti di Giulio Regeni prima di finire inghiottito nel vortice repressivo degli apparati di sicurezza del Cairo. Peccato che quelle immagini siano state sovrimpresse non si sa quante volte e che il materiale consegnato risulti incompleto e &#8220;mancante&#8221; proprio nei minuti decisivi.<\/p>\n<p>Nello stesso vortice repressivo, nell&#8217;ultimo anno hanno continuato a finire difensori dei diritti umani, giornalisti, attivisti e oppositori politici. Due nomi su tutti, perch\u00e9 sono collegati a Giulio: Ibrahim Metwally, presidente dell&#8217;Associazione dei genitori degli scomparsi arrestato il 10 settembre, quattro giorni prima dell&#8217;arrivo dell&#8217;ambasciatore italiano, mentre si stava recando alle Nazioni Unite, su invito di queste ultime, per parlare dei desaparecidos egiziani; e Amal Fathy, nota attivista per i diritti umani e moglie di Mohamed Lofty, direttore della Commissione egiziana per i diritti e le libert\u00e0, che sin dall&#8217;inizio ha fornito consulenza\u00a0 legale alla famiglia Regeni.<\/p>\n<p>Il nuovo governo pare mosso da un attivismo che non sappiamo dove porter\u00e0. Gli incontri ad alto livello sono frequenti e si fa in ogni occasione il nome di Giulio Regeni, come se fosse un atto dovuto. Tant&#8217;\u00e8 che \u00e8 accompagnato da preoccupanti espressioni di fiducia (a volte &#8220;fiducia cieca&#8221;) nella volont\u00e0 del presidente al-Sisi di &#8220;risolvere il caso Regeni&#8221;, dal silenzio sul contesto di violazione sistematica dei diritti umani e da dichiarazioni sull&#8217;importanza strategica del partenariato tra Italia ed Egitto.<\/p>\n<p>Il 14 settembre, a un anno dal ritorno effettivo dell&#8217;ambasciatore italiano al Cairo, racconteremo se nei prossimi 30 giorni vi saranno state novit\u00e0.<\/p>\n<p>&nbsp;<\/p>\n","protected":false},"excerpt":{"rendered":"<p>Intorno alle 18 del 14 agosto dello scorso anno le agenzie iniziarono a battere la notizia che il governo Gentiloni aveva deciso di rinviare l&#8217;ambasciatore in Egitto. Una decisione apparentemente improvvisa, comunicata con un preavviso pressoch\u00e9 inesistente alla famiglia Regeni,&hellip;<\/p>\n","protected":false},"author":1334,"featured_media":297582,"comment_status":"closed","ping_status":"closed","sticky":false,"template":"","format":"standard","meta":{"footnotes":""},"categories":[45,11388,60,47,162],"tags":[48902,2827,23843,370,1119],"class_list":["post-693656","post","type-post","status-publish","format-standard","has-post-thumbnail","hentry","category-africa-it","category-contenuti-originali","category-diritti-umani","category-europa","category-opinioni","tag-ambasciatore-al-cairo","tag-egitto","tag-giulio-regeni","tag-italia","tag-repressione"],"yoast_head":"<!-- This site is optimized with the Yoast SEO plugin v27.1.1 - https:\/\/yoast.com\/product\/yoast-seo-wordpress\/ -->\n<title>Giulio Regeni, un anno fa la decisione di rimandare l&#039;ambasciatore al Cairo<\/title>\n<meta name=\"description\" content=\"Intorno alle 18 del 14 agosto dello scorso anno le agenzie iniziarono a battere la notizia che il governo Gentiloni aveva deciso di rinviare\" \/>\n<meta name=\"robots\" content=\"index, follow, max-snippet:-1, max-image-preview:large, max-video-preview:-1\" \/>\n<link rel=\"canonical\" href=\"https:\/\/www.pressenza.com\/it\/2018\/08\/giulio-regeni-un-anno-fa-la-decisione-di-rimandare-lambasciatore-al-cairo\/\" \/>\n<meta property=\"og:locale\" content=\"it_IT\" \/>\n<meta property=\"og:type\" content=\"article\" \/>\n<meta property=\"og:title\" content=\"Giulio Regeni, un anno fa la decisione di rimandare l&#039;ambasciatore al Cairo\" \/>\n<meta property=\"og:description\" content=\"Intorno alle 18 del 14 agosto dello scorso anno le agenzie iniziarono a battere la notizia che il governo Gentiloni aveva deciso di rinviare\" \/>\n<meta property=\"og:url\" content=\"https:\/\/www.pressenza.com\/it\/2018\/08\/giulio-regeni-un-anno-fa-la-decisione-di-rimandare-lambasciatore-al-cairo\/\" \/>\n<meta property=\"og:site_name\" content=\"Pressenza\" \/>\n<meta property=\"article:publisher\" content=\"https:\/\/www.facebook.com\/PressenzaItalia\" \/>\n<meta property=\"article:author\" content=\"https:\/\/www.facebook.com\/p\/Riccardo-Noury-100041166531808\/\" \/>\n<meta property=\"article:published_time\" content=\"2018-08-14T06:14:33+00:00\" \/>\n<meta property=\"og:image\" content=\"https:\/\/www.pressenza.com\/wp-content\/uploads\/2016\/04\/Verit\u00e0-x-Giulio-Regeni-Palazzo-Marino1.jpg\" \/>\n\t<meta property=\"og:image:width\" content=\"1200\" \/>\n\t<meta property=\"og:image:height\" content=\"798\" \/>\n\t<meta property=\"og:image:type\" content=\"image\/jpeg\" \/>\n<meta name=\"author\" content=\"Riccardo Noury\" \/>\n<meta name=\"twitter:card\" content=\"summary_large_image\" \/>\n<meta name=\"twitter:creator\" content=\"@riccardonoury\" \/>\n<meta name=\"twitter:site\" content=\"@PressenzaIPA\" \/>\n<meta name=\"twitter:label1\" content=\"Scritto da\" \/>\n\t<meta name=\"twitter:data1\" content=\"Riccardo Noury\" \/>\n\t<meta name=\"twitter:label2\" content=\"Tempo di lettura stimato\" \/>\n\t<meta name=\"twitter:data2\" content=\"3 minuti\" \/>\n<script type=\"application\/ld+json\" class=\"yoast-schema-graph\">{\"@context\":\"https:\/\/schema.org\",\"@graph\":[{\"@type\":\"Article\",\"@id\":\"https:\/\/www.pressenza.com\/it\/2018\/08\/giulio-regeni-un-anno-fa-la-decisione-di-rimandare-lambasciatore-al-cairo\/#article\",\"isPartOf\":{\"@id\":\"https:\/\/www.pressenza.com\/it\/2018\/08\/giulio-regeni-un-anno-fa-la-decisione-di-rimandare-lambasciatore-al-cairo\/\"},\"author\":{\"name\":\"Riccardo Noury\",\"@id\":\"https:\/\/www.pressenza.com\/it\/#\/schema\/person\/8f342cd59f9d5aae911255240684f81e\"},\"headline\":\"Giulio Regeni, un anno fa la decisione di rimandare l&#8217;ambasciatore al Cairo\",\"datePublished\":\"2018-08-14T06:14:33+00:00\",\"mainEntityOfPage\":{\"@id\":\"https:\/\/www.pressenza.com\/it\/2018\/08\/giulio-regeni-un-anno-fa-la-decisione-di-rimandare-lambasciatore-al-cairo\/\"},\"wordCount\":619,\"publisher\":{\"@id\":\"https:\/\/www.pressenza.com\/it\/#organization\"},\"image\":{\"@id\":\"https:\/\/www.pressenza.com\/it\/2018\/08\/giulio-regeni-un-anno-fa-la-decisione-di-rimandare-lambasciatore-al-cairo\/#primaryimage\"},\"thumbnailUrl\":\"https:\/\/www.pressenza.com\/wp-content\/uploads\/2016\/04\/Verit\u00e0-x-Giulio-Regeni-Palazzo-Marino1.jpg\",\"keywords\":[\"ambasciatore al Cairo\",\"Egitto\",\"Giulio Regeni\",\"Italia\",\"repressione\"],\"articleSection\":[\"Africa\",\"contenuti originali\",\"Diritti Umani\",\"Europa\",\"Opinioni\"],\"inLanguage\":\"it-IT\"},{\"@type\":\"WebPage\",\"@id\":\"https:\/\/www.pressenza.com\/it\/2018\/08\/giulio-regeni-un-anno-fa-la-decisione-di-rimandare-lambasciatore-al-cairo\/\",\"url\":\"https:\/\/www.pressenza.com\/it\/2018\/08\/giulio-regeni-un-anno-fa-la-decisione-di-rimandare-lambasciatore-al-cairo\/\",\"name\":\"Giulio Regeni, un anno fa la decisione di rimandare l'ambasciatore al Cairo\",\"isPartOf\":{\"@id\":\"https:\/\/www.pressenza.com\/it\/#website\"},\"primaryImageOfPage\":{\"@id\":\"https:\/\/www.pressenza.com\/it\/2018\/08\/giulio-regeni-un-anno-fa-la-decisione-di-rimandare-lambasciatore-al-cairo\/#primaryimage\"},\"image\":{\"@id\":\"https:\/\/www.pressenza.com\/it\/2018\/08\/giulio-regeni-un-anno-fa-la-decisione-di-rimandare-lambasciatore-al-cairo\/#primaryimage\"},\"thumbnailUrl\":\"https:\/\/www.pressenza.com\/wp-content\/uploads\/2016\/04\/Verit\u00e0-x-Giulio-Regeni-Palazzo-Marino1.jpg\",\"datePublished\":\"2018-08-14T06:14:33+00:00\",\"description\":\"Intorno alle 18 del 14 agosto dello scorso anno le agenzie iniziarono a battere la notizia che il governo Gentiloni aveva deciso di rinviare\",\"breadcrumb\":{\"@id\":\"https:\/\/www.pressenza.com\/it\/2018\/08\/giulio-regeni-un-anno-fa-la-decisione-di-rimandare-lambasciatore-al-cairo\/#breadcrumb\"},\"inLanguage\":\"it-IT\",\"potentialAction\":[{\"@type\":\"ReadAction\",\"target\":[\"https:\/\/www.pressenza.com\/it\/2018\/08\/giulio-regeni-un-anno-fa-la-decisione-di-rimandare-lambasciatore-al-cairo\/\"]}]},{\"@type\":\"ImageObject\",\"inLanguage\":\"it-IT\",\"@id\":\"https:\/\/www.pressenza.com\/it\/2018\/08\/giulio-regeni-un-anno-fa-la-decisione-di-rimandare-lambasciatore-al-cairo\/#primaryimage\",\"url\":\"https:\/\/www.pressenza.com\/wp-content\/uploads\/2016\/04\/Verit\u00e0-x-Giulio-Regeni-Palazzo-Marino1.jpg\",\"contentUrl\":\"https:\/\/www.pressenza.com\/wp-content\/uploads\/2016\/04\/Verit\u00e0-x-Giulio-Regeni-Palazzo-Marino1.jpg\",\"width\":1200,\"height\":798,\"caption\":\"Giulio Regeni, non \u00e8 una \u201cstoria vecchia\u201d\"},{\"@type\":\"BreadcrumbList\",\"@id\":\"https:\/\/www.pressenza.com\/it\/2018\/08\/giulio-regeni-un-anno-fa-la-decisione-di-rimandare-lambasciatore-al-cairo\/#breadcrumb\",\"itemListElement\":[{\"@type\":\"ListItem\",\"position\":1,\"name\":\"Accueil\",\"item\":\"https:\/\/www.pressenza.com\/it\/\"},{\"@type\":\"ListItem\",\"position\":2,\"name\":\"Giulio Regeni, un anno fa la decisione di rimandare l&#8217;ambasciatore al Cairo\"}]},{\"@type\":\"WebSite\",\"@id\":\"https:\/\/www.pressenza.com\/it\/#website\",\"url\":\"https:\/\/www.pressenza.com\/it\/\",\"name\":\"Pressenza\",\"description\":\"Agenzia di Stampa Internazionale\",\"publisher\":{\"@id\":\"https:\/\/www.pressenza.com\/it\/#organization\"},\"potentialAction\":[{\"@type\":\"SearchAction\",\"target\":{\"@type\":\"EntryPoint\",\"urlTemplate\":\"https:\/\/www.pressenza.com\/it\/?s={search_term_string}\"},\"query-input\":{\"@type\":\"PropertyValueSpecification\",\"valueRequired\":true,\"valueName\":\"search_term_string\"}}],\"inLanguage\":\"it-IT\"},{\"@type\":\"Organization\",\"@id\":\"https:\/\/www.pressenza.com\/it\/#organization\",\"name\":\"Pressenza\",\"url\":\"https:\/\/www.pressenza.com\/it\/\",\"logo\":{\"@type\":\"ImageObject\",\"inLanguage\":\"it-IT\",\"@id\":\"https:\/\/www.pressenza.com\/it\/#\/schema\/logo\/image\/\",\"url\":\"https:\/\/www.pressenza.com\/wp-content\/uploads\/2022\/10\/pressenza_logo_200x200.jpg\",\"contentUrl\":\"https:\/\/www.pressenza.com\/wp-content\/uploads\/2022\/10\/pressenza_logo_200x200.jpg\",\"width\":200,\"height\":200,\"caption\":\"Pressenza\"},\"image\":{\"@id\":\"https:\/\/www.pressenza.com\/it\/#\/schema\/logo\/image\/\"},\"sameAs\":[\"https:\/\/www.facebook.com\/PressenzaItalia\",\"https:\/\/x.com\/PressenzaIPA\"]},{\"@type\":\"Person\",\"@id\":\"https:\/\/www.pressenza.com\/it\/#\/schema\/person\/8f342cd59f9d5aae911255240684f81e\",\"name\":\"Riccardo Noury\",\"sameAs\":[\"http:\/\/www.amnesty.it\/\",\"https:\/\/www.facebook.com\/p\/Riccardo-Noury-100041166531808\/\",\"https:\/\/www.instagram.com\/riccardonoury9241\",\"https:\/\/x.com\/riccardonoury\"],\"url\":\"https:\/\/www.pressenza.com\/it\/author\/riccardo-noury\/\"}]}<\/script>\n<!-- \/ Yoast SEO plugin. -->","yoast_head_json":{"title":"Giulio Regeni, un anno fa la decisione di rimandare l'ambasciatore al Cairo","description":"Intorno alle 18 del 14 agosto dello scorso anno le agenzie iniziarono a battere la notizia che il governo Gentiloni aveva deciso di rinviare","robots":{"index":"index","follow":"follow","max-snippet":"max-snippet:-1","max-image-preview":"max-image-preview:large","max-video-preview":"max-video-preview:-1"},"canonical":"https:\/\/www.pressenza.com\/it\/2018\/08\/giulio-regeni-un-anno-fa-la-decisione-di-rimandare-lambasciatore-al-cairo\/","og_locale":"it_IT","og_type":"article","og_title":"Giulio Regeni, un anno fa la decisione di rimandare l'ambasciatore al Cairo","og_description":"Intorno alle 18 del 14 agosto dello scorso anno le agenzie iniziarono a battere la notizia che il governo Gentiloni aveva deciso di rinviare","og_url":"https:\/\/www.pressenza.com\/it\/2018\/08\/giulio-regeni-un-anno-fa-la-decisione-di-rimandare-lambasciatore-al-cairo\/","og_site_name":"Pressenza","article_publisher":"https:\/\/www.facebook.com\/PressenzaItalia","article_author":"https:\/\/www.facebook.com\/p\/Riccardo-Noury-100041166531808\/","article_published_time":"2018-08-14T06:14:33+00:00","og_image":[{"width":1200,"height":798,"url":"https:\/\/www.pressenza.com\/wp-content\/uploads\/2016\/04\/Verit\u00e0-x-Giulio-Regeni-Palazzo-Marino1.jpg","type":"image\/jpeg"}],"author":"Riccardo Noury","twitter_card":"summary_large_image","twitter_creator":"@riccardonoury","twitter_site":"@PressenzaIPA","twitter_misc":{"Scritto da":"Riccardo Noury","Tempo di lettura stimato":"3 minuti"},"schema":{"@context":"https:\/\/schema.org","@graph":[{"@type":"Article","@id":"https:\/\/www.pressenza.com\/it\/2018\/08\/giulio-regeni-un-anno-fa-la-decisione-di-rimandare-lambasciatore-al-cairo\/#article","isPartOf":{"@id":"https:\/\/www.pressenza.com\/it\/2018\/08\/giulio-regeni-un-anno-fa-la-decisione-di-rimandare-lambasciatore-al-cairo\/"},"author":{"name":"Riccardo Noury","@id":"https:\/\/www.pressenza.com\/it\/#\/schema\/person\/8f342cd59f9d5aae911255240684f81e"},"headline":"Giulio Regeni, un anno fa la decisione di rimandare l&#8217;ambasciatore al Cairo","datePublished":"2018-08-14T06:14:33+00:00","mainEntityOfPage":{"@id":"https:\/\/www.pressenza.com\/it\/2018\/08\/giulio-regeni-un-anno-fa-la-decisione-di-rimandare-lambasciatore-al-cairo\/"},"wordCount":619,"publisher":{"@id":"https:\/\/www.pressenza.com\/it\/#organization"},"image":{"@id":"https:\/\/www.pressenza.com\/it\/2018\/08\/giulio-regeni-un-anno-fa-la-decisione-di-rimandare-lambasciatore-al-cairo\/#primaryimage"},"thumbnailUrl":"https:\/\/www.pressenza.com\/wp-content\/uploads\/2016\/04\/Verit\u00e0-x-Giulio-Regeni-Palazzo-Marino1.jpg","keywords":["ambasciatore al Cairo","Egitto","Giulio Regeni","Italia","repressione"],"articleSection":["Africa","contenuti originali","Diritti Umani","Europa","Opinioni"],"inLanguage":"it-IT"},{"@type":"WebPage","@id":"https:\/\/www.pressenza.com\/it\/2018\/08\/giulio-regeni-un-anno-fa-la-decisione-di-rimandare-lambasciatore-al-cairo\/","url":"https:\/\/www.pressenza.com\/it\/2018\/08\/giulio-regeni-un-anno-fa-la-decisione-di-rimandare-lambasciatore-al-cairo\/","name":"Giulio Regeni, un anno fa la decisione di rimandare l'ambasciatore al Cairo","isPartOf":{"@id":"https:\/\/www.pressenza.com\/it\/#website"},"primaryImageOfPage":{"@id":"https:\/\/www.pressenza.com\/it\/2018\/08\/giulio-regeni-un-anno-fa-la-decisione-di-rimandare-lambasciatore-al-cairo\/#primaryimage"},"image":{"@id":"https:\/\/www.pressenza.com\/it\/2018\/08\/giulio-regeni-un-anno-fa-la-decisione-di-rimandare-lambasciatore-al-cairo\/#primaryimage"},"thumbnailUrl":"https:\/\/www.pressenza.com\/wp-content\/uploads\/2016\/04\/Verit\u00e0-x-Giulio-Regeni-Palazzo-Marino1.jpg","datePublished":"2018-08-14T06:14:33+00:00","description":"Intorno alle 18 del 14 agosto dello scorso anno le agenzie iniziarono a battere la notizia che il governo Gentiloni aveva deciso di rinviare","breadcrumb":{"@id":"https:\/\/www.pressenza.com\/it\/2018\/08\/giulio-regeni-un-anno-fa-la-decisione-di-rimandare-lambasciatore-al-cairo\/#breadcrumb"},"inLanguage":"it-IT","potentialAction":[{"@type":"ReadAction","target":["https:\/\/www.pressenza.com\/it\/2018\/08\/giulio-regeni-un-anno-fa-la-decisione-di-rimandare-lambasciatore-al-cairo\/"]}]},{"@type":"ImageObject","inLanguage":"it-IT","@id":"https:\/\/www.pressenza.com\/it\/2018\/08\/giulio-regeni-un-anno-fa-la-decisione-di-rimandare-lambasciatore-al-cairo\/#primaryimage","url":"https:\/\/www.pressenza.com\/wp-content\/uploads\/2016\/04\/Verit\u00e0-x-Giulio-Regeni-Palazzo-Marino1.jpg","contentUrl":"https:\/\/www.pressenza.com\/wp-content\/uploads\/2016\/04\/Verit\u00e0-x-Giulio-Regeni-Palazzo-Marino1.jpg","width":1200,"height":798,"caption":"Giulio Regeni, non \u00e8 una \u201cstoria vecchia\u201d"},{"@type":"BreadcrumbList","@id":"https:\/\/www.pressenza.com\/it\/2018\/08\/giulio-regeni-un-anno-fa-la-decisione-di-rimandare-lambasciatore-al-cairo\/#breadcrumb","itemListElement":[{"@type":"ListItem","position":1,"name":"Accueil","item":"https:\/\/www.pressenza.com\/it\/"},{"@type":"ListItem","position":2,"name":"Giulio Regeni, un anno fa la decisione di rimandare l&#8217;ambasciatore al Cairo"}]},{"@type":"WebSite","@id":"https:\/\/www.pressenza.com\/it\/#website","url":"https:\/\/www.pressenza.com\/it\/","name":"Pressenza","description":"Agenzia di Stampa Internazionale","publisher":{"@id":"https:\/\/www.pressenza.com\/it\/#organization"},"potentialAction":[{"@type":"SearchAction","target":{"@type":"EntryPoint","urlTemplate":"https:\/\/www.pressenza.com\/it\/?s={search_term_string}"},"query-input":{"@type":"PropertyValueSpecification","valueRequired":true,"valueName":"search_term_string"}}],"inLanguage":"it-IT"},{"@type":"Organization","@id":"https:\/\/www.pressenza.com\/it\/#organization","name":"Pressenza","url":"https:\/\/www.pressenza.com\/it\/","logo":{"@type":"ImageObject","inLanguage":"it-IT","@id":"https:\/\/www.pressenza.com\/it\/#\/schema\/logo\/image\/","url":"https:\/\/www.pressenza.com\/wp-content\/uploads\/2022\/10\/pressenza_logo_200x200.jpg","contentUrl":"https:\/\/www.pressenza.com\/wp-content\/uploads\/2022\/10\/pressenza_logo_200x200.jpg","width":200,"height":200,"caption":"Pressenza"},"image":{"@id":"https:\/\/www.pressenza.com\/it\/#\/schema\/logo\/image\/"},"sameAs":["https:\/\/www.facebook.com\/PressenzaItalia","https:\/\/x.com\/PressenzaIPA"]},{"@type":"Person","@id":"https:\/\/www.pressenza.com\/it\/#\/schema\/person\/8f342cd59f9d5aae911255240684f81e","name":"Riccardo Noury","sameAs":["http:\/\/www.amnesty.it\/","https:\/\/www.facebook.com\/p\/Riccardo-Noury-100041166531808\/","https:\/\/www.instagram.com\/riccardonoury9241","https:\/\/x.com\/riccardonoury"],"url":"https:\/\/www.pressenza.com\/it\/author\/riccardo-noury\/"}]}},"place":"","original_article_url":"","_links":{"self":[{"href":"https:\/\/www.pressenza.com\/it\/wp-json\/wp\/v2\/posts\/693656","targetHints":{"allow":["GET"]}}],"collection":[{"href":"https:\/\/www.pressenza.com\/it\/wp-json\/wp\/v2\/posts"}],"about":[{"href":"https:\/\/www.pressenza.com\/it\/wp-json\/wp\/v2\/types\/post"}],"author":[{"embeddable":true,"href":"https:\/\/www.pressenza.com\/it\/wp-json\/wp\/v2\/users\/1334"}],"replies":[{"embeddable":true,"href":"https:\/\/www.pressenza.com\/it\/wp-json\/wp\/v2\/comments?post=693656"}],"version-history":[{"count":0,"href":"https:\/\/www.pressenza.com\/it\/wp-json\/wp\/v2\/posts\/693656\/revisions"}],"wp:featuredmedia":[{"embeddable":true,"href":"https:\/\/www.pressenza.com\/it\/wp-json\/wp\/v2\/media\/297582"}],"wp:attachment":[{"href":"https:\/\/www.pressenza.com\/it\/wp-json\/wp\/v2\/media?parent=693656"}],"wp:term":[{"taxonomy":"category","embeddable":true,"href":"https:\/\/www.pressenza.com\/it\/wp-json\/wp\/v2\/categories?post=693656"},{"taxonomy":"post_tag","embeddable":true,"href":"https:\/\/www.pressenza.com\/it\/wp-json\/wp\/v2\/tags?post=693656"}],"curies":[{"name":"wp","href":"https:\/\/api.w.org\/{rel}","templated":true}]}}