{"id":693435,"date":"2018-08-13T19:12:34","date_gmt":"2018-08-13T18:12:34","guid":{"rendered":"https:\/\/www.pressenza.com\/?p=693435"},"modified":"2018-08-13T19:15:09","modified_gmt":"2018-08-13T18:15:09","slug":"napoli-palermo-e-sete-aprono-i-loro-porti-allaquarius","status":"publish","type":"post","link":"https:\/\/www.pressenza.com\/it\/2018\/08\/napoli-palermo-e-sete-aprono-i-loro-porti-allaquarius\/","title":{"rendered":"Napoli, Palermo e S\u00e8te aprono i loro porti all\u2019Aquarius"},"content":{"rendered":"<p>Dopo la disponibilit\u00e0 espressa dalla <strong>sindaca di Barcellona Ada Colau<\/strong> e bloccata dal governo spagnolo, altri si fanno avanti per accogliere i migranti a bordo della nave Aquarius.<\/p>\n<p>&#8220;Invito l&#8217;Aquarius ad avvicinarsi al nostro porto perch\u00e9, qualora non li facessero sbarcare, saremmo noi stessi ad andarli a prendere in mezzo al mare, come \u00e8 giusto che sia dinanzi a persone che stanno rischiando di morire perch\u00e9 c&#8217;\u00e8 chi vuole mostrarsi forte coi deboli, solamente per puro calcolo di opportunismo politico&#8221; ha dichiarato il <strong>sindaco di Napoli Luigi de Magistris<\/strong>, riferendosi al rifiuto opposto dal \u00a0Ministro dell&#8217;Interno Matteo Salvini all&#8217;approdo della nave Aquarius in Italia.<\/p>\n<p>&#8220;Mentre in queste ore, fra un selfie in costume su una bella barca &#8216;vacanziera&#8217; il Ministro dell&#8217;Interno mostra i muscoli da &#8216;bullo&#8217; istituzionale, coperto da un governo che denota cinismo istituzionale sulla pelle dei pi\u00f9 deboli, forse senza precedenti nella storia repubblicana e mentre la magistratura ancora cerca i circa 50 milioni che la Lega avrebbe sottratto agli italiani, 141 migranti, tra cui molte donne e molti bambini, da giorni vagano in mezzo al mare perch\u00e9 i porti italiani per decisione del governo sono ancora chiusi&#8221;.<\/p>\n<p>De Magistris ha ribadito con forza &#8220;la nostra disponibilit\u00e0 ad accoglierli. In questa settimana di ferragosto, proprio quando molti governanti sono in vacanza, noi siamo pronti sempre e sar\u00f2 in prima fila ad abbracciarli nel porto di Napoli.&#8221;<\/p>\n<p>\u201cIl governo guidato dalla Lega si conferma sempre pi\u00f9 motivo di vergogna, impegnato a fare la propria politica sulla pelle di donne e bambini\u201d gli ha fatto eco il <strong>sindaco di Palermo Leoluca Orlando<\/strong>. \u201cMentre di fatto si istigano le marinerie a venire meno agli obblighi morali e legali di soccorso in mare, coloro che a questi obblighi non si sottraggono vengono additati e criminalizzati.<\/p>\n<p>Agli amici della nave Aquarius rivolgiamo l&#8217;invito a non fermarsi e confermiamo la disponibilit\u00e0 di Palermo e delle sue strutture ad accogliere coloro che sono a bordo della nave. Palermo e la Sicilia non si sottraggono al proprio dovere e non tradiscono la propria storia.&#8221;<\/p>\n<p>Un invito \u00e8 arrivato anche dalla Francia: il <strong>direttore del porto di S\u00e8te, in Occitania, l\u2019ex ministro socialista Jean-Claude Gayssot<\/strong>, si \u00e8 detto pronto a far attraccare la nave Aquarius, se il governo francese dar\u00e0 la sua approvazione. &#8220;Abbiamo un porto, tre moli sono disponibili e possiamo accogliere questi migranti in qualsiasi momento, ma non possono venire senza l&#8217;approvazione delle autorit\u00e0 francesi.&#8221;<\/p>\n","protected":false},"excerpt":{"rendered":"<p>Dopo la disponibilit\u00e0 espressa dalla sindaca di Barcellona Ada Colau e bloccata dal governo spagnolo, altri si fanno avanti per accogliere i migranti a bordo della nave Aquarius. &#8220;Invito l&#8217;Aquarius ad avvicinarsi al nostro porto perch\u00e9, qualora non li facessero&hellip;<\/p>\n","protected":false},"author":594,"featured_media":693436,"comment_status":"closed","ping_status":"closed","sticky":false,"template":"","format":"standard","meta":{"footnotes":""},"categories":[11388,60,47],"tags":[35634,42065,48888,6417,15423,17490,2636],"class_list":["post-693435","post","type-post","status-publish","format-standard","has-post-thumbnail","hentry","category-contenuti-originali","category-diritti-umani","category-europa","tag-ada-colau-it","tag-aquarius","tag-jean-claude-gayssot","tag-leoluca-orlando","tag-luigi-de-magistris","tag-matteo-salvini","tag-migranti"],"yoast_head":"<!-- This site is optimized with the Yoast SEO plugin v27.1.1 - https:\/\/yoast.com\/product\/yoast-seo-wordpress\/ -->\n<title>Napoli, Palermo e S\u00e8te aprono i loro porti all\u2019Aquarius<\/title>\n<meta name=\"description\" content=\"Dopo la disponibilit\u00e0 espressa dalla sindaca di Barcellona Ada Colau e bloccata dal governo spagnolo, altri si fanno avanti per accogliere i migranti a\" \/>\n<meta name=\"robots\" content=\"index, follow, max-snippet:-1, max-image-preview:large, max-video-preview:-1\" \/>\n<link rel=\"canonical\" href=\"https:\/\/www.pressenza.com\/it\/2018\/08\/napoli-palermo-e-sete-aprono-i-loro-porti-allaquarius\/\" \/>\n<meta property=\"og:locale\" content=\"it_IT\" \/>\n<meta property=\"og:type\" content=\"article\" \/>\n<meta property=\"og:title\" content=\"Napoli, Palermo e S\u00e8te aprono i loro porti all\u2019Aquarius\" \/>\n<meta property=\"og:description\" content=\"Dopo la disponibilit\u00e0 espressa dalla sindaca di Barcellona Ada Colau e bloccata dal governo spagnolo, altri si fanno avanti per accogliere i migranti a\" \/>\n<meta property=\"og:url\" content=\"https:\/\/www.pressenza.com\/it\/2018\/08\/napoli-palermo-e-sete-aprono-i-loro-porti-allaquarius\/\" \/>\n<meta property=\"og:site_name\" content=\"Pressenza\" \/>\n<meta property=\"article:publisher\" content=\"https:\/\/www.facebook.com\/PressenzaItalia\" \/>\n<meta property=\"article:author\" content=\"https:\/\/www.facebook.com\/PressenzaItalia\" \/>\n<meta property=\"article:published_time\" content=\"2018-08-13T18:12:34+00:00\" \/>\n<meta property=\"article:modified_time\" content=\"2018-08-13T18:15:09+00:00\" \/>\n<meta property=\"og:image\" content=\"https:\/\/www.pressenza.com\/wp-content\/uploads\/2018\/08\/Aquarius-SOS-Mediterranee.jpg\" \/>\n\t<meta property=\"og:image:width\" content=\"2048\" \/>\n\t<meta property=\"og:image:height\" content=\"779\" \/>\n\t<meta property=\"og:image:type\" content=\"image\/jpeg\" \/>\n<meta name=\"author\" content=\"Redazione Italia\" \/>\n<meta name=\"twitter:card\" content=\"summary_large_image\" \/>\n<meta name=\"twitter:creator\" content=\"@pressenza_it\" \/>\n<meta name=\"twitter:site\" content=\"@PressenzaIPA\" \/>\n<meta name=\"twitter:label1\" content=\"Scritto da\" \/>\n\t<meta name=\"twitter:data1\" content=\"Redazione Italia\" \/>\n\t<meta name=\"twitter:label2\" content=\"Tempo di lettura stimato\" \/>\n\t<meta name=\"twitter:data2\" content=\"2 minuti\" \/>\n<script type=\"application\/ld+json\" class=\"yoast-schema-graph\">{\"@context\":\"https:\/\/schema.org\",\"@graph\":[{\"@type\":\"Article\",\"@id\":\"https:\/\/www.pressenza.com\/it\/2018\/08\/napoli-palermo-e-sete-aprono-i-loro-porti-allaquarius\/#article\",\"isPartOf\":{\"@id\":\"https:\/\/www.pressenza.com\/it\/2018\/08\/napoli-palermo-e-sete-aprono-i-loro-porti-allaquarius\/\"},\"author\":{\"name\":\"Redazione Italia\",\"@id\":\"https:\/\/www.pressenza.com\/it\/#\/schema\/person\/d983e81827ae24f2c7b1a2123d197f8d\"},\"headline\":\"Napoli, Palermo e S\u00e8te aprono i loro porti all\u2019Aquarius\",\"datePublished\":\"2018-08-13T18:12:34+00:00\",\"dateModified\":\"2018-08-13T18:15:09+00:00\",\"mainEntityOfPage\":{\"@id\":\"https:\/\/www.pressenza.com\/it\/2018\/08\/napoli-palermo-e-sete-aprono-i-loro-porti-allaquarius\/\"},\"wordCount\":414,\"publisher\":{\"@id\":\"https:\/\/www.pressenza.com\/it\/#organization\"},\"image\":{\"@id\":\"https:\/\/www.pressenza.com\/it\/2018\/08\/napoli-palermo-e-sete-aprono-i-loro-porti-allaquarius\/#primaryimage\"},\"thumbnailUrl\":\"https:\/\/www.pressenza.com\/wp-content\/uploads\/2018\/08\/Aquarius-SOS-Mediterranee.jpg\",\"keywords\":[\"Ada Colau\",\"Aquarius\",\"Jean-Claude Gayssot\",\"Leoluca Orlando\",\"Luigi de Magistris\",\"Matteo Salvini\",\"migranti\"],\"articleSection\":[\"contenuti originali\",\"Diritti Umani\",\"Europa\"],\"inLanguage\":\"it-IT\"},{\"@type\":\"WebPage\",\"@id\":\"https:\/\/www.pressenza.com\/it\/2018\/08\/napoli-palermo-e-sete-aprono-i-loro-porti-allaquarius\/\",\"url\":\"https:\/\/www.pressenza.com\/it\/2018\/08\/napoli-palermo-e-sete-aprono-i-loro-porti-allaquarius\/\",\"name\":\"Napoli, Palermo e S\u00e8te aprono i loro porti all\u2019Aquarius\",\"isPartOf\":{\"@id\":\"https:\/\/www.pressenza.com\/it\/#website\"},\"primaryImageOfPage\":{\"@id\":\"https:\/\/www.pressenza.com\/it\/2018\/08\/napoli-palermo-e-sete-aprono-i-loro-porti-allaquarius\/#primaryimage\"},\"image\":{\"@id\":\"https:\/\/www.pressenza.com\/it\/2018\/08\/napoli-palermo-e-sete-aprono-i-loro-porti-allaquarius\/#primaryimage\"},\"thumbnailUrl\":\"https:\/\/www.pressenza.com\/wp-content\/uploads\/2018\/08\/Aquarius-SOS-Mediterranee.jpg\",\"datePublished\":\"2018-08-13T18:12:34+00:00\",\"dateModified\":\"2018-08-13T18:15:09+00:00\",\"description\":\"Dopo la disponibilit\u00e0 espressa dalla sindaca di Barcellona Ada Colau e bloccata dal governo spagnolo, altri si fanno avanti per accogliere i migranti a\",\"breadcrumb\":{\"@id\":\"https:\/\/www.pressenza.com\/it\/2018\/08\/napoli-palermo-e-sete-aprono-i-loro-porti-allaquarius\/#breadcrumb\"},\"inLanguage\":\"it-IT\",\"potentialAction\":[{\"@type\":\"ReadAction\",\"target\":[\"https:\/\/www.pressenza.com\/it\/2018\/08\/napoli-palermo-e-sete-aprono-i-loro-porti-allaquarius\/\"]}]},{\"@type\":\"ImageObject\",\"inLanguage\":\"it-IT\",\"@id\":\"https:\/\/www.pressenza.com\/it\/2018\/08\/napoli-palermo-e-sete-aprono-i-loro-porti-allaquarius\/#primaryimage\",\"url\":\"https:\/\/www.pressenza.com\/wp-content\/uploads\/2018\/08\/Aquarius-SOS-Mediterranee.jpg\",\"contentUrl\":\"https:\/\/www.pressenza.com\/wp-content\/uploads\/2018\/08\/Aquarius-SOS-Mediterranee.jpg\",\"width\":2048,\"height\":779},{\"@type\":\"BreadcrumbList\",\"@id\":\"https:\/\/www.pressenza.com\/it\/2018\/08\/napoli-palermo-e-sete-aprono-i-loro-porti-allaquarius\/#breadcrumb\",\"itemListElement\":[{\"@type\":\"ListItem\",\"position\":1,\"name\":\"Accueil\",\"item\":\"https:\/\/www.pressenza.com\/it\/\"},{\"@type\":\"ListItem\",\"position\":2,\"name\":\"Napoli, Palermo e S\u00e8te aprono i loro porti all\u2019Aquarius\"}]},{\"@type\":\"WebSite\",\"@id\":\"https:\/\/www.pressenza.com\/it\/#website\",\"url\":\"https:\/\/www.pressenza.com\/it\/\",\"name\":\"Pressenza\",\"description\":\"Agenzia di Stampa Internazionale\",\"publisher\":{\"@id\":\"https:\/\/www.pressenza.com\/it\/#organization\"},\"potentialAction\":[{\"@type\":\"SearchAction\",\"target\":{\"@type\":\"EntryPoint\",\"urlTemplate\":\"https:\/\/www.pressenza.com\/it\/?s={search_term_string}\"},\"query-input\":{\"@type\":\"PropertyValueSpecification\",\"valueRequired\":true,\"valueName\":\"search_term_string\"}}],\"inLanguage\":\"it-IT\"},{\"@type\":\"Organization\",\"@id\":\"https:\/\/www.pressenza.com\/it\/#organization\",\"name\":\"Pressenza\",\"url\":\"https:\/\/www.pressenza.com\/it\/\",\"logo\":{\"@type\":\"ImageObject\",\"inLanguage\":\"it-IT\",\"@id\":\"https:\/\/www.pressenza.com\/it\/#\/schema\/logo\/image\/\",\"url\":\"https:\/\/www.pressenza.com\/wp-content\/uploads\/2022\/10\/pressenza_logo_200x200.jpg\",\"contentUrl\":\"https:\/\/www.pressenza.com\/wp-content\/uploads\/2022\/10\/pressenza_logo_200x200.jpg\",\"width\":200,\"height\":200,\"caption\":\"Pressenza\"},\"image\":{\"@id\":\"https:\/\/www.pressenza.com\/it\/#\/schema\/logo\/image\/\"},\"sameAs\":[\"https:\/\/www.facebook.com\/PressenzaItalia\",\"https:\/\/x.com\/PressenzaIPA\"]},{\"@type\":\"Person\",\"@id\":\"https:\/\/www.pressenza.com\/it\/#\/schema\/person\/d983e81827ae24f2c7b1a2123d197f8d\",\"name\":\"Redazione Italia\",\"description\":\"News from the Pressenza Bureau in Italy\",\"sameAs\":[\"https:\/\/www.pressenza.com\/it\/author\/redazione-italia\/\",\"https:\/\/www.facebook.com\/PressenzaItalia\",\"https:\/\/www.instagram.com\/pressenza_italia\/\",\"https:\/\/x.com\/pressenza_it\",\"https:\/\/www.youtube.com\/channel\/UCSalEIWjE1RSxkwjfftFuqg\"],\"url\":\"https:\/\/www.pressenza.com\/it\/author\/redazione-italia\/\"}]}<\/script>\n<!-- \/ Yoast SEO plugin. -->","yoast_head_json":{"title":"Napoli, Palermo e S\u00e8te aprono i loro porti all\u2019Aquarius","description":"Dopo la disponibilit\u00e0 espressa dalla sindaca di Barcellona Ada Colau e bloccata dal governo spagnolo, altri si fanno avanti per accogliere i migranti a","robots":{"index":"index","follow":"follow","max-snippet":"max-snippet:-1","max-image-preview":"max-image-preview:large","max-video-preview":"max-video-preview:-1"},"canonical":"https:\/\/www.pressenza.com\/it\/2018\/08\/napoli-palermo-e-sete-aprono-i-loro-porti-allaquarius\/","og_locale":"it_IT","og_type":"article","og_title":"Napoli, Palermo e S\u00e8te aprono i loro porti all\u2019Aquarius","og_description":"Dopo la disponibilit\u00e0 espressa dalla sindaca di Barcellona Ada Colau e bloccata dal governo spagnolo, altri si fanno avanti per accogliere i migranti a","og_url":"https:\/\/www.pressenza.com\/it\/2018\/08\/napoli-palermo-e-sete-aprono-i-loro-porti-allaquarius\/","og_site_name":"Pressenza","article_publisher":"https:\/\/www.facebook.com\/PressenzaItalia","article_author":"https:\/\/www.facebook.com\/PressenzaItalia","article_published_time":"2018-08-13T18:12:34+00:00","article_modified_time":"2018-08-13T18:15:09+00:00","og_image":[{"width":2048,"height":779,"url":"https:\/\/www.pressenza.com\/wp-content\/uploads\/2018\/08\/Aquarius-SOS-Mediterranee.jpg","type":"image\/jpeg"}],"author":"Redazione Italia","twitter_card":"summary_large_image","twitter_creator":"@pressenza_it","twitter_site":"@PressenzaIPA","twitter_misc":{"Scritto da":"Redazione Italia","Tempo di lettura stimato":"2 minuti"},"schema":{"@context":"https:\/\/schema.org","@graph":[{"@type":"Article","@id":"https:\/\/www.pressenza.com\/it\/2018\/08\/napoli-palermo-e-sete-aprono-i-loro-porti-allaquarius\/#article","isPartOf":{"@id":"https:\/\/www.pressenza.com\/it\/2018\/08\/napoli-palermo-e-sete-aprono-i-loro-porti-allaquarius\/"},"author":{"name":"Redazione Italia","@id":"https:\/\/www.pressenza.com\/it\/#\/schema\/person\/d983e81827ae24f2c7b1a2123d197f8d"},"headline":"Napoli, Palermo e S\u00e8te aprono i loro porti all\u2019Aquarius","datePublished":"2018-08-13T18:12:34+00:00","dateModified":"2018-08-13T18:15:09+00:00","mainEntityOfPage":{"@id":"https:\/\/www.pressenza.com\/it\/2018\/08\/napoli-palermo-e-sete-aprono-i-loro-porti-allaquarius\/"},"wordCount":414,"publisher":{"@id":"https:\/\/www.pressenza.com\/it\/#organization"},"image":{"@id":"https:\/\/www.pressenza.com\/it\/2018\/08\/napoli-palermo-e-sete-aprono-i-loro-porti-allaquarius\/#primaryimage"},"thumbnailUrl":"https:\/\/www.pressenza.com\/wp-content\/uploads\/2018\/08\/Aquarius-SOS-Mediterranee.jpg","keywords":["Ada Colau","Aquarius","Jean-Claude Gayssot","Leoluca Orlando","Luigi de Magistris","Matteo Salvini","migranti"],"articleSection":["contenuti originali","Diritti Umani","Europa"],"inLanguage":"it-IT"},{"@type":"WebPage","@id":"https:\/\/www.pressenza.com\/it\/2018\/08\/napoli-palermo-e-sete-aprono-i-loro-porti-allaquarius\/","url":"https:\/\/www.pressenza.com\/it\/2018\/08\/napoli-palermo-e-sete-aprono-i-loro-porti-allaquarius\/","name":"Napoli, Palermo e S\u00e8te aprono i loro porti all\u2019Aquarius","isPartOf":{"@id":"https:\/\/www.pressenza.com\/it\/#website"},"primaryImageOfPage":{"@id":"https:\/\/www.pressenza.com\/it\/2018\/08\/napoli-palermo-e-sete-aprono-i-loro-porti-allaquarius\/#primaryimage"},"image":{"@id":"https:\/\/www.pressenza.com\/it\/2018\/08\/napoli-palermo-e-sete-aprono-i-loro-porti-allaquarius\/#primaryimage"},"thumbnailUrl":"https:\/\/www.pressenza.com\/wp-content\/uploads\/2018\/08\/Aquarius-SOS-Mediterranee.jpg","datePublished":"2018-08-13T18:12:34+00:00","dateModified":"2018-08-13T18:15:09+00:00","description":"Dopo la disponibilit\u00e0 espressa dalla sindaca di Barcellona Ada Colau e bloccata dal governo spagnolo, altri si fanno avanti per accogliere i migranti a","breadcrumb":{"@id":"https:\/\/www.pressenza.com\/it\/2018\/08\/napoli-palermo-e-sete-aprono-i-loro-porti-allaquarius\/#breadcrumb"},"inLanguage":"it-IT","potentialAction":[{"@type":"ReadAction","target":["https:\/\/www.pressenza.com\/it\/2018\/08\/napoli-palermo-e-sete-aprono-i-loro-porti-allaquarius\/"]}]},{"@type":"ImageObject","inLanguage":"it-IT","@id":"https:\/\/www.pressenza.com\/it\/2018\/08\/napoli-palermo-e-sete-aprono-i-loro-porti-allaquarius\/#primaryimage","url":"https:\/\/www.pressenza.com\/wp-content\/uploads\/2018\/08\/Aquarius-SOS-Mediterranee.jpg","contentUrl":"https:\/\/www.pressenza.com\/wp-content\/uploads\/2018\/08\/Aquarius-SOS-Mediterranee.jpg","width":2048,"height":779},{"@type":"BreadcrumbList","@id":"https:\/\/www.pressenza.com\/it\/2018\/08\/napoli-palermo-e-sete-aprono-i-loro-porti-allaquarius\/#breadcrumb","itemListElement":[{"@type":"ListItem","position":1,"name":"Accueil","item":"https:\/\/www.pressenza.com\/it\/"},{"@type":"ListItem","position":2,"name":"Napoli, Palermo e S\u00e8te aprono i loro porti all\u2019Aquarius"}]},{"@type":"WebSite","@id":"https:\/\/www.pressenza.com\/it\/#website","url":"https:\/\/www.pressenza.com\/it\/","name":"Pressenza","description":"Agenzia di Stampa Internazionale","publisher":{"@id":"https:\/\/www.pressenza.com\/it\/#organization"},"potentialAction":[{"@type":"SearchAction","target":{"@type":"EntryPoint","urlTemplate":"https:\/\/www.pressenza.com\/it\/?s={search_term_string}"},"query-input":{"@type":"PropertyValueSpecification","valueRequired":true,"valueName":"search_term_string"}}],"inLanguage":"it-IT"},{"@type":"Organization","@id":"https:\/\/www.pressenza.com\/it\/#organization","name":"Pressenza","url":"https:\/\/www.pressenza.com\/it\/","logo":{"@type":"ImageObject","inLanguage":"it-IT","@id":"https:\/\/www.pressenza.com\/it\/#\/schema\/logo\/image\/","url":"https:\/\/www.pressenza.com\/wp-content\/uploads\/2022\/10\/pressenza_logo_200x200.jpg","contentUrl":"https:\/\/www.pressenza.com\/wp-content\/uploads\/2022\/10\/pressenza_logo_200x200.jpg","width":200,"height":200,"caption":"Pressenza"},"image":{"@id":"https:\/\/www.pressenza.com\/it\/#\/schema\/logo\/image\/"},"sameAs":["https:\/\/www.facebook.com\/PressenzaItalia","https:\/\/x.com\/PressenzaIPA"]},{"@type":"Person","@id":"https:\/\/www.pressenza.com\/it\/#\/schema\/person\/d983e81827ae24f2c7b1a2123d197f8d","name":"Redazione Italia","description":"News from the Pressenza Bureau in Italy","sameAs":["https:\/\/www.pressenza.com\/it\/author\/redazione-italia\/","https:\/\/www.facebook.com\/PressenzaItalia","https:\/\/www.instagram.com\/pressenza_italia\/","https:\/\/x.com\/pressenza_it","https:\/\/www.youtube.com\/channel\/UCSalEIWjE1RSxkwjfftFuqg"],"url":"https:\/\/www.pressenza.com\/it\/author\/redazione-italia\/"}]}},"place":"","original_article_url":"","_links":{"self":[{"href":"https:\/\/www.pressenza.com\/it\/wp-json\/wp\/v2\/posts\/693435","targetHints":{"allow":["GET"]}}],"collection":[{"href":"https:\/\/www.pressenza.com\/it\/wp-json\/wp\/v2\/posts"}],"about":[{"href":"https:\/\/www.pressenza.com\/it\/wp-json\/wp\/v2\/types\/post"}],"author":[{"embeddable":true,"href":"https:\/\/www.pressenza.com\/it\/wp-json\/wp\/v2\/users\/594"}],"replies":[{"embeddable":true,"href":"https:\/\/www.pressenza.com\/it\/wp-json\/wp\/v2\/comments?post=693435"}],"version-history":[{"count":0,"href":"https:\/\/www.pressenza.com\/it\/wp-json\/wp\/v2\/posts\/693435\/revisions"}],"wp:featuredmedia":[{"embeddable":true,"href":"https:\/\/www.pressenza.com\/it\/wp-json\/wp\/v2\/media\/693436"}],"wp:attachment":[{"href":"https:\/\/www.pressenza.com\/it\/wp-json\/wp\/v2\/media?parent=693435"}],"wp:term":[{"taxonomy":"category","embeddable":true,"href":"https:\/\/www.pressenza.com\/it\/wp-json\/wp\/v2\/categories?post=693435"},{"taxonomy":"post_tag","embeddable":true,"href":"https:\/\/www.pressenza.com\/it\/wp-json\/wp\/v2\/tags?post=693435"}],"curies":[{"name":"wp","href":"https:\/\/api.w.org\/{rel}","templated":true}]}}