{"id":692978,"date":"2018-08-12T16:58:49","date_gmt":"2018-08-12T15:58:49","guid":{"rendered":"https:\/\/www.pressenza.com\/?p=692978"},"modified":"2018-08-12T16:58:49","modified_gmt":"2018-08-12T15:58:49","slug":"aquarius-chiediamo-ai-governi-europei-un-luogo-sicuro-di-sbarco","status":"publish","type":"post","link":"https:\/\/www.pressenza.com\/it\/2018\/08\/aquarius-chiediamo-ai-governi-europei-un-luogo-sicuro-di-sbarco\/","title":{"rendered":"Aquarius, chiediamo ai governi europei un luogo sicuro di sbarco"},"content":{"rendered":"<p>In risposta alla crisi umanitaria in corso nel Mediterraneo Centrale, venerd\u00ec la nave di ricerca e soccorso Aquarius, noleggiata da SOS MEDITERRANEE e gestita in collaborazione con MSF, ha tratto in salvo 141 persone. Chiediamo ai governi europei di assegnare un luogo sicuro pi\u00f9 vicino possibile in conformit\u00e0 con il Diritto Internazionale Marittimo in modo che le persone salvate in mare possano essere sbarcate e l\u2019Aquarius possa continuare a fornire la necessaria assistenza umanitaria.<\/p>\n<p>Venerd\u00ec mattina, 10 agosto, l\u2019Aquarius ha salvato 25 persone trovate alla deriva su una piccola barca di legno senza motore a bordo. Si ritiene che siano rimaste in mare per quasi 35 ore. Pi\u00f9 tardi, nel corso della stessa giornata, l\u2019Aquarius ha avvistato una seconda barca di legno sovraffollata con 116 persone a bordo, compresi 67 minori non accompagnati. Pi\u00f9 del 70% delle persone salvate proviene dalla Somalia e dall\u2019Eritrea.\u00a0<strong>Le condizioni di salute delle persone soccorse sono stabili al momento, ma molti sono estremamente deboli e denutriti.<\/strong>\u00a0Molti riferiscono di essere stati detenuti in condizioni disumane in Libia.<\/p>\n<p>Durante entrambe le operazioni di salvataggio, l\u2019Aquarius ha informato delle operazioni svolte tutte le autorit\u00e0 competenti tra cui i Centri Nazionali di Coordinamento del Soccorso Marittimo (MRCC) di Italia, Malta e Tunisia oltre al Centro di Coordinamento Congiunto di Soccorso (JRCC) libico, il quale ha confermato di essere l\u2019autorit\u00e0 che coordina i salvataggi. Il Centro di Coordinamento Congiunto di Soccorso libico ha informato l\u2019Aquarius che non avrebbe assegnato un luogo sicuro di sbarco e ha ordinato alla nave di di richiederlo a un altro Centro di Coordinamento. Cos\u00ec l\u2019Aquarius si sta ora dirigendo verso nord per richiedere il luogo di sbarco pi\u00f9 vicino a un altro Centro di Coordinamento.<\/p>\n<p>\u201cIn questo momento stiamo seguendo le istruzioni del Coordinamento Congiunto di Soccorso libico e contatteremo gli altri Centri di Coordinamento per un posto sicuro dove sbarcare le persone soccorse che abbiamo a bordo\u201d, ha dichiarato Nick Romaniuk, coordinatore per la ricerca e il soccorso di SOS MEDITERRANEE \u201c<strong>Ci\u00f2 che \u00e8 di massima importanza \u00e8 che i sopravvissuti siano portati senza ritardi in un luogo sicuro dove si possa rispondere ai loro bisogni di base e dove possano essere protetti dagli abusi<\/strong>\u201c.<\/p>\n<p>\u201cI governi europei hanno fatto tutto il possibile per sostenere il Centro di Coordinamento Congiunto di Soccorso libico, tuttavia gli eventi di venerd\u00ec mostrano che non hanno assolutamente la capacit\u00e0 di coordinare un salvataggio. Un soccorso non \u00e8 completo fino a quando non avviene lo sbarco in un luogo sicuro. Il Centro di Coordinamento dei Soccorsi Libico ci ha chiaramente detto che non ce lo avrebbe assegnato. Inoltre non ha informato l\u2019Aquarius delle imbarcazioni in pericolo di cui era a conoscenza, nonostante noi fossimo nelle vicinanze e avessimo offerto la nostra assistenza. Siamo stati fortunati ad aver avvistato noi stessi queste barche in pericolo\u201c ha dichiarato <strong>Aloys Vimard, <\/strong><strong>Coordinatore di MSF a bordo di Aquarius.<\/strong><\/p>\n<p>Negli ultimi inquietanti sviluppi, le persone salvate a bordo hanno dichiarato ai nostri team di aver incrociato cinque diverse navi che non hanno offerto loro alcuna assistenza, prima di essere soccorse dall\u2019Aquarius. \u201cSembra che sia a rischio il principio stesso di fornire assistenza alle persone in pericolo in mare.\u00a0<strong>Le navi potrebbero non essere disposte a rispondere a coloro che sono in difficolt\u00e0 a causa dell\u2019alto rischio di rimanere bloccate e di vedersi negare un luogo sicuro di sbarco<\/strong>. Le politiche che mirano a impedire a tutti i costi alle persone di raggiungere l\u2019Europa si traducono in maggiori sofferenze e anche in viaggi pi\u00f9 rischiosi per persone che sono gi\u00e0 molto vulnerabili \u201c, ha affermato Vimard.<\/p>\n<p>MSF e SOS MEDITERRANEE rimangono estremamente preoccupati per le politiche europee che ostacolano l\u2019assistenza umanitaria e che hanno provocato un numero vertiginoso di morti in mare negli ultimi mesi. Aquarius \u00e8 ora una delle uniche due navi di ricerca e soccorso umanitarie rimaste nel Mediterraneo Centrale.\u00a0<strong>La criminalizzazione e il blocco nei confronti delle organizzazioni umanitarie riflettono il problema pi\u00f9 grande di un sistema di asilo europeo a pezzi<\/strong>\u00a0e il fallimento degli stati membri dell\u2019UE nel ricollocare i richiedenti asilo che arrivano in Europa.<\/p>\n<p>SOS MEDITERRANEE e MSF chiedono nuovamente a tutti i governi europei e alle loro autorit\u00e0 competenti per il soccorso marittimo di riconoscere la gravit\u00e0 della crisi umanitaria nel Mediterraneo e garantire un rapido accesso al luogo di sbarco sicuro pi\u00f9 vicino e di facilitare, piuttosto che impedire, l\u2019assistenza umanitaria salvavita nel Mediterraneo centrale.<\/p>\n<p>&nbsp;<\/p>\n<p>&nbsp;<\/p>\n","protected":false},"excerpt":{"rendered":"<p>In risposta alla crisi umanitaria in corso nel Mediterraneo Centrale, venerd\u00ec la nave di ricerca e soccorso Aquarius, noleggiata da SOS MEDITERRANEE e gestita in collaborazione con MSF, ha tratto in salvo 141 persone. Chiediamo ai governi europei di assegnare&hellip;<\/p>\n","protected":false},"author":1103,"featured_media":655386,"comment_status":"closed","ping_status":"closed","sticky":false,"template":"","format":"standard","meta":{"footnotes":""},"categories":[45,150,60,47],"tags":[42065,1087,7242,2636,25158,3788],"class_list":["post-692978","post","type-post","status-publish","format-standard","has-post-thumbnail","hentry","category-africa-it","category-comunicati-stampa","category-diritti-umani","category-europa","tag-aquarius","tag-libia","tag-medici-senza-frontiere","tag-migranti","tag-sos-mediterranee","tag-unione-europea"],"yoast_head":"<!-- This site is optimized with the Yoast SEO plugin v27.1.1 - https:\/\/yoast.com\/product\/yoast-seo-wordpress\/ -->\n<title>Aquarius, chiediamo ai governi europei un luogo sicuro di sbarco<\/title>\n<meta name=\"description\" content=\"In risposta alla crisi umanitaria in corso nel Mediterraneo Centrale, venerd\u00ec la nave di ricerca e soccorso Aquarius, noleggiata da SOS MEDITERRANEE e\" \/>\n<meta name=\"robots\" content=\"index, follow, max-snippet:-1, max-image-preview:large, max-video-preview:-1\" \/>\n<link rel=\"canonical\" href=\"https:\/\/www.pressenza.com\/it\/2018\/08\/aquarius-chiediamo-ai-governi-europei-un-luogo-sicuro-di-sbarco\/\" \/>\n<meta property=\"og:locale\" content=\"it_IT\" \/>\n<meta property=\"og:type\" content=\"article\" \/>\n<meta property=\"og:title\" content=\"Aquarius, chiediamo ai governi europei un luogo sicuro di sbarco\" \/>\n<meta property=\"og:description\" content=\"In risposta alla crisi umanitaria in corso nel Mediterraneo Centrale, venerd\u00ec la nave di ricerca e soccorso Aquarius, noleggiata da SOS MEDITERRANEE e\" \/>\n<meta property=\"og:url\" content=\"https:\/\/www.pressenza.com\/it\/2018\/08\/aquarius-chiediamo-ai-governi-europei-un-luogo-sicuro-di-sbarco\/\" \/>\n<meta property=\"og:site_name\" content=\"Pressenza\" \/>\n<meta property=\"article:publisher\" content=\"https:\/\/www.facebook.com\/PressenzaItalia\" \/>\n<meta property=\"article:author\" content=\"https:\/\/www.facebook.com\/msf.italiano\/\" \/>\n<meta property=\"article:published_time\" content=\"2018-08-12T15:58:49+00:00\" \/>\n<meta property=\"og:image\" content=\"https:\/\/www.pressenza.com\/wp-content\/uploads\/2018\/06\/SOS-MEDITERRANEE-aquarius-migrants-1.jpg\" \/>\n\t<meta property=\"og:image:width\" content=\"960\" \/>\n\t<meta property=\"og:image:height\" content=\"525\" \/>\n\t<meta property=\"og:image:type\" content=\"image\/jpeg\" \/>\n<meta name=\"author\" content=\"Medecins sans Frontieres\" \/>\n<meta name=\"twitter:card\" content=\"summary_large_image\" \/>\n<meta name=\"twitter:creator\" content=\"@MSF\" \/>\n<meta name=\"twitter:site\" content=\"@PressenzaIPA\" \/>\n<meta name=\"twitter:label1\" content=\"Scritto da\" \/>\n\t<meta name=\"twitter:data1\" content=\"Medecins sans Frontieres\" \/>\n\t<meta name=\"twitter:label2\" content=\"Tempo di lettura stimato\" \/>\n\t<meta name=\"twitter:data2\" content=\"4 minuti\" \/>\n<script type=\"application\/ld+json\" class=\"yoast-schema-graph\">{\"@context\":\"https:\/\/schema.org\",\"@graph\":[{\"@type\":\"Article\",\"@id\":\"https:\/\/www.pressenza.com\/it\/2018\/08\/aquarius-chiediamo-ai-governi-europei-un-luogo-sicuro-di-sbarco\/#article\",\"isPartOf\":{\"@id\":\"https:\/\/www.pressenza.com\/it\/2018\/08\/aquarius-chiediamo-ai-governi-europei-un-luogo-sicuro-di-sbarco\/\"},\"author\":{\"name\":\"Medecins sans Frontieres\",\"@id\":\"https:\/\/www.pressenza.com\/it\/#\/schema\/person\/67dd9334b11345b5e9e171b3a89a22b5\"},\"headline\":\"Aquarius, chiediamo ai governi europei un luogo sicuro di sbarco\",\"datePublished\":\"2018-08-12T15:58:49+00:00\",\"mainEntityOfPage\":{\"@id\":\"https:\/\/www.pressenza.com\/it\/2018\/08\/aquarius-chiediamo-ai-governi-europei-un-luogo-sicuro-di-sbarco\/\"},\"wordCount\":747,\"publisher\":{\"@id\":\"https:\/\/www.pressenza.com\/it\/#organization\"},\"image\":{\"@id\":\"https:\/\/www.pressenza.com\/it\/2018\/08\/aquarius-chiediamo-ai-governi-europei-un-luogo-sicuro-di-sbarco\/#primaryimage\"},\"thumbnailUrl\":\"https:\/\/www.pressenza.com\/wp-content\/uploads\/2018\/06\/SOS-MEDITERRANEE-aquarius-migrants-1.jpg\",\"keywords\":[\"Aquarius\",\"Libia\",\"Medici Senza Frontiere\",\"migranti\",\"SOS Mediterranee\",\"Unione Europea\"],\"articleSection\":[\"Africa\",\"Comunicati Stampa\",\"Diritti Umani\",\"Europa\"],\"inLanguage\":\"it-IT\"},{\"@type\":\"WebPage\",\"@id\":\"https:\/\/www.pressenza.com\/it\/2018\/08\/aquarius-chiediamo-ai-governi-europei-un-luogo-sicuro-di-sbarco\/\",\"url\":\"https:\/\/www.pressenza.com\/it\/2018\/08\/aquarius-chiediamo-ai-governi-europei-un-luogo-sicuro-di-sbarco\/\",\"name\":\"Aquarius, chiediamo ai governi europei un luogo sicuro di sbarco\",\"isPartOf\":{\"@id\":\"https:\/\/www.pressenza.com\/it\/#website\"},\"primaryImageOfPage\":{\"@id\":\"https:\/\/www.pressenza.com\/it\/2018\/08\/aquarius-chiediamo-ai-governi-europei-un-luogo-sicuro-di-sbarco\/#primaryimage\"},\"image\":{\"@id\":\"https:\/\/www.pressenza.com\/it\/2018\/08\/aquarius-chiediamo-ai-governi-europei-un-luogo-sicuro-di-sbarco\/#primaryimage\"},\"thumbnailUrl\":\"https:\/\/www.pressenza.com\/wp-content\/uploads\/2018\/06\/SOS-MEDITERRANEE-aquarius-migrants-1.jpg\",\"datePublished\":\"2018-08-12T15:58:49+00:00\",\"description\":\"In risposta alla crisi umanitaria in corso nel Mediterraneo Centrale, venerd\u00ec la nave di ricerca e soccorso Aquarius, noleggiata da SOS MEDITERRANEE e\",\"breadcrumb\":{\"@id\":\"https:\/\/www.pressenza.com\/it\/2018\/08\/aquarius-chiediamo-ai-governi-europei-un-luogo-sicuro-di-sbarco\/#breadcrumb\"},\"inLanguage\":\"it-IT\",\"potentialAction\":[{\"@type\":\"ReadAction\",\"target\":[\"https:\/\/www.pressenza.com\/it\/2018\/08\/aquarius-chiediamo-ai-governi-europei-un-luogo-sicuro-di-sbarco\/\"]}]},{\"@type\":\"ImageObject\",\"inLanguage\":\"it-IT\",\"@id\":\"https:\/\/www.pressenza.com\/it\/2018\/08\/aquarius-chiediamo-ai-governi-europei-un-luogo-sicuro-di-sbarco\/#primaryimage\",\"url\":\"https:\/\/www.pressenza.com\/wp-content\/uploads\/2018\/06\/SOS-MEDITERRANEE-aquarius-migrants-1.jpg\",\"contentUrl\":\"https:\/\/www.pressenza.com\/wp-content\/uploads\/2018\/06\/SOS-MEDITERRANEE-aquarius-migrants-1.jpg\",\"width\":960,\"height\":525},{\"@type\":\"BreadcrumbList\",\"@id\":\"https:\/\/www.pressenza.com\/it\/2018\/08\/aquarius-chiediamo-ai-governi-europei-un-luogo-sicuro-di-sbarco\/#breadcrumb\",\"itemListElement\":[{\"@type\":\"ListItem\",\"position\":1,\"name\":\"Accueil\",\"item\":\"https:\/\/www.pressenza.com\/it\/\"},{\"@type\":\"ListItem\",\"position\":2,\"name\":\"Aquarius, chiediamo ai governi europei un luogo sicuro di sbarco\"}]},{\"@type\":\"WebSite\",\"@id\":\"https:\/\/www.pressenza.com\/it\/#website\",\"url\":\"https:\/\/www.pressenza.com\/it\/\",\"name\":\"Pressenza\",\"description\":\"Agenzia di Stampa Internazionale\",\"publisher\":{\"@id\":\"https:\/\/www.pressenza.com\/it\/#organization\"},\"potentialAction\":[{\"@type\":\"SearchAction\",\"target\":{\"@type\":\"EntryPoint\",\"urlTemplate\":\"https:\/\/www.pressenza.com\/it\/?s={search_term_string}\"},\"query-input\":{\"@type\":\"PropertyValueSpecification\",\"valueRequired\":true,\"valueName\":\"search_term_string\"}}],\"inLanguage\":\"it-IT\"},{\"@type\":\"Organization\",\"@id\":\"https:\/\/www.pressenza.com\/it\/#organization\",\"name\":\"Pressenza\",\"url\":\"https:\/\/www.pressenza.com\/it\/\",\"logo\":{\"@type\":\"ImageObject\",\"inLanguage\":\"it-IT\",\"@id\":\"https:\/\/www.pressenza.com\/it\/#\/schema\/logo\/image\/\",\"url\":\"https:\/\/www.pressenza.com\/wp-content\/uploads\/2022\/10\/pressenza_logo_200x200.jpg\",\"contentUrl\":\"https:\/\/www.pressenza.com\/wp-content\/uploads\/2022\/10\/pressenza_logo_200x200.jpg\",\"width\":200,\"height\":200,\"caption\":\"Pressenza\"},\"image\":{\"@id\":\"https:\/\/www.pressenza.com\/it\/#\/schema\/logo\/image\/\"},\"sameAs\":[\"https:\/\/www.facebook.com\/PressenzaItalia\",\"https:\/\/x.com\/PressenzaIPA\"]},{\"@type\":\"Person\",\"@id\":\"https:\/\/www.pressenza.com\/it\/#\/schema\/person\/67dd9334b11345b5e9e171b3a89a22b5\",\"name\":\"Medecins sans Frontieres\",\"description\":\"M\u00e9decins Sans Fronti\u00e8res (MSF) is an international, independent, medical humanitarian organisation that delivers emergency aid to people affected by armed conflict, epidemics, natural disasters and exclusion from healthcare. MSF offers assistance to people based on need, irrespective of race, religion, gender or political affiliation. Our actions are guided by medical ethics and the principles of neutrality and impartiality. www.msf.org\",\"sameAs\":[\"https:\/\/www.facebook.com\/msf.italiano\/\",\"https:\/\/x.com\/MSF\"],\"url\":\"https:\/\/www.pressenza.com\/it\/author\/medecins-sans-frontieres\/\"}]}<\/script>\n<!-- \/ Yoast SEO plugin. -->","yoast_head_json":{"title":"Aquarius, chiediamo ai governi europei un luogo sicuro di sbarco","description":"In risposta alla crisi umanitaria in corso nel Mediterraneo Centrale, venerd\u00ec la nave di ricerca e soccorso Aquarius, noleggiata da SOS MEDITERRANEE e","robots":{"index":"index","follow":"follow","max-snippet":"max-snippet:-1","max-image-preview":"max-image-preview:large","max-video-preview":"max-video-preview:-1"},"canonical":"https:\/\/www.pressenza.com\/it\/2018\/08\/aquarius-chiediamo-ai-governi-europei-un-luogo-sicuro-di-sbarco\/","og_locale":"it_IT","og_type":"article","og_title":"Aquarius, chiediamo ai governi europei un luogo sicuro di sbarco","og_description":"In risposta alla crisi umanitaria in corso nel Mediterraneo Centrale, venerd\u00ec la nave di ricerca e soccorso Aquarius, noleggiata da SOS MEDITERRANEE e","og_url":"https:\/\/www.pressenza.com\/it\/2018\/08\/aquarius-chiediamo-ai-governi-europei-un-luogo-sicuro-di-sbarco\/","og_site_name":"Pressenza","article_publisher":"https:\/\/www.facebook.com\/PressenzaItalia","article_author":"https:\/\/www.facebook.com\/msf.italiano\/","article_published_time":"2018-08-12T15:58:49+00:00","og_image":[{"width":960,"height":525,"url":"https:\/\/www.pressenza.com\/wp-content\/uploads\/2018\/06\/SOS-MEDITERRANEE-aquarius-migrants-1.jpg","type":"image\/jpeg"}],"author":"Medecins sans Frontieres","twitter_card":"summary_large_image","twitter_creator":"@MSF","twitter_site":"@PressenzaIPA","twitter_misc":{"Scritto da":"Medecins sans Frontieres","Tempo di lettura stimato":"4 minuti"},"schema":{"@context":"https:\/\/schema.org","@graph":[{"@type":"Article","@id":"https:\/\/www.pressenza.com\/it\/2018\/08\/aquarius-chiediamo-ai-governi-europei-un-luogo-sicuro-di-sbarco\/#article","isPartOf":{"@id":"https:\/\/www.pressenza.com\/it\/2018\/08\/aquarius-chiediamo-ai-governi-europei-un-luogo-sicuro-di-sbarco\/"},"author":{"name":"Medecins sans Frontieres","@id":"https:\/\/www.pressenza.com\/it\/#\/schema\/person\/67dd9334b11345b5e9e171b3a89a22b5"},"headline":"Aquarius, chiediamo ai governi europei un luogo sicuro di sbarco","datePublished":"2018-08-12T15:58:49+00:00","mainEntityOfPage":{"@id":"https:\/\/www.pressenza.com\/it\/2018\/08\/aquarius-chiediamo-ai-governi-europei-un-luogo-sicuro-di-sbarco\/"},"wordCount":747,"publisher":{"@id":"https:\/\/www.pressenza.com\/it\/#organization"},"image":{"@id":"https:\/\/www.pressenza.com\/it\/2018\/08\/aquarius-chiediamo-ai-governi-europei-un-luogo-sicuro-di-sbarco\/#primaryimage"},"thumbnailUrl":"https:\/\/www.pressenza.com\/wp-content\/uploads\/2018\/06\/SOS-MEDITERRANEE-aquarius-migrants-1.jpg","keywords":["Aquarius","Libia","Medici Senza Frontiere","migranti","SOS Mediterranee","Unione Europea"],"articleSection":["Africa","Comunicati Stampa","Diritti Umani","Europa"],"inLanguage":"it-IT"},{"@type":"WebPage","@id":"https:\/\/www.pressenza.com\/it\/2018\/08\/aquarius-chiediamo-ai-governi-europei-un-luogo-sicuro-di-sbarco\/","url":"https:\/\/www.pressenza.com\/it\/2018\/08\/aquarius-chiediamo-ai-governi-europei-un-luogo-sicuro-di-sbarco\/","name":"Aquarius, chiediamo ai governi europei un luogo sicuro di sbarco","isPartOf":{"@id":"https:\/\/www.pressenza.com\/it\/#website"},"primaryImageOfPage":{"@id":"https:\/\/www.pressenza.com\/it\/2018\/08\/aquarius-chiediamo-ai-governi-europei-un-luogo-sicuro-di-sbarco\/#primaryimage"},"image":{"@id":"https:\/\/www.pressenza.com\/it\/2018\/08\/aquarius-chiediamo-ai-governi-europei-un-luogo-sicuro-di-sbarco\/#primaryimage"},"thumbnailUrl":"https:\/\/www.pressenza.com\/wp-content\/uploads\/2018\/06\/SOS-MEDITERRANEE-aquarius-migrants-1.jpg","datePublished":"2018-08-12T15:58:49+00:00","description":"In risposta alla crisi umanitaria in corso nel Mediterraneo Centrale, venerd\u00ec la nave di ricerca e soccorso Aquarius, noleggiata da SOS MEDITERRANEE e","breadcrumb":{"@id":"https:\/\/www.pressenza.com\/it\/2018\/08\/aquarius-chiediamo-ai-governi-europei-un-luogo-sicuro-di-sbarco\/#breadcrumb"},"inLanguage":"it-IT","potentialAction":[{"@type":"ReadAction","target":["https:\/\/www.pressenza.com\/it\/2018\/08\/aquarius-chiediamo-ai-governi-europei-un-luogo-sicuro-di-sbarco\/"]}]},{"@type":"ImageObject","inLanguage":"it-IT","@id":"https:\/\/www.pressenza.com\/it\/2018\/08\/aquarius-chiediamo-ai-governi-europei-un-luogo-sicuro-di-sbarco\/#primaryimage","url":"https:\/\/www.pressenza.com\/wp-content\/uploads\/2018\/06\/SOS-MEDITERRANEE-aquarius-migrants-1.jpg","contentUrl":"https:\/\/www.pressenza.com\/wp-content\/uploads\/2018\/06\/SOS-MEDITERRANEE-aquarius-migrants-1.jpg","width":960,"height":525},{"@type":"BreadcrumbList","@id":"https:\/\/www.pressenza.com\/it\/2018\/08\/aquarius-chiediamo-ai-governi-europei-un-luogo-sicuro-di-sbarco\/#breadcrumb","itemListElement":[{"@type":"ListItem","position":1,"name":"Accueil","item":"https:\/\/www.pressenza.com\/it\/"},{"@type":"ListItem","position":2,"name":"Aquarius, chiediamo ai governi europei un luogo sicuro di sbarco"}]},{"@type":"WebSite","@id":"https:\/\/www.pressenza.com\/it\/#website","url":"https:\/\/www.pressenza.com\/it\/","name":"Pressenza","description":"Agenzia di Stampa Internazionale","publisher":{"@id":"https:\/\/www.pressenza.com\/it\/#organization"},"potentialAction":[{"@type":"SearchAction","target":{"@type":"EntryPoint","urlTemplate":"https:\/\/www.pressenza.com\/it\/?s={search_term_string}"},"query-input":{"@type":"PropertyValueSpecification","valueRequired":true,"valueName":"search_term_string"}}],"inLanguage":"it-IT"},{"@type":"Organization","@id":"https:\/\/www.pressenza.com\/it\/#organization","name":"Pressenza","url":"https:\/\/www.pressenza.com\/it\/","logo":{"@type":"ImageObject","inLanguage":"it-IT","@id":"https:\/\/www.pressenza.com\/it\/#\/schema\/logo\/image\/","url":"https:\/\/www.pressenza.com\/wp-content\/uploads\/2022\/10\/pressenza_logo_200x200.jpg","contentUrl":"https:\/\/www.pressenza.com\/wp-content\/uploads\/2022\/10\/pressenza_logo_200x200.jpg","width":200,"height":200,"caption":"Pressenza"},"image":{"@id":"https:\/\/www.pressenza.com\/it\/#\/schema\/logo\/image\/"},"sameAs":["https:\/\/www.facebook.com\/PressenzaItalia","https:\/\/x.com\/PressenzaIPA"]},{"@type":"Person","@id":"https:\/\/www.pressenza.com\/it\/#\/schema\/person\/67dd9334b11345b5e9e171b3a89a22b5","name":"Medecins sans Frontieres","description":"M\u00e9decins Sans Fronti\u00e8res (MSF) is an international, independent, medical humanitarian organisation that delivers emergency aid to people affected by armed conflict, epidemics, natural disasters and exclusion from healthcare. MSF offers assistance to people based on need, irrespective of race, religion, gender or political affiliation. Our actions are guided by medical ethics and the principles of neutrality and impartiality. www.msf.org","sameAs":["https:\/\/www.facebook.com\/msf.italiano\/","https:\/\/x.com\/MSF"],"url":"https:\/\/www.pressenza.com\/it\/author\/medecins-sans-frontieres\/"}]}},"place":"","original_article_url":"","_links":{"self":[{"href":"https:\/\/www.pressenza.com\/it\/wp-json\/wp\/v2\/posts\/692978","targetHints":{"allow":["GET"]}}],"collection":[{"href":"https:\/\/www.pressenza.com\/it\/wp-json\/wp\/v2\/posts"}],"about":[{"href":"https:\/\/www.pressenza.com\/it\/wp-json\/wp\/v2\/types\/post"}],"author":[{"embeddable":true,"href":"https:\/\/www.pressenza.com\/it\/wp-json\/wp\/v2\/users\/1103"}],"replies":[{"embeddable":true,"href":"https:\/\/www.pressenza.com\/it\/wp-json\/wp\/v2\/comments?post=692978"}],"version-history":[{"count":0,"href":"https:\/\/www.pressenza.com\/it\/wp-json\/wp\/v2\/posts\/692978\/revisions"}],"wp:featuredmedia":[{"embeddable":true,"href":"https:\/\/www.pressenza.com\/it\/wp-json\/wp\/v2\/media\/655386"}],"wp:attachment":[{"href":"https:\/\/www.pressenza.com\/it\/wp-json\/wp\/v2\/media?parent=692978"}],"wp:term":[{"taxonomy":"category","embeddable":true,"href":"https:\/\/www.pressenza.com\/it\/wp-json\/wp\/v2\/categories?post=692978"},{"taxonomy":"post_tag","embeddable":true,"href":"https:\/\/www.pressenza.com\/it\/wp-json\/wp\/v2\/tags?post=692978"}],"curies":[{"name":"wp","href":"https:\/\/api.w.org\/{rel}","templated":true}]}}