{"id":69221,"date":"2013-09-18T15:37:08","date_gmt":"2013-09-18T14:37:08","guid":{"rendered":"http:\/\/www.pressenza.com\/?p=69221"},"modified":"2013-09-18T15:37:23","modified_gmt":"2013-09-18T14:37:23","slug":"i-nazi-partito-altro-lomicidio-atene-parla-anche-noi","status":"publish","type":"post","link":"https:\/\/www.pressenza.com\/it\/2013\/09\/i-nazi-partito-altro-lomicidio-atene-parla-anche-noi\/","title":{"rendered":"I nazi non sono \u201cun partito come un altro\u201d. L\u2019omicidio di Atene parla anche a noi"},"content":{"rendered":"<p align=\"left\">Si chiamava Pavlos Fyssas, aveva 34 anni, faceva il cantante hip hop con il nome Killah P, era un antifascista e militava nell\u2019organizzazione di sinistra Antarsya. Stanotte, in un quartiere periferico di Atene, \u00e8 stato assassinato a coltellate dai neonazisti di Alba Dorata.<\/p>\n<p align=\"left\">Un delitto infame, ma anche un delitto ampiamente annunciato, perch\u00e9 al di l\u00e0 di luogo, circostanza e identit\u00e0 della vittima era purtroppo soltanto questione di tempo perch\u00e9 l\u2019escalation di violenze da parte del partito neonazista greco, Alba Dorata, sfociasse nell\u2019omicidio. Aggressioni a migranti, gay e militanti della sinistra sono ormai all\u2019ordine del giorno e soltanto una settimana fa \u00e8 stata sfiorata la tragedia, allorch\u00e9 un\u00a0<a href=\"http:\/\/atenecalling.org\/perama-alba-dorata-cerca-il-morto\/\" target=\"_blank\">gruppo di militanti del KKE (partito comunista greco) \u00e8 stato aggredito<\/a>\u00a0a freddo e a suon di sprangate.<\/p>\n<p align=\"left\">D\u2019altronde, i neonazisti sono galvanizzati dal consenso che riescono a canalizzare in una Grecia devastata dalle politiche d\u2019austerit\u00e0 della\u00a0<i>Troika<\/i>\u00a0(siedono in Parlamento e i sondaggi li danno al 13% delle intenzioni di voto) e dalle ampie complicit\u00e0 di cui godono all\u2019interno della polizia greca. Insomma, sono un fenomeno in preoccupante crescita, come ci ricorda anche l\u2019ottima inchiesta di Leonardo Bianchi,\u00a0<a href=\"http:\/\/temi.repubblica.it\/micromega-online\/nazisti-sullorlo-del-potere-il-caso-alba-dorata\/\" target=\"_blank\">Nazisti sull\u2019orlo del potere. Il caso Alba Dorata<\/a>, pubblicata pochi giorni fa su MicroMega.<\/p>\n<p align=\"left\">Alba Dorata \u00e8 sicuramente un caso estremo, ma non certamente unico. In tutta Europa i movimenti neofascisti, neonazisti e razzisti trovano oggi nuovi spazi e a volte, appunto, riescono a riempirli, come ad esempio in Ungheria. Ed \u00e8 per questo, anzitutto, che ci deve preoccupare quello che accade in Grecia e altrove, perch\u00e9 anche qui ci sono la crisi e le politiche d\u2019austerit\u00e0 e anche qui ci sono spazi che si aprono per ideologie e gruppi nazifascisti. E il fatto che qui i gruppi militanti neofascisti e neonazisti siano allo stato tutto sommato piccoli e marginali non cambia di una virgola il problema, poich\u00e9 anche Alba Dorata era fino a pochi anni fa soltanto un gruppuscolo insignificante, dalla consistenza organizzativa ed elettorale non dissimile da Forza Nuova.<\/p>\n<p align=\"left\">Ed eccoci a noi, cio\u00e8 al nostro problema. Gi\u00e0, perch\u00e9 anche il pi\u00f9 distratto degli osservatori si \u00e8 ormai accorto che vi \u00e8 una certa inflazione di iniziative, manifestazioni e raduni di ispirazione nazifascista in Lombardia e nell\u2019area metropolitana milanese. Loro vedono e sentono i nuovi spazi che si aprono e quindi si comportano di conseguenza. Ma quello che forse non stupisce, ma sicuramente preoccupa molto, \u00e8 che a sinistra e, in generale, nell\u2019opinione pubblica democratica sembrano essere venuti meno gli anticorpi, a tutto beneficio della banalizzazione e della sottovalutazione.<\/p>\n<p align=\"left\">Non intendo certo aprire qui una riflessione sulle ragioni di questo stato di cose, che sono molteplici e peraltro stranote, dal tempo che passa al vuoto culturale a sinistra, ma voglio piuttosto insistere sulla ormai inderogabile necessit\u00e0 di ricostruire gli anticorpi, cio\u00e8 l\u2019antifascismo.<\/p>\n<p align=\"left\">Ebbene s\u00ec, perch\u00e9 ultimamente succedono delle cose preoccupanti dalle nostre parti e alle consuete sottovalutazioni (\u201cma cosa vuoi che sia?\u201d, \u201cma ignoriamoli\u201d, \u201cil fascismo \u00e8 cosa di altri tempi\u201d ecc. ecc.) si sono aggiunte nuove e pi\u00f9 insidiose varianti, come i nazi sono \u201cun partito come un altro\u201d e quindi, in nome della libert\u00e0 e della democrazia, si\u00a0<a href=\"http:\/\/www.lucianomuhlbauer.it\/blog\/articolo.asp?articolo=1058\" target=\"_blank\">concedono spazi pubblici a iniziative nazifasciste, come \u00e8 avvenuto di recente a Cant\u00f9<\/a>. Cio\u00e8, intendiamoci, un conto \u00e8 che lo facciano esponenti istituzionali provenienti da esperienze neofasciste, ma ben altra cosa \u00e8 che lo facciano anche amministratori pubblici di formazione democratica, come il Sindaco di Cant\u00f9. E non importa un fico secco che il raduno di Forza Nuova a Cant\u00f9 sia stato un mezzo fiasco o che il Sindaco, al di l\u00e0 delle tante chiacchiere, fosse soltanto interessato a un po\u2019 di pubblicit\u00e0 personale (<i>purch\u00e9 se ne parli<\/i>, diceva qualcuno che se ne intendeva). No, importa che un altro argine sta cedendo, proprio quando ci sarebbe bisogno di ricostruire gli argini!<\/p>\n<p align=\"left\">A proposito, siccome l\u2019antifascismo non sembra pi\u00f9 andare di moda, qualcuno ha pensato bene di osare il colpo grosso, come ha denunciato l\u2019Osservatorio democratico sulle nuove destre:\u00a0<a href=\"http:\/\/www.osservatoriodemocratico.org\/page.asp?ID=3387&amp;Class_ID=1004\" target=\"_blank\">un concerto nazirock in pieno centro Milano, al Teatro Manzoni, il 16 dicembre prossimo<\/a>. L\u2019iniziativa \u00e8 sempre del giro Lealt\u00e0 Azione, cio\u00e8 l\u2019organizzazione di copertura milanese dei neonazisti Hammerskin, e i buoni uffici sono dei consiglieri provinciali dei Fratelli d\u2019Italia, Turci e Capotosti. Insomma, come volevasi dimostrare, quando cedono gli argini\u2026<\/p>\n<p align=\"left\">Oggi ad Atene c\u2019\u00e8 dolore e rabbia tra gli antifascisti, nella sinistra, tra i democratici. Noi siamo vicini a loro. Ma non basta, dobbiamo fare la nostra parte qui. E questo significa anzitutto indicare e comprendere il problema, porre fine ai cedimenti culturali e politici, prima che sia troppo tardi, perch\u00e9 i nazisti e i fascisti non sono un \u201cpartito come un altro\u201d.<\/p>\n","protected":false},"excerpt":{"rendered":"<p>Si chiamava Pavlos Fyssas, aveva 34 anni, faceva il cantante hip hop con il nome Killah P, era un antifascista e militava nell\u2019organizzazione di sinistra Antarsya. Stanotte, in un quartiere periferico di Atene, \u00e8 stato assassinato a coltellate dai neonazisti&hellip;<\/p>\n","protected":false},"author":982,"featured_media":69222,"comment_status":"closed","ping_status":"open","sticky":false,"template":"","format":"standard","meta":{"footnotes":""},"categories":[47,162,55],"tags":[1175,6792,1174],"class_list":["post-69221","post","type-post","status-publish","format-standard","has-post-thumbnail","hentry","category-europa","category-opinioni","category-politica","tag-alba-dorata","tag-anti-fascismo","tag-grecia"],"yoast_head":"<!-- This site is optimized with the Yoast SEO plugin v27.1.1 - https:\/\/yoast.com\/product\/yoast-seo-wordpress\/ -->\n<title>I nazi non sono \u201cun partito come un altro\u201d. L\u2019omicidio di Atene parla anche a noi<\/title>\n<meta name=\"description\" content=\"Si chiamava Pavlos Fyssas, aveva 34 anni, faceva il cantante hip hop con il nome Killah P, era un antifascista e militava nell\u2019organizzazione di sinistra\" \/>\n<meta name=\"robots\" content=\"index, follow, max-snippet:-1, max-image-preview:large, max-video-preview:-1\" \/>\n<link rel=\"canonical\" href=\"https:\/\/www.pressenza.com\/it\/2013\/09\/i-nazi-partito-altro-lomicidio-atene-parla-anche-noi\/\" \/>\n<meta property=\"og:locale\" content=\"it_IT\" \/>\n<meta property=\"og:type\" content=\"article\" \/>\n<meta property=\"og:title\" content=\"I nazi non sono \u201cun partito come un altro\u201d. L\u2019omicidio di Atene parla anche a noi\" \/>\n<meta property=\"og:description\" content=\"Si chiamava Pavlos Fyssas, aveva 34 anni, faceva il cantante hip hop con il nome Killah P, era un antifascista e militava nell\u2019organizzazione di sinistra\" \/>\n<meta property=\"og:url\" content=\"https:\/\/www.pressenza.com\/it\/2013\/09\/i-nazi-partito-altro-lomicidio-atene-parla-anche-noi\/\" \/>\n<meta property=\"og:site_name\" content=\"Pressenza\" \/>\n<meta property=\"article:publisher\" content=\"https:\/\/www.facebook.com\/PressenzaItalia\" \/>\n<meta property=\"article:author\" content=\"https:\/\/www.facebook.com\/luciano.muhlbauer\" \/>\n<meta property=\"article:published_time\" content=\"2013-09-18T14:37:08+00:00\" \/>\n<meta property=\"article:modified_time\" content=\"2013-09-18T14:37:23+00:00\" \/>\n<meta property=\"og:image\" content=\"https:\/\/www.pressenza.com\/wp-content\/uploads\/2013\/09\/KILLAH-P.jpg\" \/>\n\t<meta property=\"og:image:width\" content=\"150\" \/>\n\t<meta property=\"og:image:height\" content=\"117\" \/>\n\t<meta property=\"og:image:type\" content=\"image\/jpeg\" \/>\n<meta name=\"author\" content=\"Luciano Muhlbauer\" \/>\n<meta name=\"twitter:card\" content=\"summary_large_image\" \/>\n<meta name=\"twitter:creator\" content=\"@Muhlbauer_\" \/>\n<meta name=\"twitter:site\" content=\"@PressenzaIPA\" \/>\n<meta name=\"twitter:label1\" content=\"Scritto da\" \/>\n\t<meta name=\"twitter:data1\" content=\"Luciano Muhlbauer\" \/>\n\t<meta name=\"twitter:label2\" content=\"Tempo di lettura stimato\" \/>\n\t<meta name=\"twitter:data2\" content=\"4 minuti\" \/>\n<script type=\"application\/ld+json\" class=\"yoast-schema-graph\">{\"@context\":\"https:\/\/schema.org\",\"@graph\":[{\"@type\":\"Article\",\"@id\":\"https:\/\/www.pressenza.com\/it\/2013\/09\/i-nazi-partito-altro-lomicidio-atene-parla-anche-noi\/#article\",\"isPartOf\":{\"@id\":\"https:\/\/www.pressenza.com\/it\/2013\/09\/i-nazi-partito-altro-lomicidio-atene-parla-anche-noi\/\"},\"author\":{\"name\":\"Luciano Muhlbauer\",\"@id\":\"https:\/\/www.pressenza.com\/it\/#\/schema\/person\/39da6bde67055a1b8cddb12c57da5142\"},\"headline\":\"I nazi non sono \u201cun partito come un altro\u201d. L\u2019omicidio di Atene parla anche a noi\",\"datePublished\":\"2013-09-18T14:37:08+00:00\",\"dateModified\":\"2013-09-18T14:37:23+00:00\",\"mainEntityOfPage\":{\"@id\":\"https:\/\/www.pressenza.com\/it\/2013\/09\/i-nazi-partito-altro-lomicidio-atene-parla-anche-noi\/\"},\"wordCount\":790,\"publisher\":{\"@id\":\"https:\/\/www.pressenza.com\/it\/#organization\"},\"image\":{\"@id\":\"https:\/\/www.pressenza.com\/it\/2013\/09\/i-nazi-partito-altro-lomicidio-atene-parla-anche-noi\/#primaryimage\"},\"thumbnailUrl\":\"https:\/\/www.pressenza.com\/wp-content\/uploads\/2013\/09\/KILLAH-P.jpg\",\"keywords\":[\"Alba Dorata\",\"anti-fascismo\",\"Grecia\"],\"articleSection\":[\"Europa\",\"Opinioni\",\"Politica\"],\"inLanguage\":\"it-IT\"},{\"@type\":\"WebPage\",\"@id\":\"https:\/\/www.pressenza.com\/it\/2013\/09\/i-nazi-partito-altro-lomicidio-atene-parla-anche-noi\/\",\"url\":\"https:\/\/www.pressenza.com\/it\/2013\/09\/i-nazi-partito-altro-lomicidio-atene-parla-anche-noi\/\",\"name\":\"I nazi non sono \u201cun partito come un altro\u201d. L\u2019omicidio di Atene parla anche a noi\",\"isPartOf\":{\"@id\":\"https:\/\/www.pressenza.com\/it\/#website\"},\"primaryImageOfPage\":{\"@id\":\"https:\/\/www.pressenza.com\/it\/2013\/09\/i-nazi-partito-altro-lomicidio-atene-parla-anche-noi\/#primaryimage\"},\"image\":{\"@id\":\"https:\/\/www.pressenza.com\/it\/2013\/09\/i-nazi-partito-altro-lomicidio-atene-parla-anche-noi\/#primaryimage\"},\"thumbnailUrl\":\"https:\/\/www.pressenza.com\/wp-content\/uploads\/2013\/09\/KILLAH-P.jpg\",\"datePublished\":\"2013-09-18T14:37:08+00:00\",\"dateModified\":\"2013-09-18T14:37:23+00:00\",\"description\":\"Si chiamava Pavlos Fyssas, aveva 34 anni, faceva il cantante hip hop con il nome Killah P, era un antifascista e militava nell\u2019organizzazione di sinistra\",\"breadcrumb\":{\"@id\":\"https:\/\/www.pressenza.com\/it\/2013\/09\/i-nazi-partito-altro-lomicidio-atene-parla-anche-noi\/#breadcrumb\"},\"inLanguage\":\"it-IT\",\"potentialAction\":[{\"@type\":\"ReadAction\",\"target\":[\"https:\/\/www.pressenza.com\/it\/2013\/09\/i-nazi-partito-altro-lomicidio-atene-parla-anche-noi\/\"]}]},{\"@type\":\"ImageObject\",\"inLanguage\":\"it-IT\",\"@id\":\"https:\/\/www.pressenza.com\/it\/2013\/09\/i-nazi-partito-altro-lomicidio-atene-parla-anche-noi\/#primaryimage\",\"url\":\"https:\/\/www.pressenza.com\/wp-content\/uploads\/2013\/09\/KILLAH-P.jpg\",\"contentUrl\":\"https:\/\/www.pressenza.com\/wp-content\/uploads\/2013\/09\/KILLAH-P.jpg\",\"width\":150,\"height\":117},{\"@type\":\"BreadcrumbList\",\"@id\":\"https:\/\/www.pressenza.com\/it\/2013\/09\/i-nazi-partito-altro-lomicidio-atene-parla-anche-noi\/#breadcrumb\",\"itemListElement\":[{\"@type\":\"ListItem\",\"position\":1,\"name\":\"Accueil\",\"item\":\"https:\/\/www.pressenza.com\/it\/\"},{\"@type\":\"ListItem\",\"position\":2,\"name\":\"I nazi non sono \u201cun partito come un altro\u201d. L\u2019omicidio di Atene parla anche a noi\"}]},{\"@type\":\"WebSite\",\"@id\":\"https:\/\/www.pressenza.com\/it\/#website\",\"url\":\"https:\/\/www.pressenza.com\/it\/\",\"name\":\"Pressenza\",\"description\":\"Agenzia di Stampa Internazionale\",\"publisher\":{\"@id\":\"https:\/\/www.pressenza.com\/it\/#organization\"},\"potentialAction\":[{\"@type\":\"SearchAction\",\"target\":{\"@type\":\"EntryPoint\",\"urlTemplate\":\"https:\/\/www.pressenza.com\/it\/?s={search_term_string}\"},\"query-input\":{\"@type\":\"PropertyValueSpecification\",\"valueRequired\":true,\"valueName\":\"search_term_string\"}}],\"inLanguage\":\"it-IT\"},{\"@type\":\"Organization\",\"@id\":\"https:\/\/www.pressenza.com\/it\/#organization\",\"name\":\"Pressenza\",\"url\":\"https:\/\/www.pressenza.com\/it\/\",\"logo\":{\"@type\":\"ImageObject\",\"inLanguage\":\"it-IT\",\"@id\":\"https:\/\/www.pressenza.com\/it\/#\/schema\/logo\/image\/\",\"url\":\"https:\/\/www.pressenza.com\/wp-content\/uploads\/2022\/10\/pressenza_logo_200x200.jpg\",\"contentUrl\":\"https:\/\/www.pressenza.com\/wp-content\/uploads\/2022\/10\/pressenza_logo_200x200.jpg\",\"width\":200,\"height\":200,\"caption\":\"Pressenza\"},\"image\":{\"@id\":\"https:\/\/www.pressenza.com\/it\/#\/schema\/logo\/image\/\"},\"sameAs\":[\"https:\/\/www.facebook.com\/PressenzaItalia\",\"https:\/\/x.com\/PressenzaIPA\"]},{\"@type\":\"Person\",\"@id\":\"https:\/\/www.pressenza.com\/it\/#\/schema\/person\/39da6bde67055a1b8cddb12c57da5142\",\"name\":\"Luciano Muhlbauer\",\"description\":\"Collabora con le testate di informazione alternativa on line MilanoX e Milano In Movimento, \u00e8 stato tra i portavoce del Genoa Social Forum nel 2001 e uno dei segretari nazionali del sindacato di base SinCobas fino al 2005. Dal 2005 al 2010 \u00e8 stato consigliere regionale in Lombardia. www.lucianomuhlbauer.it\/blog\/\",\"sameAs\":[\"https:\/\/www.facebook.com\/luciano.muhlbauer\",\"https:\/\/x.com\/Muhlbauer_\"],\"url\":\"https:\/\/www.pressenza.com\/it\/author\/luciano-muhlbauer\/\"}]}<\/script>\n<!-- \/ Yoast SEO plugin. -->","yoast_head_json":{"title":"I nazi non sono \u201cun partito come un altro\u201d. L\u2019omicidio di Atene parla anche a noi","description":"Si chiamava Pavlos Fyssas, aveva 34 anni, faceva il cantante hip hop con il nome Killah P, era un antifascista e militava nell\u2019organizzazione di sinistra","robots":{"index":"index","follow":"follow","max-snippet":"max-snippet:-1","max-image-preview":"max-image-preview:large","max-video-preview":"max-video-preview:-1"},"canonical":"https:\/\/www.pressenza.com\/it\/2013\/09\/i-nazi-partito-altro-lomicidio-atene-parla-anche-noi\/","og_locale":"it_IT","og_type":"article","og_title":"I nazi non sono \u201cun partito come un altro\u201d. L\u2019omicidio di Atene parla anche a noi","og_description":"Si chiamava Pavlos Fyssas, aveva 34 anni, faceva il cantante hip hop con il nome Killah P, era un antifascista e militava nell\u2019organizzazione di sinistra","og_url":"https:\/\/www.pressenza.com\/it\/2013\/09\/i-nazi-partito-altro-lomicidio-atene-parla-anche-noi\/","og_site_name":"Pressenza","article_publisher":"https:\/\/www.facebook.com\/PressenzaItalia","article_author":"https:\/\/www.facebook.com\/luciano.muhlbauer","article_published_time":"2013-09-18T14:37:08+00:00","article_modified_time":"2013-09-18T14:37:23+00:00","og_image":[{"width":150,"height":117,"url":"https:\/\/www.pressenza.com\/wp-content\/uploads\/2013\/09\/KILLAH-P.jpg","type":"image\/jpeg"}],"author":"Luciano Muhlbauer","twitter_card":"summary_large_image","twitter_creator":"@Muhlbauer_","twitter_site":"@PressenzaIPA","twitter_misc":{"Scritto da":"Luciano Muhlbauer","Tempo di lettura stimato":"4 minuti"},"schema":{"@context":"https:\/\/schema.org","@graph":[{"@type":"Article","@id":"https:\/\/www.pressenza.com\/it\/2013\/09\/i-nazi-partito-altro-lomicidio-atene-parla-anche-noi\/#article","isPartOf":{"@id":"https:\/\/www.pressenza.com\/it\/2013\/09\/i-nazi-partito-altro-lomicidio-atene-parla-anche-noi\/"},"author":{"name":"Luciano Muhlbauer","@id":"https:\/\/www.pressenza.com\/it\/#\/schema\/person\/39da6bde67055a1b8cddb12c57da5142"},"headline":"I nazi non sono \u201cun partito come un altro\u201d. L\u2019omicidio di Atene parla anche a noi","datePublished":"2013-09-18T14:37:08+00:00","dateModified":"2013-09-18T14:37:23+00:00","mainEntityOfPage":{"@id":"https:\/\/www.pressenza.com\/it\/2013\/09\/i-nazi-partito-altro-lomicidio-atene-parla-anche-noi\/"},"wordCount":790,"publisher":{"@id":"https:\/\/www.pressenza.com\/it\/#organization"},"image":{"@id":"https:\/\/www.pressenza.com\/it\/2013\/09\/i-nazi-partito-altro-lomicidio-atene-parla-anche-noi\/#primaryimage"},"thumbnailUrl":"https:\/\/www.pressenza.com\/wp-content\/uploads\/2013\/09\/KILLAH-P.jpg","keywords":["Alba Dorata","anti-fascismo","Grecia"],"articleSection":["Europa","Opinioni","Politica"],"inLanguage":"it-IT"},{"@type":"WebPage","@id":"https:\/\/www.pressenza.com\/it\/2013\/09\/i-nazi-partito-altro-lomicidio-atene-parla-anche-noi\/","url":"https:\/\/www.pressenza.com\/it\/2013\/09\/i-nazi-partito-altro-lomicidio-atene-parla-anche-noi\/","name":"I nazi non sono \u201cun partito come un altro\u201d. L\u2019omicidio di Atene parla anche a noi","isPartOf":{"@id":"https:\/\/www.pressenza.com\/it\/#website"},"primaryImageOfPage":{"@id":"https:\/\/www.pressenza.com\/it\/2013\/09\/i-nazi-partito-altro-lomicidio-atene-parla-anche-noi\/#primaryimage"},"image":{"@id":"https:\/\/www.pressenza.com\/it\/2013\/09\/i-nazi-partito-altro-lomicidio-atene-parla-anche-noi\/#primaryimage"},"thumbnailUrl":"https:\/\/www.pressenza.com\/wp-content\/uploads\/2013\/09\/KILLAH-P.jpg","datePublished":"2013-09-18T14:37:08+00:00","dateModified":"2013-09-18T14:37:23+00:00","description":"Si chiamava Pavlos Fyssas, aveva 34 anni, faceva il cantante hip hop con il nome Killah P, era un antifascista e militava nell\u2019organizzazione di sinistra","breadcrumb":{"@id":"https:\/\/www.pressenza.com\/it\/2013\/09\/i-nazi-partito-altro-lomicidio-atene-parla-anche-noi\/#breadcrumb"},"inLanguage":"it-IT","potentialAction":[{"@type":"ReadAction","target":["https:\/\/www.pressenza.com\/it\/2013\/09\/i-nazi-partito-altro-lomicidio-atene-parla-anche-noi\/"]}]},{"@type":"ImageObject","inLanguage":"it-IT","@id":"https:\/\/www.pressenza.com\/it\/2013\/09\/i-nazi-partito-altro-lomicidio-atene-parla-anche-noi\/#primaryimage","url":"https:\/\/www.pressenza.com\/wp-content\/uploads\/2013\/09\/KILLAH-P.jpg","contentUrl":"https:\/\/www.pressenza.com\/wp-content\/uploads\/2013\/09\/KILLAH-P.jpg","width":150,"height":117},{"@type":"BreadcrumbList","@id":"https:\/\/www.pressenza.com\/it\/2013\/09\/i-nazi-partito-altro-lomicidio-atene-parla-anche-noi\/#breadcrumb","itemListElement":[{"@type":"ListItem","position":1,"name":"Accueil","item":"https:\/\/www.pressenza.com\/it\/"},{"@type":"ListItem","position":2,"name":"I nazi non sono \u201cun partito come un altro\u201d. L\u2019omicidio di Atene parla anche a noi"}]},{"@type":"WebSite","@id":"https:\/\/www.pressenza.com\/it\/#website","url":"https:\/\/www.pressenza.com\/it\/","name":"Pressenza","description":"Agenzia di Stampa Internazionale","publisher":{"@id":"https:\/\/www.pressenza.com\/it\/#organization"},"potentialAction":[{"@type":"SearchAction","target":{"@type":"EntryPoint","urlTemplate":"https:\/\/www.pressenza.com\/it\/?s={search_term_string}"},"query-input":{"@type":"PropertyValueSpecification","valueRequired":true,"valueName":"search_term_string"}}],"inLanguage":"it-IT"},{"@type":"Organization","@id":"https:\/\/www.pressenza.com\/it\/#organization","name":"Pressenza","url":"https:\/\/www.pressenza.com\/it\/","logo":{"@type":"ImageObject","inLanguage":"it-IT","@id":"https:\/\/www.pressenza.com\/it\/#\/schema\/logo\/image\/","url":"https:\/\/www.pressenza.com\/wp-content\/uploads\/2022\/10\/pressenza_logo_200x200.jpg","contentUrl":"https:\/\/www.pressenza.com\/wp-content\/uploads\/2022\/10\/pressenza_logo_200x200.jpg","width":200,"height":200,"caption":"Pressenza"},"image":{"@id":"https:\/\/www.pressenza.com\/it\/#\/schema\/logo\/image\/"},"sameAs":["https:\/\/www.facebook.com\/PressenzaItalia","https:\/\/x.com\/PressenzaIPA"]},{"@type":"Person","@id":"https:\/\/www.pressenza.com\/it\/#\/schema\/person\/39da6bde67055a1b8cddb12c57da5142","name":"Luciano Muhlbauer","description":"Collabora con le testate di informazione alternativa on line MilanoX e Milano In Movimento, \u00e8 stato tra i portavoce del Genoa Social Forum nel 2001 e uno dei segretari nazionali del sindacato di base SinCobas fino al 2005. Dal 2005 al 2010 \u00e8 stato consigliere regionale in Lombardia. www.lucianomuhlbauer.it\/blog\/","sameAs":["https:\/\/www.facebook.com\/luciano.muhlbauer","https:\/\/x.com\/Muhlbauer_"],"url":"https:\/\/www.pressenza.com\/it\/author\/luciano-muhlbauer\/"}]}},"place":"Milano","original_article_url":"","_links":{"self":[{"href":"https:\/\/www.pressenza.com\/it\/wp-json\/wp\/v2\/posts\/69221","targetHints":{"allow":["GET"]}}],"collection":[{"href":"https:\/\/www.pressenza.com\/it\/wp-json\/wp\/v2\/posts"}],"about":[{"href":"https:\/\/www.pressenza.com\/it\/wp-json\/wp\/v2\/types\/post"}],"author":[{"embeddable":true,"href":"https:\/\/www.pressenza.com\/it\/wp-json\/wp\/v2\/users\/982"}],"replies":[{"embeddable":true,"href":"https:\/\/www.pressenza.com\/it\/wp-json\/wp\/v2\/comments?post=69221"}],"version-history":[{"count":0,"href":"https:\/\/www.pressenza.com\/it\/wp-json\/wp\/v2\/posts\/69221\/revisions"}],"wp:featuredmedia":[{"embeddable":true,"href":"https:\/\/www.pressenza.com\/it\/wp-json\/wp\/v2\/media\/69222"}],"wp:attachment":[{"href":"https:\/\/www.pressenza.com\/it\/wp-json\/wp\/v2\/media?parent=69221"}],"wp:term":[{"taxonomy":"category","embeddable":true,"href":"https:\/\/www.pressenza.com\/it\/wp-json\/wp\/v2\/categories?post=69221"},{"taxonomy":"post_tag","embeddable":true,"href":"https:\/\/www.pressenza.com\/it\/wp-json\/wp\/v2\/tags?post=69221"}],"curies":[{"name":"wp","href":"https:\/\/api.w.org\/{rel}","templated":true}]}}