{"id":69153,"date":"2013-09-17T22:30:26","date_gmt":"2013-09-17T21:30:26","guid":{"rendered":"http:\/\/www.pressenza.com\/?p=69153"},"modified":"2013-09-17T22:31:25","modified_gmt":"2013-09-17T21:31:25","slug":"si-se-puede-esperienze-alternative-al-tempo-della-crisi","status":"publish","type":"post","link":"https:\/\/www.pressenza.com\/it\/2013\/09\/si-se-puede-esperienze-alternative-al-tempo-della-crisi\/","title":{"rendered":"S\u00ed se puede: esperienze alternative al tempo della crisi"},"content":{"rendered":"<p><i>Yes we can<\/i> \u00e8 il famoso slogan simbolo della campagna elettorale che ha portato per la prima volta Barack Obama alla presidenza degli Stati Uniti d&#8217;America. Meno conosciuto \u00e8 lo stesso slogan in lingua spagnola, <i>S\u00ed se puede.<\/i> Questo per\u00f2 non \u00e8 riferito alla campagna elettorale di un candidato alla presidenza di un paese, \u00e8 piuttosto un mantra, uno slogan capace di dare coraggio e fiducia a tanti cittadini spagnoli che in questi ultimi anni hanno dovuto accettare pesantissimi cambiamenti della loro vita, che i governi di turno hanno giustificato con un&#8217;unica parola: crisi. Crisi che ha colpito \u2013 e sembra non voler abbandonare &#8211; sopratutto i paesi del Sud Europa, quasi fosse una calamit\u00e0 naturale. A vedere da vicino alcune realt\u00e0 andaluse allo slogan non ha fatto seguito una grande vittoria di un solo uomo, ma delle piccole vittorie di molti.\u00a0 Esperienze diverse che danno un po&#8217; di speranza in questo periodo nel quale l&#8217;unica risposta alla crisi sembra essere l&#8217;austerity.<\/p>\n<p>Uno di questi esempi \u00e8 quello di Marinaleda &#8211; un comune andaluso di 2.800 anime a un centinaio di chilometri da Siviglia \u2013 che si fa conoscere ai pi\u00f9 per uno storico sciopero della fame nell&#8217;agosto del 1980 e successivamente per le occupazioni di terre incolte. Qui quasi tutti lavorano e quasi tutti hanno una casa, anche se il sindaco Manuel Sanchez Gordillo in carica da pi\u00f9 di 30 anni, viene criticato da alcuni cittadini per questa sua lunga e ininterrotta esperienza alla guida del paese.\u00a0 Una delle critiche pi\u00f9 frequenti \u00e8 quella di sfruttare gli aiuti del governo centrale,\u00a0 anche se in realt\u00e0 si tratta degli stessi aiuti che ricevono anche gli altri pueblos della zona; la differenza sta nel come vengono amministrati. Nei paesi pi\u00f9 vicini in effetti la situazione \u00e8 molto diversa, ad Estepa per esempio buona parte della popolazione lavora nelle fabbriche dolciarie, mentre a El Rubio la gente ha preferito emigrare piuttosto che lottare. Trovare voci critiche tra gli abitanti \u00e8 praticamente impossibile; gli attacchi arrivano per lo pi\u00f9 da fuori, dai\u00a0 grandi partiti che puntualmente provano a presentare dei candidati sindaco a ogni tornata elettorale e che finora si sono dovuti accontentare di pochi consiglieri.<\/p>\n<p>Marinaleda per\u00f2 \u00e8 solo una delle esperienze alternative in Andalusia. In realt\u00e0 altre occupazioni di terre si sono succedute, sopratutto nell&#8217;ultimo anno. Senza dubbio il modello \u00e8 stato di ispirazione, tutte le esperienze di occupazione di terre ne hanno uno pi\u00f9 che mai attuale che era di Emiliano Zapata <i>\u201cla terra a chi la lavora\u201d.<\/i> Occupare \u00e8 diventato un modo per rispondere a una situazione di disagio per la mancanza di risposte politiche; molti spagnoli si sono resi conto che manifestare non \u00e8 pi\u00f9 sufficiente, non serve e non porta a soluzioni concrete.<\/p>\n<p>I disoccupati chiedono terra da coltivare in una zona d&#8217;Europa dove la riforma agraria risale al 1932: per questo ancora oggi il 2% dei proprietari terrieri possiede il 50% delle terre andaluse. Alla base delle occupazioni, che certamente nascono per uno stato di necessit\u00e0 estrema, sono legati anche discorsi pi\u00f9 ampi come la sovranit\u00e0 alimentare, il km 0 e pi\u00f9 in generale un ritorno all&#8217;attenzione per quello che si consuma e gli effetti che si hanno nel produrre. \u00c8 anche in quest&#8217;ottica pi\u00f9 ampia che <i>la terra a chi la lavora <\/i>in Andalusia inizia ad essere realt\u00e0.<\/p>\n<p><b><i>\u00a0<\/i><\/b>E l&#8217;occupazione non riguarda solo le terre, ma anche gli edifici. In Spagna all\u2019inizio del 2013 si superano i sei milioni di disoccupati e una delle conseguenze pi\u00f9 drammatiche alla perdita del lavoro \u00e8 la perdita della casa. Nel 2012 si contava uno sfratto ogni cinque minuti. L&#8217;indignazione ha fatto da propulsore e grazie anche al sostegno dei movimenti sociali nati negli ultimi anni \u2013 in particolare il 15M (pi\u00f9 noti come Indignados) e la PAH (Plataforma Afectados po la Hipoteca) &#8211; molte persone hanno preso coscienza\u00a0 che le ragioni sono da ricercare in un sistema sbagliato e nelle politiche che favoriscono ancora una volta i grandi capitali, le speculazioni edilizie a discapito delle persone. Come reazione a questa situazione paradossale all\u2019inizio del 2012 nella capitale andalusa cominciano le occupazioni di edifici vuoti, quelli che tornano in possesso di banche e grandi societ\u00e0 immobiliari, perch\u00e9 sgomberati con sfratti esecutivi. Le occupazioni non sono clandestine, ma pubbliche e mettono in discussione le leggi sulla propriet\u00e0 privata, contrapponendola alla funzione sociale dell&#8217;abitazione, ma sopratutto chiedono una revisione delle leggi sugli sfratti. Le <i>Corralas<\/i> &#8211; cos\u00ec si chiamano &#8211; vengono scelte con cura e le famiglie iniziano a viverci chiedendo di poter pagare un canone di affitto sociale.<\/p>\n<p><b>\u00a0<\/b>Anche il mondo accademico si \u00e8 impegnato per dare soluzioni percorribili da un punto di vista legale. Un gruppo di studenti della facolt\u00e0 di legge di Cordoba\u00a0 &#8211; guidati dal loro professore &#8211; ha elaborato una serie di proposte e le ha presentate personalmente ad alcuni gruppi parlamentari al Congresso di Madrid. \u00a0Se in un periodo cos\u00ec complicato da un lato siamo di fronte all&#8217;immobilismo delle istituzioni, dall&#8217;altro le esperienza spagnole dimostrano che esistono alternative.<\/p>\n","protected":false},"excerpt":{"rendered":"<p>Yes we can \u00e8 il famoso slogan simbolo della campagna elettorale che ha portato per la prima volta Barack Obama alla presidenza degli Stati Uniti d&#8217;America. Meno conosciuto \u00e8 lo stesso slogan in lingua spagnola, S\u00ed se puede. Questo per\u00f2&hellip;<\/p>\n","protected":false},"author":1037,"featured_media":69154,"comment_status":"closed","ping_status":"open","sticky":false,"template":"","format":"standard","meta":{"footnotes":""},"categories":[60,47,162],"tags":[1661,6780,1602],"class_list":["post-69153","post","type-post","status-publish","format-standard","has-post-thumbnail","hentry","category-diritti-umani","category-europa","category-opinioni","tag-crisi","tag-occupazioni","tag-spagna"],"yoast_head":"<!-- This site is optimized with the Yoast SEO plugin v27.1.1 - https:\/\/yoast.com\/product\/yoast-seo-wordpress\/ -->\n<title>S\u00ed se puede: esperienze alternative al tempo della crisi<\/title>\n<meta name=\"description\" content=\"Yes we can \u00e8 il famoso slogan simbolo della campagna elettorale che ha portato per la prima volta Barack Obama alla presidenza degli Stati Uniti\" \/>\n<meta name=\"robots\" content=\"index, follow, max-snippet:-1, max-image-preview:large, max-video-preview:-1\" \/>\n<link rel=\"canonical\" href=\"https:\/\/www.pressenza.com\/it\/2013\/09\/si-se-puede-esperienze-alternative-al-tempo-della-crisi\/\" \/>\n<meta property=\"og:locale\" content=\"it_IT\" \/>\n<meta property=\"og:type\" content=\"article\" \/>\n<meta property=\"og:title\" content=\"S\u00ed se puede: esperienze alternative al tempo della crisi\" \/>\n<meta property=\"og:description\" content=\"Yes we can \u00e8 il famoso slogan simbolo della campagna elettorale che ha portato per la prima volta Barack Obama alla presidenza degli Stati Uniti\" \/>\n<meta property=\"og:url\" content=\"https:\/\/www.pressenza.com\/it\/2013\/09\/si-se-puede-esperienze-alternative-al-tempo-della-crisi\/\" \/>\n<meta property=\"og:site_name\" content=\"Pressenza\" \/>\n<meta property=\"article:publisher\" content=\"https:\/\/www.facebook.com\/PressenzaItalia\" \/>\n<meta property=\"article:published_time\" content=\"2013-09-17T21:30:26+00:00\" \/>\n<meta property=\"article:modified_time\" content=\"2013-09-17T21:31:25+00:00\" \/>\n<meta property=\"og:image\" content=\"https:\/\/www.pressenza.com\/wp-content\/uploads\/2013\/09\/s\u00ec-se-puede-Corona1.jpg\" \/>\n\t<meta property=\"og:image:width\" content=\"150\" \/>\n\t<meta property=\"og:image:height\" content=\"199\" \/>\n\t<meta property=\"og:image:type\" content=\"image\/jpeg\" \/>\n<meta name=\"author\" content=\"Elvira Corona\" \/>\n<meta name=\"twitter:card\" content=\"summary_large_image\" \/>\n<meta name=\"twitter:creator\" content=\"@PressenzaIPA\" \/>\n<meta name=\"twitter:site\" content=\"@PressenzaIPA\" \/>\n<meta name=\"twitter:label1\" content=\"Scritto da\" \/>\n\t<meta name=\"twitter:data1\" content=\"Elvira Corona\" \/>\n\t<meta name=\"twitter:label2\" content=\"Tempo di lettura stimato\" \/>\n\t<meta name=\"twitter:data2\" content=\"4 minuti\" \/>\n<script type=\"application\/ld+json\" class=\"yoast-schema-graph\">{\"@context\":\"https:\/\/schema.org\",\"@graph\":[{\"@type\":\"Article\",\"@id\":\"https:\/\/www.pressenza.com\/it\/2013\/09\/si-se-puede-esperienze-alternative-al-tempo-della-crisi\/#article\",\"isPartOf\":{\"@id\":\"https:\/\/www.pressenza.com\/it\/2013\/09\/si-se-puede-esperienze-alternative-al-tempo-della-crisi\/\"},\"author\":{\"name\":\"Elvira Corona\",\"@id\":\"https:\/\/www.pressenza.com\/it\/#\/schema\/person\/48cdce09febb20492d2326906d704a03\"},\"headline\":\"S\u00ed se puede: esperienze alternative al tempo della crisi\",\"datePublished\":\"2013-09-17T21:30:26+00:00\",\"dateModified\":\"2013-09-17T21:31:25+00:00\",\"mainEntityOfPage\":{\"@id\":\"https:\/\/www.pressenza.com\/it\/2013\/09\/si-se-puede-esperienze-alternative-al-tempo-della-crisi\/\"},\"wordCount\":830,\"publisher\":{\"@id\":\"https:\/\/www.pressenza.com\/it\/#organization\"},\"image\":{\"@id\":\"https:\/\/www.pressenza.com\/it\/2013\/09\/si-se-puede-esperienze-alternative-al-tempo-della-crisi\/#primaryimage\"},\"thumbnailUrl\":\"https:\/\/www.pressenza.com\/wp-content\/uploads\/2013\/09\/s\u00ec-se-puede-Corona1.jpg\",\"keywords\":[\"crisi\",\"occupazioni\",\"Spagna\"],\"articleSection\":[\"Diritti Umani\",\"Europa\",\"Opinioni\"],\"inLanguage\":\"it-IT\"},{\"@type\":\"WebPage\",\"@id\":\"https:\/\/www.pressenza.com\/it\/2013\/09\/si-se-puede-esperienze-alternative-al-tempo-della-crisi\/\",\"url\":\"https:\/\/www.pressenza.com\/it\/2013\/09\/si-se-puede-esperienze-alternative-al-tempo-della-crisi\/\",\"name\":\"S\u00ed se puede: esperienze alternative al tempo della crisi\",\"isPartOf\":{\"@id\":\"https:\/\/www.pressenza.com\/it\/#website\"},\"primaryImageOfPage\":{\"@id\":\"https:\/\/www.pressenza.com\/it\/2013\/09\/si-se-puede-esperienze-alternative-al-tempo-della-crisi\/#primaryimage\"},\"image\":{\"@id\":\"https:\/\/www.pressenza.com\/it\/2013\/09\/si-se-puede-esperienze-alternative-al-tempo-della-crisi\/#primaryimage\"},\"thumbnailUrl\":\"https:\/\/www.pressenza.com\/wp-content\/uploads\/2013\/09\/s\u00ec-se-puede-Corona1.jpg\",\"datePublished\":\"2013-09-17T21:30:26+00:00\",\"dateModified\":\"2013-09-17T21:31:25+00:00\",\"description\":\"Yes we can \u00e8 il famoso slogan simbolo della campagna elettorale che ha portato per la prima volta Barack Obama alla presidenza degli Stati Uniti\",\"breadcrumb\":{\"@id\":\"https:\/\/www.pressenza.com\/it\/2013\/09\/si-se-puede-esperienze-alternative-al-tempo-della-crisi\/#breadcrumb\"},\"inLanguage\":\"it-IT\",\"potentialAction\":[{\"@type\":\"ReadAction\",\"target\":[\"https:\/\/www.pressenza.com\/it\/2013\/09\/si-se-puede-esperienze-alternative-al-tempo-della-crisi\/\"]}]},{\"@type\":\"ImageObject\",\"inLanguage\":\"it-IT\",\"@id\":\"https:\/\/www.pressenza.com\/it\/2013\/09\/si-se-puede-esperienze-alternative-al-tempo-della-crisi\/#primaryimage\",\"url\":\"https:\/\/www.pressenza.com\/wp-content\/uploads\/2013\/09\/s\u00ec-se-puede-Corona1.jpg\",\"contentUrl\":\"https:\/\/www.pressenza.com\/wp-content\/uploads\/2013\/09\/s\u00ec-se-puede-Corona1.jpg\",\"width\":150,\"height\":199},{\"@type\":\"BreadcrumbList\",\"@id\":\"https:\/\/www.pressenza.com\/it\/2013\/09\/si-se-puede-esperienze-alternative-al-tempo-della-crisi\/#breadcrumb\",\"itemListElement\":[{\"@type\":\"ListItem\",\"position\":1,\"name\":\"Accueil\",\"item\":\"https:\/\/www.pressenza.com\/it\/\"},{\"@type\":\"ListItem\",\"position\":2,\"name\":\"S\u00ed se puede: esperienze alternative al tempo della crisi\"}]},{\"@type\":\"WebSite\",\"@id\":\"https:\/\/www.pressenza.com\/it\/#website\",\"url\":\"https:\/\/www.pressenza.com\/it\/\",\"name\":\"Pressenza\",\"description\":\"Agenzia di Stampa Internazionale\",\"publisher\":{\"@id\":\"https:\/\/www.pressenza.com\/it\/#organization\"},\"potentialAction\":[{\"@type\":\"SearchAction\",\"target\":{\"@type\":\"EntryPoint\",\"urlTemplate\":\"https:\/\/www.pressenza.com\/it\/?s={search_term_string}\"},\"query-input\":{\"@type\":\"PropertyValueSpecification\",\"valueRequired\":true,\"valueName\":\"search_term_string\"}}],\"inLanguage\":\"it-IT\"},{\"@type\":\"Organization\",\"@id\":\"https:\/\/www.pressenza.com\/it\/#organization\",\"name\":\"Pressenza\",\"url\":\"https:\/\/www.pressenza.com\/it\/\",\"logo\":{\"@type\":\"ImageObject\",\"inLanguage\":\"it-IT\",\"@id\":\"https:\/\/www.pressenza.com\/it\/#\/schema\/logo\/image\/\",\"url\":\"https:\/\/www.pressenza.com\/wp-content\/uploads\/2022\/10\/pressenza_logo_200x200.jpg\",\"contentUrl\":\"https:\/\/www.pressenza.com\/wp-content\/uploads\/2022\/10\/pressenza_logo_200x200.jpg\",\"width\":200,\"height\":200,\"caption\":\"Pressenza\"},\"image\":{\"@id\":\"https:\/\/www.pressenza.com\/it\/#\/schema\/logo\/image\/\"},\"sameAs\":[\"https:\/\/www.facebook.com\/PressenzaItalia\",\"https:\/\/x.com\/PressenzaIPA\"]},{\"@type\":\"Person\",\"@id\":\"https:\/\/www.pressenza.com\/it\/#\/schema\/person\/48cdce09febb20492d2326906d704a03\",\"name\":\"Elvira Corona\",\"description\":\"Elvira Corona \u00e8 nata a Cagliari, dove si \u00e8 laureata in Scienze politiche prima di conseguire il master in Economia non-profit e Cooperazione allo sviluppo a Ferrara. Giornalista freelance, i suoi pezzi sono pubblicati su testate online italiane e latinoamericane. Autrice di 'Lavorare senza padroni - viaggio nelle imprese recuperadas d'Argentina', Emi edizioni 2011 e di 'S\u00ec, se puede! Viaggio nell\u2019Andalusia della speranza oltre la crisi', in versione e-book.\",\"url\":\"https:\/\/www.pressenza.com\/it\/author\/elvira-corona\/\"}]}<\/script>\n<!-- \/ Yoast SEO plugin. -->","yoast_head_json":{"title":"S\u00ed se puede: esperienze alternative al tempo della crisi","description":"Yes we can \u00e8 il famoso slogan simbolo della campagna elettorale che ha portato per la prima volta Barack Obama alla presidenza degli Stati Uniti","robots":{"index":"index","follow":"follow","max-snippet":"max-snippet:-1","max-image-preview":"max-image-preview:large","max-video-preview":"max-video-preview:-1"},"canonical":"https:\/\/www.pressenza.com\/it\/2013\/09\/si-se-puede-esperienze-alternative-al-tempo-della-crisi\/","og_locale":"it_IT","og_type":"article","og_title":"S\u00ed se puede: esperienze alternative al tempo della crisi","og_description":"Yes we can \u00e8 il famoso slogan simbolo della campagna elettorale che ha portato per la prima volta Barack Obama alla presidenza degli Stati Uniti","og_url":"https:\/\/www.pressenza.com\/it\/2013\/09\/si-se-puede-esperienze-alternative-al-tempo-della-crisi\/","og_site_name":"Pressenza","article_publisher":"https:\/\/www.facebook.com\/PressenzaItalia","article_published_time":"2013-09-17T21:30:26+00:00","article_modified_time":"2013-09-17T21:31:25+00:00","og_image":[{"width":150,"height":199,"url":"https:\/\/www.pressenza.com\/wp-content\/uploads\/2013\/09\/s\u00ec-se-puede-Corona1.jpg","type":"image\/jpeg"}],"author":"Elvira Corona","twitter_card":"summary_large_image","twitter_creator":"@PressenzaIPA","twitter_site":"@PressenzaIPA","twitter_misc":{"Scritto da":"Elvira Corona","Tempo di lettura stimato":"4 minuti"},"schema":{"@context":"https:\/\/schema.org","@graph":[{"@type":"Article","@id":"https:\/\/www.pressenza.com\/it\/2013\/09\/si-se-puede-esperienze-alternative-al-tempo-della-crisi\/#article","isPartOf":{"@id":"https:\/\/www.pressenza.com\/it\/2013\/09\/si-se-puede-esperienze-alternative-al-tempo-della-crisi\/"},"author":{"name":"Elvira Corona","@id":"https:\/\/www.pressenza.com\/it\/#\/schema\/person\/48cdce09febb20492d2326906d704a03"},"headline":"S\u00ed se puede: esperienze alternative al tempo della crisi","datePublished":"2013-09-17T21:30:26+00:00","dateModified":"2013-09-17T21:31:25+00:00","mainEntityOfPage":{"@id":"https:\/\/www.pressenza.com\/it\/2013\/09\/si-se-puede-esperienze-alternative-al-tempo-della-crisi\/"},"wordCount":830,"publisher":{"@id":"https:\/\/www.pressenza.com\/it\/#organization"},"image":{"@id":"https:\/\/www.pressenza.com\/it\/2013\/09\/si-se-puede-esperienze-alternative-al-tempo-della-crisi\/#primaryimage"},"thumbnailUrl":"https:\/\/www.pressenza.com\/wp-content\/uploads\/2013\/09\/s\u00ec-se-puede-Corona1.jpg","keywords":["crisi","occupazioni","Spagna"],"articleSection":["Diritti Umani","Europa","Opinioni"],"inLanguage":"it-IT"},{"@type":"WebPage","@id":"https:\/\/www.pressenza.com\/it\/2013\/09\/si-se-puede-esperienze-alternative-al-tempo-della-crisi\/","url":"https:\/\/www.pressenza.com\/it\/2013\/09\/si-se-puede-esperienze-alternative-al-tempo-della-crisi\/","name":"S\u00ed se puede: esperienze alternative al tempo della crisi","isPartOf":{"@id":"https:\/\/www.pressenza.com\/it\/#website"},"primaryImageOfPage":{"@id":"https:\/\/www.pressenza.com\/it\/2013\/09\/si-se-puede-esperienze-alternative-al-tempo-della-crisi\/#primaryimage"},"image":{"@id":"https:\/\/www.pressenza.com\/it\/2013\/09\/si-se-puede-esperienze-alternative-al-tempo-della-crisi\/#primaryimage"},"thumbnailUrl":"https:\/\/www.pressenza.com\/wp-content\/uploads\/2013\/09\/s\u00ec-se-puede-Corona1.jpg","datePublished":"2013-09-17T21:30:26+00:00","dateModified":"2013-09-17T21:31:25+00:00","description":"Yes we can \u00e8 il famoso slogan simbolo della campagna elettorale che ha portato per la prima volta Barack Obama alla presidenza degli Stati Uniti","breadcrumb":{"@id":"https:\/\/www.pressenza.com\/it\/2013\/09\/si-se-puede-esperienze-alternative-al-tempo-della-crisi\/#breadcrumb"},"inLanguage":"it-IT","potentialAction":[{"@type":"ReadAction","target":["https:\/\/www.pressenza.com\/it\/2013\/09\/si-se-puede-esperienze-alternative-al-tempo-della-crisi\/"]}]},{"@type":"ImageObject","inLanguage":"it-IT","@id":"https:\/\/www.pressenza.com\/it\/2013\/09\/si-se-puede-esperienze-alternative-al-tempo-della-crisi\/#primaryimage","url":"https:\/\/www.pressenza.com\/wp-content\/uploads\/2013\/09\/s\u00ec-se-puede-Corona1.jpg","contentUrl":"https:\/\/www.pressenza.com\/wp-content\/uploads\/2013\/09\/s\u00ec-se-puede-Corona1.jpg","width":150,"height":199},{"@type":"BreadcrumbList","@id":"https:\/\/www.pressenza.com\/it\/2013\/09\/si-se-puede-esperienze-alternative-al-tempo-della-crisi\/#breadcrumb","itemListElement":[{"@type":"ListItem","position":1,"name":"Accueil","item":"https:\/\/www.pressenza.com\/it\/"},{"@type":"ListItem","position":2,"name":"S\u00ed se puede: esperienze alternative al tempo della crisi"}]},{"@type":"WebSite","@id":"https:\/\/www.pressenza.com\/it\/#website","url":"https:\/\/www.pressenza.com\/it\/","name":"Pressenza","description":"Agenzia di Stampa Internazionale","publisher":{"@id":"https:\/\/www.pressenza.com\/it\/#organization"},"potentialAction":[{"@type":"SearchAction","target":{"@type":"EntryPoint","urlTemplate":"https:\/\/www.pressenza.com\/it\/?s={search_term_string}"},"query-input":{"@type":"PropertyValueSpecification","valueRequired":true,"valueName":"search_term_string"}}],"inLanguage":"it-IT"},{"@type":"Organization","@id":"https:\/\/www.pressenza.com\/it\/#organization","name":"Pressenza","url":"https:\/\/www.pressenza.com\/it\/","logo":{"@type":"ImageObject","inLanguage":"it-IT","@id":"https:\/\/www.pressenza.com\/it\/#\/schema\/logo\/image\/","url":"https:\/\/www.pressenza.com\/wp-content\/uploads\/2022\/10\/pressenza_logo_200x200.jpg","contentUrl":"https:\/\/www.pressenza.com\/wp-content\/uploads\/2022\/10\/pressenza_logo_200x200.jpg","width":200,"height":200,"caption":"Pressenza"},"image":{"@id":"https:\/\/www.pressenza.com\/it\/#\/schema\/logo\/image\/"},"sameAs":["https:\/\/www.facebook.com\/PressenzaItalia","https:\/\/x.com\/PressenzaIPA"]},{"@type":"Person","@id":"https:\/\/www.pressenza.com\/it\/#\/schema\/person\/48cdce09febb20492d2326906d704a03","name":"Elvira Corona","description":"Elvira Corona \u00e8 nata a Cagliari, dove si \u00e8 laureata in Scienze politiche prima di conseguire il master in Economia non-profit e Cooperazione allo sviluppo a Ferrara. Giornalista freelance, i suoi pezzi sono pubblicati su testate online italiane e latinoamericane. Autrice di 'Lavorare senza padroni - viaggio nelle imprese recuperadas d'Argentina', Emi edizioni 2011 e di 'S\u00ec, se puede! Viaggio nell\u2019Andalusia della speranza oltre la crisi', in versione e-book.","url":"https:\/\/www.pressenza.com\/it\/author\/elvira-corona\/"}]}},"place":"","original_article_url":"","_links":{"self":[{"href":"https:\/\/www.pressenza.com\/it\/wp-json\/wp\/v2\/posts\/69153","targetHints":{"allow":["GET"]}}],"collection":[{"href":"https:\/\/www.pressenza.com\/it\/wp-json\/wp\/v2\/posts"}],"about":[{"href":"https:\/\/www.pressenza.com\/it\/wp-json\/wp\/v2\/types\/post"}],"author":[{"embeddable":true,"href":"https:\/\/www.pressenza.com\/it\/wp-json\/wp\/v2\/users\/1037"}],"replies":[{"embeddable":true,"href":"https:\/\/www.pressenza.com\/it\/wp-json\/wp\/v2\/comments?post=69153"}],"version-history":[{"count":0,"href":"https:\/\/www.pressenza.com\/it\/wp-json\/wp\/v2\/posts\/69153\/revisions"}],"wp:featuredmedia":[{"embeddable":true,"href":"https:\/\/www.pressenza.com\/it\/wp-json\/wp\/v2\/media\/69154"}],"wp:attachment":[{"href":"https:\/\/www.pressenza.com\/it\/wp-json\/wp\/v2\/media?parent=69153"}],"wp:term":[{"taxonomy":"category","embeddable":true,"href":"https:\/\/www.pressenza.com\/it\/wp-json\/wp\/v2\/categories?post=69153"},{"taxonomy":"post_tag","embeddable":true,"href":"https:\/\/www.pressenza.com\/it\/wp-json\/wp\/v2\/tags?post=69153"}],"curies":[{"name":"wp","href":"https:\/\/api.w.org\/{rel}","templated":true}]}}