{"id":69119,"date":"2013-09-17T15:20:03","date_gmt":"2013-09-17T14:20:03","guid":{"rendered":"http:\/\/www.pressenza.com\/?p=69119"},"modified":"2013-09-17T15:27:12","modified_gmt":"2013-09-17T14:27:12","slug":"69119","status":"publish","type":"post","link":"https:\/\/www.pressenza.com\/it\/2013\/09\/69119\/","title":{"rendered":"Mobilitazione a Milano contro il MUOS"},"content":{"rendered":"<p>In contemporanea con la manifestazione nazionale di Palermo. Presidio davanti al Consolato USA di Milano<\/p>\n<p><i> 28 settembre 2013 ore 15.30<\/i><\/p>\n<p><i>Appello per una mobilitazione Contro l\u2019installazione del MUOS, per il disarmo, la pace, la tutela della salute<\/i><\/p>\n<p><b>Giornata Nazionale Contro la Guerra<\/b><\/p>\n<p><b>In contemporanea con la manifestazione nazionale di Palermo<\/b><\/p>\n<p><b>Presidio davanti al Consolato USA<\/b><\/p>\n<p><b>Via Principe Amedeo, 2\/10 Milano (metro Turati)<\/b><\/p>\n<p><b>\u00a0<\/b><\/p>\n<p>Il\u00a0<b>M.U.O.S. ( Mobile User Objective System)<\/b>\u00a0\u00e8 un sistema di comunicazioni satellitari della marina militare americana\u00a0 ad\u00a0 altissima frequenza, dotato di cinque satelliti geostazionari e quattro stazioni di terra di cui una in Sicilia, a Niscemi (CL). Sar\u00e0 utilizzato per coordinare in modo capillare i sistemi militari statunitensi dislocati nel globo, in particolare i\u00a0<b>droni<\/b>, aerei senza pilota protagonisti delle guerre del nuovo millennio.<\/p>\n<p>La costruzione di questo sistema non ha lasciato indifferente il popolo siciliano, che oggi lancia un grido d\u2019allarme all\u2019Italia intera. I cittadini di Niscemi lottano da tempo contro l\u2019installazione della base militare nel silenzio delle Istituzioni, affermando il loro diritto alla pace, alla salute e all\u2019autodeterminazione (si, le onde elettromagnetiche dei satelliti fanno male!). Negli ultimi due anni la lotta si \u00e8 generalizzata ed estesa, dalla Sicilia alla Penisola, assumendo quei caratteri antimilitaristi che sono &#8211; o meglio, che dovrebbero essere &#8211; sanciti dalla Costituzione. Eppure, nonostante l\u2019<b>art. 11<\/b>preveda \u201cil ripudio della guerra come strumento di offesa alla libert\u00e0 di altri popoli e come mezzo di risoluzione delle controversie internazionali\u201d, l\u2019Italia \u00e8 stata, e continua ad essere, la base strategica per le guerre del XXI secolo nel Mediterraneo.<\/p>\n<p>La lotta non riguarda pertanto solo la Sicilia. Per chiunque creda che l\u2019Italia non debba essere un Paese NATO per fare la guerra, la questione MUOS non pu\u00f2 pi\u00f9 essere liquidata come questione territoriale.\u00a0<b>Occorre prendere una netta posizione rispetto ad esso<\/b>\u00a0e, contro l&#8217;asservimento dei media e dei governi, esprimere un chiaro dissenso contro scelte che, come questa, condizionano il nostro futuro e quello dei popoli a noi vicini.<\/p>\n<p><b>Questo appello \u00e8 rivolto ai Cittadini, ai Sindacati, alle Associazioni democratiche e pacifiste, al mondo dei Movimenti, della Cultura e delle Arti\u00a0perch\u00e9 si dia un segnale fortecontro la presenza militare USA e NATO in Italia, contro i vari governi che con continuit\u00e0 e in contiguit\u00e0 hanno moltiplicato gli interventi bellici all\u2019estero e le spese militari,\u00a0perch\u00e9 si possa costruire un Mediterraneo Mare di Pace.<\/b><\/p>\n<p>&nbsp;<\/p>\n<p><b><span style=\"text-decoration: underline;\">IL 28 SETTEMBRE SAREMO DAVANTI AL CONSOLATO AMERICANO PER RIBADIRE LE NOSTRE POSIZIONI<\/span><\/b><span style=\"text-decoration: underline;\">:<\/span><\/p>\n<p><b>CONTRO L&#8217;INSTALLAZIONE DEL MUOS E PER LO SMANTELLAMENTO DELLE 46 ANTENNE NRTF A NISCEMI<\/b><\/p>\n<p><b>\u00b7 PER LA SMILITARIZZAZIONE DELLA BASE DI SIGONELLA, OGGI PIATTAFORMA STRATEGICA USA<\/b><\/p>\n<p><b>\u00b7 CONTRO LE SPESE MILITARI, PERCH\u00c9 S\u2019IMPEDISCA L&#8217;ACQUISTO DEI CACCIABOMBARDIERI F35 DAL COSTO DI CIRCA 15 MILIARDI DI EURO, SOTTRATTI ALLE SPESE NECESSARIE ALL\u2019OCCUPAZIONE, ALL\u2019ISTRUZIONE, ALLA SANITA\u2019 E AI SERVIZI SOCIALI<\/b><\/p>\n<p><b>Invitiamo tutt* alla mobilitazione<\/b><\/p>\n<p>&nbsp;<\/p>\n<p><b>Comitato NO MUOS Milano<\/b><\/p>\n<p>per adesioni:<\/p>\n<p>FB:\u00a0<a href=\"https:\/\/www.facebook.com\/nomuosmilano\" target=\"_blank\">https:\/\/www.facebook.com\/<wbr \/>nomuosmilano<\/a><\/p>\n<p>email:\u00a0<a href=\"mailto:nomuosmilano@gmail.com\" target=\"_blank\">nomuosmilano@gmail.com<\/a><\/p>\n<p>sito internet ufficiale:\u00a0<a href=\"http:\/\/www.nomuos.info\/\" target=\"_blank\">www.nomuos.info<\/a><\/p>\n","protected":false},"excerpt":{"rendered":"<p>In contemporanea con la manifestazione nazionale di Palermo. Presidio davanti al Consolato USA di Milano 28 settembre 2013 ore 15.30 Appello per una mobilitazione Contro l\u2019installazione del MUOS, per il disarmo, la pace, la tutela della salute Giornata Nazionale Contro&hellip;<\/p>\n","protected":false},"author":594,"featured_media":0,"comment_status":"closed","ping_status":"open","sticky":false,"template":"","format":"standard","meta":{"footnotes":""},"categories":[150,1263],"tags":[286,2997],"class_list":["post-69119","post","type-post","status-publish","format-standard","hentry","category-comunicati-stampa","category-pace-disarmo","tag-milano","tag-no-muos"],"yoast_head":"<!-- This site is optimized with the Yoast SEO plugin v27.1.1 - https:\/\/yoast.com\/product\/yoast-seo-wordpress\/ -->\n<title>Mobilitazione a Milano contro il MUOS<\/title>\n<meta name=\"description\" content=\"In contemporanea con la manifestazione nazionale di Palermo. Presidio davanti al Consolato USA di Milano 28 settembre 2013 ore 15.30 Appello per una\" \/>\n<meta name=\"robots\" content=\"index, follow, max-snippet:-1, max-image-preview:large, max-video-preview:-1\" \/>\n<link rel=\"canonical\" href=\"https:\/\/www.pressenza.com\/it\/2013\/09\/69119\/\" \/>\n<meta property=\"og:locale\" content=\"it_IT\" \/>\n<meta property=\"og:type\" content=\"article\" \/>\n<meta property=\"og:title\" content=\"Mobilitazione a Milano contro il MUOS\" \/>\n<meta property=\"og:description\" content=\"In contemporanea con la manifestazione nazionale di Palermo. Presidio davanti al Consolato USA di Milano 28 settembre 2013 ore 15.30 Appello per una\" \/>\n<meta property=\"og:url\" content=\"https:\/\/www.pressenza.com\/it\/2013\/09\/69119\/\" \/>\n<meta property=\"og:site_name\" content=\"Pressenza\" \/>\n<meta property=\"article:publisher\" content=\"https:\/\/www.facebook.com\/PressenzaItalia\" \/>\n<meta property=\"article:author\" content=\"https:\/\/www.facebook.com\/PressenzaItalia\" \/>\n<meta property=\"article:published_time\" content=\"2013-09-17T14:20:03+00:00\" \/>\n<meta property=\"article:modified_time\" content=\"2013-09-17T14:27:12+00:00\" \/>\n<meta name=\"author\" content=\"Redazione Italia\" \/>\n<meta name=\"twitter:card\" content=\"summary_large_image\" \/>\n<meta name=\"twitter:creator\" content=\"@pressenza_it\" \/>\n<meta name=\"twitter:site\" content=\"@PressenzaIPA\" \/>\n<meta name=\"twitter:label1\" content=\"Scritto da\" \/>\n\t<meta name=\"twitter:data1\" content=\"Redazione Italia\" \/>\n\t<meta name=\"twitter:label2\" content=\"Tempo di lettura stimato\" \/>\n\t<meta name=\"twitter:data2\" content=\"2 minuti\" \/>\n<script type=\"application\/ld+json\" class=\"yoast-schema-graph\">{\"@context\":\"https:\/\/schema.org\",\"@graph\":[{\"@type\":\"Article\",\"@id\":\"https:\/\/www.pressenza.com\/it\/2013\/09\/69119\/#article\",\"isPartOf\":{\"@id\":\"https:\/\/www.pressenza.com\/it\/2013\/09\/69119\/\"},\"author\":{\"name\":\"Redazione Italia\",\"@id\":\"https:\/\/www.pressenza.com\/it\/#\/schema\/person\/d983e81827ae24f2c7b1a2123d197f8d\"},\"headline\":\"Mobilitazione a Milano contro il MUOS\",\"datePublished\":\"2013-09-17T14:20:03+00:00\",\"dateModified\":\"2013-09-17T14:27:12+00:00\",\"mainEntityOfPage\":{\"@id\":\"https:\/\/www.pressenza.com\/it\/2013\/09\/69119\/\"},\"wordCount\":498,\"publisher\":{\"@id\":\"https:\/\/www.pressenza.com\/it\/#organization\"},\"keywords\":[\"Milano\",\"No Muos\"],\"articleSection\":[\"Comunicati Stampa\",\"Pace e Disarmo\"],\"inLanguage\":\"it-IT\"},{\"@type\":\"WebPage\",\"@id\":\"https:\/\/www.pressenza.com\/it\/2013\/09\/69119\/\",\"url\":\"https:\/\/www.pressenza.com\/it\/2013\/09\/69119\/\",\"name\":\"Mobilitazione a Milano contro il MUOS\",\"isPartOf\":{\"@id\":\"https:\/\/www.pressenza.com\/it\/#website\"},\"datePublished\":\"2013-09-17T14:20:03+00:00\",\"dateModified\":\"2013-09-17T14:27:12+00:00\",\"description\":\"In contemporanea con la manifestazione nazionale di Palermo. Presidio davanti al Consolato USA di Milano 28 settembre 2013 ore 15.30 Appello per una\",\"breadcrumb\":{\"@id\":\"https:\/\/www.pressenza.com\/it\/2013\/09\/69119\/#breadcrumb\"},\"inLanguage\":\"it-IT\",\"potentialAction\":[{\"@type\":\"ReadAction\",\"target\":[\"https:\/\/www.pressenza.com\/it\/2013\/09\/69119\/\"]}]},{\"@type\":\"BreadcrumbList\",\"@id\":\"https:\/\/www.pressenza.com\/it\/2013\/09\/69119\/#breadcrumb\",\"itemListElement\":[{\"@type\":\"ListItem\",\"position\":1,\"name\":\"Accueil\",\"item\":\"https:\/\/www.pressenza.com\/it\/\"},{\"@type\":\"ListItem\",\"position\":2,\"name\":\"Mobilitazione a Milano contro il MUOS\"}]},{\"@type\":\"WebSite\",\"@id\":\"https:\/\/www.pressenza.com\/it\/#website\",\"url\":\"https:\/\/www.pressenza.com\/it\/\",\"name\":\"Pressenza\",\"description\":\"Agenzia di Stampa Internazionale\",\"publisher\":{\"@id\":\"https:\/\/www.pressenza.com\/it\/#organization\"},\"potentialAction\":[{\"@type\":\"SearchAction\",\"target\":{\"@type\":\"EntryPoint\",\"urlTemplate\":\"https:\/\/www.pressenza.com\/it\/?s={search_term_string}\"},\"query-input\":{\"@type\":\"PropertyValueSpecification\",\"valueRequired\":true,\"valueName\":\"search_term_string\"}}],\"inLanguage\":\"it-IT\"},{\"@type\":\"Organization\",\"@id\":\"https:\/\/www.pressenza.com\/it\/#organization\",\"name\":\"Pressenza\",\"url\":\"https:\/\/www.pressenza.com\/it\/\",\"logo\":{\"@type\":\"ImageObject\",\"inLanguage\":\"it-IT\",\"@id\":\"https:\/\/www.pressenza.com\/it\/#\/schema\/logo\/image\/\",\"url\":\"https:\/\/www.pressenza.com\/wp-content\/uploads\/2022\/10\/pressenza_logo_200x200.jpg\",\"contentUrl\":\"https:\/\/www.pressenza.com\/wp-content\/uploads\/2022\/10\/pressenza_logo_200x200.jpg\",\"width\":200,\"height\":200,\"caption\":\"Pressenza\"},\"image\":{\"@id\":\"https:\/\/www.pressenza.com\/it\/#\/schema\/logo\/image\/\"},\"sameAs\":[\"https:\/\/www.facebook.com\/PressenzaItalia\",\"https:\/\/x.com\/PressenzaIPA\"]},{\"@type\":\"Person\",\"@id\":\"https:\/\/www.pressenza.com\/it\/#\/schema\/person\/d983e81827ae24f2c7b1a2123d197f8d\",\"name\":\"Redazione Italia\",\"description\":\"News from the Pressenza Bureau in Italy\",\"sameAs\":[\"https:\/\/www.pressenza.com\/it\/author\/redazione-italia\/\",\"https:\/\/www.facebook.com\/PressenzaItalia\",\"https:\/\/www.instagram.com\/pressenza_italia\/\",\"https:\/\/x.com\/pressenza_it\",\"https:\/\/www.youtube.com\/channel\/UCSalEIWjE1RSxkwjfftFuqg\"],\"url\":\"https:\/\/www.pressenza.com\/it\/author\/redazione-italia\/\"}]}<\/script>\n<!-- \/ Yoast SEO plugin. -->","yoast_head_json":{"title":"Mobilitazione a Milano contro il MUOS","description":"In contemporanea con la manifestazione nazionale di Palermo. Presidio davanti al Consolato USA di Milano 28 settembre 2013 ore 15.30 Appello per una","robots":{"index":"index","follow":"follow","max-snippet":"max-snippet:-1","max-image-preview":"max-image-preview:large","max-video-preview":"max-video-preview:-1"},"canonical":"https:\/\/www.pressenza.com\/it\/2013\/09\/69119\/","og_locale":"it_IT","og_type":"article","og_title":"Mobilitazione a Milano contro il MUOS","og_description":"In contemporanea con la manifestazione nazionale di Palermo. Presidio davanti al Consolato USA di Milano 28 settembre 2013 ore 15.30 Appello per una","og_url":"https:\/\/www.pressenza.com\/it\/2013\/09\/69119\/","og_site_name":"Pressenza","article_publisher":"https:\/\/www.facebook.com\/PressenzaItalia","article_author":"https:\/\/www.facebook.com\/PressenzaItalia","article_published_time":"2013-09-17T14:20:03+00:00","article_modified_time":"2013-09-17T14:27:12+00:00","author":"Redazione Italia","twitter_card":"summary_large_image","twitter_creator":"@pressenza_it","twitter_site":"@PressenzaIPA","twitter_misc":{"Scritto da":"Redazione Italia","Tempo di lettura stimato":"2 minuti"},"schema":{"@context":"https:\/\/schema.org","@graph":[{"@type":"Article","@id":"https:\/\/www.pressenza.com\/it\/2013\/09\/69119\/#article","isPartOf":{"@id":"https:\/\/www.pressenza.com\/it\/2013\/09\/69119\/"},"author":{"name":"Redazione Italia","@id":"https:\/\/www.pressenza.com\/it\/#\/schema\/person\/d983e81827ae24f2c7b1a2123d197f8d"},"headline":"Mobilitazione a Milano contro il MUOS","datePublished":"2013-09-17T14:20:03+00:00","dateModified":"2013-09-17T14:27:12+00:00","mainEntityOfPage":{"@id":"https:\/\/www.pressenza.com\/it\/2013\/09\/69119\/"},"wordCount":498,"publisher":{"@id":"https:\/\/www.pressenza.com\/it\/#organization"},"keywords":["Milano","No Muos"],"articleSection":["Comunicati Stampa","Pace e Disarmo"],"inLanguage":"it-IT"},{"@type":"WebPage","@id":"https:\/\/www.pressenza.com\/it\/2013\/09\/69119\/","url":"https:\/\/www.pressenza.com\/it\/2013\/09\/69119\/","name":"Mobilitazione a Milano contro il MUOS","isPartOf":{"@id":"https:\/\/www.pressenza.com\/it\/#website"},"datePublished":"2013-09-17T14:20:03+00:00","dateModified":"2013-09-17T14:27:12+00:00","description":"In contemporanea con la manifestazione nazionale di Palermo. Presidio davanti al Consolato USA di Milano 28 settembre 2013 ore 15.30 Appello per una","breadcrumb":{"@id":"https:\/\/www.pressenza.com\/it\/2013\/09\/69119\/#breadcrumb"},"inLanguage":"it-IT","potentialAction":[{"@type":"ReadAction","target":["https:\/\/www.pressenza.com\/it\/2013\/09\/69119\/"]}]},{"@type":"BreadcrumbList","@id":"https:\/\/www.pressenza.com\/it\/2013\/09\/69119\/#breadcrumb","itemListElement":[{"@type":"ListItem","position":1,"name":"Accueil","item":"https:\/\/www.pressenza.com\/it\/"},{"@type":"ListItem","position":2,"name":"Mobilitazione a Milano contro il MUOS"}]},{"@type":"WebSite","@id":"https:\/\/www.pressenza.com\/it\/#website","url":"https:\/\/www.pressenza.com\/it\/","name":"Pressenza","description":"Agenzia di Stampa Internazionale","publisher":{"@id":"https:\/\/www.pressenza.com\/it\/#organization"},"potentialAction":[{"@type":"SearchAction","target":{"@type":"EntryPoint","urlTemplate":"https:\/\/www.pressenza.com\/it\/?s={search_term_string}"},"query-input":{"@type":"PropertyValueSpecification","valueRequired":true,"valueName":"search_term_string"}}],"inLanguage":"it-IT"},{"@type":"Organization","@id":"https:\/\/www.pressenza.com\/it\/#organization","name":"Pressenza","url":"https:\/\/www.pressenza.com\/it\/","logo":{"@type":"ImageObject","inLanguage":"it-IT","@id":"https:\/\/www.pressenza.com\/it\/#\/schema\/logo\/image\/","url":"https:\/\/www.pressenza.com\/wp-content\/uploads\/2022\/10\/pressenza_logo_200x200.jpg","contentUrl":"https:\/\/www.pressenza.com\/wp-content\/uploads\/2022\/10\/pressenza_logo_200x200.jpg","width":200,"height":200,"caption":"Pressenza"},"image":{"@id":"https:\/\/www.pressenza.com\/it\/#\/schema\/logo\/image\/"},"sameAs":["https:\/\/www.facebook.com\/PressenzaItalia","https:\/\/x.com\/PressenzaIPA"]},{"@type":"Person","@id":"https:\/\/www.pressenza.com\/it\/#\/schema\/person\/d983e81827ae24f2c7b1a2123d197f8d","name":"Redazione Italia","description":"News from the Pressenza Bureau in Italy","sameAs":["https:\/\/www.pressenza.com\/it\/author\/redazione-italia\/","https:\/\/www.facebook.com\/PressenzaItalia","https:\/\/www.instagram.com\/pressenza_italia\/","https:\/\/x.com\/pressenza_it","https:\/\/www.youtube.com\/channel\/UCSalEIWjE1RSxkwjfftFuqg"],"url":"https:\/\/www.pressenza.com\/it\/author\/redazione-italia\/"}]}},"place":"","original_article_url":"","_links":{"self":[{"href":"https:\/\/www.pressenza.com\/it\/wp-json\/wp\/v2\/posts\/69119","targetHints":{"allow":["GET"]}}],"collection":[{"href":"https:\/\/www.pressenza.com\/it\/wp-json\/wp\/v2\/posts"}],"about":[{"href":"https:\/\/www.pressenza.com\/it\/wp-json\/wp\/v2\/types\/post"}],"author":[{"embeddable":true,"href":"https:\/\/www.pressenza.com\/it\/wp-json\/wp\/v2\/users\/594"}],"replies":[{"embeddable":true,"href":"https:\/\/www.pressenza.com\/it\/wp-json\/wp\/v2\/comments?post=69119"}],"version-history":[{"count":0,"href":"https:\/\/www.pressenza.com\/it\/wp-json\/wp\/v2\/posts\/69119\/revisions"}],"wp:attachment":[{"href":"https:\/\/www.pressenza.com\/it\/wp-json\/wp\/v2\/media?parent=69119"}],"wp:term":[{"taxonomy":"category","embeddable":true,"href":"https:\/\/www.pressenza.com\/it\/wp-json\/wp\/v2\/categories?post=69119"},{"taxonomy":"post_tag","embeddable":true,"href":"https:\/\/www.pressenza.com\/it\/wp-json\/wp\/v2\/tags?post=69119"}],"curies":[{"name":"wp","href":"https:\/\/api.w.org\/{rel}","templated":true}]}}