{"id":688130,"date":"2018-08-05T20:33:25","date_gmt":"2018-08-05T19:33:25","guid":{"rendered":"https:\/\/www.pressenza.com\/?p=688130"},"modified":"2018-08-05T20:50:27","modified_gmt":"2018-08-05T19:50:27","slug":"perche-avete-paura-di-riace","status":"publish","type":"post","link":"https:\/\/www.pressenza.com\/it\/2018\/08\/perche-avete-paura-di-riace\/","title":{"rendered":"Perch\u00e9 avete paura di Riace?"},"content":{"rendered":"<p><em>A Riace sono riusciti a fare quello che in tanti diciamo di voler fare. \u201cNoi lo diciamo, loro l\u2019hano fatto\u201d, ci dice in un\u2019intervista video Ada Colau, la sindaca di Barcellona, accorsa nel piccolo borgo calabrese a sostenere lo sciopero della fame del sindaco Domenico Lucano, che protesta contro il blocco dei fondi Sprar da parte della Prefettura e del ministero degli interni.<\/em><\/p>\n<p><em>\u201cQui si vede che l\u2019accoglienza non \u00e8 solo una questione morale, legale o di diritti umani, ma un\u2019opportunit\u00e0 per tutti. Cos\u00ec, quando arrivi qui a Riace, ti chiedi chi \u00e8 che sta salvando e chi viene invece salvato. Stiamo salvando i rifugiati o sono loro stanno salvando l\u2019Europa? Riace stava perdendo la sua popolazione e oggi, grazie al coraggio e alla capacit\u00e0 di chi ha dato vita a un progetto esemplare, la gente \u00e8 pi\u00f9 felice, il paese \u00e8 pieno di bambini e ha ricominciato a sorridere. Riace \u00e8 il simbolo di un\u2019Europa della speranza, spiega la prima cittadina della metropoli catalana. Sar\u00e0 mica per questo che fa tanta paura al ministro Salvini e al governo italiano?<\/em><\/p>\n<p>In questi giorni il piccolo borgo calabrese di Riace, famoso in tutto il mondo per il suo modello virtuoso di accoglienza diffusa dei migranti, \u00e8 un crocevia di attivisti, giornalisti, personalit\u00e0 e curiosi.<\/p>\n<p>Oltre a celebrare dal 2 al 5 agosto la manifestazione\u00a0<a href=\"http:\/\/www.riaceinfestival.it\/\"><strong>Riaceinfestival<\/strong><\/a><strong>,<\/strong>\u00a0il sindaco Domenico Lucano ha iniziato uno sciopero della fame per protestare contro il blocco dei fondi SPRAR da parte della Prefettura e del Ministero degli interni.\u00a0Da mesi al Comune non vengono pagati i saldi dei programmi gi\u00e0 svolti e per il momento non \u00e8 confermato il finanziamento del 2018 dal quale dipendono 150 migranti ed il lavoro di diversi operatori sociali.\u00a0Versamenti che sono stati regolarmente effettuati ai paesi limitrofi della Locride che gestiscono altre strutture di accoglienza.<\/p>\n<p>In una conferenza stampa congiunta,il presidente della Regione Mario Oliverio e Domenico Lucano hanno denunciato l\u2019esistenza di un chiaro\u00a0 disegno politico per chiudere l\u2019esperienza Riace.\u00a0I problemi sono iniziati con un\u2019ispezione inviata dalla prefettura che ha prodotto un infondato verbale che giudica inadeguate le condizioni di vita dei migranti.<\/p>\n<p>Il verbale non solo \u00e8 in contraddizione con la precedente ispezione della stessa prefettura che aveva lodato il modello Riace, ma soprattutto con la realt\u00e0.\u00a0Le porte del paese sono aperte a tutti ed \u00e8 sufficiente trascorrervi poche ore per rendersi conto di come vivono i migranti e dell\u2019aria che si respira in un luogo che solo pochi anni fa stava morendo di spopolamento.<\/p>\n<p>La sezione di Catanzaro di Magistratura Democratica ha prodotto una contro inchiesta, una sorta di video-verbale indipendente che sar\u00e0 presto reso pubblico e che smonta interamente i rilievi di merito della prefettura. Fra questi vi \u00e8 anche la contestazione dell\u2019uso dei cosiddetti\u00a0 \u201cbonus\u201d, la moneta locale inventata da Lucano per rendere indipendenti i migranti negli acquisti dei beni di prima necessit\u00e0.\u00a0Una pratica virtuosa che dovrebbe essere un modello per tutti, perch\u00e9 oltre a favorire l\u2019autonomia degli ospiti evita la gestione centralizzata di grandi acquisti, ovvero quella parte della filiera economica dell\u2019accoglienza dove si annidano corruzione, collusione e infiltrazioni della criminalit\u00e0 organizzata.<\/p>\n<p>\u201cLa nostra opinione \u00e8 che le osservazioni critiche che a questo progetto vengono fatte siano di minimo rilievo. Sono osservazioni di carattere procedurale e formale, che esistono, ma che non hanno nulla a che vedere con la qualit\u00e0 del servizio\u201d, spiega\u00a0Gianfranco Schiavone, vice presidente dell\u2019ASGI, dopo aver studiato tutte le carte \u201cCerto, una qualit\u00e0 del progetto che \u00e8 andata diminuendo nell\u2019ultimo anno e mezzo per carenza di fondi.\u00a0Non si possono erogare servizi se non ci sono i soldi. Anche io ci vedo un disegno di chiusura che va avanti da tempo\u201c.<\/p>\n<p>Ma perch\u00e9 Riace fa tanta paura?<\/p>\n<p>\u201cPerch\u00e9 dimostra che \u00e8 possibile.\u00a0Hanno anche impedito la messa in onda sulla RAI del<a href=\"https:\/\/www.corrieredellacalabria.it\/politica\/item\/141768-fiction-su-riace-sospesa-lucano-scelta-ingiustificata\/\">\u00a0film girato qui a Riace.<\/a>\u00a0Perch\u00e9?\u201d, si chiede il sindaco Lucano, che aggiunge: \u201cLa ragione \u00e8 che 7-8 milioni di persone avrebbero visto che a Riace \u00e8 possibile. E\u2019 possibile in una delle zone pi\u00f9 depresse d\u2019Italia, dove l\u2019accoglienza non si limita ad una dimensione etica ed umana, ma diventa anche la soluzione al problema dello spopolamento\u201d.<\/p>\n<p>Non \u00e8 probabilmente una casualit\u00e0 che i problemi di Riace e del suo sindaco siano iniziati quando l\u2019attenzione mediatica nazionale e internazionale sul piccolo borgo ha iniziato a crescere. Riace \u00e8 infatti\u00a0 la testimonianza viva in grado di neutralizzare in maniera diretta e concreta la violenta propaganda d\u2019odio governativa.<\/p>\n<p>La solidariet\u00e0 al sindaco Lucano \u00e8 arrivata da tutta Italia e la Rete dei Comuni Solidali ha avviato una raccolta popolare di solidariet\u00e0.\u00a0\u201cLa Rete dei Comuni Solidali (RECOSOL), in accordo con le associazioni presenti durante il Riaceinfestival, avvia una raccolta popolare di solidariet\u00e0 finalizzata a permettere al progetto di Riace di superare questa fase estremamente critica. Fase legata a ingiustificabili ritardi anche voluti da una politica ostile che vuole costringere alla chiusura un progetto di accoglienza divenuto noto in tutta Europa e che ha permesso di invertire il declino sociale, economico e demografico di una delle aree pi\u00f9 difficili d\u2019Italia, un\u2019area caratterizzata da profonde infiltrazioni della criminalit\u00e0 organizzata. Riace rappresenta un modello di accoglienza e di legalit\u00e0 per tutti \u201c, si legge nel comunicato della rete che lancia l\u2019iniziativa.<\/p>\n<p>Presenti a Riace anche padre Alex Zanotelli, Luigi De Magistris e la sindaca di Barcellona Ada Colau, che ha scelto di fare dell\u2019accoglienza e della lotta al discorso d\u2019odio un punto cardine della politica metropolitana.<\/p>\n<p>Caterina Amicucci<\/p>\n<p><strong>Per partecipare alla raccolta fondi con una una donazione unica o periodica (la campagna rimarr\u00e0 attiva fino a dicembre 2018):\u00a0 RECOSOL, IBAN: IT92R0501801000000000179515, causale Riace<\/strong><\/p>\n","protected":false},"excerpt":{"rendered":"<p>A Riace sono riusciti a fare quello che in tanti diciamo di voler fare. \u201cNoi lo diciamo, loro l\u2019hano fatto\u201d, ci dice in un\u2019intervista video Ada Colau, la sindaca di Barcellona, accorsa nel piccolo borgo calabrese a sostenere lo sciopero&hellip;<\/p>\n","protected":false},"author":1436,"featured_media":688131,"comment_status":"closed","ping_status":"closed","sticky":false,"template":"","format":"standard","meta":{"footnotes":""},"categories":[60,47],"tags":[7571,35634,672,39580,15423,29215],"class_list":["post-688130","post","type-post","status-publish","format-standard","has-post-thumbnail","hentry","category-diritti-umani","category-europa","tag-accoglienza","tag-ada-colau-it","tag-alex-zanotelli","tag-domenico-lucano","tag-luigi-de-magistris","tag-riace"],"yoast_head":"<!-- This site is optimized with the Yoast SEO plugin v27.1.1 - https:\/\/yoast.com\/product\/yoast-seo-wordpress\/ -->\n<title>Perch\u00e9 avete paura di Riace?<\/title>\n<meta name=\"description\" content=\"A Riace sono riusciti a fare quello che in tanti diciamo di voler fare. \u201cNoi lo diciamo, loro l\u2019hano fatto\u201d, ci dice in un\u2019intervista video Ada Colau, la\" \/>\n<meta name=\"robots\" content=\"index, follow, max-snippet:-1, max-image-preview:large, max-video-preview:-1\" \/>\n<link rel=\"canonical\" href=\"https:\/\/www.pressenza.com\/it\/2018\/08\/perche-avete-paura-di-riace\/\" \/>\n<meta property=\"og:locale\" content=\"it_IT\" \/>\n<meta property=\"og:type\" content=\"article\" \/>\n<meta property=\"og:title\" content=\"Perch\u00e9 avete paura di Riace?\" \/>\n<meta property=\"og:description\" content=\"A Riace sono riusciti a fare quello che in tanti diciamo di voler fare. \u201cNoi lo diciamo, loro l\u2019hano fatto\u201d, ci dice in un\u2019intervista video Ada Colau, la\" \/>\n<meta property=\"og:url\" content=\"https:\/\/www.pressenza.com\/it\/2018\/08\/perche-avete-paura-di-riace\/\" \/>\n<meta property=\"og:site_name\" content=\"Pressenza\" \/>\n<meta property=\"article:publisher\" content=\"https:\/\/www.facebook.com\/PressenzaItalia\" \/>\n<meta property=\"article:published_time\" content=\"2018-08-05T19:33:25+00:00\" \/>\n<meta property=\"article:modified_time\" content=\"2018-08-05T19:50:27+00:00\" \/>\n<meta property=\"og:image\" content=\"https:\/\/www.pressenza.com\/wp-content\/uploads\/2018\/08\/lucano-zanotelli-ada-colau-1024x576.jpg\" \/>\n\t<meta property=\"og:image:width\" content=\"1024\" \/>\n\t<meta property=\"og:image:height\" content=\"576\" \/>\n\t<meta property=\"og:image:type\" content=\"image\/jpeg\" \/>\n<meta name=\"author\" content=\"Comune-info\" \/>\n<meta name=\"twitter:card\" content=\"summary_large_image\" \/>\n<meta name=\"twitter:creator\" content=\"@PressenzaIPA\" \/>\n<meta name=\"twitter:site\" content=\"@PressenzaIPA\" \/>\n<meta name=\"twitter:label1\" content=\"Scritto da\" \/>\n\t<meta name=\"twitter:data1\" content=\"Comune-info\" \/>\n\t<meta name=\"twitter:label2\" content=\"Tempo di lettura stimato\" \/>\n\t<meta name=\"twitter:data2\" content=\"5 minuti\" \/>\n<script type=\"application\/ld+json\" class=\"yoast-schema-graph\">{\"@context\":\"https:\/\/schema.org\",\"@graph\":[{\"@type\":\"Article\",\"@id\":\"https:\/\/www.pressenza.com\/it\/2018\/08\/perche-avete-paura-di-riace\/#article\",\"isPartOf\":{\"@id\":\"https:\/\/www.pressenza.com\/it\/2018\/08\/perche-avete-paura-di-riace\/\"},\"author\":{\"name\":\"Comune-info\",\"@id\":\"https:\/\/www.pressenza.com\/it\/#\/schema\/person\/1ee2824dbc73024ca26b2ff0897954a1\"},\"headline\":\"Perch\u00e9 avete paura di Riace?\",\"datePublished\":\"2018-08-05T19:33:25+00:00\",\"dateModified\":\"2018-08-05T19:50:27+00:00\",\"mainEntityOfPage\":{\"@id\":\"https:\/\/www.pressenza.com\/it\/2018\/08\/perche-avete-paura-di-riace\/\"},\"wordCount\":938,\"publisher\":{\"@id\":\"https:\/\/www.pressenza.com\/it\/#organization\"},\"image\":{\"@id\":\"https:\/\/www.pressenza.com\/it\/2018\/08\/perche-avete-paura-di-riace\/#primaryimage\"},\"thumbnailUrl\":\"https:\/\/www.pressenza.com\/wp-content\/uploads\/2018\/08\/lucano-zanotelli-ada-colau-1024x576.jpg\",\"keywords\":[\"accoglienza\",\"Ada Colau\",\"Alex Zanotelli\",\"Domenico Lucano\",\"Luigi de Magistris\",\"Riace\"],\"articleSection\":[\"Diritti Umani\",\"Europa\"],\"inLanguage\":\"it-IT\"},{\"@type\":\"WebPage\",\"@id\":\"https:\/\/www.pressenza.com\/it\/2018\/08\/perche-avete-paura-di-riace\/\",\"url\":\"https:\/\/www.pressenza.com\/it\/2018\/08\/perche-avete-paura-di-riace\/\",\"name\":\"Perch\u00e9 avete paura di Riace?\",\"isPartOf\":{\"@id\":\"https:\/\/www.pressenza.com\/it\/#website\"},\"primaryImageOfPage\":{\"@id\":\"https:\/\/www.pressenza.com\/it\/2018\/08\/perche-avete-paura-di-riace\/#primaryimage\"},\"image\":{\"@id\":\"https:\/\/www.pressenza.com\/it\/2018\/08\/perche-avete-paura-di-riace\/#primaryimage\"},\"thumbnailUrl\":\"https:\/\/www.pressenza.com\/wp-content\/uploads\/2018\/08\/lucano-zanotelli-ada-colau-1024x576.jpg\",\"datePublished\":\"2018-08-05T19:33:25+00:00\",\"dateModified\":\"2018-08-05T19:50:27+00:00\",\"description\":\"A Riace sono riusciti a fare quello che in tanti diciamo di voler fare. \u201cNoi lo diciamo, loro l\u2019hano fatto\u201d, ci dice in un\u2019intervista video Ada Colau, la\",\"breadcrumb\":{\"@id\":\"https:\/\/www.pressenza.com\/it\/2018\/08\/perche-avete-paura-di-riace\/#breadcrumb\"},\"inLanguage\":\"it-IT\",\"potentialAction\":[{\"@type\":\"ReadAction\",\"target\":[\"https:\/\/www.pressenza.com\/it\/2018\/08\/perche-avete-paura-di-riace\/\"]}]},{\"@type\":\"ImageObject\",\"inLanguage\":\"it-IT\",\"@id\":\"https:\/\/www.pressenza.com\/it\/2018\/08\/perche-avete-paura-di-riace\/#primaryimage\",\"url\":\"https:\/\/www.pressenza.com\/wp-content\/uploads\/2018\/08\/lucano-zanotelli-ada-colau-1024x576.jpg\",\"contentUrl\":\"https:\/\/www.pressenza.com\/wp-content\/uploads\/2018\/08\/lucano-zanotelli-ada-colau-1024x576.jpg\",\"width\":1024,\"height\":576},{\"@type\":\"BreadcrumbList\",\"@id\":\"https:\/\/www.pressenza.com\/it\/2018\/08\/perche-avete-paura-di-riace\/#breadcrumb\",\"itemListElement\":[{\"@type\":\"ListItem\",\"position\":1,\"name\":\"Accueil\",\"item\":\"https:\/\/www.pressenza.com\/it\/\"},{\"@type\":\"ListItem\",\"position\":2,\"name\":\"Perch\u00e9 avete paura di Riace?\"}]},{\"@type\":\"WebSite\",\"@id\":\"https:\/\/www.pressenza.com\/it\/#website\",\"url\":\"https:\/\/www.pressenza.com\/it\/\",\"name\":\"Pressenza\",\"description\":\"Agenzia di Stampa Internazionale\",\"publisher\":{\"@id\":\"https:\/\/www.pressenza.com\/it\/#organization\"},\"potentialAction\":[{\"@type\":\"SearchAction\",\"target\":{\"@type\":\"EntryPoint\",\"urlTemplate\":\"https:\/\/www.pressenza.com\/it\/?s={search_term_string}\"},\"query-input\":{\"@type\":\"PropertyValueSpecification\",\"valueRequired\":true,\"valueName\":\"search_term_string\"}}],\"inLanguage\":\"it-IT\"},{\"@type\":\"Organization\",\"@id\":\"https:\/\/www.pressenza.com\/it\/#organization\",\"name\":\"Pressenza\",\"url\":\"https:\/\/www.pressenza.com\/it\/\",\"logo\":{\"@type\":\"ImageObject\",\"inLanguage\":\"it-IT\",\"@id\":\"https:\/\/www.pressenza.com\/it\/#\/schema\/logo\/image\/\",\"url\":\"https:\/\/www.pressenza.com\/wp-content\/uploads\/2022\/10\/pressenza_logo_200x200.jpg\",\"contentUrl\":\"https:\/\/www.pressenza.com\/wp-content\/uploads\/2022\/10\/pressenza_logo_200x200.jpg\",\"width\":200,\"height\":200,\"caption\":\"Pressenza\"},\"image\":{\"@id\":\"https:\/\/www.pressenza.com\/it\/#\/schema\/logo\/image\/\"},\"sameAs\":[\"https:\/\/www.facebook.com\/PressenzaItalia\",\"https:\/\/x.com\/PressenzaIPA\"]},{\"@type\":\"Person\",\"@id\":\"https:\/\/www.pressenza.com\/it\/#\/schema\/person\/1ee2824dbc73024ca26b2ff0897954a1\",\"name\":\"Comune-info\",\"description\":\"Informazione indipendente su beni comuni, decrescita, altra economia\",\"sameAs\":[\"http:\/\/comune-info.net\/\"],\"url\":\"https:\/\/www.pressenza.com\/it\/author\/comune-info\/\"}]}<\/script>\n<!-- \/ Yoast SEO plugin. -->","yoast_head_json":{"title":"Perch\u00e9 avete paura di Riace?","description":"A Riace sono riusciti a fare quello che in tanti diciamo di voler fare. \u201cNoi lo diciamo, loro l\u2019hano fatto\u201d, ci dice in un\u2019intervista video Ada Colau, la","robots":{"index":"index","follow":"follow","max-snippet":"max-snippet:-1","max-image-preview":"max-image-preview:large","max-video-preview":"max-video-preview:-1"},"canonical":"https:\/\/www.pressenza.com\/it\/2018\/08\/perche-avete-paura-di-riace\/","og_locale":"it_IT","og_type":"article","og_title":"Perch\u00e9 avete paura di Riace?","og_description":"A Riace sono riusciti a fare quello che in tanti diciamo di voler fare. \u201cNoi lo diciamo, loro l\u2019hano fatto\u201d, ci dice in un\u2019intervista video Ada Colau, la","og_url":"https:\/\/www.pressenza.com\/it\/2018\/08\/perche-avete-paura-di-riace\/","og_site_name":"Pressenza","article_publisher":"https:\/\/www.facebook.com\/PressenzaItalia","article_published_time":"2018-08-05T19:33:25+00:00","article_modified_time":"2018-08-05T19:50:27+00:00","og_image":[{"width":1024,"height":576,"url":"https:\/\/www.pressenza.com\/wp-content\/uploads\/2018\/08\/lucano-zanotelli-ada-colau-1024x576.jpg","type":"image\/jpeg"}],"author":"Comune-info","twitter_card":"summary_large_image","twitter_creator":"@PressenzaIPA","twitter_site":"@PressenzaIPA","twitter_misc":{"Scritto da":"Comune-info","Tempo di lettura stimato":"5 minuti"},"schema":{"@context":"https:\/\/schema.org","@graph":[{"@type":"Article","@id":"https:\/\/www.pressenza.com\/it\/2018\/08\/perche-avete-paura-di-riace\/#article","isPartOf":{"@id":"https:\/\/www.pressenza.com\/it\/2018\/08\/perche-avete-paura-di-riace\/"},"author":{"name":"Comune-info","@id":"https:\/\/www.pressenza.com\/it\/#\/schema\/person\/1ee2824dbc73024ca26b2ff0897954a1"},"headline":"Perch\u00e9 avete paura di Riace?","datePublished":"2018-08-05T19:33:25+00:00","dateModified":"2018-08-05T19:50:27+00:00","mainEntityOfPage":{"@id":"https:\/\/www.pressenza.com\/it\/2018\/08\/perche-avete-paura-di-riace\/"},"wordCount":938,"publisher":{"@id":"https:\/\/www.pressenza.com\/it\/#organization"},"image":{"@id":"https:\/\/www.pressenza.com\/it\/2018\/08\/perche-avete-paura-di-riace\/#primaryimage"},"thumbnailUrl":"https:\/\/www.pressenza.com\/wp-content\/uploads\/2018\/08\/lucano-zanotelli-ada-colau-1024x576.jpg","keywords":["accoglienza","Ada Colau","Alex Zanotelli","Domenico Lucano","Luigi de Magistris","Riace"],"articleSection":["Diritti Umani","Europa"],"inLanguage":"it-IT"},{"@type":"WebPage","@id":"https:\/\/www.pressenza.com\/it\/2018\/08\/perche-avete-paura-di-riace\/","url":"https:\/\/www.pressenza.com\/it\/2018\/08\/perche-avete-paura-di-riace\/","name":"Perch\u00e9 avete paura di Riace?","isPartOf":{"@id":"https:\/\/www.pressenza.com\/it\/#website"},"primaryImageOfPage":{"@id":"https:\/\/www.pressenza.com\/it\/2018\/08\/perche-avete-paura-di-riace\/#primaryimage"},"image":{"@id":"https:\/\/www.pressenza.com\/it\/2018\/08\/perche-avete-paura-di-riace\/#primaryimage"},"thumbnailUrl":"https:\/\/www.pressenza.com\/wp-content\/uploads\/2018\/08\/lucano-zanotelli-ada-colau-1024x576.jpg","datePublished":"2018-08-05T19:33:25+00:00","dateModified":"2018-08-05T19:50:27+00:00","description":"A Riace sono riusciti a fare quello che in tanti diciamo di voler fare. \u201cNoi lo diciamo, loro l\u2019hano fatto\u201d, ci dice in un\u2019intervista video Ada Colau, la","breadcrumb":{"@id":"https:\/\/www.pressenza.com\/it\/2018\/08\/perche-avete-paura-di-riace\/#breadcrumb"},"inLanguage":"it-IT","potentialAction":[{"@type":"ReadAction","target":["https:\/\/www.pressenza.com\/it\/2018\/08\/perche-avete-paura-di-riace\/"]}]},{"@type":"ImageObject","inLanguage":"it-IT","@id":"https:\/\/www.pressenza.com\/it\/2018\/08\/perche-avete-paura-di-riace\/#primaryimage","url":"https:\/\/www.pressenza.com\/wp-content\/uploads\/2018\/08\/lucano-zanotelli-ada-colau-1024x576.jpg","contentUrl":"https:\/\/www.pressenza.com\/wp-content\/uploads\/2018\/08\/lucano-zanotelli-ada-colau-1024x576.jpg","width":1024,"height":576},{"@type":"BreadcrumbList","@id":"https:\/\/www.pressenza.com\/it\/2018\/08\/perche-avete-paura-di-riace\/#breadcrumb","itemListElement":[{"@type":"ListItem","position":1,"name":"Accueil","item":"https:\/\/www.pressenza.com\/it\/"},{"@type":"ListItem","position":2,"name":"Perch\u00e9 avete paura di Riace?"}]},{"@type":"WebSite","@id":"https:\/\/www.pressenza.com\/it\/#website","url":"https:\/\/www.pressenza.com\/it\/","name":"Pressenza","description":"Agenzia di Stampa Internazionale","publisher":{"@id":"https:\/\/www.pressenza.com\/it\/#organization"},"potentialAction":[{"@type":"SearchAction","target":{"@type":"EntryPoint","urlTemplate":"https:\/\/www.pressenza.com\/it\/?s={search_term_string}"},"query-input":{"@type":"PropertyValueSpecification","valueRequired":true,"valueName":"search_term_string"}}],"inLanguage":"it-IT"},{"@type":"Organization","@id":"https:\/\/www.pressenza.com\/it\/#organization","name":"Pressenza","url":"https:\/\/www.pressenza.com\/it\/","logo":{"@type":"ImageObject","inLanguage":"it-IT","@id":"https:\/\/www.pressenza.com\/it\/#\/schema\/logo\/image\/","url":"https:\/\/www.pressenza.com\/wp-content\/uploads\/2022\/10\/pressenza_logo_200x200.jpg","contentUrl":"https:\/\/www.pressenza.com\/wp-content\/uploads\/2022\/10\/pressenza_logo_200x200.jpg","width":200,"height":200,"caption":"Pressenza"},"image":{"@id":"https:\/\/www.pressenza.com\/it\/#\/schema\/logo\/image\/"},"sameAs":["https:\/\/www.facebook.com\/PressenzaItalia","https:\/\/x.com\/PressenzaIPA"]},{"@type":"Person","@id":"https:\/\/www.pressenza.com\/it\/#\/schema\/person\/1ee2824dbc73024ca26b2ff0897954a1","name":"Comune-info","description":"Informazione indipendente su beni comuni, decrescita, altra economia","sameAs":["http:\/\/comune-info.net\/"],"url":"https:\/\/www.pressenza.com\/it\/author\/comune-info\/"}]}},"place":"Riace","original_article_url":"https:\/\/comune-info.net\/2018\/08\/perche-avete-paura-di-riace\/","_links":{"self":[{"href":"https:\/\/www.pressenza.com\/it\/wp-json\/wp\/v2\/posts\/688130","targetHints":{"allow":["GET"]}}],"collection":[{"href":"https:\/\/www.pressenza.com\/it\/wp-json\/wp\/v2\/posts"}],"about":[{"href":"https:\/\/www.pressenza.com\/it\/wp-json\/wp\/v2\/types\/post"}],"author":[{"embeddable":true,"href":"https:\/\/www.pressenza.com\/it\/wp-json\/wp\/v2\/users\/1436"}],"replies":[{"embeddable":true,"href":"https:\/\/www.pressenza.com\/it\/wp-json\/wp\/v2\/comments?post=688130"}],"version-history":[{"count":0,"href":"https:\/\/www.pressenza.com\/it\/wp-json\/wp\/v2\/posts\/688130\/revisions"}],"wp:featuredmedia":[{"embeddable":true,"href":"https:\/\/www.pressenza.com\/it\/wp-json\/wp\/v2\/media\/688131"}],"wp:attachment":[{"href":"https:\/\/www.pressenza.com\/it\/wp-json\/wp\/v2\/media?parent=688130"}],"wp:term":[{"taxonomy":"category","embeddable":true,"href":"https:\/\/www.pressenza.com\/it\/wp-json\/wp\/v2\/categories?post=688130"},{"taxonomy":"post_tag","embeddable":true,"href":"https:\/\/www.pressenza.com\/it\/wp-json\/wp\/v2\/tags?post=688130"}],"curies":[{"name":"wp","href":"https:\/\/api.w.org\/{rel}","templated":true}]}}