{"id":688101,"date":"2018-08-05T16:32:18","date_gmt":"2018-08-05T15:32:18","guid":{"rendered":"https:\/\/www.pressenza.com\/?p=688101"},"modified":"2018-08-05T16:33:27","modified_gmt":"2018-08-05T15:33:27","slug":"anpi-roma-sgomberare-il-palazzo-occupato-da-casapound","status":"publish","type":"post","link":"https:\/\/www.pressenza.com\/it\/2018\/08\/anpi-roma-sgomberare-il-palazzo-occupato-da-casapound\/","title":{"rendered":"ANPI Roma: \u00abSgomberare il palazzo occupato da Casapound\u00bb"},"content":{"rendered":"<p>Il comitato provinciale dell\u2019ANPI di Roma esprime il pieno appoggio al sindaco di Cerveteri Alessio Pascucci che, come coordinatore del movimento di sindaci antifascisti &#8220;L&#8217;Italia in Comune&#8221; e membro del Consiglio della Citt\u00e0 metropolitana della Capitale, ha chiesto al ministro dell\u2019Interno, al prefetto di Roma e alla sindaca di Roma di procedere allo sgombero dell&#8217;immobile al numero 8 di via Napoleone III, a due passi dal Viminale,\u00aboccupato dal 2003 dal movimento politico Casapound che ha trasformato tale immobile pubblico nella sede ufficiale del partito\u00bb.<br \/>\nCondividendo pienamente i contenuti e le motivazioni della richiesta, il comitato provinciale dell\u2019ANPI di Roma li fa propri e li rilancia. Per questo ci aspettiamo una risposta forte e decisa.<br \/>\nLe leggi Scelba e Mancino sono pienamente in vigore, il governo ha confermato di volerle estendere, le autorit\u00e0 competenti sono tenute ad applicarle: le organizzazioni razziste e di stampo fascista vanno sciolte e non tollerate in locali pubblici. In uno Stato di Diritto non \u00e8 sopportabile l\u2019applicazione implacabile delle leggi solo per alcune categorie di persone e l\u2019impunit\u00e0 per altre.<\/p>\n","protected":false},"excerpt":{"rendered":"<p>Il comitato provinciale dell\u2019ANPI di Roma esprime il pieno appoggio al sindaco di Cerveteri Alessio Pascucci che, come coordinatore del movimento di sindaci antifascisti &#8220;L&#8217;Italia in Comune&#8221; e membro del Consiglio della Citt\u00e0 metropolitana della Capitale, ha chiesto al ministro&hellip;<\/p>\n","protected":false},"author":1485,"featured_media":688102,"comment_status":"closed","ping_status":"closed","sticky":false,"template":"","format":"standard","meta":{"footnotes":""},"categories":[150,55],"tags":[3467,43754,3873,913],"class_list":["post-688101","post","type-post","status-publish","format-standard","has-post-thumbnail","hentry","category-comunicati-stampa","category-politica","tag-antifascismo","tag-casapound","tag-roma","tag-sgomberi"],"yoast_head":"<!-- This site is optimized with the Yoast SEO plugin v27.1.1 - https:\/\/yoast.com\/product\/yoast-seo-wordpress\/ -->\n<title>ANPI Roma: \u00abSgomberare il palazzo occupato da Casapound\u00bb<\/title>\n<meta name=\"description\" content=\"A Roma stanno diventando ordinari gli sgomberi di spazi occupati dalle reti sociali. La proposta dell&#039;ANPI Roma: \u00absgomberare gli occupanti di Casapound\u00bb.\" \/>\n<meta name=\"robots\" content=\"index, follow, max-snippet:-1, max-image-preview:large, max-video-preview:-1\" \/>\n<link rel=\"canonical\" href=\"https:\/\/www.pressenza.com\/it\/2018\/08\/anpi-roma-sgomberare-il-palazzo-occupato-da-casapound\/\" \/>\n<meta property=\"og:locale\" content=\"it_IT\" \/>\n<meta property=\"og:type\" content=\"article\" \/>\n<meta property=\"og:title\" content=\"ANPI Roma: \u00abSgomberare il palazzo occupato da Casapound\u00bb\" \/>\n<meta property=\"og:description\" content=\"A Roma stanno diventando ordinari gli sgomberi di spazi occupati dalle reti sociali. La proposta dell&#039;ANPI Roma: \u00absgomberare gli occupanti di Casapound\u00bb.\" \/>\n<meta property=\"og:url\" content=\"https:\/\/www.pressenza.com\/it\/2018\/08\/anpi-roma-sgomberare-il-palazzo-occupato-da-casapound\/\" \/>\n<meta property=\"og:site_name\" content=\"Pressenza\" \/>\n<meta property=\"article:publisher\" content=\"https:\/\/www.facebook.com\/PressenzaItalia\" \/>\n<meta property=\"article:published_time\" content=\"2018-08-05T15:32:18+00:00\" \/>\n<meta property=\"article:modified_time\" content=\"2018-08-05T15:33:27+00:00\" \/>\n<meta property=\"og:image\" content=\"https:\/\/www.pressenza.com\/wp-content\/uploads\/2018\/08\/fg-1.jpg\" \/>\n\t<meta property=\"og:image:width\" content=\"960\" \/>\n\t<meta property=\"og:image:height\" content=\"400\" \/>\n\t<meta property=\"og:image:type\" content=\"image\/jpeg\" \/>\n<meta name=\"author\" content=\"ANPI Nazionale\" \/>\n<meta name=\"twitter:card\" content=\"summary_large_image\" \/>\n<meta name=\"twitter:creator\" content=\"@PressenzaIPA\" \/>\n<meta name=\"twitter:site\" content=\"@PressenzaIPA\" \/>\n<meta name=\"twitter:label1\" content=\"Scritto da\" \/>\n\t<meta name=\"twitter:data1\" content=\"ANPI Nazionale\" \/>\n\t<meta name=\"twitter:label2\" content=\"Tempo di lettura stimato\" \/>\n\t<meta name=\"twitter:data2\" content=\"1 minuto\" \/>\n<script type=\"application\/ld+json\" class=\"yoast-schema-graph\">{\"@context\":\"https:\/\/schema.org\",\"@graph\":[{\"@type\":\"Article\",\"@id\":\"https:\/\/www.pressenza.com\/it\/2018\/08\/anpi-roma-sgomberare-il-palazzo-occupato-da-casapound\/#article\",\"isPartOf\":{\"@id\":\"https:\/\/www.pressenza.com\/it\/2018\/08\/anpi-roma-sgomberare-il-palazzo-occupato-da-casapound\/\"},\"author\":{\"name\":\"ANPI Nazionale\",\"@id\":\"https:\/\/www.pressenza.com\/it\/#\/schema\/person\/871f778a3fe060059fa4b16d18d8afd2\"},\"headline\":\"ANPI Roma: \u00abSgomberare il palazzo occupato da Casapound\u00bb\",\"datePublished\":\"2018-08-05T15:32:18+00:00\",\"dateModified\":\"2018-08-05T15:33:27+00:00\",\"mainEntityOfPage\":{\"@id\":\"https:\/\/www.pressenza.com\/it\/2018\/08\/anpi-roma-sgomberare-il-palazzo-occupato-da-casapound\/\"},\"wordCount\":187,\"publisher\":{\"@id\":\"https:\/\/www.pressenza.com\/it\/#organization\"},\"image\":{\"@id\":\"https:\/\/www.pressenza.com\/it\/2018\/08\/anpi-roma-sgomberare-il-palazzo-occupato-da-casapound\/#primaryimage\"},\"thumbnailUrl\":\"https:\/\/www.pressenza.com\/wp-content\/uploads\/2018\/08\/fg-1.jpg\",\"keywords\":[\"antifascismo\",\"CasaPound\",\"Roma\",\"sgomberi\"],\"articleSection\":[\"Comunicati Stampa\",\"Politica\"],\"inLanguage\":\"it-IT\"},{\"@type\":\"WebPage\",\"@id\":\"https:\/\/www.pressenza.com\/it\/2018\/08\/anpi-roma-sgomberare-il-palazzo-occupato-da-casapound\/\",\"url\":\"https:\/\/www.pressenza.com\/it\/2018\/08\/anpi-roma-sgomberare-il-palazzo-occupato-da-casapound\/\",\"name\":\"ANPI Roma: \u00abSgomberare il palazzo occupato da Casapound\u00bb\",\"isPartOf\":{\"@id\":\"https:\/\/www.pressenza.com\/it\/#website\"},\"primaryImageOfPage\":{\"@id\":\"https:\/\/www.pressenza.com\/it\/2018\/08\/anpi-roma-sgomberare-il-palazzo-occupato-da-casapound\/#primaryimage\"},\"image\":{\"@id\":\"https:\/\/www.pressenza.com\/it\/2018\/08\/anpi-roma-sgomberare-il-palazzo-occupato-da-casapound\/#primaryimage\"},\"thumbnailUrl\":\"https:\/\/www.pressenza.com\/wp-content\/uploads\/2018\/08\/fg-1.jpg\",\"datePublished\":\"2018-08-05T15:32:18+00:00\",\"dateModified\":\"2018-08-05T15:33:27+00:00\",\"description\":\"A Roma stanno diventando ordinari gli sgomberi di spazi occupati dalle reti sociali. La proposta dell'ANPI Roma: \u00absgomberare gli occupanti di Casapound\u00bb.\",\"breadcrumb\":{\"@id\":\"https:\/\/www.pressenza.com\/it\/2018\/08\/anpi-roma-sgomberare-il-palazzo-occupato-da-casapound\/#breadcrumb\"},\"inLanguage\":\"it-IT\",\"potentialAction\":[{\"@type\":\"ReadAction\",\"target\":[\"https:\/\/www.pressenza.com\/it\/2018\/08\/anpi-roma-sgomberare-il-palazzo-occupato-da-casapound\/\"]}]},{\"@type\":\"ImageObject\",\"inLanguage\":\"it-IT\",\"@id\":\"https:\/\/www.pressenza.com\/it\/2018\/08\/anpi-roma-sgomberare-il-palazzo-occupato-da-casapound\/#primaryimage\",\"url\":\"https:\/\/www.pressenza.com\/wp-content\/uploads\/2018\/08\/fg-1.jpg\",\"contentUrl\":\"https:\/\/www.pressenza.com\/wp-content\/uploads\/2018\/08\/fg-1.jpg\",\"width\":960,\"height\":400},{\"@type\":\"BreadcrumbList\",\"@id\":\"https:\/\/www.pressenza.com\/it\/2018\/08\/anpi-roma-sgomberare-il-palazzo-occupato-da-casapound\/#breadcrumb\",\"itemListElement\":[{\"@type\":\"ListItem\",\"position\":1,\"name\":\"Accueil\",\"item\":\"https:\/\/www.pressenza.com\/it\/\"},{\"@type\":\"ListItem\",\"position\":2,\"name\":\"ANPI Roma: \u00abSgomberare il palazzo occupato da Casapound\u00bb\"}]},{\"@type\":\"WebSite\",\"@id\":\"https:\/\/www.pressenza.com\/it\/#website\",\"url\":\"https:\/\/www.pressenza.com\/it\/\",\"name\":\"Pressenza\",\"description\":\"Agenzia di Stampa Internazionale\",\"publisher\":{\"@id\":\"https:\/\/www.pressenza.com\/it\/#organization\"},\"potentialAction\":[{\"@type\":\"SearchAction\",\"target\":{\"@type\":\"EntryPoint\",\"urlTemplate\":\"https:\/\/www.pressenza.com\/it\/?s={search_term_string}\"},\"query-input\":{\"@type\":\"PropertyValueSpecification\",\"valueRequired\":true,\"valueName\":\"search_term_string\"}}],\"inLanguage\":\"it-IT\"},{\"@type\":\"Organization\",\"@id\":\"https:\/\/www.pressenza.com\/it\/#organization\",\"name\":\"Pressenza\",\"url\":\"https:\/\/www.pressenza.com\/it\/\",\"logo\":{\"@type\":\"ImageObject\",\"inLanguage\":\"it-IT\",\"@id\":\"https:\/\/www.pressenza.com\/it\/#\/schema\/logo\/image\/\",\"url\":\"https:\/\/www.pressenza.com\/wp-content\/uploads\/2022\/10\/pressenza_logo_200x200.jpg\",\"contentUrl\":\"https:\/\/www.pressenza.com\/wp-content\/uploads\/2022\/10\/pressenza_logo_200x200.jpg\",\"width\":200,\"height\":200,\"caption\":\"Pressenza\"},\"image\":{\"@id\":\"https:\/\/www.pressenza.com\/it\/#\/schema\/logo\/image\/\"},\"sameAs\":[\"https:\/\/www.facebook.com\/PressenzaItalia\",\"https:\/\/x.com\/PressenzaIPA\"]},{\"@type\":\"Person\",\"@id\":\"https:\/\/www.pressenza.com\/it\/#\/schema\/person\/871f778a3fe060059fa4b16d18d8afd2\",\"name\":\"ANPI Nazionale\",\"description\":\"L\u2019ANPI, Associazione Nazionale dei Partigiani d\u2019Italia, fin dall\u2019atto della sua nascita \u00e8 impegnata fortemente a difendere e diffondere nel paese gli ideali di libert\u00e0, democrazia e pace scaturiti dalla Resistenza da cui \u00e8 nata la nostra Costituzione\",\"sameAs\":[\"http:\/\/www.anpi.it\/\"],\"url\":\"https:\/\/www.pressenza.com\/it\/author\/anpi-nazionale\/\"}]}<\/script>\n<!-- \/ Yoast SEO plugin. -->","yoast_head_json":{"title":"ANPI Roma: \u00abSgomberare il palazzo occupato da Casapound\u00bb","description":"A Roma stanno diventando ordinari gli sgomberi di spazi occupati dalle reti sociali. La proposta dell'ANPI Roma: \u00absgomberare gli occupanti di Casapound\u00bb.","robots":{"index":"index","follow":"follow","max-snippet":"max-snippet:-1","max-image-preview":"max-image-preview:large","max-video-preview":"max-video-preview:-1"},"canonical":"https:\/\/www.pressenza.com\/it\/2018\/08\/anpi-roma-sgomberare-il-palazzo-occupato-da-casapound\/","og_locale":"it_IT","og_type":"article","og_title":"ANPI Roma: \u00abSgomberare il palazzo occupato da Casapound\u00bb","og_description":"A Roma stanno diventando ordinari gli sgomberi di spazi occupati dalle reti sociali. La proposta dell'ANPI Roma: \u00absgomberare gli occupanti di Casapound\u00bb.","og_url":"https:\/\/www.pressenza.com\/it\/2018\/08\/anpi-roma-sgomberare-il-palazzo-occupato-da-casapound\/","og_site_name":"Pressenza","article_publisher":"https:\/\/www.facebook.com\/PressenzaItalia","article_published_time":"2018-08-05T15:32:18+00:00","article_modified_time":"2018-08-05T15:33:27+00:00","og_image":[{"width":960,"height":400,"url":"https:\/\/www.pressenza.com\/wp-content\/uploads\/2018\/08\/fg-1.jpg","type":"image\/jpeg"}],"author":"ANPI Nazionale","twitter_card":"summary_large_image","twitter_creator":"@PressenzaIPA","twitter_site":"@PressenzaIPA","twitter_misc":{"Scritto da":"ANPI Nazionale","Tempo di lettura stimato":"1 minuto"},"schema":{"@context":"https:\/\/schema.org","@graph":[{"@type":"Article","@id":"https:\/\/www.pressenza.com\/it\/2018\/08\/anpi-roma-sgomberare-il-palazzo-occupato-da-casapound\/#article","isPartOf":{"@id":"https:\/\/www.pressenza.com\/it\/2018\/08\/anpi-roma-sgomberare-il-palazzo-occupato-da-casapound\/"},"author":{"name":"ANPI Nazionale","@id":"https:\/\/www.pressenza.com\/it\/#\/schema\/person\/871f778a3fe060059fa4b16d18d8afd2"},"headline":"ANPI Roma: \u00abSgomberare il palazzo occupato da Casapound\u00bb","datePublished":"2018-08-05T15:32:18+00:00","dateModified":"2018-08-05T15:33:27+00:00","mainEntityOfPage":{"@id":"https:\/\/www.pressenza.com\/it\/2018\/08\/anpi-roma-sgomberare-il-palazzo-occupato-da-casapound\/"},"wordCount":187,"publisher":{"@id":"https:\/\/www.pressenza.com\/it\/#organization"},"image":{"@id":"https:\/\/www.pressenza.com\/it\/2018\/08\/anpi-roma-sgomberare-il-palazzo-occupato-da-casapound\/#primaryimage"},"thumbnailUrl":"https:\/\/www.pressenza.com\/wp-content\/uploads\/2018\/08\/fg-1.jpg","keywords":["antifascismo","CasaPound","Roma","sgomberi"],"articleSection":["Comunicati Stampa","Politica"],"inLanguage":"it-IT"},{"@type":"WebPage","@id":"https:\/\/www.pressenza.com\/it\/2018\/08\/anpi-roma-sgomberare-il-palazzo-occupato-da-casapound\/","url":"https:\/\/www.pressenza.com\/it\/2018\/08\/anpi-roma-sgomberare-il-palazzo-occupato-da-casapound\/","name":"ANPI Roma: \u00abSgomberare il palazzo occupato da Casapound\u00bb","isPartOf":{"@id":"https:\/\/www.pressenza.com\/it\/#website"},"primaryImageOfPage":{"@id":"https:\/\/www.pressenza.com\/it\/2018\/08\/anpi-roma-sgomberare-il-palazzo-occupato-da-casapound\/#primaryimage"},"image":{"@id":"https:\/\/www.pressenza.com\/it\/2018\/08\/anpi-roma-sgomberare-il-palazzo-occupato-da-casapound\/#primaryimage"},"thumbnailUrl":"https:\/\/www.pressenza.com\/wp-content\/uploads\/2018\/08\/fg-1.jpg","datePublished":"2018-08-05T15:32:18+00:00","dateModified":"2018-08-05T15:33:27+00:00","description":"A Roma stanno diventando ordinari gli sgomberi di spazi occupati dalle reti sociali. La proposta dell'ANPI Roma: \u00absgomberare gli occupanti di Casapound\u00bb.","breadcrumb":{"@id":"https:\/\/www.pressenza.com\/it\/2018\/08\/anpi-roma-sgomberare-il-palazzo-occupato-da-casapound\/#breadcrumb"},"inLanguage":"it-IT","potentialAction":[{"@type":"ReadAction","target":["https:\/\/www.pressenza.com\/it\/2018\/08\/anpi-roma-sgomberare-il-palazzo-occupato-da-casapound\/"]}]},{"@type":"ImageObject","inLanguage":"it-IT","@id":"https:\/\/www.pressenza.com\/it\/2018\/08\/anpi-roma-sgomberare-il-palazzo-occupato-da-casapound\/#primaryimage","url":"https:\/\/www.pressenza.com\/wp-content\/uploads\/2018\/08\/fg-1.jpg","contentUrl":"https:\/\/www.pressenza.com\/wp-content\/uploads\/2018\/08\/fg-1.jpg","width":960,"height":400},{"@type":"BreadcrumbList","@id":"https:\/\/www.pressenza.com\/it\/2018\/08\/anpi-roma-sgomberare-il-palazzo-occupato-da-casapound\/#breadcrumb","itemListElement":[{"@type":"ListItem","position":1,"name":"Accueil","item":"https:\/\/www.pressenza.com\/it\/"},{"@type":"ListItem","position":2,"name":"ANPI Roma: \u00abSgomberare il palazzo occupato da Casapound\u00bb"}]},{"@type":"WebSite","@id":"https:\/\/www.pressenza.com\/it\/#website","url":"https:\/\/www.pressenza.com\/it\/","name":"Pressenza","description":"Agenzia di Stampa Internazionale","publisher":{"@id":"https:\/\/www.pressenza.com\/it\/#organization"},"potentialAction":[{"@type":"SearchAction","target":{"@type":"EntryPoint","urlTemplate":"https:\/\/www.pressenza.com\/it\/?s={search_term_string}"},"query-input":{"@type":"PropertyValueSpecification","valueRequired":true,"valueName":"search_term_string"}}],"inLanguage":"it-IT"},{"@type":"Organization","@id":"https:\/\/www.pressenza.com\/it\/#organization","name":"Pressenza","url":"https:\/\/www.pressenza.com\/it\/","logo":{"@type":"ImageObject","inLanguage":"it-IT","@id":"https:\/\/www.pressenza.com\/it\/#\/schema\/logo\/image\/","url":"https:\/\/www.pressenza.com\/wp-content\/uploads\/2022\/10\/pressenza_logo_200x200.jpg","contentUrl":"https:\/\/www.pressenza.com\/wp-content\/uploads\/2022\/10\/pressenza_logo_200x200.jpg","width":200,"height":200,"caption":"Pressenza"},"image":{"@id":"https:\/\/www.pressenza.com\/it\/#\/schema\/logo\/image\/"},"sameAs":["https:\/\/www.facebook.com\/PressenzaItalia","https:\/\/x.com\/PressenzaIPA"]},{"@type":"Person","@id":"https:\/\/www.pressenza.com\/it\/#\/schema\/person\/871f778a3fe060059fa4b16d18d8afd2","name":"ANPI Nazionale","description":"L\u2019ANPI, Associazione Nazionale dei Partigiani d\u2019Italia, fin dall\u2019atto della sua nascita \u00e8 impegnata fortemente a difendere e diffondere nel paese gli ideali di libert\u00e0, democrazia e pace scaturiti dalla Resistenza da cui \u00e8 nata la nostra Costituzione","sameAs":["http:\/\/www.anpi.it\/"],"url":"https:\/\/www.pressenza.com\/it\/author\/anpi-nazionale\/"}]}},"place":"","original_article_url":"","_links":{"self":[{"href":"https:\/\/www.pressenza.com\/it\/wp-json\/wp\/v2\/posts\/688101","targetHints":{"allow":["GET"]}}],"collection":[{"href":"https:\/\/www.pressenza.com\/it\/wp-json\/wp\/v2\/posts"}],"about":[{"href":"https:\/\/www.pressenza.com\/it\/wp-json\/wp\/v2\/types\/post"}],"author":[{"embeddable":true,"href":"https:\/\/www.pressenza.com\/it\/wp-json\/wp\/v2\/users\/1485"}],"replies":[{"embeddable":true,"href":"https:\/\/www.pressenza.com\/it\/wp-json\/wp\/v2\/comments?post=688101"}],"version-history":[{"count":0,"href":"https:\/\/www.pressenza.com\/it\/wp-json\/wp\/v2\/posts\/688101\/revisions"}],"wp:featuredmedia":[{"embeddable":true,"href":"https:\/\/www.pressenza.com\/it\/wp-json\/wp\/v2\/media\/688102"}],"wp:attachment":[{"href":"https:\/\/www.pressenza.com\/it\/wp-json\/wp\/v2\/media?parent=688101"}],"wp:term":[{"taxonomy":"category","embeddable":true,"href":"https:\/\/www.pressenza.com\/it\/wp-json\/wp\/v2\/categories?post=688101"},{"taxonomy":"post_tag","embeddable":true,"href":"https:\/\/www.pressenza.com\/it\/wp-json\/wp\/v2\/tags?post=688101"}],"curies":[{"name":"wp","href":"https:\/\/api.w.org\/{rel}","templated":true}]}}