{"id":686813,"date":"2018-08-03T14:04:02","date_gmt":"2018-08-03T13:04:02","guid":{"rendered":"https:\/\/www.pressenza.com\/?p=686813"},"modified":"2018-08-03T14:08:17","modified_gmt":"2018-08-03T13:08:17","slug":"welcoming-europe-un-cammino-di-giustizia","status":"publish","type":"post","link":"https:\/\/www.pressenza.com\/it\/2018\/08\/welcoming-europe-un-cammino-di-giustizia\/","title":{"rendered":"Welcoming Europe, un cammino di giustizia"},"content":{"rendered":"<p>di Alessandra Mecozzi<\/p>\n<p>Il rapporto 2018 di Medici per i Diritti Umani, \u201c<a href=\"http:\/\/www.osservatoriodiritti.it\/2018\/05\/03\/migranti-piana-di-gioia-tauro-medu\/\"><strong>I dannati della terra<\/strong>\u201d,<\/a>\u00a0<strong>racconta la condizione in cui vivono oltre 3000 migranti, nella Piana di Gioia Tauro.<\/strong>\u00a0\u00abAlmeno 3.500 persone, distribuite tra i vari insediamenti informali sparsi nella Piana, hanno fornito in questo periodo manodopera flessibile e a basso costo, ai produttori locali di arance, clementine e kiwi\u00bb. \u00abAlle condizioni di grave sfruttamento lavorativo, si aggiungono quelle abitative, che sono altamente drammatiche\u00bb.\u00a0<strong>Vivono tra cumuli di immondizia, dormono su materassi per terra\u00a0 o su vecchie reti, usano latrine fatiscenti. Bruciano plastica bruciata per potersi scaldare.<\/strong><\/p>\n<p><strong>Sempre pi\u00f9 l\u2019Italia e l\u2019Europa tutta stanno diventando<\/strong>\u00a0<strong>zone di super sfruttamento di migranti, dei muri e dei fili spinati<\/strong>. Si cerca invano di arrestare un processo migratorio, generato dalle disuguaglianze, dallo sfruttamento delle risorse e dalle guerre, provocate anche dalla stessa Europa. Una campagna politica mediatica, da anni orchestrata, insieme a politiche migratorie sempre pi\u00f9 inadeguate,\u00a0<strong>spargono ignoranza e paura,<\/strong><strong>\u00a0immettendo nelle societ\u00e0 i germi dell\u2019odio e del rifiuto del diverso.<\/strong>\u00a0Episodi ignobili di violenza contro migranti di giorno in giorno. Spesso, a coprire abusi e ingiustizie, viene chiamata in causa la legalit\u00e0. Quale legalit\u00e0 quando la regola \u00e8 diventata l\u2019ingiustizia verso persone deboli e bisognose di aiuto, disposte a sopportare di tutto, dalle traversate del deserto ai viaggi in mare su barconi scassati, a rischiare la vita pur di poter sperare in una vita migliore, quando non la stessa sopravvivenza per s\u00e9 e le proprie famiglie.<\/p>\n<p><img loading=\"lazy\" decoding=\"async\" class=\"alignnone wp-image-686897 size-full\" src=\"https:\/\/www.pressenza.com\/wp-content\/uploads\/2018\/08\/Margaronis_Migrant_Crisis_rtr_img-768x484.jpg\" alt=\"\" width=\"768\" height=\"484\" srcset=\"https:\/\/www.pressenza.com\/wp-content\/uploads\/2018\/08\/Margaronis_Migrant_Crisis_rtr_img-768x484.jpg 768w, https:\/\/www.pressenza.com\/wp-content\/uploads\/2018\/08\/Margaronis_Migrant_Crisis_rtr_img-768x484-300x189.jpg 300w, https:\/\/www.pressenza.com\/wp-content\/uploads\/2018\/08\/Margaronis_Migrant_Crisis_rtr_img-768x484-720x454.jpg 720w\" sizes=\"auto, (max-width: 768px) 100vw, 768px\" \/><\/p>\n<p><strong>Viene invocata umanit\u00e0, ma serve soprattutto affermare giustizia.\u00a0<\/strong>Con questo obiettivo diverse associazioni piccole e grandi, la societ\u00e0 che non si rassegna all\u2019incivilt\u00e0, hanno promosso l\u2019 iniziativa cittadina europea\u00a0<strong><a href=\"http:\/\/welcomingeurope.it\/\">\u201cWelcoming europe. Per un\u2019Europa che accoglie\u201d<\/a>,<\/strong>\u00a0strumento di democrazia partecipativa all\u2019interno dell\u2019Unione europea. Perch\u00e9 possa realizzarsi occorre raccogliere entro febbraio 2019\u00a0<strong>un milione di firme in almeno 7 paesi membri.<\/strong>\u00a0L\u2019iniziativa dei cittadini europei (ICE) invita la Commissione europea a presentare un atto legislativo in materie di competenza UE. In questo caso propone di intervenire su\u00a0<strong>tre questioni<\/strong>\u00a0che riguardano tutti i paesi europei: far valere\u00a0<strong>il diritto\/dovere della solidariet\u00e0, il diritto\/dovere di creare passaggi legali e sicuri per i migranti, il diritto\/dovere di proteggerli dagli abusi, in particolare quelli lavorativi.<\/strong><strong>\u00a0<\/strong><\/p>\n<ol>\n<li>Distribuire alimenti e bevande, dare un passaggio, comprare un biglietto o ospitare un migrante sono passibili di una multa o addirittura dell\u2019arresto, in 12 paesi europei.\u00a0<strong>Solidariet\u00e0 e assistenza umanitaria sono criminalizzate, addirittura creando il \u201creato di soccorso\u201d!<\/strong>\u00a0L\u2019 attacco alle Ong che soccorrono in mare ne \u00e8 un esempio, ma sono numerosi i casi di privati cittadini denunciati e arrestati, perch\u00e9 spinti dal senso di solidariet\u00e0 umana a soccorrere migranti. Tra i casi pi\u00f9 noti, quello della guida Benoit Ducos, che ha soccorso alla frontiera con l\u2019Italia una donna incinta e la sua famiglia, accusato di traffico di esseri umani! o il professore Pierre Alain Mannoni, che voleva accompagnare a Nizza tre ragazze eritree, aspettate da un\u2019associazione che si sarebbe presa cura di loro, imputato e processato per reato di soccorso! Don Mussie Zerai, presidente dell\u2019agenzia Habeshia, candidato al premio Nobel per la Pace nel 2015 per la sua attivit\u00e0 in favore di rifugiati e migranti, \u00e8 stato incriminato dalla Procura di Agrigento con l\u2019accusa di complicit\u00e0 con i trafficanti o comunque di favoreggiamento dell\u2019immigrazione clandestina.\u00a0<strong>(<a href=\"http:\/\/nuovidesaparecidos.net\/\">http:\/\/nuovidesaparecidos.net<\/a><\/strong>).\u00a0<strong>I cittadini europei dovrebbero essere in grado di offrire aiuti umanitari e assistenza a tutte le persone bisognose, indipendentemente dal loro status, senza timore di sanzioni o azioni penali.<\/strong>\u00a0Per questo l\u2019Iniziativa Cittadina Europea chiede che la Commissione Europea modifichi in questo senso l\u2019attuale direttiva dell\u2019UE sul favoreggiamento (2002\/90\/CE).<\/li>\n<\/ol>\n<p><img loading=\"lazy\" decoding=\"async\" class=\"alignnone size-full wp-image-686906\" src=\"https:\/\/www.pressenza.com\/wp-content\/uploads\/2018\/08\/Migrants-1067x640-768x461.jpg\" alt=\"\" width=\"768\" height=\"461\" srcset=\"https:\/\/www.pressenza.com\/wp-content\/uploads\/2018\/08\/Migrants-1067x640-768x461.jpg 768w, https:\/\/www.pressenza.com\/wp-content\/uploads\/2018\/08\/Migrants-1067x640-768x461-300x180.jpg 300w, https:\/\/www.pressenza.com\/wp-content\/uploads\/2018\/08\/Migrants-1067x640-768x461-720x432.jpg 720w\" sizes=\"auto, (max-width: 768px) 100vw, 768px\" \/><\/p>\n<ol start=\"2\">\n<li><strong>Passaggi sicuri<\/strong>.\u00a0Dal 1990 sono morti pi\u00f9 di 34 mila migranti nel tentativo di raggiungere via mare l\u2019Europa. L\u2019apertura di vie d\u2019accesso legali e sicure verso paesi disposti ad accogliere rappresenta spesso la sola opportunit\u00e0 di protezione per richiedenti asilo e rifugiati. In\u00a0<strong>Italia<\/strong>,\u00a0dal 2016, alcune organizzazioni religiose (Comunit\u00e0 di Sant\u2019Egidio, Federazione delle Chiese evangeliche in Italia, Chiese valdesi e metodiste, Caritas Italiana, Fondazione Migrantes e Conferenza Episcopale Italiana) hanno firmato accordi con il governo italiano, aprendo\u00a0<strong>Corridoi Umanitari<\/strong>\u00a0dal Libano e dall\u2019Etiopia, interamente finanziati con fondi privati. In tal modo pi\u00f9 di 2 mila richiedenti asilo hanno potuto raggiungere in sicurezza l\u2019Italia, dove sono stati accolti e integrati all\u2019interno delle comunit\u00e0 sul territorio.<\/li>\n<\/ol>\n<p>Alla Commissione Europea si chiede di modificare il Regolamento UE 516\/2014 del Parlamento europeo e del Consiglio e attivare un nuovo programma di finanziamento nell\u2019ambito del Fondo Asilo, Migrazione e Integrazione (FAMI) per sostenere i programmi di sponsorship privata della societ\u00e0 civile affinch\u00e9 sempre pi\u00f9 cittadini e associazioni possano essere messi in grado di accogliere rifugiati.<\/p>\n<p><img loading=\"lazy\" decoding=\"async\" class=\"alignnone size-full wp-image-686915\" src=\"https:\/\/www.pressenza.com\/wp-content\/uploads\/2018\/08\/Migrant-Farm-Workers-Alabama-768x326.jpg\" alt=\"\" width=\"768\" height=\"326\" srcset=\"https:\/\/www.pressenza.com\/wp-content\/uploads\/2018\/08\/Migrant-Farm-Workers-Alabama-768x326.jpg 768w, https:\/\/www.pressenza.com\/wp-content\/uploads\/2018\/08\/Migrant-Farm-Workers-Alabama-768x326-300x127.jpg 300w, https:\/\/www.pressenza.com\/wp-content\/uploads\/2018\/08\/Migrant-Farm-Workers-Alabama-768x326-720x306.jpg 720w\" sizes=\"auto, (max-width: 768px) 100vw, 768px\" \/><\/p>\n<ol start=\"3\">\n<li><strong>Proteggere i diritti umani, in particolare da abusi lavorativi<\/strong>.\u00a0Come nel caso della Piana di Gioia Tauro, migliaia di migranti sono vittime di sfruttamento sul lavoro, abusi e violazioni dei diritti umani, prima alle frontiere, poi sui territori. Per i migranti che vivono all\u2019interno degli Stati europei, \u00e8 difficile difendere i propri diritti: in molti casi non denunciano perch\u00e9 corrono il rischio di essere arrestati, detenuti e rimpatriati a causa della condizione irregolare, non hanno accesso effettivo all\u2019assistenza legale. I magistrati non sempre indagano sulle violenze commesse da datori di lavoro su cittadini stranieri in condizione irregolare.<\/li>\n<\/ol>\n<p><strong>Perci\u00f2 si chiede di garantire l\u2019introduzione di canali di accesso per lavoro, e che in tutti gli Stati membri vengano introdotti meccanismi che permettano alle vittime di presentare ricorsi e sporgere denunce in modo sicuro,<\/strong>\u00a0dando piena attuazione a quanto previsto nella normativa UE (le direttive 2009\/52\/CE; 2012\/29\/UE; 2011\/36\/UE; 2004\/81\/CE del Consiglio\/CE); tutele nel caso di violazioni dei diritti fondamentali alle frontiere, da parte della Agenzia Europea della Guardia di Frontiera e Costiera, dei corpi militari impiegati nel controllo alle frontiere da parte dei singoli Stati e soprattutto delle forze dei paesi terzi sostenuti dall\u2019UE o dai singoli Stati. In mancanza di queste tutele, la Commissione Europea o il singolo Stato devono sospendere il supporto finanziario e tecnico fornito.<\/p>\n<p>Sono richieste ragionevoli e sostenibili, un passo verso una Europa pi\u00f9 aperta e pi\u00f9 giusta. Serve 1 milione di firme per farle arrivare alla Commissione Europea! Contribuisci anche tu firmando\u00a0<a href=\"https:\/\/welcomingeurope.it\/news\/firma\/\"><strong>qui.<\/strong><\/a><\/p>\n","protected":false},"excerpt":{"rendered":"<p>di Alessandra Mecozzi Il rapporto 2018 di Medici per i Diritti Umani, \u201cI dannati della terra\u201d,\u00a0racconta la condizione in cui vivono oltre 3000 migranti, nella Piana di Gioia Tauro.\u00a0\u00abAlmeno 3.500 persone, distribuite tra i vari insediamenti informali sparsi nella Piana,&hellip;<\/p>\n","protected":false},"author":1436,"featured_media":686886,"comment_status":"closed","ping_status":"closed","sticky":false,"template":"","format":"standard","meta":{"footnotes":""},"categories":[60,47],"tags":[48575,24485,48578,8154,48577,48576],"class_list":["post-686813","post","type-post","status-publish","format-standard","has-post-thumbnail","hentry","category-diritti-umani","category-europa","tag-abusi-lavorativi","tag-corridoi-umanitari","tag-diritto-dovere-della-solidarieta","tag-ice-it","tag-passaggi-sicuri","tag-reato-di-soccorso"],"yoast_head":"<!-- This site is optimized with the Yoast SEO plugin v27.1.1 - https:\/\/yoast.com\/product\/yoast-seo-wordpress\/ -->\n<title>Welcoming Europe, un cammino di giustizia<\/title>\n<meta name=\"description\" content=\"di Alessandra Mecozzi Il rapporto 2018 di Medici per i Diritti Umani, \u201cI dannati della terra\u201d,\u00a0racconta la condizione in cui vivono oltre 3000 migranti,\" \/>\n<meta name=\"robots\" content=\"index, follow, max-snippet:-1, max-image-preview:large, max-video-preview:-1\" \/>\n<link rel=\"canonical\" href=\"https:\/\/www.pressenza.com\/it\/2018\/08\/welcoming-europe-un-cammino-di-giustizia\/\" \/>\n<meta property=\"og:locale\" content=\"it_IT\" \/>\n<meta property=\"og:type\" content=\"article\" \/>\n<meta property=\"og:title\" content=\"Welcoming Europe, un cammino di giustizia\" \/>\n<meta property=\"og:description\" content=\"di Alessandra Mecozzi Il rapporto 2018 di Medici per i Diritti Umani, \u201cI dannati della terra\u201d,\u00a0racconta la condizione in cui vivono oltre 3000 migranti,\" \/>\n<meta property=\"og:url\" content=\"https:\/\/www.pressenza.com\/it\/2018\/08\/welcoming-europe-un-cammino-di-giustizia\/\" \/>\n<meta property=\"og:site_name\" content=\"Pressenza\" \/>\n<meta property=\"article:publisher\" content=\"https:\/\/www.facebook.com\/PressenzaItalia\" \/>\n<meta property=\"article:published_time\" content=\"2018-08-03T13:04:02+00:00\" \/>\n<meta property=\"article:modified_time\" content=\"2018-08-03T13:08:17+00:00\" \/>\n<meta property=\"og:image\" content=\"https:\/\/www.pressenza.com\/wp-content\/uploads\/2018\/08\/gioia-tauro-lager.jpg\" \/>\n\t<meta property=\"og:image:width\" content=\"612\" \/>\n\t<meta property=\"og:image:height\" content=\"360\" \/>\n\t<meta property=\"og:image:type\" content=\"image\/jpeg\" \/>\n<meta name=\"author\" content=\"Comune-info\" \/>\n<meta name=\"twitter:card\" content=\"summary_large_image\" \/>\n<meta name=\"twitter:creator\" content=\"@PressenzaIPA\" \/>\n<meta name=\"twitter:site\" content=\"@PressenzaIPA\" \/>\n<meta name=\"twitter:label1\" content=\"Scritto da\" \/>\n\t<meta name=\"twitter:data1\" content=\"Comune-info\" \/>\n\t<meta name=\"twitter:label2\" content=\"Tempo di lettura stimato\" \/>\n\t<meta name=\"twitter:data2\" content=\"5 minuti\" \/>\n<script type=\"application\/ld+json\" class=\"yoast-schema-graph\">{\"@context\":\"https:\/\/schema.org\",\"@graph\":[{\"@type\":\"Article\",\"@id\":\"https:\/\/www.pressenza.com\/it\/2018\/08\/welcoming-europe-un-cammino-di-giustizia\/#article\",\"isPartOf\":{\"@id\":\"https:\/\/www.pressenza.com\/it\/2018\/08\/welcoming-europe-un-cammino-di-giustizia\/\"},\"author\":{\"name\":\"Comune-info\",\"@id\":\"https:\/\/www.pressenza.com\/it\/#\/schema\/person\/1ee2824dbc73024ca26b2ff0897954a1\"},\"headline\":\"Welcoming Europe, un cammino di giustizia\",\"datePublished\":\"2018-08-03T13:04:02+00:00\",\"dateModified\":\"2018-08-03T13:08:17+00:00\",\"mainEntityOfPage\":{\"@id\":\"https:\/\/www.pressenza.com\/it\/2018\/08\/welcoming-europe-un-cammino-di-giustizia\/\"},\"wordCount\":1036,\"publisher\":{\"@id\":\"https:\/\/www.pressenza.com\/it\/#organization\"},\"image\":{\"@id\":\"https:\/\/www.pressenza.com\/it\/2018\/08\/welcoming-europe-un-cammino-di-giustizia\/#primaryimage\"},\"thumbnailUrl\":\"https:\/\/www.pressenza.com\/wp-content\/uploads\/2018\/08\/gioia-tauro-lager.jpg\",\"keywords\":[\"abusi lavorativi\",\"corridoi umanitari\",\"diritto\/dovere della solidariet\u00e0\",\"ICE\",\"Passaggi sicuri\",\"reato di soccorso\"],\"articleSection\":[\"Diritti Umani\",\"Europa\"],\"inLanguage\":\"it-IT\"},{\"@type\":\"WebPage\",\"@id\":\"https:\/\/www.pressenza.com\/it\/2018\/08\/welcoming-europe-un-cammino-di-giustizia\/\",\"url\":\"https:\/\/www.pressenza.com\/it\/2018\/08\/welcoming-europe-un-cammino-di-giustizia\/\",\"name\":\"Welcoming Europe, un cammino di giustizia\",\"isPartOf\":{\"@id\":\"https:\/\/www.pressenza.com\/it\/#website\"},\"primaryImageOfPage\":{\"@id\":\"https:\/\/www.pressenza.com\/it\/2018\/08\/welcoming-europe-un-cammino-di-giustizia\/#primaryimage\"},\"image\":{\"@id\":\"https:\/\/www.pressenza.com\/it\/2018\/08\/welcoming-europe-un-cammino-di-giustizia\/#primaryimage\"},\"thumbnailUrl\":\"https:\/\/www.pressenza.com\/wp-content\/uploads\/2018\/08\/gioia-tauro-lager.jpg\",\"datePublished\":\"2018-08-03T13:04:02+00:00\",\"dateModified\":\"2018-08-03T13:08:17+00:00\",\"description\":\"di Alessandra Mecozzi Il rapporto 2018 di Medici per i Diritti Umani, \u201cI dannati della terra\u201d,\u00a0racconta la condizione in cui vivono oltre 3000 migranti,\",\"breadcrumb\":{\"@id\":\"https:\/\/www.pressenza.com\/it\/2018\/08\/welcoming-europe-un-cammino-di-giustizia\/#breadcrumb\"},\"inLanguage\":\"it-IT\",\"potentialAction\":[{\"@type\":\"ReadAction\",\"target\":[\"https:\/\/www.pressenza.com\/it\/2018\/08\/welcoming-europe-un-cammino-di-giustizia\/\"]}]},{\"@type\":\"ImageObject\",\"inLanguage\":\"it-IT\",\"@id\":\"https:\/\/www.pressenza.com\/it\/2018\/08\/welcoming-europe-un-cammino-di-giustizia\/#primaryimage\",\"url\":\"https:\/\/www.pressenza.com\/wp-content\/uploads\/2018\/08\/gioia-tauro-lager.jpg\",\"contentUrl\":\"https:\/\/www.pressenza.com\/wp-content\/uploads\/2018\/08\/gioia-tauro-lager.jpg\",\"width\":612,\"height\":360},{\"@type\":\"BreadcrumbList\",\"@id\":\"https:\/\/www.pressenza.com\/it\/2018\/08\/welcoming-europe-un-cammino-di-giustizia\/#breadcrumb\",\"itemListElement\":[{\"@type\":\"ListItem\",\"position\":1,\"name\":\"Accueil\",\"item\":\"https:\/\/www.pressenza.com\/it\/\"},{\"@type\":\"ListItem\",\"position\":2,\"name\":\"Welcoming Europe, un cammino di giustizia\"}]},{\"@type\":\"WebSite\",\"@id\":\"https:\/\/www.pressenza.com\/it\/#website\",\"url\":\"https:\/\/www.pressenza.com\/it\/\",\"name\":\"Pressenza\",\"description\":\"Agenzia di Stampa Internazionale\",\"publisher\":{\"@id\":\"https:\/\/www.pressenza.com\/it\/#organization\"},\"potentialAction\":[{\"@type\":\"SearchAction\",\"target\":{\"@type\":\"EntryPoint\",\"urlTemplate\":\"https:\/\/www.pressenza.com\/it\/?s={search_term_string}\"},\"query-input\":{\"@type\":\"PropertyValueSpecification\",\"valueRequired\":true,\"valueName\":\"search_term_string\"}}],\"inLanguage\":\"it-IT\"},{\"@type\":\"Organization\",\"@id\":\"https:\/\/www.pressenza.com\/it\/#organization\",\"name\":\"Pressenza\",\"url\":\"https:\/\/www.pressenza.com\/it\/\",\"logo\":{\"@type\":\"ImageObject\",\"inLanguage\":\"it-IT\",\"@id\":\"https:\/\/www.pressenza.com\/it\/#\/schema\/logo\/image\/\",\"url\":\"https:\/\/www.pressenza.com\/wp-content\/uploads\/2022\/10\/pressenza_logo_200x200.jpg\",\"contentUrl\":\"https:\/\/www.pressenza.com\/wp-content\/uploads\/2022\/10\/pressenza_logo_200x200.jpg\",\"width\":200,\"height\":200,\"caption\":\"Pressenza\"},\"image\":{\"@id\":\"https:\/\/www.pressenza.com\/it\/#\/schema\/logo\/image\/\"},\"sameAs\":[\"https:\/\/www.facebook.com\/PressenzaItalia\",\"https:\/\/x.com\/PressenzaIPA\"]},{\"@type\":\"Person\",\"@id\":\"https:\/\/www.pressenza.com\/it\/#\/schema\/person\/1ee2824dbc73024ca26b2ff0897954a1\",\"name\":\"Comune-info\",\"description\":\"Informazione indipendente su beni comuni, decrescita, altra economia\",\"sameAs\":[\"http:\/\/comune-info.net\/\"],\"url\":\"https:\/\/www.pressenza.com\/it\/author\/comune-info\/\"}]}<\/script>\n<!-- \/ Yoast SEO plugin. -->","yoast_head_json":{"title":"Welcoming Europe, un cammino di giustizia","description":"di Alessandra Mecozzi Il rapporto 2018 di Medici per i Diritti Umani, \u201cI dannati della terra\u201d,\u00a0racconta la condizione in cui vivono oltre 3000 migranti,","robots":{"index":"index","follow":"follow","max-snippet":"max-snippet:-1","max-image-preview":"max-image-preview:large","max-video-preview":"max-video-preview:-1"},"canonical":"https:\/\/www.pressenza.com\/it\/2018\/08\/welcoming-europe-un-cammino-di-giustizia\/","og_locale":"it_IT","og_type":"article","og_title":"Welcoming Europe, un cammino di giustizia","og_description":"di Alessandra Mecozzi Il rapporto 2018 di Medici per i Diritti Umani, \u201cI dannati della terra\u201d,\u00a0racconta la condizione in cui vivono oltre 3000 migranti,","og_url":"https:\/\/www.pressenza.com\/it\/2018\/08\/welcoming-europe-un-cammino-di-giustizia\/","og_site_name":"Pressenza","article_publisher":"https:\/\/www.facebook.com\/PressenzaItalia","article_published_time":"2018-08-03T13:04:02+00:00","article_modified_time":"2018-08-03T13:08:17+00:00","og_image":[{"width":612,"height":360,"url":"https:\/\/www.pressenza.com\/wp-content\/uploads\/2018\/08\/gioia-tauro-lager.jpg","type":"image\/jpeg"}],"author":"Comune-info","twitter_card":"summary_large_image","twitter_creator":"@PressenzaIPA","twitter_site":"@PressenzaIPA","twitter_misc":{"Scritto da":"Comune-info","Tempo di lettura stimato":"5 minuti"},"schema":{"@context":"https:\/\/schema.org","@graph":[{"@type":"Article","@id":"https:\/\/www.pressenza.com\/it\/2018\/08\/welcoming-europe-un-cammino-di-giustizia\/#article","isPartOf":{"@id":"https:\/\/www.pressenza.com\/it\/2018\/08\/welcoming-europe-un-cammino-di-giustizia\/"},"author":{"name":"Comune-info","@id":"https:\/\/www.pressenza.com\/it\/#\/schema\/person\/1ee2824dbc73024ca26b2ff0897954a1"},"headline":"Welcoming Europe, un cammino di giustizia","datePublished":"2018-08-03T13:04:02+00:00","dateModified":"2018-08-03T13:08:17+00:00","mainEntityOfPage":{"@id":"https:\/\/www.pressenza.com\/it\/2018\/08\/welcoming-europe-un-cammino-di-giustizia\/"},"wordCount":1036,"publisher":{"@id":"https:\/\/www.pressenza.com\/it\/#organization"},"image":{"@id":"https:\/\/www.pressenza.com\/it\/2018\/08\/welcoming-europe-un-cammino-di-giustizia\/#primaryimage"},"thumbnailUrl":"https:\/\/www.pressenza.com\/wp-content\/uploads\/2018\/08\/gioia-tauro-lager.jpg","keywords":["abusi lavorativi","corridoi umanitari","diritto\/dovere della solidariet\u00e0","ICE","Passaggi sicuri","reato di soccorso"],"articleSection":["Diritti Umani","Europa"],"inLanguage":"it-IT"},{"@type":"WebPage","@id":"https:\/\/www.pressenza.com\/it\/2018\/08\/welcoming-europe-un-cammino-di-giustizia\/","url":"https:\/\/www.pressenza.com\/it\/2018\/08\/welcoming-europe-un-cammino-di-giustizia\/","name":"Welcoming Europe, un cammino di giustizia","isPartOf":{"@id":"https:\/\/www.pressenza.com\/it\/#website"},"primaryImageOfPage":{"@id":"https:\/\/www.pressenza.com\/it\/2018\/08\/welcoming-europe-un-cammino-di-giustizia\/#primaryimage"},"image":{"@id":"https:\/\/www.pressenza.com\/it\/2018\/08\/welcoming-europe-un-cammino-di-giustizia\/#primaryimage"},"thumbnailUrl":"https:\/\/www.pressenza.com\/wp-content\/uploads\/2018\/08\/gioia-tauro-lager.jpg","datePublished":"2018-08-03T13:04:02+00:00","dateModified":"2018-08-03T13:08:17+00:00","description":"di Alessandra Mecozzi Il rapporto 2018 di Medici per i Diritti Umani, \u201cI dannati della terra\u201d,\u00a0racconta la condizione in cui vivono oltre 3000 migranti,","breadcrumb":{"@id":"https:\/\/www.pressenza.com\/it\/2018\/08\/welcoming-europe-un-cammino-di-giustizia\/#breadcrumb"},"inLanguage":"it-IT","potentialAction":[{"@type":"ReadAction","target":["https:\/\/www.pressenza.com\/it\/2018\/08\/welcoming-europe-un-cammino-di-giustizia\/"]}]},{"@type":"ImageObject","inLanguage":"it-IT","@id":"https:\/\/www.pressenza.com\/it\/2018\/08\/welcoming-europe-un-cammino-di-giustizia\/#primaryimage","url":"https:\/\/www.pressenza.com\/wp-content\/uploads\/2018\/08\/gioia-tauro-lager.jpg","contentUrl":"https:\/\/www.pressenza.com\/wp-content\/uploads\/2018\/08\/gioia-tauro-lager.jpg","width":612,"height":360},{"@type":"BreadcrumbList","@id":"https:\/\/www.pressenza.com\/it\/2018\/08\/welcoming-europe-un-cammino-di-giustizia\/#breadcrumb","itemListElement":[{"@type":"ListItem","position":1,"name":"Accueil","item":"https:\/\/www.pressenza.com\/it\/"},{"@type":"ListItem","position":2,"name":"Welcoming Europe, un cammino di giustizia"}]},{"@type":"WebSite","@id":"https:\/\/www.pressenza.com\/it\/#website","url":"https:\/\/www.pressenza.com\/it\/","name":"Pressenza","description":"Agenzia di Stampa Internazionale","publisher":{"@id":"https:\/\/www.pressenza.com\/it\/#organization"},"potentialAction":[{"@type":"SearchAction","target":{"@type":"EntryPoint","urlTemplate":"https:\/\/www.pressenza.com\/it\/?s={search_term_string}"},"query-input":{"@type":"PropertyValueSpecification","valueRequired":true,"valueName":"search_term_string"}}],"inLanguage":"it-IT"},{"@type":"Organization","@id":"https:\/\/www.pressenza.com\/it\/#organization","name":"Pressenza","url":"https:\/\/www.pressenza.com\/it\/","logo":{"@type":"ImageObject","inLanguage":"it-IT","@id":"https:\/\/www.pressenza.com\/it\/#\/schema\/logo\/image\/","url":"https:\/\/www.pressenza.com\/wp-content\/uploads\/2022\/10\/pressenza_logo_200x200.jpg","contentUrl":"https:\/\/www.pressenza.com\/wp-content\/uploads\/2022\/10\/pressenza_logo_200x200.jpg","width":200,"height":200,"caption":"Pressenza"},"image":{"@id":"https:\/\/www.pressenza.com\/it\/#\/schema\/logo\/image\/"},"sameAs":["https:\/\/www.facebook.com\/PressenzaItalia","https:\/\/x.com\/PressenzaIPA"]},{"@type":"Person","@id":"https:\/\/www.pressenza.com\/it\/#\/schema\/person\/1ee2824dbc73024ca26b2ff0897954a1","name":"Comune-info","description":"Informazione indipendente su beni comuni, decrescita, altra economia","sameAs":["http:\/\/comune-info.net\/"],"url":"https:\/\/www.pressenza.com\/it\/author\/comune-info\/"}]}},"place":"","original_article_url":"https:\/\/comune-info.net\/2018\/07\/un-cammino-di-legalita-e-giustizia\/","_links":{"self":[{"href":"https:\/\/www.pressenza.com\/it\/wp-json\/wp\/v2\/posts\/686813","targetHints":{"allow":["GET"]}}],"collection":[{"href":"https:\/\/www.pressenza.com\/it\/wp-json\/wp\/v2\/posts"}],"about":[{"href":"https:\/\/www.pressenza.com\/it\/wp-json\/wp\/v2\/types\/post"}],"author":[{"embeddable":true,"href":"https:\/\/www.pressenza.com\/it\/wp-json\/wp\/v2\/users\/1436"}],"replies":[{"embeddable":true,"href":"https:\/\/www.pressenza.com\/it\/wp-json\/wp\/v2\/comments?post=686813"}],"version-history":[{"count":0,"href":"https:\/\/www.pressenza.com\/it\/wp-json\/wp\/v2\/posts\/686813\/revisions"}],"wp:featuredmedia":[{"embeddable":true,"href":"https:\/\/www.pressenza.com\/it\/wp-json\/wp\/v2\/media\/686886"}],"wp:attachment":[{"href":"https:\/\/www.pressenza.com\/it\/wp-json\/wp\/v2\/media?parent=686813"}],"wp:term":[{"taxonomy":"category","embeddable":true,"href":"https:\/\/www.pressenza.com\/it\/wp-json\/wp\/v2\/categories?post=686813"},{"taxonomy":"post_tag","embeddable":true,"href":"https:\/\/www.pressenza.com\/it\/wp-json\/wp\/v2\/tags?post=686813"}],"curies":[{"name":"wp","href":"https:\/\/api.w.org\/{rel}","templated":true}]}}